{"id":7066,"date":"2024-12-09T14:16:22","date_gmt":"2024-12-09T13:16:22","guid":{"rendered":"https:\/\/velomobileworld.convident.dev\/auf-zur-mitternachtssonne-53-teil-1\/"},"modified":"2025-07-25T12:11:21","modified_gmt":"2025-07-25T10:11:21","slug":"auf-zur-mitternachtssonne-53-teil-1","status":"publish","type":"post","link":"https:\/\/www.velomobileworld.com\/de\/auf-zur-mitternachtssonne-53-teil-1\/","title":{"rendered":"Auf zur Mitternachtssonne (53 | Teil 1)"},"content":{"rendered":"<p style=\"text-align: left;\"><span style=\"color: #ff0000;\"><strong>Auf zur Mitternachtssonne. Eine Velomobil Reise mit Brigitte und Fritz.<\/strong><\/span><\/p>\n<p style=\"text-align: left;\"><strong>Deutschland &gt; D\u00e4nemark &gt; Norwegen &gt; Nordkap &gt; Finnland &gt; Deutschland<\/strong><\/p>\n<p style=\"text-align: left;\"><strong>&#8212;&#8212;&#8212;&#8212;&#8212;&#8212;&#8212;&#8212;&#8212;&#8212;&#8211;<\/strong><\/p>\n<p style=\"text-align: left;\">Entdecken Sie\u00a0<a href=\"https:\/\/www.velomobileworld.com\/de\/eine-velomobil-reise-auf-zur-mitternachtssonne-alle-tage\/\" target=\"_blank\" rel=\"noopener\">HIER<\/a>\u00a0alle Tage der Reise &#8222;Auf zur Mitternachtssonne&#8220;<\/p>\n<p style=\"text-align: left;\"><strong>&#8212;&#8212;&#8212;&#8212;&#8212;&#8212;&#8212;&#8212;&#8212;&#8212;&#8211;<\/strong><\/p>\n<p>&nbsp;<\/p>\n<p style=\"text-align: left;\"><strong>53. Teil 1 | Besuch in Helsinki (1.Tag im Helsinki)<\/strong><\/p>\n<p>&nbsp;<\/p>\n<p style=\"text-align: left;\">Eine paar Impressionen aus Helsinki. Nach der langen Anfahrt war ich neugierig auf die Stadt. Gelesen hatte ich vorher nichts. Dann aber hinterher, weil ich die Architektur sehr faszinierend fand.<\/p>\n<p style=\"text-align: left;\"><span style=\"color: #ffffff;\">&#8230;&#8230;&#8230;&#8230;&#8230;&#8230;&#8230;&#8230;&#8230;<\/span><\/p>\n<p style=\"text-align: left;\"><a href=\"https:\/\/www.velomobileworld.com\/wp-content\/uploads\/2024\/08\/IMG_4874-1024x768.jpg\"><img loading=\"lazy\" decoding=\"async\" class=\"alignnone wp-image-54521\" src=\"https:\/\/www.velomobileworld.com\/wp-content\/uploads\/2024\/08\/IMG_4874-1024x768.jpg\" alt=\"\" width=\"450\" height=\"338\" \/><\/a><a href=\"https:\/\/www.velomobileworld.com\/wp-content\/uploads\/2024\/08\/IMG_4877-1024x768.jpg\"><img loading=\"lazy\" decoding=\"async\" class=\"alignnone wp-image-54526\" src=\"https:\/\/www.velomobileworld.com\/wp-content\/uploads\/2024\/08\/IMG_4877-1024x768.jpg\" alt=\"\" width=\"450\" height=\"338\" \/><\/a><a href=\"https:\/\/www.velomobileworld.com\/wp-content\/uploads\/2024\/08\/IMG_4879-1024x768.jpg\"><img loading=\"lazy\" decoding=\"async\" class=\"alignnone wp-image-54531\" src=\"https:\/\/www.velomobileworld.com\/wp-content\/uploads\/2024\/08\/IMG_4879-1024x768.jpg\" alt=\"\" width=\"450\" height=\"338\" \/><\/a><\/p>\n<p style=\"text-align: left;\"><strong>&#8230;&#8230;&#8230;&#8230;&#8230;&#8230;&#8230;&#8230;&#8230;&#8230;&#8230;&#8230;&#8230;&#8230;&#8230;&#8230;&#8230;..<\/strong><\/p>\n<p style=\"text-align: left;\"><a href=\"https:\/\/www.velomobileworld.com\/de\/52-2-height-limit-for-trucks-2-2\/?utm_source=Article_Banner&#038;utm_medium=Article&#038;utm_campaign=Blog\"><img loading=\"lazy\" decoding=\"async\" class=\"ls-is-cached lazyloaded alignnone wp-image-51363\" src=\"https:\/\/www.velomobileworld.com\/wp-content\/uploads\/2024\/08\/1-discover-velomobiles.png\" alt=\"Discover the velomobiles\" width=\"450\" height=\"74\" data-src=\"https:\/\/www.velomobileworld.com\/wp-content\/uploads\/2024\/07\/1-configure-july2024.jpg\" \/><\/a><\/p>\n<p style=\"text-align: left;\"><strong>&#8230;&#8230;&#8230;&#8230;&#8230;&#8230;&#8230;&#8230;&#8230;&#8230;&#8230;&#8230;&#8230;&#8230;&#8230;&#8230;&#8230;..<\/strong><\/p>\n<p style=\"text-align: left;\">Helsinki hat hat die gr\u00f6sste Ansammlung klassizistischer und neoklassizistischer Geb\u00e4ude Nordeuropas. Und vor allem oft zusammenh\u00e4ngende Stra\u00dfenz\u00fcge und Pl\u00e4tze wie am Dom. Und gleichzeitig sehr moderne Bauten.<br \/>\nGleich der Bahnhof von Eliel Saarinens von 1914 im sp\u00e4ten Jugendstil.<\/p>\n<p style=\"text-align: left;\"><span style=\"color: #ffffff;\">&#8230;&#8230;&#8230;&#8230;&#8230;&#8230;&#8230;&#8230;&#8230;<\/span><\/p>\n<p style=\"text-align: left;\"><a href=\"https:\/\/www.velomobileworld.com\/wp-content\/uploads\/2024\/08\/IMG_5005-1024x768.jpg\"><img loading=\"lazy\" decoding=\"async\" class=\"alignnone wp-image-54536\" src=\"https:\/\/www.velomobileworld.com\/wp-content\/uploads\/2024\/08\/IMG_5005-1024x768.jpg\" alt=\"\" width=\"450\" height=\"338\" \/><\/a><a href=\"https:\/\/www.velomobileworld.com\/wp-content\/uploads\/2024\/08\/IMG_5007-1024x768.jpg\"><img loading=\"lazy\" decoding=\"async\" class=\"alignnone wp-image-54541\" src=\"https:\/\/www.velomobileworld.com\/wp-content\/uploads\/2024\/08\/IMG_5007-1024x768.jpg\" alt=\"\" width=\"450\" height=\"338\" \/><\/a><a href=\"https:\/\/www.velomobileworld.com\/wp-content\/uploads\/2024\/08\/IMG_5009-1024x768.jpg\"><img loading=\"lazy\" decoding=\"async\" class=\"alignnone wp-image-54546\" src=\"https:\/\/www.velomobileworld.com\/wp-content\/uploads\/2024\/08\/IMG_5009-1024x768.jpg\" alt=\"\" width=\"450\" height=\"338\" \/><\/a><a href=\"https:\/\/www.velomobileworld.com\/wp-content\/uploads\/2024\/08\/IMG_5010-1024x768.jpg\"><img loading=\"lazy\" decoding=\"async\" class=\"alignnone wp-image-54551\" src=\"https:\/\/www.velomobileworld.com\/wp-content\/uploads\/2024\/08\/IMG_5010-1024x768.jpg\" alt=\"\" width=\"450\" height=\"338\" \/><\/a><\/p>\n<p style=\"text-align: left;\">\u2b07\ufe0f Was f\u00fcr ein Bahnhofsrestaurant.<\/p>\n<p style=\"text-align: left;\"><a href=\"https:\/\/www.velomobileworld.com\/wp-content\/uploads\/2024\/08\/IMG_5013-1024x768.jpg\"><img loading=\"lazy\" decoding=\"async\" class=\"alignnone wp-image-54556\" src=\"https:\/\/www.velomobileworld.com\/wp-content\/uploads\/2024\/08\/IMG_5013-1024x768.jpg\" alt=\"\" width=\"450\" height=\"338\" \/><\/a><\/p>\n<p style=\"text-align: left;\"><span style=\"color: #ffffff;\">&#8230;&#8230;&#8230;&#8230;&#8230;&#8230;&#8230;&#8230;&#8230;<\/span><\/p>\n<p style=\"text-align: left;\">\u00dcbrigens Finnland ist erst seit 1917 unabh\u00e4ngig von Russland. 1906 das erste europ\u00e4ische Land mit Wahlrecht f\u00fcr Frauen. Ebenso als erstes Land mit passivem Wahlrecht f\u00fcr Frauen. Saana Marin war die j\u00fcngste Frau als Regierungschefin der Welt. Jetzt abgew\u00e4hlt.<\/p>\n<p>&nbsp;<\/p>\n<p style=\"text-align: left;\">Dann wollten wir die ber\u00fchmte Graffitiwall sehen. Fu\u00dfmarsch ans Meer.<\/p>\n<p style=\"text-align: left;\"><span style=\"color: #ffffff;\">&#8230;&#8230;&#8230;&#8230;&#8230;&#8230;&#8230;&#8230;&#8230;<\/span><\/p>\n<p style=\"text-align: left;\"><a href=\"https:\/\/www.velomobileworld.com\/wp-content\/uploads\/2024\/08\/IMG_4883-1024x768.jpg\"><img loading=\"lazy\" decoding=\"async\" class=\"alignnone wp-image-54562\" src=\"https:\/\/www.velomobileworld.com\/wp-content\/uploads\/2024\/08\/IMG_4883-1024x768.jpg\" alt=\"\" width=\"450\" height=\"338\" \/><\/a><\/p>\n<p style=\"text-align: left;\"><img decoding=\"async\" class=\"emoji ls-is-cached lazyloaded\" role=\"img\" draggable=\"false\" src=\"https:\/\/s.w.org\/images\/core\/emoji\/13.1.0\/svg\/2b06.svg\" alt=\"\u2b06\ufe0f\" data-src=\"https:\/\/s.w.org\/images\/core\/emoji\/13.1.0\/svg\/2b06.svg\" \/> Vorbei am World Trade Center (Helsinki)<\/p>\n<p style=\"text-align: left;\"><a href=\"https:\/\/www.velomobileworld.com\/wp-content\/uploads\/2024\/08\/IMG_4885-1024x768.jpg\"><img loading=\"lazy\" decoding=\"async\" class=\"alignnone wp-image-54568\" src=\"https:\/\/www.velomobileworld.com\/wp-content\/uploads\/2024\/08\/IMG_4885-1024x768.jpg\" alt=\"\" width=\"450\" height=\"338\" \/><\/a><\/p>\n<p style=\"text-align: left;\"><a href=\"https:\/\/www.velomobileworld.com\/wp-content\/uploads\/2024\/08\/IMG_4889-1024x768.jpg\"><img loading=\"lazy\" decoding=\"async\" class=\"alignnone wp-image-54573\" src=\"https:\/\/www.velomobileworld.com\/wp-content\/uploads\/2024\/08\/IMG_4889-1024x768.jpg\" alt=\"\" width=\"450\" height=\"338\" \/><\/a><\/p>\n<p style=\"text-align: left;\"><img decoding=\"async\" class=\"emoji ls-is-cached lazyloaded\" role=\"img\" draggable=\"false\" src=\"https:\/\/s.w.org\/images\/core\/emoji\/13.1.0\/svg\/2b06.svg\" alt=\"\u2b06\ufe0f\" data-src=\"https:\/\/s.w.org\/images\/core\/emoji\/13.1.0\/svg\/2b06.svg\" \/>\u00a0Kioski<\/p>\n<p style=\"text-align: left;\"><a href=\"https:\/\/www.velomobileworld.com\/wp-content\/uploads\/2024\/08\/IMG_4891-1024x768.jpg\"><img loading=\"lazy\" decoding=\"async\" class=\"alignnone wp-image-54578\" src=\"https:\/\/www.velomobileworld.com\/wp-content\/uploads\/2024\/08\/IMG_4891-1024x768.jpg\" alt=\"\" width=\"450\" height=\"338\" \/><\/a><br \/>\n<a href=\"https:\/\/www.velomobileworld.com\/wp-content\/uploads\/2024\/08\/IMG_4892-1024x768.jpg\"><img loading=\"lazy\" decoding=\"async\" class=\"alignnone wp-image-54583\" src=\"https:\/\/www.velomobileworld.com\/wp-content\/uploads\/2024\/08\/IMG_4892-1024x768.jpg\" alt=\"\" width=\"450\" height=\"338\" \/><\/a><\/p>\n<p style=\"text-align: left;\"><img decoding=\"async\" class=\"emoji ls-is-cached lazyloaded\" role=\"img\" draggable=\"false\" src=\"https:\/\/s.w.org\/images\/core\/emoji\/13.1.0\/svg\/2b06.svg\" alt=\"\u2b06\ufe0f\" data-src=\"https:\/\/s.w.org\/images\/core\/emoji\/13.1.0\/svg\/2b06.svg\" \/> Feuerwehr<\/p>\n<p style=\"text-align: left;\"><a href=\"https:\/\/www.velomobileworld.com\/wp-content\/uploads\/2024\/08\/IMG_4893-1024x768.jpg\"><img loading=\"lazy\" decoding=\"async\" class=\"alignnone wp-image-54588\" src=\"https:\/\/www.velomobileworld.com\/wp-content\/uploads\/2024\/08\/IMG_4893-1024x768.jpg\" alt=\"\" width=\"450\" height=\"338\" \/><\/a><\/p>\n<p style=\"text-align: left;\"><img decoding=\"async\" class=\"emoji ls-is-cached lazyloaded\" role=\"img\" draggable=\"false\" src=\"https:\/\/s.w.org\/images\/core\/emoji\/13.1.0\/svg\/2b06.svg\" alt=\"\u2b06\ufe0f\" data-src=\"https:\/\/s.w.org\/images\/core\/emoji\/13.1.0\/svg\/2b06.svg\" \/> Das w\u00e4re etwas f\u00fcr den Garten<\/p>\n<p style=\"text-align: left;\"><a href=\"https:\/\/www.velomobileworld.com\/wp-content\/uploads\/2024\/08\/IMG_4894-1024x768.jpg\"><img loading=\"lazy\" decoding=\"async\" class=\"alignnone wp-image-54593\" src=\"https:\/\/www.velomobileworld.com\/wp-content\/uploads\/2024\/08\/IMG_4894-1024x768.jpg\" alt=\"\" width=\"450\" height=\"338\" \/><\/a><\/p>\n<p style=\"text-align: left;\"><img decoding=\"async\" class=\"emoji ls-is-cached lazyloaded\" role=\"img\" draggable=\"false\" src=\"https:\/\/s.w.org\/images\/core\/emoji\/13.1.0\/svg\/2b06.svg\" alt=\"\u2b06\ufe0f\" data-src=\"https:\/\/s.w.org\/images\/core\/emoji\/13.1.0\/svg\/2b06.svg\" \/> Interessante \u00f6ffentliche WCs. Klobrille wird bei Anforderung abgesenkt und gereinigt. Foto spare ich mir. Aber hiervon zur Entsorgung der Drogenspritze.<\/p>\n<p style=\"text-align: left;\"><span style=\"color: #ffffff;\">&#8230;&#8230;&#8230;&#8230;&#8230;&#8230;&#8230;&#8230;&#8230;<\/span><\/p>\n<p><a href=\"https:\/\/www.velomobileworld.com\/wp-content\/uploads\/2024\/08\/IMG_4896-1024x768.jpg\"><img loading=\"lazy\" decoding=\"async\" class=\"alignnone wp-image-54598\" src=\"https:\/\/www.velomobileworld.com\/wp-content\/uploads\/2024\/08\/IMG_4896-1024x768.jpg\" alt=\"\" width=\"450\" height=\"338\" \/><\/a><\/p>\n<p style=\"text-align: left;\"><a href=\"https:\/\/www.velomobileworld.com\/wp-content\/uploads\/2024\/08\/IMG_4897-1024x768.jpg\"><img loading=\"lazy\" decoding=\"async\" class=\"alignnone wp-image-54603\" src=\"https:\/\/www.velomobileworld.com\/wp-content\/uploads\/2024\/08\/IMG_4897-1024x768.jpg\" alt=\"\" width=\"450\" height=\"338\" \/><\/a><\/p>\n<p style=\"text-align: left;\"><img decoding=\"async\" class=\"emoji ls-is-cached lazyloaded\" role=\"img\" draggable=\"false\" src=\"https:\/\/s.w.org\/images\/core\/emoji\/13.1.0\/svg\/2b06.svg\" alt=\"\u2b06\ufe0f\" data-src=\"https:\/\/s.w.org\/images\/core\/emoji\/13.1.0\/svg\/2b06.svg\" \/> Im Botschaftsviertel<\/p>\n<p><a href=\"https:\/\/www.velomobileworld.com\/wp-content\/uploads\/2024\/08\/IMG_4898-1024x768.jpg\"><img loading=\"lazy\" decoding=\"async\" class=\"alignnone wp-image-54608\" src=\"https:\/\/www.velomobileworld.com\/wp-content\/uploads\/2024\/08\/IMG_4898-1024x768.jpg\" alt=\"\" width=\"450\" height=\"338\" \/><\/a><a href=\"https:\/\/www.velomobileworld.com\/wp-content\/uploads\/2024\/08\/IMG_4900-1024x768.jpg\"><img loading=\"lazy\" decoding=\"async\" class=\"alignnone wp-image-54613\" src=\"https:\/\/www.velomobileworld.com\/wp-content\/uploads\/2024\/08\/IMG_4900-1024x768.jpg\" alt=\"\" width=\"450\" height=\"338\" \/><\/a><a href=\"https:\/\/www.velomobileworld.com\/wp-content\/uploads\/2024\/08\/IMG_4902-1024x768.jpg\"><img loading=\"lazy\" decoding=\"async\" class=\"alignnone wp-image-54618\" src=\"https:\/\/www.velomobileworld.com\/wp-content\/uploads\/2024\/08\/IMG_4902-1024x768.jpg\" alt=\"\" width=\"450\" height=\"338\" \/><\/a><\/p>\n<p style=\"text-align: left;\"><a href=\"https:\/\/www.velomobileworld.com\/wp-content\/uploads\/2024\/08\/IMG_4903-1024x768.jpg\"><img loading=\"lazy\" decoding=\"async\" class=\"alignnone wp-image-54623\" src=\"https:\/\/www.velomobileworld.com\/wp-content\/uploads\/2024\/08\/IMG_4903-1024x768.jpg\" alt=\"\" width=\"450\" height=\"338\" \/><\/a><\/p>\n<p style=\"text-align: left;\"><img decoding=\"async\" class=\"emoji ls-is-cached lazyloaded\" role=\"img\" draggable=\"false\" src=\"https:\/\/s.w.org\/images\/core\/emoji\/13.1.0\/svg\/2b06.svg\" alt=\"\u2b06\ufe0f\" data-src=\"https:\/\/s.w.org\/images\/core\/emoji\/13.1.0\/svg\/2b06.svg\" \/> Am Meer bzw. Strand.<\/p>\n<p style=\"text-align: left;\"><a href=\"https:\/\/www.velomobileworld.com\/wp-content\/uploads\/2024\/08\/IMG_4907-1024x768.jpg\"><img loading=\"lazy\" decoding=\"async\" class=\"alignnone wp-image-54628\" src=\"https:\/\/www.velomobileworld.com\/wp-content\/uploads\/2024\/08\/IMG_4907-1024x768.jpg\" alt=\"\" width=\"450\" height=\"338\" \/><\/a><\/p>\n<p style=\"text-align: left;\"><img decoding=\"async\" class=\"emoji ls-is-cached lazyloaded\" role=\"img\" draggable=\"false\" src=\"https:\/\/s.w.org\/images\/core\/emoji\/13.1.0\/svg\/2b06.svg\" alt=\"\u2b06\ufe0f\" data-src=\"https:\/\/s.w.org\/images\/core\/emoji\/13.1.0\/svg\/2b06.svg\" \/> Hei\u00dfe Schuhe<\/p>\n<p style=\"text-align: left;\"><a href=\"https:\/\/www.velomobileworld.com\/wp-content\/uploads\/2024\/08\/IMG_4910-1024x768.jpg\"><img loading=\"lazy\" decoding=\"async\" class=\"alignnone wp-image-54633\" src=\"https:\/\/www.velomobileworld.com\/wp-content\/uploads\/2024\/08\/IMG_4910-1024x768.jpg\" alt=\"\" width=\"450\" height=\"338\" \/><\/a><\/p>\n<p style=\"text-align: left;\"><img decoding=\"async\" class=\"emoji ls-is-cached lazyloaded\" role=\"img\" draggable=\"false\" src=\"https:\/\/s.w.org\/images\/core\/emoji\/13.1.0\/svg\/2b06.svg\" alt=\"\u2b06\ufe0f\" data-src=\"https:\/\/s.w.org\/images\/core\/emoji\/13.1.0\/svg\/2b06.svg\" \/> Gehobene Wohnlage<\/p>\n<p style=\"text-align: left;\"><a href=\"https:\/\/www.velomobileworld.com\/wp-content\/uploads\/2024\/08\/IMG_4913-1024x768.jpg\"><img loading=\"lazy\" decoding=\"async\" class=\"alignnone wp-image-54639\" src=\"https:\/\/www.velomobileworld.com\/wp-content\/uploads\/2024\/08\/IMG_4913-1024x768.jpg\" alt=\"\" width=\"450\" height=\"338\" \/><\/a><\/p>\n<p style=\"text-align: left;\"><img decoding=\"async\" class=\"emoji ls-is-cached lazyloaded\" role=\"img\" draggable=\"false\" src=\"https:\/\/s.w.org\/images\/core\/emoji\/13.1.0\/svg\/2b06.svg\" alt=\"\u2b06\ufe0f\" data-src=\"https:\/\/s.w.org\/images\/core\/emoji\/13.1.0\/svg\/2b06.svg\" \/> Graffiti Wall lohnt nicht.<\/p>\n<p style=\"text-align: left;\"><a href=\"https:\/\/www.velomobileworld.com\/wp-content\/uploads\/2024\/08\/IMG_4918-768x1024.jpg\"><img loading=\"lazy\" decoding=\"async\" class=\"alignnone wp-image-54644\" src=\"https:\/\/www.velomobileworld.com\/wp-content\/uploads\/2024\/08\/IMG_4918-768x1024.jpg\" alt=\"\" width=\"450\" height=\"600\" \/><\/a><\/p>\n<p style=\"text-align: left;\"><img decoding=\"async\" class=\"emoji ls-is-cached lazyloaded\" role=\"img\" draggable=\"false\" src=\"https:\/\/s.w.org\/images\/core\/emoji\/13.1.0\/svg\/2b06.svg\" alt=\"\u2b06\ufe0f\" data-src=\"https:\/\/s.w.org\/images\/core\/emoji\/13.1.0\/svg\/2b06.svg\" \/> Die Kirche von Mikael Agricola<\/p>\n<p style=\"text-align: left;\"><a href=\"https:\/\/www.velomobileworld.com\/wp-content\/uploads\/2024\/08\/IMG_4920-1024x768.jpg\"><img loading=\"lazy\" decoding=\"async\" class=\"alignnone wp-image-54649\" src=\"https:\/\/www.velomobileworld.com\/wp-content\/uploads\/2024\/08\/IMG_4920-1024x768.jpg\" alt=\"\" width=\"450\" height=\"338\" \/><\/a><\/p>\n<p style=\"text-align: left;\"><img decoding=\"async\" class=\"emoji ls-is-cached lazyloaded\" role=\"img\" draggable=\"false\" src=\"https:\/\/s.w.org\/images\/core\/emoji\/13.1.0\/svg\/2b06.svg\" alt=\"\u2b06\ufe0f\" data-src=\"https:\/\/s.w.org\/images\/core\/emoji\/13.1.0\/svg\/2b06.svg\" \/> Als Beitrag mal zu der Helmdiskussion. Vielleicht die Definition von Helm erweitern.<\/p>\n<p style=\"text-align: left;\"><a href=\"https:\/\/www.velomobileworld.com\/wp-content\/uploads\/2024\/08\/IMG_4922-1024x768.jpg\"><img loading=\"lazy\" decoding=\"async\" class=\"alignnone wp-image-54654\" src=\"https:\/\/www.velomobileworld.com\/wp-content\/uploads\/2024\/08\/IMG_4922-1024x768.jpg\" alt=\"\" width=\"450\" height=\"338\" \/><\/a><a href=\"https:\/\/www.velomobileworld.com\/wp-content\/uploads\/2024\/08\/IMG_4923-1024x768.jpg\"><img loading=\"lazy\" decoding=\"async\" class=\"alignnone wp-image-54659\" src=\"https:\/\/www.velomobileworld.com\/wp-content\/uploads\/2024\/08\/IMG_4923-1024x768.jpg\" alt=\"\" width=\"450\" height=\"338\" \/><\/a><\/p>\n<p style=\"text-align: left;\"><a href=\"https:\/\/www.velomobileworld.com\/wp-content\/uploads\/2024\/08\/IMG_4924-1024x768.jpg\"><img loading=\"lazy\" decoding=\"async\" class=\"alignnone wp-image-54664\" src=\"https:\/\/www.velomobileworld.com\/wp-content\/uploads\/2024\/08\/IMG_4924-1024x768.jpg\" alt=\"\" width=\"450\" height=\"338\" \/><\/a><\/p>\n<p style=\"text-align: left;\"><img decoding=\"async\" class=\"emoji ls-is-cached lazyloaded\" role=\"img\" draggable=\"false\" src=\"https:\/\/s.w.org\/images\/core\/emoji\/13.1.0\/svg\/2b06.svg\" alt=\"\u2b06\ufe0f\" data-src=\"https:\/\/s.w.org\/images\/core\/emoji\/13.1.0\/svg\/2b06.svg\" \/> Ist die Aussenhaut aus Stahlplatten wohl geschwei\u00dft?<\/p>\n<p style=\"text-align: left;\"><a href=\"https:\/\/www.velomobileworld.com\/wp-content\/uploads\/2024\/08\/IMG_4928-1024x768.jpg\"><img loading=\"lazy\" decoding=\"async\" class=\"alignnone wp-image-54669\" src=\"https:\/\/www.velomobileworld.com\/wp-content\/uploads\/2024\/08\/IMG_4928-1024x768.jpg\" alt=\"\" width=\"450\" height=\"338\" \/><\/a><\/p>\n<p style=\"text-align: left;\"><a href=\"https:\/\/www.velomobileworld.com\/wp-content\/uploads\/2024\/08\/IMG_4929-1024x768.jpg\"><img loading=\"lazy\" decoding=\"async\" class=\"alignnone wp-image-54674\" src=\"https:\/\/www.velomobileworld.com\/wp-content\/uploads\/2024\/08\/IMG_4929-1024x768.jpg\" alt=\"\" width=\"450\" height=\"338\" \/><\/a><\/p>\n<p style=\"text-align: left;\"><a href=\"https:\/\/www.velomobileworld.com\/wp-content\/uploads\/2024\/08\/IMG_4933-1024x768.jpg\"><img loading=\"lazy\" decoding=\"async\" class=\"alignnone wp-image-54679\" src=\"https:\/\/www.velomobileworld.com\/wp-content\/uploads\/2024\/08\/IMG_4933-1024x768.jpg\" alt=\"\" width=\"450\" height=\"338\" \/><\/a><\/p>\n<p style=\"text-align: left;\"><img decoding=\"async\" class=\"emoji ls-is-cached lazyloaded\" role=\"img\" draggable=\"false\" src=\"https:\/\/s.w.org\/images\/core\/emoji\/13.1.0\/svg\/2b06.svg\" alt=\"\u2b06\ufe0f\" data-src=\"https:\/\/s.w.org\/images\/core\/emoji\/13.1.0\/svg\/2b06.svg\" \/> Der Verklinkerer hat erst einmal noch zu tun.<\/p>\n<p style=\"text-align: left;\"><a href=\"https:\/\/www.velomobileworld.com\/wp-content\/uploads\/2024\/08\/IMG_4938-1024x768.jpg\"><img loading=\"lazy\" decoding=\"async\" class=\"alignnone wp-image-54684\" src=\"https:\/\/www.velomobileworld.com\/wp-content\/uploads\/2024\/08\/IMG_4938-1024x768.jpg\" alt=\"\" width=\"450\" height=\"338\" \/><\/a><\/p>\n<p style=\"text-align: left;\"><a href=\"https:\/\/www.velomobileworld.com\/wp-content\/uploads\/2024\/08\/IMG_4940-1024x768.jpg\"><img loading=\"lazy\" decoding=\"async\" class=\"alignnone wp-image-54689\" src=\"https:\/\/www.velomobileworld.com\/wp-content\/uploads\/2024\/08\/IMG_4940-1024x768.jpg\" alt=\"\" width=\"450\" height=\"338\" \/><\/a><\/p>\n<p style=\"text-align: left;\"><a href=\"https:\/\/www.velomobileworld.com\/wp-content\/uploads\/2024\/08\/IMG_4941-1024x768.jpg\"><img loading=\"lazy\" decoding=\"async\" class=\"alignnone wp-image-54694\" src=\"https:\/\/www.velomobileworld.com\/wp-content\/uploads\/2024\/08\/IMG_4941-1024x768.jpg\" alt=\"\" width=\"450\" height=\"338\" \/><\/a><\/p>\n<p style=\"text-align: left;\"><a href=\"https:\/\/www.velomobileworld.com\/wp-content\/uploads\/2024\/08\/IMG_4942-1024x768.jpg\"><img loading=\"lazy\" decoding=\"async\" class=\"alignnone wp-image-54699\" src=\"https:\/\/www.velomobileworld.com\/wp-content\/uploads\/2024\/08\/IMG_4942-1024x768.jpg\" alt=\"\" width=\"450\" height=\"338\" \/><\/a><\/p>\n<p style=\"text-align: left;\"><img decoding=\"async\" class=\"emoji ls-is-cached lazyloaded\" role=\"img\" draggable=\"false\" src=\"https:\/\/s.w.org\/images\/core\/emoji\/13.1.0\/svg\/2b06.svg\" alt=\"\u2b06\ufe0f\" data-src=\"https:\/\/s.w.org\/images\/core\/emoji\/13.1.0\/svg\/2b06.svg\" \/> Sehr cool der Radhighway besser Radlowway durch die Stadt<\/p>\n<p>&nbsp;<\/p>\n<p style=\"text-align: left;\">Von aussen unscheinbar, weil es in die Tiefe gebaut wurde, die Felsenkirche (Tempeliaukio) von Timo und Tuomo Suomalainen geplant und 1969 fertiggestellt (Expressionismus). Innen sehr wirkungsvoll. Mir fehlte das Weitwinkel.<\/p>\n<p style=\"text-align: left;\"><span style=\"color: #ffffff;\">&#8230;&#8230;&#8230;&#8230;&#8230;&#8230;&#8230;&#8230;&#8230;<\/span><\/p>\n<p style=\"text-align: left;\"><a href=\"https:\/\/www.velomobileworld.com\/wp-content\/uploads\/2024\/08\/IMG_4943-1024x768.jpg\"><img loading=\"lazy\" decoding=\"async\" class=\"alignnone wp-image-54705\" src=\"https:\/\/www.velomobileworld.com\/wp-content\/uploads\/2024\/08\/IMG_4943-1024x768.jpg\" alt=\"\" width=\"450\" height=\"338\" \/><\/a><\/p>\n<p style=\"text-align: left;\"><a href=\"https:\/\/www.velomobileworld.com\/wp-content\/uploads\/2024\/08\/IMG_4947-1024x768.jpg\"><img loading=\"lazy\" decoding=\"async\" class=\"alignnone wp-image-54710\" src=\"https:\/\/www.velomobileworld.com\/wp-content\/uploads\/2024\/08\/IMG_4947-1024x768.jpg\" alt=\"\" width=\"450\" height=\"338\" \/><\/a><\/p>\n<p style=\"text-align: left;\"><a href=\"https:\/\/www.velomobileworld.com\/wp-content\/uploads\/2024\/08\/IMG_4952-1024x768.jpg\"><img loading=\"lazy\" decoding=\"async\" class=\"alignnone wp-image-54715\" src=\"https:\/\/www.velomobileworld.com\/wp-content\/uploads\/2024\/08\/IMG_4952-1024x768.jpg\" alt=\"\" width=\"450\" height=\"338\" \/><\/a><\/p>\n<p style=\"text-align: left;\"><img decoding=\"async\" class=\"emoji ls-is-cached lazyloaded\" role=\"img\" draggable=\"false\" src=\"https:\/\/s.w.org\/images\/core\/emoji\/13.1.0\/svg\/2b06.svg\" alt=\"\u2b06\ufe0f\" data-src=\"https:\/\/s.w.org\/images\/core\/emoji\/13.1.0\/svg\/2b06.svg\" \/> Diese enterpriseartige Decke besteht aus Kupferstreifen, denke ich.<\/p>\n<p><a href=\"https:\/\/www.velomobileworld.com\/wp-content\/uploads\/2024\/08\/IMG_4958-1024x822.jpg\"><img loading=\"lazy\" decoding=\"async\" class=\"alignnone wp-image-54720\" src=\"https:\/\/www.velomobileworld.com\/wp-content\/uploads\/2024\/08\/IMG_4958-1024x822.jpg\" alt=\"\" width=\"450\" height=\"361\" \/><\/a><\/p>\n<p style=\"text-align: left;\"><img decoding=\"async\" class=\"emoji ls-is-cached lazyloaded\" role=\"img\" draggable=\"false\" src=\"https:\/\/s.w.org\/images\/core\/emoji\/13.1.0\/svg\/2b06.svg\" alt=\"\u2b06\ufe0f\" data-src=\"https:\/\/s.w.org\/images\/core\/emoji\/13.1.0\/svg\/2b06.svg\" \/> Etwas \u00e4lter ist der Dom und gleichzeitig das Wahrzeichen Helsinkis.<\/p>\n<p><a href=\"https:\/\/www.velomobileworld.com\/wp-content\/uploads\/2024\/08\/IMG_4961-1024x768.jpg\"><img loading=\"lazy\" decoding=\"async\" class=\"alignnone wp-image-54725\" src=\"https:\/\/www.velomobileworld.com\/wp-content\/uploads\/2024\/08\/IMG_4961-1024x768.jpg\" alt=\"\" width=\"450\" height=\"338\" \/><\/a><\/p>\n<p style=\"text-align: left;\"><img decoding=\"async\" class=\"emoji ls-is-cached lazyloaded\" role=\"img\" draggable=\"false\" src=\"https:\/\/s.w.org\/images\/core\/emoji\/13.1.0\/svg\/2b06.svg\" alt=\"\u2b06\ufe0f\" data-src=\"https:\/\/s.w.org\/images\/core\/emoji\/13.1.0\/svg\/2b06.svg\" \/> Erinnerte mich von vorne an die Treppen der Akropolis in Athen.<\/p>\n<p><a href=\"https:\/\/www.velomobileworld.com\/wp-content\/uploads\/2024\/08\/IMG_4963-1024x768.jpg\"><img loading=\"lazy\" decoding=\"async\" class=\"alignnone wp-image-54730\" src=\"https:\/\/www.velomobileworld.com\/wp-content\/uploads\/2024\/08\/IMG_4963-1024x768.jpg\" alt=\"\" width=\"450\" height=\"338\" \/><\/a><\/p>\n<p style=\"text-align: left;\"><a href=\"https:\/\/www.velomobileworld.com\/wp-content\/uploads\/2024\/08\/IMG_4965-1024x768.jpg\"><img loading=\"lazy\" decoding=\"async\" class=\"alignnone wp-image-54735\" src=\"https:\/\/www.velomobileworld.com\/wp-content\/uploads\/2024\/08\/IMG_4965-1024x768.jpg\" alt=\"\" width=\"450\" height=\"338\" \/><\/a><\/p>\n<p style=\"text-align: left;\"><img decoding=\"async\" class=\"emoji ls-is-cached lazyloaded\" role=\"img\" draggable=\"false\" src=\"https:\/\/s.w.org\/images\/core\/emoji\/13.1.0\/svg\/2b06.svg\" alt=\"\u2b06\ufe0f\" data-src=\"https:\/\/s.w.org\/images\/core\/emoji\/13.1.0\/svg\/2b06.svg\" \/> Lieferdienst mal anders<\/p>\n<p style=\"text-align: left;\"><a href=\"https:\/\/www.velomobileworld.com\/wp-content\/uploads\/2024\/08\/IMG_4975-1024x768.jpg\"><img loading=\"lazy\" decoding=\"async\" class=\"alignnone wp-image-54740\" src=\"https:\/\/www.velomobileworld.com\/wp-content\/uploads\/2024\/08\/IMG_4975-1024x768.jpg\" alt=\"\" width=\"450\" height=\"338\" \/><\/a><\/p>\n<p style=\"text-align: left;\"><img decoding=\"async\" class=\"emoji ls-is-cached lazyloaded\" role=\"img\" draggable=\"false\" src=\"https:\/\/s.w.org\/images\/core\/emoji\/13.1.0\/svg\/2b06.svg\" alt=\"\u2b06\ufe0f\" data-src=\"https:\/\/s.w.org\/images\/core\/emoji\/13.1.0\/svg\/2b06.svg\" \/> Da verbirgt sich das Tourismusb\u00fcro.<\/p>\n<p style=\"text-align: left;\"><a href=\"https:\/\/www.velomobileworld.com\/wp-content\/uploads\/2024\/08\/IMG_4973-1024x768.jpg\"><img loading=\"lazy\" decoding=\"async\" class=\"alignnone wp-image-54745\" src=\"https:\/\/www.velomobileworld.com\/wp-content\/uploads\/2024\/08\/IMG_4973-1024x768.jpg\" alt=\"\" width=\"450\" height=\"338\" \/><\/a><\/p>\n<p style=\"text-align: left;\"><img decoding=\"async\" class=\"emoji ls-is-cached lazyloaded\" role=\"img\" draggable=\"false\" src=\"https:\/\/s.w.org\/images\/core\/emoji\/13.1.0\/svg\/2b06.svg\" alt=\"\u2b06\ufe0f\" data-src=\"https:\/\/s.w.org\/images\/core\/emoji\/13.1.0\/svg\/2b06.svg\" \/> Etwas am Hafen im Caf\u00e9 sitzen<\/p>\n<p style=\"text-align: left;\"><a href=\"https:\/\/www.velomobileworld.com\/wp-content\/uploads\/2024\/08\/IMG_4969-1024x768.jpg\"><img loading=\"lazy\" decoding=\"async\" class=\"alignnone wp-image-54750\" src=\"https:\/\/www.velomobileworld.com\/wp-content\/uploads\/2024\/08\/IMG_4969-1024x768.jpg\" alt=\"\" width=\"450\" height=\"338\" \/><\/a><\/p>\n<p style=\"text-align: left;\"><img decoding=\"async\" class=\"emoji ls-is-cached lazyloaded\" role=\"img\" draggable=\"false\" src=\"https:\/\/s.w.org\/images\/core\/emoji\/13.1.0\/svg\/2b06.svg\" alt=\"\u2b06\ufe0f\" data-src=\"https:\/\/s.w.org\/images\/core\/emoji\/13.1.0\/svg\/2b06.svg\" \/> Ausruhen. Ja die Tischdecken und die Sch\u00fcrze sind von Marimekko Onni eine ber\u00fchmte finnische Designerin.<\/p>\n<p style=\"text-align: left;\"><a href=\"https:\/\/www.velomobileworld.com\/wp-content\/uploads\/2024\/08\/IMG_4968-1024x768.jpg\"><img loading=\"lazy\" decoding=\"async\" class=\"alignnone wp-image-54755\" src=\"https:\/\/www.velomobileworld.com\/wp-content\/uploads\/2024\/08\/IMG_4968-1024x768.jpg\" alt=\"\" width=\"450\" height=\"338\" \/><\/a><\/p>\n<p style=\"text-align: left;\"><img decoding=\"async\" class=\"emoji ls-is-cached lazyloaded\" role=\"img\" draggable=\"false\" src=\"https:\/\/s.w.org\/images\/core\/emoji\/13.1.0\/svg\/2b06.svg\" alt=\"\u2b06\ufe0f\" data-src=\"https:\/\/s.w.org\/images\/core\/emoji\/13.1.0\/svg\/2b06.svg\" \/> Etwas \u00fcber den Markt schlendern.<\/p>\n<p style=\"text-align: left;\"><a href=\"https:\/\/www.velomobileworld.com\/wp-content\/uploads\/2024\/08\/IMG_4982-1024x768.jpg\"><img loading=\"lazy\" decoding=\"async\" class=\"alignnone wp-image-54760\" src=\"https:\/\/www.velomobileworld.com\/wp-content\/uploads\/2024\/08\/IMG_4982-1024x768.jpg\" alt=\"\" width=\"450\" height=\"338\" \/><\/a><\/p>\n<p style=\"text-align: left;\"><img decoding=\"async\" class=\"emoji ls-is-cached lazyloaded\" role=\"img\" draggable=\"false\" src=\"https:\/\/s.w.org\/images\/core\/emoji\/13.1.0\/svg\/2b06.svg\" alt=\"\u2b06\ufe0f\" data-src=\"https:\/\/s.w.org\/images\/core\/emoji\/13.1.0\/svg\/2b06.svg\" \/> Die Markthallen<\/p>\n<p style=\"text-align: left;\"><a href=\"https:\/\/www.velomobileworld.com\/wp-content\/uploads\/2024\/08\/IMG_4981-1024x768.jpg\"><img loading=\"lazy\" decoding=\"async\" class=\"alignnone wp-image-54766\" src=\"https:\/\/www.velomobileworld.com\/wp-content\/uploads\/2024\/08\/IMG_4981-1024x768.jpg\" alt=\"\" width=\"450\" height=\"338\" \/><\/a><\/p>\n<p style=\"text-align: left;\"><a href=\"https:\/\/www.velomobileworld.com\/wp-content\/uploads\/2024\/08\/IMG_4979-1024x768.jpg\"><img loading=\"lazy\" decoding=\"async\" class=\"alignnone wp-image-54771\" src=\"https:\/\/www.velomobileworld.com\/wp-content\/uploads\/2024\/08\/IMG_4979-1024x768.jpg\" alt=\"\" width=\"450\" height=\"338\" \/><\/a><\/p>\n<p style=\"text-align: left;\"><a href=\"https:\/\/www.velomobileworld.com\/wp-content\/uploads\/2024\/08\/IMG_4989-1024x768.jpg\"><img loading=\"lazy\" decoding=\"async\" class=\"alignnone wp-image-54776\" src=\"https:\/\/www.velomobileworld.com\/wp-content\/uploads\/2024\/08\/IMG_4989-1024x768.jpg\" alt=\"\" width=\"450\" height=\"338\" \/><\/a><\/p>\n<p style=\"text-align: left;\"><img decoding=\"async\" class=\"emoji ls-is-cached lazyloaded\" role=\"img\" draggable=\"false\" src=\"https:\/\/s.w.org\/images\/core\/emoji\/13.1.0\/svg\/2b06.svg\" alt=\"\u2b06\ufe0f\" data-src=\"https:\/\/s.w.org\/images\/core\/emoji\/13.1.0\/svg\/2b06.svg\" \/> Das Riesenrad. Zwei Kabinen haben eine Sauna.<\/p>\n<p style=\"text-align: left;\"><a href=\"https:\/\/www.velomobileworld.com\/wp-content\/uploads\/2024\/08\/IMG_4987-1024x768.jpg\"><img loading=\"lazy\" decoding=\"async\" class=\"alignnone wp-image-54781\" src=\"https:\/\/www.velomobileworld.com\/wp-content\/uploads\/2024\/08\/IMG_4987-1024x768.jpg\" alt=\"\" width=\"450\" height=\"338\" \/><\/a><\/p>\n<p style=\"text-align: left;\"><a href=\"https:\/\/www.velomobileworld.com\/wp-content\/uploads\/2024\/08\/IMG_4983-1024x768.jpg\"><img loading=\"lazy\" decoding=\"async\" class=\"alignnone wp-image-54786\" src=\"https:\/\/www.velomobileworld.com\/wp-content\/uploads\/2024\/08\/IMG_4983-1024x768.jpg\" alt=\"\" width=\"450\" height=\"338\" \/><\/a><\/p>\n<p style=\"text-align: left;\"><img decoding=\"async\" class=\"emoji ls-is-cached lazyloaded\" role=\"img\" draggable=\"false\" src=\"https:\/\/s.w.org\/images\/core\/emoji\/13.1.0\/svg\/2b06.svg\" alt=\"\u2b06\ufe0f\" data-src=\"https:\/\/s.w.org\/images\/core\/emoji\/13.1.0\/svg\/2b06.svg\" \/> In der N\u00e4he ist das Schwimmbad. Ein Ostseebecken, nichts f\u00fcr Warmduscher, ein gechlortes und ein beheiztes Becken.<\/p>\n<p style=\"text-align: left;\"><a href=\"https:\/\/www.velomobileworld.com\/wp-content\/uploads\/2024\/08\/IMG_4994-1024x768.jpg\"><img loading=\"lazy\" decoding=\"async\" class=\"alignnone wp-image-54791\" src=\"https:\/\/www.velomobileworld.com\/wp-content\/uploads\/2024\/08\/IMG_4994-1024x768.jpg\" alt=\"\" width=\"450\" height=\"338\" \/><\/a><\/p>\n<p style=\"text-align: left;\"><img decoding=\"async\" class=\"emoji ls-is-cached lazyloaded\" role=\"img\" draggable=\"false\" src=\"https:\/\/s.w.org\/images\/core\/emoji\/13.1.0\/svg\/2b06.svg\" alt=\"\u2b06\ufe0f\" data-src=\"https:\/\/s.w.org\/images\/core\/emoji\/13.1.0\/svg\/2b06.svg\" \/> Die orthodoxe Kirche<\/p>\n<p>&nbsp;<\/p>\n<p style=\"text-align: left;\">Das war der heutige Tag. Ich war \u00fcberrascht von der Architektur.<\/p>\n<p style=\"text-align: left;\">Noch etwas Fisch essen und dann zum Camping zur\u00fcck.<\/p>\n<p style=\"text-align: left;\"><span style=\"color: #ffffff;\">&#8230;&#8230;&#8230;&#8230;&#8230;&#8230;&#8230;&#8230;&#8230;<\/span><\/p>\n<p style=\"text-align: left;\"><a href=\"https:\/\/www.velomobileworld.com\/wp-content\/uploads\/2024\/08\/IMG_5002-1024x768.jpg\"><img loading=\"lazy\" decoding=\"async\" class=\"alignnone wp-image-54796\" src=\"https:\/\/www.velomobileworld.com\/wp-content\/uploads\/2024\/08\/IMG_5002-1024x768.jpg\" alt=\"\" width=\"450\" height=\"338\" \/><\/a><\/p>\n<p style=\"text-align: left;\"><a href=\"https:\/\/www.velomobileworld.com\/wp-content\/uploads\/2024\/08\/IMG_5015-1024x768.jpg\"><img loading=\"lazy\" decoding=\"async\" class=\"alignnone wp-image-54801\" src=\"https:\/\/www.velomobileworld.com\/wp-content\/uploads\/2024\/08\/IMG_5015-1024x768.jpg\" alt=\"\" width=\"450\" height=\"338\" \/><\/a><\/p>\n<p style=\"text-align: left;\"><strong>&#8230;&#8230;&#8230;&#8230;&#8230;&#8230;&#8230;&#8230;&#8230;&#8230;&#8230;&#8230;&#8230;&#8230;&#8230;&#8230;&#8230;&#8230;<\/strong><\/p>\n<p style=\"text-align: left;\"><a href=\"https:\/\/www.velomobileworld.com\/de\/velomobil-ausfluege-35-tage-mit-brigitte-und-fritz\/\" target=\"_blank\" rel=\"noopener\">2022 VELOMOBILE ROAD TRIP: 35 DAYS WITH BRIGITTE AND FRITZ (EN\/DE\/FR)<\/a><\/p>\n","protected":false},"excerpt":{"rendered":"<p>Auf zur Mitternachtssonne. Eine Velomobil Reise mit Brigitte und Fritz. Deutschland &gt; D\u00e4nemark &gt; Norwegen &gt; Nordkap &gt; Finnland &gt; [&hellip;]<\/p>\n","protected":false},"author":4,"featured_media":5654,"comment_status":"open","ping_status":"closed","sticky":false,"template":"","format":"standard","meta":{"_acf_changed":false,"footnotes":""},"categories":[690],"tags":[],"class_list":["post-7066","post","type-post","status-publish","format-standard","has-post-thumbnail","hentry","category-unkategorisiert"],"acf":[],"yoast_head":"<!-- This site is optimized with the Yoast SEO plugin v27.5 - https:\/\/yoast.com\/product\/yoast-seo-wordpress\/ -->\n<title>Auf zur Mitternachtssonne (53 | Teil 1) | Velomobile World<\/title>\n<meta name=\"description\" content=\"Auf zur Mitternachtssonne (53 | Teil 1). Eine weitere Reise mit Brigitte und Fritz. Entdecken Sie ihre Abenteuer. Details im Artikel.\" \/>\n<meta name=\"robots\" content=\"index, follow, max-snippet:-1, max-image-preview:large, max-video-preview:-1\" \/>\n<link rel=\"canonical\" href=\"https:\/\/www.velomobileworld.com\/de\/auf-zur-mitternachtssonne-53-teil-1\/\" \/>\n<meta property=\"og:locale\" content=\"de_DE\" \/>\n<meta property=\"og:type\" content=\"article\" \/>\n<meta property=\"og:title\" content=\"Auf zur Mitternachtssonne (53 | Teil 1) | Velomobile World\" \/>\n<meta property=\"og:description\" content=\"Auf zur Mitternachtssonne (53 | Teil 1). Eine weitere Reise mit Brigitte und Fritz. Entdecken Sie ihre Abenteuer. Details im Artikel.\" \/>\n<meta property=\"og:url\" content=\"https:\/\/www.velomobileworld.com\/de\/auf-zur-mitternachtssonne-53-teil-1\/\" \/>\n<meta property=\"og:site_name\" content=\"Velomobile World\" \/>\n<meta property=\"article:published_time\" content=\"2024-12-09T13:16:22+00:00\" \/>\n<meta property=\"article:modified_time\" content=\"2025-07-25T10:11:21+00:00\" \/>\n<meta property=\"og:image\" content=\"https:\/\/www.velomobileworld.com\/wp-content\/uploads\/2024\/12\/Midnightsun-Day-53-Part-1.jpg\" \/>\n\t<meta property=\"og:image:width\" content=\"1920\" \/>\n\t<meta property=\"og:image:height\" content=\"850\" \/>\n\t<meta property=\"og:image:type\" content=\"image\/jpeg\" \/>\n<meta name=\"author\" content=\"Jan Wijnen\" \/>\n<meta name=\"twitter:card\" content=\"summary_large_image\" \/>\n<meta name=\"twitter:label1\" content=\"Verfasst von\" \/>\n\t<meta name=\"twitter:data1\" content=\"Jan Wijnen\" \/>\n\t<meta name=\"twitter:label2\" content=\"Gesch\u00e4tzte Lesezeit\" \/>\n\t<meta name=\"twitter:data2\" content=\"2\u00a0Minuten\" \/>\n<script type=\"application\/ld+json\" class=\"yoast-schema-graph\">{\"@context\":\"https:\\\/\\\/schema.org\",\"@graph\":[{\"@type\":\"Article\",\"@id\":\"https:\\\/\\\/www.velomobileworld.com\\\/de\\\/auf-zur-mitternachtssonne-53-teil-1\\\/#article\",\"isPartOf\":{\"@id\":\"https:\\\/\\\/www.velomobileworld.com\\\/de\\\/auf-zur-mitternachtssonne-53-teil-1\\\/\"},\"author\":{\"name\":\"Jan Wijnen\",\"@id\":\"https:\\\/\\\/www.velomobileworld.com\\\/nl\\\/#\\\/schema\\\/person\\\/c0c7c661ad3c8719ed05a7dc85d6fa12\"},\"headline\":\"Auf zur Mitternachtssonne (53 | Teil 1)\",\"datePublished\":\"2024-12-09T13:16:22+00:00\",\"dateModified\":\"2025-07-25T10:11:21+00:00\",\"mainEntityOfPage\":{\"@id\":\"https:\\\/\\\/www.velomobileworld.com\\\/de\\\/auf-zur-mitternachtssonne-53-teil-1\\\/\"},\"wordCount\":435,\"commentCount\":0,\"image\":{\"@id\":\"https:\\\/\\\/www.velomobileworld.com\\\/de\\\/auf-zur-mitternachtssonne-53-teil-1\\\/#primaryimage\"},\"thumbnailUrl\":\"https:\\\/\\\/www.velomobileworld.com\\\/wp-content\\\/uploads\\\/2024\\\/12\\\/Midnightsun-Day-53-Part-1.jpg\",\"articleSection\":[\"Unkategorisiert\"],\"inLanguage\":\"de\",\"potentialAction\":[{\"@type\":\"CommentAction\",\"name\":\"Comment\",\"target\":[\"https:\\\/\\\/www.velomobileworld.com\\\/de\\\/auf-zur-mitternachtssonne-53-teil-1\\\/#respond\"]}]},{\"@type\":\"WebPage\",\"@id\":\"https:\\\/\\\/www.velomobileworld.com\\\/de\\\/auf-zur-mitternachtssonne-53-teil-1\\\/\",\"url\":\"https:\\\/\\\/www.velomobileworld.com\\\/de\\\/auf-zur-mitternachtssonne-53-teil-1\\\/\",\"name\":\"Auf zur Mitternachtssonne (53 | Teil 1) | Velomobile World\",\"isPartOf\":{\"@id\":\"https:\\\/\\\/www.velomobileworld.com\\\/nl\\\/#website\"},\"primaryImageOfPage\":{\"@id\":\"https:\\\/\\\/www.velomobileworld.com\\\/de\\\/auf-zur-mitternachtssonne-53-teil-1\\\/#primaryimage\"},\"image\":{\"@id\":\"https:\\\/\\\/www.velomobileworld.com\\\/de\\\/auf-zur-mitternachtssonne-53-teil-1\\\/#primaryimage\"},\"thumbnailUrl\":\"https:\\\/\\\/www.velomobileworld.com\\\/wp-content\\\/uploads\\\/2024\\\/12\\\/Midnightsun-Day-53-Part-1.jpg\",\"datePublished\":\"2024-12-09T13:16:22+00:00\",\"dateModified\":\"2025-07-25T10:11:21+00:00\",\"author\":{\"@id\":\"https:\\\/\\\/www.velomobileworld.com\\\/nl\\\/#\\\/schema\\\/person\\\/c0c7c661ad3c8719ed05a7dc85d6fa12\"},\"description\":\"Auf zur Mitternachtssonne (53 | Teil 1). Eine weitere Reise mit Brigitte und Fritz. Entdecken Sie ihre Abenteuer. Details im Artikel.\",\"breadcrumb\":{\"@id\":\"https:\\\/\\\/www.velomobileworld.com\\\/de\\\/auf-zur-mitternachtssonne-53-teil-1\\\/#breadcrumb\"},\"inLanguage\":\"de\",\"potentialAction\":[{\"@type\":\"ReadAction\",\"target\":[\"https:\\\/\\\/www.velomobileworld.com\\\/de\\\/auf-zur-mitternachtssonne-53-teil-1\\\/\"]}]},{\"@type\":\"ImageObject\",\"inLanguage\":\"de\",\"@id\":\"https:\\\/\\\/www.velomobileworld.com\\\/de\\\/auf-zur-mitternachtssonne-53-teil-1\\\/#primaryimage\",\"url\":\"https:\\\/\\\/www.velomobileworld.com\\\/wp-content\\\/uploads\\\/2024\\\/12\\\/Midnightsun-Day-53-Part-1.jpg\",\"contentUrl\":\"https:\\\/\\\/www.velomobileworld.com\\\/wp-content\\\/uploads\\\/2024\\\/12\\\/Midnightsun-Day-53-Part-1.jpg\",\"width\":1920,\"height\":850},{\"@type\":\"BreadcrumbList\",\"@id\":\"https:\\\/\\\/www.velomobileworld.com\\\/de\\\/auf-zur-mitternachtssonne-53-teil-1\\\/#breadcrumb\",\"itemListElement\":[{\"@type\":\"ListItem\",\"position\":1,\"name\":\"Home\",\"item\":\"https:\\\/\\\/www.velomobileworld.com\\\/\"},{\"@type\":\"ListItem\",\"position\":2,\"name\":\"Auf zur Mitternachtssonne (53 | Teil 1)\"}]},{\"@type\":\"WebSite\",\"@id\":\"https:\\\/\\\/www.velomobileworld.com\\\/nl\\\/#website\",\"url\":\"https:\\\/\\\/www.velomobileworld.com\\\/nl\\\/\",\"name\":\"Velomobile World\",\"description\":\"\",\"potentialAction\":[{\"@type\":\"SearchAction\",\"target\":{\"@type\":\"EntryPoint\",\"urlTemplate\":\"https:\\\/\\\/www.velomobileworld.com\\\/nl\\\/?s={search_term_string}\"},\"query-input\":{\"@type\":\"PropertyValueSpecification\",\"valueRequired\":true,\"valueName\":\"search_term_string\"}}],\"inLanguage\":\"de\"},{\"@type\":\"Person\",\"@id\":\"https:\\\/\\\/www.velomobileworld.com\\\/nl\\\/#\\\/schema\\\/person\\\/c0c7c661ad3c8719ed05a7dc85d6fa12\",\"name\":\"Jan Wijnen\",\"image\":{\"@type\":\"ImageObject\",\"inLanguage\":\"de\",\"@id\":\"https:\\\/\\\/secure.gravatar.com\\\/avatar\\\/4802c8a6006d5895d73a1141e39ccf819bca7ec1dbfb26a6f4370880cefa109a?s=96&d=mm&r=g\",\"url\":\"https:\\\/\\\/secure.gravatar.com\\\/avatar\\\/4802c8a6006d5895d73a1141e39ccf819bca7ec1dbfb26a6f4370880cefa109a?s=96&d=mm&r=g\",\"contentUrl\":\"https:\\\/\\\/secure.gravatar.com\\\/avatar\\\/4802c8a6006d5895d73a1141e39ccf819bca7ec1dbfb26a6f4370880cefa109a?s=96&d=mm&r=g\",\"caption\":\"Jan Wijnen\"},\"url\":\"https:\\\/\\\/www.velomobileworld.com\\\/de\\\/author\\\/jan-admin\\\/\"}]}<\/script>\n<!-- \/ Yoast SEO plugin. -->","yoast_head_json":{"title":"Auf zur Mitternachtssonne (53 | Teil 1) | Velomobile World","description":"Auf zur Mitternachtssonne (53 | Teil 1). Eine weitere Reise mit Brigitte und Fritz. Entdecken Sie ihre Abenteuer. Details im Artikel.","robots":{"index":"index","follow":"follow","max-snippet":"max-snippet:-1","max-image-preview":"max-image-preview:large","max-video-preview":"max-video-preview:-1"},"canonical":"https:\/\/www.velomobileworld.com\/de\/auf-zur-mitternachtssonne-53-teil-1\/","og_locale":"de_DE","og_type":"article","og_title":"Auf zur Mitternachtssonne (53 | Teil 1) | Velomobile World","og_description":"Auf zur Mitternachtssonne (53 | Teil 1). Eine weitere Reise mit Brigitte und Fritz. Entdecken Sie ihre Abenteuer. Details im Artikel.","og_url":"https:\/\/www.velomobileworld.com\/de\/auf-zur-mitternachtssonne-53-teil-1\/","og_site_name":"Velomobile World","article_published_time":"2024-12-09T13:16:22+00:00","article_modified_time":"2025-07-25T10:11:21+00:00","og_image":[{"width":1920,"height":850,"url":"https:\/\/www.velomobileworld.com\/wp-content\/uploads\/2024\/12\/Midnightsun-Day-53-Part-1.jpg","type":"image\/jpeg"}],"author":"Jan Wijnen","twitter_card":"summary_large_image","twitter_misc":{"Verfasst von":"Jan Wijnen","Gesch\u00e4tzte Lesezeit":"2\u00a0Minuten"},"schema":{"@context":"https:\/\/schema.org","@graph":[{"@type":"Article","@id":"https:\/\/www.velomobileworld.com\/de\/auf-zur-mitternachtssonne-53-teil-1\/#article","isPartOf":{"@id":"https:\/\/www.velomobileworld.com\/de\/auf-zur-mitternachtssonne-53-teil-1\/"},"author":{"name":"Jan Wijnen","@id":"https:\/\/www.velomobileworld.com\/nl\/#\/schema\/person\/c0c7c661ad3c8719ed05a7dc85d6fa12"},"headline":"Auf zur Mitternachtssonne (53 | Teil 1)","datePublished":"2024-12-09T13:16:22+00:00","dateModified":"2025-07-25T10:11:21+00:00","mainEntityOfPage":{"@id":"https:\/\/www.velomobileworld.com\/de\/auf-zur-mitternachtssonne-53-teil-1\/"},"wordCount":435,"commentCount":0,"image":{"@id":"https:\/\/www.velomobileworld.com\/de\/auf-zur-mitternachtssonne-53-teil-1\/#primaryimage"},"thumbnailUrl":"https:\/\/www.velomobileworld.com\/wp-content\/uploads\/2024\/12\/Midnightsun-Day-53-Part-1.jpg","articleSection":["Unkategorisiert"],"inLanguage":"de","potentialAction":[{"@type":"CommentAction","name":"Comment","target":["https:\/\/www.velomobileworld.com\/de\/auf-zur-mitternachtssonne-53-teil-1\/#respond"]}]},{"@type":"WebPage","@id":"https:\/\/www.velomobileworld.com\/de\/auf-zur-mitternachtssonne-53-teil-1\/","url":"https:\/\/www.velomobileworld.com\/de\/auf-zur-mitternachtssonne-53-teil-1\/","name":"Auf zur Mitternachtssonne (53 | Teil 1) | Velomobile World","isPartOf":{"@id":"https:\/\/www.velomobileworld.com\/nl\/#website"},"primaryImageOfPage":{"@id":"https:\/\/www.velomobileworld.com\/de\/auf-zur-mitternachtssonne-53-teil-1\/#primaryimage"},"image":{"@id":"https:\/\/www.velomobileworld.com\/de\/auf-zur-mitternachtssonne-53-teil-1\/#primaryimage"},"thumbnailUrl":"https:\/\/www.velomobileworld.com\/wp-content\/uploads\/2024\/12\/Midnightsun-Day-53-Part-1.jpg","datePublished":"2024-12-09T13:16:22+00:00","dateModified":"2025-07-25T10:11:21+00:00","author":{"@id":"https:\/\/www.velomobileworld.com\/nl\/#\/schema\/person\/c0c7c661ad3c8719ed05a7dc85d6fa12"},"description":"Auf zur Mitternachtssonne (53 | Teil 1). Eine weitere Reise mit Brigitte und Fritz. Entdecken Sie ihre Abenteuer. Details im Artikel.","breadcrumb":{"@id":"https:\/\/www.velomobileworld.com\/de\/auf-zur-mitternachtssonne-53-teil-1\/#breadcrumb"},"inLanguage":"de","potentialAction":[{"@type":"ReadAction","target":["https:\/\/www.velomobileworld.com\/de\/auf-zur-mitternachtssonne-53-teil-1\/"]}]},{"@type":"ImageObject","inLanguage":"de","@id":"https:\/\/www.velomobileworld.com\/de\/auf-zur-mitternachtssonne-53-teil-1\/#primaryimage","url":"https:\/\/www.velomobileworld.com\/wp-content\/uploads\/2024\/12\/Midnightsun-Day-53-Part-1.jpg","contentUrl":"https:\/\/www.velomobileworld.com\/wp-content\/uploads\/2024\/12\/Midnightsun-Day-53-Part-1.jpg","width":1920,"height":850},{"@type":"BreadcrumbList","@id":"https:\/\/www.velomobileworld.com\/de\/auf-zur-mitternachtssonne-53-teil-1\/#breadcrumb","itemListElement":[{"@type":"ListItem","position":1,"name":"Home","item":"https:\/\/www.velomobileworld.com\/"},{"@type":"ListItem","position":2,"name":"Auf zur Mitternachtssonne (53 | Teil 1)"}]},{"@type":"WebSite","@id":"https:\/\/www.velomobileworld.com\/nl\/#website","url":"https:\/\/www.velomobileworld.com\/nl\/","name":"Velomobile World","description":"","potentialAction":[{"@type":"SearchAction","target":{"@type":"EntryPoint","urlTemplate":"https:\/\/www.velomobileworld.com\/nl\/?s={search_term_string}"},"query-input":{"@type":"PropertyValueSpecification","valueRequired":true,"valueName":"search_term_string"}}],"inLanguage":"de"},{"@type":"Person","@id":"https:\/\/www.velomobileworld.com\/nl\/#\/schema\/person\/c0c7c661ad3c8719ed05a7dc85d6fa12","name":"Jan Wijnen","image":{"@type":"ImageObject","inLanguage":"de","@id":"https:\/\/secure.gravatar.com\/avatar\/4802c8a6006d5895d73a1141e39ccf819bca7ec1dbfb26a6f4370880cefa109a?s=96&d=mm&r=g","url":"https:\/\/secure.gravatar.com\/avatar\/4802c8a6006d5895d73a1141e39ccf819bca7ec1dbfb26a6f4370880cefa109a?s=96&d=mm&r=g","contentUrl":"https:\/\/secure.gravatar.com\/avatar\/4802c8a6006d5895d73a1141e39ccf819bca7ec1dbfb26a6f4370880cefa109a?s=96&d=mm&r=g","caption":"Jan Wijnen"},"url":"https:\/\/www.velomobileworld.com\/de\/author\/jan-admin\/"}]}},"_links":{"self":[{"href":"https:\/\/www.velomobileworld.com\/de\/wp-json\/wp\/v2\/posts\/7066","targetHints":{"allow":["GET"]}}],"collection":[{"href":"https:\/\/www.velomobileworld.com\/de\/wp-json\/wp\/v2\/posts"}],"about":[{"href":"https:\/\/www.velomobileworld.com\/de\/wp-json\/wp\/v2\/types\/post"}],"author":[{"embeddable":true,"href":"https:\/\/www.velomobileworld.com\/de\/wp-json\/wp\/v2\/users\/4"}],"replies":[{"embeddable":true,"href":"https:\/\/www.velomobileworld.com\/de\/wp-json\/wp\/v2\/comments?post=7066"}],"version-history":[{"count":2,"href":"https:\/\/www.velomobileworld.com\/de\/wp-json\/wp\/v2\/posts\/7066\/revisions"}],"predecessor-version":[{"id":100798,"href":"https:\/\/www.velomobileworld.com\/de\/wp-json\/wp\/v2\/posts\/7066\/revisions\/100798"}],"wp:featuredmedia":[{"embeddable":true,"href":"https:\/\/www.velomobileworld.com\/de\/wp-json\/wp\/v2\/media\/5654"}],"wp:attachment":[{"href":"https:\/\/www.velomobileworld.com\/de\/wp-json\/wp\/v2\/media?parent=7066"}],"wp:term":[{"taxonomy":"category","embeddable":true,"href":"https:\/\/www.velomobileworld.com\/de\/wp-json\/wp\/v2\/categories?post=7066"},{"taxonomy":"post_tag","embeddable":true,"href":"https:\/\/www.velomobileworld.com\/de\/wp-json\/wp\/v2\/tags?post=7066"}],"curies":[{"name":"wp","href":"https:\/\/api.w.org\/{rel}","templated":true}]}}