{"id":7102,"date":"2024-12-10T11:30:51","date_gmt":"2024-12-10T10:30:51","guid":{"rendered":"https:\/\/velomobileworld.convident.dev\/auf-zur-mitternachtssonne-tag-19\/"},"modified":"2025-07-25T12:11:15","modified_gmt":"2025-07-25T10:11:15","slug":"auf-zur-mitternachtssonne-tag-19","status":"publish","type":"post","link":"https:\/\/www.velomobileworld.com\/de\/auf-zur-mitternachtssonne-tag-19\/","title":{"rendered":"Auf zur Mitternachtssonne (Tag 19)"},"content":{"rendered":"<p style=\"text-align: left;\"><span style=\"color: #ff0000;\"><strong>Auf zur Mitternachtssonne. Eine Velomobil Reise mit Brigitte und Fritz.<\/strong><\/span><\/p>\n<p style=\"text-align: left;\"><strong>Deutschland &gt; D\u00e4nemark &gt; Norwegen &gt; Nordkap &gt; Finnland &gt; Deutschland<\/strong><\/p>\n<p style=\"text-align: left;\"><strong>&#8212;&#8212;&#8212;&#8212;&#8212;&#8212;&#8212;&#8212;&#8212;&#8212;&#8211;<\/strong><\/p>\n<p style=\"text-align: left;\">Entdecken Sie\u00a0<a href=\"https:\/\/www.velomobileworld.com\/de\/eine-velomobil-reise-auf-zur-mitternachtssonne-alle-tage\/\" target=\"_blank\" rel=\"noopener\">HIER<\/a>\u00a0alle Tage der Reise &#8222;Auf zur Mitternachtssonne&#8220;<\/p>\n<p style=\"text-align: left;\"><strong>&#8212;&#8212;&#8212;&#8212;&#8212;&#8212;&#8212;&#8212;&#8212;&#8212;&#8211;<\/strong><\/p>\n<p>&nbsp;<\/p>\n<p style=\"text-align: left;\"><strong>19.Tag | Skoilden -Skj\u00e5k | 95 KM | 1771 HM<\/strong><\/p>\n<p>&nbsp;<\/p>\n<p style=\"text-align: left;\">Es sollte ab 10:00 Uhr regnen, deswegen wollten wir fr\u00fch los. Das einzige Problem war, dass wir kaum noch was zu essen hatten. Also fahren wir noch ins Dorf zur\u00fcck und warten bis neun und das Gesch\u00e4ft aufmacht oder fahren wir mit dem wenigen los?<br \/>\nSechs Scheiben Kn\u00e4ckebrot 1x Daumen dick K\u00e4se, ein Daumen lang Wurst, und neun M\u00fcsli Riegel. Bei Hajo w\u00fcrde das einmal f\u00fcr Borders of Belgium reichen. Bei uns wird schon schwieriger.<br \/>\nOkay aber wir versuchen es mal.<br \/>\nStarte um acht. Das Zelt war bereits morgens sch\u00f6n trocken.<br \/>\nDas Wittgenstein Monument noch angeschaut. Eine Hand mit einem Mund.<\/p>\n<p>&nbsp;<\/p>\n<p style=\"text-align: left;\">An der Tanke noch etwas zus\u00e4tzliche Kalorien kaufen.<br \/>\nDie waren ganz aus dem H\u00e4uschen. Und, \u201eder ganze Weg von Germany. Da wollt ihr rauf? Das ist der (zweit)h\u00e4rteste Pass im Norden.\u201c<br \/>\nAlpen sind hier kein Begriff. Wir schaffen das.<\/p>\n<p>&nbsp;<\/p>\n<p style=\"text-align: left;\">Der letzte Ort Fortun.<\/p>\n<p>&nbsp;<\/p>\n<p style=\"text-align: left;\">Nach einer Stunde 500 +x HM geschafft. Kontinuierlich 8-10 plus minus 2.<\/p>\n<p>&nbsp;<\/p>\n<p style=\"text-align: left;\">Wird sich das Wetter halten oder zieht es sich zu?<\/p>\n<p>&nbsp;<\/p>\n<p style=\"text-align: left;\">Dann die Bergstation erreicht. Etwas sp\u00e4ter fast 1000 HM erreicht.<\/p>\n<p>&nbsp;<\/p>\n<p style=\"text-align: left;\">Es tr\u00f6pfelt. Ich fahre weiter mit offener Serviceluke. Die Temperatur ist f\u00fcr uns jetzt angenehm. Mittlerweile sitze ich in meinem Schwei\u00df trotz aussch\u00fctteln der Matte zwischendurch.<br \/>\nDer alte Mercedes hatte uns vorhin \u00fcberholt.<br \/>\nSehe meine Frau nur noch in der Ferne. Oben wartet sie garantiert.<\/p>\n<p>&nbsp;<\/p>\n<p style=\"text-align: left;\">Jetzt wird es nasser. Uns fehlt nicht mehr viel. Oben ist da wo oben ist. Endlich geschafft. Kleiner Fotostopp, Bolero zum Windschutz anziehen und los.<\/p>\n<p>&nbsp;<\/p>\n<p style=\"text-align: left;\">Nach ein paar Kilometern das Touristrestaurant Jotunheimen erreicht. Eigentlich geschlossen. Tee gab es umsonst daf\u00fcr. In der Sonne haben wir dann windgesch\u00fctzt gesessen und ich konnte meine nasse Hose auf der Haut trocknen.<\/p>\n<p>&nbsp;<\/p>\n<p style=\"text-align: left;\">Der Hund wollte sich erst hinter der S\u00e4ule vor uns verstecken. Dann hatte er Mut gefasst.<\/p>\n<p>&nbsp;<\/p>\n<p style=\"text-align: left;\">Danach ging es sehr lange runter den Vater mit zwei S\u00f6hnen aus Dortmund auf Tour.<br \/>\nDer eine machte Wheelee bergauf. Der Vater interessierte sich ziemlich f\u00fcr Velomobile.<\/p>\n<p>&nbsp;<\/p>\n<p style=\"text-align: left;\">Die Stabkirche in Lom stand noch auf unserem Programm. Auf jeden Fall empfehlenswert, wenn man einen Eindruck aus der Wikingerzeit haben will.<\/p>\n<p>&nbsp;<\/p>\n<p style=\"text-align: left;\">Unser Campingwirt. Netter Typ. Hat uns als Radfahrer gleich was nachgelassen 170 NOK alles inklusive. 250 NOK hatten wir auch schon einige Male. Kurs 1:12.<\/p>\n<p style=\"text-align: left;\"><strong>&#8230;&#8230;&#8230;&#8230;&#8230;&#8230;&#8230;&#8230;&#8230;&#8230;&#8230;&#8230;&#8230;&#8230;&#8230;&#8230;&#8230;&#8230;<\/strong><\/p>\n<p><a href=\"https:\/\/store.velomobileworld.com\/?utm_source=Banner_US_Canada_Worldwide&amp;utm_medium=Article&amp;utm_campaign=Blog\" target=\"_blank\" rel=\"noopener\"><img loading=\"lazy\" decoding=\"async\" class=\"alignnone wp-image-24840 lazyloaded\" src=\"https:\/\/www.velomobileworld.com\/wp-content\/uploads\/2023\/07\/1-usa-canada-worldwide.png\" alt=\"\" width=\"450\" height=\"74\" data-src=\"https:\/\/www.velomobileworld.com\/wp-content\/uploads\/2023\/07\/1-usa-canada-worldwide.png\" \/><\/a>\u00a0<a href=\"https:\/\/www.velomobileworld.com\/?product_tag=velomobiles&amp;utm_source=Banner_EU&amp;utm_medium=Article&amp;utm_campaign=Blog\" target=\"_blank\" rel=\"noopener\"><img loading=\"lazy\" decoding=\"async\" class=\"alignnone wp-image-24845 ls-is-cached lazyloaded\" src=\"https:\/\/www.velomobileworld.com\/wp-content\/uploads\/2023\/07\/2-european-union.png\" alt=\"\" width=\"449\" height=\"74\" data-src=\"https:\/\/www.velomobileworld.com\/wp-content\/uploads\/2023\/07\/2-european-union.png\" \/><\/a><\/p>\n<p style=\"text-align: left;\"><strong>&#8230;&#8230;&#8230;&#8230;&#8230;&#8230;&#8230;&#8230;&#8230;&#8230;&#8230;&#8230;&#8230;&#8230;&#8230;&#8230;&#8230;&#8230;<\/strong><\/p>\n<p><a href=\"https:\/\/www.velomobileworld.com\/wp-content\/uploads\/2024\/03\/18-map-1-572x1024.jpeg\"><img loading=\"lazy\" decoding=\"async\" class=\"alignnone wp-image-40022\" src=\"https:\/\/www.velomobileworld.com\/wp-content\/uploads\/2024\/03\/18-map-1-572x1024.jpeg\" alt=\"\" width=\"450\" height=\"805\" \/><\/a><\/p>\n<p><a href=\"https:\/\/www.velomobileworld.com\/wp-content\/uploads\/2024\/03\/18-map-2-1024x928.jpeg\"><img loading=\"lazy\" decoding=\"async\" class=\"alignnone wp-image-40027\" src=\"https:\/\/www.velomobileworld.com\/wp-content\/uploads\/2024\/03\/18-map-2-1024x928.jpeg\" alt=\"\" width=\"450\" height=\"408\" \/><\/a><\/p>\n<p><a href=\"https:\/\/www.velomobileworld.com\/wp-content\/uploads\/2024\/03\/18-1-Wittgenstein-Monument-1024x768.jpeg\"><img loading=\"lazy\" decoding=\"async\" class=\"alignnone wp-image-40032\" src=\"https:\/\/www.velomobileworld.com\/wp-content\/uploads\/2024\/03\/18-1-Wittgenstein-Monument-1024x768.jpeg\" alt=\"\" width=\"450\" height=\"338\" \/><\/a><\/p>\n<p style=\"text-align: left;\"><img decoding=\"async\" class=\"emoji ls-is-cached lazyloaded\" role=\"img\" draggable=\"false\" src=\"https:\/\/s.w.org\/images\/core\/emoji\/13.1.0\/svg\/2b06.svg\" alt=\"\u2b06\ufe0f\" data-src=\"https:\/\/s.w.org\/images\/core\/emoji\/13.1.0\/svg\/2b06.svg\" \/> Wittgenstein Monument<\/p>\n<p><a href=\"https:\/\/www.velomobileworld.com\/wp-content\/uploads\/2024\/03\/18-2-1024x768.jpeg\"><img loading=\"lazy\" decoding=\"async\" class=\"alignnone wp-image-40037\" src=\"https:\/\/www.velomobileworld.com\/wp-content\/uploads\/2024\/03\/18-2-1024x768.jpeg\" alt=\"\" width=\"450\" height=\"338\" \/><\/a> <a href=\"https:\/\/www.velomobileworld.com\/wp-content\/uploads\/2024\/03\/18-3-Something-with-calories-1024x768.jpeg\"><img loading=\"lazy\" decoding=\"async\" class=\"alignnone wp-image-40042\" src=\"https:\/\/www.velomobileworld.com\/wp-content\/uploads\/2024\/03\/18-3-Something-with-calories-1024x768.jpeg\" alt=\"\" width=\"450\" height=\"338\" \/><\/a><\/p>\n<p style=\"text-align: left;\"><img decoding=\"async\" class=\"emoji ls-is-cached lazyloaded\" role=\"img\" draggable=\"false\" src=\"https:\/\/s.w.org\/images\/core\/emoji\/13.1.0\/svg\/2b06.svg\" alt=\"\u2b06\ufe0f\" data-src=\"https:\/\/s.w.org\/images\/core\/emoji\/13.1.0\/svg\/2b06.svg\" \/> Something with calories \/ Etwas mit Kalorien \/ Quelque chose avec des calories<\/p>\n<p><a href=\"https:\/\/www.velomobileworld.com\/wp-content\/uploads\/2024\/03\/18-4-1024x768.jpeg\"><img loading=\"lazy\" decoding=\"async\" class=\"alignnone wp-image-40047\" src=\"https:\/\/www.velomobileworld.com\/wp-content\/uploads\/2024\/03\/18-4-1024x768.jpeg\" alt=\"\" width=\"450\" height=\"338\" \/><\/a> <a href=\"https:\/\/www.velomobileworld.com\/wp-content\/uploads\/2024\/03\/18-5-View-back-on-Fortun-1024x768.jpeg\"><img loading=\"lazy\" decoding=\"async\" class=\"alignnone wp-image-40052\" src=\"https:\/\/www.velomobileworld.com\/wp-content\/uploads\/2024\/03\/18-5-View-back-on-Fortun-1024x768.jpeg\" alt=\"\" width=\"450\" height=\"338\" \/><\/a><\/p>\n<p style=\"text-align: left;\"><img decoding=\"async\" class=\"emoji ls-is-cached lazyloaded\" role=\"img\" draggable=\"false\" src=\"https:\/\/s.w.org\/images\/core\/emoji\/13.1.0\/svg\/2b06.svg\" alt=\"\u2b06\ufe0f\" data-src=\"https:\/\/s.w.org\/images\/core\/emoji\/13.1.0\/svg\/2b06.svg\" \/> View back on Fortun \/ Blick zur\u00fcck auf Fortun \/ Retour sur Fortun<\/p>\n<p><a href=\"https:\/\/www.velomobileworld.com\/wp-content\/uploads\/2024\/03\/18-6-Glacier-pot-1024x768.jpeg\"><img loading=\"lazy\" decoding=\"async\" class=\"alignnone wp-image-40057\" src=\"https:\/\/www.velomobileworld.com\/wp-content\/uploads\/2024\/03\/18-6-Glacier-pot-1024x768.jpeg\" alt=\"\" width=\"450\" height=\"338\" \/><\/a><\/p>\n<p style=\"text-align: left;\"><img decoding=\"async\" class=\"emoji ls-is-cached lazyloaded\" role=\"img\" draggable=\"false\" src=\"https:\/\/s.w.org\/images\/core\/emoji\/13.1.0\/svg\/2b06.svg\" alt=\"\u2b06\ufe0f\" data-src=\"https:\/\/s.w.org\/images\/core\/emoji\/13.1.0\/svg\/2b06.svg\" \/> Glacier pot \/ Gletschertopf \/ Pot de glacier<\/p>\n<p><a href=\"https:\/\/www.velomobileworld.com\/wp-content\/uploads\/2024\/03\/18-7-1024x768.jpeg\"><img loading=\"lazy\" decoding=\"async\" class=\"alignnone wp-image-40062\" src=\"https:\/\/www.velomobileworld.com\/wp-content\/uploads\/2024\/03\/18-7-1024x768.jpeg\" alt=\"\" width=\"450\" height=\"338\" \/><\/a> <a href=\"https:\/\/www.velomobileworld.com\/wp-content\/uploads\/2024\/03\/18-8-1024x768.jpeg\"><img loading=\"lazy\" decoding=\"async\" class=\"alignnone wp-image-40067\" src=\"https:\/\/www.velomobileworld.com\/wp-content\/uploads\/2024\/03\/18-8-1024x768.jpeg\" alt=\"\" width=\"450\" height=\"338\" \/><\/a> <a href=\"https:\/\/www.velomobileworld.com\/wp-content\/uploads\/2024\/03\/18-9-1024x768.jpeg\"><img loading=\"lazy\" decoding=\"async\" class=\"alignnone wp-image-40072\" src=\"https:\/\/www.velomobileworld.com\/wp-content\/uploads\/2024\/03\/18-9-1024x768.jpeg\" alt=\"\" width=\"450\" height=\"338\" \/><\/a> <a href=\"https:\/\/www.velomobileworld.com\/wp-content\/uploads\/2024\/03\/18-10-Old-farm-1024x768.jpeg\"><img loading=\"lazy\" decoding=\"async\" class=\"alignnone wp-image-40077\" src=\"https:\/\/www.velomobileworld.com\/wp-content\/uploads\/2024\/03\/18-10-Old-farm-1024x768.jpeg\" alt=\"\" width=\"450\" height=\"338\" \/><\/a><\/p>\n<p style=\"text-align: left;\"><img decoding=\"async\" class=\"emoji ls-is-cached lazyloaded\" role=\"img\" draggable=\"false\" src=\"https:\/\/s.w.org\/images\/core\/emoji\/13.1.0\/svg\/2b06.svg\" alt=\"\u2b06\ufe0f\" data-src=\"https:\/\/s.w.org\/images\/core\/emoji\/13.1.0\/svg\/2b06.svg\" \/> Old farm \/ Alte Farm \/ Ancienne ferme<\/p>\n<p><a href=\"https:\/\/www.velomobileworld.com\/wp-content\/uploads\/2024\/03\/18-11-View-back-1024x768.jpeg\"><img loading=\"lazy\" decoding=\"async\" class=\"alignnone wp-image-40082\" src=\"https:\/\/www.velomobileworld.com\/wp-content\/uploads\/2024\/03\/18-11-View-back-1024x768.jpeg\" alt=\"\" width=\"450\" height=\"338\" \/><\/a><\/p>\n<p style=\"text-align: left;\"><img decoding=\"async\" class=\"emoji ls-is-cached lazyloaded\" role=\"img\" draggable=\"false\" src=\"https:\/\/s.w.org\/images\/core\/emoji\/13.1.0\/svg\/2b06.svg\" alt=\"\u2b06\ufe0f\" data-src=\"https:\/\/s.w.org\/images\/core\/emoji\/13.1.0\/svg\/2b06.svg\" \/> View back \/ Blick zur\u00fcck \/ Voir le dossier<\/p>\n<p><a href=\"https:\/\/www.velomobileworld.com\/wp-content\/uploads\/2024\/03\/18-12-1024x768.jpeg\"><img loading=\"lazy\" decoding=\"async\" class=\"alignnone wp-image-40087\" src=\"https:\/\/www.velomobileworld.com\/wp-content\/uploads\/2024\/03\/18-12-1024x768.jpeg\" alt=\"\" width=\"450\" height=\"338\" \/><\/a> <a href=\"https:\/\/www.velomobileworld.com\/wp-content\/uploads\/2024\/03\/18-13-First-stop-after-5-km-1024x768.jpeg\"><img loading=\"lazy\" decoding=\"async\" class=\"alignnone wp-image-40092\" src=\"https:\/\/www.velomobileworld.com\/wp-content\/uploads\/2024\/03\/18-13-First-stop-after-5-km-1024x768.jpeg\" alt=\"\" width=\"450\" height=\"338\" \/><\/a><\/p>\n<p style=\"text-align: left;\"><img decoding=\"async\" class=\"emoji ls-is-cached lazyloaded\" role=\"img\" draggable=\"false\" src=\"https:\/\/s.w.org\/images\/core\/emoji\/13.1.0\/svg\/2b06.svg\" alt=\"\u2b06\ufe0f\" data-src=\"https:\/\/s.w.org\/images\/core\/emoji\/13.1.0\/svg\/2b06.svg\" \/> First stop after 5 km \/ Erster Halt nach 5 km \/ Premier arr\u00eat apr\u00e8s 5 km<\/p>\n<p><a href=\"https:\/\/www.velomobileworld.com\/wp-content\/uploads\/2024\/03\/18-14-1024x768.jpeg\"><img loading=\"lazy\" decoding=\"async\" class=\"alignnone wp-image-40097\" src=\"https:\/\/www.velomobileworld.com\/wp-content\/uploads\/2024\/03\/18-14-1024x768.jpeg\" alt=\"\" width=\"450\" height=\"338\" \/><\/a> <a href=\"https:\/\/www.velomobileworld.com\/wp-content\/uploads\/2024\/03\/18-15-Thats-the-sognefjell-1024x768.jpeg\"><img loading=\"lazy\" decoding=\"async\" class=\"alignnone wp-image-40102\" src=\"https:\/\/www.velomobileworld.com\/wp-content\/uploads\/2024\/03\/18-15-Thats-the-sognefjell-1024x768.jpeg\" alt=\"\" width=\"450\" height=\"338\" \/><\/a><\/p>\n<p style=\"text-align: left;\"><img decoding=\"async\" class=\"emoji ls-is-cached lazyloaded\" role=\"img\" draggable=\"false\" src=\"https:\/\/s.w.org\/images\/core\/emoji\/13.1.0\/svg\/2b06.svg\" alt=\"\u2b06\ufe0f\" data-src=\"https:\/\/s.w.org\/images\/core\/emoji\/13.1.0\/svg\/2b06.svg\" \/> That\u2019s the Sognefjell \/ Das ist der Sognefjel \/ C&#8217;est le Sognefjel<\/p>\n<p><a href=\"https:\/\/www.velomobileworld.com\/wp-content\/uploads\/2024\/03\/18-16-1024x768.jpeg\"><img loading=\"lazy\" decoding=\"async\" class=\"alignnone wp-image-40107\" src=\"https:\/\/www.velomobileworld.com\/wp-content\/uploads\/2024\/03\/18-16-1024x768.jpeg\" alt=\"\" width=\"450\" height=\"338\" \/><\/a> <a href=\"https:\/\/www.velomobileworld.com\/wp-content\/uploads\/2024\/03\/18-17-1024x768.jpeg\"><img loading=\"lazy\" decoding=\"async\" class=\"alignnone wp-image-40112\" src=\"https:\/\/www.velomobileworld.com\/wp-content\/uploads\/2024\/03\/18-17-1024x768.jpeg\" alt=\"\" width=\"450\" height=\"338\" \/><\/a> <a href=\"https:\/\/www.velomobileworld.com\/wp-content\/uploads\/2024\/03\/18-18-1024x768.jpeg\"><img loading=\"lazy\" decoding=\"async\" class=\"alignnone wp-image-40117\" src=\"https:\/\/www.velomobileworld.com\/wp-content\/uploads\/2024\/03\/18-18-1024x768.jpeg\" alt=\"\" width=\"450\" height=\"338\" \/><\/a> <a href=\"https:\/\/www.velomobileworld.com\/wp-content\/uploads\/2024\/03\/18-19-1024x768.jpeg\"><img loading=\"lazy\" decoding=\"async\" class=\"alignnone wp-image-40122\" src=\"https:\/\/www.velomobileworld.com\/wp-content\/uploads\/2024\/03\/18-19-1024x768.jpeg\" alt=\"\" width=\"450\" height=\"338\" \/><\/a> <a href=\"https:\/\/www.velomobileworld.com\/wp-content\/uploads\/2024\/03\/18-20-Old-Mercedes-1024x735.jpeg\"><img loading=\"lazy\" decoding=\"async\" class=\"alignnone wp-image-40127\" src=\"https:\/\/www.velomobileworld.com\/wp-content\/uploads\/2024\/03\/18-20-Old-Mercedes-1024x735.jpeg\" alt=\"\" width=\"450\" height=\"323\" \/><\/a><\/p>\n<p style=\"text-align: left;\"><img decoding=\"async\" class=\"emoji ls-is-cached lazyloaded\" role=\"img\" draggable=\"false\" src=\"https:\/\/s.w.org\/images\/core\/emoji\/13.1.0\/svg\/2b06.svg\" alt=\"\u2b06\ufe0f\" data-src=\"https:\/\/s.w.org\/images\/core\/emoji\/13.1.0\/svg\/2b06.svg\" \/> Old Mercedes \/ Alter Mercedes \/ Ancienne Mercedes<\/p>\n<p><a href=\"https:\/\/www.velomobileworld.com\/wp-content\/uploads\/2024\/03\/18-21-Where-is-my-wife-1024x768.jpeg\"><img loading=\"lazy\" decoding=\"async\" class=\"alignnone wp-image-40132\" src=\"https:\/\/www.velomobileworld.com\/wp-content\/uploads\/2024\/03\/18-21-Where-is-my-wife-1024x768.jpeg\" alt=\"\" width=\"450\" height=\"338\" \/><\/a><\/p>\n<p style=\"text-align: left;\"><img decoding=\"async\" class=\"emoji ls-is-cached lazyloaded\" role=\"img\" draggable=\"false\" src=\"https:\/\/s.w.org\/images\/core\/emoji\/13.1.0\/svg\/2b06.svg\" alt=\"\u2b06\ufe0f\" data-src=\"https:\/\/s.w.org\/images\/core\/emoji\/13.1.0\/svg\/2b06.svg\" \/> Where is my wife? \/ Wo ist meine Frau? \/ O\u00f9 est ma femme ?<\/p>\n<p><a href=\"https:\/\/www.velomobileworld.com\/wp-content\/uploads\/2024\/03\/18-22-1024x768.jpeg\"><img loading=\"lazy\" decoding=\"async\" class=\"alignnone wp-image-40137\" src=\"https:\/\/www.velomobileworld.com\/wp-content\/uploads\/2024\/03\/18-22-1024x768.jpeg\" alt=\"\" width=\"450\" height=\"338\" \/><\/a> <a href=\"https:\/\/www.velomobileworld.com\/wp-content\/uploads\/2024\/03\/18-23-1024x768.jpeg\"><img loading=\"lazy\" decoding=\"async\" class=\"alignnone wp-image-40142\" src=\"https:\/\/www.velomobileworld.com\/wp-content\/uploads\/2024\/03\/18-23-1024x768.jpeg\" alt=\"\" width=\"450\" height=\"338\" \/><\/a> <a href=\"https:\/\/www.velomobileworld.com\/wp-content\/uploads\/2024\/03\/18-24-1024x768.jpeg\"><img loading=\"lazy\" decoding=\"async\" class=\"alignnone wp-image-40147\" src=\"https:\/\/www.velomobileworld.com\/wp-content\/uploads\/2024\/03\/18-24-1024x768.jpeg\" alt=\"\" width=\"450\" height=\"338\" \/><\/a> <a href=\"https:\/\/www.velomobileworld.com\/wp-content\/uploads\/2024\/03\/18-25-On-the-top-1024x768.jpeg\"><img loading=\"lazy\" decoding=\"async\" class=\"alignnone wp-image-40152\" src=\"https:\/\/www.velomobileworld.com\/wp-content\/uploads\/2024\/03\/18-25-On-the-top-1024x768.jpeg\" alt=\"\" width=\"450\" height=\"338\" \/><\/a><\/p>\n<p style=\"text-align: left;\"><img decoding=\"async\" class=\"emoji ls-is-cached lazyloaded\" role=\"img\" draggable=\"false\" src=\"https:\/\/s.w.org\/images\/core\/emoji\/13.1.0\/svg\/2b06.svg\" alt=\"\u2b06\ufe0f\" data-src=\"https:\/\/s.w.org\/images\/core\/emoji\/13.1.0\/svg\/2b06.svg\" \/> On the top \/ Oben \/ En haut<\/p>\n<p><a href=\"https:\/\/www.velomobileworld.com\/wp-content\/uploads\/2024\/03\/18-26-1024x768.jpeg\"><img loading=\"lazy\" decoding=\"async\" class=\"alignnone wp-image-40157\" src=\"https:\/\/www.velomobileworld.com\/wp-content\/uploads\/2024\/03\/18-26-1024x768.jpeg\" alt=\"\" width=\"450\" height=\"338\" \/><\/a> <a href=\"https:\/\/www.velomobileworld.com\/wp-content\/uploads\/2024\/03\/18-27-1024x768.jpeg\"><img loading=\"lazy\" decoding=\"async\" class=\"alignnone wp-image-40162\" src=\"https:\/\/www.velomobileworld.com\/wp-content\/uploads\/2024\/03\/18-27-1024x768.jpeg\" alt=\"\" width=\"450\" height=\"338\" \/><\/a> <a href=\"https:\/\/www.velomobileworld.com\/wp-content\/uploads\/2024\/03\/18-28-1024x768.jpeg\"><img loading=\"lazy\" decoding=\"async\" class=\"alignnone wp-image-40167\" src=\"https:\/\/www.velomobileworld.com\/wp-content\/uploads\/2024\/03\/18-28-1024x768.jpeg\" alt=\"\" width=\"450\" height=\"338\" \/><\/a> <a href=\"https:\/\/www.velomobileworld.com\/wp-content\/uploads\/2024\/03\/18-29-1024x768.jpeg\"><img loading=\"lazy\" decoding=\"async\" class=\"alignnone wp-image-40172\" src=\"https:\/\/www.velomobileworld.com\/wp-content\/uploads\/2024\/03\/18-29-1024x768.jpeg\" alt=\"\" width=\"450\" height=\"338\" \/><\/a> <a href=\"https:\/\/www.velomobileworld.com\/wp-content\/uploads\/2024\/03\/18-30-1024x768.jpeg\"><img loading=\"lazy\" decoding=\"async\" class=\"alignnone wp-image-40177\" src=\"https:\/\/www.velomobileworld.com\/wp-content\/uploads\/2024\/03\/18-30-1024x768.jpeg\" alt=\"\" width=\"450\" height=\"338\" \/><\/a> <a href=\"https:\/\/www.velomobileworld.com\/wp-content\/uploads\/2024\/03\/18-31-1024x768.jpeg\"><img loading=\"lazy\" decoding=\"async\" class=\"alignnone wp-image-40182\" src=\"https:\/\/www.velomobileworld.com\/wp-content\/uploads\/2024\/03\/18-31-1024x768.jpeg\" alt=\"\" width=\"450\" height=\"338\" \/><\/a> <a href=\"https:\/\/www.velomobileworld.com\/wp-content\/uploads\/2024\/03\/18-32-1024x768.jpeg\"><img loading=\"lazy\" decoding=\"async\" class=\"alignnone wp-image-40187\" src=\"https:\/\/www.velomobileworld.com\/wp-content\/uploads\/2024\/03\/18-32-1024x768.jpeg\" alt=\"\" width=\"450\" height=\"338\" \/><\/a> <a href=\"https:\/\/www.velomobileworld.com\/wp-content\/uploads\/2024\/03\/18-33-1024x768.jpeg\"><img loading=\"lazy\" decoding=\"async\" class=\"alignnone wp-image-40192\" src=\"https:\/\/www.velomobileworld.com\/wp-content\/uploads\/2024\/03\/18-33-1024x768.jpeg\" alt=\"\" width=\"450\" height=\"338\" \/><\/a> <a href=\"https:\/\/www.velomobileworld.com\/wp-content\/uploads\/2024\/03\/18-34-1024x768.jpeg\"><img loading=\"lazy\" decoding=\"async\" class=\"alignnone wp-image-40197\" src=\"https:\/\/www.velomobileworld.com\/wp-content\/uploads\/2024\/03\/18-34-1024x768.jpeg\" alt=\"\" width=\"450\" height=\"338\" \/><\/a> <a href=\"https:\/\/www.velomobileworld.com\/wp-content\/uploads\/2024\/03\/18-35-1024x768.jpeg\"><img loading=\"lazy\" decoding=\"async\" class=\"alignnone wp-image-40202\" src=\"https:\/\/www.velomobileworld.com\/wp-content\/uploads\/2024\/03\/18-35-1024x768.jpeg\" alt=\"\" width=\"450\" height=\"338\" \/><\/a> <a href=\"https:\/\/www.velomobileworld.com\/wp-content\/uploads\/2024\/03\/18-36-1024x768.jpeg\"><img loading=\"lazy\" decoding=\"async\" class=\"alignnone wp-image-40207\" src=\"https:\/\/www.velomobileworld.com\/wp-content\/uploads\/2024\/03\/18-36-1024x768.jpeg\" alt=\"\" width=\"450\" height=\"338\" \/><\/a> <a href=\"https:\/\/www.velomobileworld.com\/wp-content\/uploads\/2024\/03\/18-37-1024x768.jpeg\"><img loading=\"lazy\" decoding=\"async\" class=\"alignnone wp-image-40212\" src=\"https:\/\/www.velomobileworld.com\/wp-content\/uploads\/2024\/03\/18-37-1024x768.jpeg\" alt=\"\" width=\"450\" height=\"338\" \/><\/a> <a href=\"https:\/\/www.velomobileworld.com\/wp-content\/uploads\/2024\/03\/18-38-1024x768.jpeg\"><img loading=\"lazy\" decoding=\"async\" class=\"alignnone wp-image-40217\" src=\"https:\/\/www.velomobileworld.com\/wp-content\/uploads\/2024\/03\/18-38-1024x768.jpeg\" alt=\"\" width=\"450\" height=\"338\" \/><\/a> <a href=\"https:\/\/www.velomobileworld.com\/wp-content\/uploads\/2024\/03\/18-39-Jotunhejmen-1024x768.jpeg\"><img loading=\"lazy\" decoding=\"async\" class=\"alignnone wp-image-40222\" src=\"https:\/\/www.velomobileworld.com\/wp-content\/uploads\/2024\/03\/18-39-Jotunhejmen-1024x768.jpeg\" alt=\"\" width=\"450\" height=\"338\" \/><\/a><\/p>\n<p style=\"text-align: left;\"><img decoding=\"async\" class=\"emoji ls-is-cached lazyloaded\" role=\"img\" draggable=\"false\" src=\"https:\/\/s.w.org\/images\/core\/emoji\/13.1.0\/svg\/2b06.svg\" alt=\"\u2b06\ufe0f\" data-src=\"https:\/\/s.w.org\/images\/core\/emoji\/13.1.0\/svg\/2b06.svg\" \/> Jotunheimen<\/p>\n<p><a href=\"https:\/\/www.velomobileworld.com\/wp-content\/uploads\/2024\/03\/18-40-1024x749.jpeg\"><img loading=\"lazy\" decoding=\"async\" class=\"alignnone wp-image-40227\" src=\"https:\/\/www.velomobileworld.com\/wp-content\/uploads\/2024\/03\/18-40-1024x749.jpeg\" alt=\"\" width=\"450\" height=\"329\" \/><\/a> <a href=\"https:\/\/www.velomobileworld.com\/wp-content\/uploads\/2024\/03\/18-41-1024x768.jpeg\"><img loading=\"lazy\" decoding=\"async\" class=\"alignnone wp-image-40232\" src=\"https:\/\/www.velomobileworld.com\/wp-content\/uploads\/2024\/03\/18-41-1024x768.jpeg\" alt=\"\" width=\"450\" height=\"338\" \/><\/a> <a href=\"https:\/\/www.velomobileworld.com\/wp-content\/uploads\/2024\/03\/18-42-1024x768.jpeg\"><img loading=\"lazy\" decoding=\"async\" class=\"alignnone wp-image-40237\" src=\"https:\/\/www.velomobileworld.com\/wp-content\/uploads\/2024\/03\/18-42-1024x768.jpeg\" alt=\"\" width=\"450\" height=\"338\" \/><\/a> <a href=\"https:\/\/www.velomobileworld.com\/wp-content\/uploads\/2024\/03\/18-43-Down-1024x768.jpeg\"><img loading=\"lazy\" decoding=\"async\" class=\"alignnone wp-image-40242\" src=\"https:\/\/www.velomobileworld.com\/wp-content\/uploads\/2024\/03\/18-43-Down-1024x768.jpeg\" alt=\"\" width=\"450\" height=\"338\" \/><\/a><\/p>\n<p style=\"text-align: left;\"><img decoding=\"async\" class=\"emoji ls-is-cached lazyloaded\" role=\"img\" draggable=\"false\" src=\"https:\/\/s.w.org\/images\/core\/emoji\/13.1.0\/svg\/2b06.svg\" alt=\"\u2b06\ufe0f\" data-src=\"https:\/\/s.w.org\/images\/core\/emoji\/13.1.0\/svg\/2b06.svg\" \/> Down \/ Daunen \/ En bas<\/p>\n<p><a href=\"https:\/\/www.velomobileworld.com\/wp-content\/uploads\/2024\/03\/18-44-1024x768.jpeg\"><img loading=\"lazy\" decoding=\"async\" class=\"alignnone wp-image-40247\" src=\"https:\/\/www.velomobileworld.com\/wp-content\/uploads\/2024\/03\/18-44-1024x768.jpeg\" alt=\"\" width=\"450\" height=\"338\" \/><\/a> <a href=\"https:\/\/www.velomobileworld.com\/wp-content\/uploads\/2024\/03\/18-45-Father-with-his-sons-on-tour-1024x768.jpeg\"><img loading=\"lazy\" decoding=\"async\" class=\"alignnone wp-image-40252\" src=\"https:\/\/www.velomobileworld.com\/wp-content\/uploads\/2024\/03\/18-45-Father-with-his-sons-on-tour-1024x768.jpeg\" alt=\"\" width=\"450\" height=\"338\" \/><\/a><\/p>\n<p style=\"text-align: left;\"><img decoding=\"async\" class=\"emoji ls-is-cached lazyloaded\" role=\"img\" draggable=\"false\" src=\"https:\/\/s.w.org\/images\/core\/emoji\/13.1.0\/svg\/2b06.svg\" alt=\"\u2b06\ufe0f\" data-src=\"https:\/\/s.w.org\/images\/core\/emoji\/13.1.0\/svg\/2b06.svg\" \/> Father with his sons on tour \/ Vater mit seinen S\u00f6hnen auf Tour \/ P\u00e8re avec ses fils en tourn\u00e9e<\/p>\n<p><a href=\"https:\/\/www.velomobileworld.com\/wp-content\/uploads\/2024\/03\/18-46-768x1024.jpeg\"><img loading=\"lazy\" decoding=\"async\" class=\"alignnone wp-image-40257\" src=\"https:\/\/www.velomobileworld.com\/wp-content\/uploads\/2024\/03\/18-46-768x1024.jpeg\" alt=\"\" width=\"450\" height=\"600\" \/><\/a> <a href=\"https:\/\/www.velomobileworld.com\/wp-content\/uploads\/2024\/03\/18-47-1024x831.jpeg\"><img loading=\"lazy\" decoding=\"async\" class=\"alignnone wp-image-40262\" src=\"https:\/\/www.velomobileworld.com\/wp-content\/uploads\/2024\/03\/18-47-1024x831.jpeg\" alt=\"\" width=\"450\" height=\"365\" \/><\/a> <a href=\"https:\/\/www.velomobileworld.com\/wp-content\/uploads\/2024\/03\/18-48-1024x768.jpeg\"><img loading=\"lazy\" decoding=\"async\" class=\"alignnone wp-image-40267\" src=\"https:\/\/www.velomobileworld.com\/wp-content\/uploads\/2024\/03\/18-48-1024x768.jpeg\" alt=\"\" width=\"450\" height=\"338\" \/><\/a> <a href=\"https:\/\/www.velomobileworld.com\/wp-content\/uploads\/2024\/03\/18-49-1024x768.jpeg\"><img loading=\"lazy\" decoding=\"async\" class=\"alignnone wp-image-40272\" src=\"https:\/\/www.velomobileworld.com\/wp-content\/uploads\/2024\/03\/18-49-1024x768.jpeg\" alt=\"\" width=\"450\" height=\"338\" \/><\/a> <a href=\"https:\/\/www.velomobileworld.com\/wp-content\/uploads\/2024\/03\/18-50-1024x768.jpeg\"><img loading=\"lazy\" decoding=\"async\" class=\"alignnone wp-image-40277\" src=\"https:\/\/www.velomobileworld.com\/wp-content\/uploads\/2024\/03\/18-50-1024x768.jpeg\" alt=\"\" width=\"450\" height=\"338\" \/><\/a> <a href=\"https:\/\/www.velomobileworld.com\/wp-content\/uploads\/2024\/03\/18-51-Stab-chaurch-768x1024.jpeg\"><img loading=\"lazy\" decoding=\"async\" class=\"alignnone wp-image-40282\" src=\"https:\/\/www.velomobileworld.com\/wp-content\/uploads\/2024\/03\/18-51-Stab-chaurch-768x1024.jpeg\" alt=\"\" width=\"450\" height=\"600\" \/><\/a><\/p>\n<p style=\"text-align: left;\"><img decoding=\"async\" class=\"emoji ls-is-cached lazyloaded\" role=\"img\" draggable=\"false\" src=\"https:\/\/s.w.org\/images\/core\/emoji\/13.1.0\/svg\/2b06.svg\" alt=\"\u2b06\ufe0f\" data-src=\"https:\/\/s.w.org\/images\/core\/emoji\/13.1.0\/svg\/2b06.svg\" \/> Stab (stave) church \/ Stabkirche<\/p>\n<p><a href=\"https:\/\/www.velomobileworld.com\/wp-content\/uploads\/2024\/03\/18-52-Campground-1024x768.jpeg\"><img loading=\"lazy\" decoding=\"async\" class=\"alignnone wp-image-40287\" src=\"https:\/\/www.velomobileworld.com\/wp-content\/uploads\/2024\/03\/18-52-Campground-1024x768.jpeg\" alt=\"\" width=\"450\" height=\"338\" \/><\/a><\/p>\n<p style=\"text-align: left;\"><img decoding=\"async\" class=\"emoji ls-is-cached lazyloaded\" role=\"img\" draggable=\"false\" src=\"https:\/\/s.w.org\/images\/core\/emoji\/13.1.0\/svg\/2b06.svg\" alt=\"\u2b06\ufe0f\" data-src=\"https:\/\/s.w.org\/images\/core\/emoji\/13.1.0\/svg\/2b06.svg\" \/> Campground \/ Campingplatz \/ Terrain de camping<\/p>\n<p style=\"text-align: left;\"><strong>&#8230;&#8230;&#8230;&#8230;&#8230;&#8230;&#8230;&#8230;&#8230;&#8230;&#8230;&#8230;&#8230;&#8230;&#8230;&#8230;&#8230;&#8230;<\/strong><\/p>\n<p style=\"text-align: left;\"><a href=\"https:\/\/www.velomobileworld.com\/de\/velomobil-ausfluege-35-tage-mit-brigitte-und-fritz\/\" target=\"_blank\" rel=\"noopener\">2022 VELOMOBILE ROAD TRIP: 35 DAYS WITH BRIGITTE AND FRITZ (EN\/DE\/FR)<\/a><\/p>\n","protected":false},"excerpt":{"rendered":"<p>Auf zur Mitternachtssonne. Eine Velomobil Reise mit Brigitte und Fritz. Deutschland &gt; D\u00e4nemark &gt; Norwegen &gt; Nordkap &gt; Finnland &gt; [&hellip;]<\/p>\n","protected":false},"author":4,"featured_media":6123,"comment_status":"open","ping_status":"closed","sticky":false,"template":"","format":"standard","meta":{"_acf_changed":false,"footnotes":""},"categories":[690],"tags":[],"class_list":["post-7102","post","type-post","status-publish","format-standard","has-post-thumbnail","hentry","category-unkategorisiert"],"acf":[],"yoast_head":"<!-- This site is optimized with the Yoast SEO plugin v27.5 - https:\/\/yoast.com\/product\/yoast-seo-wordpress\/ -->\n<title>Auf zur Mitternachtssonne (Tag 19) | Velomobile World<\/title>\n<meta name=\"description\" content=\"Auf zur Mitternachtssonne (Tag 19). Eine weitere Reise mit Brigitte und Fritz. Entdecken Sie ihre Abenteuer. Details im Artikel.\" \/>\n<meta name=\"robots\" content=\"index, follow, max-snippet:-1, max-image-preview:large, max-video-preview:-1\" \/>\n<link rel=\"canonical\" href=\"https:\/\/www.velomobileworld.com\/de\/auf-zur-mitternachtssonne-tag-19\/\" \/>\n<meta property=\"og:locale\" content=\"de_DE\" \/>\n<meta property=\"og:type\" content=\"article\" \/>\n<meta property=\"og:title\" content=\"Auf zur Mitternachtssonne (Tag 19) | Velomobile World\" \/>\n<meta property=\"og:description\" content=\"Auf zur Mitternachtssonne (Tag 19). Eine weitere Reise mit Brigitte und Fritz. Entdecken Sie ihre Abenteuer. Details im Artikel.\" \/>\n<meta property=\"og:url\" content=\"https:\/\/www.velomobileworld.com\/de\/auf-zur-mitternachtssonne-tag-19\/\" \/>\n<meta property=\"og:site_name\" content=\"Velomobile World\" \/>\n<meta property=\"article:published_time\" content=\"2024-12-10T10:30:51+00:00\" \/>\n<meta property=\"article:modified_time\" content=\"2025-07-25T10:11:15+00:00\" \/>\n<meta property=\"og:image\" content=\"https:\/\/www.velomobileworld.com\/wp-content\/uploads\/2024\/12\/Midnightsun-Day-19.jpg\" \/>\n\t<meta property=\"og:image:width\" content=\"1920\" \/>\n\t<meta property=\"og:image:height\" content=\"850\" \/>\n\t<meta property=\"og:image:type\" content=\"image\/jpeg\" \/>\n<meta name=\"author\" content=\"Jan Wijnen\" \/>\n<meta name=\"twitter:card\" content=\"summary_large_image\" \/>\n<meta name=\"twitter:label1\" content=\"Verfasst von\" \/>\n\t<meta name=\"twitter:data1\" content=\"Jan Wijnen\" \/>\n\t<meta name=\"twitter:label2\" content=\"Gesch\u00e4tzte Lesezeit\" \/>\n\t<meta name=\"twitter:data2\" content=\"3\u00a0Minuten\" \/>\n<script type=\"application\/ld+json\" class=\"yoast-schema-graph\">{\"@context\":\"https:\\\/\\\/schema.org\",\"@graph\":[{\"@type\":\"Article\",\"@id\":\"https:\\\/\\\/www.velomobileworld.com\\\/de\\\/auf-zur-mitternachtssonne-tag-19\\\/#article\",\"isPartOf\":{\"@id\":\"https:\\\/\\\/www.velomobileworld.com\\\/de\\\/auf-zur-mitternachtssonne-tag-19\\\/\"},\"author\":{\"name\":\"Jan Wijnen\",\"@id\":\"https:\\\/\\\/www.velomobileworld.com\\\/nl\\\/#\\\/schema\\\/person\\\/c0c7c661ad3c8719ed05a7dc85d6fa12\"},\"headline\":\"Auf zur Mitternachtssonne (Tag 19)\",\"datePublished\":\"2024-12-10T10:30:51+00:00\",\"dateModified\":\"2025-07-25T10:11:15+00:00\",\"mainEntityOfPage\":{\"@id\":\"https:\\\/\\\/www.velomobileworld.com\\\/de\\\/auf-zur-mitternachtssonne-tag-19\\\/\"},\"wordCount\":583,\"commentCount\":0,\"image\":{\"@id\":\"https:\\\/\\\/www.velomobileworld.com\\\/de\\\/auf-zur-mitternachtssonne-tag-19\\\/#primaryimage\"},\"thumbnailUrl\":\"https:\\\/\\\/www.velomobileworld.com\\\/wp-content\\\/uploads\\\/2024\\\/12\\\/Midnightsun-Day-19.jpg\",\"articleSection\":[\"Unkategorisiert\"],\"inLanguage\":\"de\",\"potentialAction\":[{\"@type\":\"CommentAction\",\"name\":\"Comment\",\"target\":[\"https:\\\/\\\/www.velomobileworld.com\\\/de\\\/auf-zur-mitternachtssonne-tag-19\\\/#respond\"]}]},{\"@type\":\"WebPage\",\"@id\":\"https:\\\/\\\/www.velomobileworld.com\\\/de\\\/auf-zur-mitternachtssonne-tag-19\\\/\",\"url\":\"https:\\\/\\\/www.velomobileworld.com\\\/de\\\/auf-zur-mitternachtssonne-tag-19\\\/\",\"name\":\"Auf zur Mitternachtssonne (Tag 19) | Velomobile World\",\"isPartOf\":{\"@id\":\"https:\\\/\\\/www.velomobileworld.com\\\/nl\\\/#website\"},\"primaryImageOfPage\":{\"@id\":\"https:\\\/\\\/www.velomobileworld.com\\\/de\\\/auf-zur-mitternachtssonne-tag-19\\\/#primaryimage\"},\"image\":{\"@id\":\"https:\\\/\\\/www.velomobileworld.com\\\/de\\\/auf-zur-mitternachtssonne-tag-19\\\/#primaryimage\"},\"thumbnailUrl\":\"https:\\\/\\\/www.velomobileworld.com\\\/wp-content\\\/uploads\\\/2024\\\/12\\\/Midnightsun-Day-19.jpg\",\"datePublished\":\"2024-12-10T10:30:51+00:00\",\"dateModified\":\"2025-07-25T10:11:15+00:00\",\"author\":{\"@id\":\"https:\\\/\\\/www.velomobileworld.com\\\/nl\\\/#\\\/schema\\\/person\\\/c0c7c661ad3c8719ed05a7dc85d6fa12\"},\"description\":\"Auf zur Mitternachtssonne (Tag 19). Eine weitere Reise mit Brigitte und Fritz. Entdecken Sie ihre Abenteuer. Details im Artikel.\",\"breadcrumb\":{\"@id\":\"https:\\\/\\\/www.velomobileworld.com\\\/de\\\/auf-zur-mitternachtssonne-tag-19\\\/#breadcrumb\"},\"inLanguage\":\"de\",\"potentialAction\":[{\"@type\":\"ReadAction\",\"target\":[\"https:\\\/\\\/www.velomobileworld.com\\\/de\\\/auf-zur-mitternachtssonne-tag-19\\\/\"]}]},{\"@type\":\"ImageObject\",\"inLanguage\":\"de\",\"@id\":\"https:\\\/\\\/www.velomobileworld.com\\\/de\\\/auf-zur-mitternachtssonne-tag-19\\\/#primaryimage\",\"url\":\"https:\\\/\\\/www.velomobileworld.com\\\/wp-content\\\/uploads\\\/2024\\\/12\\\/Midnightsun-Day-19.jpg\",\"contentUrl\":\"https:\\\/\\\/www.velomobileworld.com\\\/wp-content\\\/uploads\\\/2024\\\/12\\\/Midnightsun-Day-19.jpg\",\"width\":1920,\"height\":850,\"caption\":\"xr:d:DAF-EngZokQ:4,j:5145782667853927549,t:24022810\"},{\"@type\":\"BreadcrumbList\",\"@id\":\"https:\\\/\\\/www.velomobileworld.com\\\/de\\\/auf-zur-mitternachtssonne-tag-19\\\/#breadcrumb\",\"itemListElement\":[{\"@type\":\"ListItem\",\"position\":1,\"name\":\"Home\",\"item\":\"https:\\\/\\\/www.velomobileworld.com\\\/\"},{\"@type\":\"ListItem\",\"position\":2,\"name\":\"Auf zur Mitternachtssonne (Tag 19)\"}]},{\"@type\":\"WebSite\",\"@id\":\"https:\\\/\\\/www.velomobileworld.com\\\/nl\\\/#website\",\"url\":\"https:\\\/\\\/www.velomobileworld.com\\\/nl\\\/\",\"name\":\"Velomobile World\",\"description\":\"\",\"potentialAction\":[{\"@type\":\"SearchAction\",\"target\":{\"@type\":\"EntryPoint\",\"urlTemplate\":\"https:\\\/\\\/www.velomobileworld.com\\\/nl\\\/?s={search_term_string}\"},\"query-input\":{\"@type\":\"PropertyValueSpecification\",\"valueRequired\":true,\"valueName\":\"search_term_string\"}}],\"inLanguage\":\"de\"},{\"@type\":\"Person\",\"@id\":\"https:\\\/\\\/www.velomobileworld.com\\\/nl\\\/#\\\/schema\\\/person\\\/c0c7c661ad3c8719ed05a7dc85d6fa12\",\"name\":\"Jan Wijnen\",\"image\":{\"@type\":\"ImageObject\",\"inLanguage\":\"de\",\"@id\":\"https:\\\/\\\/secure.gravatar.com\\\/avatar\\\/4802c8a6006d5895d73a1141e39ccf819bca7ec1dbfb26a6f4370880cefa109a?s=96&d=mm&r=g\",\"url\":\"https:\\\/\\\/secure.gravatar.com\\\/avatar\\\/4802c8a6006d5895d73a1141e39ccf819bca7ec1dbfb26a6f4370880cefa109a?s=96&d=mm&r=g\",\"contentUrl\":\"https:\\\/\\\/secure.gravatar.com\\\/avatar\\\/4802c8a6006d5895d73a1141e39ccf819bca7ec1dbfb26a6f4370880cefa109a?s=96&d=mm&r=g\",\"caption\":\"Jan Wijnen\"},\"url\":\"https:\\\/\\\/www.velomobileworld.com\\\/de\\\/author\\\/jan-admin\\\/\"}]}<\/script>\n<!-- \/ Yoast SEO plugin. -->","yoast_head_json":{"title":"Auf zur Mitternachtssonne (Tag 19) | Velomobile World","description":"Auf zur Mitternachtssonne (Tag 19). Eine weitere Reise mit Brigitte und Fritz. Entdecken Sie ihre Abenteuer. Details im Artikel.","robots":{"index":"index","follow":"follow","max-snippet":"max-snippet:-1","max-image-preview":"max-image-preview:large","max-video-preview":"max-video-preview:-1"},"canonical":"https:\/\/www.velomobileworld.com\/de\/auf-zur-mitternachtssonne-tag-19\/","og_locale":"de_DE","og_type":"article","og_title":"Auf zur Mitternachtssonne (Tag 19) | Velomobile World","og_description":"Auf zur Mitternachtssonne (Tag 19). Eine weitere Reise mit Brigitte und Fritz. Entdecken Sie ihre Abenteuer. Details im Artikel.","og_url":"https:\/\/www.velomobileworld.com\/de\/auf-zur-mitternachtssonne-tag-19\/","og_site_name":"Velomobile World","article_published_time":"2024-12-10T10:30:51+00:00","article_modified_time":"2025-07-25T10:11:15+00:00","og_image":[{"width":1920,"height":850,"url":"https:\/\/www.velomobileworld.com\/wp-content\/uploads\/2024\/12\/Midnightsun-Day-19.jpg","type":"image\/jpeg"}],"author":"Jan Wijnen","twitter_card":"summary_large_image","twitter_misc":{"Verfasst von":"Jan Wijnen","Gesch\u00e4tzte Lesezeit":"3\u00a0Minuten"},"schema":{"@context":"https:\/\/schema.org","@graph":[{"@type":"Article","@id":"https:\/\/www.velomobileworld.com\/de\/auf-zur-mitternachtssonne-tag-19\/#article","isPartOf":{"@id":"https:\/\/www.velomobileworld.com\/de\/auf-zur-mitternachtssonne-tag-19\/"},"author":{"name":"Jan Wijnen","@id":"https:\/\/www.velomobileworld.com\/nl\/#\/schema\/person\/c0c7c661ad3c8719ed05a7dc85d6fa12"},"headline":"Auf zur Mitternachtssonne (Tag 19)","datePublished":"2024-12-10T10:30:51+00:00","dateModified":"2025-07-25T10:11:15+00:00","mainEntityOfPage":{"@id":"https:\/\/www.velomobileworld.com\/de\/auf-zur-mitternachtssonne-tag-19\/"},"wordCount":583,"commentCount":0,"image":{"@id":"https:\/\/www.velomobileworld.com\/de\/auf-zur-mitternachtssonne-tag-19\/#primaryimage"},"thumbnailUrl":"https:\/\/www.velomobileworld.com\/wp-content\/uploads\/2024\/12\/Midnightsun-Day-19.jpg","articleSection":["Unkategorisiert"],"inLanguage":"de","potentialAction":[{"@type":"CommentAction","name":"Comment","target":["https:\/\/www.velomobileworld.com\/de\/auf-zur-mitternachtssonne-tag-19\/#respond"]}]},{"@type":"WebPage","@id":"https:\/\/www.velomobileworld.com\/de\/auf-zur-mitternachtssonne-tag-19\/","url":"https:\/\/www.velomobileworld.com\/de\/auf-zur-mitternachtssonne-tag-19\/","name":"Auf zur Mitternachtssonne (Tag 19) | Velomobile World","isPartOf":{"@id":"https:\/\/www.velomobileworld.com\/nl\/#website"},"primaryImageOfPage":{"@id":"https:\/\/www.velomobileworld.com\/de\/auf-zur-mitternachtssonne-tag-19\/#primaryimage"},"image":{"@id":"https:\/\/www.velomobileworld.com\/de\/auf-zur-mitternachtssonne-tag-19\/#primaryimage"},"thumbnailUrl":"https:\/\/www.velomobileworld.com\/wp-content\/uploads\/2024\/12\/Midnightsun-Day-19.jpg","datePublished":"2024-12-10T10:30:51+00:00","dateModified":"2025-07-25T10:11:15+00:00","author":{"@id":"https:\/\/www.velomobileworld.com\/nl\/#\/schema\/person\/c0c7c661ad3c8719ed05a7dc85d6fa12"},"description":"Auf zur Mitternachtssonne (Tag 19). Eine weitere Reise mit Brigitte und Fritz. Entdecken Sie ihre Abenteuer. Details im Artikel.","breadcrumb":{"@id":"https:\/\/www.velomobileworld.com\/de\/auf-zur-mitternachtssonne-tag-19\/#breadcrumb"},"inLanguage":"de","potentialAction":[{"@type":"ReadAction","target":["https:\/\/www.velomobileworld.com\/de\/auf-zur-mitternachtssonne-tag-19\/"]}]},{"@type":"ImageObject","inLanguage":"de","@id":"https:\/\/www.velomobileworld.com\/de\/auf-zur-mitternachtssonne-tag-19\/#primaryimage","url":"https:\/\/www.velomobileworld.com\/wp-content\/uploads\/2024\/12\/Midnightsun-Day-19.jpg","contentUrl":"https:\/\/www.velomobileworld.com\/wp-content\/uploads\/2024\/12\/Midnightsun-Day-19.jpg","width":1920,"height":850,"caption":"xr:d:DAF-EngZokQ:4,j:5145782667853927549,t:24022810"},{"@type":"BreadcrumbList","@id":"https:\/\/www.velomobileworld.com\/de\/auf-zur-mitternachtssonne-tag-19\/#breadcrumb","itemListElement":[{"@type":"ListItem","position":1,"name":"Home","item":"https:\/\/www.velomobileworld.com\/"},{"@type":"ListItem","position":2,"name":"Auf zur Mitternachtssonne (Tag 19)"}]},{"@type":"WebSite","@id":"https:\/\/www.velomobileworld.com\/nl\/#website","url":"https:\/\/www.velomobileworld.com\/nl\/","name":"Velomobile World","description":"","potentialAction":[{"@type":"SearchAction","target":{"@type":"EntryPoint","urlTemplate":"https:\/\/www.velomobileworld.com\/nl\/?s={search_term_string}"},"query-input":{"@type":"PropertyValueSpecification","valueRequired":true,"valueName":"search_term_string"}}],"inLanguage":"de"},{"@type":"Person","@id":"https:\/\/www.velomobileworld.com\/nl\/#\/schema\/person\/c0c7c661ad3c8719ed05a7dc85d6fa12","name":"Jan Wijnen","image":{"@type":"ImageObject","inLanguage":"de","@id":"https:\/\/secure.gravatar.com\/avatar\/4802c8a6006d5895d73a1141e39ccf819bca7ec1dbfb26a6f4370880cefa109a?s=96&d=mm&r=g","url":"https:\/\/secure.gravatar.com\/avatar\/4802c8a6006d5895d73a1141e39ccf819bca7ec1dbfb26a6f4370880cefa109a?s=96&d=mm&r=g","contentUrl":"https:\/\/secure.gravatar.com\/avatar\/4802c8a6006d5895d73a1141e39ccf819bca7ec1dbfb26a6f4370880cefa109a?s=96&d=mm&r=g","caption":"Jan Wijnen"},"url":"https:\/\/www.velomobileworld.com\/de\/author\/jan-admin\/"}]}},"_links":{"self":[{"href":"https:\/\/www.velomobileworld.com\/de\/wp-json\/wp\/v2\/posts\/7102","targetHints":{"allow":["GET"]}}],"collection":[{"href":"https:\/\/www.velomobileworld.com\/de\/wp-json\/wp\/v2\/posts"}],"about":[{"href":"https:\/\/www.velomobileworld.com\/de\/wp-json\/wp\/v2\/types\/post"}],"author":[{"embeddable":true,"href":"https:\/\/www.velomobileworld.com\/de\/wp-json\/wp\/v2\/users\/4"}],"replies":[{"embeddable":true,"href":"https:\/\/www.velomobileworld.com\/de\/wp-json\/wp\/v2\/comments?post=7102"}],"version-history":[{"count":2,"href":"https:\/\/www.velomobileworld.com\/de\/wp-json\/wp\/v2\/posts\/7102\/revisions"}],"predecessor-version":[{"id":100765,"href":"https:\/\/www.velomobileworld.com\/de\/wp-json\/wp\/v2\/posts\/7102\/revisions\/100765"}],"wp:featuredmedia":[{"embeddable":true,"href":"https:\/\/www.velomobileworld.com\/de\/wp-json\/wp\/v2\/media\/6123"}],"wp:attachment":[{"href":"https:\/\/www.velomobileworld.com\/de\/wp-json\/wp\/v2\/media?parent=7102"}],"wp:term":[{"taxonomy":"category","embeddable":true,"href":"https:\/\/www.velomobileworld.com\/de\/wp-json\/wp\/v2\/categories?post=7102"},{"taxonomy":"post_tag","embeddable":true,"href":"https:\/\/www.velomobileworld.com\/de\/wp-json\/wp\/v2\/tags?post=7102"}],"curies":[{"name":"wp","href":"https:\/\/api.w.org\/{rel}","templated":true}]}}