{"id":7131,"date":"2024-12-09T16:27:05","date_gmt":"2024-12-09T15:27:05","guid":{"rendered":"https:\/\/velomobileworld.convident.dev\/auf-zur-mitternachtssonne-tag-29\/"},"modified":"2025-07-25T12:11:17","modified_gmt":"2025-07-25T10:11:17","slug":"auf-zur-mitternachtssonne-tag-29","status":"publish","type":"post","link":"https:\/\/www.velomobileworld.com\/de\/auf-zur-mitternachtssonne-tag-29\/","title":{"rendered":"Auf zur Mitternachtssonne (Tag 29)"},"content":{"rendered":"<p style=\"text-align: left;\"><span style=\"color: #ff0000;\"><strong>Auf zur Mitternachtssonne. Eine Velomobil Reise mit Brigitte und Fritz.<\/strong><\/span><\/p>\n<p style=\"text-align: left;\"><strong>Deutschland &gt; D\u00e4nemark &gt; Norwegen &gt; Nordkap &gt; Finnland &gt; Deutschland<\/strong><\/p>\n<p style=\"text-align: left;\"><strong>&#8212;&#8212;&#8212;&#8212;&#8212;&#8212;&#8212;&#8212;&#8212;&#8212;&#8211;<\/strong><\/p>\n<p style=\"text-align: left;\">Entdecken Sie\u00a0<a href=\"https:\/\/www.velomobileworld.com\/de\/eine-velomobil-reise-auf-zur-mitternachtssonne-alle-tage\/\" target=\"_blank\" rel=\"noopener\">HIER<\/a>\u00a0alle Tage der Reise &#8222;Auf zur Mitternachtssonne&#8220;<\/p>\n<p style=\"text-align: left;\"><strong>&#8212;&#8212;&#8212;&#8212;&#8212;&#8212;&#8212;&#8212;&#8212;&#8212;&#8211;<\/strong><\/p>\n<p>&nbsp;<\/p>\n<p style=\"text-align: left;\"><strong>29.Tag | Fur\u00f8y &#8211; Naustholmen | 119 KM | 1161 HM<\/strong><\/p>\n<p>&nbsp;<\/p>\n<p style=\"text-align: left;\">Es ist etwas sp\u00e4t geworden durch die sehr lange Wartezeit von 3,5 h an der F\u00e4hre. Die f\u00e4hrt nur noch alle 8 h seit es denn langen Tunnel gibt durch den wir nicht durften.<br \/>\nBis dahin war es sehr h\u00fcbsch und einsam zu fahren.<\/p>\n<p>&nbsp;<\/p>\n<p style=\"text-align: left;\">Die Autofahrer biegen sehr fr\u00fch ab. Biggi hatte sich schon gefragt warum kein Verkehr von der F\u00e4hre entgegen kommt.<br \/>\nSo werden die Holzh\u00e4user ged\u00e4mmt.<\/p>\n<p>&nbsp;<\/p>\n<p style=\"text-align: left;\">Ein buntes Haus in Streifen. Der konnte sich bei der Farbe nicht entscheiden oder war das Chuck Norris der einfach alle genommen hat?<\/p>\n<p>&nbsp;<\/p>\n<p style=\"text-align: left;\">So einen Lkw hatte ich gestern schon gesehen. Wusste gar nicht, dass das geht lebende Fische zu transportieren.<\/p>\n<p>&nbsp;<\/p>\n<p style=\"text-align: left;\">F\u00e4hranleger kommt bald. Dort stand nur zwei Motorradfahrer. Tote Hose am F\u00e4hranleger. Es ist 11:00. Die n\u00e4chste F\u00e4hre geht um 14:25. Somit r\u00fcckt unser Ziel, Bod\u00f8 heute noch zu erreichen, in weite Ferne.<br \/>\nTja, man kann eben nicht immer Gl\u00fcck haben mit den Wartezeiten.<\/p>\n<p>&nbsp;<\/p>\n<p style=\"text-align: left;\">Nachdem die norwegischen Motobiker abgehauen waren, kam Mauro auf einem Rennrad im Bike Packing Modus. Im Gegensatz zu uns hatte er im zuvor nicht im Coop Pause gemacht.<br \/>\nIch hatte im Coop die netten Verk\u00e4uferinnen nach Kaffee gefragt und eine hatte uns eine Kanne gemacht. For free. Dazu zwei Muffins gekauft und dann bald weiter. Eine super saubere Toilette gab es da auch.<br \/>\nJedenfalls Mauro hatte sich abgehetzt, im die F\u00e4hre nicht zu verpassen. Aber genau informiert hatte er sich ebensowenig wie wir. Da stand er dann genauso wie wir. Aber die Velomobile interessierten ihn sehr. Und als Ingenieur waren ihm alle Vorteile schon ohne Erkl\u00e4rung klar. Eine Runde probefahren wollte er unbedingt.<br \/>\nDanach beschlossen wir gemeinsam Mittag zu essen. Bald gesellte sich noch eine sehr nette Familie aus Hannover dazu. Mit unserem neuen Gaskocher machten wir einen \u201eleckeren\u201c Instantkaffee. Die Familie gab Milch dazu. Mauro wollte seinen Kaffee nat\u00fcrlich ohne Milch. Nach dem ersten Schluck hatte er es sich anders \u00fcberlegt. Hauptsache warm. Am Anleger war es recht zugig. Wir zogen uns bald lange Sachen \u00fcber.<br \/>\nDann probierten wir von seinem norwegischen s\u00fc\u00dflichen, cremig braunen K\u00e4se. Kann man essen. Muss man aber nicht.<br \/>\nEr bekam daf\u00fcr von unserer Rentierwurst. Die ist schon recht lecker.<br \/>\nDie Familie bekam die restliche Milch retour plus unseren abgebrannten Brenner plus Sicherheitsflasche. Wir wollen uns den auf dem R\u00fcckweg aus Hannover abholen. Das ist schon eine gro\u00dfe Unterst\u00fctzung f\u00fcr uns. Etwas mehr Packraum und die Teile kommen nach Hause.<br \/>\nEr war \u201eschon\u201c der zweite Italiener auf unserer Reise. Beide hatten ihren Job gek\u00fcndigt und sich erst einmal auf den Weg gemacht. Und beide haben sich schon getroffen. Der erste kommt geb\u00fcrtig witziger Weise 10 km unterhalb des col agnello \u00fcber den wir letztes Jahr gefahren sind (Die Bergige). Merkw\u00fcrdig solche Zuf\u00e4lle.<\/p>\n<p>&nbsp;<\/p>\n<p style=\"text-align: left;\">Etwas sp\u00e4ter stie\u00dfen noch ein P\u00e4rchen zu uns, die ebenfalls auf dem Weg zum Nordkap sind. Uns alle vereint dann noch, das wir alle gerade Schwierigkeiten mit unseren R\u00e4dern haben. Bei dem P\u00e4rchen war an einem Rad das Tretlager dabei sein Geist aufzugeben. Bei dem Italiener war am Hinterrad mehreres nicht mehr in Ordnung. Bei mir das Schaltwerk.<\/p>\n<p>&nbsp;<\/p>\n<p style=\"text-align: left;\">Als die F\u00e4hre endlich kam, hatte sich mittlerweile eine Schlange von Autos aufgebaut. Die F\u00e4hre lie\u00df dann die lange Klappe herunter und dort standen alle Autos verkehrt herum. 3 Autos und ein paar Radfahrer fuhren runter und nur drei Autos durften drauf. Dann war sie voll. D.h. der Rest der Autoschlange durfte warten oder zu dem Tunnel fahren. Und uns haben Sie mitgenommen. Sonst h\u00e4tte ich F\u00e4hre wohl gekapert.<\/p>\n<p>&nbsp;<\/p>\n<p style=\"text-align: left;\">In Ornes fuhren wir weiter, w\u00e4hrend die andern ihr Gl\u00fcck in einem Fahrradgesch\u00e4ft versuchen wollten.<\/p>\n<p>&nbsp;<\/p>\n<p style=\"text-align: left;\">Unsere Strecke war erst ausgesprochen flach. Und es nieselte mal zwischendurch.<br \/>\nDie Bergspitzen versteckten sich in den Wolken<\/p>\n<p>&nbsp;<\/p>\n<p style=\"text-align: left;\">Dann kamen zwei h\u00f6here Anstiege.<br \/>\nIn einem waren die W\u00e4nde fast komplett verkleidet. Du bist ein Velomobilist, wenn du den Tunnel als vollverkleidet erkennst und dich fragst, ob man dann schneller durchfahren kann.<\/p>\n<p>&nbsp;<\/p>\n<p style=\"text-align: left;\">3100 m lang. Komisch diese L\u00e4nge und so gerade, dass man das Gef\u00fchl f\u00fcr die Strecke verliert. Der Tacho zeigt nichts an.<\/p>\n<p>&nbsp;<\/p>\n<p style=\"text-align: left;\">Unterwegs \u00fcberholten wir ein P\u00e4rchen auf Weltreise. Jeder hatte Gep\u00e4ck f\u00fcr zwei mit. Auch sie haben den Job geschmissen.<\/p>\n<p>&nbsp;<\/p>\n<p style=\"text-align: left;\">Hier auf dem Lande treffen sie sich die Norweger beim Einkaufsladen und unterhalten sich rege.<\/p>\n<p>&nbsp;<\/p>\n<p style=\"text-align: left;\">Einen sch\u00f6n gelegenen Campingplatz haben wir heute gefunden. G\u00fcnstig dazu mit 150 NOK. Ganz un\u00fcblich in Cash zu zahlen. Allerdings gab es nur eine Dusche und Toilette f\u00fcr alle. Wobei auf dem Platz nur eine Handvoll Leute waren.<\/p>\n<p style=\"text-align: left;\"><strong>&#8230;&#8230;&#8230;&#8230;&#8230;&#8230;&#8230;&#8230;&#8230;&#8230;&#8230;&#8230;&#8230;&#8230;&#8230;&#8230;&#8230;&#8230;<\/strong><\/p>\n<p><a href=\"https:\/\/store.velomobileworld.com\/?utm_source=Banner_US_Canada_Worldwide&amp;utm_medium=Article&amp;utm_campaign=Blog\" target=\"_blank\" rel=\"noopener\"><img loading=\"lazy\" decoding=\"async\" class=\"alignnone wp-image-24840 lazyloaded\" src=\"https:\/\/www.velomobileworld.com\/wp-content\/uploads\/2023\/07\/1-usa-canada-worldwide.png\" alt=\"\" width=\"450\" height=\"74\" data-src=\"https:\/\/www.velomobileworld.com\/wp-content\/uploads\/2023\/07\/1-usa-canada-worldwide.png\" \/><\/a>\u00a0<a href=\"https:\/\/www.velomobileworld.com\/?product_tag=velomobiles&amp;utm_source=Banner_EU&amp;utm_medium=Article&amp;utm_campaign=Blog\" target=\"_blank\" rel=\"noopener\"><img loading=\"lazy\" decoding=\"async\" class=\"alignnone wp-image-24845 ls-is-cached lazyloaded\" src=\"https:\/\/www.velomobileworld.com\/wp-content\/uploads\/2023\/07\/2-european-union.png\" alt=\"\" width=\"449\" height=\"74\" data-src=\"https:\/\/www.velomobileworld.com\/wp-content\/uploads\/2023\/07\/2-european-union.png\" \/><\/a><\/p>\n<p style=\"text-align: left;\"><strong>&#8230;&#8230;&#8230;&#8230;&#8230;&#8230;&#8230;&#8230;&#8230;&#8230;&#8230;&#8230;&#8230;&#8230;&#8230;&#8230;&#8230;&#8230;<\/strong><\/p>\n<p><a href=\"https:\/\/www.velomobileworld.com\/wp-content\/uploads\/2024\/06\/29-map-2-602x1024.jpeg\"><img loading=\"lazy\" decoding=\"async\" class=\"alignnone wp-image-45695\" src=\"https:\/\/www.velomobileworld.com\/wp-content\/uploads\/2024\/06\/29-map-2-602x1024.jpeg\" alt=\"\" width=\"450\" height=\"766\" \/><\/a><\/p>\n<p><a href=\"https:\/\/www.velomobileworld.com\/wp-content\/uploads\/2024\/06\/29-map-1-984x1024.jpeg\"><img loading=\"lazy\" decoding=\"async\" class=\"alignnone wp-image-45700\" src=\"https:\/\/www.velomobileworld.com\/wp-content\/uploads\/2024\/06\/29-map-1-984x1024.jpeg\" alt=\"\" width=\"450\" height=\"468\" \/><\/a><\/p>\n<p><a href=\"https:\/\/www.velomobileworld.com\/wp-content\/uploads\/2024\/06\/29-1-Very-good.-T2-wild-many-original-equipment-of-this-time.-Old-Primus-cooker-chairs-and-the-pullover-looks-also-from-this-area-1024x768.jpeg\"><img loading=\"lazy\" decoding=\"async\" class=\"alignnone wp-image-45705\" src=\"https:\/\/www.velomobileworld.com\/wp-content\/uploads\/2024\/06\/29-1-Very-good.-T2-wild-many-original-equipment-of-this-time.-Old-Primus-cooker-chairs-and-the-pullover-looks-also-from-this-area-1024x768.jpeg\" alt=\"\" width=\"450\" height=\"338\" \/><\/a><\/p>\n<p style=\"text-align: left;\"><img decoding=\"async\" class=\"emoji ls-is-cached lazyloaded\" role=\"img\" draggable=\"false\" src=\"https:\/\/s.w.org\/images\/core\/emoji\/13.1.0\/svg\/2b06.svg\" alt=\"\u2b06\ufe0f\" data-src=\"https:\/\/s.w.org\/images\/core\/emoji\/13.1.0\/svg\/2b06.svg\" \/> T2, many original equipment of this time, old Primus cooker, chairs and the pullover looks also from this area \/ T2, viele Originalger\u00e4te aus dieser Zeit, alter Primus-Kocher, St\u00fchle und der Pullover sieht auch aus dieser Gegend aus \/ T2, beaucoup d&#8217;\u00e9quipements originaux de l&#8217;\u00e9poque, la vieille cuisini\u00e8re Primus, les chaises et le pull-over semblent \u00e9galement provenir de cette r\u00e9gion<\/p>\n<p><a href=\"https:\/\/www.velomobileworld.com\/wp-content\/uploads\/2024\/06\/29-2-1024x768.jpeg\"><img loading=\"lazy\" decoding=\"async\" class=\"alignnone wp-image-45710\" src=\"https:\/\/www.velomobileworld.com\/wp-content\/uploads\/2024\/06\/29-2-1024x768.jpeg\" alt=\"\" width=\"450\" height=\"338\" \/><\/a><a href=\"https:\/\/www.velomobileworld.com\/wp-content\/uploads\/2024\/06\/29-3-Morning-1024x768.jpeg\"><img loading=\"lazy\" decoding=\"async\" class=\"alignnone wp-image-45715\" src=\"https:\/\/www.velomobileworld.com\/wp-content\/uploads\/2024\/06\/29-3-Morning-1024x768.jpeg\" alt=\"\" width=\"450\" height=\"338\" \/><\/a><\/p>\n<p style=\"text-align: left;\"><img decoding=\"async\" class=\"emoji ls-is-cached lazyloaded\" role=\"img\" draggable=\"false\" src=\"https:\/\/s.w.org\/images\/core\/emoji\/13.1.0\/svg\/2b06.svg\" alt=\"\u2b06\ufe0f\" data-src=\"https:\/\/s.w.org\/images\/core\/emoji\/13.1.0\/svg\/2b06.svg\" \/> Morning \/ Morgen \/ Matin<\/p>\n<p><a href=\"https:\/\/www.velomobileworld.com\/wp-content\/uploads\/2024\/06\/29-4-1024x768.jpeg\"><img loading=\"lazy\" decoding=\"async\" class=\"alignnone wp-image-45720\" src=\"https:\/\/www.velomobileworld.com\/wp-content\/uploads\/2024\/06\/29-4-1024x768.jpeg\" alt=\"\" width=\"450\" height=\"338\" \/><\/a><a href=\"https:\/\/www.velomobileworld.com\/wp-content\/uploads\/2024\/06\/29-5-1024x768.jpeg\"><img loading=\"lazy\" decoding=\"async\" class=\"alignnone wp-image-45725\" src=\"https:\/\/www.velomobileworld.com\/wp-content\/uploads\/2024\/06\/29-5-1024x768.jpeg\" alt=\"\" width=\"450\" height=\"338\" \/><\/a><a href=\"https:\/\/www.velomobileworld.com\/wp-content\/uploads\/2024\/06\/29-6-Transporter-for-fish-1024x763.jpeg\"><img loading=\"lazy\" decoding=\"async\" class=\"alignnone wp-image-45730\" src=\"https:\/\/www.velomobileworld.com\/wp-content\/uploads\/2024\/06\/29-6-Transporter-for-fish-1024x763.jpeg\" alt=\"\" width=\"450\" height=\"335\" \/><\/a><\/p>\n<p style=\"text-align: left;\"><img decoding=\"async\" class=\"emoji ls-is-cached lazyloaded\" role=\"img\" draggable=\"false\" src=\"https:\/\/s.w.org\/images\/core\/emoji\/13.1.0\/svg\/2b06.svg\" alt=\"\u2b06\ufe0f\" data-src=\"https:\/\/s.w.org\/images\/core\/emoji\/13.1.0\/svg\/2b06.svg\" \/> Fish transporter \/ Fisch-Transportfahrzeug \/ Transporteur de poissons<\/p>\n<p><a href=\"https:\/\/www.velomobileworld.com\/wp-content\/uploads\/2024\/06\/29-7-Tunnel-not-for-cyclist-1024x797.jpeg\"><img loading=\"lazy\" decoding=\"async\" class=\"alignnone wp-image-45735\" src=\"https:\/\/www.velomobileworld.com\/wp-content\/uploads\/2024\/06\/29-7-Tunnel-not-for-cyclist-1024x797.jpeg\" alt=\"\" width=\"450\" height=\"350\" \/><\/a><\/p>\n<p style=\"text-align: left;\"><img decoding=\"async\" class=\"emoji ls-is-cached lazyloaded\" role=\"img\" draggable=\"false\" src=\"https:\/\/s.w.org\/images\/core\/emoji\/13.1.0\/svg\/2b06.svg\" alt=\"\u2b06\ufe0f\" data-src=\"https:\/\/s.w.org\/images\/core\/emoji\/13.1.0\/svg\/2b06.svg\" \/> Tunnel, not for cyclists \/ Tunnel, nicht f\u00fcr Radfahrer \/ Tunnel, pas pour les cyclistes<\/p>\n<p><a href=\"https:\/\/www.velomobileworld.com\/wp-content\/uploads\/2024\/06\/29-8-1024x768.jpeg\"><img loading=\"lazy\" decoding=\"async\" class=\"alignnone wp-image-45740\" src=\"https:\/\/www.velomobileworld.com\/wp-content\/uploads\/2024\/06\/29-8-1024x768.jpeg\" alt=\"\" width=\"450\" height=\"338\" \/><\/a><a href=\"https:\/\/www.velomobileworld.com\/wp-content\/uploads\/2024\/06\/29-9-1024x768.jpeg\"><img loading=\"lazy\" decoding=\"async\" class=\"alignnone wp-image-45745\" src=\"https:\/\/www.velomobileworld.com\/wp-content\/uploads\/2024\/06\/29-9-1024x768.jpeg\" alt=\"\" width=\"450\" height=\"338\" \/><\/a><a href=\"https:\/\/www.velomobileworld.com\/wp-content\/uploads\/2024\/06\/29-10-1024x768.jpeg\"><img loading=\"lazy\" decoding=\"async\" class=\"alignnone wp-image-45750\" src=\"https:\/\/www.velomobileworld.com\/wp-content\/uploads\/2024\/06\/29-10-1024x768.jpeg\" alt=\"\" width=\"450\" height=\"338\" \/><\/a><a href=\"https:\/\/www.velomobileworld.com\/wp-content\/uploads\/2024\/06\/29-11-1024x768.jpeg\"><img loading=\"lazy\" decoding=\"async\" class=\"alignnone wp-image-45755\" src=\"https:\/\/www.velomobileworld.com\/wp-content\/uploads\/2024\/06\/29-11-1024x768.jpeg\" alt=\"\" width=\"450\" height=\"338\" \/><\/a><a href=\"https:\/\/www.velomobileworld.com\/wp-content\/uploads\/2024\/06\/29-12-The-damaged-derailleur-1024x768.jpeg\"><img loading=\"lazy\" decoding=\"async\" class=\"alignnone wp-image-45760\" src=\"https:\/\/www.velomobileworld.com\/wp-content\/uploads\/2024\/06\/29-12-The-damaged-derailleur-1024x768.jpeg\" alt=\"\" width=\"450\" height=\"338\" \/><\/a><\/p>\n<p style=\"text-align: left;\"><img decoding=\"async\" class=\"emoji ls-is-cached lazyloaded\" role=\"img\" draggable=\"false\" src=\"https:\/\/s.w.org\/images\/core\/emoji\/13.1.0\/svg\/2b06.svg\" alt=\"\u2b06\ufe0f\" data-src=\"https:\/\/s.w.org\/images\/core\/emoji\/13.1.0\/svg\/2b06.svg\" \/> The damaged derailleur \/ Das besch\u00e4digte Schaltwerk \/ Le d\u00e9railleur endommag\u00e9<\/p>\n<p><a href=\"https:\/\/www.velomobileworld.com\/wp-content\/uploads\/2024\/06\/29-13-This-was-broken-768x1024.jpeg\"><img loading=\"lazy\" decoding=\"async\" class=\"alignnone wp-image-45765\" src=\"https:\/\/www.velomobileworld.com\/wp-content\/uploads\/2024\/06\/29-13-This-was-broken-768x1024.jpeg\" alt=\"\" width=\"450\" height=\"600\" \/><\/a><\/p>\n<p style=\"text-align: left;\"><img decoding=\"async\" class=\"emoji ls-is-cached lazyloaded\" role=\"img\" draggable=\"false\" src=\"https:\/\/s.w.org\/images\/core\/emoji\/13.1.0\/svg\/2b06.svg\" alt=\"\u2b06\ufe0f\" data-src=\"https:\/\/s.w.org\/images\/core\/emoji\/13.1.0\/svg\/2b06.svg\" \/> This was broken \/ Diese wurde gebrochen \/ Celui-ci a \u00e9t\u00e9 cass\u00e9<\/p>\n<p><a href=\"https:\/\/www.velomobileworld.com\/wp-content\/uploads\/2024\/06\/29-14-1024x768.jpeg\"><img loading=\"lazy\" decoding=\"async\" class=\"alignnone wp-image-45770\" src=\"https:\/\/www.velomobileworld.com\/wp-content\/uploads\/2024\/06\/29-14-1024x768.jpeg\" alt=\"\" width=\"450\" height=\"338\" \/><\/a><a href=\"https:\/\/www.velomobileworld.com\/wp-content\/uploads\/2024\/06\/29-15-1024x768.jpeg\"><img loading=\"lazy\" decoding=\"async\" class=\"alignnone wp-image-45775\" src=\"https:\/\/www.velomobileworld.com\/wp-content\/uploads\/2024\/06\/29-15-1024x768.jpeg\" alt=\"\" width=\"450\" height=\"338\" \/><\/a><a href=\"https:\/\/www.velomobileworld.com\/wp-content\/uploads\/2024\/06\/29-16-1024x768.jpeg\"><img loading=\"lazy\" decoding=\"async\" class=\"alignnone wp-image-45780\" src=\"https:\/\/www.velomobileworld.com\/wp-content\/uploads\/2024\/06\/29-16-1024x768.jpeg\" alt=\"\" width=\"450\" height=\"338\" \/><\/a><a href=\"https:\/\/www.velomobileworld.com\/wp-content\/uploads\/2024\/06\/29-17-1024x768.jpeg\"><img loading=\"lazy\" decoding=\"async\" class=\"alignnone wp-image-45785\" src=\"https:\/\/www.velomobileworld.com\/wp-content\/uploads\/2024\/06\/29-17-1024x768.jpeg\" alt=\"\" width=\"450\" height=\"338\" \/><\/a><a href=\"https:\/\/www.velomobileworld.com\/wp-content\/uploads\/2024\/06\/29-18-Mauro-Test-my-Alpha-7-1024x820.jpeg\"><img loading=\"lazy\" decoding=\"async\" class=\"alignnone wp-image-45790\" src=\"https:\/\/www.velomobileworld.com\/wp-content\/uploads\/2024\/06\/29-18-Mauro-Test-my-Alpha-7-1024x820.jpeg\" alt=\"\" width=\"450\" height=\"361\" \/><\/a><\/p>\n<p style=\"text-align: left;\"><img decoding=\"async\" class=\"emoji ls-is-cached lazyloaded\" role=\"img\" draggable=\"false\" src=\"https:\/\/s.w.org\/images\/core\/emoji\/13.1.0\/svg\/2b06.svg\" alt=\"\u2b06\ufe0f\" data-src=\"https:\/\/s.w.org\/images\/core\/emoji\/13.1.0\/svg\/2b06.svg\" \/> Mauro is testing my Alpha 7 \/ Mauro testet meine Alpha 7 \/ Mauro teste mon Alpha 7<\/p>\n<p><a href=\"https:\/\/www.velomobileworld.com\/wp-content\/uploads\/2024\/06\/29-19-Full-ferry-1024x768.jpeg\"><img loading=\"lazy\" decoding=\"async\" class=\"alignnone wp-image-45795\" src=\"https:\/\/www.velomobileworld.com\/wp-content\/uploads\/2024\/06\/29-19-Full-ferry-1024x768.jpeg\" alt=\"\" width=\"450\" height=\"338\" \/><\/a><\/p>\n<p style=\"text-align: left;\"><img decoding=\"async\" class=\"emoji ls-is-cached lazyloaded\" role=\"img\" draggable=\"false\" src=\"https:\/\/s.w.org\/images\/core\/emoji\/13.1.0\/svg\/2b06.svg\" alt=\"\u2b06\ufe0f\" data-src=\"https:\/\/s.w.org\/images\/core\/emoji\/13.1.0\/svg\/2b06.svg\" \/> Full ferry \/ Volle F\u00e4hre \/ Ferry complet<\/p>\n<p><a href=\"https:\/\/www.velomobileworld.com\/wp-content\/uploads\/2024\/06\/29-20-1024x768.jpeg\"><img loading=\"lazy\" decoding=\"async\" class=\"alignnone wp-image-45800\" src=\"https:\/\/www.velomobileworld.com\/wp-content\/uploads\/2024\/06\/29-20-1024x768.jpeg\" alt=\"\" width=\"450\" height=\"338\" \/><\/a><a href=\"https:\/\/www.velomobileworld.com\/wp-content\/uploads\/2024\/06\/29-21-1024x712.jpeg\"><img loading=\"lazy\" decoding=\"async\" class=\"alignnone wp-image-45805\" src=\"https:\/\/www.velomobileworld.com\/wp-content\/uploads\/2024\/06\/29-21-1024x712.jpeg\" alt=\"\" width=\"450\" height=\"313\" \/><\/a><a href=\"https:\/\/www.velomobileworld.com\/wp-content\/uploads\/2024\/06\/29-22-A-Cover-tunnel-1024x768.jpeg\"><img loading=\"lazy\" decoding=\"async\" class=\"alignnone wp-image-45810\" src=\"https:\/\/www.velomobileworld.com\/wp-content\/uploads\/2024\/06\/29-22-A-Cover-tunnel-1024x768.jpeg\" alt=\"\" width=\"450\" height=\"338\" \/><\/a><\/p>\n<p style=\"text-align: left;\"><img decoding=\"async\" class=\"emoji ls-is-cached lazyloaded\" role=\"img\" draggable=\"false\" src=\"https:\/\/s.w.org\/images\/core\/emoji\/13.1.0\/svg\/2b06.svg\" alt=\"\u2b06\ufe0f\" data-src=\"https:\/\/s.w.org\/images\/core\/emoji\/13.1.0\/svg\/2b06.svg\" \/> A cover tunnel \/ Ein Deckeltunnel \/ Tunnel de couverture<\/p>\n<p><a href=\"https:\/\/www.velomobileworld.com\/wp-content\/uploads\/2024\/06\/29-23-The-tunnel-are-strange-if-you-always-ride-straight-ahead-1024x768.jpeg\"><img loading=\"lazy\" decoding=\"async\" class=\"alignnone wp-image-45815\" src=\"https:\/\/www.velomobileworld.com\/wp-content\/uploads\/2024\/06\/29-23-The-tunnel-are-strange-if-you-always-ride-straight-ahead-1024x768.jpeg\" alt=\"\" width=\"450\" height=\"338\" \/><\/a><\/p>\n<p style=\"text-align: left;\"><img decoding=\"async\" class=\"emoji ls-is-cached lazyloaded\" role=\"img\" draggable=\"false\" src=\"https:\/\/s.w.org\/images\/core\/emoji\/13.1.0\/svg\/2b06.svg\" alt=\"\u2b06\ufe0f\" data-src=\"https:\/\/s.w.org\/images\/core\/emoji\/13.1.0\/svg\/2b06.svg\" \/> The tunnels are strange if you always ride straight ahead \/ Die Tunnel sind seltsam, wenn man immer geradeaus f\u00e4hrt \/ Les tunnels sont \u00e9tranges si l&#8217;on roule toujours tout droit.<\/p>\n<p><a href=\"https:\/\/www.velomobileworld.com\/wp-content\/uploads\/2024\/06\/29-24-A-couple-on-tour-around-the-world-1024x836.jpeg\"><img loading=\"lazy\" decoding=\"async\" class=\"alignnone wp-image-45820\" src=\"https:\/\/www.velomobileworld.com\/wp-content\/uploads\/2024\/06\/29-24-A-couple-on-tour-around-the-world-1024x836.jpeg\" alt=\"\" width=\"450\" height=\"367\" \/><\/a><\/p>\n<p style=\"text-align: left;\"><img decoding=\"async\" class=\"emoji ls-is-cached lazyloaded\" role=\"img\" draggable=\"false\" src=\"https:\/\/s.w.org\/images\/core\/emoji\/13.1.0\/svg\/2b06.svg\" alt=\"\u2b06\ufe0f\" data-src=\"https:\/\/s.w.org\/images\/core\/emoji\/13.1.0\/svg\/2b06.svg\" \/> A couple on tour around the world \/ Ein Paar auf Weltreise \/ Un couple en tourn\u00e9e autour du monde<\/p>\n<p><a href=\"https:\/\/www.velomobileworld.com\/wp-content\/uploads\/2024\/06\/29-25-1024x768.jpeg\"><img loading=\"lazy\" decoding=\"async\" class=\"alignnone wp-image-45825\" src=\"https:\/\/www.velomobileworld.com\/wp-content\/uploads\/2024\/06\/29-25-1024x768.jpeg\" alt=\"\" width=\"450\" height=\"338\" \/><\/a><a href=\"https:\/\/www.velomobileworld.com\/wp-content\/uploads\/2024\/06\/29-26-1024x768.jpeg\"><img loading=\"lazy\" decoding=\"async\" class=\"alignnone wp-image-45830\" src=\"https:\/\/www.velomobileworld.com\/wp-content\/uploads\/2024\/06\/29-26-1024x768.jpeg\" alt=\"\" width=\"450\" height=\"338\" \/><\/a><a href=\"https:\/\/www.velomobileworld.com\/wp-content\/uploads\/2024\/06\/29-27-1024x768.jpeg\"><img loading=\"lazy\" decoding=\"async\" class=\"alignnone wp-image-45835\" src=\"https:\/\/www.velomobileworld.com\/wp-content\/uploads\/2024\/06\/29-27-1024x768.jpeg\" alt=\"\" width=\"450\" height=\"338\" \/><\/a><a href=\"https:\/\/www.velomobileworld.com\/wp-content\/uploads\/2024\/06\/29-28-Meeting-at-grocery-1024x837.jpeg\"><img loading=\"lazy\" decoding=\"async\" class=\"alignnone wp-image-45840\" src=\"https:\/\/www.velomobileworld.com\/wp-content\/uploads\/2024\/06\/29-28-Meeting-at-grocery-1024x837.jpeg\" alt=\"\" width=\"450\" height=\"368\" \/><\/a><\/p>\n<p style=\"text-align: left;\"><img decoding=\"async\" class=\"emoji ls-is-cached lazyloaded\" role=\"img\" draggable=\"false\" src=\"https:\/\/s.w.org\/images\/core\/emoji\/13.1.0\/svg\/2b06.svg\" alt=\"\u2b06\ufe0f\" data-src=\"https:\/\/s.w.org\/images\/core\/emoji\/13.1.0\/svg\/2b06.svg\" \/> Meeting at grocery \/ Treffen im Lebensmittelgesch\u00e4ft \/ R\u00e9union \u00e0 l&#8217;\u00e9picerie<\/p>\n<p style=\"text-align: left;\"><strong>&#8230;&#8230;&#8230;&#8230;&#8230;&#8230;&#8230;&#8230;&#8230;&#8230;&#8230;&#8230;&#8230;&#8230;&#8230;&#8230;&#8230;&#8230;<\/strong><\/p>\n<p style=\"text-align: left;\"><a href=\"https:\/\/www.velomobileworld.com\/de\/velomobil-ausfluege-35-tage-mit-brigitte-und-fritz\/\" target=\"_blank\" rel=\"noopener\">2022 VELOMOBILE ROAD TRIP: 35 DAYS WITH BRIGITTE AND FRITZ (EN\/DE\/FR)<\/a><\/p>\n","protected":false},"excerpt":{"rendered":"<p>Auf zur Mitternachtssonne. Eine Velomobil Reise mit Brigitte und Fritz. Deutschland &gt; D\u00e4nemark &gt; Norwegen &gt; Nordkap &gt; Finnland &gt; [&hellip;]<\/p>\n","protected":false},"author":4,"featured_media":5974,"comment_status":"open","ping_status":"closed","sticky":false,"template":"","format":"standard","meta":{"_acf_changed":false,"footnotes":""},"categories":[690],"tags":[],"class_list":["post-7131","post","type-post","status-publish","format-standard","has-post-thumbnail","hentry","category-unkategorisiert"],"acf":[],"yoast_head":"<!-- This site is optimized with the Yoast SEO plugin v27.5 - https:\/\/yoast.com\/product\/yoast-seo-wordpress\/ -->\n<title>Auf zur Mitternachtssonne (Tag 29) | Velomobile World<\/title>\n<meta name=\"description\" content=\"Auf zur Mitternachtssonne (Tag 29). Eine weitere Reise mit Brigitte und Fritz. Entdecken Sie ihre Abenteuer. Details im Artikel.\" \/>\n<meta name=\"robots\" content=\"index, follow, max-snippet:-1, max-image-preview:large, max-video-preview:-1\" \/>\n<link rel=\"canonical\" href=\"https:\/\/www.velomobileworld.com\/de\/auf-zur-mitternachtssonne-tag-29\/\" \/>\n<meta property=\"og:locale\" content=\"de_DE\" \/>\n<meta property=\"og:type\" content=\"article\" \/>\n<meta property=\"og:title\" content=\"Auf zur Mitternachtssonne (Tag 29) | Velomobile World\" \/>\n<meta property=\"og:description\" content=\"Auf zur Mitternachtssonne (Tag 29). Eine weitere Reise mit Brigitte und Fritz. Entdecken Sie ihre Abenteuer. Details im Artikel.\" \/>\n<meta property=\"og:url\" content=\"https:\/\/www.velomobileworld.com\/de\/auf-zur-mitternachtssonne-tag-29\/\" \/>\n<meta property=\"og:site_name\" content=\"Velomobile World\" \/>\n<meta property=\"article:published_time\" content=\"2024-12-09T15:27:05+00:00\" \/>\n<meta property=\"article:modified_time\" content=\"2025-07-25T10:11:17+00:00\" \/>\n<meta property=\"og:image\" content=\"https:\/\/www.velomobileworld.com\/wp-content\/uploads\/2024\/12\/Midnightsun-Day-15.jpg\" \/>\n\t<meta property=\"og:image:width\" content=\"1920\" \/>\n\t<meta property=\"og:image:height\" content=\"850\" \/>\n\t<meta property=\"og:image:type\" content=\"image\/jpeg\" \/>\n<meta name=\"author\" content=\"Jan Wijnen\" \/>\n<meta name=\"twitter:card\" content=\"summary_large_image\" \/>\n<meta name=\"twitter:label1\" content=\"Verfasst von\" \/>\n\t<meta name=\"twitter:data1\" content=\"Jan Wijnen\" \/>\n\t<meta name=\"twitter:label2\" content=\"Gesch\u00e4tzte Lesezeit\" \/>\n\t<meta name=\"twitter:data2\" content=\"5\u00a0Minuten\" \/>\n<script type=\"application\/ld+json\" class=\"yoast-schema-graph\">{\"@context\":\"https:\\\/\\\/schema.org\",\"@graph\":[{\"@type\":\"Article\",\"@id\":\"https:\\\/\\\/www.velomobileworld.com\\\/de\\\/auf-zur-mitternachtssonne-tag-29\\\/#article\",\"isPartOf\":{\"@id\":\"https:\\\/\\\/www.velomobileworld.com\\\/de\\\/auf-zur-mitternachtssonne-tag-29\\\/\"},\"author\":{\"name\":\"Jan Wijnen\",\"@id\":\"https:\\\/\\\/www.velomobileworld.com\\\/nl\\\/#\\\/schema\\\/person\\\/c0c7c661ad3c8719ed05a7dc85d6fa12\"},\"headline\":\"Auf zur Mitternachtssonne (Tag 29)\",\"datePublished\":\"2024-12-09T15:27:05+00:00\",\"dateModified\":\"2025-07-25T10:11:17+00:00\",\"mainEntityOfPage\":{\"@id\":\"https:\\\/\\\/www.velomobileworld.com\\\/de\\\/auf-zur-mitternachtssonne-tag-29\\\/\"},\"wordCount\":1052,\"commentCount\":0,\"image\":{\"@id\":\"https:\\\/\\\/www.velomobileworld.com\\\/de\\\/auf-zur-mitternachtssonne-tag-29\\\/#primaryimage\"},\"thumbnailUrl\":\"https:\\\/\\\/www.velomobileworld.com\\\/wp-content\\\/uploads\\\/2024\\\/12\\\/Midnightsun-Day-15.jpg\",\"articleSection\":[\"Unkategorisiert\"],\"inLanguage\":\"de\",\"potentialAction\":[{\"@type\":\"CommentAction\",\"name\":\"Comment\",\"target\":[\"https:\\\/\\\/www.velomobileworld.com\\\/de\\\/auf-zur-mitternachtssonne-tag-29\\\/#respond\"]}]},{\"@type\":\"WebPage\",\"@id\":\"https:\\\/\\\/www.velomobileworld.com\\\/de\\\/auf-zur-mitternachtssonne-tag-29\\\/\",\"url\":\"https:\\\/\\\/www.velomobileworld.com\\\/de\\\/auf-zur-mitternachtssonne-tag-29\\\/\",\"name\":\"Auf zur Mitternachtssonne (Tag 29) | Velomobile World\",\"isPartOf\":{\"@id\":\"https:\\\/\\\/www.velomobileworld.com\\\/nl\\\/#website\"},\"primaryImageOfPage\":{\"@id\":\"https:\\\/\\\/www.velomobileworld.com\\\/de\\\/auf-zur-mitternachtssonne-tag-29\\\/#primaryimage\"},\"image\":{\"@id\":\"https:\\\/\\\/www.velomobileworld.com\\\/de\\\/auf-zur-mitternachtssonne-tag-29\\\/#primaryimage\"},\"thumbnailUrl\":\"https:\\\/\\\/www.velomobileworld.com\\\/wp-content\\\/uploads\\\/2024\\\/12\\\/Midnightsun-Day-15.jpg\",\"datePublished\":\"2024-12-09T15:27:05+00:00\",\"dateModified\":\"2025-07-25T10:11:17+00:00\",\"author\":{\"@id\":\"https:\\\/\\\/www.velomobileworld.com\\\/nl\\\/#\\\/schema\\\/person\\\/c0c7c661ad3c8719ed05a7dc85d6fa12\"},\"description\":\"Auf zur Mitternachtssonne (Tag 29). Eine weitere Reise mit Brigitte und Fritz. Entdecken Sie ihre Abenteuer. Details im Artikel.\",\"breadcrumb\":{\"@id\":\"https:\\\/\\\/www.velomobileworld.com\\\/de\\\/auf-zur-mitternachtssonne-tag-29\\\/#breadcrumb\"},\"inLanguage\":\"de\",\"potentialAction\":[{\"@type\":\"ReadAction\",\"target\":[\"https:\\\/\\\/www.velomobileworld.com\\\/de\\\/auf-zur-mitternachtssonne-tag-29\\\/\"]}]},{\"@type\":\"ImageObject\",\"inLanguage\":\"de\",\"@id\":\"https:\\\/\\\/www.velomobileworld.com\\\/de\\\/auf-zur-mitternachtssonne-tag-29\\\/#primaryimage\",\"url\":\"https:\\\/\\\/www.velomobileworld.com\\\/wp-content\\\/uploads\\\/2024\\\/12\\\/Midnightsun-Day-15.jpg\",\"contentUrl\":\"https:\\\/\\\/www.velomobileworld.com\\\/wp-content\\\/uploads\\\/2024\\\/12\\\/Midnightsun-Day-15.jpg\",\"width\":1920,\"height\":850,\"caption\":\"Colorful wooden buildings of Bryggen Wharf in Bergen, Norway, with boats docked in the harbor and a backdrop of mountains under a partly cloudy sky.\"},{\"@type\":\"BreadcrumbList\",\"@id\":\"https:\\\/\\\/www.velomobileworld.com\\\/de\\\/auf-zur-mitternachtssonne-tag-29\\\/#breadcrumb\",\"itemListElement\":[{\"@type\":\"ListItem\",\"position\":1,\"name\":\"Home\",\"item\":\"https:\\\/\\\/www.velomobileworld.com\\\/\"},{\"@type\":\"ListItem\",\"position\":2,\"name\":\"Auf zur Mitternachtssonne (Tag 29)\"}]},{\"@type\":\"WebSite\",\"@id\":\"https:\\\/\\\/www.velomobileworld.com\\\/nl\\\/#website\",\"url\":\"https:\\\/\\\/www.velomobileworld.com\\\/nl\\\/\",\"name\":\"Velomobile World\",\"description\":\"\",\"potentialAction\":[{\"@type\":\"SearchAction\",\"target\":{\"@type\":\"EntryPoint\",\"urlTemplate\":\"https:\\\/\\\/www.velomobileworld.com\\\/nl\\\/?s={search_term_string}\"},\"query-input\":{\"@type\":\"PropertyValueSpecification\",\"valueRequired\":true,\"valueName\":\"search_term_string\"}}],\"inLanguage\":\"de\"},{\"@type\":\"Person\",\"@id\":\"https:\\\/\\\/www.velomobileworld.com\\\/nl\\\/#\\\/schema\\\/person\\\/c0c7c661ad3c8719ed05a7dc85d6fa12\",\"name\":\"Jan Wijnen\",\"image\":{\"@type\":\"ImageObject\",\"inLanguage\":\"de\",\"@id\":\"https:\\\/\\\/secure.gravatar.com\\\/avatar\\\/4802c8a6006d5895d73a1141e39ccf819bca7ec1dbfb26a6f4370880cefa109a?s=96&d=mm&r=g\",\"url\":\"https:\\\/\\\/secure.gravatar.com\\\/avatar\\\/4802c8a6006d5895d73a1141e39ccf819bca7ec1dbfb26a6f4370880cefa109a?s=96&d=mm&r=g\",\"contentUrl\":\"https:\\\/\\\/secure.gravatar.com\\\/avatar\\\/4802c8a6006d5895d73a1141e39ccf819bca7ec1dbfb26a6f4370880cefa109a?s=96&d=mm&r=g\",\"caption\":\"Jan Wijnen\"},\"url\":\"https:\\\/\\\/www.velomobileworld.com\\\/de\\\/author\\\/jan-admin\\\/\"}]}<\/script>\n<!-- \/ Yoast SEO plugin. -->","yoast_head_json":{"title":"Auf zur Mitternachtssonne (Tag 29) | Velomobile World","description":"Auf zur Mitternachtssonne (Tag 29). Eine weitere Reise mit Brigitte und Fritz. Entdecken Sie ihre Abenteuer. Details im Artikel.","robots":{"index":"index","follow":"follow","max-snippet":"max-snippet:-1","max-image-preview":"max-image-preview:large","max-video-preview":"max-video-preview:-1"},"canonical":"https:\/\/www.velomobileworld.com\/de\/auf-zur-mitternachtssonne-tag-29\/","og_locale":"de_DE","og_type":"article","og_title":"Auf zur Mitternachtssonne (Tag 29) | Velomobile World","og_description":"Auf zur Mitternachtssonne (Tag 29). Eine weitere Reise mit Brigitte und Fritz. Entdecken Sie ihre Abenteuer. Details im Artikel.","og_url":"https:\/\/www.velomobileworld.com\/de\/auf-zur-mitternachtssonne-tag-29\/","og_site_name":"Velomobile World","article_published_time":"2024-12-09T15:27:05+00:00","article_modified_time":"2025-07-25T10:11:17+00:00","og_image":[{"width":1920,"height":850,"url":"https:\/\/www.velomobileworld.com\/wp-content\/uploads\/2024\/12\/Midnightsun-Day-15.jpg","type":"image\/jpeg"}],"author":"Jan Wijnen","twitter_card":"summary_large_image","twitter_misc":{"Verfasst von":"Jan Wijnen","Gesch\u00e4tzte Lesezeit":"5\u00a0Minuten"},"schema":{"@context":"https:\/\/schema.org","@graph":[{"@type":"Article","@id":"https:\/\/www.velomobileworld.com\/de\/auf-zur-mitternachtssonne-tag-29\/#article","isPartOf":{"@id":"https:\/\/www.velomobileworld.com\/de\/auf-zur-mitternachtssonne-tag-29\/"},"author":{"name":"Jan Wijnen","@id":"https:\/\/www.velomobileworld.com\/nl\/#\/schema\/person\/c0c7c661ad3c8719ed05a7dc85d6fa12"},"headline":"Auf zur Mitternachtssonne (Tag 29)","datePublished":"2024-12-09T15:27:05+00:00","dateModified":"2025-07-25T10:11:17+00:00","mainEntityOfPage":{"@id":"https:\/\/www.velomobileworld.com\/de\/auf-zur-mitternachtssonne-tag-29\/"},"wordCount":1052,"commentCount":0,"image":{"@id":"https:\/\/www.velomobileworld.com\/de\/auf-zur-mitternachtssonne-tag-29\/#primaryimage"},"thumbnailUrl":"https:\/\/www.velomobileworld.com\/wp-content\/uploads\/2024\/12\/Midnightsun-Day-15.jpg","articleSection":["Unkategorisiert"],"inLanguage":"de","potentialAction":[{"@type":"CommentAction","name":"Comment","target":["https:\/\/www.velomobileworld.com\/de\/auf-zur-mitternachtssonne-tag-29\/#respond"]}]},{"@type":"WebPage","@id":"https:\/\/www.velomobileworld.com\/de\/auf-zur-mitternachtssonne-tag-29\/","url":"https:\/\/www.velomobileworld.com\/de\/auf-zur-mitternachtssonne-tag-29\/","name":"Auf zur Mitternachtssonne (Tag 29) | Velomobile World","isPartOf":{"@id":"https:\/\/www.velomobileworld.com\/nl\/#website"},"primaryImageOfPage":{"@id":"https:\/\/www.velomobileworld.com\/de\/auf-zur-mitternachtssonne-tag-29\/#primaryimage"},"image":{"@id":"https:\/\/www.velomobileworld.com\/de\/auf-zur-mitternachtssonne-tag-29\/#primaryimage"},"thumbnailUrl":"https:\/\/www.velomobileworld.com\/wp-content\/uploads\/2024\/12\/Midnightsun-Day-15.jpg","datePublished":"2024-12-09T15:27:05+00:00","dateModified":"2025-07-25T10:11:17+00:00","author":{"@id":"https:\/\/www.velomobileworld.com\/nl\/#\/schema\/person\/c0c7c661ad3c8719ed05a7dc85d6fa12"},"description":"Auf zur Mitternachtssonne (Tag 29). Eine weitere Reise mit Brigitte und Fritz. Entdecken Sie ihre Abenteuer. Details im Artikel.","breadcrumb":{"@id":"https:\/\/www.velomobileworld.com\/de\/auf-zur-mitternachtssonne-tag-29\/#breadcrumb"},"inLanguage":"de","potentialAction":[{"@type":"ReadAction","target":["https:\/\/www.velomobileworld.com\/de\/auf-zur-mitternachtssonne-tag-29\/"]}]},{"@type":"ImageObject","inLanguage":"de","@id":"https:\/\/www.velomobileworld.com\/de\/auf-zur-mitternachtssonne-tag-29\/#primaryimage","url":"https:\/\/www.velomobileworld.com\/wp-content\/uploads\/2024\/12\/Midnightsun-Day-15.jpg","contentUrl":"https:\/\/www.velomobileworld.com\/wp-content\/uploads\/2024\/12\/Midnightsun-Day-15.jpg","width":1920,"height":850,"caption":"Colorful wooden buildings of Bryggen Wharf in Bergen, Norway, with boats docked in the harbor and a backdrop of mountains under a partly cloudy sky."},{"@type":"BreadcrumbList","@id":"https:\/\/www.velomobileworld.com\/de\/auf-zur-mitternachtssonne-tag-29\/#breadcrumb","itemListElement":[{"@type":"ListItem","position":1,"name":"Home","item":"https:\/\/www.velomobileworld.com\/"},{"@type":"ListItem","position":2,"name":"Auf zur Mitternachtssonne (Tag 29)"}]},{"@type":"WebSite","@id":"https:\/\/www.velomobileworld.com\/nl\/#website","url":"https:\/\/www.velomobileworld.com\/nl\/","name":"Velomobile World","description":"","potentialAction":[{"@type":"SearchAction","target":{"@type":"EntryPoint","urlTemplate":"https:\/\/www.velomobileworld.com\/nl\/?s={search_term_string}"},"query-input":{"@type":"PropertyValueSpecification","valueRequired":true,"valueName":"search_term_string"}}],"inLanguage":"de"},{"@type":"Person","@id":"https:\/\/www.velomobileworld.com\/nl\/#\/schema\/person\/c0c7c661ad3c8719ed05a7dc85d6fa12","name":"Jan Wijnen","image":{"@type":"ImageObject","inLanguage":"de","@id":"https:\/\/secure.gravatar.com\/avatar\/4802c8a6006d5895d73a1141e39ccf819bca7ec1dbfb26a6f4370880cefa109a?s=96&d=mm&r=g","url":"https:\/\/secure.gravatar.com\/avatar\/4802c8a6006d5895d73a1141e39ccf819bca7ec1dbfb26a6f4370880cefa109a?s=96&d=mm&r=g","contentUrl":"https:\/\/secure.gravatar.com\/avatar\/4802c8a6006d5895d73a1141e39ccf819bca7ec1dbfb26a6f4370880cefa109a?s=96&d=mm&r=g","caption":"Jan Wijnen"},"url":"https:\/\/www.velomobileworld.com\/de\/author\/jan-admin\/"}]}},"_links":{"self":[{"href":"https:\/\/www.velomobileworld.com\/de\/wp-json\/wp\/v2\/posts\/7131","targetHints":{"allow":["GET"]}}],"collection":[{"href":"https:\/\/www.velomobileworld.com\/de\/wp-json\/wp\/v2\/posts"}],"about":[{"href":"https:\/\/www.velomobileworld.com\/de\/wp-json\/wp\/v2\/types\/post"}],"author":[{"embeddable":true,"href":"https:\/\/www.velomobileworld.com\/de\/wp-json\/wp\/v2\/users\/4"}],"replies":[{"embeddable":true,"href":"https:\/\/www.velomobileworld.com\/de\/wp-json\/wp\/v2\/comments?post=7131"}],"version-history":[{"count":2,"href":"https:\/\/www.velomobileworld.com\/de\/wp-json\/wp\/v2\/posts\/7131\/revisions"}],"predecessor-version":[{"id":100775,"href":"https:\/\/www.velomobileworld.com\/de\/wp-json\/wp\/v2\/posts\/7131\/revisions\/100775"}],"wp:featuredmedia":[{"embeddable":true,"href":"https:\/\/www.velomobileworld.com\/de\/wp-json\/wp\/v2\/media\/5974"}],"wp:attachment":[{"href":"https:\/\/www.velomobileworld.com\/de\/wp-json\/wp\/v2\/media?parent=7131"}],"wp:term":[{"taxonomy":"category","embeddable":true,"href":"https:\/\/www.velomobileworld.com\/de\/wp-json\/wp\/v2\/categories?post=7131"},{"taxonomy":"post_tag","embeddable":true,"href":"https:\/\/www.velomobileworld.com\/de\/wp-json\/wp\/v2\/tags?post=7131"}],"curies":[{"name":"wp","href":"https:\/\/api.w.org\/{rel}","templated":true}]}}