{"id":7143,"date":"2024-12-10T14:28:46","date_gmt":"2024-12-10T13:28:46","guid":{"rendered":"https:\/\/velomobileworld.convident.dev\/auf-zur-mitternachtssonne-tag-37\/"},"modified":"2025-07-25T12:11:14","modified_gmt":"2025-07-25T10:11:14","slug":"auf-zur-mitternachtssonne-tag-37","status":"publish","type":"post","link":"https:\/\/www.velomobileworld.com\/de\/auf-zur-mitternachtssonne-tag-37\/","title":{"rendered":"Auf zur Mitternachtssonne (Tag 37)"},"content":{"rendered":"<p style=\"text-align: left;\"><span style=\"color: #ff0000;\"><strong>Auf zur Mitternachtssonne. Eine Velomobil Reise mit Brigitte und Fritz.<\/strong><\/span><\/p>\n<p style=\"text-align: left;\"><strong>Deutschland &gt; D\u00e4nemark &gt; Norwegen &gt; Nordkap &gt; Finnland &gt; Deutschland<\/strong><\/p>\n<p style=\"text-align: left;\"><strong>&#8212;&#8212;&#8212;&#8212;&#8212;&#8212;&#8212;&#8212;&#8212;&#8212;&#8211;<\/strong><\/p>\n<p style=\"text-align: left;\">Entdecken Sie\u00a0<a href=\"https:\/\/www.velomobileworld.com\/de\/eine-velomobil-reise-auf-zur-mitternachtssonne-alle-tage\/\" target=\"_blank\" rel=\"noopener\">HIER<\/a>\u00a0alle Tage der Reise &#8222;Auf zur Mitternachtssonne&#8220;<\/p>\n<p style=\"text-align: left;\"><strong>&#8212;&#8212;&#8212;&#8212;&#8212;&#8212;&#8212;&#8212;&#8212;&#8212;&#8211;<\/strong><\/p>\n<p>&nbsp;<\/p>\n<p style=\"text-align: left;\"><strong>37.Tag | Sekkemo &#8211; Transfarelv | 122 KM | 1128 HM<\/strong><\/p>\n<p>&nbsp;<\/p>\n<p style=\"text-align: left;\">Leichter Nebel oberhalb des Fjords. Fr\u00fchst\u00fcck im Aufenthaltsraum. Drau\u00dfen war es uns zu frisch.<br \/>\nBisschen mit Frank quatschen. Er wollte sehen wie wir losfahren.<\/p>\n<p>&nbsp;<\/p>\n<p style=\"text-align: left;\">Nach kurzer flacher Phase gleich ein Anstieg von 250 m in den Nebel.<\/p>\n<p>&nbsp;<\/p>\n<p style=\"text-align: left;\">Eine Samisiedlung? Nee Souvenirsstand.<\/p>\n<p>&nbsp;<\/p>\n<p style=\"text-align: left;\">Dann immer wieder schlechte Abschnitte. Die meisten Autofahrer nehmen R\u00fccksicht und \u00fcberholen langsam. 2 leider nicht.<\/p>\n<p>&nbsp;<\/p>\n<p style=\"text-align: left;\">Radfahrer. Heute 3 aus Ahlen in Westfalen \u00fcberholt.<br \/>\nSp\u00e4ter zwei weitere. Unfreundliche oder unnahbar. Die Wir-Gr\u00fc\u00dfen-Nicht-Zur\u00fcck. Sp\u00e4ter als wir an Biggis Schaltung etwas nachstellten, haben die gleichen wieder Null Reaktion gezeigt. Die Sitten wandeln sich.<\/p>\n<p>&nbsp;<\/p>\n<p style=\"text-align: left;\">Noch ein paar Abschnitte vom Fjord. Immer wieder rauf und runter bis Alta.<\/p>\n<p>&nbsp;<\/p>\n<p style=\"text-align: left;\">In drei Sprachen &#8211; Norwegisch, Sami, Finnisch.<\/p>\n<p>&nbsp;<\/p>\n<p style=\"text-align: left;\">Heute hatten wir zwei sehr gute Tunnel. Da kann man nicht meckern. Besser als die meisten Stra\u00dfen bei uns war der Stra\u00dfenbelag.<\/p>\n<p>&nbsp;<\/p>\n<p style=\"text-align: left;\">Ein voll ausgebauter Radweg nach Alta, der auch durchgehend beleuchtet ist.<\/p>\n<p>&nbsp;<\/p>\n<p style=\"text-align: left;\">Dann gab es da noch Tim, der von Kap zu Kap fahren will. Also jetzt nach S\u00fcden. Bei der Gelegenheit hat er gleich mal das Rote probegefahren.<\/p>\n<p>&nbsp;<\/p>\n<p style=\"text-align: left;\">Sonntag sollten wir das n\u00e4chste Ziel erreicht haben. Dann geht es endlich nach S\u00fcden und jeden Tag d\u00fcrfte es w\u00e4rmer werden. Der Wind ist schon sehr frisch hier. Ich bin so froh, dass ich mit einem Velomobil fahre.<\/p>\n<p style=\"text-align: left;\"><strong>&#8230;&#8230;&#8230;&#8230;&#8230;&#8230;&#8230;&#8230;&#8230;&#8230;&#8230;&#8230;&#8230;&#8230;&#8230;&#8230;&#8230;&#8230;<\/strong><\/p>\n<p><a href=\"https:\/\/www.velomobileworld.com\/de\/52-2-height-limit-for-trucks-2-2\/?utm_source=Article_Banner&#038;utm_medium=Article&#038;utm_campaign=Blog\"><img loading=\"lazy\" decoding=\"async\" class=\"ls-is-cached lazyloaded alignnone wp-image-51363\" src=\"https:\/\/www.velomobileworld.com\/wp-content\/uploads\/2024\/08\/1-discover-velomobiles.png\" alt=\"Discover the velomobiles\" width=\"450\" height=\"74\" data-src=\"https:\/\/www.velomobileworld.com\/wp-content\/uploads\/2024\/07\/1-configure-july2024.jpg\" \/><\/a><\/p>\n<p style=\"text-align: left;\"><strong>&#8230;&#8230;&#8230;&#8230;&#8230;&#8230;&#8230;&#8230;&#8230;&#8230;&#8230;&#8230;&#8230;&#8230;&#8230;&#8230;&#8230;&#8230;<\/strong><\/p>\n<p><a href=\"https:\/\/www.velomobileworld.com\/wp-content\/uploads\/2024\/08\/37-map-1-633x1024.jpeg\"><img loading=\"lazy\" decoding=\"async\" class=\"alignnone wp-image-52003\" src=\"https:\/\/www.velomobileworld.com\/wp-content\/uploads\/2024\/08\/37-map-1-633x1024.jpeg\" alt=\"\" width=\"450\" height=\"728\" \/><\/a><\/p>\n<p><a href=\"https:\/\/www.velomobileworld.com\/wp-content\/uploads\/2024\/08\/37-map-2-995x1024.jpeg\"><img loading=\"lazy\" decoding=\"async\" class=\"alignnone wp-image-52008\" src=\"https:\/\/www.velomobileworld.com\/wp-content\/uploads\/2024\/08\/37-map-2-995x1024.jpeg\" alt=\"\" width=\"450\" height=\"463\" \/><\/a><a href=\"https:\/\/www.velomobileworld.com\/wp-content\/uploads\/2024\/08\/37-1-Frank-from-Hamburg-1024x768.jpeg\"><img loading=\"lazy\" decoding=\"async\" class=\"alignnone wp-image-52013\" src=\"https:\/\/www.velomobileworld.com\/wp-content\/uploads\/2024\/08\/37-1-Frank-from-Hamburg-1024x768.jpeg\" alt=\"\" width=\"450\" height=\"338\" \/><\/a><\/p>\n<p style=\"text-align: left;\"><img decoding=\"async\" class=\"emoji ls-is-cached lazyloaded\" role=\"img\" draggable=\"false\" src=\"https:\/\/s.w.org\/images\/core\/emoji\/13.1.0\/svg\/2b06.svg\" alt=\"\u2b06\ufe0f\" data-src=\"https:\/\/s.w.org\/images\/core\/emoji\/13.1.0\/svg\/2b06.svg\" \/> Frank from Hamburg \/ Frank aus Hamburg \/ Frank de Hambourg<\/p>\n<p><a href=\"https:\/\/www.velomobileworld.com\/wp-content\/uploads\/2024\/08\/37-2-Morning-at-the-fjord-1024x768.jpeg\"><img loading=\"lazy\" decoding=\"async\" class=\"alignnone wp-image-52018\" src=\"https:\/\/www.velomobileworld.com\/wp-content\/uploads\/2024\/08\/37-2-Morning-at-the-fjord-1024x768.jpeg\" alt=\"\" width=\"450\" height=\"338\" \/><\/a><\/p>\n<p style=\"text-align: left;\"><img decoding=\"async\" class=\"emoji ls-is-cached lazyloaded\" role=\"img\" draggable=\"false\" src=\"https:\/\/s.w.org\/images\/core\/emoji\/13.1.0\/svg\/2b06.svg\" alt=\"\u2b06\ufe0f\" data-src=\"https:\/\/s.w.org\/images\/core\/emoji\/13.1.0\/svg\/2b06.svg\" \/> Morning at the fjord \/ Morgen am Fjord \/ Matin\u00e9e au fjord<\/p>\n<p><a href=\"https:\/\/www.velomobileworld.com\/wp-content\/uploads\/2024\/08\/37-3-Fog-at-the-top-1024x768.jpeg\"><img loading=\"lazy\" decoding=\"async\" class=\"alignnone wp-image-52023\" src=\"https:\/\/www.velomobileworld.com\/wp-content\/uploads\/2024\/08\/37-3-Fog-at-the-top-1024x768.jpeg\" alt=\"\" width=\"450\" height=\"338\" \/><\/a><\/p>\n<p style=\"text-align: left;\"><img decoding=\"async\" class=\"emoji ls-is-cached lazyloaded\" role=\"img\" draggable=\"false\" src=\"https:\/\/s.w.org\/images\/core\/emoji\/13.1.0\/svg\/2b06.svg\" alt=\"\u2b06\ufe0f\" data-src=\"https:\/\/s.w.org\/images\/core\/emoji\/13.1.0\/svg\/2b06.svg\" \/> Fog at the top \/ Nebel auf dem Gipfel \/ Brouillard au sommet<\/p>\n<p><a href=\"https:\/\/www.velomobileworld.com\/wp-content\/uploads\/2024\/08\/37-4-Sami-Souvenir-1024x765.jpeg\"><img loading=\"lazy\" decoding=\"async\" class=\"alignnone wp-image-52028\" src=\"https:\/\/www.velomobileworld.com\/wp-content\/uploads\/2024\/08\/37-4-Sami-Souvenir-1024x765.jpeg\" alt=\"\" width=\"450\" height=\"336\" \/><\/a><\/p>\n<p style=\"text-align: left;\"><img decoding=\"async\" class=\"emoji ls-is-cached lazyloaded\" role=\"img\" draggable=\"false\" src=\"https:\/\/s.w.org\/images\/core\/emoji\/13.1.0\/svg\/2b06.svg\" alt=\"\u2b06\ufe0f\" data-src=\"https:\/\/s.w.org\/images\/core\/emoji\/13.1.0\/svg\/2b06.svg\" \/> Sami souvenir \/ Sami Erinnerung<\/p>\n<p><a href=\"https:\/\/www.velomobileworld.com\/wp-content\/uploads\/2024\/08\/37-5-1024x744.jpeg\"><img loading=\"lazy\" decoding=\"async\" class=\"alignnone wp-image-52033\" src=\"https:\/\/www.velomobileworld.com\/wp-content\/uploads\/2024\/08\/37-5-1024x744.jpeg\" alt=\"\" width=\"450\" height=\"327\" \/><\/a><a href=\"https:\/\/www.velomobileworld.com\/wp-content\/uploads\/2024\/08\/37-6-1024x768.jpeg\"><img loading=\"lazy\" decoding=\"async\" class=\"alignnone wp-image-52038\" src=\"https:\/\/www.velomobileworld.com\/wp-content\/uploads\/2024\/08\/37-6-1024x768.jpeg\" alt=\"\" width=\"450\" height=\"338\" \/><\/a><a href=\"https:\/\/www.velomobileworld.com\/wp-content\/uploads\/2024\/08\/37-7-Cyclists-from-Germany-1024x768.jpeg\"><img loading=\"lazy\" decoding=\"async\" class=\"alignnone wp-image-52043\" src=\"https:\/\/www.velomobileworld.com\/wp-content\/uploads\/2024\/08\/37-7-Cyclists-from-Germany-1024x768.jpeg\" alt=\"\" width=\"450\" height=\"338\" \/><\/a><\/p>\n<p style=\"text-align: left;\"><img decoding=\"async\" class=\"emoji ls-is-cached lazyloaded\" role=\"img\" draggable=\"false\" src=\"https:\/\/s.w.org\/images\/core\/emoji\/13.1.0\/svg\/2b06.svg\" alt=\"\u2b06\ufe0f\" data-src=\"https:\/\/s.w.org\/images\/core\/emoji\/13.1.0\/svg\/2b06.svg\" \/> Cyclists from Germany \/ Radfahrer aus Deutschland \/ Cyclistes d&#8217;Allemagne<\/p>\n<p><a href=\"https:\/\/www.velomobileworld.com\/wp-content\/uploads\/2024\/08\/37-8-Warm-socks-1024x768.jpeg\"><img loading=\"lazy\" decoding=\"async\" class=\"alignnone wp-image-52048\" src=\"https:\/\/www.velomobileworld.com\/wp-content\/uploads\/2024\/08\/37-8-Warm-socks-1024x768.jpeg\" alt=\"\" width=\"450\" height=\"338\" \/><\/a><\/p>\n<p style=\"text-align: left;\"><img decoding=\"async\" class=\"emoji ls-is-cached lazyloaded\" role=\"img\" draggable=\"false\" src=\"https:\/\/s.w.org\/images\/core\/emoji\/13.1.0\/svg\/2b06.svg\" alt=\"\u2b06\ufe0f\" data-src=\"https:\/\/s.w.org\/images\/core\/emoji\/13.1.0\/svg\/2b06.svg\" \/> Warm socks \/ Warme Socken \/ Chaussettes chaudes<\/p>\n<p><a href=\"https:\/\/www.velomobileworld.com\/wp-content\/uploads\/2024\/08\/37-9-1024x768.jpeg\"><img loading=\"lazy\" decoding=\"async\" class=\"alignnone wp-image-52053\" src=\"https:\/\/www.velomobileworld.com\/wp-content\/uploads\/2024\/08\/37-9-1024x768.jpeg\" alt=\"\" width=\"450\" height=\"338\" \/><\/a><a href=\"https:\/\/www.velomobileworld.com\/wp-content\/uploads\/2024\/08\/37-10-Alta-1024x662.jpeg\"><img loading=\"lazy\" decoding=\"async\" class=\"alignnone wp-image-52058\" src=\"https:\/\/www.velomobileworld.com\/wp-content\/uploads\/2024\/08\/37-10-Alta-1024x662.jpeg\" alt=\"\" width=\"450\" height=\"291\" \/><\/a><\/p>\n<p><img decoding=\"async\" class=\"emoji ls-is-cached lazyloaded\" role=\"img\" draggable=\"false\" src=\"https:\/\/s.w.org\/images\/core\/emoji\/13.1.0\/svg\/2b06.svg\" alt=\"\u2b06\ufe0f\" data-src=\"https:\/\/s.w.org\/images\/core\/emoji\/13.1.0\/svg\/2b06.svg\" \/> Alta<\/p>\n<p><a href=\"https:\/\/www.velomobileworld.com\/wp-content\/uploads\/2024\/08\/37-11-1024x768.jpeg\"><img loading=\"lazy\" decoding=\"async\" class=\"alignnone wp-image-52063\" src=\"https:\/\/www.velomobileworld.com\/wp-content\/uploads\/2024\/08\/37-11-1024x768.jpeg\" alt=\"\" width=\"450\" height=\"338\" \/><\/a><a href=\"https:\/\/www.velomobileworld.com\/wp-content\/uploads\/2024\/08\/37-12-1024x768.jpeg\"><img loading=\"lazy\" decoding=\"async\" class=\"alignnone wp-image-52068\" src=\"https:\/\/www.velomobileworld.com\/wp-content\/uploads\/2024\/08\/37-12-1024x768.jpeg\" alt=\"\" width=\"450\" height=\"338\" \/><\/a><a href=\"https:\/\/www.velomobileworld.com\/wp-content\/uploads\/2024\/08\/37-13-1024x768.jpeg\"><img loading=\"lazy\" decoding=\"async\" class=\"alignnone wp-image-52073\" src=\"https:\/\/www.velomobileworld.com\/wp-content\/uploads\/2024\/08\/37-13-1024x768.jpeg\" alt=\"\" width=\"450\" height=\"338\" \/><\/a><a href=\"https:\/\/www.velomobileworld.com\/wp-content\/uploads\/2024\/08\/37-14-1024x768.jpeg\"><img loading=\"lazy\" decoding=\"async\" class=\"alignnone wp-image-52078\" src=\"https:\/\/www.velomobileworld.com\/wp-content\/uploads\/2024\/08\/37-14-1024x768.jpeg\" alt=\"\" width=\"450\" height=\"338\" \/><\/a><a href=\"https:\/\/www.velomobileworld.com\/wp-content\/uploads\/2024\/08\/37-15-3-languages.-Norwegian-Sami-Finnish-1024x768.jpeg\"><img loading=\"lazy\" decoding=\"async\" class=\"alignnone wp-image-52083\" src=\"https:\/\/www.velomobileworld.com\/wp-content\/uploads\/2024\/08\/37-15-3-languages.-Norwegian-Sami-Finnish-1024x768.jpeg\" alt=\"\" width=\"450\" height=\"338\" \/><\/a><\/p>\n<p style=\"text-align: left;\"><img decoding=\"async\" class=\"emoji ls-is-cached lazyloaded\" role=\"img\" draggable=\"false\" src=\"https:\/\/s.w.org\/images\/core\/emoji\/13.1.0\/svg\/2b06.svg\" alt=\"\u2b06\ufe0f\" data-src=\"https:\/\/s.w.org\/images\/core\/emoji\/13.1.0\/svg\/2b06.svg\" \/> 3 languages: Norwegian, Sami, Finnish \/ 3 Sprachen: Norwegisch, Samisch, Finnisch \/ 3 langues : norv\u00e9gien, sami, finnois<\/p>\n<p><a href=\"https:\/\/www.velomobileworld.com\/wp-content\/uploads\/2024\/08\/37-16-1024x768.jpeg\"><img loading=\"lazy\" decoding=\"async\" class=\"alignnone wp-image-52088\" src=\"https:\/\/www.velomobileworld.com\/wp-content\/uploads\/2024\/08\/37-16-1024x768.jpeg\" alt=\"\" width=\"450\" height=\"338\" \/><\/a><a href=\"https:\/\/www.velomobileworld.com\/wp-content\/uploads\/2024\/08\/37-17-Very-good-Tunnel-1024x768.jpeg\"><img loading=\"lazy\" decoding=\"async\" class=\"alignnone wp-image-52093\" src=\"https:\/\/www.velomobileworld.com\/wp-content\/uploads\/2024\/08\/37-17-Very-good-Tunnel-1024x768.jpeg\" alt=\"\" width=\"450\" height=\"338\" \/><\/a><\/p>\n<p style=\"text-align: left;\"><img decoding=\"async\" class=\"emoji ls-is-cached lazyloaded\" role=\"img\" draggable=\"false\" src=\"https:\/\/s.w.org\/images\/core\/emoji\/13.1.0\/svg\/2b06.svg\" alt=\"\u2b06\ufe0f\" data-src=\"https:\/\/s.w.org\/images\/core\/emoji\/13.1.0\/svg\/2b06.svg\" \/> Very good tunnel \/ Sehr guter Tunnel \/ Tr\u00e8s bon tunnel<\/p>\n<p><a href=\"https:\/\/www.velomobileworld.com\/wp-content\/uploads\/2024\/08\/37-18-1024x768.jpeg\"><img loading=\"lazy\" decoding=\"async\" class=\"alignnone wp-image-52098\" src=\"https:\/\/www.velomobileworld.com\/wp-content\/uploads\/2024\/08\/37-18-1024x768.jpeg\" alt=\"\" width=\"450\" height=\"338\" \/><\/a><a href=\"https:\/\/www.velomobileworld.com\/wp-content\/uploads\/2024\/08\/37-19-My-Troll-1024x768.jpeg\"><img loading=\"lazy\" decoding=\"async\" class=\"alignnone wp-image-52103\" src=\"https:\/\/www.velomobileworld.com\/wp-content\/uploads\/2024\/08\/37-19-My-Troll-1024x768.jpeg\" alt=\"\" width=\"450\" height=\"338\" \/><\/a><\/p>\n<p style=\"text-align: left;\"><img decoding=\"async\" class=\"emoji ls-is-cached lazyloaded\" role=\"img\" draggable=\"false\" src=\"https:\/\/s.w.org\/images\/core\/emoji\/13.1.0\/svg\/2b06.svg\" alt=\"\u2b06\ufe0f\" data-src=\"https:\/\/s.w.org\/images\/core\/emoji\/13.1.0\/svg\/2b06.svg\" \/> My troll \/ Mein Troll \/ Mon troll<\/p>\n<p><a href=\"https:\/\/www.velomobileworld.com\/wp-content\/uploads\/2024\/08\/37-20-1024x768.jpeg\"><img loading=\"lazy\" decoding=\"async\" class=\"alignnone wp-image-52108\" src=\"https:\/\/www.velomobileworld.com\/wp-content\/uploads\/2024\/08\/37-20-1024x768.jpeg\" alt=\"\" width=\"450\" height=\"338\" \/><\/a><a href=\"https:\/\/www.velomobileworld.com\/wp-content\/uploads\/2024\/08\/37-21-Eagle-perhaps-1024x690.jpeg\"><img loading=\"lazy\" decoding=\"async\" class=\"alignnone wp-image-52113\" src=\"https:\/\/www.velomobileworld.com\/wp-content\/uploads\/2024\/08\/37-21-Eagle-perhaps-1024x690.jpeg\" alt=\"\" width=\"450\" height=\"303\" \/><\/a><\/p>\n<p style=\"text-align: left;\"><img decoding=\"async\" class=\"emoji ls-is-cached lazyloaded\" role=\"img\" draggable=\"false\" src=\"https:\/\/s.w.org\/images\/core\/emoji\/13.1.0\/svg\/2b06.svg\" alt=\"\u2b06\ufe0f\" data-src=\"https:\/\/s.w.org\/images\/core\/emoji\/13.1.0\/svg\/2b06.svg\" \/> Eagle perhaps \/ Adler vielleicht \/ Aigle peut-\u00eatre<\/p>\n<p><a href=\"https:\/\/www.velomobileworld.com\/wp-content\/uploads\/2024\/08\/37-22-Drink-at-the-campground-1024x768.jpeg\"><img loading=\"lazy\" decoding=\"async\" class=\"alignnone wp-image-52118\" src=\"https:\/\/www.velomobileworld.com\/wp-content\/uploads\/2024\/08\/37-22-Drink-at-the-campground-1024x768.jpeg\" alt=\"\" width=\"450\" height=\"338\" \/><\/a><\/p>\n<p style=\"text-align: left;\"><img decoding=\"async\" class=\"emoji ls-is-cached lazyloaded\" role=\"img\" draggable=\"false\" src=\"https:\/\/s.w.org\/images\/core\/emoji\/13.1.0\/svg\/2b06.svg\" alt=\"\u2b06\ufe0f\" data-src=\"https:\/\/s.w.org\/images\/core\/emoji\/13.1.0\/svg\/2b06.svg\" \/> Drink at the campground \/ Getr\u00e4nk auf dem Zeltplatz \/ Boisson au camping<\/p>\n<p style=\"text-align: left;\"><strong>&#8230;&#8230;&#8230;&#8230;&#8230;&#8230;&#8230;&#8230;&#8230;&#8230;&#8230;&#8230;&#8230;&#8230;&#8230;&#8230;&#8230;&#8230;<\/strong><\/p>\n<p style=\"text-align: left;\"><a href=\"https:\/\/www.velomobileworld.com\/de\/velomobil-ausfluege-35-tage-mit-brigitte-und-fritz\/\" target=\"_blank\" rel=\"noopener\">2022 VELOMOBILE ROAD TRIP: 35 DAYS WITH BRIGITTE AND FRITZ (EN\/DE\/FR)<\/a><\/p>\n","protected":false},"excerpt":{"rendered":"<p>Auf zur Mitternachtssonne. Eine Velomobil Reise mit Brigitte und Fritz. Deutschland &gt; D\u00e4nemark &gt; Norwegen &gt; Nordkap &gt; Finnland &gt; [&hellip;]<\/p>\n","protected":false},"author":4,"featured_media":6315,"comment_status":"open","ping_status":"closed","sticky":false,"template":"","format":"standard","meta":{"_acf_changed":false,"footnotes":""},"categories":[690],"tags":[],"class_list":["post-7143","post","type-post","status-publish","format-standard","has-post-thumbnail","hentry","category-unkategorisiert"],"acf":[],"yoast_head":"<!-- This site is optimized with the Yoast SEO plugin v27.5 - https:\/\/yoast.com\/product\/yoast-seo-wordpress\/ -->\n<title>Auf zur Mitternachtssonne (Tag 37) | Velomobile World<\/title>\n<meta name=\"description\" content=\"Auf zur Mitternachtssonne (Tag 37). Eine weitere Reise mit Brigitte und Fritz. Entdecken Sie ihre Abenteuer. Details im Artikel.\" \/>\n<meta name=\"robots\" content=\"index, follow, max-snippet:-1, max-image-preview:large, max-video-preview:-1\" \/>\n<link rel=\"canonical\" href=\"https:\/\/www.velomobileworld.com\/de\/auf-zur-mitternachtssonne-tag-37\/\" \/>\n<meta property=\"og:locale\" content=\"de_DE\" \/>\n<meta property=\"og:type\" content=\"article\" \/>\n<meta property=\"og:title\" content=\"Auf zur Mitternachtssonne (Tag 37) | Velomobile World\" \/>\n<meta property=\"og:description\" content=\"Auf zur Mitternachtssonne (Tag 37). Eine weitere Reise mit Brigitte und Fritz. Entdecken Sie ihre Abenteuer. Details im Artikel.\" \/>\n<meta property=\"og:url\" content=\"https:\/\/www.velomobileworld.com\/de\/auf-zur-mitternachtssonne-tag-37\/\" \/>\n<meta property=\"og:site_name\" content=\"Velomobile World\" \/>\n<meta property=\"article:published_time\" content=\"2024-12-10T13:28:46+00:00\" \/>\n<meta property=\"article:modified_time\" content=\"2025-07-25T10:11:14+00:00\" \/>\n<meta property=\"og:image\" content=\"https:\/\/www.velomobileworld.com\/wp-content\/uploads\/2024\/12\/Midnightsun-Day-37.webp\" \/>\n\t<meta property=\"og:image:width\" content=\"1920\" \/>\n\t<meta property=\"og:image:height\" content=\"850\" \/>\n\t<meta property=\"og:image:type\" content=\"image\/webp\" \/>\n<meta name=\"author\" content=\"Jan Wijnen\" \/>\n<meta name=\"twitter:card\" content=\"summary_large_image\" \/>\n<meta name=\"twitter:label1\" content=\"Verfasst von\" \/>\n\t<meta name=\"twitter:data1\" content=\"Jan Wijnen\" \/>\n\t<meta name=\"twitter:label2\" content=\"Gesch\u00e4tzte Lesezeit\" \/>\n\t<meta name=\"twitter:data2\" content=\"2\u00a0Minuten\" \/>\n<script type=\"application\/ld+json\" class=\"yoast-schema-graph\">{\"@context\":\"https:\\\/\\\/schema.org\",\"@graph\":[{\"@type\":\"Article\",\"@id\":\"https:\\\/\\\/www.velomobileworld.com\\\/de\\\/auf-zur-mitternachtssonne-tag-37\\\/#article\",\"isPartOf\":{\"@id\":\"https:\\\/\\\/www.velomobileworld.com\\\/de\\\/auf-zur-mitternachtssonne-tag-37\\\/\"},\"author\":{\"name\":\"Jan Wijnen\",\"@id\":\"https:\\\/\\\/www.velomobileworld.com\\\/nl\\\/#\\\/schema\\\/person\\\/c0c7c661ad3c8719ed05a7dc85d6fa12\"},\"headline\":\"Auf zur Mitternachtssonne (Tag 37)\",\"datePublished\":\"2024-12-10T13:28:46+00:00\",\"dateModified\":\"2025-07-25T10:11:14+00:00\",\"mainEntityOfPage\":{\"@id\":\"https:\\\/\\\/www.velomobileworld.com\\\/de\\\/auf-zur-mitternachtssonne-tag-37\\\/\"},\"wordCount\":388,\"commentCount\":0,\"image\":{\"@id\":\"https:\\\/\\\/www.velomobileworld.com\\\/de\\\/auf-zur-mitternachtssonne-tag-37\\\/#primaryimage\"},\"thumbnailUrl\":\"https:\\\/\\\/www.velomobileworld.com\\\/wp-content\\\/uploads\\\/2024\\\/12\\\/Midnightsun-Day-37.webp\",\"articleSection\":[\"Unkategorisiert\"],\"inLanguage\":\"de\",\"potentialAction\":[{\"@type\":\"CommentAction\",\"name\":\"Comment\",\"target\":[\"https:\\\/\\\/www.velomobileworld.com\\\/de\\\/auf-zur-mitternachtssonne-tag-37\\\/#respond\"]}]},{\"@type\":\"WebPage\",\"@id\":\"https:\\\/\\\/www.velomobileworld.com\\\/de\\\/auf-zur-mitternachtssonne-tag-37\\\/\",\"url\":\"https:\\\/\\\/www.velomobileworld.com\\\/de\\\/auf-zur-mitternachtssonne-tag-37\\\/\",\"name\":\"Auf zur Mitternachtssonne (Tag 37) | Velomobile World\",\"isPartOf\":{\"@id\":\"https:\\\/\\\/www.velomobileworld.com\\\/nl\\\/#website\"},\"primaryImageOfPage\":{\"@id\":\"https:\\\/\\\/www.velomobileworld.com\\\/de\\\/auf-zur-mitternachtssonne-tag-37\\\/#primaryimage\"},\"image\":{\"@id\":\"https:\\\/\\\/www.velomobileworld.com\\\/de\\\/auf-zur-mitternachtssonne-tag-37\\\/#primaryimage\"},\"thumbnailUrl\":\"https:\\\/\\\/www.velomobileworld.com\\\/wp-content\\\/uploads\\\/2024\\\/12\\\/Midnightsun-Day-37.webp\",\"datePublished\":\"2024-12-10T13:28:46+00:00\",\"dateModified\":\"2025-07-25T10:11:14+00:00\",\"author\":{\"@id\":\"https:\\\/\\\/www.velomobileworld.com\\\/nl\\\/#\\\/schema\\\/person\\\/c0c7c661ad3c8719ed05a7dc85d6fa12\"},\"description\":\"Auf zur Mitternachtssonne (Tag 37). Eine weitere Reise mit Brigitte und Fritz. Entdecken Sie ihre Abenteuer. Details im Artikel.\",\"breadcrumb\":{\"@id\":\"https:\\\/\\\/www.velomobileworld.com\\\/de\\\/auf-zur-mitternachtssonne-tag-37\\\/#breadcrumb\"},\"inLanguage\":\"de\",\"potentialAction\":[{\"@type\":\"ReadAction\",\"target\":[\"https:\\\/\\\/www.velomobileworld.com\\\/de\\\/auf-zur-mitternachtssonne-tag-37\\\/\"]}]},{\"@type\":\"ImageObject\",\"inLanguage\":\"de\",\"@id\":\"https:\\\/\\\/www.velomobileworld.com\\\/de\\\/auf-zur-mitternachtssonne-tag-37\\\/#primaryimage\",\"url\":\"https:\\\/\\\/www.velomobileworld.com\\\/wp-content\\\/uploads\\\/2024\\\/12\\\/Midnightsun-Day-37.webp\",\"contentUrl\":\"https:\\\/\\\/www.velomobileworld.com\\\/wp-content\\\/uploads\\\/2024\\\/12\\\/Midnightsun-Day-37.webp\",\"width\":1920,\"height\":850},{\"@type\":\"BreadcrumbList\",\"@id\":\"https:\\\/\\\/www.velomobileworld.com\\\/de\\\/auf-zur-mitternachtssonne-tag-37\\\/#breadcrumb\",\"itemListElement\":[{\"@type\":\"ListItem\",\"position\":1,\"name\":\"Home\",\"item\":\"https:\\\/\\\/www.velomobileworld.com\\\/\"},{\"@type\":\"ListItem\",\"position\":2,\"name\":\"Auf zur Mitternachtssonne (Tag 37)\"}]},{\"@type\":\"WebSite\",\"@id\":\"https:\\\/\\\/www.velomobileworld.com\\\/nl\\\/#website\",\"url\":\"https:\\\/\\\/www.velomobileworld.com\\\/nl\\\/\",\"name\":\"Velomobile World\",\"description\":\"\",\"potentialAction\":[{\"@type\":\"SearchAction\",\"target\":{\"@type\":\"EntryPoint\",\"urlTemplate\":\"https:\\\/\\\/www.velomobileworld.com\\\/nl\\\/?s={search_term_string}\"},\"query-input\":{\"@type\":\"PropertyValueSpecification\",\"valueRequired\":true,\"valueName\":\"search_term_string\"}}],\"inLanguage\":\"de\"},{\"@type\":\"Person\",\"@id\":\"https:\\\/\\\/www.velomobileworld.com\\\/nl\\\/#\\\/schema\\\/person\\\/c0c7c661ad3c8719ed05a7dc85d6fa12\",\"name\":\"Jan Wijnen\",\"image\":{\"@type\":\"ImageObject\",\"inLanguage\":\"de\",\"@id\":\"https:\\\/\\\/secure.gravatar.com\\\/avatar\\\/4802c8a6006d5895d73a1141e39ccf819bca7ec1dbfb26a6f4370880cefa109a?s=96&d=mm&r=g\",\"url\":\"https:\\\/\\\/secure.gravatar.com\\\/avatar\\\/4802c8a6006d5895d73a1141e39ccf819bca7ec1dbfb26a6f4370880cefa109a?s=96&d=mm&r=g\",\"contentUrl\":\"https:\\\/\\\/secure.gravatar.com\\\/avatar\\\/4802c8a6006d5895d73a1141e39ccf819bca7ec1dbfb26a6f4370880cefa109a?s=96&d=mm&r=g\",\"caption\":\"Jan Wijnen\"},\"url\":\"https:\\\/\\\/www.velomobileworld.com\\\/de\\\/author\\\/jan-admin\\\/\"}]}<\/script>\n<!-- \/ Yoast SEO plugin. -->","yoast_head_json":{"title":"Auf zur Mitternachtssonne (Tag 37) | Velomobile World","description":"Auf zur Mitternachtssonne (Tag 37). Eine weitere Reise mit Brigitte und Fritz. Entdecken Sie ihre Abenteuer. Details im Artikel.","robots":{"index":"index","follow":"follow","max-snippet":"max-snippet:-1","max-image-preview":"max-image-preview:large","max-video-preview":"max-video-preview:-1"},"canonical":"https:\/\/www.velomobileworld.com\/de\/auf-zur-mitternachtssonne-tag-37\/","og_locale":"de_DE","og_type":"article","og_title":"Auf zur Mitternachtssonne (Tag 37) | Velomobile World","og_description":"Auf zur Mitternachtssonne (Tag 37). Eine weitere Reise mit Brigitte und Fritz. Entdecken Sie ihre Abenteuer. Details im Artikel.","og_url":"https:\/\/www.velomobileworld.com\/de\/auf-zur-mitternachtssonne-tag-37\/","og_site_name":"Velomobile World","article_published_time":"2024-12-10T13:28:46+00:00","article_modified_time":"2025-07-25T10:11:14+00:00","og_image":[{"width":1920,"height":850,"url":"https:\/\/www.velomobileworld.com\/wp-content\/uploads\/2024\/12\/Midnightsun-Day-37.webp","type":"image\/webp"}],"author":"Jan Wijnen","twitter_card":"summary_large_image","twitter_misc":{"Verfasst von":"Jan Wijnen","Gesch\u00e4tzte Lesezeit":"2\u00a0Minuten"},"schema":{"@context":"https:\/\/schema.org","@graph":[{"@type":"Article","@id":"https:\/\/www.velomobileworld.com\/de\/auf-zur-mitternachtssonne-tag-37\/#article","isPartOf":{"@id":"https:\/\/www.velomobileworld.com\/de\/auf-zur-mitternachtssonne-tag-37\/"},"author":{"name":"Jan Wijnen","@id":"https:\/\/www.velomobileworld.com\/nl\/#\/schema\/person\/c0c7c661ad3c8719ed05a7dc85d6fa12"},"headline":"Auf zur Mitternachtssonne (Tag 37)","datePublished":"2024-12-10T13:28:46+00:00","dateModified":"2025-07-25T10:11:14+00:00","mainEntityOfPage":{"@id":"https:\/\/www.velomobileworld.com\/de\/auf-zur-mitternachtssonne-tag-37\/"},"wordCount":388,"commentCount":0,"image":{"@id":"https:\/\/www.velomobileworld.com\/de\/auf-zur-mitternachtssonne-tag-37\/#primaryimage"},"thumbnailUrl":"https:\/\/www.velomobileworld.com\/wp-content\/uploads\/2024\/12\/Midnightsun-Day-37.webp","articleSection":["Unkategorisiert"],"inLanguage":"de","potentialAction":[{"@type":"CommentAction","name":"Comment","target":["https:\/\/www.velomobileworld.com\/de\/auf-zur-mitternachtssonne-tag-37\/#respond"]}]},{"@type":"WebPage","@id":"https:\/\/www.velomobileworld.com\/de\/auf-zur-mitternachtssonne-tag-37\/","url":"https:\/\/www.velomobileworld.com\/de\/auf-zur-mitternachtssonne-tag-37\/","name":"Auf zur Mitternachtssonne (Tag 37) | Velomobile World","isPartOf":{"@id":"https:\/\/www.velomobileworld.com\/nl\/#website"},"primaryImageOfPage":{"@id":"https:\/\/www.velomobileworld.com\/de\/auf-zur-mitternachtssonne-tag-37\/#primaryimage"},"image":{"@id":"https:\/\/www.velomobileworld.com\/de\/auf-zur-mitternachtssonne-tag-37\/#primaryimage"},"thumbnailUrl":"https:\/\/www.velomobileworld.com\/wp-content\/uploads\/2024\/12\/Midnightsun-Day-37.webp","datePublished":"2024-12-10T13:28:46+00:00","dateModified":"2025-07-25T10:11:14+00:00","author":{"@id":"https:\/\/www.velomobileworld.com\/nl\/#\/schema\/person\/c0c7c661ad3c8719ed05a7dc85d6fa12"},"description":"Auf zur Mitternachtssonne (Tag 37). Eine weitere Reise mit Brigitte und Fritz. Entdecken Sie ihre Abenteuer. Details im Artikel.","breadcrumb":{"@id":"https:\/\/www.velomobileworld.com\/de\/auf-zur-mitternachtssonne-tag-37\/#breadcrumb"},"inLanguage":"de","potentialAction":[{"@type":"ReadAction","target":["https:\/\/www.velomobileworld.com\/de\/auf-zur-mitternachtssonne-tag-37\/"]}]},{"@type":"ImageObject","inLanguage":"de","@id":"https:\/\/www.velomobileworld.com\/de\/auf-zur-mitternachtssonne-tag-37\/#primaryimage","url":"https:\/\/www.velomobileworld.com\/wp-content\/uploads\/2024\/12\/Midnightsun-Day-37.webp","contentUrl":"https:\/\/www.velomobileworld.com\/wp-content\/uploads\/2024\/12\/Midnightsun-Day-37.webp","width":1920,"height":850},{"@type":"BreadcrumbList","@id":"https:\/\/www.velomobileworld.com\/de\/auf-zur-mitternachtssonne-tag-37\/#breadcrumb","itemListElement":[{"@type":"ListItem","position":1,"name":"Home","item":"https:\/\/www.velomobileworld.com\/"},{"@type":"ListItem","position":2,"name":"Auf zur Mitternachtssonne (Tag 37)"}]},{"@type":"WebSite","@id":"https:\/\/www.velomobileworld.com\/nl\/#website","url":"https:\/\/www.velomobileworld.com\/nl\/","name":"Velomobile World","description":"","potentialAction":[{"@type":"SearchAction","target":{"@type":"EntryPoint","urlTemplate":"https:\/\/www.velomobileworld.com\/nl\/?s={search_term_string}"},"query-input":{"@type":"PropertyValueSpecification","valueRequired":true,"valueName":"search_term_string"}}],"inLanguage":"de"},{"@type":"Person","@id":"https:\/\/www.velomobileworld.com\/nl\/#\/schema\/person\/c0c7c661ad3c8719ed05a7dc85d6fa12","name":"Jan Wijnen","image":{"@type":"ImageObject","inLanguage":"de","@id":"https:\/\/secure.gravatar.com\/avatar\/4802c8a6006d5895d73a1141e39ccf819bca7ec1dbfb26a6f4370880cefa109a?s=96&d=mm&r=g","url":"https:\/\/secure.gravatar.com\/avatar\/4802c8a6006d5895d73a1141e39ccf819bca7ec1dbfb26a6f4370880cefa109a?s=96&d=mm&r=g","contentUrl":"https:\/\/secure.gravatar.com\/avatar\/4802c8a6006d5895d73a1141e39ccf819bca7ec1dbfb26a6f4370880cefa109a?s=96&d=mm&r=g","caption":"Jan Wijnen"},"url":"https:\/\/www.velomobileworld.com\/de\/author\/jan-admin\/"}]}},"_links":{"self":[{"href":"https:\/\/www.velomobileworld.com\/de\/wp-json\/wp\/v2\/posts\/7143","targetHints":{"allow":["GET"]}}],"collection":[{"href":"https:\/\/www.velomobileworld.com\/de\/wp-json\/wp\/v2\/posts"}],"about":[{"href":"https:\/\/www.velomobileworld.com\/de\/wp-json\/wp\/v2\/types\/post"}],"author":[{"embeddable":true,"href":"https:\/\/www.velomobileworld.com\/de\/wp-json\/wp\/v2\/users\/4"}],"replies":[{"embeddable":true,"href":"https:\/\/www.velomobileworld.com\/de\/wp-json\/wp\/v2\/comments?post=7143"}],"version-history":[{"count":2,"href":"https:\/\/www.velomobileworld.com\/de\/wp-json\/wp\/v2\/posts\/7143\/revisions"}],"predecessor-version":[{"id":100756,"href":"https:\/\/www.velomobileworld.com\/de\/wp-json\/wp\/v2\/posts\/7143\/revisions\/100756"}],"wp:featuredmedia":[{"embeddable":true,"href":"https:\/\/www.velomobileworld.com\/de\/wp-json\/wp\/v2\/media\/6315"}],"wp:attachment":[{"href":"https:\/\/www.velomobileworld.com\/de\/wp-json\/wp\/v2\/media?parent=7143"}],"wp:term":[{"taxonomy":"category","embeddable":true,"href":"https:\/\/www.velomobileworld.com\/de\/wp-json\/wp\/v2\/categories?post=7143"},{"taxonomy":"post_tag","embeddable":true,"href":"https:\/\/www.velomobileworld.com\/de\/wp-json\/wp\/v2\/tags?post=7143"}],"curies":[{"name":"wp","href":"https:\/\/api.w.org\/{rel}","templated":true}]}}