{"id":7144,"date":"2024-12-10T14:37:19","date_gmt":"2024-12-10T13:37:19","guid":{"rendered":"https:\/\/velomobileworld.convident.dev\/auf-zur-mitternachtssonne-tag-38\/"},"modified":"2025-07-25T12:11:14","modified_gmt":"2025-07-25T10:11:14","slug":"auf-zur-mitternachtssonne-tag-38","status":"publish","type":"post","link":"https:\/\/www.velomobileworld.com\/de\/auf-zur-mitternachtssonne-tag-38\/","title":{"rendered":"Auf zur Mitternachtssonne (Tag 38)"},"content":{"rendered":"<p style=\"text-align: left;\"><span style=\"color: #ff0000;\"><strong>Auf zur Mitternachtssonne. Eine Velomobil Reise mit Brigitte und Fritz.<\/strong><\/span><\/p>\n<p style=\"text-align: left;\"><strong>Deutschland &gt; D\u00e4nemark &gt; Norwegen &gt; Nordkap &gt; Finnland &gt; Deutschland<\/strong><\/p>\n<p style=\"text-align: left;\"><strong>&#8212;&#8212;&#8212;&#8212;&#8212;&#8212;&#8212;&#8212;&#8212;&#8212;&#8211;<\/strong><\/p>\n<p style=\"text-align: left;\">Entdecken Sie\u00a0<a href=\"https:\/\/www.velomobileworld.com\/de\/eine-velomobil-reise-auf-zur-mitternachtssonne-alle-tage\/\" target=\"_blank\" rel=\"noopener\">HIER<\/a>\u00a0alle Tage der Reise &#8222;Auf zur Mitternachtssonne&#8220;<\/p>\n<p style=\"text-align: left;\"><strong>&#8212;&#8212;&#8212;&#8212;&#8212;&#8212;&#8212;&#8212;&#8212;&#8212;&#8211;<\/strong><\/p>\n<p>&nbsp;<\/p>\n<p style=\"text-align: left;\"><strong>38.Tag | Transfarelv &#8211; Repv\u00e5g | 145 KM | 1189 HM<\/strong><\/p>\n<p>&nbsp;<\/p>\n<p style=\"text-align: left;\">Der Morgen war sehr k\u00fchl. Lange Hose \u00fcber die Radsachen gezogen, Faserpelz und Regenjacke. So war es ertr\u00e4glich alles einzupacken. Das sagt schon alles. Dann haben wir uns von Tim verabschiedet und uns auf den Weg gemacht.<\/p>\n<p>&nbsp;<\/p>\n<p style=\"text-align: left;\">Ziemlich bald kam schon der Anstieg aufs Fjell. Ann\u00e4hernd 400 H\u00f6henmeter. Nach den ersten 100 H\u00f6henmeter habe ich mich entschieden die lange Laufhose gegen die knielange Hose wieder auszutauschen. Es war dann doch zu warm.<\/p>\n<p>&nbsp;<\/p>\n<p style=\"text-align: left;\">Schafgarben und Glockenblumen standen massenhaft am Wegesrand.<\/p>\n<p>&nbsp;<\/p>\n<p style=\"text-align: left;\">Irgendwann waren wir oben angekommen. Ums uns herum tief h\u00e4ngende Wolken. Irgendwie war.das alles nicht so einladend und berauschend.<\/p>\n<p>&nbsp;<\/p>\n<p style=\"text-align: left;\">Aber durchaus interessant diese Hochfl\u00e4che mit ein paar Wellen und rings rum von Bergen eingerahmt, die alle im Nebel oder den Wolken verschwanden. Rechts und links der Stra\u00dfe war es vor allem Moorlandschaft und etwas Gras, dazwischen Seen sowie Birkenw\u00e4ldchen. Vielleicht die H\u00e4lfte der B\u00e4ume war abgestorben ohne Bl\u00e4tter. Von den Rentieren abgefressen? Dazu ab und zu ein paar H\u00e4user, die wahrscheinlich Wohnungen der Sami sind. Kleines Haus, Schuppen und Kloh\u00e4uschen. Dazu manchmal Hunde.<br \/>\nDie Stra\u00dfe ging scheinbar endlos bis zum Horizont.<\/p>\n<p>&nbsp;<\/p>\n<p style=\"text-align: left;\">Nach dem Mittag in Skaidi, ein Ort mitten in der absoluten Pampa, wieder etwas rauf.<\/p>\n<p>&nbsp;<\/p>\n<p style=\"text-align: left;\">Eine ganze zeitlang parallel zu einem Fluss an dem wir die ersten Rentiere sahen. Immer weiter entfernt und gut getarnt.<\/p>\n<p>&nbsp;<\/p>\n<p style=\"text-align: left;\">Beim durchfahren der Nebelwand gab es ziemlichen Nieselregen.<\/p>\n<p>&nbsp;<\/p>\n<p style=\"text-align: left;\">Die Tundra bei tr\u00fcben Wetter erh\u00f6ht den Wert eines Velomobils doch sehr. Im Vergleich zum aufrechten Radfahrer haben wir es sehr gem\u00fctlich. Hinter Olfjord tauchten irgendwann mehr Rentiere auf und vor allem n\u00e4her. Ich glaube, Rentiere ordnen uns den Autos zu. Sie lie\u00dfen sich nicht wirklich st\u00f6ren. Die wei\u00dfen gefallen mir besonders. Eines hatte zus\u00e4tzlich zum \u00fcblichen Geweih noch mitten auf der Stirn einen Geweihstange. Dann ging auf einmal auf der linken Seite eines entlang. Das war in silbergrau so gut getarnt, dass wir es beide erst in ca. 5 m \u00fcberhaupt sahen.<\/p>\n<p>&nbsp;<\/p>\n<p style=\"text-align: left;\">Die K\u00fcste war jetzt wild und ungem\u00fctlich. Windst\u00e4rke 4-6 je nach Standort, w\u00fcrde ich sch\u00e4tzen.<\/p>\n<p>&nbsp;<\/p>\n<p style=\"text-align: left;\">Dann kam ein wirklich toller Tunnel. Super Radweg links, getrennt, klasse beleuchtet und absolut glatter Asphalt. Obwohl es mit 2-4 % hoch ging, war er sehr locker zu fahren.<\/p>\n<p>&nbsp;<\/p>\n<p style=\"text-align: left;\">Die Felsk\u00fcste wurde immer interessanter. Felsen plattenartig auf einander geschichtet und von Erosion mit querlaufenden Rillen zerfurcht.<\/p>\n<p>&nbsp;<\/p>\n<p style=\"text-align: left;\">Dann kam mit einmal uns Mauro entgegen zusammen mit David. Ein kurzes Pl\u00e4uschen und weiter. Er musste sich beeilen, um den Laden in Olfjord noch vor Schlie\u00dfung zu erreichen.<br \/>\nDort hatte ich gem\u00fctlich eine Waffel fett mit norwegischer Sahne bestrichen und Blaubeermarmelade aus der Tube zu einem Kaffee gegessen.<\/p>\n<p>&nbsp;<\/p>\n<p style=\"text-align: left;\">Einen Radler vor uns haben wir mal eben am Anstieg eingeholt. Er hatte bei dem Gegen- und teilweise Seitenwind sehr zu k\u00e4mpfen.<\/p>\n<p>&nbsp;<\/p>\n<p style=\"text-align: left;\">Unsere H\u00fctte hatte Biggi schon am Mittag klargemacht. Gottseidank. Es war die letzte gewesen. Sehr \u00fcberschaubar, aber herrlich bei dem Wetter. Drau\u00dfen regnet es jetzt noch. Daf\u00fcr sind die Duschen hei\u00df. Ich war mit dem Po an die Armatur gekommen und hatte mich fast verbrannt.<\/p>\n<p>&nbsp;<\/p>\n<p style=\"text-align: left;\">Es ist so kuschelig hier drinnen, dass mir beim Bilder aussuchen schon die Augen zufallen wollten.<br \/>\nEin bisschen Schokokuchen und etwas Whisky und alles ist fein.<\/p>\n<p style=\"text-align: left;\"><strong>&#8230;&#8230;&#8230;&#8230;&#8230;&#8230;&#8230;&#8230;&#8230;&#8230;&#8230;&#8230;&#8230;&#8230;&#8230;&#8230;&#8230;&#8230;<\/strong><\/p>\n<p><a href=\"https:\/\/www.velomobileworld.com\/de\/52-2-height-limit-for-trucks-2-2\/?utm_source=Article_Banner&#038;utm_medium=Article&#038;utm_campaign=Blog\"><img loading=\"lazy\" decoding=\"async\" class=\"ls-is-cached lazyloaded alignnone wp-image-51363\" src=\"https:\/\/www.velomobileworld.com\/wp-content\/uploads\/2024\/08\/1-discover-velomobiles.png\" alt=\"Discover the velomobiles\" width=\"450\" height=\"74\" data-src=\"https:\/\/www.velomobileworld.com\/wp-content\/uploads\/2024\/07\/1-configure-july2024.jpg\" \/><\/a><\/p>\n<p style=\"text-align: left;\"><strong>&#8230;&#8230;&#8230;&#8230;&#8230;&#8230;&#8230;&#8230;&#8230;&#8230;&#8230;&#8230;&#8230;&#8230;&#8230;&#8230;&#8230;&#8230;<\/strong><\/p>\n<p><a href=\"https:\/\/www.velomobileworld.com\/wp-content\/uploads\/2024\/08\/38-map-1-633x1024.jpeg\"><img loading=\"lazy\" decoding=\"async\" class=\"alignnone wp-image-52157\" src=\"https:\/\/www.velomobileworld.com\/wp-content\/uploads\/2024\/08\/38-map-1-633x1024.jpeg\" alt=\"\" width=\"450\" height=\"728\" \/><\/a><\/p>\n<p><a href=\"https:\/\/www.velomobileworld.com\/wp-content\/uploads\/2024\/08\/38-map-2-992x1024.jpeg\"><img loading=\"lazy\" decoding=\"async\" class=\"alignnone wp-image-52162\" src=\"https:\/\/www.velomobileworld.com\/wp-content\/uploads\/2024\/08\/38-map-2-992x1024.jpeg\" alt=\"\" width=\"450\" height=\"464\" \/><\/a><\/p>\n<p><a href=\"https:\/\/www.velomobileworld.com\/wp-content\/uploads\/2024\/08\/38-1-Tim-1024x768.jpeg\"><img loading=\"lazy\" decoding=\"async\" class=\"alignnone wp-image-52167\" src=\"https:\/\/www.velomobileworld.com\/wp-content\/uploads\/2024\/08\/38-1-Tim-1024x768.jpeg\" alt=\"\" width=\"450\" height=\"338\" \/><\/a><\/p>\n<p style=\"text-align: left;\"><img decoding=\"async\" class=\"emoji ls-is-cached lazyloaded\" role=\"img\" draggable=\"false\" src=\"https:\/\/s.w.org\/images\/core\/emoji\/13.1.0\/svg\/2b06.svg\" alt=\"\u2b06\ufe0f\" data-src=\"https:\/\/s.w.org\/images\/core\/emoji\/13.1.0\/svg\/2b06.svg\" \/> Tim<\/p>\n<p><a href=\"https:\/\/www.velomobileworld.com\/wp-content\/uploads\/2024\/08\/38-2-And-his-bike-1024x768.jpeg\"><img loading=\"lazy\" decoding=\"async\" class=\"alignnone wp-image-52172\" src=\"https:\/\/www.velomobileworld.com\/wp-content\/uploads\/2024\/08\/38-2-And-his-bike-1024x768.jpeg\" alt=\"\" width=\"450\" height=\"338\" \/><\/a><\/p>\n<p style=\"text-align: left;\"><img decoding=\"async\" class=\"emoji ls-is-cached lazyloaded\" role=\"img\" draggable=\"false\" src=\"https:\/\/s.w.org\/images\/core\/emoji\/13.1.0\/svg\/2b06.svg\" alt=\"\u2b06\ufe0f\" data-src=\"https:\/\/s.w.org\/images\/core\/emoji\/13.1.0\/svg\/2b06.svg\" \/> Tim&#8217;s bike \/ Tims Fahrrad \/ V\u00e9lo de Tim<\/p>\n<p><a href=\"https:\/\/www.velomobileworld.com\/wp-content\/uploads\/2024\/08\/38-3-1024x735.jpeg\"><img loading=\"lazy\" decoding=\"async\" class=\"alignnone wp-image-52177\" src=\"https:\/\/www.velomobileworld.com\/wp-content\/uploads\/2024\/08\/38-3-1024x735.jpeg\" alt=\"\" width=\"450\" height=\"323\" \/><\/a><a href=\"https:\/\/www.velomobileworld.com\/wp-content\/uploads\/2024\/08\/38-4-1024x790.jpeg\"><img loading=\"lazy\" decoding=\"async\" class=\"alignnone wp-image-52182\" src=\"https:\/\/www.velomobileworld.com\/wp-content\/uploads\/2024\/08\/38-4-1024x790.jpeg\" alt=\"\" width=\"450\" height=\"347\" \/><\/a><a href=\"https:\/\/www.velomobileworld.com\/wp-content\/uploads\/2024\/08\/38-5-1024x768.jpeg\"><img loading=\"lazy\" decoding=\"async\" class=\"alignnone wp-image-52187\" src=\"https:\/\/www.velomobileworld.com\/wp-content\/uploads\/2024\/08\/38-5-1024x768.jpeg\" alt=\"\" width=\"450\" height=\"338\" \/><\/a><a href=\"https:\/\/www.velomobileworld.com\/wp-content\/uploads\/2024\/08\/38-6-Endless-streets-1024x768.jpeg\"><img loading=\"lazy\" decoding=\"async\" class=\"alignnone wp-image-52192\" src=\"https:\/\/www.velomobileworld.com\/wp-content\/uploads\/2024\/08\/38-6-Endless-streets-1024x768.jpeg\" alt=\"\" width=\"450\" height=\"338\" \/><\/a><\/p>\n<p style=\"text-align: left;\"><img decoding=\"async\" class=\"emoji ls-is-cached lazyloaded\" role=\"img\" draggable=\"false\" src=\"https:\/\/s.w.org\/images\/core\/emoji\/13.1.0\/svg\/2b06.svg\" alt=\"\u2b06\ufe0f\" data-src=\"https:\/\/s.w.org\/images\/core\/emoji\/13.1.0\/svg\/2b06.svg\" \/> Endless streets \/ Endlose Stra\u00dfen \/ Des rues sans fin<\/p>\n<p><a href=\"https:\/\/www.velomobileworld.com\/wp-content\/uploads\/2024\/08\/38-7-1024x768.jpeg\"><img loading=\"lazy\" decoding=\"async\" class=\"alignnone wp-image-52197\" src=\"https:\/\/www.velomobileworld.com\/wp-content\/uploads\/2024\/08\/38-7-1024x768.jpeg\" alt=\"\" width=\"450\" height=\"338\" \/><\/a><a href=\"https:\/\/www.velomobileworld.com\/wp-content\/uploads\/2024\/08\/38-8-1024x768.jpeg\"><img loading=\"lazy\" decoding=\"async\" class=\"alignnone wp-image-52202\" src=\"https:\/\/www.velomobileworld.com\/wp-content\/uploads\/2024\/08\/38-8-1024x768.jpeg\" alt=\"\" width=\"450\" height=\"338\" \/><\/a><a href=\"https:\/\/www.velomobileworld.com\/wp-content\/uploads\/2024\/08\/38-9-Christmas-tree-1024x768.jpeg\"><img loading=\"lazy\" decoding=\"async\" class=\"alignnone wp-image-52207\" src=\"https:\/\/www.velomobileworld.com\/wp-content\/uploads\/2024\/08\/38-9-Christmas-tree-1024x768.jpeg\" alt=\"\" width=\"450\" height=\"338\" \/><\/a><\/p>\n<p style=\"text-align: left;\"><img decoding=\"async\" class=\"emoji ls-is-cached lazyloaded\" role=\"img\" draggable=\"false\" src=\"https:\/\/s.w.org\/images\/core\/emoji\/13.1.0\/svg\/2b06.svg\" alt=\"\u2b06\ufe0f\" data-src=\"https:\/\/s.w.org\/images\/core\/emoji\/13.1.0\/svg\/2b06.svg\" \/> Christmas tree \/ Weihnachtsbaum \/ Arbre de No\u00ebl<\/p>\n<p><a href=\"https:\/\/www.velomobileworld.com\/wp-content\/uploads\/2024\/08\/38-10-1024x768.jpeg\"><img loading=\"lazy\" decoding=\"async\" class=\"alignnone wp-image-52212\" src=\"https:\/\/www.velomobileworld.com\/wp-content\/uploads\/2024\/08\/38-10-1024x768.jpeg\" alt=\"\" width=\"450\" height=\"338\" \/><\/a><a href=\"https:\/\/www.velomobileworld.com\/wp-content\/uploads\/2024\/08\/38-11-River-beside-the-street-1024x768.jpeg\"><img loading=\"lazy\" decoding=\"async\" class=\"alignnone wp-image-52217\" src=\"https:\/\/www.velomobileworld.com\/wp-content\/uploads\/2024\/08\/38-11-River-beside-the-street-1024x768.jpeg\" alt=\"\" width=\"450\" height=\"338\" \/><\/a><\/p>\n<p style=\"text-align: left;\"><img decoding=\"async\" class=\"emoji ls-is-cached lazyloaded\" role=\"img\" draggable=\"false\" src=\"https:\/\/s.w.org\/images\/core\/emoji\/13.1.0\/svg\/2b06.svg\" alt=\"\u2b06\ufe0f\" data-src=\"https:\/\/s.w.org\/images\/core\/emoji\/13.1.0\/svg\/2b06.svg\" \/> River beside the street \/ Fluss neben der Stra\u00dfe \/ Rivi\u00e8re au bord de la rue<\/p>\n<p><a href=\"https:\/\/www.velomobileworld.com\/wp-content\/uploads\/2024\/08\/38-12-Lunch-break-1024x768.jpeg\"><img loading=\"lazy\" decoding=\"async\" class=\"alignnone wp-image-52222\" src=\"https:\/\/www.velomobileworld.com\/wp-content\/uploads\/2024\/08\/38-12-Lunch-break-1024x768.jpeg\" alt=\"\" width=\"450\" height=\"338\" \/><\/a><\/p>\n<p style=\"text-align: left;\"><img decoding=\"async\" class=\"emoji ls-is-cached lazyloaded\" role=\"img\" draggable=\"false\" src=\"https:\/\/s.w.org\/images\/core\/emoji\/13.1.0\/svg\/2b06.svg\" alt=\"\u2b06\ufe0f\" data-src=\"https:\/\/s.w.org\/images\/core\/emoji\/13.1.0\/svg\/2b06.svg\" \/> Lunch break \/ Mittagspause \/ Pause d\u00e9jeuner<\/p>\n<p><a href=\"https:\/\/www.velomobileworld.com\/wp-content\/uploads\/2024\/08\/38-13-1024x768.jpeg\"><img loading=\"lazy\" decoding=\"async\" class=\"alignnone wp-image-52227\" src=\"https:\/\/www.velomobileworld.com\/wp-content\/uploads\/2024\/08\/38-13-1024x768.jpeg\" alt=\"\" width=\"450\" height=\"338\" \/><\/a><a href=\"https:\/\/www.velomobileworld.com\/wp-content\/uploads\/2024\/08\/38-14-1024x768.jpeg\"><img loading=\"lazy\" decoding=\"async\" class=\"alignnone wp-image-52232\" src=\"https:\/\/www.velomobileworld.com\/wp-content\/uploads\/2024\/08\/38-14-1024x768.jpeg\" alt=\"\" width=\"450\" height=\"338\" \/><\/a><a href=\"https:\/\/www.velomobileworld.com\/wp-content\/uploads\/2024\/08\/38-15-Massiv-fog-1024x768.jpeg\"><img loading=\"lazy\" decoding=\"async\" class=\"alignnone wp-image-52237\" src=\"https:\/\/www.velomobileworld.com\/wp-content\/uploads\/2024\/08\/38-15-Massiv-fog-1024x768.jpeg\" alt=\"\" width=\"450\" height=\"338\" \/><\/a><\/p>\n<p style=\"text-align: left;\"><img decoding=\"async\" class=\"emoji ls-is-cached lazyloaded\" role=\"img\" draggable=\"false\" src=\"https:\/\/s.w.org\/images\/core\/emoji\/13.1.0\/svg\/2b06.svg\" alt=\"\u2b06\ufe0f\" data-src=\"https:\/\/s.w.org\/images\/core\/emoji\/13.1.0\/svg\/2b06.svg\" \/> Massive fog \/ Massiver Nebel \/ Brouillard massif<\/p>\n<p><a href=\"https:\/\/www.velomobileworld.com\/wp-content\/uploads\/2024\/08\/38-16-For-darring-1024x809.jpeg\"><img loading=\"lazy\" decoding=\"async\" class=\"alignnone wp-image-52242\" src=\"https:\/\/www.velomobileworld.com\/wp-content\/uploads\/2024\/08\/38-16-For-darring-1024x809.jpeg\" alt=\"\" width=\"450\" height=\"356\" \/><\/a><a href=\"https:\/\/www.velomobileworld.com\/wp-content\/uploads\/2024\/08\/38-17-Reindeer-1024x768.jpeg\"><img loading=\"lazy\" decoding=\"async\" class=\"alignnone wp-image-52247\" src=\"https:\/\/www.velomobileworld.com\/wp-content\/uploads\/2024\/08\/38-17-Reindeer-1024x768.jpeg\" alt=\"\" width=\"450\" height=\"338\" \/><\/a><\/p>\n<p style=\"text-align: left;\"><img decoding=\"async\" class=\"emoji ls-is-cached lazyloaded\" role=\"img\" draggable=\"false\" src=\"https:\/\/s.w.org\/images\/core\/emoji\/13.1.0\/svg\/2b06.svg\" alt=\"\u2b06\ufe0f\" data-src=\"https:\/\/s.w.org\/images\/core\/emoji\/13.1.0\/svg\/2b06.svg\" \/> Reindeer \/ Rentier \/ Renne<\/p>\n<p><a href=\"https:\/\/www.velomobileworld.com\/wp-content\/uploads\/2024\/08\/38-18-1024x768.jpeg\"><img loading=\"lazy\" decoding=\"async\" class=\"alignnone wp-image-52252\" src=\"https:\/\/www.velomobileworld.com\/wp-content\/uploads\/2024\/08\/38-18-1024x768.jpeg\" alt=\"\" width=\"450\" height=\"338\" \/><\/a><a href=\"https:\/\/www.velomobileworld.com\/wp-content\/uploads\/2024\/08\/38-19-Rough-coast-1024x768.jpeg\"><img loading=\"lazy\" decoding=\"async\" class=\"alignnone wp-image-52257\" src=\"https:\/\/www.velomobileworld.com\/wp-content\/uploads\/2024\/08\/38-19-Rough-coast-1024x768.jpeg\" alt=\"\" width=\"450\" height=\"338\" \/><\/a><\/p>\n<p style=\"text-align: left;\"><img decoding=\"async\" class=\"emoji ls-is-cached lazyloaded\" role=\"img\" draggable=\"false\" src=\"https:\/\/s.w.org\/images\/core\/emoji\/13.1.0\/svg\/2b06.svg\" alt=\"\u2b06\ufe0f\" data-src=\"https:\/\/s.w.org\/images\/core\/emoji\/13.1.0\/svg\/2b06.svg\" \/> Rough coast \/ Raue K\u00fcste \/ C\u00f4te sauvage<\/p>\n<p><a href=\"https:\/\/www.velomobileworld.com\/wp-content\/uploads\/2024\/08\/38-20-Best-tunnel-ever-1024x768.jpeg\"><img loading=\"lazy\" decoding=\"async\" class=\"alignnone wp-image-52262\" src=\"https:\/\/www.velomobileworld.com\/wp-content\/uploads\/2024\/08\/38-20-Best-tunnel-ever-1024x768.jpeg\" alt=\"\" width=\"450\" height=\"338\" \/><\/a><\/p>\n<p style=\"text-align: left;\"><img decoding=\"async\" class=\"emoji ls-is-cached lazyloaded\" role=\"img\" draggable=\"false\" src=\"https:\/\/s.w.org\/images\/core\/emoji\/13.1.0\/svg\/2b06.svg\" alt=\"\u2b06\ufe0f\" data-src=\"https:\/\/s.w.org\/images\/core\/emoji\/13.1.0\/svg\/2b06.svg\" \/> Best tunnel ever \/ Der beste Tunnel aller Zeiten \/ Le meilleur tunnel du monde<\/p>\n<p><a href=\"https:\/\/www.velomobileworld.com\/wp-content\/uploads\/2024\/08\/38-21-Rocks-and-erosions-1024x768.jpeg\"><img loading=\"lazy\" decoding=\"async\" class=\"alignnone wp-image-52267\" src=\"https:\/\/www.velomobileworld.com\/wp-content\/uploads\/2024\/08\/38-21-Rocks-and-erosions-1024x768.jpeg\" alt=\"\" width=\"450\" height=\"338\" \/><\/a><\/p>\n<p style=\"text-align: left;\"><img decoding=\"async\" class=\"emoji ls-is-cached lazyloaded\" role=\"img\" draggable=\"false\" src=\"https:\/\/s.w.org\/images\/core\/emoji\/13.1.0\/svg\/2b06.svg\" alt=\"\u2b06\ufe0f\" data-src=\"https:\/\/s.w.org\/images\/core\/emoji\/13.1.0\/svg\/2b06.svg\" \/> Rocks and erosions \/ Felsen und Erosionen \/ Roches et \u00e9rosions<\/p>\n<p><a href=\"https:\/\/www.velomobileworld.com\/wp-content\/uploads\/2024\/08\/38-22-Little-cabin-1024x768.jpeg\"><img loading=\"lazy\" decoding=\"async\" class=\"alignnone wp-image-52272\" src=\"https:\/\/www.velomobileworld.com\/wp-content\/uploads\/2024\/08\/38-22-Little-cabin-1024x768.jpeg\" alt=\"\" width=\"450\" height=\"338\" \/><\/a><\/p>\n<p style=\"text-align: left;\"><img decoding=\"async\" class=\"emoji ls-is-cached lazyloaded\" role=\"img\" draggable=\"false\" src=\"https:\/\/s.w.org\/images\/core\/emoji\/13.1.0\/svg\/2b06.svg\" alt=\"\u2b06\ufe0f\" data-src=\"https:\/\/s.w.org\/images\/core\/emoji\/13.1.0\/svg\/2b06.svg\" \/> Little cabin \/ Kleine H\u00fctte \/ Petite cabane<\/p>\n<p style=\"text-align: left;\"><strong>&#8230;&#8230;&#8230;&#8230;&#8230;&#8230;&#8230;&#8230;&#8230;&#8230;&#8230;&#8230;&#8230;&#8230;&#8230;&#8230;&#8230;&#8230;<\/strong><\/p>\n<p style=\"text-align: left;\"><a href=\"https:\/\/www.velomobileworld.com\/de\/velomobil-ausfluege-35-tage-mit-brigitte-und-fritz\/\" target=\"_blank\" rel=\"noopener\">2022 VELOMOBILE ROAD TRIP: 35 DAYS WITH BRIGITTE AND FRITZ (EN\/DE\/FR)<\/a><\/p>\n","protected":false},"excerpt":{"rendered":"<p>Auf zur Mitternachtssonne. Eine Velomobil Reise mit Brigitte und Fritz. Deutschland &gt; D\u00e4nemark &gt; Norwegen &gt; Nordkap &gt; Finnland &gt; [&hellip;]<\/p>\n","protected":false},"author":4,"featured_media":6322,"comment_status":"open","ping_status":"closed","sticky":false,"template":"","format":"standard","meta":{"_acf_changed":false,"footnotes":""},"categories":[690],"tags":[],"class_list":["post-7144","post","type-post","status-publish","format-standard","has-post-thumbnail","hentry","category-unkategorisiert"],"acf":[],"yoast_head":"<!-- This site is optimized with the Yoast SEO plugin v27.5 - https:\/\/yoast.com\/product\/yoast-seo-wordpress\/ -->\n<title>Auf zur Mitternachtssonne (Tag 38) | Velomobile World<\/title>\n<meta name=\"description\" content=\"Auf zur Mitternachtssonne (Tag 38). Eine weitere Reise mit Brigitte und Fritz. Entdecken Sie ihre Abenteuer. Details im Artikel.\" \/>\n<meta name=\"robots\" content=\"index, follow, max-snippet:-1, max-image-preview:large, max-video-preview:-1\" \/>\n<link rel=\"canonical\" href=\"https:\/\/www.velomobileworld.com\/de\/auf-zur-mitternachtssonne-tag-38\/\" \/>\n<meta property=\"og:locale\" content=\"de_DE\" \/>\n<meta property=\"og:type\" content=\"article\" \/>\n<meta property=\"og:title\" content=\"Auf zur Mitternachtssonne (Tag 38) | Velomobile World\" \/>\n<meta property=\"og:description\" content=\"Auf zur Mitternachtssonne (Tag 38). Eine weitere Reise mit Brigitte und Fritz. Entdecken Sie ihre Abenteuer. Details im Artikel.\" \/>\n<meta property=\"og:url\" content=\"https:\/\/www.velomobileworld.com\/de\/auf-zur-mitternachtssonne-tag-38\/\" \/>\n<meta property=\"og:site_name\" content=\"Velomobile World\" \/>\n<meta property=\"article:published_time\" content=\"2024-12-10T13:37:19+00:00\" \/>\n<meta property=\"article:modified_time\" content=\"2025-07-25T10:11:14+00:00\" \/>\n<meta property=\"og:image\" content=\"https:\/\/www.velomobileworld.com\/wp-content\/uploads\/2024\/12\/Midnightsun-Day-38.jpg\" \/>\n\t<meta property=\"og:image:width\" content=\"1920\" \/>\n\t<meta property=\"og:image:height\" content=\"850\" \/>\n\t<meta property=\"og:image:type\" content=\"image\/jpeg\" \/>\n<meta name=\"author\" content=\"Jan Wijnen\" \/>\n<meta name=\"twitter:card\" content=\"summary_large_image\" \/>\n<meta name=\"twitter:label1\" content=\"Verfasst von\" \/>\n\t<meta name=\"twitter:data1\" content=\"Jan Wijnen\" \/>\n\t<meta name=\"twitter:label2\" content=\"Gesch\u00e4tzte Lesezeit\" \/>\n\t<meta name=\"twitter:data2\" content=\"4\u00a0Minuten\" \/>\n<script type=\"application\/ld+json\" class=\"yoast-schema-graph\">{\"@context\":\"https:\\\/\\\/schema.org\",\"@graph\":[{\"@type\":\"Article\",\"@id\":\"https:\\\/\\\/www.velomobileworld.com\\\/de\\\/auf-zur-mitternachtssonne-tag-38\\\/#article\",\"isPartOf\":{\"@id\":\"https:\\\/\\\/www.velomobileworld.com\\\/de\\\/auf-zur-mitternachtssonne-tag-38\\\/\"},\"author\":{\"name\":\"Jan Wijnen\",\"@id\":\"https:\\\/\\\/www.velomobileworld.com\\\/nl\\\/#\\\/schema\\\/person\\\/c0c7c661ad3c8719ed05a7dc85d6fa12\"},\"headline\":\"Auf zur Mitternachtssonne (Tag 38)\",\"datePublished\":\"2024-12-10T13:37:19+00:00\",\"dateModified\":\"2025-07-25T10:11:14+00:00\",\"mainEntityOfPage\":{\"@id\":\"https:\\\/\\\/www.velomobileworld.com\\\/de\\\/auf-zur-mitternachtssonne-tag-38\\\/\"},\"wordCount\":719,\"commentCount\":0,\"image\":{\"@id\":\"https:\\\/\\\/www.velomobileworld.com\\\/de\\\/auf-zur-mitternachtssonne-tag-38\\\/#primaryimage\"},\"thumbnailUrl\":\"https:\\\/\\\/www.velomobileworld.com\\\/wp-content\\\/uploads\\\/2024\\\/12\\\/Midnightsun-Day-38.jpg\",\"articleSection\":[\"Unkategorisiert\"],\"inLanguage\":\"de\",\"potentialAction\":[{\"@type\":\"CommentAction\",\"name\":\"Comment\",\"target\":[\"https:\\\/\\\/www.velomobileworld.com\\\/de\\\/auf-zur-mitternachtssonne-tag-38\\\/#respond\"]}]},{\"@type\":\"WebPage\",\"@id\":\"https:\\\/\\\/www.velomobileworld.com\\\/de\\\/auf-zur-mitternachtssonne-tag-38\\\/\",\"url\":\"https:\\\/\\\/www.velomobileworld.com\\\/de\\\/auf-zur-mitternachtssonne-tag-38\\\/\",\"name\":\"Auf zur Mitternachtssonne (Tag 38) | Velomobile World\",\"isPartOf\":{\"@id\":\"https:\\\/\\\/www.velomobileworld.com\\\/nl\\\/#website\"},\"primaryImageOfPage\":{\"@id\":\"https:\\\/\\\/www.velomobileworld.com\\\/de\\\/auf-zur-mitternachtssonne-tag-38\\\/#primaryimage\"},\"image\":{\"@id\":\"https:\\\/\\\/www.velomobileworld.com\\\/de\\\/auf-zur-mitternachtssonne-tag-38\\\/#primaryimage\"},\"thumbnailUrl\":\"https:\\\/\\\/www.velomobileworld.com\\\/wp-content\\\/uploads\\\/2024\\\/12\\\/Midnightsun-Day-38.jpg\",\"datePublished\":\"2024-12-10T13:37:19+00:00\",\"dateModified\":\"2025-07-25T10:11:14+00:00\",\"author\":{\"@id\":\"https:\\\/\\\/www.velomobileworld.com\\\/nl\\\/#\\\/schema\\\/person\\\/c0c7c661ad3c8719ed05a7dc85d6fa12\"},\"description\":\"Auf zur Mitternachtssonne (Tag 38). Eine weitere Reise mit Brigitte und Fritz. Entdecken Sie ihre Abenteuer. Details im Artikel.\",\"breadcrumb\":{\"@id\":\"https:\\\/\\\/www.velomobileworld.com\\\/de\\\/auf-zur-mitternachtssonne-tag-38\\\/#breadcrumb\"},\"inLanguage\":\"de\",\"potentialAction\":[{\"@type\":\"ReadAction\",\"target\":[\"https:\\\/\\\/www.velomobileworld.com\\\/de\\\/auf-zur-mitternachtssonne-tag-38\\\/\"]}]},{\"@type\":\"ImageObject\",\"inLanguage\":\"de\",\"@id\":\"https:\\\/\\\/www.velomobileworld.com\\\/de\\\/auf-zur-mitternachtssonne-tag-38\\\/#primaryimage\",\"url\":\"https:\\\/\\\/www.velomobileworld.com\\\/wp-content\\\/uploads\\\/2024\\\/12\\\/Midnightsun-Day-38.jpg\",\"contentUrl\":\"https:\\\/\\\/www.velomobileworld.com\\\/wp-content\\\/uploads\\\/2024\\\/12\\\/Midnightsun-Day-38.jpg\",\"width\":1920,\"height\":850},{\"@type\":\"BreadcrumbList\",\"@id\":\"https:\\\/\\\/www.velomobileworld.com\\\/de\\\/auf-zur-mitternachtssonne-tag-38\\\/#breadcrumb\",\"itemListElement\":[{\"@type\":\"ListItem\",\"position\":1,\"name\":\"Home\",\"item\":\"https:\\\/\\\/www.velomobileworld.com\\\/\"},{\"@type\":\"ListItem\",\"position\":2,\"name\":\"Auf zur Mitternachtssonne (Tag 38)\"}]},{\"@type\":\"WebSite\",\"@id\":\"https:\\\/\\\/www.velomobileworld.com\\\/nl\\\/#website\",\"url\":\"https:\\\/\\\/www.velomobileworld.com\\\/nl\\\/\",\"name\":\"Velomobile World\",\"description\":\"\",\"potentialAction\":[{\"@type\":\"SearchAction\",\"target\":{\"@type\":\"EntryPoint\",\"urlTemplate\":\"https:\\\/\\\/www.velomobileworld.com\\\/nl\\\/?s={search_term_string}\"},\"query-input\":{\"@type\":\"PropertyValueSpecification\",\"valueRequired\":true,\"valueName\":\"search_term_string\"}}],\"inLanguage\":\"de\"},{\"@type\":\"Person\",\"@id\":\"https:\\\/\\\/www.velomobileworld.com\\\/nl\\\/#\\\/schema\\\/person\\\/c0c7c661ad3c8719ed05a7dc85d6fa12\",\"name\":\"Jan Wijnen\",\"image\":{\"@type\":\"ImageObject\",\"inLanguage\":\"de\",\"@id\":\"https:\\\/\\\/secure.gravatar.com\\\/avatar\\\/4802c8a6006d5895d73a1141e39ccf819bca7ec1dbfb26a6f4370880cefa109a?s=96&d=mm&r=g\",\"url\":\"https:\\\/\\\/secure.gravatar.com\\\/avatar\\\/4802c8a6006d5895d73a1141e39ccf819bca7ec1dbfb26a6f4370880cefa109a?s=96&d=mm&r=g\",\"contentUrl\":\"https:\\\/\\\/secure.gravatar.com\\\/avatar\\\/4802c8a6006d5895d73a1141e39ccf819bca7ec1dbfb26a6f4370880cefa109a?s=96&d=mm&r=g\",\"caption\":\"Jan Wijnen\"},\"url\":\"https:\\\/\\\/www.velomobileworld.com\\\/de\\\/author\\\/jan-admin\\\/\"}]}<\/script>\n<!-- \/ Yoast SEO plugin. -->","yoast_head_json":{"title":"Auf zur Mitternachtssonne (Tag 38) | Velomobile World","description":"Auf zur Mitternachtssonne (Tag 38). Eine weitere Reise mit Brigitte und Fritz. Entdecken Sie ihre Abenteuer. Details im Artikel.","robots":{"index":"index","follow":"follow","max-snippet":"max-snippet:-1","max-image-preview":"max-image-preview:large","max-video-preview":"max-video-preview:-1"},"canonical":"https:\/\/www.velomobileworld.com\/de\/auf-zur-mitternachtssonne-tag-38\/","og_locale":"de_DE","og_type":"article","og_title":"Auf zur Mitternachtssonne (Tag 38) | Velomobile World","og_description":"Auf zur Mitternachtssonne (Tag 38). Eine weitere Reise mit Brigitte und Fritz. Entdecken Sie ihre Abenteuer. Details im Artikel.","og_url":"https:\/\/www.velomobileworld.com\/de\/auf-zur-mitternachtssonne-tag-38\/","og_site_name":"Velomobile World","article_published_time":"2024-12-10T13:37:19+00:00","article_modified_time":"2025-07-25T10:11:14+00:00","og_image":[{"width":1920,"height":850,"url":"https:\/\/www.velomobileworld.com\/wp-content\/uploads\/2024\/12\/Midnightsun-Day-38.jpg","type":"image\/jpeg"}],"author":"Jan Wijnen","twitter_card":"summary_large_image","twitter_misc":{"Verfasst von":"Jan Wijnen","Gesch\u00e4tzte Lesezeit":"4\u00a0Minuten"},"schema":{"@context":"https:\/\/schema.org","@graph":[{"@type":"Article","@id":"https:\/\/www.velomobileworld.com\/de\/auf-zur-mitternachtssonne-tag-38\/#article","isPartOf":{"@id":"https:\/\/www.velomobileworld.com\/de\/auf-zur-mitternachtssonne-tag-38\/"},"author":{"name":"Jan Wijnen","@id":"https:\/\/www.velomobileworld.com\/nl\/#\/schema\/person\/c0c7c661ad3c8719ed05a7dc85d6fa12"},"headline":"Auf zur Mitternachtssonne (Tag 38)","datePublished":"2024-12-10T13:37:19+00:00","dateModified":"2025-07-25T10:11:14+00:00","mainEntityOfPage":{"@id":"https:\/\/www.velomobileworld.com\/de\/auf-zur-mitternachtssonne-tag-38\/"},"wordCount":719,"commentCount":0,"image":{"@id":"https:\/\/www.velomobileworld.com\/de\/auf-zur-mitternachtssonne-tag-38\/#primaryimage"},"thumbnailUrl":"https:\/\/www.velomobileworld.com\/wp-content\/uploads\/2024\/12\/Midnightsun-Day-38.jpg","articleSection":["Unkategorisiert"],"inLanguage":"de","potentialAction":[{"@type":"CommentAction","name":"Comment","target":["https:\/\/www.velomobileworld.com\/de\/auf-zur-mitternachtssonne-tag-38\/#respond"]}]},{"@type":"WebPage","@id":"https:\/\/www.velomobileworld.com\/de\/auf-zur-mitternachtssonne-tag-38\/","url":"https:\/\/www.velomobileworld.com\/de\/auf-zur-mitternachtssonne-tag-38\/","name":"Auf zur Mitternachtssonne (Tag 38) | Velomobile World","isPartOf":{"@id":"https:\/\/www.velomobileworld.com\/nl\/#website"},"primaryImageOfPage":{"@id":"https:\/\/www.velomobileworld.com\/de\/auf-zur-mitternachtssonne-tag-38\/#primaryimage"},"image":{"@id":"https:\/\/www.velomobileworld.com\/de\/auf-zur-mitternachtssonne-tag-38\/#primaryimage"},"thumbnailUrl":"https:\/\/www.velomobileworld.com\/wp-content\/uploads\/2024\/12\/Midnightsun-Day-38.jpg","datePublished":"2024-12-10T13:37:19+00:00","dateModified":"2025-07-25T10:11:14+00:00","author":{"@id":"https:\/\/www.velomobileworld.com\/nl\/#\/schema\/person\/c0c7c661ad3c8719ed05a7dc85d6fa12"},"description":"Auf zur Mitternachtssonne (Tag 38). Eine weitere Reise mit Brigitte und Fritz. Entdecken Sie ihre Abenteuer. Details im Artikel.","breadcrumb":{"@id":"https:\/\/www.velomobileworld.com\/de\/auf-zur-mitternachtssonne-tag-38\/#breadcrumb"},"inLanguage":"de","potentialAction":[{"@type":"ReadAction","target":["https:\/\/www.velomobileworld.com\/de\/auf-zur-mitternachtssonne-tag-38\/"]}]},{"@type":"ImageObject","inLanguage":"de","@id":"https:\/\/www.velomobileworld.com\/de\/auf-zur-mitternachtssonne-tag-38\/#primaryimage","url":"https:\/\/www.velomobileworld.com\/wp-content\/uploads\/2024\/12\/Midnightsun-Day-38.jpg","contentUrl":"https:\/\/www.velomobileworld.com\/wp-content\/uploads\/2024\/12\/Midnightsun-Day-38.jpg","width":1920,"height":850},{"@type":"BreadcrumbList","@id":"https:\/\/www.velomobileworld.com\/de\/auf-zur-mitternachtssonne-tag-38\/#breadcrumb","itemListElement":[{"@type":"ListItem","position":1,"name":"Home","item":"https:\/\/www.velomobileworld.com\/"},{"@type":"ListItem","position":2,"name":"Auf zur Mitternachtssonne (Tag 38)"}]},{"@type":"WebSite","@id":"https:\/\/www.velomobileworld.com\/nl\/#website","url":"https:\/\/www.velomobileworld.com\/nl\/","name":"Velomobile World","description":"","potentialAction":[{"@type":"SearchAction","target":{"@type":"EntryPoint","urlTemplate":"https:\/\/www.velomobileworld.com\/nl\/?s={search_term_string}"},"query-input":{"@type":"PropertyValueSpecification","valueRequired":true,"valueName":"search_term_string"}}],"inLanguage":"de"},{"@type":"Person","@id":"https:\/\/www.velomobileworld.com\/nl\/#\/schema\/person\/c0c7c661ad3c8719ed05a7dc85d6fa12","name":"Jan Wijnen","image":{"@type":"ImageObject","inLanguage":"de","@id":"https:\/\/secure.gravatar.com\/avatar\/4802c8a6006d5895d73a1141e39ccf819bca7ec1dbfb26a6f4370880cefa109a?s=96&d=mm&r=g","url":"https:\/\/secure.gravatar.com\/avatar\/4802c8a6006d5895d73a1141e39ccf819bca7ec1dbfb26a6f4370880cefa109a?s=96&d=mm&r=g","contentUrl":"https:\/\/secure.gravatar.com\/avatar\/4802c8a6006d5895d73a1141e39ccf819bca7ec1dbfb26a6f4370880cefa109a?s=96&d=mm&r=g","caption":"Jan Wijnen"},"url":"https:\/\/www.velomobileworld.com\/de\/author\/jan-admin\/"}]}},"_links":{"self":[{"href":"https:\/\/www.velomobileworld.com\/de\/wp-json\/wp\/v2\/posts\/7144","targetHints":{"allow":["GET"]}}],"collection":[{"href":"https:\/\/www.velomobileworld.com\/de\/wp-json\/wp\/v2\/posts"}],"about":[{"href":"https:\/\/www.velomobileworld.com\/de\/wp-json\/wp\/v2\/types\/post"}],"author":[{"embeddable":true,"href":"https:\/\/www.velomobileworld.com\/de\/wp-json\/wp\/v2\/users\/4"}],"replies":[{"embeddable":true,"href":"https:\/\/www.velomobileworld.com\/de\/wp-json\/wp\/v2\/comments?post=7144"}],"version-history":[{"count":2,"href":"https:\/\/www.velomobileworld.com\/de\/wp-json\/wp\/v2\/posts\/7144\/revisions"}],"predecessor-version":[{"id":100755,"href":"https:\/\/www.velomobileworld.com\/de\/wp-json\/wp\/v2\/posts\/7144\/revisions\/100755"}],"wp:featuredmedia":[{"embeddable":true,"href":"https:\/\/www.velomobileworld.com\/de\/wp-json\/wp\/v2\/media\/6322"}],"wp:attachment":[{"href":"https:\/\/www.velomobileworld.com\/de\/wp-json\/wp\/v2\/media?parent=7144"}],"wp:term":[{"taxonomy":"category","embeddable":true,"href":"https:\/\/www.velomobileworld.com\/de\/wp-json\/wp\/v2\/categories?post=7144"},{"taxonomy":"post_tag","embeddable":true,"href":"https:\/\/www.velomobileworld.com\/de\/wp-json\/wp\/v2\/tags?post=7144"}],"curies":[{"name":"wp","href":"https:\/\/api.w.org\/{rel}","templated":true}]}}