{"id":7147,"date":"2024-12-10T14:43:12","date_gmt":"2024-12-10T13:43:12","guid":{"rendered":"https:\/\/velomobileworld.convident.dev\/auf-zur-mitternachtssonne-tag-40\/"},"modified":"2025-07-25T12:11:13","modified_gmt":"2025-07-25T10:11:13","slug":"auf-zur-mitternachtssonne-tag-40","status":"publish","type":"post","link":"https:\/\/www.velomobileworld.com\/de\/auf-zur-mitternachtssonne-tag-40\/","title":{"rendered":"Auf zur Mitternachtssonne (Tag 40)"},"content":{"rendered":"<p style=\"text-align: left;\"><span style=\"color: #ff0000;\"><strong>Auf zur Mitternachtssonne. Eine Velomobil Reise mit Brigitte und Fritz.<\/strong><\/span><\/p>\n<p style=\"text-align: left;\"><strong>Deutschland &gt; D\u00e4nemark &gt; Norwegen &gt; Nordkap &gt; Finnland &gt; Deutschland<\/strong><\/p>\n<p style=\"text-align: left;\"><strong>&#8212;&#8212;&#8212;&#8212;&#8212;&#8212;&#8212;&#8212;&#8212;&#8212;&#8211;<\/strong><\/p>\n<p style=\"text-align: left;\">Entdecken Sie\u00a0<a href=\"https:\/\/www.velomobileworld.com\/de\/eine-velomobil-reise-auf-zur-mitternachtssonne-alle-tage\/\" target=\"_blank\" rel=\"noopener\">HIER<\/a>\u00a0alle Tage der Reise &#8222;Auf zur Mitternachtssonne&#8220;<\/p>\n<p style=\"text-align: left;\"><strong>&#8212;&#8212;&#8212;&#8212;&#8212;&#8212;&#8212;&#8212;&#8212;&#8212;&#8211;<\/strong><\/p>\n<p>&nbsp;<\/p>\n<p style=\"text-align: left;\"><strong>40.Tag | Repv\u00e5g &#8211; Lakselv | 112 KM | 607 HM<\/strong><\/p>\n<p>&nbsp;<\/p>\n<p style=\"text-align: left;\">Heute bzw. gestern durfte ich den Wecker nicht stellen. Was nicht verhindert, dass man trotzdem um diese Zeit wach wird. Aber gem\u00fctlich fr\u00fchst\u00fccken, packen, dass Velomobil mal wieder sauber machen nachdem es gestern so gelitten hat und dann um 10:00 Uhr Abfahrt. Das Wetter war inzwischen wieder richtig mild mit 18\u00b0. Also angenehm. Dann wurde es zunehmend sonnig und im Laufe des Tages richtig warm.<\/p>\n<p>&nbsp;<\/p>\n<p style=\"text-align: left;\">Heute konnten wir Rentiere immer wieder mal ganz nah sehen.<\/p>\n<p>&nbsp;<\/p>\n<p style=\"text-align: left;\">Heute kamen wirklich viele Radfahrer aus ihren Zelten. Wo waren die gestern alle?<\/p>\n<p>&nbsp;<\/p>\n<p style=\"text-align: left;\">Heute war wieder mehr rollen. Immer am Fjord entlang.<\/p>\n<p style=\"text-align: left;\"><strong>&#8230;&#8230;&#8230;&#8230;&#8230;&#8230;&#8230;&#8230;&#8230;&#8230;&#8230;&#8230;&#8230;&#8230;&#8230;&#8230;&#8230;&#8230;<\/strong><\/p>\n<p><a href=\"https:\/\/www.velomobileworld.com\/de\/52-2-height-limit-for-trucks-2-2\/?utm_source=Article_Banner&#038;utm_medium=Article&#038;utm_campaign=Blog\"><img loading=\"lazy\" decoding=\"async\" class=\"ls-is-cached lazyloaded alignnone wp-image-51363\" src=\"https:\/\/www.velomobileworld.com\/wp-content\/uploads\/2024\/08\/1-discover-velomobiles.png\" alt=\"Discover the velomobiles\" width=\"450\" height=\"74\" data-src=\"https:\/\/www.velomobileworld.com\/wp-content\/uploads\/2024\/07\/1-configure-july2024.jpg\" \/><\/a><\/p>\n<p style=\"text-align: left;\"><strong>&#8230;&#8230;&#8230;&#8230;&#8230;&#8230;&#8230;&#8230;&#8230;&#8230;&#8230;&#8230;&#8230;&#8230;&#8230;&#8230;&#8230;&#8230;<\/strong><\/p>\n<p><a href=\"https:\/\/www.velomobileworld.com\/wp-content\/uploads\/2024\/08\/40-map-1-581x1024.jpeg\"><img loading=\"lazy\" decoding=\"async\" class=\"alignnone wp-image-52579\" src=\"https:\/\/www.velomobileworld.com\/wp-content\/uploads\/2024\/08\/40-map-1-581x1024.jpeg\" alt=\"\" width=\"450\" height=\"793\" \/><\/a><\/p>\n<p><a href=\"https:\/\/www.velomobileworld.com\/wp-content\/uploads\/2024\/08\/40-map-2-992x1024.jpeg\"><img loading=\"lazy\" decoding=\"async\" class=\"alignnone wp-image-52584\" src=\"https:\/\/www.velomobileworld.com\/wp-content\/uploads\/2024\/08\/40-map-2-992x1024.jpeg\" alt=\"\" width=\"450\" height=\"465\" \/><\/a><\/p>\n<p><a href=\"https:\/\/www.velomobileworld.com\/wp-content\/uploads\/2024\/08\/40-1-View-to-south-1024x768.jpeg\"><img loading=\"lazy\" decoding=\"async\" class=\"alignnone wp-image-52589\" src=\"https:\/\/www.velomobileworld.com\/wp-content\/uploads\/2024\/08\/40-1-View-to-south-1024x768.jpeg\" alt=\"\" width=\"450\" height=\"338\" \/><\/a><\/p>\n<p style=\"text-align: left;\"><img decoding=\"async\" class=\"emoji ls-is-cached lazyloaded\" role=\"img\" draggable=\"false\" src=\"https:\/\/s.w.org\/images\/core\/emoji\/13.1.0\/svg\/2b06.svg\" alt=\"\u2b06\ufe0f\" data-src=\"https:\/\/s.w.org\/images\/core\/emoji\/13.1.0\/svg\/2b06.svg\" \/> View to south \/ Blick nach S\u00fcden \/ Vue sur le sud<\/p>\n<p><a href=\"https:\/\/www.velomobileworld.com\/wp-content\/uploads\/2024\/08\/40-2-1024x739.jpeg\"><img loading=\"lazy\" decoding=\"async\" class=\"alignnone wp-image-52594\" src=\"https:\/\/www.velomobileworld.com\/wp-content\/uploads\/2024\/08\/40-2-1024x739.jpeg\" alt=\"\" width=\"450\" height=\"325\" \/><\/a><a href=\"https:\/\/www.velomobileworld.com\/wp-content\/uploads\/2024\/08\/40-3-1024x768.jpeg\"><img loading=\"lazy\" decoding=\"async\" class=\"alignnone wp-image-52599\" src=\"https:\/\/www.velomobileworld.com\/wp-content\/uploads\/2024\/08\/40-3-1024x768.jpeg\" alt=\"\" width=\"450\" height=\"338\" \/><\/a><a href=\"https:\/\/www.velomobileworld.com\/wp-content\/uploads\/2024\/08\/40-4-1024x768.jpeg\"><img loading=\"lazy\" decoding=\"async\" class=\"alignnone wp-image-52604\" src=\"https:\/\/www.velomobileworld.com\/wp-content\/uploads\/2024\/08\/40-4-1024x768.jpeg\" alt=\"\" width=\"450\" height=\"338\" \/><\/a><a href=\"https:\/\/www.velomobileworld.com\/wp-content\/uploads\/2024\/08\/40-5-1024x768.jpeg\"><img loading=\"lazy\" decoding=\"async\" class=\"alignnone wp-image-52609\" src=\"https:\/\/www.velomobileworld.com\/wp-content\/uploads\/2024\/08\/40-5-1024x768.jpeg\" alt=\"\" width=\"450\" height=\"338\" \/><\/a><a href=\"https:\/\/www.velomobileworld.com\/wp-content\/uploads\/2024\/08\/40-6-1024x768.jpeg\"><img loading=\"lazy\" decoding=\"async\" class=\"alignnone wp-image-52614\" src=\"https:\/\/www.velomobileworld.com\/wp-content\/uploads\/2024\/08\/40-6-1024x768.jpeg\" alt=\"\" width=\"450\" height=\"338\" \/><\/a><a href=\"https:\/\/www.velomobileworld.com\/wp-content\/uploads\/2024\/08\/40-7-1024x768.jpeg\"><img loading=\"lazy\" decoding=\"async\" class=\"alignnone wp-image-52619\" src=\"https:\/\/www.velomobileworld.com\/wp-content\/uploads\/2024\/08\/40-7-1024x768.jpeg\" alt=\"\" width=\"450\" height=\"338\" \/><\/a><a href=\"https:\/\/www.velomobileworld.com\/wp-content\/uploads\/2024\/08\/40-8-1024x768.jpeg\"><img loading=\"lazy\" decoding=\"async\" class=\"alignnone wp-image-52624\" src=\"https:\/\/www.velomobileworld.com\/wp-content\/uploads\/2024\/08\/40-8-1024x768.jpeg\" alt=\"\" width=\"450\" height=\"338\" \/><\/a><a href=\"https:\/\/www.velomobileworld.com\/wp-content\/uploads\/2024\/08\/40-9-1024x768.jpeg\"><img loading=\"lazy\" decoding=\"async\" class=\"alignnone wp-image-52629\" src=\"https:\/\/www.velomobileworld.com\/wp-content\/uploads\/2024\/08\/40-9-1024x768.jpeg\" alt=\"\" width=\"450\" height=\"338\" \/><\/a><a href=\"https:\/\/www.velomobileworld.com\/wp-content\/uploads\/2024\/08\/40-10-1024x827.jpeg\"><img loading=\"lazy\" decoding=\"async\" class=\"alignnone wp-image-52634\" src=\"https:\/\/www.velomobileworld.com\/wp-content\/uploads\/2024\/08\/40-10-1024x827.jpeg\" alt=\"\" width=\"450\" height=\"363\" \/><\/a><a href=\"https:\/\/www.velomobileworld.com\/wp-content\/uploads\/2024\/08\/40-11-1024x768.jpeg\"><img loading=\"lazy\" decoding=\"async\" class=\"alignnone wp-image-52639\" src=\"https:\/\/www.velomobileworld.com\/wp-content\/uploads\/2024\/08\/40-11-1024x768.jpeg\" alt=\"\" width=\"450\" height=\"338\" \/><\/a><a href=\"https:\/\/www.velomobileworld.com\/wp-content\/uploads\/2024\/08\/40-12-1024x768.jpeg\"><img loading=\"lazy\" decoding=\"async\" class=\"alignnone wp-image-52644\" src=\"https:\/\/www.velomobileworld.com\/wp-content\/uploads\/2024\/08\/40-12-1024x768.jpeg\" alt=\"\" width=\"450\" height=\"338\" \/><\/a><a href=\"https:\/\/www.velomobileworld.com\/wp-content\/uploads\/2024\/08\/40-13-1024x768.jpeg\"><img loading=\"lazy\" decoding=\"async\" class=\"alignnone wp-image-52649\" src=\"https:\/\/www.velomobileworld.com\/wp-content\/uploads\/2024\/08\/40-13-1024x768.jpeg\" alt=\"\" width=\"450\" height=\"338\" \/><\/a><a href=\"https:\/\/www.velomobileworld.com\/wp-content\/uploads\/2024\/08\/40-14-1024x768.jpeg\"><img loading=\"lazy\" decoding=\"async\" class=\"alignnone wp-image-52654\" src=\"https:\/\/www.velomobileworld.com\/wp-content\/uploads\/2024\/08\/40-14-1024x768.jpeg\" alt=\"\" width=\"450\" height=\"338\" \/><\/a><a href=\"https:\/\/www.velomobileworld.com\/wp-content\/uploads\/2024\/08\/40-15-1024x305.jpeg\"><img loading=\"lazy\" decoding=\"async\" class=\"alignnone wp-image-52659\" src=\"https:\/\/www.velomobileworld.com\/wp-content\/uploads\/2024\/08\/40-15-1024x305.jpeg\" alt=\"\" width=\"450\" height=\"134\" \/><\/a><a href=\"https:\/\/www.velomobileworld.com\/wp-content\/uploads\/2024\/08\/40-16-They-are-walking-on-the-street-1024x768.jpeg\"><img loading=\"lazy\" decoding=\"async\" class=\"alignnone wp-image-52664\" src=\"https:\/\/www.velomobileworld.com\/wp-content\/uploads\/2024\/08\/40-16-They-are-walking-on-the-street-1024x768.jpeg\" alt=\"\" width=\"450\" height=\"338\" \/><\/a><\/p>\n<p style=\"text-align: left;\"><img decoding=\"async\" class=\"emoji ls-is-cached lazyloaded\" role=\"img\" draggable=\"false\" src=\"https:\/\/s.w.org\/images\/core\/emoji\/13.1.0\/svg\/2b06.svg\" alt=\"\u2b06\ufe0f\" data-src=\"https:\/\/s.w.org\/images\/core\/emoji\/13.1.0\/svg\/2b06.svg\" \/> They are walking on the street \/ Sie gehen auf der Stra\u00dfe \/ Ils marchent dans la rue<\/p>\n<p><a href=\"https:\/\/www.velomobileworld.com\/wp-content\/uploads\/2024\/08\/40-17-1024x768.jpeg\"><img loading=\"lazy\" decoding=\"async\" class=\"alignnone wp-image-52669\" src=\"https:\/\/www.velomobileworld.com\/wp-content\/uploads\/2024\/08\/40-17-1024x768.jpeg\" alt=\"\" width=\"450\" height=\"338\" \/><\/a><a href=\"https:\/\/www.velomobileworld.com\/wp-content\/uploads\/2024\/08\/40-18-1024x768.jpeg\"><img loading=\"lazy\" decoding=\"async\" class=\"alignnone wp-image-52674\" src=\"https:\/\/www.velomobileworld.com\/wp-content\/uploads\/2024\/08\/40-18-1024x768.jpeg\" alt=\"\" width=\"450\" height=\"338\" \/><\/a><a href=\"https:\/\/www.velomobileworld.com\/wp-content\/uploads\/2024\/08\/40-19-1024x768.jpeg\"><img loading=\"lazy\" decoding=\"async\" class=\"alignnone wp-image-52679\" src=\"https:\/\/www.velomobileworld.com\/wp-content\/uploads\/2024\/08\/40-19-1024x768.jpeg\" alt=\"\" width=\"450\" height=\"338\" \/><\/a><a href=\"https:\/\/www.velomobileworld.com\/wp-content\/uploads\/2024\/08\/40-20-1024x768.jpeg\"><img loading=\"lazy\" decoding=\"async\" class=\"alignnone wp-image-52684\" src=\"https:\/\/www.velomobileworld.com\/wp-content\/uploads\/2024\/08\/40-20-1024x768.jpeg\" alt=\"\" width=\"450\" height=\"338\" \/><\/a><a href=\"https:\/\/www.velomobileworld.com\/wp-content\/uploads\/2024\/08\/40-21-1024x768.jpeg\"><img loading=\"lazy\" decoding=\"async\" class=\"alignnone wp-image-52689\" src=\"https:\/\/www.velomobileworld.com\/wp-content\/uploads\/2024\/08\/40-21-1024x768.jpeg\" alt=\"\" width=\"450\" height=\"338\" \/><\/a><a href=\"https:\/\/www.velomobileworld.com\/wp-content\/uploads\/2024\/08\/40-22-We-passed-them-some-days-ago-1024x768.jpeg\"><img loading=\"lazy\" decoding=\"async\" class=\"alignnone wp-image-52694\" src=\"https:\/\/www.velomobileworld.com\/wp-content\/uploads\/2024\/08\/40-22-We-passed-them-some-days-ago-1024x768.jpeg\" alt=\"\" width=\"450\" height=\"338\" \/><\/a><\/p>\n<p style=\"text-align: left;\"><img decoding=\"async\" class=\"emoji ls-is-cached lazyloaded\" role=\"img\" draggable=\"false\" src=\"https:\/\/s.w.org\/images\/core\/emoji\/13.1.0\/svg\/2b06.svg\" alt=\"\u2b06\ufe0f\" data-src=\"https:\/\/s.w.org\/images\/core\/emoji\/13.1.0\/svg\/2b06.svg\" \/> We passed them some days ago \/ Wir haben sie vor einigen Tagen passiert \/ Nous les avons d\u00e9pass\u00e9s il y a quelques jours<\/p>\n<p><a href=\"https:\/\/www.velomobileworld.com\/wp-content\/uploads\/2024\/08\/40-23-Lunchtime-1024x768.jpeg\"><img loading=\"lazy\" decoding=\"async\" class=\"alignnone wp-image-52699\" src=\"https:\/\/www.velomobileworld.com\/wp-content\/uploads\/2024\/08\/40-23-Lunchtime-1024x768.jpeg\" alt=\"\" width=\"450\" height=\"338\" \/><\/a><\/p>\n<p style=\"text-align: left;\"><img decoding=\"async\" class=\"emoji ls-is-cached lazyloaded\" role=\"img\" draggable=\"false\" src=\"https:\/\/s.w.org\/images\/core\/emoji\/13.1.0\/svg\/2b06.svg\" alt=\"\u2b06\ufe0f\" data-src=\"https:\/\/s.w.org\/images\/core\/emoji\/13.1.0\/svg\/2b06.svg\" \/> Lunchtime \/ Mittagspause \/ D\u00e9jeuner<\/p>\n<p><a href=\"https:\/\/www.velomobileworld.com\/wp-content\/uploads\/2024\/08\/40-24-Rallye-for-e-Cars.-The-Organisator-drive-a-benziner-1024x768.jpeg\"><img loading=\"lazy\" decoding=\"async\" class=\"alignnone wp-image-52704\" src=\"https:\/\/www.velomobileworld.com\/wp-content\/uploads\/2024\/08\/40-24-Rallye-for-e-Cars.-The-Organisator-drive-a-benziner-1024x768.jpeg\" alt=\"\" width=\"450\" height=\"338\" \/><\/a><\/p>\n<p><a href=\"https:\/\/www.velomobileworld.com\/wp-content\/uploads\/2024\/08\/40-25-1024x768.jpeg\"><img loading=\"lazy\" decoding=\"async\" class=\"alignnone wp-image-52709\" src=\"https:\/\/www.velomobileworld.com\/wp-content\/uploads\/2024\/08\/40-25-1024x768.jpeg\" alt=\"\" width=\"450\" height=\"338\" \/><\/a><a href=\"https:\/\/www.velomobileworld.com\/wp-content\/uploads\/2024\/08\/40-26-1024x768.jpeg\"><img loading=\"lazy\" decoding=\"async\" class=\"alignnone wp-image-52714\" src=\"https:\/\/www.velomobileworld.com\/wp-content\/uploads\/2024\/08\/40-26-1024x768.jpeg\" alt=\"\" width=\"450\" height=\"338\" \/><\/a><a href=\"https:\/\/www.velomobileworld.com\/wp-content\/uploads\/2024\/08\/40-27-1024x768.jpeg\"><img loading=\"lazy\" decoding=\"async\" class=\"alignnone wp-image-52719\" src=\"https:\/\/www.velomobileworld.com\/wp-content\/uploads\/2024\/08\/40-27-1024x768.jpeg\" alt=\"\" width=\"450\" height=\"338\" \/><\/a><a href=\"https:\/\/www.velomobileworld.com\/wp-content\/uploads\/2024\/08\/40-28-1024x768.jpeg\"><img loading=\"lazy\" decoding=\"async\" class=\"alignnone wp-image-52724\" src=\"https:\/\/www.velomobileworld.com\/wp-content\/uploads\/2024\/08\/40-28-1024x768.jpeg\" alt=\"\" width=\"450\" height=\"338\" \/><\/a><a href=\"https:\/\/www.velomobileworld.com\/wp-content\/uploads\/2024\/08\/40-29-1024x768.jpeg\"><img loading=\"lazy\" decoding=\"async\" class=\"alignnone wp-image-52729\" src=\"https:\/\/www.velomobileworld.com\/wp-content\/uploads\/2024\/08\/40-29-1024x768.jpeg\" alt=\"\" width=\"450\" height=\"338\" \/><\/a><a href=\"https:\/\/www.velomobileworld.com\/wp-content\/uploads\/2024\/08\/40-30-Evening-at-the-beach-1024x768.jpeg\"><img loading=\"lazy\" decoding=\"async\" class=\"alignnone wp-image-52734\" src=\"https:\/\/www.velomobileworld.com\/wp-content\/uploads\/2024\/08\/40-30-Evening-at-the-beach-1024x768.jpeg\" alt=\"\" width=\"450\" height=\"338\" \/><\/a><a href=\"https:\/\/www.velomobileworld.com\/wp-content\/uploads\/2024\/08\/40-15-1024x305.jpeg\"><br \/>\n<\/a><\/p>\n<p style=\"text-align: left;\"><img decoding=\"async\" class=\"emoji ls-is-cached lazyloaded\" role=\"img\" draggable=\"false\" src=\"https:\/\/s.w.org\/images\/core\/emoji\/13.1.0\/svg\/2b06.svg\" alt=\"\u2b06\ufe0f\" data-src=\"https:\/\/s.w.org\/images\/core\/emoji\/13.1.0\/svg\/2b06.svg\" \/> Evening at the beach \/ Abend am Strand \/ Soir\u00e9e \u00e0 la plage<\/p>\n<p style=\"text-align: left;\"><strong>&#8230;&#8230;&#8230;&#8230;&#8230;&#8230;&#8230;&#8230;&#8230;&#8230;&#8230;&#8230;&#8230;&#8230;&#8230;&#8230;&#8230;&#8230;<\/strong><\/p>\n<p style=\"text-align: left;\"><a href=\"https:\/\/www.velomobileworld.com\/de\/velomobil-ausfluege-35-tage-mit-brigitte-und-fritz\/\" target=\"_blank\" rel=\"noopener\">2022 VELOMOBILE ROAD TRIP: 35 DAYS WITH BRIGITTE AND FRITZ (EN\/DE\/FR)<\/a><\/p>\n","protected":false},"excerpt":{"rendered":"<p>Auf zur Mitternachtssonne. Eine Velomobil Reise mit Brigitte und Fritz. Deutschland &gt; D\u00e4nemark &gt; Norwegen &gt; Nordkap &gt; Finnland &gt; [&hellip;]<\/p>\n","protected":false},"author":4,"featured_media":6336,"comment_status":"open","ping_status":"closed","sticky":false,"template":"","format":"standard","meta":{"_acf_changed":false,"footnotes":""},"categories":[690],"tags":[],"class_list":["post-7147","post","type-post","status-publish","format-standard","has-post-thumbnail","hentry","category-unkategorisiert"],"acf":[],"yoast_head":"<!-- This site is optimized with the Yoast SEO plugin v27.5 - https:\/\/yoast.com\/product\/yoast-seo-wordpress\/ -->\n<title>Auf zur Mitternachtssonne (Tag 40) | Velomobile World<\/title>\n<meta name=\"description\" content=\"Auf zur Mitternachtssonne (Tag 40). Eine weitere Reise mit Brigitte und Fritz. Entdecken Sie ihre Abenteuer. Details im Artikel.\" \/>\n<meta name=\"robots\" content=\"index, follow, max-snippet:-1, max-image-preview:large, max-video-preview:-1\" \/>\n<link rel=\"canonical\" href=\"https:\/\/www.velomobileworld.com\/de\/auf-zur-mitternachtssonne-tag-40\/\" \/>\n<meta property=\"og:locale\" content=\"de_DE\" \/>\n<meta property=\"og:type\" content=\"article\" \/>\n<meta property=\"og:title\" content=\"Auf zur Mitternachtssonne (Tag 40) | Velomobile World\" \/>\n<meta property=\"og:description\" content=\"Auf zur Mitternachtssonne (Tag 40). Eine weitere Reise mit Brigitte und Fritz. Entdecken Sie ihre Abenteuer. Details im Artikel.\" \/>\n<meta property=\"og:url\" content=\"https:\/\/www.velomobileworld.com\/de\/auf-zur-mitternachtssonne-tag-40\/\" \/>\n<meta property=\"og:site_name\" content=\"Velomobile World\" \/>\n<meta property=\"article:published_time\" content=\"2024-12-10T13:43:12+00:00\" \/>\n<meta property=\"article:modified_time\" content=\"2025-07-25T10:11:13+00:00\" \/>\n<meta property=\"og:image\" content=\"https:\/\/www.velomobileworld.com\/wp-content\/uploads\/2024\/12\/Midnightsun-Day-40.jpg\" \/>\n\t<meta property=\"og:image:width\" content=\"1920\" \/>\n\t<meta property=\"og:image:height\" content=\"850\" \/>\n\t<meta property=\"og:image:type\" content=\"image\/jpeg\" \/>\n<meta name=\"author\" content=\"Jan Wijnen\" \/>\n<meta name=\"twitter:card\" content=\"summary_large_image\" \/>\n<meta name=\"twitter:label1\" content=\"Verfasst von\" \/>\n\t<meta name=\"twitter:data1\" content=\"Jan Wijnen\" \/>\n\t<meta name=\"twitter:label2\" content=\"Gesch\u00e4tzte Lesezeit\" \/>\n\t<meta name=\"twitter:data2\" content=\"1\u00a0Minute\" \/>\n<script type=\"application\/ld+json\" class=\"yoast-schema-graph\">{\"@context\":\"https:\\\/\\\/schema.org\",\"@graph\":[{\"@type\":\"Article\",\"@id\":\"https:\\\/\\\/www.velomobileworld.com\\\/de\\\/auf-zur-mitternachtssonne-tag-40\\\/#article\",\"isPartOf\":{\"@id\":\"https:\\\/\\\/www.velomobileworld.com\\\/de\\\/auf-zur-mitternachtssonne-tag-40\\\/\"},\"author\":{\"name\":\"Jan Wijnen\",\"@id\":\"https:\\\/\\\/www.velomobileworld.com\\\/nl\\\/#\\\/schema\\\/person\\\/c0c7c661ad3c8719ed05a7dc85d6fa12\"},\"headline\":\"Auf zur Mitternachtssonne (Tag 40)\",\"datePublished\":\"2024-12-10T13:43:12+00:00\",\"dateModified\":\"2025-07-25T10:11:13+00:00\",\"mainEntityOfPage\":{\"@id\":\"https:\\\/\\\/www.velomobileworld.com\\\/de\\\/auf-zur-mitternachtssonne-tag-40\\\/\"},\"wordCount\":226,\"commentCount\":0,\"image\":{\"@id\":\"https:\\\/\\\/www.velomobileworld.com\\\/de\\\/auf-zur-mitternachtssonne-tag-40\\\/#primaryimage\"},\"thumbnailUrl\":\"https:\\\/\\\/www.velomobileworld.com\\\/wp-content\\\/uploads\\\/2024\\\/12\\\/Midnightsun-Day-40.jpg\",\"articleSection\":[\"Unkategorisiert\"],\"inLanguage\":\"de\",\"potentialAction\":[{\"@type\":\"CommentAction\",\"name\":\"Comment\",\"target\":[\"https:\\\/\\\/www.velomobileworld.com\\\/de\\\/auf-zur-mitternachtssonne-tag-40\\\/#respond\"]}]},{\"@type\":\"WebPage\",\"@id\":\"https:\\\/\\\/www.velomobileworld.com\\\/de\\\/auf-zur-mitternachtssonne-tag-40\\\/\",\"url\":\"https:\\\/\\\/www.velomobileworld.com\\\/de\\\/auf-zur-mitternachtssonne-tag-40\\\/\",\"name\":\"Auf zur Mitternachtssonne (Tag 40) | Velomobile World\",\"isPartOf\":{\"@id\":\"https:\\\/\\\/www.velomobileworld.com\\\/nl\\\/#website\"},\"primaryImageOfPage\":{\"@id\":\"https:\\\/\\\/www.velomobileworld.com\\\/de\\\/auf-zur-mitternachtssonne-tag-40\\\/#primaryimage\"},\"image\":{\"@id\":\"https:\\\/\\\/www.velomobileworld.com\\\/de\\\/auf-zur-mitternachtssonne-tag-40\\\/#primaryimage\"},\"thumbnailUrl\":\"https:\\\/\\\/www.velomobileworld.com\\\/wp-content\\\/uploads\\\/2024\\\/12\\\/Midnightsun-Day-40.jpg\",\"datePublished\":\"2024-12-10T13:43:12+00:00\",\"dateModified\":\"2025-07-25T10:11:13+00:00\",\"author\":{\"@id\":\"https:\\\/\\\/www.velomobileworld.com\\\/nl\\\/#\\\/schema\\\/person\\\/c0c7c661ad3c8719ed05a7dc85d6fa12\"},\"description\":\"Auf zur Mitternachtssonne (Tag 40). Eine weitere Reise mit Brigitte und Fritz. Entdecken Sie ihre Abenteuer. Details im Artikel.\",\"breadcrumb\":{\"@id\":\"https:\\\/\\\/www.velomobileworld.com\\\/de\\\/auf-zur-mitternachtssonne-tag-40\\\/#breadcrumb\"},\"inLanguage\":\"de\",\"potentialAction\":[{\"@type\":\"ReadAction\",\"target\":[\"https:\\\/\\\/www.velomobileworld.com\\\/de\\\/auf-zur-mitternachtssonne-tag-40\\\/\"]}]},{\"@type\":\"ImageObject\",\"inLanguage\":\"de\",\"@id\":\"https:\\\/\\\/www.velomobileworld.com\\\/de\\\/auf-zur-mitternachtssonne-tag-40\\\/#primaryimage\",\"url\":\"https:\\\/\\\/www.velomobileworld.com\\\/wp-content\\\/uploads\\\/2024\\\/12\\\/Midnightsun-Day-40.jpg\",\"contentUrl\":\"https:\\\/\\\/www.velomobileworld.com\\\/wp-content\\\/uploads\\\/2024\\\/12\\\/Midnightsun-Day-40.jpg\",\"width\":1920,\"height\":850},{\"@type\":\"BreadcrumbList\",\"@id\":\"https:\\\/\\\/www.velomobileworld.com\\\/de\\\/auf-zur-mitternachtssonne-tag-40\\\/#breadcrumb\",\"itemListElement\":[{\"@type\":\"ListItem\",\"position\":1,\"name\":\"Home\",\"item\":\"https:\\\/\\\/www.velomobileworld.com\\\/\"},{\"@type\":\"ListItem\",\"position\":2,\"name\":\"Auf zur Mitternachtssonne (Tag 40)\"}]},{\"@type\":\"WebSite\",\"@id\":\"https:\\\/\\\/www.velomobileworld.com\\\/nl\\\/#website\",\"url\":\"https:\\\/\\\/www.velomobileworld.com\\\/nl\\\/\",\"name\":\"Velomobile World\",\"description\":\"\",\"potentialAction\":[{\"@type\":\"SearchAction\",\"target\":{\"@type\":\"EntryPoint\",\"urlTemplate\":\"https:\\\/\\\/www.velomobileworld.com\\\/nl\\\/?s={search_term_string}\"},\"query-input\":{\"@type\":\"PropertyValueSpecification\",\"valueRequired\":true,\"valueName\":\"search_term_string\"}}],\"inLanguage\":\"de\"},{\"@type\":\"Person\",\"@id\":\"https:\\\/\\\/www.velomobileworld.com\\\/nl\\\/#\\\/schema\\\/person\\\/c0c7c661ad3c8719ed05a7dc85d6fa12\",\"name\":\"Jan Wijnen\",\"image\":{\"@type\":\"ImageObject\",\"inLanguage\":\"de\",\"@id\":\"https:\\\/\\\/secure.gravatar.com\\\/avatar\\\/4802c8a6006d5895d73a1141e39ccf819bca7ec1dbfb26a6f4370880cefa109a?s=96&d=mm&r=g\",\"url\":\"https:\\\/\\\/secure.gravatar.com\\\/avatar\\\/4802c8a6006d5895d73a1141e39ccf819bca7ec1dbfb26a6f4370880cefa109a?s=96&d=mm&r=g\",\"contentUrl\":\"https:\\\/\\\/secure.gravatar.com\\\/avatar\\\/4802c8a6006d5895d73a1141e39ccf819bca7ec1dbfb26a6f4370880cefa109a?s=96&d=mm&r=g\",\"caption\":\"Jan Wijnen\"},\"url\":\"https:\\\/\\\/www.velomobileworld.com\\\/de\\\/author\\\/jan-admin\\\/\"}]}<\/script>\n<!-- \/ Yoast SEO plugin. -->","yoast_head_json":{"title":"Auf zur Mitternachtssonne (Tag 40) | Velomobile World","description":"Auf zur Mitternachtssonne (Tag 40). Eine weitere Reise mit Brigitte und Fritz. Entdecken Sie ihre Abenteuer. Details im Artikel.","robots":{"index":"index","follow":"follow","max-snippet":"max-snippet:-1","max-image-preview":"max-image-preview:large","max-video-preview":"max-video-preview:-1"},"canonical":"https:\/\/www.velomobileworld.com\/de\/auf-zur-mitternachtssonne-tag-40\/","og_locale":"de_DE","og_type":"article","og_title":"Auf zur Mitternachtssonne (Tag 40) | Velomobile World","og_description":"Auf zur Mitternachtssonne (Tag 40). Eine weitere Reise mit Brigitte und Fritz. Entdecken Sie ihre Abenteuer. Details im Artikel.","og_url":"https:\/\/www.velomobileworld.com\/de\/auf-zur-mitternachtssonne-tag-40\/","og_site_name":"Velomobile World","article_published_time":"2024-12-10T13:43:12+00:00","article_modified_time":"2025-07-25T10:11:13+00:00","og_image":[{"width":1920,"height":850,"url":"https:\/\/www.velomobileworld.com\/wp-content\/uploads\/2024\/12\/Midnightsun-Day-40.jpg","type":"image\/jpeg"}],"author":"Jan Wijnen","twitter_card":"summary_large_image","twitter_misc":{"Verfasst von":"Jan Wijnen","Gesch\u00e4tzte Lesezeit":"1\u00a0Minute"},"schema":{"@context":"https:\/\/schema.org","@graph":[{"@type":"Article","@id":"https:\/\/www.velomobileworld.com\/de\/auf-zur-mitternachtssonne-tag-40\/#article","isPartOf":{"@id":"https:\/\/www.velomobileworld.com\/de\/auf-zur-mitternachtssonne-tag-40\/"},"author":{"name":"Jan Wijnen","@id":"https:\/\/www.velomobileworld.com\/nl\/#\/schema\/person\/c0c7c661ad3c8719ed05a7dc85d6fa12"},"headline":"Auf zur Mitternachtssonne (Tag 40)","datePublished":"2024-12-10T13:43:12+00:00","dateModified":"2025-07-25T10:11:13+00:00","mainEntityOfPage":{"@id":"https:\/\/www.velomobileworld.com\/de\/auf-zur-mitternachtssonne-tag-40\/"},"wordCount":226,"commentCount":0,"image":{"@id":"https:\/\/www.velomobileworld.com\/de\/auf-zur-mitternachtssonne-tag-40\/#primaryimage"},"thumbnailUrl":"https:\/\/www.velomobileworld.com\/wp-content\/uploads\/2024\/12\/Midnightsun-Day-40.jpg","articleSection":["Unkategorisiert"],"inLanguage":"de","potentialAction":[{"@type":"CommentAction","name":"Comment","target":["https:\/\/www.velomobileworld.com\/de\/auf-zur-mitternachtssonne-tag-40\/#respond"]}]},{"@type":"WebPage","@id":"https:\/\/www.velomobileworld.com\/de\/auf-zur-mitternachtssonne-tag-40\/","url":"https:\/\/www.velomobileworld.com\/de\/auf-zur-mitternachtssonne-tag-40\/","name":"Auf zur Mitternachtssonne (Tag 40) | Velomobile World","isPartOf":{"@id":"https:\/\/www.velomobileworld.com\/nl\/#website"},"primaryImageOfPage":{"@id":"https:\/\/www.velomobileworld.com\/de\/auf-zur-mitternachtssonne-tag-40\/#primaryimage"},"image":{"@id":"https:\/\/www.velomobileworld.com\/de\/auf-zur-mitternachtssonne-tag-40\/#primaryimage"},"thumbnailUrl":"https:\/\/www.velomobileworld.com\/wp-content\/uploads\/2024\/12\/Midnightsun-Day-40.jpg","datePublished":"2024-12-10T13:43:12+00:00","dateModified":"2025-07-25T10:11:13+00:00","author":{"@id":"https:\/\/www.velomobileworld.com\/nl\/#\/schema\/person\/c0c7c661ad3c8719ed05a7dc85d6fa12"},"description":"Auf zur Mitternachtssonne (Tag 40). Eine weitere Reise mit Brigitte und Fritz. Entdecken Sie ihre Abenteuer. Details im Artikel.","breadcrumb":{"@id":"https:\/\/www.velomobileworld.com\/de\/auf-zur-mitternachtssonne-tag-40\/#breadcrumb"},"inLanguage":"de","potentialAction":[{"@type":"ReadAction","target":["https:\/\/www.velomobileworld.com\/de\/auf-zur-mitternachtssonne-tag-40\/"]}]},{"@type":"ImageObject","inLanguage":"de","@id":"https:\/\/www.velomobileworld.com\/de\/auf-zur-mitternachtssonne-tag-40\/#primaryimage","url":"https:\/\/www.velomobileworld.com\/wp-content\/uploads\/2024\/12\/Midnightsun-Day-40.jpg","contentUrl":"https:\/\/www.velomobileworld.com\/wp-content\/uploads\/2024\/12\/Midnightsun-Day-40.jpg","width":1920,"height":850},{"@type":"BreadcrumbList","@id":"https:\/\/www.velomobileworld.com\/de\/auf-zur-mitternachtssonne-tag-40\/#breadcrumb","itemListElement":[{"@type":"ListItem","position":1,"name":"Home","item":"https:\/\/www.velomobileworld.com\/"},{"@type":"ListItem","position":2,"name":"Auf zur Mitternachtssonne (Tag 40)"}]},{"@type":"WebSite","@id":"https:\/\/www.velomobileworld.com\/nl\/#website","url":"https:\/\/www.velomobileworld.com\/nl\/","name":"Velomobile World","description":"","potentialAction":[{"@type":"SearchAction","target":{"@type":"EntryPoint","urlTemplate":"https:\/\/www.velomobileworld.com\/nl\/?s={search_term_string}"},"query-input":{"@type":"PropertyValueSpecification","valueRequired":true,"valueName":"search_term_string"}}],"inLanguage":"de"},{"@type":"Person","@id":"https:\/\/www.velomobileworld.com\/nl\/#\/schema\/person\/c0c7c661ad3c8719ed05a7dc85d6fa12","name":"Jan Wijnen","image":{"@type":"ImageObject","inLanguage":"de","@id":"https:\/\/secure.gravatar.com\/avatar\/4802c8a6006d5895d73a1141e39ccf819bca7ec1dbfb26a6f4370880cefa109a?s=96&d=mm&r=g","url":"https:\/\/secure.gravatar.com\/avatar\/4802c8a6006d5895d73a1141e39ccf819bca7ec1dbfb26a6f4370880cefa109a?s=96&d=mm&r=g","contentUrl":"https:\/\/secure.gravatar.com\/avatar\/4802c8a6006d5895d73a1141e39ccf819bca7ec1dbfb26a6f4370880cefa109a?s=96&d=mm&r=g","caption":"Jan Wijnen"},"url":"https:\/\/www.velomobileworld.com\/de\/author\/jan-admin\/"}]}},"_links":{"self":[{"href":"https:\/\/www.velomobileworld.com\/de\/wp-json\/wp\/v2\/posts\/7147","targetHints":{"allow":["GET"]}}],"collection":[{"href":"https:\/\/www.velomobileworld.com\/de\/wp-json\/wp\/v2\/posts"}],"about":[{"href":"https:\/\/www.velomobileworld.com\/de\/wp-json\/wp\/v2\/types\/post"}],"author":[{"embeddable":true,"href":"https:\/\/www.velomobileworld.com\/de\/wp-json\/wp\/v2\/users\/4"}],"replies":[{"embeddable":true,"href":"https:\/\/www.velomobileworld.com\/de\/wp-json\/wp\/v2\/comments?post=7147"}],"version-history":[{"count":2,"href":"https:\/\/www.velomobileworld.com\/de\/wp-json\/wp\/v2\/posts\/7147\/revisions"}],"predecessor-version":[{"id":100753,"href":"https:\/\/www.velomobileworld.com\/de\/wp-json\/wp\/v2\/posts\/7147\/revisions\/100753"}],"wp:featuredmedia":[{"embeddable":true,"href":"https:\/\/www.velomobileworld.com\/de\/wp-json\/wp\/v2\/media\/6336"}],"wp:attachment":[{"href":"https:\/\/www.velomobileworld.com\/de\/wp-json\/wp\/v2\/media?parent=7147"}],"wp:term":[{"taxonomy":"category","embeddable":true,"href":"https:\/\/www.velomobileworld.com\/de\/wp-json\/wp\/v2\/categories?post=7147"},{"taxonomy":"post_tag","embeddable":true,"href":"https:\/\/www.velomobileworld.com\/de\/wp-json\/wp\/v2\/tags?post=7147"}],"curies":[{"name":"wp","href":"https:\/\/api.w.org\/{rel}","templated":true}]}}