{"id":7170,"date":"2024-12-11T13:28:07","date_gmt":"2024-12-11T12:28:07","guid":{"rendered":"https:\/\/velomobileworld.convident.dev\/auf-zur-mitternachtssonne-tag-51\/"},"modified":"2025-07-25T12:11:11","modified_gmt":"2025-07-25T10:11:11","slug":"auf-zur-mitternachtssonne-tag-51","status":"publish","type":"post","link":"https:\/\/www.velomobileworld.com\/de\/auf-zur-mitternachtssonne-tag-51\/","title":{"rendered":"Auf zur Mitternachtssonne (Tag 51)"},"content":{"rendered":"<p style=\"text-align: left;\"><span style=\"color: #ff0000;\"><strong>Auf zur Mitternachtssonne. Eine Velomobil Reise mit Brigitte und Fritz.<\/strong><\/span><\/p>\n<p style=\"text-align: left;\"><strong>Deutschland &gt; D\u00e4nemark &gt; Norwegen &gt; Nordkap &gt; Finnland &gt; Deutschland<\/strong><\/p>\n<p style=\"text-align: left;\"><strong>&#8212;&#8212;&#8212;&#8212;&#8212;&#8212;&#8212;&#8212;&#8212;&#8212;&#8211;<\/strong><\/p>\n<p style=\"text-align: left;\">Entdecken Sie\u00a0<a href=\"https:\/\/www.velomobileworld.com\/de\/eine-velomobil-reise-auf-zur-mitternachtssonne-alle-tage\/\" target=\"_blank\" rel=\"noopener\">HIER<\/a>\u00a0alle Tage der Reise &#8222;Auf zur Mitternachtssonne&#8220;<\/p>\n<p style=\"text-align: left;\"><strong>&#8212;&#8212;&#8212;&#8212;&#8212;&#8212;&#8212;&#8212;&#8212;&#8212;&#8211;<\/strong><\/p>\n<p>&nbsp;<\/p>\n<p style=\"text-align: left;\"><strong>51.Tag | Sastamala &#8211; Tammela | 120 KM | 467 HM<\/strong><\/p>\n<p>&nbsp;<\/p>\n<p style=\"text-align: left;\">Getr\u00f6delt heute morgen. Um 10:00 h los, heisst das meiste m\u00fcssen wir am Nachmittag fahren. Wobei es nur noch knapp \u00fcber 200 km bis zur F\u00e4hre sind.<br \/>\nWir brauchten noch Brot, deshalb ein Schlenker nach Sastamela ins Zentrum. Vor der Konditorei sorgten wir gleich mal f\u00fcr einen kleineren Menschenauflauf. Alle wollten etwas wissen, aber nur zwei oder drei konnten Englisch.<\/p>\n<p>&nbsp;<\/p>\n<p style=\"text-align: left;\">Dann aber nichts wie weg. Heute gab es erm\u00fcdend viele kleine H\u00fcgel und teilweise Buckelstrecken. Die Qualit\u00e4t der Bushaltestellen lie\u00df teilweise noch zu w\u00fcnschen \u00fcbrig.<\/p>\n<p>&nbsp;<\/p>\n<p style=\"text-align: left;\">Dann fanden wir in Punkalaidun ein echtes Caf\u00e9 bzw. Kahvila. Der Zitronenk\u00e4sekuchen war lecker. Wie auch der Kaffee.<\/p>\n<p>&nbsp;<\/p>\n<p style=\"text-align: left;\">Langsam wird die Gegend wieder wohlhabender. Es gibt Bauernh\u00f6fe, die machen anscheinend richtig Geld.<\/p>\n<p>&nbsp;<\/p>\n<p style=\"text-align: left;\">Wir fahren so durch Wald, Wiesen und Felder und sahen mit einem Mal Rehe auf der Wiese stehen. (Das Tele des Mobiltelefons ist leider nicht so gut). Das erste Reh schaute zu uns r\u00fcber und das zweite kam in Spr\u00fcngen n\u00e4her. Dann fingen beide an parallel zu uns \u00fcber die Wiese zu rennen. Ich habe noch nie von Rehen derart gro\u00dfe Spr\u00fcnge in echt gesehen.<\/p>\n<p>&nbsp;<\/p>\n<p style=\"text-align: left;\">Ein St\u00fcckchen weiter war etwas hinter einem hohen Wall verborgen. Vorher gab es ein Schild \u00fcber ein Museum zur Glaskunst. Das schauten wir uns mal n\u00e4her an. Einige Skulpturen waren drau\u00dfen aufgestellt. Gr\u00fcn und rot sind einfach beliebt so auch bei Glas. An den Geb\u00e4uden ist zu sehen, hier wird schon l\u00e4nger in Glas gemacht.<\/p>\n<p>&nbsp;<\/p>\n<p style=\"text-align: left;\">Aus einer Werkstatt kam ein j\u00fcngerer Mann. Arbeitsklamotten, Kinnbart, alles schwarz.<\/p>\n<p style=\"text-align: left;\">Guckt mich an: \u201eHej\u201c. (Das ist die Begr\u00fc\u00dfung in Norwegen, Schweden und Finnland)<\/p>\n<p style=\"text-align: left;\">Ich: \u201eHej, Hej\u201c.<\/p>\n<p style=\"text-align: left;\">Er: \u201eNoh?\u201c.<\/p>\n<p style=\"text-align: left;\">Ich : \u201eNoh?\u201c (keine Ahnung was das hei\u00dft. Vielleicht Na?)<\/p>\n<p style=\"text-align: left;\">Er dreht sich lautlos, kichernd mit dem Kopf von mir weg und geht zum n\u00e4chsten Geb\u00e4ude.<br \/>\n???? Haben wir schon \u00f6fter beobachtet, dass manche unseren Anblick lustig finden, aber entweder sich etwas wegdrehen oder quasi krampfhaft den Mund zupressen, um nicht laut loszulachen. Vermutlich w\u00e4re das unh\u00f6flich. Ebenso versuchen manche uns heimlich, unauff\u00e4llig zu filmen. Wenn sie merken, wir sehen das, versuchen sie verlegen wegzuschauen oder tun so als, ob sie gerade etwas anderes machen.<br \/>\nDie Norweger waren aus dem Auto heraus dagegen v\u00f6llig schambefreit.<br \/>\nWenn wir drau\u00dfen stehen, fragen alle h\u00f6flich, ob sie fotografieren d\u00fcrfen.<\/p>\n<p>&nbsp;<\/p>\n<p style=\"text-align: left;\">An der Stra\u00dfe waren heute manchmal Doppelt\u00fcrmchen als Stadt- oder Kommunengrenze zu sehen. Das H\u00e4uschen waren die pr\u00e4chtigsten.<\/p>\n<p>&nbsp;<\/p>\n<p style=\"text-align: left;\">Eine Frau vom Campingplatz war so begeistert, dreimal k\u00f6nnt ihr raten und werdet es nicht raten, von unserem Zelt und dem gesamten Ensemble. Sie zeltet auch gerne oder tat es. Dann wollte sie die Marke des Zeltes wissen. Das war mal eine neue Erfahrung. Sp\u00e4ter kam sie noch einmal vorbei und fragte, ob wir nicht ein Foto von uns vor dem sch\u00f6nen Hintergrund haben wollen. Dann w\u00e4ren wir beide darauf, wenn sie es macht.<\/p>\n<p>&nbsp;<\/p>\n<p style=\"text-align: left;\">Auf Zeltpl\u00e4tzen nur mit Finnen, kommen wir tats\u00e4chlich ins Gespr\u00e4ch mit ihnen.<\/p>\n<p>&nbsp;<\/p>\n<p style=\"text-align: left;\">Ein weiteres P\u00e4rchen kommt und h\u00e4lt an. Er Daumen hoch, kommt n\u00e4her, holt langsam und gewaltig weit aus, offene rechte Hand, Daumen nach oben, wartet auf meine Hand, wir treffen uns, er dr\u00fcckt fest:\u201cwonderful\u201c!<br \/>\nDann fragt in Bruchst\u00fccken auf Englisch uns aus. Man merkt, er w\u00fcrde gerne noch mehr fragen k\u00f6nnen, aber es fehlen ihm die Worte. Am Ende wieder \u201ewonderful\u201c, Daumen hoch, sie genauso, er holt wieder aus, unsere H\u00e4nde treffen sich und dr\u00fccken. Irgendwie witzig und ber\u00fchrend zugleich.<\/p>\n<p>&nbsp;<\/p>\n<p style=\"text-align: left;\">Mir gefallen die Finnen von Tag zu Tag mehr. Etwas sch\u00fcchtern, aber sehr ehrlich, wenn sie etwas sagen.<br \/>\nHabe dazu auch gelesen, dass die gesprochenen Worte eine sehr gro\u00dfe Bedeutung haben. Deshalb \u00fcberlegen sie, was sie sagen. Manchmal ist es besser nichts zu sagen, als etwas falsches oder nicht so passendes.<\/p>\n<p style=\"text-align: left;\"><strong>&#8230;&#8230;&#8230;&#8230;&#8230;&#8230;&#8230;&#8230;&#8230;&#8230;&#8230;&#8230;&#8230;&#8230;&#8230;&#8230;&#8230;..<\/strong><\/p>\n<p><a href=\"https:\/\/www.velomobileworld.com\/de\/52-2-height-limit-for-trucks-2-2\/?utm_source=Article_Banner&#038;utm_medium=Article&#038;utm_campaign=Blog\"><img loading=\"lazy\" decoding=\"async\" class=\"ls-is-cached lazyloaded alignnone wp-image-51363\" src=\"https:\/\/www.velomobileworld.com\/wp-content\/uploads\/2024\/08\/1-discover-velomobiles.png\" alt=\"Discover the velomobiles\" width=\"450\" height=\"74\" data-src=\"https:\/\/www.velomobileworld.com\/wp-content\/uploads\/2024\/07\/1-configure-july2024.jpg\" \/><\/a><\/p>\n<p style=\"text-align: left;\"><strong>&#8230;&#8230;&#8230;&#8230;&#8230;&#8230;&#8230;&#8230;&#8230;&#8230;&#8230;&#8230;&#8230;&#8230;&#8230;&#8230;&#8230;..<\/strong><\/p>\n<p><a href=\"https:\/\/www.velomobileworld.com\/wp-content\/uploads\/2024\/08\/51-map-1-719x1024.jpeg\"><img loading=\"lazy\" decoding=\"async\" class=\"alignnone wp-image-54256\" src=\"https:\/\/www.velomobileworld.com\/wp-content\/uploads\/2024\/08\/51-map-1-719x1024.jpeg\" alt=\"\" width=\"450\" height=\"641\" \/><\/a><\/p>\n<p><a href=\"https:\/\/www.velomobileworld.com\/wp-content\/uploads\/2024\/08\/51-map-2-978x1024.jpeg\"><img loading=\"lazy\" decoding=\"async\" class=\"alignnone wp-image-54261\" src=\"https:\/\/www.velomobileworld.com\/wp-content\/uploads\/2024\/08\/51-map-2-978x1024.jpeg\" alt=\"\" width=\"450\" height=\"471\" \/><\/a><\/p>\n<p><a href=\"https:\/\/www.velomobileworld.com\/wp-content\/uploads\/2024\/08\/51-1-Sastamala-centrum.-They-are-all-very-interested-1024x768.jpg\"><img loading=\"lazy\" decoding=\"async\" class=\"alignnone wp-image-54266\" src=\"https:\/\/www.velomobileworld.com\/wp-content\/uploads\/2024\/08\/51-1-Sastamala-centrum.-They-are-all-very-interested-1024x768.jpg\" alt=\"\" width=\"450\" height=\"338\" \/><\/a><\/p>\n<p style=\"text-align: left;\"><img decoding=\"async\" class=\"emoji ls-is-cached lazyloaded\" role=\"img\" draggable=\"false\" src=\"https:\/\/s.w.org\/images\/core\/emoji\/13.1.0\/svg\/2b06.svg\" alt=\"\u2b06\ufe0f\" data-src=\"https:\/\/s.w.org\/images\/core\/emoji\/13.1.0\/svg\/2b06.svg\" \/> Sastamala centrum. They are all very interested. \/ Sastamala centrum. Sie sind alle sehr interessiert. \/ Sastamala centrum. Ils sont tous tr\u00e8s int\u00e9ress\u00e9s.<\/p>\n<p><a href=\"https:\/\/www.velomobileworld.com\/wp-content\/uploads\/2024\/08\/51-2-Poor-bus-shelter-1024x768.jpeg\"><img loading=\"lazy\" decoding=\"async\" class=\"alignnone wp-image-54271\" src=\"https:\/\/www.velomobileworld.com\/wp-content\/uploads\/2024\/08\/51-2-Poor-bus-shelter-1024x768.jpeg\" alt=\"\" width=\"450\" height=\"338\" \/><\/a><\/p>\n<p style=\"text-align: left;\"><img decoding=\"async\" class=\"emoji ls-is-cached lazyloaded\" role=\"img\" draggable=\"false\" src=\"https:\/\/s.w.org\/images\/core\/emoji\/13.1.0\/svg\/2b06.svg\" alt=\"\u2b06\ufe0f\" data-src=\"https:\/\/s.w.org\/images\/core\/emoji\/13.1.0\/svg\/2b06.svg\" \/> Poor bus shelter \/ Schlechtes Buswarteh\u00e4uschen \/ Abribus m\u00e9diocre<\/p>\n<p><a href=\"https:\/\/www.velomobileworld.com\/wp-content\/uploads\/2024\/08\/51-3-1024x768.jpeg\"><img loading=\"lazy\" decoding=\"async\" class=\"alignnone wp-image-54276\" src=\"https:\/\/www.velomobileworld.com\/wp-content\/uploads\/2024\/08\/51-3-1024x768.jpeg\" alt=\"\" width=\"450\" height=\"338\" \/><\/a><a href=\"https:\/\/www.velomobileworld.com\/wp-content\/uploads\/2024\/08\/51-4-1024x768.jpeg\"><img loading=\"lazy\" decoding=\"async\" class=\"alignnone wp-image-54281\" src=\"https:\/\/www.velomobileworld.com\/wp-content\/uploads\/2024\/08\/51-4-1024x768.jpeg\" alt=\"\" width=\"450\" height=\"338\" \/><\/a><a href=\"https:\/\/www.velomobileworld.com\/wp-content\/uploads\/2024\/08\/51-5-Cafe-Kahvila-in-Punkalaidun-1024x759.jpeg\"><img loading=\"lazy\" decoding=\"async\" class=\"alignnone wp-image-54286\" src=\"https:\/\/www.velomobileworld.com\/wp-content\/uploads\/2024\/08\/51-5-Cafe-Kahvila-in-Punkalaidun-1024x759.jpeg\" alt=\"\" width=\"450\" height=\"334\" \/><\/a><\/p>\n<p style=\"text-align: left;\"><img decoding=\"async\" class=\"emoji ls-is-cached lazyloaded\" role=\"img\" draggable=\"false\" src=\"https:\/\/s.w.org\/images\/core\/emoji\/13.1.0\/svg\/2b06.svg\" alt=\"\u2b06\ufe0f\" data-src=\"https:\/\/s.w.org\/images\/core\/emoji\/13.1.0\/svg\/2b06.svg\" \/> Caf\u00e9-Kahvila in Punkalaidun \/ Caf\u00e9-Kahvila \u00e0 Punkalaidun<\/p>\n<p><a href=\"https:\/\/www.velomobileworld.com\/wp-content\/uploads\/2024\/08\/51-6-1024x768.jpeg\"><img loading=\"lazy\" decoding=\"async\" class=\"alignnone wp-image-54291\" src=\"https:\/\/www.velomobileworld.com\/wp-content\/uploads\/2024\/08\/51-6-1024x768.jpeg\" alt=\"\" width=\"450\" height=\"338\" \/><\/a><a href=\"https:\/\/www.velomobileworld.com\/wp-content\/uploads\/2024\/08\/51-7-1024x817.jpeg\"><img loading=\"lazy\" decoding=\"async\" class=\"alignnone wp-image-54296\" src=\"https:\/\/www.velomobileworld.com\/wp-content\/uploads\/2024\/08\/51-7-1024x817.jpeg\" alt=\"\" width=\"450\" height=\"359\" \/><\/a><a href=\"https:\/\/www.velomobileworld.com\/wp-content\/uploads\/2024\/08\/51-8-Big-farm-house-1024x641.jpeg\"><img loading=\"lazy\" decoding=\"async\" class=\"alignnone wp-image-54301\" src=\"https:\/\/www.velomobileworld.com\/wp-content\/uploads\/2024\/08\/51-8-Big-farm-house-1024x641.jpeg\" alt=\"\" width=\"450\" height=\"282\" \/><\/a><\/p>\n<p style=\"text-align: left;\"><img decoding=\"async\" class=\"emoji ls-is-cached lazyloaded\" role=\"img\" draggable=\"false\" src=\"https:\/\/s.w.org\/images\/core\/emoji\/13.1.0\/svg\/2b06.svg\" alt=\"\u2b06\ufe0f\" data-src=\"https:\/\/s.w.org\/images\/core\/emoji\/13.1.0\/svg\/2b06.svg\" \/> Big farm house \/ Gro\u00dfes Bauernhaus \/ Grande ferme<\/p>\n<p><a href=\"https:\/\/www.velomobileworld.com\/wp-content\/uploads\/2024\/08\/51-9-Big-farm-1024x730.jpeg\"><img loading=\"lazy\" decoding=\"async\" class=\"alignnone wp-image-54306\" src=\"https:\/\/www.velomobileworld.com\/wp-content\/uploads\/2024\/08\/51-9-Big-farm-1024x730.jpeg\" alt=\"\" width=\"450\" height=\"321\" \/><\/a><\/p>\n<p style=\"text-align: left;\"><img decoding=\"async\" class=\"emoji ls-is-cached lazyloaded\" role=\"img\" draggable=\"false\" src=\"https:\/\/s.w.org\/images\/core\/emoji\/13.1.0\/svg\/2b06.svg\" alt=\"\u2b06\ufe0f\" data-src=\"https:\/\/s.w.org\/images\/core\/emoji\/13.1.0\/svg\/2b06.svg\" \/> Big farm \/ Gro\u00dfer Bauernhof \/ Grande ferme<\/p>\n<p><a href=\"https:\/\/www.velomobileworld.com\/wp-content\/uploads\/2024\/08\/51-10-1024x687.jpeg\"><img loading=\"lazy\" decoding=\"async\" class=\"alignnone wp-image-54311\" src=\"https:\/\/www.velomobileworld.com\/wp-content\/uploads\/2024\/08\/51-10-1024x687.jpeg\" alt=\"\" width=\"450\" height=\"302\" \/><\/a><a href=\"https:\/\/www.velomobileworld.com\/wp-content\/uploads\/2024\/08\/51-11-Deers-1024x817.jpeg\"><img loading=\"lazy\" decoding=\"async\" class=\"alignnone wp-image-54316\" src=\"https:\/\/www.velomobileworld.com\/wp-content\/uploads\/2024\/08\/51-11-Deers-1024x817.jpeg\" alt=\"\" width=\"450\" height=\"359\" \/><\/a><\/p>\n<p style=\"text-align: left;\"><img decoding=\"async\" class=\"emoji ls-is-cached lazyloaded\" role=\"img\" draggable=\"false\" src=\"https:\/\/s.w.org\/images\/core\/emoji\/13.1.0\/svg\/2b06.svg\" alt=\"\u2b06\ufe0f\" data-src=\"https:\/\/s.w.org\/images\/core\/emoji\/13.1.0\/svg\/2b06.svg\" \/> Deer \/ Hirsche \/ Chevreuil<\/p>\n<p><a href=\"https:\/\/www.velomobileworld.com\/wp-content\/uploads\/2024\/08\/51-12-Historically-manufacturing-for-glass-1024x768.jpeg\"><img loading=\"lazy\" decoding=\"async\" class=\"alignnone wp-image-54321\" src=\"https:\/\/www.velomobileworld.com\/wp-content\/uploads\/2024\/08\/51-12-Historically-manufacturing-for-glass-1024x768.jpeg\" alt=\"\" width=\"450\" height=\"338\" \/><\/a><\/p>\n<p style=\"text-align: left;\"><img decoding=\"async\" class=\"emoji ls-is-cached lazyloaded\" role=\"img\" draggable=\"false\" src=\"https:\/\/s.w.org\/images\/core\/emoji\/13.1.0\/svg\/2b06.svg\" alt=\"\u2b06\ufe0f\" data-src=\"https:\/\/s.w.org\/images\/core\/emoji\/13.1.0\/svg\/2b06.svg\" \/> Historically manufacturing for glass \/ Historische Fertigung f\u00fcr Glas \/ Fabrication historique de verre<\/p>\n<p><a href=\"https:\/\/www.velomobileworld.com\/wp-content\/uploads\/2024\/08\/51-13-1024x768.jpeg\"><img loading=\"lazy\" decoding=\"async\" class=\"alignnone wp-image-54326\" src=\"https:\/\/www.velomobileworld.com\/wp-content\/uploads\/2024\/08\/51-13-1024x768.jpeg\" alt=\"\" width=\"450\" height=\"338\" \/><\/a><a href=\"https:\/\/www.velomobileworld.com\/wp-content\/uploads\/2024\/08\/51-14-1024x768.jpeg\"><img loading=\"lazy\" decoding=\"async\" class=\"alignnone wp-image-54331\" src=\"https:\/\/www.velomobileworld.com\/wp-content\/uploads\/2024\/08\/51-14-1024x768.jpeg\" alt=\"\" width=\"450\" height=\"338\" \/><\/a><a href=\"https:\/\/www.velomobileworld.com\/wp-content\/uploads\/2024\/08\/51-15-1024x768.jpeg\"><img loading=\"lazy\" decoding=\"async\" class=\"alignnone wp-image-54336\" src=\"https:\/\/www.velomobileworld.com\/wp-content\/uploads\/2024\/08\/51-15-1024x768.jpeg\" alt=\"\" width=\"450\" height=\"338\" \/><\/a><a href=\"https:\/\/www.velomobileworld.com\/wp-content\/uploads\/2024\/08\/51-16-1024x768.jpeg\"><img loading=\"lazy\" decoding=\"async\" class=\"alignnone wp-image-54341\" src=\"https:\/\/www.velomobileworld.com\/wp-content\/uploads\/2024\/08\/51-16-1024x768.jpeg\" alt=\"\" width=\"450\" height=\"338\" \/><\/a><a href=\"https:\/\/www.velomobileworld.com\/wp-content\/uploads\/2024\/08\/51-17-1024x768.jpeg\"><img loading=\"lazy\" decoding=\"async\" class=\"alignnone wp-image-54346\" src=\"https:\/\/www.velomobileworld.com\/wp-content\/uploads\/2024\/08\/51-17-1024x768.jpeg\" alt=\"\" width=\"450\" height=\"338\" \/><\/a><a href=\"https:\/\/www.velomobileworld.com\/wp-content\/uploads\/2024\/08\/51-18-1024x768.jpeg\"><img loading=\"lazy\" decoding=\"async\" class=\"alignnone wp-image-54351\" src=\"https:\/\/www.velomobileworld.com\/wp-content\/uploads\/2024\/08\/51-18-1024x768.jpeg\" alt=\"\" width=\"450\" height=\"338\" \/><\/a><a href=\"https:\/\/www.velomobileworld.com\/wp-content\/uploads\/2024\/08\/51-19-Kitesurfing-on-a-skateboard-at-the-cyclepath-1024x768.jpeg\"><img loading=\"lazy\" decoding=\"async\" class=\"alignnone wp-image-54356\" src=\"https:\/\/www.velomobileworld.com\/wp-content\/uploads\/2024\/08\/51-19-Kitesurfing-on-a-skateboard-at-the-cyclepath-1024x768.jpeg\" alt=\"\" width=\"450\" height=\"338\" \/><\/a><\/p>\n<p style=\"text-align: left;\"><img decoding=\"async\" class=\"emoji ls-is-cached lazyloaded\" role=\"img\" draggable=\"false\" src=\"https:\/\/s.w.org\/images\/core\/emoji\/13.1.0\/svg\/2b06.svg\" alt=\"\u2b06\ufe0f\" data-src=\"https:\/\/s.w.org\/images\/core\/emoji\/13.1.0\/svg\/2b06.svg\" \/> Kitesurfing on a skateboard at the cycle path \/ Kitesurfen auf einem Skateboard am Radweg \/ Kitesurf sur un skateboard sur la piste cyclable<\/p>\n<p><a href=\"https:\/\/www.velomobileworld.com\/wp-content\/uploads\/2024\/08\/51-20-Border-of-a-city-1024x693.jpg\"><img loading=\"lazy\" decoding=\"async\" class=\"alignnone wp-image-54361\" src=\"https:\/\/www.velomobileworld.com\/wp-content\/uploads\/2024\/08\/51-20-Border-of-a-city-1024x693.jpg\" alt=\"\" width=\"450\" height=\"305\" \/><\/a><\/p>\n<p style=\"text-align: left;\"><img decoding=\"async\" class=\"emoji ls-is-cached lazyloaded\" role=\"img\" draggable=\"false\" src=\"https:\/\/s.w.org\/images\/core\/emoji\/13.1.0\/svg\/2b06.svg\" alt=\"\u2b06\ufe0f\" data-src=\"https:\/\/s.w.org\/images\/core\/emoji\/13.1.0\/svg\/2b06.svg\" \/> Border of a city \/ Grenze einer Stadt \/ Fronti\u00e8re d&#8217;une ville<\/p>\n<p><a href=\"https:\/\/www.velomobileworld.com\/wp-content\/uploads\/2024\/08\/51-21-1024x768.jpeg\"><img loading=\"lazy\" decoding=\"async\" class=\"alignnone wp-image-54366\" src=\"https:\/\/www.velomobileworld.com\/wp-content\/uploads\/2024\/08\/51-21-1024x768.jpeg\" alt=\"\" width=\"450\" height=\"338\" \/><\/a><a href=\"https:\/\/www.velomobileworld.com\/wp-content\/uploads\/2024\/08\/51-22-Campground-1024x768.jpeg\"><img loading=\"lazy\" decoding=\"async\" class=\"alignnone wp-image-54371\" src=\"https:\/\/www.velomobileworld.com\/wp-content\/uploads\/2024\/08\/51-22-Campground-1024x768.jpeg\" alt=\"\" width=\"450\" height=\"338\" \/><\/a><\/p>\n<p style=\"text-align: left;\"><img decoding=\"async\" class=\"emoji ls-is-cached lazyloaded\" role=\"img\" draggable=\"false\" src=\"https:\/\/s.w.org\/images\/core\/emoji\/13.1.0\/svg\/2b06.svg\" alt=\"\u2b06\ufe0f\" data-src=\"https:\/\/s.w.org\/images\/core\/emoji\/13.1.0\/svg\/2b06.svg\" \/> Campground \/ Campingplatz \/ Terrain de camping<\/p>\n<p style=\"text-align: left;\"><strong>&#8230;&#8230;&#8230;&#8230;&#8230;&#8230;&#8230;&#8230;&#8230;&#8230;&#8230;&#8230;&#8230;&#8230;&#8230;&#8230;&#8230;&#8230;<\/strong><\/p>\n<p style=\"text-align: left;\"><a href=\"https:\/\/www.velomobileworld.com\/de\/velomobil-ausfluege-35-tage-mit-brigitte-und-fritz\/\" target=\"_blank\" rel=\"noopener\">2022 VELOMOBILE ROAD TRIP: 35 DAYS WITH BRIGITTE AND FRITZ (EN\/DE\/FR)<\/a><\/p>\n","protected":false},"excerpt":{"rendered":"<p>Auf zur Mitternachtssonne. Eine Velomobil Reise mit Brigitte und Fritz. Deutschland &gt; D\u00e4nemark &gt; Norwegen &gt; Nordkap &gt; Finnland &gt; [&hellip;]<\/p>\n","protected":false},"author":4,"featured_media":6446,"comment_status":"open","ping_status":"closed","sticky":false,"template":"","format":"standard","meta":{"_acf_changed":false,"footnotes":""},"categories":[690],"tags":[],"class_list":["post-7170","post","type-post","status-publish","format-standard","has-post-thumbnail","hentry","category-unkategorisiert"],"acf":[],"yoast_head":"<!-- This site is optimized with the Yoast SEO plugin v27.5 - https:\/\/yoast.com\/product\/yoast-seo-wordpress\/ -->\n<title>Auf zur Mitternachtssonne (Tag 51) | Velomobile World<\/title>\n<meta name=\"description\" content=\"Auf zur Mitternachtssonne (Tag 51). Eine weitere Reise mit Brigitte und Fritz. Entdecken Sie ihre Abenteuer. Details im Artikel.\" \/>\n<meta name=\"robots\" content=\"index, follow, max-snippet:-1, max-image-preview:large, max-video-preview:-1\" \/>\n<link rel=\"canonical\" href=\"https:\/\/www.velomobileworld.com\/de\/auf-zur-mitternachtssonne-tag-51\/\" \/>\n<meta property=\"og:locale\" content=\"de_DE\" \/>\n<meta property=\"og:type\" content=\"article\" \/>\n<meta property=\"og:title\" content=\"Auf zur Mitternachtssonne (Tag 51) | Velomobile World\" \/>\n<meta property=\"og:description\" content=\"Auf zur Mitternachtssonne (Tag 51). Eine weitere Reise mit Brigitte und Fritz. Entdecken Sie ihre Abenteuer. Details im Artikel.\" \/>\n<meta property=\"og:url\" content=\"https:\/\/www.velomobileworld.com\/de\/auf-zur-mitternachtssonne-tag-51\/\" \/>\n<meta property=\"og:site_name\" content=\"Velomobile World\" \/>\n<meta property=\"article:published_time\" content=\"2024-12-11T12:28:07+00:00\" \/>\n<meta property=\"article:modified_time\" content=\"2025-07-25T10:11:11+00:00\" \/>\n<meta property=\"og:image\" content=\"https:\/\/www.velomobileworld.com\/wp-content\/uploads\/2024\/12\/Midnightsun-Day-51.jpg\" \/>\n\t<meta property=\"og:image:width\" content=\"1920\" \/>\n\t<meta property=\"og:image:height\" content=\"850\" \/>\n\t<meta property=\"og:image:type\" content=\"image\/jpeg\" \/>\n<meta name=\"author\" content=\"Jan Wijnen\" \/>\n<meta name=\"twitter:card\" content=\"summary_large_image\" \/>\n<meta name=\"twitter:label1\" content=\"Verfasst von\" \/>\n\t<meta name=\"twitter:data1\" content=\"Jan Wijnen\" \/>\n\t<meta name=\"twitter:label2\" content=\"Gesch\u00e4tzte Lesezeit\" \/>\n\t<meta name=\"twitter:data2\" content=\"4\u00a0Minuten\" \/>\n<script type=\"application\/ld+json\" class=\"yoast-schema-graph\">{\"@context\":\"https:\\\/\\\/schema.org\",\"@graph\":[{\"@type\":\"Article\",\"@id\":\"https:\\\/\\\/www.velomobileworld.com\\\/de\\\/auf-zur-mitternachtssonne-tag-51\\\/#article\",\"isPartOf\":{\"@id\":\"https:\\\/\\\/www.velomobileworld.com\\\/de\\\/auf-zur-mitternachtssonne-tag-51\\\/\"},\"author\":{\"name\":\"Jan Wijnen\",\"@id\":\"https:\\\/\\\/www.velomobileworld.com\\\/nl\\\/#\\\/schema\\\/person\\\/c0c7c661ad3c8719ed05a7dc85d6fa12\"},\"headline\":\"Auf zur Mitternachtssonne (Tag 51)\",\"datePublished\":\"2024-12-11T12:28:07+00:00\",\"dateModified\":\"2025-07-25T10:11:11+00:00\",\"mainEntityOfPage\":{\"@id\":\"https:\\\/\\\/www.velomobileworld.com\\\/de\\\/auf-zur-mitternachtssonne-tag-51\\\/\"},\"wordCount\":838,\"commentCount\":0,\"image\":{\"@id\":\"https:\\\/\\\/www.velomobileworld.com\\\/de\\\/auf-zur-mitternachtssonne-tag-51\\\/#primaryimage\"},\"thumbnailUrl\":\"https:\\\/\\\/www.velomobileworld.com\\\/wp-content\\\/uploads\\\/2024\\\/12\\\/Midnightsun-Day-51.jpg\",\"articleSection\":[\"Unkategorisiert\"],\"inLanguage\":\"de\",\"potentialAction\":[{\"@type\":\"CommentAction\",\"name\":\"Comment\",\"target\":[\"https:\\\/\\\/www.velomobileworld.com\\\/de\\\/auf-zur-mitternachtssonne-tag-51\\\/#respond\"]}]},{\"@type\":\"WebPage\",\"@id\":\"https:\\\/\\\/www.velomobileworld.com\\\/de\\\/auf-zur-mitternachtssonne-tag-51\\\/\",\"url\":\"https:\\\/\\\/www.velomobileworld.com\\\/de\\\/auf-zur-mitternachtssonne-tag-51\\\/\",\"name\":\"Auf zur Mitternachtssonne (Tag 51) | Velomobile World\",\"isPartOf\":{\"@id\":\"https:\\\/\\\/www.velomobileworld.com\\\/nl\\\/#website\"},\"primaryImageOfPage\":{\"@id\":\"https:\\\/\\\/www.velomobileworld.com\\\/de\\\/auf-zur-mitternachtssonne-tag-51\\\/#primaryimage\"},\"image\":{\"@id\":\"https:\\\/\\\/www.velomobileworld.com\\\/de\\\/auf-zur-mitternachtssonne-tag-51\\\/#primaryimage\"},\"thumbnailUrl\":\"https:\\\/\\\/www.velomobileworld.com\\\/wp-content\\\/uploads\\\/2024\\\/12\\\/Midnightsun-Day-51.jpg\",\"datePublished\":\"2024-12-11T12:28:07+00:00\",\"dateModified\":\"2025-07-25T10:11:11+00:00\",\"author\":{\"@id\":\"https:\\\/\\\/www.velomobileworld.com\\\/nl\\\/#\\\/schema\\\/person\\\/c0c7c661ad3c8719ed05a7dc85d6fa12\"},\"description\":\"Auf zur Mitternachtssonne (Tag 51). Eine weitere Reise mit Brigitte und Fritz. Entdecken Sie ihre Abenteuer. Details im Artikel.\",\"breadcrumb\":{\"@id\":\"https:\\\/\\\/www.velomobileworld.com\\\/de\\\/auf-zur-mitternachtssonne-tag-51\\\/#breadcrumb\"},\"inLanguage\":\"de\",\"potentialAction\":[{\"@type\":\"ReadAction\",\"target\":[\"https:\\\/\\\/www.velomobileworld.com\\\/de\\\/auf-zur-mitternachtssonne-tag-51\\\/\"]}]},{\"@type\":\"ImageObject\",\"inLanguage\":\"de\",\"@id\":\"https:\\\/\\\/www.velomobileworld.com\\\/de\\\/auf-zur-mitternachtssonne-tag-51\\\/#primaryimage\",\"url\":\"https:\\\/\\\/www.velomobileworld.com\\\/wp-content\\\/uploads\\\/2024\\\/12\\\/Midnightsun-Day-51.jpg\",\"contentUrl\":\"https:\\\/\\\/www.velomobileworld.com\\\/wp-content\\\/uploads\\\/2024\\\/12\\\/Midnightsun-Day-51.jpg\",\"width\":1920,\"height\":850,\"caption\":\"Midnightsun-Day-51\"},{\"@type\":\"BreadcrumbList\",\"@id\":\"https:\\\/\\\/www.velomobileworld.com\\\/de\\\/auf-zur-mitternachtssonne-tag-51\\\/#breadcrumb\",\"itemListElement\":[{\"@type\":\"ListItem\",\"position\":1,\"name\":\"Home\",\"item\":\"https:\\\/\\\/www.velomobileworld.com\\\/\"},{\"@type\":\"ListItem\",\"position\":2,\"name\":\"Auf zur Mitternachtssonne (Tag 51)\"}]},{\"@type\":\"WebSite\",\"@id\":\"https:\\\/\\\/www.velomobileworld.com\\\/nl\\\/#website\",\"url\":\"https:\\\/\\\/www.velomobileworld.com\\\/nl\\\/\",\"name\":\"Velomobile World\",\"description\":\"\",\"potentialAction\":[{\"@type\":\"SearchAction\",\"target\":{\"@type\":\"EntryPoint\",\"urlTemplate\":\"https:\\\/\\\/www.velomobileworld.com\\\/nl\\\/?s={search_term_string}\"},\"query-input\":{\"@type\":\"PropertyValueSpecification\",\"valueRequired\":true,\"valueName\":\"search_term_string\"}}],\"inLanguage\":\"de\"},{\"@type\":\"Person\",\"@id\":\"https:\\\/\\\/www.velomobileworld.com\\\/nl\\\/#\\\/schema\\\/person\\\/c0c7c661ad3c8719ed05a7dc85d6fa12\",\"name\":\"Jan Wijnen\",\"image\":{\"@type\":\"ImageObject\",\"inLanguage\":\"de\",\"@id\":\"https:\\\/\\\/secure.gravatar.com\\\/avatar\\\/4802c8a6006d5895d73a1141e39ccf819bca7ec1dbfb26a6f4370880cefa109a?s=96&d=mm&r=g\",\"url\":\"https:\\\/\\\/secure.gravatar.com\\\/avatar\\\/4802c8a6006d5895d73a1141e39ccf819bca7ec1dbfb26a6f4370880cefa109a?s=96&d=mm&r=g\",\"contentUrl\":\"https:\\\/\\\/secure.gravatar.com\\\/avatar\\\/4802c8a6006d5895d73a1141e39ccf819bca7ec1dbfb26a6f4370880cefa109a?s=96&d=mm&r=g\",\"caption\":\"Jan Wijnen\"},\"url\":\"https:\\\/\\\/www.velomobileworld.com\\\/de\\\/author\\\/jan-admin\\\/\"}]}<\/script>\n<!-- \/ Yoast SEO plugin. -->","yoast_head_json":{"title":"Auf zur Mitternachtssonne (Tag 51) | Velomobile World","description":"Auf zur Mitternachtssonne (Tag 51). Eine weitere Reise mit Brigitte und Fritz. Entdecken Sie ihre Abenteuer. Details im Artikel.","robots":{"index":"index","follow":"follow","max-snippet":"max-snippet:-1","max-image-preview":"max-image-preview:large","max-video-preview":"max-video-preview:-1"},"canonical":"https:\/\/www.velomobileworld.com\/de\/auf-zur-mitternachtssonne-tag-51\/","og_locale":"de_DE","og_type":"article","og_title":"Auf zur Mitternachtssonne (Tag 51) | Velomobile World","og_description":"Auf zur Mitternachtssonne (Tag 51). Eine weitere Reise mit Brigitte und Fritz. Entdecken Sie ihre Abenteuer. Details im Artikel.","og_url":"https:\/\/www.velomobileworld.com\/de\/auf-zur-mitternachtssonne-tag-51\/","og_site_name":"Velomobile World","article_published_time":"2024-12-11T12:28:07+00:00","article_modified_time":"2025-07-25T10:11:11+00:00","og_image":[{"width":1920,"height":850,"url":"https:\/\/www.velomobileworld.com\/wp-content\/uploads\/2024\/12\/Midnightsun-Day-51.jpg","type":"image\/jpeg"}],"author":"Jan Wijnen","twitter_card":"summary_large_image","twitter_misc":{"Verfasst von":"Jan Wijnen","Gesch\u00e4tzte Lesezeit":"4\u00a0Minuten"},"schema":{"@context":"https:\/\/schema.org","@graph":[{"@type":"Article","@id":"https:\/\/www.velomobileworld.com\/de\/auf-zur-mitternachtssonne-tag-51\/#article","isPartOf":{"@id":"https:\/\/www.velomobileworld.com\/de\/auf-zur-mitternachtssonne-tag-51\/"},"author":{"name":"Jan Wijnen","@id":"https:\/\/www.velomobileworld.com\/nl\/#\/schema\/person\/c0c7c661ad3c8719ed05a7dc85d6fa12"},"headline":"Auf zur Mitternachtssonne (Tag 51)","datePublished":"2024-12-11T12:28:07+00:00","dateModified":"2025-07-25T10:11:11+00:00","mainEntityOfPage":{"@id":"https:\/\/www.velomobileworld.com\/de\/auf-zur-mitternachtssonne-tag-51\/"},"wordCount":838,"commentCount":0,"image":{"@id":"https:\/\/www.velomobileworld.com\/de\/auf-zur-mitternachtssonne-tag-51\/#primaryimage"},"thumbnailUrl":"https:\/\/www.velomobileworld.com\/wp-content\/uploads\/2024\/12\/Midnightsun-Day-51.jpg","articleSection":["Unkategorisiert"],"inLanguage":"de","potentialAction":[{"@type":"CommentAction","name":"Comment","target":["https:\/\/www.velomobileworld.com\/de\/auf-zur-mitternachtssonne-tag-51\/#respond"]}]},{"@type":"WebPage","@id":"https:\/\/www.velomobileworld.com\/de\/auf-zur-mitternachtssonne-tag-51\/","url":"https:\/\/www.velomobileworld.com\/de\/auf-zur-mitternachtssonne-tag-51\/","name":"Auf zur Mitternachtssonne (Tag 51) | Velomobile World","isPartOf":{"@id":"https:\/\/www.velomobileworld.com\/nl\/#website"},"primaryImageOfPage":{"@id":"https:\/\/www.velomobileworld.com\/de\/auf-zur-mitternachtssonne-tag-51\/#primaryimage"},"image":{"@id":"https:\/\/www.velomobileworld.com\/de\/auf-zur-mitternachtssonne-tag-51\/#primaryimage"},"thumbnailUrl":"https:\/\/www.velomobileworld.com\/wp-content\/uploads\/2024\/12\/Midnightsun-Day-51.jpg","datePublished":"2024-12-11T12:28:07+00:00","dateModified":"2025-07-25T10:11:11+00:00","author":{"@id":"https:\/\/www.velomobileworld.com\/nl\/#\/schema\/person\/c0c7c661ad3c8719ed05a7dc85d6fa12"},"description":"Auf zur Mitternachtssonne (Tag 51). Eine weitere Reise mit Brigitte und Fritz. Entdecken Sie ihre Abenteuer. Details im Artikel.","breadcrumb":{"@id":"https:\/\/www.velomobileworld.com\/de\/auf-zur-mitternachtssonne-tag-51\/#breadcrumb"},"inLanguage":"de","potentialAction":[{"@type":"ReadAction","target":["https:\/\/www.velomobileworld.com\/de\/auf-zur-mitternachtssonne-tag-51\/"]}]},{"@type":"ImageObject","inLanguage":"de","@id":"https:\/\/www.velomobileworld.com\/de\/auf-zur-mitternachtssonne-tag-51\/#primaryimage","url":"https:\/\/www.velomobileworld.com\/wp-content\/uploads\/2024\/12\/Midnightsun-Day-51.jpg","contentUrl":"https:\/\/www.velomobileworld.com\/wp-content\/uploads\/2024\/12\/Midnightsun-Day-51.jpg","width":1920,"height":850,"caption":"Midnightsun-Day-51"},{"@type":"BreadcrumbList","@id":"https:\/\/www.velomobileworld.com\/de\/auf-zur-mitternachtssonne-tag-51\/#breadcrumb","itemListElement":[{"@type":"ListItem","position":1,"name":"Home","item":"https:\/\/www.velomobileworld.com\/"},{"@type":"ListItem","position":2,"name":"Auf zur Mitternachtssonne (Tag 51)"}]},{"@type":"WebSite","@id":"https:\/\/www.velomobileworld.com\/nl\/#website","url":"https:\/\/www.velomobileworld.com\/nl\/","name":"Velomobile World","description":"","potentialAction":[{"@type":"SearchAction","target":{"@type":"EntryPoint","urlTemplate":"https:\/\/www.velomobileworld.com\/nl\/?s={search_term_string}"},"query-input":{"@type":"PropertyValueSpecification","valueRequired":true,"valueName":"search_term_string"}}],"inLanguage":"de"},{"@type":"Person","@id":"https:\/\/www.velomobileworld.com\/nl\/#\/schema\/person\/c0c7c661ad3c8719ed05a7dc85d6fa12","name":"Jan Wijnen","image":{"@type":"ImageObject","inLanguage":"de","@id":"https:\/\/secure.gravatar.com\/avatar\/4802c8a6006d5895d73a1141e39ccf819bca7ec1dbfb26a6f4370880cefa109a?s=96&d=mm&r=g","url":"https:\/\/secure.gravatar.com\/avatar\/4802c8a6006d5895d73a1141e39ccf819bca7ec1dbfb26a6f4370880cefa109a?s=96&d=mm&r=g","contentUrl":"https:\/\/secure.gravatar.com\/avatar\/4802c8a6006d5895d73a1141e39ccf819bca7ec1dbfb26a6f4370880cefa109a?s=96&d=mm&r=g","caption":"Jan Wijnen"},"url":"https:\/\/www.velomobileworld.com\/de\/author\/jan-admin\/"}]}},"_links":{"self":[{"href":"https:\/\/www.velomobileworld.com\/de\/wp-json\/wp\/v2\/posts\/7170","targetHints":{"allow":["GET"]}}],"collection":[{"href":"https:\/\/www.velomobileworld.com\/de\/wp-json\/wp\/v2\/posts"}],"about":[{"href":"https:\/\/www.velomobileworld.com\/de\/wp-json\/wp\/v2\/types\/post"}],"author":[{"embeddable":true,"href":"https:\/\/www.velomobileworld.com\/de\/wp-json\/wp\/v2\/users\/4"}],"replies":[{"embeddable":true,"href":"https:\/\/www.velomobileworld.com\/de\/wp-json\/wp\/v2\/comments?post=7170"}],"version-history":[{"count":2,"href":"https:\/\/www.velomobileworld.com\/de\/wp-json\/wp\/v2\/posts\/7170\/revisions"}],"predecessor-version":[{"id":100740,"href":"https:\/\/www.velomobileworld.com\/de\/wp-json\/wp\/v2\/posts\/7170\/revisions\/100740"}],"wp:featuredmedia":[{"embeddable":true,"href":"https:\/\/www.velomobileworld.com\/de\/wp-json\/wp\/v2\/media\/6446"}],"wp:attachment":[{"href":"https:\/\/www.velomobileworld.com\/de\/wp-json\/wp\/v2\/media?parent=7170"}],"wp:term":[{"taxonomy":"category","embeddable":true,"href":"https:\/\/www.velomobileworld.com\/de\/wp-json\/wp\/v2\/categories?post=7170"},{"taxonomy":"post_tag","embeddable":true,"href":"https:\/\/www.velomobileworld.com\/de\/wp-json\/wp\/v2\/tags?post=7170"}],"curies":[{"name":"wp","href":"https:\/\/api.w.org\/{rel}","templated":true}]}}