{"id":7172,"date":"2024-12-11T15:53:39","date_gmt":"2024-12-11T14:53:39","guid":{"rendered":"https:\/\/velomobileworld.convident.dev\/auf-zur-mitternachtssonne-tag-52\/"},"modified":"2025-07-25T12:11:09","modified_gmt":"2025-07-25T10:11:09","slug":"auf-zur-mitternachtssonne-tag-52","status":"publish","type":"post","link":"https:\/\/www.velomobileworld.com\/de\/auf-zur-mitternachtssonne-tag-52\/","title":{"rendered":"Auf zur Mitternachtssonne (Tag 52)"},"content":{"rendered":"<p style=\"text-align: left;\"><span style=\"color: #ff0000;\"><strong>Auf zur Mitternachtssonne. Eine Velomobil Reise mit Brigitte und Fritz.<\/strong><\/span><\/p>\n<p style=\"text-align: left;\"><strong>Deutschland &gt; D\u00e4nemark &gt; Norwegen &gt; Nordkap &gt; Finnland &gt; Deutschland<\/strong><\/p>\n<p style=\"text-align: left;\"><strong>&#8212;&#8212;&#8212;&#8212;&#8212;&#8212;&#8212;&#8212;&#8212;&#8212;&#8211;<\/strong><\/p>\n<p style=\"text-align: left;\">Entdecken Sie\u00a0<a href=\"https:\/\/www.velomobileworld.com\/de\/eine-velomobil-reise-auf-zur-mitternachtssonne-alle-tage\/\" target=\"_blank\" rel=\"noopener\">HIER<\/a>\u00a0alle Tage der Reise &#8222;Auf zur Mitternachtssonne&#8220;<\/p>\n<p style=\"text-align: left;\"><strong>&#8212;&#8212;&#8212;&#8212;&#8212;&#8212;&#8212;&#8212;&#8212;&#8212;&#8211;<\/strong><\/p>\n<p>&nbsp;<\/p>\n<p style=\"text-align: left;\"><strong>52.Tag | Tammela &#8211; Helsinki | 132 KM | 657 HM<\/strong><\/p>\n<p>&nbsp;<\/p>\n<p style=\"text-align: left;\">Die Schlussetappe in Finnland stand an. Der Wind war heute morgen wieder so stark, dass ich \u00fcber den Faserpelz noch die Softshelljacke beim Fr\u00fchst\u00fcck trug. Das gleiche wie gestern. Drei Schichten. Letzte Schicht w\u00e4re dann nur noch die Windjacke dr\u00fcber. Unterste Schicht ist ein Merinounterhemd.<br \/>\nOhne Bewegung friere ich relativ schnell. Der Kreislauf ist dann auf Sparflamme bei Puls um 60 oder drunter.<\/p>\n<p>&nbsp;<\/p>\n<p style=\"text-align: left;\">Zu Beginn fuhren wir zwischen zwei Seen und wieder viel auf und ab und Kurven. Sehr sch\u00f6n immer wieder ein Blick durch die B\u00e4ume auf den See.<\/p>\n<p>&nbsp;<\/p>\n<p style=\"text-align: left;\">Dann kam etwas, was auf die Stra\u00dfe hing. F\u00fcr LKWs? Etwas sp\u00e4ter die kleine Br\u00fccke. Alles klar &#8211; eine letzte Warnung als Durchfahrtsbeschr\u00e4nkung f\u00fcr LKWs.<\/p>\n<p>&nbsp;<\/p>\n<p style=\"text-align: left;\">Manchmal ist das Wetter schon herbstlich. Windig, k\u00fchl, sonnig und Pilze im Wald.<\/p>\n<p>&nbsp;<\/p>\n<p style=\"text-align: left;\">Dann kommt Helsinki n\u00e4her und die Stra\u00dfen werden wieder breiter.<\/p>\n<p>&nbsp;<\/p>\n<p style=\"text-align: left;\">Die Route von BRouter durch die Stadt zum Campingplatz war sehr geschmeidig. Wir rollten \u00fcber gro\u00dfe und kleinere Stra\u00dfen total easy durch.<\/p>\n<p>&nbsp;<\/p>\n<p style=\"text-align: left;\">Das St\u00fcck f\u00fchrte der Weg durch den Park vorbei an einer gehobenen Wohngegend.<\/p>\n<p>&nbsp;<\/p>\n<p style=\"text-align: left;\">Nach dem Essen machten wir noch ein Besuch am Strand. Direkt davor ist eine gro\u00dfe Vorbei an einer gehobenen Wohngegend.<\/p>\n<p>&nbsp;<\/p>\n<p style=\"text-align: left;\">Nach dem Essen machten wir noch ein Spaziergang zum Strand. Direkt davor ist eine gro\u00dfe Strandsauna.<\/p>\n<p style=\"text-align: left;\"><strong>&#8230;&#8230;&#8230;&#8230;&#8230;&#8230;&#8230;&#8230;&#8230;&#8230;&#8230;&#8230;&#8230;&#8230;&#8230;&#8230;&#8230;..<\/strong><\/p>\n<p><a href=\"https:\/\/www.velomobileworld.com\/de\/52-2-height-limit-for-trucks-2-2\/?utm_source=Article_Banner&#038;utm_medium=Article&#038;utm_campaign=Blog\"><img loading=\"lazy\" decoding=\"async\" class=\"ls-is-cached lazyloaded alignnone wp-image-51363\" src=\"https:\/\/www.velomobileworld.com\/wp-content\/uploads\/2024\/08\/1-discover-velomobiles.png\" alt=\"Discover the velomobiles\" width=\"450\" height=\"74\" data-src=\"https:\/\/www.velomobileworld.com\/wp-content\/uploads\/2024\/07\/1-configure-july2024.jpg\" \/><\/a><\/p>\n<p style=\"text-align: left;\"><strong>&#8230;&#8230;&#8230;&#8230;&#8230;&#8230;&#8230;&#8230;&#8230;&#8230;&#8230;&#8230;&#8230;&#8230;&#8230;&#8230;&#8230;..<\/strong><\/p>\n<p><a href=\"https:\/\/www.velomobileworld.com\/wp-content\/uploads\/2024\/08\/52-map-1-624x1024.jpeg\"><img loading=\"lazy\" decoding=\"async\" class=\"alignnone wp-image-54394\" src=\"https:\/\/www.velomobileworld.com\/wp-content\/uploads\/2024\/08\/52-map-1-624x1024.jpeg\" alt=\"\" width=\"450\" height=\"738\" \/><\/a><\/p>\n<p><a href=\"https:\/\/www.velomobileworld.com\/wp-content\/uploads\/2024\/08\/52-map-2-1014x1024.jpeg\"><img loading=\"lazy\" decoding=\"async\" class=\"alignnone wp-image-54399\" src=\"https:\/\/www.velomobileworld.com\/wp-content\/uploads\/2024\/08\/52-map-2-1014x1024.jpeg\" alt=\"\" width=\"450\" height=\"455\" \/><\/a><\/p>\n<p><a href=\"https:\/\/www.velomobileworld.com\/wp-content\/uploads\/2024\/08\/52-1-Low-bridge-1024x783.jpeg\"><img loading=\"lazy\" decoding=\"async\" class=\"alignnone wp-image-54404\" src=\"https:\/\/www.velomobileworld.com\/wp-content\/uploads\/2024\/08\/52-1-Low-bridge-1024x783.jpeg\" alt=\"\" width=\"450\" height=\"344\" \/><\/a><\/p>\n<p style=\"text-align: left;\"><img decoding=\"async\" class=\"emoji ls-is-cached lazyloaded\" role=\"img\" draggable=\"false\" src=\"https:\/\/s.w.org\/images\/core\/emoji\/13.1.0\/svg\/2b06.svg\" alt=\"\u2b06\ufe0f\" data-src=\"https:\/\/s.w.org\/images\/core\/emoji\/13.1.0\/svg\/2b06.svg\" \/> Low bridge \/ Niedrige Br\u00fccke \/ Pont bas<\/p>\n<p><a href=\"https:\/\/www.velomobileworld.com\/wp-content\/uploads\/2024\/08\/52-2-Height-limit-for-trucks-1024x694.jpeg\"><img loading=\"lazy\" decoding=\"async\" class=\"alignnone wp-image-54409\" src=\"https:\/\/www.velomobileworld.com\/wp-content\/uploads\/2024\/08\/52-2-Height-limit-for-trucks-1024x694.jpeg\" alt=\"\" width=\"450\" height=\"305\" \/><\/a><\/p>\n<p style=\"text-align: left;\"><img decoding=\"async\" class=\"emoji ls-is-cached lazyloaded\" role=\"img\" draggable=\"false\" src=\"https:\/\/s.w.org\/images\/core\/emoji\/13.1.0\/svg\/2b06.svg\" alt=\"\u2b06\ufe0f\" data-src=\"https:\/\/s.w.org\/images\/core\/emoji\/13.1.0\/svg\/2b06.svg\" \/> Height limit for trucks \/ H\u00f6henbegrenzung f\u00fcr Lkw \/ Limite de hauteur pour les camions<\/p>\n<p><a href=\"https:\/\/www.velomobileworld.com\/wp-content\/uploads\/2024\/08\/52-3-View-through-the-woods-on-the-lake-1024x768.jpeg\"><img loading=\"lazy\" decoding=\"async\" class=\"alignnone wp-image-54414\" src=\"https:\/\/www.velomobileworld.com\/wp-content\/uploads\/2024\/08\/52-3-View-through-the-woods-on-the-lake-1024x768.jpeg\" alt=\"\" width=\"450\" height=\"338\" \/><\/a><\/p>\n<p style=\"text-align: left;\"><img decoding=\"async\" class=\"emoji ls-is-cached lazyloaded\" role=\"img\" draggable=\"false\" src=\"https:\/\/s.w.org\/images\/core\/emoji\/13.1.0\/svg\/2b06.svg\" alt=\"\u2b06\ufe0f\" data-src=\"https:\/\/s.w.org\/images\/core\/emoji\/13.1.0\/svg\/2b06.svg\" \/> View through the woods on the lake \/ Blick durch den Wald auf den See \/ Vue sur le lac \u00e0 travers les bois<\/p>\n<p><a href=\"https:\/\/www.velomobileworld.com\/wp-content\/uploads\/2024\/08\/52-4-Golden-eagle-1024x792.jpeg\"><img loading=\"lazy\" decoding=\"async\" class=\"alignnone wp-image-54419\" src=\"https:\/\/www.velomobileworld.com\/wp-content\/uploads\/2024\/08\/52-4-Golden-eagle-1024x792.jpeg\" alt=\"\" width=\"450\" height=\"348\" \/><\/a><\/p>\n<p style=\"text-align: left;\"><img decoding=\"async\" class=\"emoji ls-is-cached lazyloaded\" role=\"img\" draggable=\"false\" src=\"https:\/\/s.w.org\/images\/core\/emoji\/13.1.0\/svg\/2b06.svg\" alt=\"\u2b06\ufe0f\" data-src=\"https:\/\/s.w.org\/images\/core\/emoji\/13.1.0\/svg\/2b06.svg\" \/> Golden eagle \/ Steinadler \/ Aigle royal<\/p>\n<p><a href=\"https:\/\/www.velomobileworld.com\/wp-content\/uploads\/2024\/08\/52-5-Hm-1024x827.jpeg\"><img loading=\"lazy\" decoding=\"async\" class=\"alignnone wp-image-54424\" src=\"https:\/\/www.velomobileworld.com\/wp-content\/uploads\/2024\/08\/52-5-Hm-1024x827.jpeg\" alt=\"\" width=\"450\" height=\"363\" \/><\/a><a href=\"https:\/\/www.velomobileworld.com\/wp-content\/uploads\/2024\/08\/52-6-Skateboard-square-in-construction-1024x721.jpeg\"><img loading=\"lazy\" decoding=\"async\" class=\"alignnone wp-image-54429\" src=\"https:\/\/www.velomobileworld.com\/wp-content\/uploads\/2024\/08\/52-6-Skateboard-square-in-construction-1024x721.jpeg\" alt=\"\" width=\"450\" height=\"317\" \/><\/a><\/p>\n<p style=\"text-align: left;\"><img decoding=\"async\" class=\"emoji ls-is-cached lazyloaded\" role=\"img\" draggable=\"false\" src=\"https:\/\/s.w.org\/images\/core\/emoji\/13.1.0\/svg\/2b06.svg\" alt=\"\u2b06\ufe0f\" data-src=\"https:\/\/s.w.org\/images\/core\/emoji\/13.1.0\/svg\/2b06.svg\" \/> Skateboard square in construction \/ Skateboard-Platz im Bau \/ Place de skateboard en construction<\/p>\n<p><a href=\"https:\/\/www.velomobileworld.com\/wp-content\/uploads\/2024\/08\/52-7-Large-field-with-phacelia-1024x768.jpeg\"><img loading=\"lazy\" decoding=\"async\" class=\"alignnone wp-image-54434\" src=\"https:\/\/www.velomobileworld.com\/wp-content\/uploads\/2024\/08\/52-7-Large-field-with-phacelia-1024x768.jpeg\" alt=\"\" width=\"450\" height=\"338\" \/><\/a><\/p>\n<p style=\"text-align: left;\"><img decoding=\"async\" class=\"emoji ls-is-cached lazyloaded\" role=\"img\" draggable=\"false\" src=\"https:\/\/s.w.org\/images\/core\/emoji\/13.1.0\/svg\/2b06.svg\" alt=\"\u2b06\ufe0f\" data-src=\"https:\/\/s.w.org\/images\/core\/emoji\/13.1.0\/svg\/2b06.svg\" \/> Large field with phacelia \/ Gro\u00dfes Feld mit Phacelia \/ Grand champ avec phac\u00e9lie<\/p>\n<p><a href=\"https:\/\/www.velomobileworld.com\/wp-content\/uploads\/2024\/08\/52-8-She-looks-for-the-big-sandpit-1024x729.jpeg\"><img loading=\"lazy\" decoding=\"async\" class=\"alignnone wp-image-54439\" src=\"https:\/\/www.velomobileworld.com\/wp-content\/uploads\/2024\/08\/52-8-She-looks-for-the-big-sandpit-1024x729.jpeg\" alt=\"\" width=\"450\" height=\"320\" \/><\/a><\/p>\n<p style=\"text-align: left;\"><img decoding=\"async\" class=\"emoji ls-is-cached lazyloaded\" role=\"img\" draggable=\"false\" src=\"https:\/\/s.w.org\/images\/core\/emoji\/13.1.0\/svg\/2b06.svg\" alt=\"\u2b06\ufe0f\" data-src=\"https:\/\/s.w.org\/images\/core\/emoji\/13.1.0\/svg\/2b06.svg\" \/> She looks for the big sandpit \/ Sie sucht den gro\u00dfen Sandkasten \/ Elle cherche le grand bac \u00e0 sable<\/p>\n<p><a href=\"https:\/\/www.velomobileworld.com\/wp-content\/uploads\/2024\/08\/52-9-Shelter-for-the-milk-cans-1024x759.jpeg\"><img loading=\"lazy\" decoding=\"async\" class=\"alignnone wp-image-54444\" src=\"https:\/\/www.velomobileworld.com\/wp-content\/uploads\/2024\/08\/52-9-Shelter-for-the-milk-cans-1024x759.jpeg\" alt=\"\" width=\"450\" height=\"334\" \/><\/a><\/p>\n<p style=\"text-align: left;\"><img decoding=\"async\" class=\"emoji ls-is-cached lazyloaded\" role=\"img\" draggable=\"false\" src=\"https:\/\/s.w.org\/images\/core\/emoji\/13.1.0\/svg\/2b06.svg\" alt=\"\u2b06\ufe0f\" data-src=\"https:\/\/s.w.org\/images\/core\/emoji\/13.1.0\/svg\/2b06.svg\" \/> Shelter for the milk cans \/ Unterschlupf f\u00fcr die Milchkannen \/ Abri pour les bidons de lait<\/p>\n<p><a href=\"https:\/\/www.velomobileworld.com\/wp-content\/uploads\/2024\/08\/52-10-Hilly-1024x804.jpeg\"><img loading=\"lazy\" decoding=\"async\" class=\"alignnone wp-image-54449\" src=\"https:\/\/www.velomobileworld.com\/wp-content\/uploads\/2024\/08\/52-10-Hilly-1024x804.jpeg\" alt=\"\" width=\"450\" height=\"353\" \/><\/a><\/p>\n<p style=\"text-align: left;\"><img decoding=\"async\" class=\"emoji ls-is-cached lazyloaded\" role=\"img\" draggable=\"false\" src=\"https:\/\/s.w.org\/images\/core\/emoji\/13.1.0\/svg\/2b06.svg\" alt=\"\u2b06\ufe0f\" data-src=\"https:\/\/s.w.org\/images\/core\/emoji\/13.1.0\/svg\/2b06.svg\" \/> Hilly \/ H\u00fcgelig \/ Collines<\/p>\n<p><a href=\"https:\/\/www.velomobileworld.com\/wp-content\/uploads\/2024\/08\/52-11-1024x768.jpeg\"><img loading=\"lazy\" decoding=\"async\" class=\"alignnone wp-image-54454\" src=\"https:\/\/www.velomobileworld.com\/wp-content\/uploads\/2024\/08\/52-11-1024x768.jpeg\" alt=\"\" width=\"450\" height=\"338\" \/><\/a><a href=\"https:\/\/www.velomobileworld.com\/wp-content\/uploads\/2024\/08\/52-12-1024x768.jpeg\"><img loading=\"lazy\" decoding=\"async\" class=\"alignnone wp-image-54459\" src=\"https:\/\/www.velomobileworld.com\/wp-content\/uploads\/2024\/08\/52-12-1024x768.jpeg\" alt=\"\" width=\"450\" height=\"338\" \/><\/a><a href=\"https:\/\/www.velomobileworld.com\/wp-content\/uploads\/2024\/08\/52-13-Porcini-mushroom-1024x768.jpeg\"><img loading=\"lazy\" decoding=\"async\" class=\"alignnone wp-image-54464\" src=\"https:\/\/www.velomobileworld.com\/wp-content\/uploads\/2024\/08\/52-13-Porcini-mushroom-1024x768.jpeg\" alt=\"\" width=\"450\" height=\"338\" \/><\/a><\/p>\n<p style=\"text-align: left;\"><img decoding=\"async\" class=\"emoji ls-is-cached lazyloaded\" role=\"img\" draggable=\"false\" src=\"https:\/\/s.w.org\/images\/core\/emoji\/13.1.0\/svg\/2b06.svg\" alt=\"\u2b06\ufe0f\" data-src=\"https:\/\/s.w.org\/images\/core\/emoji\/13.1.0\/svg\/2b06.svg\" \/> Porcini mushroom \/ Steinpilz \/ Champignon de Paris<\/p>\n<p><a href=\"https:\/\/www.velomobileworld.com\/wp-content\/uploads\/2024\/08\/52-14-Take-we-the-green-or-the-blue-one-question-mark-1024x768.jpg\"><img loading=\"lazy\" decoding=\"async\" class=\"alignnone wp-image-54469\" src=\"https:\/\/www.velomobileworld.com\/wp-content\/uploads\/2024\/08\/52-14-Take-we-the-green-or-the-blue-one-question-mark-1024x768.jpg\" alt=\"\" width=\"450\" height=\"338\" \/><\/a><\/p>\n<p style=\"text-align: left;\"><img decoding=\"async\" class=\"emoji ls-is-cached lazyloaded\" role=\"img\" draggable=\"false\" src=\"https:\/\/s.w.org\/images\/core\/emoji\/13.1.0\/svg\/2b06.svg\" alt=\"\u2b06\ufe0f\" data-src=\"https:\/\/s.w.org\/images\/core\/emoji\/13.1.0\/svg\/2b06.svg\" \/> We take the green or the blue one? \/ Nehmen wir die gr\u00fcne oder die blaue? \/ On prend le vert ou le bleu ?<\/p>\n<p><a href=\"https:\/\/www.velomobileworld.com\/wp-content\/uploads\/2024\/08\/52-15-1024x768.jpeg\"><img loading=\"lazy\" decoding=\"async\" class=\"alignnone wp-image-54474\" src=\"https:\/\/www.velomobileworld.com\/wp-content\/uploads\/2024\/08\/52-15-1024x768.jpeg\" alt=\"\" width=\"450\" height=\"338\" \/><\/a><a href=\"https:\/\/www.velomobileworld.com\/wp-content\/uploads\/2024\/08\/52-16-At-the-border-of-Helsinki-1024x768.jpeg\"><img loading=\"lazy\" decoding=\"async\" class=\"alignnone wp-image-54479\" src=\"https:\/\/www.velomobileworld.com\/wp-content\/uploads\/2024\/08\/52-16-At-the-border-of-Helsinki-1024x768.jpeg\" alt=\"\" width=\"450\" height=\"338\" \/><\/a><\/p>\n<p style=\"text-align: left;\"><img decoding=\"async\" class=\"emoji ls-is-cached lazyloaded\" role=\"img\" draggable=\"false\" src=\"https:\/\/s.w.org\/images\/core\/emoji\/13.1.0\/svg\/2b06.svg\" alt=\"\u2b06\ufe0f\" data-src=\"https:\/\/s.w.org\/images\/core\/emoji\/13.1.0\/svg\/2b06.svg\" \/> At the border of Helsinki \/ An der Grenze zu Helsinki \/ A la fronti\u00e8re d&#8217;Helsinki<\/p>\n<p><a href=\"https:\/\/www.velomobileworld.com\/wp-content\/uploads\/2024\/08\/52-17-1024x768.jpeg\"><img loading=\"lazy\" decoding=\"async\" class=\"alignnone wp-image-54484\" src=\"https:\/\/www.velomobileworld.com\/wp-content\/uploads\/2024\/08\/52-17-1024x768.jpeg\" alt=\"\" width=\"450\" height=\"338\" \/><\/a><a href=\"https:\/\/www.velomobileworld.com\/wp-content\/uploads\/2024\/08\/52-18-Route-through-the-parc-1024x768.jpeg\"><img loading=\"lazy\" decoding=\"async\" class=\"alignnone wp-image-54489\" src=\"https:\/\/www.velomobileworld.com\/wp-content\/uploads\/2024\/08\/52-18-Route-through-the-parc-1024x768.jpeg\" alt=\"\" width=\"450\" height=\"338\" \/><\/a><\/p>\n<p style=\"text-align: left;\"><img decoding=\"async\" class=\"emoji ls-is-cached lazyloaded\" role=\"img\" draggable=\"false\" src=\"https:\/\/s.w.org\/images\/core\/emoji\/13.1.0\/svg\/2b06.svg\" alt=\"\u2b06\ufe0f\" data-src=\"https:\/\/s.w.org\/images\/core\/emoji\/13.1.0\/svg\/2b06.svg\" \/> Route through the park \/ Route durch den Park \/ Itin\u00e9raire \u00e0 travers le parc<\/p>\n<p><a href=\"https:\/\/www.velomobileworld.com\/wp-content\/uploads\/2024\/08\/52-19-Fine-quarter-of-Helsinki-1024x768.jpeg\"><img loading=\"lazy\" decoding=\"async\" class=\"alignnone wp-image-54494\" src=\"https:\/\/www.velomobileworld.com\/wp-content\/uploads\/2024\/08\/52-19-Fine-quarter-of-Helsinki-1024x768.jpeg\" alt=\"\" width=\"450\" height=\"338\" \/><\/a><\/p>\n<p style=\"text-align: left;\"><img decoding=\"async\" class=\"emoji ls-is-cached lazyloaded\" role=\"img\" draggable=\"false\" src=\"https:\/\/s.w.org\/images\/core\/emoji\/13.1.0\/svg\/2b06.svg\" alt=\"\u2b06\ufe0f\" data-src=\"https:\/\/s.w.org\/images\/core\/emoji\/13.1.0\/svg\/2b06.svg\" \/> Fine quarter of Helsinki \/ Das sch\u00f6ne Viertel von Helsinki \/ Beaux quartiers d&#8217;Helsinki<\/p>\n<p><a href=\"https:\/\/www.velomobileworld.com\/wp-content\/uploads\/2024\/08\/52-20-1024x752.jpeg\"><img loading=\"lazy\" decoding=\"async\" class=\"alignnone wp-image-54499\" src=\"https:\/\/www.velomobileworld.com\/wp-content\/uploads\/2024\/08\/52-20-1024x752.jpeg\" alt=\"\" width=\"450\" height=\"330\" \/><\/a><a href=\"https:\/\/www.velomobileworld.com\/wp-content\/uploads\/2024\/08\/52-21-Evening-at-the-beach-of-Helsinki-1024x768.jpeg\"><img loading=\"lazy\" decoding=\"async\" class=\"alignnone wp-image-54504\" src=\"https:\/\/www.velomobileworld.com\/wp-content\/uploads\/2024\/08\/52-21-Evening-at-the-beach-of-Helsinki-1024x768.jpeg\" alt=\"\" width=\"450\" height=\"338\" \/><\/a><\/p>\n<p style=\"text-align: left;\"><img decoding=\"async\" class=\"emoji ls-is-cached lazyloaded\" role=\"img\" draggable=\"false\" src=\"https:\/\/s.w.org\/images\/core\/emoji\/13.1.0\/svg\/2b06.svg\" alt=\"\u2b06\ufe0f\" data-src=\"https:\/\/s.w.org\/images\/core\/emoji\/13.1.0\/svg\/2b06.svg\" \/> Evening at the beach of Helsinki \/ Abend am Strand von Helsinki \/ Soir\u00e9e \u00e0 la plage d&#8217;Helsinki<\/p>\n<p style=\"text-align: left;\"><strong>&#8230;&#8230;&#8230;&#8230;&#8230;&#8230;&#8230;&#8230;&#8230;&#8230;&#8230;&#8230;&#8230;&#8230;&#8230;&#8230;&#8230;&#8230;<\/strong><\/p>\n<p style=\"text-align: left;\"><a href=\"https:\/\/www.velomobileworld.com\/de\/velomobil-ausfluege-35-tage-mit-brigitte-und-fritz\/\" target=\"_blank\" rel=\"noopener\">2022 VELOMOBILE ROAD TRIP: 35 DAYS WITH BRIGITTE AND FRITZ (EN\/DE\/FR)<\/a><\/p>\n","protected":false},"excerpt":{"rendered":"<p>Auf zur Mitternachtssonne. Eine Velomobil Reise mit Brigitte und Fritz. Deutschland &gt; D\u00e4nemark &gt; Norwegen &gt; Nordkap &gt; Finnland &gt; [&hellip;]<\/p>\n","protected":false},"author":4,"featured_media":6535,"comment_status":"open","ping_status":"closed","sticky":false,"template":"","format":"standard","meta":{"_acf_changed":false,"footnotes":""},"categories":[690],"tags":[],"class_list":["post-7172","post","type-post","status-publish","format-standard","has-post-thumbnail","hentry","category-unkategorisiert"],"acf":[],"yoast_head":"<!-- This site is optimized with the Yoast SEO plugin v27.5 - https:\/\/yoast.com\/product\/yoast-seo-wordpress\/ -->\n<title>Auf zur Mitternachtssonne (Tag 52) | Velomobile World<\/title>\n<meta name=\"description\" content=\"Auf zur Mitternachtssonne (Tag 52). Eine weitere Reise mit Brigitte und Fritz. Entdecken Sie ihre Abenteuer. Details im Artikel.\" \/>\n<meta name=\"robots\" content=\"index, follow, max-snippet:-1, max-image-preview:large, max-video-preview:-1\" \/>\n<link rel=\"canonical\" href=\"https:\/\/www.velomobileworld.com\/de\/auf-zur-mitternachtssonne-tag-52\/\" \/>\n<meta property=\"og:locale\" content=\"de_DE\" \/>\n<meta property=\"og:type\" content=\"article\" \/>\n<meta property=\"og:title\" content=\"Auf zur Mitternachtssonne (Tag 52) | Velomobile World\" \/>\n<meta property=\"og:description\" content=\"Auf zur Mitternachtssonne (Tag 52). Eine weitere Reise mit Brigitte und Fritz. Entdecken Sie ihre Abenteuer. Details im Artikel.\" \/>\n<meta property=\"og:url\" content=\"https:\/\/www.velomobileworld.com\/de\/auf-zur-mitternachtssonne-tag-52\/\" \/>\n<meta property=\"og:site_name\" content=\"Velomobile World\" \/>\n<meta property=\"article:published_time\" content=\"2024-12-11T14:53:39+00:00\" \/>\n<meta property=\"article:modified_time\" content=\"2025-07-25T10:11:09+00:00\" \/>\n<meta property=\"og:image\" content=\"https:\/\/www.velomobileworld.com\/wp-content\/uploads\/2024\/12\/Midnightsun-Day-52.jpg\" \/>\n\t<meta property=\"og:image:width\" content=\"1920\" \/>\n\t<meta property=\"og:image:height\" content=\"850\" \/>\n\t<meta property=\"og:image:type\" content=\"image\/jpeg\" \/>\n<meta name=\"author\" content=\"Jan Wijnen\" \/>\n<meta name=\"twitter:card\" content=\"summary_large_image\" \/>\n<meta name=\"twitter:label1\" content=\"Verfasst von\" \/>\n\t<meta name=\"twitter:data1\" content=\"Jan Wijnen\" \/>\n\t<meta name=\"twitter:label2\" content=\"Gesch\u00e4tzte Lesezeit\" \/>\n\t<meta name=\"twitter:data2\" content=\"2\u00a0Minuten\" \/>\n<script type=\"application\/ld+json\" class=\"yoast-schema-graph\">{\"@context\":\"https:\\\/\\\/schema.org\",\"@graph\":[{\"@type\":\"Article\",\"@id\":\"https:\\\/\\\/www.velomobileworld.com\\\/de\\\/auf-zur-mitternachtssonne-tag-52\\\/#article\",\"isPartOf\":{\"@id\":\"https:\\\/\\\/www.velomobileworld.com\\\/de\\\/auf-zur-mitternachtssonne-tag-52\\\/\"},\"author\":{\"name\":\"Jan Wijnen\",\"@id\":\"https:\\\/\\\/www.velomobileworld.com\\\/nl\\\/#\\\/schema\\\/person\\\/c0c7c661ad3c8719ed05a7dc85d6fa12\"},\"headline\":\"Auf zur Mitternachtssonne (Tag 52)\",\"datePublished\":\"2024-12-11T14:53:39+00:00\",\"dateModified\":\"2025-07-25T10:11:09+00:00\",\"mainEntityOfPage\":{\"@id\":\"https:\\\/\\\/www.velomobileworld.com\\\/de\\\/auf-zur-mitternachtssonne-tag-52\\\/\"},\"wordCount\":495,\"commentCount\":0,\"image\":{\"@id\":\"https:\\\/\\\/www.velomobileworld.com\\\/de\\\/auf-zur-mitternachtssonne-tag-52\\\/#primaryimage\"},\"thumbnailUrl\":\"https:\\\/\\\/www.velomobileworld.com\\\/wp-content\\\/uploads\\\/2024\\\/12\\\/Midnightsun-Day-52.jpg\",\"articleSection\":[\"Unkategorisiert\"],\"inLanguage\":\"de\",\"potentialAction\":[{\"@type\":\"CommentAction\",\"name\":\"Comment\",\"target\":[\"https:\\\/\\\/www.velomobileworld.com\\\/de\\\/auf-zur-mitternachtssonne-tag-52\\\/#respond\"]}]},{\"@type\":\"WebPage\",\"@id\":\"https:\\\/\\\/www.velomobileworld.com\\\/de\\\/auf-zur-mitternachtssonne-tag-52\\\/\",\"url\":\"https:\\\/\\\/www.velomobileworld.com\\\/de\\\/auf-zur-mitternachtssonne-tag-52\\\/\",\"name\":\"Auf zur Mitternachtssonne (Tag 52) | Velomobile World\",\"isPartOf\":{\"@id\":\"https:\\\/\\\/www.velomobileworld.com\\\/nl\\\/#website\"},\"primaryImageOfPage\":{\"@id\":\"https:\\\/\\\/www.velomobileworld.com\\\/de\\\/auf-zur-mitternachtssonne-tag-52\\\/#primaryimage\"},\"image\":{\"@id\":\"https:\\\/\\\/www.velomobileworld.com\\\/de\\\/auf-zur-mitternachtssonne-tag-52\\\/#primaryimage\"},\"thumbnailUrl\":\"https:\\\/\\\/www.velomobileworld.com\\\/wp-content\\\/uploads\\\/2024\\\/12\\\/Midnightsun-Day-52.jpg\",\"datePublished\":\"2024-12-11T14:53:39+00:00\",\"dateModified\":\"2025-07-25T10:11:09+00:00\",\"author\":{\"@id\":\"https:\\\/\\\/www.velomobileworld.com\\\/nl\\\/#\\\/schema\\\/person\\\/c0c7c661ad3c8719ed05a7dc85d6fa12\"},\"description\":\"Auf zur Mitternachtssonne (Tag 52). Eine weitere Reise mit Brigitte und Fritz. Entdecken Sie ihre Abenteuer. Details im Artikel.\",\"breadcrumb\":{\"@id\":\"https:\\\/\\\/www.velomobileworld.com\\\/de\\\/auf-zur-mitternachtssonne-tag-52\\\/#breadcrumb\"},\"inLanguage\":\"de\",\"potentialAction\":[{\"@type\":\"ReadAction\",\"target\":[\"https:\\\/\\\/www.velomobileworld.com\\\/de\\\/auf-zur-mitternachtssonne-tag-52\\\/\"]}]},{\"@type\":\"ImageObject\",\"inLanguage\":\"de\",\"@id\":\"https:\\\/\\\/www.velomobileworld.com\\\/de\\\/auf-zur-mitternachtssonne-tag-52\\\/#primaryimage\",\"url\":\"https:\\\/\\\/www.velomobileworld.com\\\/wp-content\\\/uploads\\\/2024\\\/12\\\/Midnightsun-Day-52.jpg\",\"contentUrl\":\"https:\\\/\\\/www.velomobileworld.com\\\/wp-content\\\/uploads\\\/2024\\\/12\\\/Midnightsun-Day-52.jpg\",\"width\":1920,\"height\":850,\"caption\":\"Midnightsun-Day-52\"},{\"@type\":\"BreadcrumbList\",\"@id\":\"https:\\\/\\\/www.velomobileworld.com\\\/de\\\/auf-zur-mitternachtssonne-tag-52\\\/#breadcrumb\",\"itemListElement\":[{\"@type\":\"ListItem\",\"position\":1,\"name\":\"Home\",\"item\":\"https:\\\/\\\/www.velomobileworld.com\\\/\"},{\"@type\":\"ListItem\",\"position\":2,\"name\":\"Auf zur Mitternachtssonne (Tag 52)\"}]},{\"@type\":\"WebSite\",\"@id\":\"https:\\\/\\\/www.velomobileworld.com\\\/nl\\\/#website\",\"url\":\"https:\\\/\\\/www.velomobileworld.com\\\/nl\\\/\",\"name\":\"Velomobile World\",\"description\":\"\",\"potentialAction\":[{\"@type\":\"SearchAction\",\"target\":{\"@type\":\"EntryPoint\",\"urlTemplate\":\"https:\\\/\\\/www.velomobileworld.com\\\/nl\\\/?s={search_term_string}\"},\"query-input\":{\"@type\":\"PropertyValueSpecification\",\"valueRequired\":true,\"valueName\":\"search_term_string\"}}],\"inLanguage\":\"de\"},{\"@type\":\"Person\",\"@id\":\"https:\\\/\\\/www.velomobileworld.com\\\/nl\\\/#\\\/schema\\\/person\\\/c0c7c661ad3c8719ed05a7dc85d6fa12\",\"name\":\"Jan Wijnen\",\"image\":{\"@type\":\"ImageObject\",\"inLanguage\":\"de\",\"@id\":\"https:\\\/\\\/secure.gravatar.com\\\/avatar\\\/4802c8a6006d5895d73a1141e39ccf819bca7ec1dbfb26a6f4370880cefa109a?s=96&d=mm&r=g\",\"url\":\"https:\\\/\\\/secure.gravatar.com\\\/avatar\\\/4802c8a6006d5895d73a1141e39ccf819bca7ec1dbfb26a6f4370880cefa109a?s=96&d=mm&r=g\",\"contentUrl\":\"https:\\\/\\\/secure.gravatar.com\\\/avatar\\\/4802c8a6006d5895d73a1141e39ccf819bca7ec1dbfb26a6f4370880cefa109a?s=96&d=mm&r=g\",\"caption\":\"Jan Wijnen\"},\"url\":\"https:\\\/\\\/www.velomobileworld.com\\\/de\\\/author\\\/jan-admin\\\/\"}]}<\/script>\n<!-- \/ Yoast SEO plugin. -->","yoast_head_json":{"title":"Auf zur Mitternachtssonne (Tag 52) | Velomobile World","description":"Auf zur Mitternachtssonne (Tag 52). Eine weitere Reise mit Brigitte und Fritz. Entdecken Sie ihre Abenteuer. Details im Artikel.","robots":{"index":"index","follow":"follow","max-snippet":"max-snippet:-1","max-image-preview":"max-image-preview:large","max-video-preview":"max-video-preview:-1"},"canonical":"https:\/\/www.velomobileworld.com\/de\/auf-zur-mitternachtssonne-tag-52\/","og_locale":"de_DE","og_type":"article","og_title":"Auf zur Mitternachtssonne (Tag 52) | Velomobile World","og_description":"Auf zur Mitternachtssonne (Tag 52). Eine weitere Reise mit Brigitte und Fritz. Entdecken Sie ihre Abenteuer. Details im Artikel.","og_url":"https:\/\/www.velomobileworld.com\/de\/auf-zur-mitternachtssonne-tag-52\/","og_site_name":"Velomobile World","article_published_time":"2024-12-11T14:53:39+00:00","article_modified_time":"2025-07-25T10:11:09+00:00","og_image":[{"width":1920,"height":850,"url":"https:\/\/www.velomobileworld.com\/wp-content\/uploads\/2024\/12\/Midnightsun-Day-52.jpg","type":"image\/jpeg"}],"author":"Jan Wijnen","twitter_card":"summary_large_image","twitter_misc":{"Verfasst von":"Jan Wijnen","Gesch\u00e4tzte Lesezeit":"2\u00a0Minuten"},"schema":{"@context":"https:\/\/schema.org","@graph":[{"@type":"Article","@id":"https:\/\/www.velomobileworld.com\/de\/auf-zur-mitternachtssonne-tag-52\/#article","isPartOf":{"@id":"https:\/\/www.velomobileworld.com\/de\/auf-zur-mitternachtssonne-tag-52\/"},"author":{"name":"Jan Wijnen","@id":"https:\/\/www.velomobileworld.com\/nl\/#\/schema\/person\/c0c7c661ad3c8719ed05a7dc85d6fa12"},"headline":"Auf zur Mitternachtssonne (Tag 52)","datePublished":"2024-12-11T14:53:39+00:00","dateModified":"2025-07-25T10:11:09+00:00","mainEntityOfPage":{"@id":"https:\/\/www.velomobileworld.com\/de\/auf-zur-mitternachtssonne-tag-52\/"},"wordCount":495,"commentCount":0,"image":{"@id":"https:\/\/www.velomobileworld.com\/de\/auf-zur-mitternachtssonne-tag-52\/#primaryimage"},"thumbnailUrl":"https:\/\/www.velomobileworld.com\/wp-content\/uploads\/2024\/12\/Midnightsun-Day-52.jpg","articleSection":["Unkategorisiert"],"inLanguage":"de","potentialAction":[{"@type":"CommentAction","name":"Comment","target":["https:\/\/www.velomobileworld.com\/de\/auf-zur-mitternachtssonne-tag-52\/#respond"]}]},{"@type":"WebPage","@id":"https:\/\/www.velomobileworld.com\/de\/auf-zur-mitternachtssonne-tag-52\/","url":"https:\/\/www.velomobileworld.com\/de\/auf-zur-mitternachtssonne-tag-52\/","name":"Auf zur Mitternachtssonne (Tag 52) | Velomobile World","isPartOf":{"@id":"https:\/\/www.velomobileworld.com\/nl\/#website"},"primaryImageOfPage":{"@id":"https:\/\/www.velomobileworld.com\/de\/auf-zur-mitternachtssonne-tag-52\/#primaryimage"},"image":{"@id":"https:\/\/www.velomobileworld.com\/de\/auf-zur-mitternachtssonne-tag-52\/#primaryimage"},"thumbnailUrl":"https:\/\/www.velomobileworld.com\/wp-content\/uploads\/2024\/12\/Midnightsun-Day-52.jpg","datePublished":"2024-12-11T14:53:39+00:00","dateModified":"2025-07-25T10:11:09+00:00","author":{"@id":"https:\/\/www.velomobileworld.com\/nl\/#\/schema\/person\/c0c7c661ad3c8719ed05a7dc85d6fa12"},"description":"Auf zur Mitternachtssonne (Tag 52). Eine weitere Reise mit Brigitte und Fritz. Entdecken Sie ihre Abenteuer. Details im Artikel.","breadcrumb":{"@id":"https:\/\/www.velomobileworld.com\/de\/auf-zur-mitternachtssonne-tag-52\/#breadcrumb"},"inLanguage":"de","potentialAction":[{"@type":"ReadAction","target":["https:\/\/www.velomobileworld.com\/de\/auf-zur-mitternachtssonne-tag-52\/"]}]},{"@type":"ImageObject","inLanguage":"de","@id":"https:\/\/www.velomobileworld.com\/de\/auf-zur-mitternachtssonne-tag-52\/#primaryimage","url":"https:\/\/www.velomobileworld.com\/wp-content\/uploads\/2024\/12\/Midnightsun-Day-52.jpg","contentUrl":"https:\/\/www.velomobileworld.com\/wp-content\/uploads\/2024\/12\/Midnightsun-Day-52.jpg","width":1920,"height":850,"caption":"Midnightsun-Day-52"},{"@type":"BreadcrumbList","@id":"https:\/\/www.velomobileworld.com\/de\/auf-zur-mitternachtssonne-tag-52\/#breadcrumb","itemListElement":[{"@type":"ListItem","position":1,"name":"Home","item":"https:\/\/www.velomobileworld.com\/"},{"@type":"ListItem","position":2,"name":"Auf zur Mitternachtssonne (Tag 52)"}]},{"@type":"WebSite","@id":"https:\/\/www.velomobileworld.com\/nl\/#website","url":"https:\/\/www.velomobileworld.com\/nl\/","name":"Velomobile World","description":"","potentialAction":[{"@type":"SearchAction","target":{"@type":"EntryPoint","urlTemplate":"https:\/\/www.velomobileworld.com\/nl\/?s={search_term_string}"},"query-input":{"@type":"PropertyValueSpecification","valueRequired":true,"valueName":"search_term_string"}}],"inLanguage":"de"},{"@type":"Person","@id":"https:\/\/www.velomobileworld.com\/nl\/#\/schema\/person\/c0c7c661ad3c8719ed05a7dc85d6fa12","name":"Jan Wijnen","image":{"@type":"ImageObject","inLanguage":"de","@id":"https:\/\/secure.gravatar.com\/avatar\/4802c8a6006d5895d73a1141e39ccf819bca7ec1dbfb26a6f4370880cefa109a?s=96&d=mm&r=g","url":"https:\/\/secure.gravatar.com\/avatar\/4802c8a6006d5895d73a1141e39ccf819bca7ec1dbfb26a6f4370880cefa109a?s=96&d=mm&r=g","contentUrl":"https:\/\/secure.gravatar.com\/avatar\/4802c8a6006d5895d73a1141e39ccf819bca7ec1dbfb26a6f4370880cefa109a?s=96&d=mm&r=g","caption":"Jan Wijnen"},"url":"https:\/\/www.velomobileworld.com\/de\/author\/jan-admin\/"}]}},"_links":{"self":[{"href":"https:\/\/www.velomobileworld.com\/de\/wp-json\/wp\/v2\/posts\/7172","targetHints":{"allow":["GET"]}}],"collection":[{"href":"https:\/\/www.velomobileworld.com\/de\/wp-json\/wp\/v2\/posts"}],"about":[{"href":"https:\/\/www.velomobileworld.com\/de\/wp-json\/wp\/v2\/types\/post"}],"author":[{"embeddable":true,"href":"https:\/\/www.velomobileworld.com\/de\/wp-json\/wp\/v2\/users\/4"}],"replies":[{"embeddable":true,"href":"https:\/\/www.velomobileworld.com\/de\/wp-json\/wp\/v2\/comments?post=7172"}],"version-history":[{"count":2,"href":"https:\/\/www.velomobileworld.com\/de\/wp-json\/wp\/v2\/posts\/7172\/revisions"}],"predecessor-version":[{"id":100727,"href":"https:\/\/www.velomobileworld.com\/de\/wp-json\/wp\/v2\/posts\/7172\/revisions\/100727"}],"wp:featuredmedia":[{"embeddable":true,"href":"https:\/\/www.velomobileworld.com\/de\/wp-json\/wp\/v2\/media\/6535"}],"wp:attachment":[{"href":"https:\/\/www.velomobileworld.com\/de\/wp-json\/wp\/v2\/media?parent=7172"}],"wp:term":[{"taxonomy":"category","embeddable":true,"href":"https:\/\/www.velomobileworld.com\/de\/wp-json\/wp\/v2\/categories?post=7172"},{"taxonomy":"post_tag","embeddable":true,"href":"https:\/\/www.velomobileworld.com\/de\/wp-json\/wp\/v2\/tags?post=7172"}],"curies":[{"name":"wp","href":"https:\/\/api.w.org\/{rel}","templated":true}]}}