{"id":7183,"date":"2024-12-13T14:01:14","date_gmt":"2024-12-13T13:01:14","guid":{"rendered":"https:\/\/velomobileworld.convident.dev\/das-ultimative-allwetter-frachtfahrrad\/"},"modified":"2025-07-25T12:11:08","modified_gmt":"2025-07-25T10:11:08","slug":"das-ultimative-allwetter-frachtfahrrad","status":"publish","type":"post","link":"https:\/\/www.velomobileworld.com\/de\/das-ultimative-allwetter-frachtfahrrad\/","title":{"rendered":"Das ultimative Allwetter-Frachtfahrrad"},"content":{"rendered":"<p><iframe loading=\"lazy\" title=\"YouTube video player\" src=\"https:\/\/www.youtube.com\/embed\/Bn-R0XUUIqo?si=jPhgrZTYUiPkGAIe\" width=\"560\" height=\"315\" frameborder=\"0\" allowfullscreen=\"allowfullscreen\"><\/iframe><\/p>\n<p style=\"text-align: left;\"><strong>&#8230;&#8230;&#8230;&#8230;&#8230;&#8230;&#8230;&#8230;&#8230;&#8230;&#8230;&#8230;&#8230;&#8230;&#8230;&#8230;&#8230;&#8230;<\/strong><\/p>\n<p style=\"text-align: left;\"><b>Das ultimative Allwetter-Frachtfahrrad<\/b><\/p>\n<p style=\"text-align: left;\"><em>Autor: <a href=\"https:\/\/www.velomobileworld.com\/de\/49-5-2\/\" target=\"_blank\" rel=\"noopener\">BEN PARKE<\/a><\/em><\/p>\n<p style=\"text-align: left;\"><strong>&#8230;&#8230;&#8230;&#8230;&#8230;&#8230;&#8230;&#8230;&#8230;&#8230;&#8230;&#8230;&#8230;&#8230;&#8230;&#8230;&#8230;&#8230;<\/strong><\/p>\n<p><a href=\"https:\/\/store.velomobileworld.com\/?utm_source=Banner_US_Canada_Worldwide&amp;utm_medium=Article&amp;utm_campaign=Blog\" target=\"_blank\" rel=\"noopener\"><img loading=\"lazy\" decoding=\"async\" class=\"alignnone wp-image-24840 lazyloaded\" src=\"https:\/\/www.velomobileworld.com\/wp-content\/uploads\/2023\/07\/1-usa-canada-worldwide.png\" alt=\"\" width=\"450\" height=\"74\" data-src=\"https:\/\/www.velomobileworld.com\/wp-content\/uploads\/2023\/07\/1-usa-canada-worldwide.png\" \/><\/a>\u00a0<a href=\"https:\/\/www.velomobileworld.com\/?product_tag=velomobiles&amp;utm_source=Banner_EU&amp;utm_medium=Article&amp;utm_campaign=Blog\" target=\"_blank\" rel=\"noopener\"><img loading=\"lazy\" decoding=\"async\" class=\"alignnone wp-image-24845 ls-is-cached lazyloaded\" src=\"https:\/\/www.velomobileworld.com\/wp-content\/uploads\/2023\/07\/2-european-union.png\" alt=\"\" width=\"449\" height=\"74\" data-src=\"https:\/\/www.velomobileworld.com\/wp-content\/uploads\/2023\/07\/2-european-union.png\" \/><\/a><\/p>\n<p style=\"text-align: left;\"><strong>&#8230;&#8230;&#8230;&#8230;&#8230;&#8230;&#8230;&#8230;&#8230;&#8230;&#8230;&#8230;&#8230;&#8230;&#8230;&#8230;&#8230;&#8230;<\/strong><\/p>\n<p>&nbsp;<\/p>\n<p style=\"text-align: left;\"><span style=\"font-weight: 400;\">Lastenfahrr\u00e4der sind gro\u00dfartig. Sie erm\u00f6glichen es, Dinge wie Lebensmittel, Kinder, einen Weihnachtsbaum und so weiter zu transportieren, ohne ein Auto benutzen zu m\u00fcssen.\u00a0 Der j\u00fcngste Bericht der amerikanischen AAA sch\u00e4tzt die durchschnittlichen Kosten f\u00fcr den Besitz eines Autos in den USA auf 12.000 Dollar.\u00a0 Pro Jahr!\u00a0 In Anbetracht dieser Kosten und der durchschnittlichen L\u00e4nge der Fahrten, die die meisten von uns zur\u00fccklegen, wird klar, warum Lastenfahrr\u00e4der immer beliebter werden.\u00a0 Wer spart nicht gerne Geld, oder?\u00a0 Ich lebe in Minnesota, wo ein Lastenfahrrad f\u00fcr 6-8 Monate im Jahr eine tolle Alternative zum Auto w\u00e4re.\u00a0 Und die anderen Monate?\u00a0 Nicht so sehr&#8230;\u00a0 Es wird hier ziemlich kalt.\u00a0 Diejenigen von uns, die in weniger wetterfreundlichen Gegenden leben, brauchen ein Lastenrad mit einem gewissen Wetterschutz.<\/span><\/p>\n<p>&nbsp;<\/p>\n<p style=\"text-align: left;\"><span style=\"font-weight: 400;\">Wir stellen vor&#8230; das Velomobil! Jetzt warte mal.\u00a0 Bevor du jetzt sagst: &#8222;Das ist doch kein Lastenrad&#8220;, l\u00e4sst du mich ausreden. Wahrscheinlich siehst du dieses Ding an und denke, es sei eine Art Raumschiff mit R\u00e4dern oder vielleicht Amazons neuestes Drohnen-Liefersystem oder eine Art wirklich aerodynamische Rennmaschine. Dann wirst du vielleicht \u00fcberrascht sein, zu erfahren, dass Velomobile urspr\u00fcnglich als Alternative zum Auto gedacht waren. Das fr\u00fcheste Velomobil war ein von Charles Mochet f\u00fcr seinen Sohn entworfenes Vierrad, das zum Velocar weiterentwickelt wurde, schlie\u00dflich mit einem kleinen benzinsparenden Motor.\u00a0 Es war allerdings nicht sehr aerodynamisch, und es passierte nicht viel mit dieser Idee, bis die \u00d6lkrise in den 1970er Jahren das People Powered Vehicle hervorbrachte.\u00a0 Aufgrund von Konstruktionsm\u00e4ngeln wurde auch aus dieser Idee nicht viel.\u00a0 Das erste wirklich funktionsf\u00e4hige Velomobil war der Entwurf von Carl-Georg Rasmussen aus dem Jahr 1983, die Leitra.\u00a0 Seitdem hat sich die Entwicklung \u00fcber Entw\u00fcrfe wie das Cabbike, das Alleweder und das Quest bis hin zu modernen Modellen wie dem B\u00fclk fortgesetzt. Die Entwicklung wurde haupts\u00e4chlich durch den europ\u00e4ischen Markt vorangetrieben, der Geschwindigkeit und Leichtbau \u00fcber alles stellte.\u00a0 Und so kamen wir zu Dingen wie dem Milan SL, der zwar unglaublich schnell war, aber nicht unbedingt das praktischste Fahrrad f\u00fcr den t\u00e4glichen Arbeitsweg, weil er viel Platz zum Wenden brauchte und etwas zu niedrig am Boden lag.\u00a0 Aber jetzt haben wir es wieder mit sehr hohen Benzinpreisen, zunehmend unbest\u00e4ndigem Wetter und dem Wunsch zu tun, Geld zu sparen und mehr f\u00fcr die Umwelt zu tun.\u00a0 Pl\u00f6tzlich sieht ein praktisches, allwettertaugliches, von Menschenhand angetriebenes Fahrzeug ein wenig attraktiver aus. Und genau daf\u00fcr wurde der B\u00fclk entwickelt.<\/span><\/p>\n<p>&nbsp;<\/p>\n<p style=\"text-align: left;\"><span style=\"font-weight: 400;\">Nun sieht ein Velomobil nicht so aus, als h\u00e4tte es viel Laderaum, aber manchmal kann der Schein tr\u00fcgen. Dies ist das B\u00fclk Velomobil, das derzeit meistverkaufte Modell und meiner Meinung nach eines der praktischsten und effizientesten Velomobile, die je gebaut wurden.\u00a0 Im B\u00fclk gibt es mehrere Staur\u00e4ume, angefangen bei dem Bereich \u00fcber der Hinterradschwinge mit dieser schicken Ablage und dem Bereich links neben dem Hinterradkasten, der \u00fcberraschend viel Stauraum bietet.\u00a0 Dann gibt es noch Platz unter und auf beiden Seiten des Fahrers.\u00a0 Wenn das nicht ausreicht, kann man auch auf beiden Seiten der Nase vor den Radk\u00e4sten Ladetaschen anbringen.\u00a0 Alles in allem bekomme ich einen Wochenvorrat an Lebensmitteln hinein.\u00a0 Ich habe meine Trompete, meine Aktentasche, meinen Wintermantel, meine Hose und meine Schuhe transportiert und dabei mehr als genug Platz gehabt. Auf jeden Fall genug Platz f\u00fcr den t\u00e4glichen Arbeitsweg und sogar f\u00fcr Campingausfl\u00fcge. Das Beste daran ist, dass alles komplett von den Elementen isoliert ist.<\/span><\/p>\n<p>&nbsp;<\/p>\n<p style=\"text-align: left;\"><span style=\"font-weight: 400;\">Aber was ist mit gr\u00f6\u00dferen Gegenst\u00e4nden, z. B. Kindern?\u00a0 Die meisten Velomobile k\u00f6nnen f\u00fcr den Transport eines Anh\u00e4ngers ausger\u00fcstet werden.\u00a0 Das B\u00fclk hat sogar einen Anh\u00e4nger, der demn\u00e4chst in Produktion geht.\u00a0 Es handelt sich dabei um ein wirklich raffiniertes Design, das im Gehen gezogen und durch ein Lebensmittelgesch\u00e4ft geschoben werden kann und eine l\u00e4cherliche Menge an Ladekapazit\u00e4t bietet.\u00a0 Seine Stabilit\u00e4t, w\u00e4hrend er hinter einem schnell fahrenden Velomobil hergezogen wird, ist ziemlich beeindruckend. Es kann zwar keine Kinder transportieren, aber daf\u00fcr gibt es jede Menge Anh\u00e4nger, die leicht an ein Velomobil angeschlossen werden k\u00f6nnen.\u00a0 Ein Fahrrad, das sowohl als Lastentransporter als auch als Alltagsfahrzeug und als Wochenend-Rennmaschine eingesetzt werden kann, ist ein bemerkenswert flexibles Fahrrad.<\/span><\/p>\n<p>&nbsp;<\/p>\n<p style=\"text-align: left;\"><span style=\"font-weight: 400;\">Nat\u00fcrlich kann man mit einem normalen Fahrrad und Anh\u00e4nger eine ganze Menge transportieren, und nat\u00fcrlich auch mit einem Lastenfahrrad, ohne sich mit einem Anh\u00e4nger herumschlagen zu m\u00fcssen.\u00a0 Welche Vorteile bietet also ein Velomobil?\u00a0 Erstens wird man durch den Transport von Lasten nicht langsamer.\u00a0 Vorausgesetzt, die gesamte Ladung passt in das Velomobil. Abgesehen von dem etwas h\u00f6heren Gewicht, mit dem man die Stra\u00dfe hinunter beschleunigen muss, ragen all die Taschen mit Lebensmitteln und anderen Dingen nicht wie eine riesige Windbremse in den Fahrtwind.\u00a0 Auch der dazugeh\u00f6rige Anh\u00e4nger kostet nicht viel mehr Energie. Das bedeutet, dass du deine Reisegeschwindigkeit mit weniger Anstrengung beibehalten kannst.\u00a0 Im Vergleich zu anderen Fahrr\u00e4dern, die ich gefahren bin, kann ich mit dem B\u00fclk bei gleichem Kraftaufwand fast doppelt so schnell fahren. Zweitens: Das Fahrverhalten ist wirklich stabil.\u00a0 Man hat drei R\u00e4der und einen sehr niedrigen Schwerpunkt.\u00a0 Es wird keine Energie verschwendet, um aufrecht zu bleiben, weil das Fahrrad das f\u00fcr einen erledigt. Drittens: die Sicht.\u00a0 Ja, ein Velomobil ist niedrig, aber im Gegensatz zu kleinen pelzigen Tieren, die mit Pelzm\u00e4nteln in der Farbe des Stra\u00dfenbelags \u00fcber die Stra\u00dfe rennen, ist ein Velomobil ein k\u00fchlschrankgro\u00dfes Fahrzeug, das in der Regel in leuchtenden Farben lackiert ist und \u00fcberall helle Lichter hat, die die Aufmerksamkeit auf sich ziehen.\u00a0 Du denkst, Prominente werden von Paparazzi verfolgt? Versuchst du einmal, mit einem Velomobil im Verkehr zu fahren.\u00a0 Du weisst nicht, was Popularit\u00e4t bedeutet, bevor du nicht auf einem Velomobil gefahren bist.\u00a0<\/span><\/p>\n<p>&nbsp;<\/p>\n<p style=\"text-align: left;\"><span style=\"font-weight: 400;\">Viertens: Crash-Sicherheit.\u00a0 Du bist von einer sch\u00fctzenden Kohlefaserh\u00fclle umgeben, die den gr\u00f6\u00dften Teil des Aufpralls auff\u00e4ngt, falls ein ahnungsloser Autofahrer es schafft, das riesige, schnelle, k\u00fchlschrankgro\u00dfe Objekt auf der Stra\u00dfe zu \u00fcbersehen. Modelle wie das B\u00fclk sind vollgepackt mit durchdachten Sicherheitsmerkmalen, von Haltepunkten \u00fcber den Schultern, die verhindern, dass du aus dem Motorrad fliegst, bis hin zu Knautschzonen vorne und hinten, einer gepolsterten Kopfst\u00fctze, die das Risiko eines Schleudertraumas verringert, und einem Sitz, der die \u00dcbertragung des Aufpralls bei einem Auffahrunfall verringern soll. Und schlie\u00dflich sind deine gesamte Ladung sowie du und die wichtigen Teile des Fahrrads wie die Kette vollst\u00e4ndig von den Elementen isoliert.\u00a0 Das ist es, was mich in erster Linie zu Velomobilen hingezogen hat.\u00a0 Ich hasse es, kalt und nass zu sein.\u00a0 Bei einem Velomobil wird die gesamte W\u00e4rme, die der K\u00f6rper beim Training abgibt, bei kaltem Wetter im Inneren der H\u00fclle gehalten.\u00a0 Die Lufteinl\u00e4sse k\u00f6nnen verschlossen werden, um die W\u00e4rme zur\u00fcckzuhalten.\u00a0 W\u00e4hrend Ihre Rennrad-Kollegen auf dem Heimtrainer in ihrer Schmerzh\u00f6hle leiden, kannst du die sch\u00f6ne, glitzernde Winterlandschaft genie\u00dfen.\u00a0 Und sollte es doch einmal regnen, kannst du dich mit einem praktischen Wischerblatt und beschlagfreien Scheibeneins\u00e4tzen ausstatten und bleiben dabei warm und trocken.\u00a0 Im Sommer sorgen das offene Cockpit und die Lufteinl\u00e4sse f\u00fcr eine angenehme Brise, und falls du dich \u00fcber E-Assistenten wundern, auch das ist eine Option f\u00fcr das ultimative schnelle und effiziente Fahren. Weil ein Velomobil mit so wenig Aufwand schnell fahren kann, kann man viel mehr Kilometer aus der Batterie herausholen. <\/span><\/p>\n<p>&nbsp;<\/p>\n<p style=\"text-align: left;\"><span style=\"font-weight: 400;\">Warum ist das unglaublich vielseitige Velomobil bei all diesen Vorteilen nicht beliebter?\u00a0 Ich glaube, es liegt vor allem daran, dass die Leute einfach nicht wissen, dass es sie gibt und wie unglaublich praktisch sie sind.\u00a0 Als ich mein erstes Velomobil kaufte, war es nur f\u00fcr Fahrten im Freien bei kaltem Wetter gedacht.\u00a0 Ich hatte nicht vor, es als Ersatz f\u00fcr mein Auto zu benutzen.\u00a0 Das war nicht einmal auf meinem Radar.\u00a0 Ich fing an, mit dem Velomobil zu pendeln, weil mir das Fahren Spa\u00df machte und ich es \u00f6fter tun wollte.\u00a0 Dadurch wurde mir klar, wie viele Autofahrten ich durch das Velomobil ersetzen konnte, bis ich schlie\u00dflich feststellte, dass ich eigentlich gar kein Auto mehr brauche.\u00a0 Tats\u00e4chlich wollte ich neulich mein Auto starten und stellte fest, dass es so lange unbenutzt gestanden hatte, dass die Batterie leer war. \u00a0<\/span><\/p>\n<p>&nbsp;<\/p>\n<p style=\"text-align: left;\"><span style=\"font-weight: 400;\">Wenn du mit dem Gedanken spielen, dich ein Lastenfahrrad zuzulegen, w\u00fcrde ich dich ermutigen, dich ernsthaft mit Velomobilen zu befassen.\u00a0 Ich werde unten in der Beschreibung einige Links zu weiteren Informationen \u00fcber die beliebtesten Modelle sowie eine Liste von H\u00e4ndlern hinzuf\u00fcgen.\u00a0 Wenn du in den USA lebst und Interesse hast, schreib mir eine E-Mail an meine unten stehende Adresse.\u00a0 Ich erz\u00e4hle dich gerne mehr \u00fcber Velomobile und helfe dich sogar, eines zu bestellen.<\/span><\/p>\n","protected":false},"excerpt":{"rendered":"<p>&#8230;&#8230;&#8230;&#8230;&#8230;&#8230;&#8230;&#8230;&#8230;&#8230;&#8230;&#8230;&#8230;&#8230;&#8230;&#8230;&#8230;&#8230; Das ultimative Allwetter-Frachtfahrrad Autor: BEN PARKE &#8230;&#8230;&#8230;&#8230;&#8230;&#8230;&#8230;&#8230;&#8230;&#8230;&#8230;&#8230;&#8230;&#8230;&#8230;&#8230;&#8230;&#8230; \u00a0 &#8230;&#8230;&#8230;&#8230;&#8230;&#8230;&#8230;&#8230;&#8230;&#8230;&#8230;&#8230;&#8230;&#8230;&#8230;&#8230;&#8230;&#8230; &nbsp; Lastenfahrr\u00e4der sind gro\u00dfartig. Sie erm\u00f6glichen es, Dinge wie Lebensmittel, [&hellip;]<\/p>\n","protected":false},"author":4,"featured_media":115999,"comment_status":"open","ping_status":"closed","sticky":false,"template":"","format":"standard","meta":{"_acf_changed":false,"footnotes":""},"categories":[690],"tags":[],"class_list":["post-7183","post","type-post","status-publish","format-standard","has-post-thumbnail","hentry","category-unkategorisiert"],"acf":[],"yoast_head":"<!-- This site is optimized with the Yoast SEO plugin v27.4 - https:\/\/yoast.com\/product\/yoast-seo-wordpress\/ -->\n<title>Das ultimative Allwetter-Frachtfahrrad | Velomobile World<\/title>\n<meta name=\"description\" content=\"Lastenfahrr\u00e4der sind gro\u00dfartig. Sie erm\u00f6glichen es, Dinge wie Lebensmittel, Kinder, einen Weihnachtsbaum und so weiter ...\" \/>\n<meta name=\"robots\" content=\"index, follow, max-snippet:-1, max-image-preview:large, max-video-preview:-1\" \/>\n<link rel=\"canonical\" href=\"https:\/\/www.velomobileworld.com\/de\/das-ultimative-allwetter-frachtfahrrad\/\" \/>\n<meta property=\"og:locale\" content=\"de_DE\" \/>\n<meta property=\"og:type\" content=\"article\" \/>\n<meta property=\"og:title\" content=\"Das ultimative Allwetter-Frachtfahrrad | Velomobile World\" \/>\n<meta property=\"og:description\" content=\"Lastenfahrr\u00e4der sind gro\u00dfartig. Sie erm\u00f6glichen es, Dinge wie Lebensmittel, Kinder, einen Weihnachtsbaum und so weiter ...\" \/>\n<meta property=\"og:url\" content=\"https:\/\/www.velomobileworld.com\/de\/das-ultimative-allwetter-frachtfahrrad\/\" \/>\n<meta property=\"og:site_name\" content=\"Velomobile World\" \/>\n<meta property=\"article:published_time\" content=\"2024-12-13T13:01:14+00:00\" \/>\n<meta property=\"article:modified_time\" content=\"2025-07-25T10:11:08+00:00\" \/>\n<meta property=\"og:image\" content=\"https:\/\/www.velomobileworld.com\/wp-content\/uploads\/2024\/12\/allweather_cargo_bike_article.jpg\" \/>\n\t<meta property=\"og:image:width\" content=\"1920\" \/>\n\t<meta property=\"og:image:height\" content=\"850\" \/>\n\t<meta property=\"og:image:type\" content=\"image\/jpeg\" \/>\n<meta name=\"author\" content=\"Jan Wijnen\" \/>\n<meta name=\"twitter:card\" content=\"summary_large_image\" \/>\n<meta name=\"twitter:label1\" content=\"Verfasst von\" \/>\n\t<meta name=\"twitter:data1\" content=\"Jan Wijnen\" \/>\n\t<meta name=\"twitter:label2\" content=\"Gesch\u00e4tzte Lesezeit\" \/>\n\t<meta name=\"twitter:data2\" content=\"7\u00a0Minuten\" \/>\n<script type=\"application\/ld+json\" class=\"yoast-schema-graph\">{\"@context\":\"https:\\\/\\\/schema.org\",\"@graph\":[{\"@type\":\"Article\",\"@id\":\"https:\\\/\\\/www.velomobileworld.com\\\/de\\\/das-ultimative-allwetter-frachtfahrrad\\\/#article\",\"isPartOf\":{\"@id\":\"https:\\\/\\\/www.velomobileworld.com\\\/de\\\/das-ultimative-allwetter-frachtfahrrad\\\/\"},\"author\":{\"name\":\"Jan Wijnen\",\"@id\":\"https:\\\/\\\/www.velomobileworld.com\\\/nl\\\/#\\\/schema\\\/person\\\/c0c7c661ad3c8719ed05a7dc85d6fa12\"},\"headline\":\"Das ultimative Allwetter-Frachtfahrrad\",\"datePublished\":\"2024-12-13T13:01:14+00:00\",\"dateModified\":\"2025-07-25T10:11:08+00:00\",\"mainEntityOfPage\":{\"@id\":\"https:\\\/\\\/www.velomobileworld.com\\\/de\\\/das-ultimative-allwetter-frachtfahrrad\\\/\"},\"wordCount\":1480,\"commentCount\":0,\"image\":{\"@id\":\"https:\\\/\\\/www.velomobileworld.com\\\/de\\\/das-ultimative-allwetter-frachtfahrrad\\\/#primaryimage\"},\"thumbnailUrl\":\"https:\\\/\\\/www.velomobileworld.com\\\/wp-content\\\/uploads\\\/2024\\\/12\\\/Screenshot-2025-11-21-134413.png\",\"articleSection\":[\"Unkategorisiert\"],\"inLanguage\":\"de\",\"potentialAction\":[{\"@type\":\"CommentAction\",\"name\":\"Comment\",\"target\":[\"https:\\\/\\\/www.velomobileworld.com\\\/de\\\/das-ultimative-allwetter-frachtfahrrad\\\/#respond\"]}]},{\"@type\":\"WebPage\",\"@id\":\"https:\\\/\\\/www.velomobileworld.com\\\/de\\\/das-ultimative-allwetter-frachtfahrrad\\\/\",\"url\":\"https:\\\/\\\/www.velomobileworld.com\\\/de\\\/das-ultimative-allwetter-frachtfahrrad\\\/\",\"name\":\"Das ultimative Allwetter-Frachtfahrrad | Velomobile World\",\"isPartOf\":{\"@id\":\"https:\\\/\\\/www.velomobileworld.com\\\/nl\\\/#website\"},\"primaryImageOfPage\":{\"@id\":\"https:\\\/\\\/www.velomobileworld.com\\\/de\\\/das-ultimative-allwetter-frachtfahrrad\\\/#primaryimage\"},\"image\":{\"@id\":\"https:\\\/\\\/www.velomobileworld.com\\\/de\\\/das-ultimative-allwetter-frachtfahrrad\\\/#primaryimage\"},\"thumbnailUrl\":\"https:\\\/\\\/www.velomobileworld.com\\\/wp-content\\\/uploads\\\/2024\\\/12\\\/Screenshot-2025-11-21-134413.png\",\"datePublished\":\"2024-12-13T13:01:14+00:00\",\"dateModified\":\"2025-07-25T10:11:08+00:00\",\"author\":{\"@id\":\"https:\\\/\\\/www.velomobileworld.com\\\/nl\\\/#\\\/schema\\\/person\\\/c0c7c661ad3c8719ed05a7dc85d6fa12\"},\"description\":\"Lastenfahrr\u00e4der sind gro\u00dfartig. Sie erm\u00f6glichen es, Dinge wie Lebensmittel, Kinder, einen Weihnachtsbaum und so weiter ...\",\"breadcrumb\":{\"@id\":\"https:\\\/\\\/www.velomobileworld.com\\\/de\\\/das-ultimative-allwetter-frachtfahrrad\\\/#breadcrumb\"},\"inLanguage\":\"de\",\"potentialAction\":[{\"@type\":\"ReadAction\",\"target\":[\"https:\\\/\\\/www.velomobileworld.com\\\/de\\\/das-ultimative-allwetter-frachtfahrrad\\\/\"]}]},{\"@type\":\"ImageObject\",\"inLanguage\":\"de\",\"@id\":\"https:\\\/\\\/www.velomobileworld.com\\\/de\\\/das-ultimative-allwetter-frachtfahrrad\\\/#primaryimage\",\"url\":\"https:\\\/\\\/www.velomobileworld.com\\\/wp-content\\\/uploads\\\/2024\\\/12\\\/Screenshot-2025-11-21-134413.png\",\"contentUrl\":\"https:\\\/\\\/www.velomobileworld.com\\\/wp-content\\\/uploads\\\/2024\\\/12\\\/Screenshot-2025-11-21-134413.png\",\"width\":752,\"height\":506},{\"@type\":\"BreadcrumbList\",\"@id\":\"https:\\\/\\\/www.velomobileworld.com\\\/de\\\/das-ultimative-allwetter-frachtfahrrad\\\/#breadcrumb\",\"itemListElement\":[{\"@type\":\"ListItem\",\"position\":1,\"name\":\"Home\",\"item\":\"https:\\\/\\\/www.velomobileworld.com\\\/\"},{\"@type\":\"ListItem\",\"position\":2,\"name\":\"Das ultimative Allwetter-Frachtfahrrad\"}]},{\"@type\":\"WebSite\",\"@id\":\"https:\\\/\\\/www.velomobileworld.com\\\/nl\\\/#website\",\"url\":\"https:\\\/\\\/www.velomobileworld.com\\\/nl\\\/\",\"name\":\"Velomobile World\",\"description\":\"\",\"potentialAction\":[{\"@type\":\"SearchAction\",\"target\":{\"@type\":\"EntryPoint\",\"urlTemplate\":\"https:\\\/\\\/www.velomobileworld.com\\\/nl\\\/?s={search_term_string}\"},\"query-input\":{\"@type\":\"PropertyValueSpecification\",\"valueRequired\":true,\"valueName\":\"search_term_string\"}}],\"inLanguage\":\"de\"},{\"@type\":\"Person\",\"@id\":\"https:\\\/\\\/www.velomobileworld.com\\\/nl\\\/#\\\/schema\\\/person\\\/c0c7c661ad3c8719ed05a7dc85d6fa12\",\"name\":\"Jan Wijnen\",\"image\":{\"@type\":\"ImageObject\",\"inLanguage\":\"de\",\"@id\":\"https:\\\/\\\/secure.gravatar.com\\\/avatar\\\/4802c8a6006d5895d73a1141e39ccf819bca7ec1dbfb26a6f4370880cefa109a?s=96&d=mm&r=g\",\"url\":\"https:\\\/\\\/secure.gravatar.com\\\/avatar\\\/4802c8a6006d5895d73a1141e39ccf819bca7ec1dbfb26a6f4370880cefa109a?s=96&d=mm&r=g\",\"contentUrl\":\"https:\\\/\\\/secure.gravatar.com\\\/avatar\\\/4802c8a6006d5895d73a1141e39ccf819bca7ec1dbfb26a6f4370880cefa109a?s=96&d=mm&r=g\",\"caption\":\"Jan Wijnen\"},\"url\":\"https:\\\/\\\/www.velomobileworld.com\\\/de\\\/author\\\/jan-admin\\\/\"}]}<\/script>\n<!-- \/ Yoast SEO plugin. -->","yoast_head_json":{"title":"Das ultimative Allwetter-Frachtfahrrad | Velomobile World","description":"Lastenfahrr\u00e4der sind gro\u00dfartig. Sie erm\u00f6glichen es, Dinge wie Lebensmittel, Kinder, einen Weihnachtsbaum und so weiter ...","robots":{"index":"index","follow":"follow","max-snippet":"max-snippet:-1","max-image-preview":"max-image-preview:large","max-video-preview":"max-video-preview:-1"},"canonical":"https:\/\/www.velomobileworld.com\/de\/das-ultimative-allwetter-frachtfahrrad\/","og_locale":"de_DE","og_type":"article","og_title":"Das ultimative Allwetter-Frachtfahrrad | Velomobile World","og_description":"Lastenfahrr\u00e4der sind gro\u00dfartig. Sie erm\u00f6glichen es, Dinge wie Lebensmittel, Kinder, einen Weihnachtsbaum und so weiter ...","og_url":"https:\/\/www.velomobileworld.com\/de\/das-ultimative-allwetter-frachtfahrrad\/","og_site_name":"Velomobile World","article_published_time":"2024-12-13T13:01:14+00:00","article_modified_time":"2025-07-25T10:11:08+00:00","og_image":[{"width":1920,"height":850,"url":"https:\/\/www.velomobileworld.com\/wp-content\/uploads\/2024\/12\/allweather_cargo_bike_article.jpg","type":"image\/jpeg"}],"author":"Jan Wijnen","twitter_card":"summary_large_image","twitter_misc":{"Verfasst von":"Jan Wijnen","Gesch\u00e4tzte Lesezeit":"7\u00a0Minuten"},"schema":{"@context":"https:\/\/schema.org","@graph":[{"@type":"Article","@id":"https:\/\/www.velomobileworld.com\/de\/das-ultimative-allwetter-frachtfahrrad\/#article","isPartOf":{"@id":"https:\/\/www.velomobileworld.com\/de\/das-ultimative-allwetter-frachtfahrrad\/"},"author":{"name":"Jan Wijnen","@id":"https:\/\/www.velomobileworld.com\/nl\/#\/schema\/person\/c0c7c661ad3c8719ed05a7dc85d6fa12"},"headline":"Das ultimative Allwetter-Frachtfahrrad","datePublished":"2024-12-13T13:01:14+00:00","dateModified":"2025-07-25T10:11:08+00:00","mainEntityOfPage":{"@id":"https:\/\/www.velomobileworld.com\/de\/das-ultimative-allwetter-frachtfahrrad\/"},"wordCount":1480,"commentCount":0,"image":{"@id":"https:\/\/www.velomobileworld.com\/de\/das-ultimative-allwetter-frachtfahrrad\/#primaryimage"},"thumbnailUrl":"https:\/\/www.velomobileworld.com\/wp-content\/uploads\/2024\/12\/Screenshot-2025-11-21-134413.png","articleSection":["Unkategorisiert"],"inLanguage":"de","potentialAction":[{"@type":"CommentAction","name":"Comment","target":["https:\/\/www.velomobileworld.com\/de\/das-ultimative-allwetter-frachtfahrrad\/#respond"]}]},{"@type":"WebPage","@id":"https:\/\/www.velomobileworld.com\/de\/das-ultimative-allwetter-frachtfahrrad\/","url":"https:\/\/www.velomobileworld.com\/de\/das-ultimative-allwetter-frachtfahrrad\/","name":"Das ultimative Allwetter-Frachtfahrrad | Velomobile World","isPartOf":{"@id":"https:\/\/www.velomobileworld.com\/nl\/#website"},"primaryImageOfPage":{"@id":"https:\/\/www.velomobileworld.com\/de\/das-ultimative-allwetter-frachtfahrrad\/#primaryimage"},"image":{"@id":"https:\/\/www.velomobileworld.com\/de\/das-ultimative-allwetter-frachtfahrrad\/#primaryimage"},"thumbnailUrl":"https:\/\/www.velomobileworld.com\/wp-content\/uploads\/2024\/12\/Screenshot-2025-11-21-134413.png","datePublished":"2024-12-13T13:01:14+00:00","dateModified":"2025-07-25T10:11:08+00:00","author":{"@id":"https:\/\/www.velomobileworld.com\/nl\/#\/schema\/person\/c0c7c661ad3c8719ed05a7dc85d6fa12"},"description":"Lastenfahrr\u00e4der sind gro\u00dfartig. Sie erm\u00f6glichen es, Dinge wie Lebensmittel, Kinder, einen Weihnachtsbaum und so weiter ...","breadcrumb":{"@id":"https:\/\/www.velomobileworld.com\/de\/das-ultimative-allwetter-frachtfahrrad\/#breadcrumb"},"inLanguage":"de","potentialAction":[{"@type":"ReadAction","target":["https:\/\/www.velomobileworld.com\/de\/das-ultimative-allwetter-frachtfahrrad\/"]}]},{"@type":"ImageObject","inLanguage":"de","@id":"https:\/\/www.velomobileworld.com\/de\/das-ultimative-allwetter-frachtfahrrad\/#primaryimage","url":"https:\/\/www.velomobileworld.com\/wp-content\/uploads\/2024\/12\/Screenshot-2025-11-21-134413.png","contentUrl":"https:\/\/www.velomobileworld.com\/wp-content\/uploads\/2024\/12\/Screenshot-2025-11-21-134413.png","width":752,"height":506},{"@type":"BreadcrumbList","@id":"https:\/\/www.velomobileworld.com\/de\/das-ultimative-allwetter-frachtfahrrad\/#breadcrumb","itemListElement":[{"@type":"ListItem","position":1,"name":"Home","item":"https:\/\/www.velomobileworld.com\/"},{"@type":"ListItem","position":2,"name":"Das ultimative Allwetter-Frachtfahrrad"}]},{"@type":"WebSite","@id":"https:\/\/www.velomobileworld.com\/nl\/#website","url":"https:\/\/www.velomobileworld.com\/nl\/","name":"Velomobile World","description":"","potentialAction":[{"@type":"SearchAction","target":{"@type":"EntryPoint","urlTemplate":"https:\/\/www.velomobileworld.com\/nl\/?s={search_term_string}"},"query-input":{"@type":"PropertyValueSpecification","valueRequired":true,"valueName":"search_term_string"}}],"inLanguage":"de"},{"@type":"Person","@id":"https:\/\/www.velomobileworld.com\/nl\/#\/schema\/person\/c0c7c661ad3c8719ed05a7dc85d6fa12","name":"Jan Wijnen","image":{"@type":"ImageObject","inLanguage":"de","@id":"https:\/\/secure.gravatar.com\/avatar\/4802c8a6006d5895d73a1141e39ccf819bca7ec1dbfb26a6f4370880cefa109a?s=96&d=mm&r=g","url":"https:\/\/secure.gravatar.com\/avatar\/4802c8a6006d5895d73a1141e39ccf819bca7ec1dbfb26a6f4370880cefa109a?s=96&d=mm&r=g","contentUrl":"https:\/\/secure.gravatar.com\/avatar\/4802c8a6006d5895d73a1141e39ccf819bca7ec1dbfb26a6f4370880cefa109a?s=96&d=mm&r=g","caption":"Jan Wijnen"},"url":"https:\/\/www.velomobileworld.com\/de\/author\/jan-admin\/"}]}},"_links":{"self":[{"href":"https:\/\/www.velomobileworld.com\/de\/wp-json\/wp\/v2\/posts\/7183","targetHints":{"allow":["GET"]}}],"collection":[{"href":"https:\/\/www.velomobileworld.com\/de\/wp-json\/wp\/v2\/posts"}],"about":[{"href":"https:\/\/www.velomobileworld.com\/de\/wp-json\/wp\/v2\/types\/post"}],"author":[{"embeddable":true,"href":"https:\/\/www.velomobileworld.com\/de\/wp-json\/wp\/v2\/users\/4"}],"replies":[{"embeddable":true,"href":"https:\/\/www.velomobileworld.com\/de\/wp-json\/wp\/v2\/comments?post=7183"}],"version-history":[{"count":2,"href":"https:\/\/www.velomobileworld.com\/de\/wp-json\/wp\/v2\/posts\/7183\/revisions"}],"predecessor-version":[{"id":100721,"href":"https:\/\/www.velomobileworld.com\/de\/wp-json\/wp\/v2\/posts\/7183\/revisions\/100721"}],"wp:featuredmedia":[{"embeddable":true,"href":"https:\/\/www.velomobileworld.com\/de\/wp-json\/wp\/v2\/media\/115999"}],"wp:attachment":[{"href":"https:\/\/www.velomobileworld.com\/de\/wp-json\/wp\/v2\/media?parent=7183"}],"wp:term":[{"taxonomy":"category","embeddable":true,"href":"https:\/\/www.velomobileworld.com\/de\/wp-json\/wp\/v2\/categories?post=7183"},{"taxonomy":"post_tag","embeddable":true,"href":"https:\/\/www.velomobileworld.com\/de\/wp-json\/wp\/v2\/tags?post=7183"}],"curies":[{"name":"wp","href":"https:\/\/api.w.org\/{rel}","templated":true}]}}