{"id":7204,"date":"2024-12-13T14:12:00","date_gmt":"2024-12-13T13:12:00","guid":{"rendered":"https:\/\/velomobileworld.convident.dev\/meine-velomobil-pendlergeschichte-ben-parke\/"},"modified":"2025-07-25T12:11:08","modified_gmt":"2025-07-25T10:11:08","slug":"meine-velomobil-pendlergeschichte-ben-parke","status":"publish","type":"post","link":"https:\/\/www.velomobileworld.com\/de\/meine-velomobil-pendlergeschichte-ben-parke\/","title":{"rendered":"Meine Velomobil-Pendlergeschichte (Ben Parke)"},"content":{"rendered":"<p style=\"text-align: left;\"><span style=\"color: #ff0000;\"><em><strong>GESCHICHTEN AUS DER VELOMOBIL-COMMUNITY<\/strong><\/em><\/span><\/p>\n<p style=\"text-align: left;\"><b>Meine Velomobil-Pendlergeschichte<\/b><\/p>\n<p style=\"text-align: left;\"><em>Autor: <a href=\"https:\/\/www.velomobileworld.com\/de\/49-5-2\/\">Ben Parke<\/a> aus den USA.<\/em><\/p>\n<p style=\"text-align: left;\"><strong>&#8230;&#8230;&#8230;&#8230;&#8230;&#8230;&#8230;&#8230;&#8230;&#8230;&#8230;&#8230;&#8230;&#8230;&#8230;&#8230;&#8230;&#8230;<\/strong><\/p>\n<p><a href=\"https:\/\/www.velomobileworld.com\/de\/img_5010-2\/\" target=\"_blank\" rel=\"noopener\"><img loading=\"lazy\" decoding=\"async\" class=\"alignnone wp-image-19198 lazyloaded\" src=\"https:\/\/www.velomobileworld.com\/wp-content\/uploads\/2023\/04\/6-Velomobile-World-Banner.gif\" alt=\"\" width=\"450\" height=\"56\" data-src=\"https:\/\/www.velomobileworld.com\/wp-content\/uploads\/2023\/04\/6-Velomobile-World-Banner.gif\" \/><\/a><\/p>\n<p style=\"text-align: left;\"><strong>&#8230;&#8230;&#8230;&#8230;&#8230;&#8230;&#8230;&#8230;&#8230;&#8230;&#8230;&#8230;&#8230;&#8230;&#8230;&#8230;&#8230;&#8230;<\/strong><\/p>\n<p>&nbsp;<\/p>\n<p style=\"text-align: left;\">Radfahren war schon immer meine liebste Art, Sport zu treiben. Die einzige Herausforderung besteht darin, dass ich in Minnesota, USA, lebe, wo wir bis zu 6 Monate Winterwetter haben k\u00f6nnen. Da meine H\u00e4nde und F\u00fc\u00dfe sehr schnell kalt werden, suchte ich nach M\u00f6glichkeiten, meine Radsaison zu verl\u00e4ngern. Dabei entdeckte ich die Allwettervorteile von Velomobilen. Zun\u00e4chst wollte ich es nur zum Vergn\u00fcgen fahren, wie ich es mit meinem Liegerad getan hatte. Daf\u00fcr war das Velomobil perfekt, denn es erm\u00f6glichte mir, im Winter Ausfahrten zu unternehmen, wenn die Stra\u00dfen nicht allzu sehr mit Schnee und Eis bedeckt waren. Es machte sehr viel Spa\u00df, und je mehr ich mich an das Velomobilfahren gew\u00f6hnte, desto mehr \u00fcberlegte ich, wie ich mehr fahren k\u00f6nnte. Da beschloss ich, das Pendeln mit dem Velomobil auszuprobieren.<\/p>\n<p>&nbsp;<\/p>\n<p style=\"text-align: left;\">W\u00e4hrend des Schuljahres leite ich sonntags ein Jugendmusikprogramm. Der einzige Nachteil dabei ist, dass ich keine Sonntagsfahrt machen kann. Das begann mich wirklich zu st\u00f6ren. Ich wollte meine Fahrt machen, aber ich musste auch sonntags arbeiten. Also habe ich einen genialen Plan ausgeheckt: Ich w\u00fcrde zu den Proben reiten! Es bedurfte einiger Planung und Experimente, um einen Weg durch das Verkehrschaos und die Gewerbegebiete zwischen meinem Wohnort und dem Probenort zu finden, aber als ich eine gute Route gefunden hatte, freute ich mich auf die Sonntage. Es machte mir nicht nur Spa\u00df, mit dem Velomobil zu fahren, sondern ich konnte mich auch vor und nach den Proben richtig entspannen. Diese mentale Auszeit verwandelte sich in produktivere Proben mit dem zus\u00e4tzlichen Vorteil, dass eine ganze Reihe von Teenagern eine alternative Form der Fortbewegung kennenlernte.<\/p>\n<p>&nbsp;<\/p>\n<p style=\"text-align: left;\">Ein paar Monate sp\u00e4ter kam mein neuer B\u00fclk an. Die Freude am Fahren und der Wunsch, so viel wie m\u00f6glich damit zu fahren, veranlassten mich zu dem Entschluss, meinen t\u00e4glichen Weg zum Unterricht an der \u00f6rtlichen High School mit dem B\u00fclk zur\u00fcckzulegen. Ich entdeckte, dass ich meine Trompete im Laderaum unterbringen konnte. Zuerst wollte ich es nur einen Monat lang ausprobieren, um zu sehen, ob es praktisch ist. Mein Unterricht beginnt gleich zu Beginn des Schultages, zu einer Zeit, in der ich lieber schlafen w\u00fcrde. Fr\u00fcher habe ich mit dem Aufstehen bis zur letzten Minute gewartet und sogar das Fr\u00fchst\u00fcck ausgelassen. Aber ich war so aufgeregt, mein neues Velomobil zu fahren, dass ich bereit war, fr\u00fch genug aufzustehen, um nicht nur zur High School zu fahren, sondern mir auch noch Zeit f\u00fcr ein ordentliches Fr\u00fchst\u00fcck zu nehmen. Obwohl ich jeden Tag auf meinem Heimtrainer fuhr, stellte ich fest, dass das Pendeln genug zus\u00e4tzliche Energie verbrannte, um abends fr\u00fcher schlafen zu gehen und besser zu schlafen. Au\u00dferdem fand ich, dass das Pendeln zum Unterricht mir half, meinen Geist aufzuwecken und mich in eine bessere Stimmung f\u00fcr den Unterricht zu versetzen. Obwohl es etwas l\u00e4nger dauert, mit dem Fahrrad zum Unterricht und zur\u00fcck zu fahren, stellte ich fest, dass ich durch die Kombination von Radfahren und Pendeln tats\u00e4chlich Zeit sparte, wenn ich ber\u00fccksichtigte, wie viel Zeit ich mit dem Pendeln und dem Training auf dem Indoor Cycle Trainer verbringen w\u00fcrde.<\/p>\n<p>&nbsp;<\/p>\n<p style=\"text-align: left;\">Als ich das Werbematerial f\u00fcr den B\u00fclk las, in dem es hie\u00df, er k\u00f6nne Ihr Leben ver\u00e4ndern, dachte ich, das sei nur kreative Werbung. Jetzt, wo ich meinen B\u00fclk habe und regelm\u00e4\u00dfig damit fahre, kann ich sagen, dass es nicht nur Werbung ist; es hat wirklich einen gro\u00dfen Unterschied in meinem Leben gemacht. Ich fahre mehr als je zuvor, ich bin motiviert, mich ges\u00fcnder zu ern\u00e4hren, ich schlafe besser, und ich bin viel gl\u00fccklicher. Angesichts des rauen Winterwetters, das wir haben k\u00f6nnen, bin ich noch nicht ganz bereit, das Auto ganz aus meinem Leben zu verbannen, aber ich freue mich, dass ich es nur noch ein paar Mal im Monat brauche. Sobald ich im Herbst wieder unterrichte, werde ich wieder zu den Proben und zum Unterricht pendeln, und ich freue mich schon darauf!<\/p>\n<p>&nbsp;<\/p>\n<p style=\"text-align: left;\">\n<p><a href=\"https:\/\/www.velomobileworld.com\/wp-content\/uploads\/2023\/03\/7ben-parke-Bulk-1024x768.jpg\" target=\"_blank\" rel=\"noopener\"><img loading=\"lazy\" decoding=\"async\" class=\"alignnone wp-image-17522\" src=\"https:\/\/www.velomobileworld.com\/wp-content\/uploads\/2023\/03\/7ben-parke-Bulk-1024x768.jpg\" alt=\"\" width=\"450\" height=\"338\" \/><\/a><\/p>\n<p><a href=\"https:\/\/www.velomobileworld.com\/wp-content\/uploads\/2023\/03\/8ben-parke-Bulk-1024x768.jpg\" target=\"_blank\" rel=\"noopener\"><img loading=\"lazy\" decoding=\"async\" class=\"alignnone wp-image-17546\" src=\"https:\/\/www.velomobileworld.com\/wp-content\/uploads\/2023\/03\/8ben-parke-Bulk-1024x768.jpg\" alt=\"\" width=\"450\" height=\"338\" \/><\/a><\/p>\n<p><a href=\"https:\/\/www.velomobileworld.com\/wp-content\/uploads\/2023\/03\/3ben-parke-Bulk-1024x768.jpg\" target=\"_blank\" rel=\"noopener\"><img loading=\"lazy\" decoding=\"async\" class=\"alignnone wp-image-17530\" src=\"https:\/\/www.velomobileworld.com\/wp-content\/uploads\/2023\/03\/3ben-parke-Bulk-1024x768.jpg\" alt=\"\" width=\"450\" height=\"338\" \/><\/a><\/p>\n<p style=\"text-align: left;\"><strong>&#8230;&#8230;&#8230;&#8230;&#8230;&#8230;&#8230;&#8230;&#8230;&#8230;&#8230;&#8230;&#8230;&#8230;&#8230;&#8230;&#8230;&#8230;<\/strong><\/p>\n<p style=\"text-align: left;\">F\u00fcr weitere Informationen \u00fcber Ben klicken Sie auf den unten stehenden Link:<\/p>\n<p style=\"text-align: left;\"><a href=\"https:\/\/www.velomobileworld.com\/de\/49-5-2\/\" target=\"_blank\" rel=\"noopener\">BEN PARKE BOTSCHAFTER SEITE &gt;&gt;&gt;\u00a0<\/a><\/p>\n<p style=\"text-align: left;\"><strong>&#8230;&#8230;&#8230;&#8230;&#8230;&#8230;&#8230;&#8230;&#8230;&#8230;&#8230;&#8230;&#8230;&#8230;&#8230;&#8230;&#8230;&#8230;<\/strong><\/p>\n<p><a href=\"https:\/\/store.velomobileworld.com\/?utm_source=Banner_US_Canada_Worldwide&amp;utm_medium=Article&amp;utm_campaign=Blog\" target=\"_blank\" rel=\"noopener\"><img loading=\"lazy\" decoding=\"async\" class=\"alignnone wp-image-24840 ls-is-cached lazyloaded\" src=\"https:\/\/www.velomobileworld.com\/wp-content\/uploads\/2023\/07\/1-usa-canada-worldwide.png\" alt=\"\" width=\"450\" height=\"74\" data-src=\"https:\/\/www.velomobileworld.com\/wp-content\/uploads\/2023\/07\/1-usa-canada-worldwide.png\" \/><\/a><\/p>\n<p style=\"text-align: left;\"><strong>&#8230;&#8230;&#8230;&#8230;&#8230;&#8230;&#8230;&#8230;&#8230;&#8230;&#8230;&#8230;&#8230;&#8230;&#8230;&#8230;&#8230;&#8230;<\/strong><\/p>\n<p><a href=\"https:\/\/www.velomobileworld.com\/?product_tag=velomobiles&amp;utm_source=Banner_EU&amp;utm_medium=Article&amp;utm_campaign=Blog\" target=\"_blank\" rel=\"noopener\"><img loading=\"lazy\" decoding=\"async\" class=\"alignnone wp-image-24845 ls-is-cached lazyloaded\" src=\"https:\/\/www.velomobileworld.com\/wp-content\/uploads\/2023\/07\/2-european-union.png\" alt=\"\" width=\"449\" height=\"74\" data-src=\"https:\/\/www.velomobileworld.com\/wp-content\/uploads\/2023\/07\/2-european-union.png\" \/><\/a><\/p>\n","protected":false},"excerpt":{"rendered":"<p>GESCHICHTEN AUS DER VELOMOBIL-COMMUNITY Meine Velomobil-Pendlergeschichte Autor: Ben Parke aus den USA. &#8230;&#8230;&#8230;&#8230;&#8230;&#8230;&#8230;&#8230;&#8230;&#8230;&#8230;&#8230;&#8230;&#8230;&#8230;&#8230;&#8230;&#8230; &#8230;&#8230;&#8230;&#8230;&#8230;&#8230;&#8230;&#8230;&#8230;&#8230;&#8230;&#8230;&#8230;&#8230;&#8230;&#8230;&#8230;&#8230; &nbsp; Radfahren war schon immer meine [&hellip;]<\/p>\n","protected":false},"author":4,"featured_media":6678,"comment_status":"open","ping_status":"closed","sticky":false,"template":"","format":"standard","meta":{"_acf_changed":false,"footnotes":""},"categories":[],"tags":[],"class_list":["post-7204","post","type-post","status-publish","format-standard","has-post-thumbnail","hentry"],"acf":[],"yoast_head":"<!-- This site is optimized with the Yoast SEO plugin v27.5 - https:\/\/yoast.com\/product\/yoast-seo-wordpress\/ -->\n<title>Meine Velomobil-Pendlergeschichte (Ben Parke) | Velomobile World<\/title>\n<meta name=\"description\" content=\"Ich begann, \u00fcber M\u00f6glichkeiten nachzudenken, mehr zu fahren. Da beschloss ich, das Pendeln mit dem Velomobil auszuprobieren. Ein paar Monate sp\u00e4ter kam mein neuer B\u00fclk an.\" \/>\n<meta name=\"robots\" content=\"index, follow, max-snippet:-1, max-image-preview:large, max-video-preview:-1\" \/>\n<link rel=\"canonical\" href=\"https:\/\/www.velomobileworld.com\/de\/meine-velomobil-pendlergeschichte-ben-parke\/\" \/>\n<meta property=\"og:locale\" content=\"de_DE\" \/>\n<meta property=\"og:type\" content=\"article\" \/>\n<meta property=\"og:title\" content=\"Meine Velomobil-Pendlergeschichte (Ben Parke) | Velomobile World\" \/>\n<meta property=\"og:description\" content=\"Ich begann, \u00fcber M\u00f6glichkeiten nachzudenken, mehr zu fahren. Da beschloss ich, das Pendeln mit dem Velomobil auszuprobieren. Ein paar Monate sp\u00e4ter kam mein neuer B\u00fclk an.\" \/>\n<meta property=\"og:url\" content=\"https:\/\/www.velomobileworld.com\/de\/meine-velomobil-pendlergeschichte-ben-parke\/\" \/>\n<meta property=\"og:site_name\" content=\"Velomobile World\" \/>\n<meta property=\"article:published_time\" content=\"2024-12-13T13:12:00+00:00\" \/>\n<meta property=\"article:modified_time\" content=\"2025-07-25T10:11:08+00:00\" \/>\n<meta property=\"og:image\" content=\"https:\/\/www.velomobileworld.com\/wp-content\/uploads\/2024\/12\/1-Ben-Parke-Velomobile-Commuting-article.png\" \/>\n\t<meta property=\"og:image:width\" content=\"1920\" \/>\n\t<meta property=\"og:image:height\" content=\"850\" \/>\n\t<meta property=\"og:image:type\" content=\"image\/png\" \/>\n<meta name=\"author\" content=\"Jan Wijnen\" \/>\n<meta name=\"twitter:card\" content=\"summary_large_image\" \/>\n<meta name=\"twitter:label1\" content=\"Verfasst von\" \/>\n\t<meta name=\"twitter:data1\" content=\"Jan Wijnen\" \/>\n\t<meta name=\"twitter:label2\" content=\"Gesch\u00e4tzte Lesezeit\" \/>\n\t<meta name=\"twitter:data2\" content=\"4\u00a0Minuten\" \/>\n<script type=\"application\/ld+json\" class=\"yoast-schema-graph\">{\"@context\":\"https:\\\/\\\/schema.org\",\"@graph\":[{\"@type\":\"Article\",\"@id\":\"https:\\\/\\\/www.velomobileworld.com\\\/de\\\/meine-velomobil-pendlergeschichte-ben-parke\\\/#article\",\"isPartOf\":{\"@id\":\"https:\\\/\\\/www.velomobileworld.com\\\/de\\\/meine-velomobil-pendlergeschichte-ben-parke\\\/\"},\"author\":{\"name\":\"Jan Wijnen\",\"@id\":\"https:\\\/\\\/www.velomobileworld.com\\\/nl\\\/#\\\/schema\\\/person\\\/c0c7c661ad3c8719ed05a7dc85d6fa12\"},\"headline\":\"Meine Velomobil-Pendlergeschichte (Ben Parke)\",\"datePublished\":\"2024-12-13T13:12:00+00:00\",\"dateModified\":\"2025-07-25T10:11:08+00:00\",\"mainEntityOfPage\":{\"@id\":\"https:\\\/\\\/www.velomobileworld.com\\\/de\\\/meine-velomobil-pendlergeschichte-ben-parke\\\/\"},\"wordCount\":722,\"commentCount\":0,\"image\":{\"@id\":\"https:\\\/\\\/www.velomobileworld.com\\\/de\\\/meine-velomobil-pendlergeschichte-ben-parke\\\/#primaryimage\"},\"thumbnailUrl\":\"https:\\\/\\\/www.velomobileworld.com\\\/wp-content\\\/uploads\\\/2024\\\/12\\\/1-Ben-Parke-Velomobile-Commuting-article.png\",\"inLanguage\":\"de\",\"potentialAction\":[{\"@type\":\"CommentAction\",\"name\":\"Comment\",\"target\":[\"https:\\\/\\\/www.velomobileworld.com\\\/de\\\/meine-velomobil-pendlergeschichte-ben-parke\\\/#respond\"]}]},{\"@type\":\"WebPage\",\"@id\":\"https:\\\/\\\/www.velomobileworld.com\\\/de\\\/meine-velomobil-pendlergeschichte-ben-parke\\\/\",\"url\":\"https:\\\/\\\/www.velomobileworld.com\\\/de\\\/meine-velomobil-pendlergeschichte-ben-parke\\\/\",\"name\":\"Meine Velomobil-Pendlergeschichte (Ben Parke) | Velomobile World\",\"isPartOf\":{\"@id\":\"https:\\\/\\\/www.velomobileworld.com\\\/nl\\\/#website\"},\"primaryImageOfPage\":{\"@id\":\"https:\\\/\\\/www.velomobileworld.com\\\/de\\\/meine-velomobil-pendlergeschichte-ben-parke\\\/#primaryimage\"},\"image\":{\"@id\":\"https:\\\/\\\/www.velomobileworld.com\\\/de\\\/meine-velomobil-pendlergeschichte-ben-parke\\\/#primaryimage\"},\"thumbnailUrl\":\"https:\\\/\\\/www.velomobileworld.com\\\/wp-content\\\/uploads\\\/2024\\\/12\\\/1-Ben-Parke-Velomobile-Commuting-article.png\",\"datePublished\":\"2024-12-13T13:12:00+00:00\",\"dateModified\":\"2025-07-25T10:11:08+00:00\",\"author\":{\"@id\":\"https:\\\/\\\/www.velomobileworld.com\\\/nl\\\/#\\\/schema\\\/person\\\/c0c7c661ad3c8719ed05a7dc85d6fa12\"},\"description\":\"Ich begann, \u00fcber M\u00f6glichkeiten nachzudenken, mehr zu fahren. Da beschloss ich, das Pendeln mit dem Velomobil auszuprobieren. Ein paar Monate sp\u00e4ter kam mein neuer B\u00fclk an.\",\"breadcrumb\":{\"@id\":\"https:\\\/\\\/www.velomobileworld.com\\\/de\\\/meine-velomobil-pendlergeschichte-ben-parke\\\/#breadcrumb\"},\"inLanguage\":\"de\",\"potentialAction\":[{\"@type\":\"ReadAction\",\"target\":[\"https:\\\/\\\/www.velomobileworld.com\\\/de\\\/meine-velomobil-pendlergeschichte-ben-parke\\\/\"]}]},{\"@type\":\"ImageObject\",\"inLanguage\":\"de\",\"@id\":\"https:\\\/\\\/www.velomobileworld.com\\\/de\\\/meine-velomobil-pendlergeschichte-ben-parke\\\/#primaryimage\",\"url\":\"https:\\\/\\\/www.velomobileworld.com\\\/wp-content\\\/uploads\\\/2024\\\/12\\\/1-Ben-Parke-Velomobile-Commuting-article.png\",\"contentUrl\":\"https:\\\/\\\/www.velomobileworld.com\\\/wp-content\\\/uploads\\\/2024\\\/12\\\/1-Ben-Parke-Velomobile-Commuting-article.png\",\"width\":1920,\"height\":850,\"caption\":\"1-Ben-Parke-Velomobile-Commuting-article\"},{\"@type\":\"BreadcrumbList\",\"@id\":\"https:\\\/\\\/www.velomobileworld.com\\\/de\\\/meine-velomobil-pendlergeschichte-ben-parke\\\/#breadcrumb\",\"itemListElement\":[{\"@type\":\"ListItem\",\"position\":1,\"name\":\"Home\",\"item\":\"https:\\\/\\\/www.velomobileworld.com\\\/\"},{\"@type\":\"ListItem\",\"position\":2,\"name\":\"Meine Velomobil-Pendlergeschichte (Ben Parke)\"}]},{\"@type\":\"WebSite\",\"@id\":\"https:\\\/\\\/www.velomobileworld.com\\\/nl\\\/#website\",\"url\":\"https:\\\/\\\/www.velomobileworld.com\\\/nl\\\/\",\"name\":\"Velomobile World\",\"description\":\"\",\"potentialAction\":[{\"@type\":\"SearchAction\",\"target\":{\"@type\":\"EntryPoint\",\"urlTemplate\":\"https:\\\/\\\/www.velomobileworld.com\\\/nl\\\/?s={search_term_string}\"},\"query-input\":{\"@type\":\"PropertyValueSpecification\",\"valueRequired\":true,\"valueName\":\"search_term_string\"}}],\"inLanguage\":\"de\"},{\"@type\":\"Person\",\"@id\":\"https:\\\/\\\/www.velomobileworld.com\\\/nl\\\/#\\\/schema\\\/person\\\/c0c7c661ad3c8719ed05a7dc85d6fa12\",\"name\":\"Jan Wijnen\",\"image\":{\"@type\":\"ImageObject\",\"inLanguage\":\"de\",\"@id\":\"https:\\\/\\\/secure.gravatar.com\\\/avatar\\\/4802c8a6006d5895d73a1141e39ccf819bca7ec1dbfb26a6f4370880cefa109a?s=96&d=mm&r=g\",\"url\":\"https:\\\/\\\/secure.gravatar.com\\\/avatar\\\/4802c8a6006d5895d73a1141e39ccf819bca7ec1dbfb26a6f4370880cefa109a?s=96&d=mm&r=g\",\"contentUrl\":\"https:\\\/\\\/secure.gravatar.com\\\/avatar\\\/4802c8a6006d5895d73a1141e39ccf819bca7ec1dbfb26a6f4370880cefa109a?s=96&d=mm&r=g\",\"caption\":\"Jan Wijnen\"},\"url\":\"https:\\\/\\\/www.velomobileworld.com\\\/de\\\/author\\\/jan-admin\\\/\"}]}<\/script>\n<!-- \/ Yoast SEO plugin. -->","yoast_head_json":{"title":"Meine Velomobil-Pendlergeschichte (Ben Parke) | Velomobile World","description":"Ich begann, \u00fcber M\u00f6glichkeiten nachzudenken, mehr zu fahren. Da beschloss ich, das Pendeln mit dem Velomobil auszuprobieren. Ein paar Monate sp\u00e4ter kam mein neuer B\u00fclk an.","robots":{"index":"index","follow":"follow","max-snippet":"max-snippet:-1","max-image-preview":"max-image-preview:large","max-video-preview":"max-video-preview:-1"},"canonical":"https:\/\/www.velomobileworld.com\/de\/meine-velomobil-pendlergeschichte-ben-parke\/","og_locale":"de_DE","og_type":"article","og_title":"Meine Velomobil-Pendlergeschichte (Ben Parke) | Velomobile World","og_description":"Ich begann, \u00fcber M\u00f6glichkeiten nachzudenken, mehr zu fahren. Da beschloss ich, das Pendeln mit dem Velomobil auszuprobieren. Ein paar Monate sp\u00e4ter kam mein neuer B\u00fclk an.","og_url":"https:\/\/www.velomobileworld.com\/de\/meine-velomobil-pendlergeschichte-ben-parke\/","og_site_name":"Velomobile World","article_published_time":"2024-12-13T13:12:00+00:00","article_modified_time":"2025-07-25T10:11:08+00:00","og_image":[{"width":1920,"height":850,"url":"https:\/\/www.velomobileworld.com\/wp-content\/uploads\/2024\/12\/1-Ben-Parke-Velomobile-Commuting-article.png","type":"image\/png"}],"author":"Jan Wijnen","twitter_card":"summary_large_image","twitter_misc":{"Verfasst von":"Jan Wijnen","Gesch\u00e4tzte Lesezeit":"4\u00a0Minuten"},"schema":{"@context":"https:\/\/schema.org","@graph":[{"@type":"Article","@id":"https:\/\/www.velomobileworld.com\/de\/meine-velomobil-pendlergeschichte-ben-parke\/#article","isPartOf":{"@id":"https:\/\/www.velomobileworld.com\/de\/meine-velomobil-pendlergeschichte-ben-parke\/"},"author":{"name":"Jan Wijnen","@id":"https:\/\/www.velomobileworld.com\/nl\/#\/schema\/person\/c0c7c661ad3c8719ed05a7dc85d6fa12"},"headline":"Meine Velomobil-Pendlergeschichte (Ben Parke)","datePublished":"2024-12-13T13:12:00+00:00","dateModified":"2025-07-25T10:11:08+00:00","mainEntityOfPage":{"@id":"https:\/\/www.velomobileworld.com\/de\/meine-velomobil-pendlergeschichte-ben-parke\/"},"wordCount":722,"commentCount":0,"image":{"@id":"https:\/\/www.velomobileworld.com\/de\/meine-velomobil-pendlergeschichte-ben-parke\/#primaryimage"},"thumbnailUrl":"https:\/\/www.velomobileworld.com\/wp-content\/uploads\/2024\/12\/1-Ben-Parke-Velomobile-Commuting-article.png","inLanguage":"de","potentialAction":[{"@type":"CommentAction","name":"Comment","target":["https:\/\/www.velomobileworld.com\/de\/meine-velomobil-pendlergeschichte-ben-parke\/#respond"]}]},{"@type":"WebPage","@id":"https:\/\/www.velomobileworld.com\/de\/meine-velomobil-pendlergeschichte-ben-parke\/","url":"https:\/\/www.velomobileworld.com\/de\/meine-velomobil-pendlergeschichte-ben-parke\/","name":"Meine Velomobil-Pendlergeschichte (Ben Parke) | Velomobile World","isPartOf":{"@id":"https:\/\/www.velomobileworld.com\/nl\/#website"},"primaryImageOfPage":{"@id":"https:\/\/www.velomobileworld.com\/de\/meine-velomobil-pendlergeschichte-ben-parke\/#primaryimage"},"image":{"@id":"https:\/\/www.velomobileworld.com\/de\/meine-velomobil-pendlergeschichte-ben-parke\/#primaryimage"},"thumbnailUrl":"https:\/\/www.velomobileworld.com\/wp-content\/uploads\/2024\/12\/1-Ben-Parke-Velomobile-Commuting-article.png","datePublished":"2024-12-13T13:12:00+00:00","dateModified":"2025-07-25T10:11:08+00:00","author":{"@id":"https:\/\/www.velomobileworld.com\/nl\/#\/schema\/person\/c0c7c661ad3c8719ed05a7dc85d6fa12"},"description":"Ich begann, \u00fcber M\u00f6glichkeiten nachzudenken, mehr zu fahren. Da beschloss ich, das Pendeln mit dem Velomobil auszuprobieren. Ein paar Monate sp\u00e4ter kam mein neuer B\u00fclk an.","breadcrumb":{"@id":"https:\/\/www.velomobileworld.com\/de\/meine-velomobil-pendlergeschichte-ben-parke\/#breadcrumb"},"inLanguage":"de","potentialAction":[{"@type":"ReadAction","target":["https:\/\/www.velomobileworld.com\/de\/meine-velomobil-pendlergeschichte-ben-parke\/"]}]},{"@type":"ImageObject","inLanguage":"de","@id":"https:\/\/www.velomobileworld.com\/de\/meine-velomobil-pendlergeschichte-ben-parke\/#primaryimage","url":"https:\/\/www.velomobileworld.com\/wp-content\/uploads\/2024\/12\/1-Ben-Parke-Velomobile-Commuting-article.png","contentUrl":"https:\/\/www.velomobileworld.com\/wp-content\/uploads\/2024\/12\/1-Ben-Parke-Velomobile-Commuting-article.png","width":1920,"height":850,"caption":"1-Ben-Parke-Velomobile-Commuting-article"},{"@type":"BreadcrumbList","@id":"https:\/\/www.velomobileworld.com\/de\/meine-velomobil-pendlergeschichte-ben-parke\/#breadcrumb","itemListElement":[{"@type":"ListItem","position":1,"name":"Home","item":"https:\/\/www.velomobileworld.com\/"},{"@type":"ListItem","position":2,"name":"Meine Velomobil-Pendlergeschichte (Ben Parke)"}]},{"@type":"WebSite","@id":"https:\/\/www.velomobileworld.com\/nl\/#website","url":"https:\/\/www.velomobileworld.com\/nl\/","name":"Velomobile World","description":"","potentialAction":[{"@type":"SearchAction","target":{"@type":"EntryPoint","urlTemplate":"https:\/\/www.velomobileworld.com\/nl\/?s={search_term_string}"},"query-input":{"@type":"PropertyValueSpecification","valueRequired":true,"valueName":"search_term_string"}}],"inLanguage":"de"},{"@type":"Person","@id":"https:\/\/www.velomobileworld.com\/nl\/#\/schema\/person\/c0c7c661ad3c8719ed05a7dc85d6fa12","name":"Jan Wijnen","image":{"@type":"ImageObject","inLanguage":"de","@id":"https:\/\/secure.gravatar.com\/avatar\/4802c8a6006d5895d73a1141e39ccf819bca7ec1dbfb26a6f4370880cefa109a?s=96&d=mm&r=g","url":"https:\/\/secure.gravatar.com\/avatar\/4802c8a6006d5895d73a1141e39ccf819bca7ec1dbfb26a6f4370880cefa109a?s=96&d=mm&r=g","contentUrl":"https:\/\/secure.gravatar.com\/avatar\/4802c8a6006d5895d73a1141e39ccf819bca7ec1dbfb26a6f4370880cefa109a?s=96&d=mm&r=g","caption":"Jan Wijnen"},"url":"https:\/\/www.velomobileworld.com\/de\/author\/jan-admin\/"}]}},"_links":{"self":[{"href":"https:\/\/www.velomobileworld.com\/de\/wp-json\/wp\/v2\/posts\/7204","targetHints":{"allow":["GET"]}}],"collection":[{"href":"https:\/\/www.velomobileworld.com\/de\/wp-json\/wp\/v2\/posts"}],"about":[{"href":"https:\/\/www.velomobileworld.com\/de\/wp-json\/wp\/v2\/types\/post"}],"author":[{"embeddable":true,"href":"https:\/\/www.velomobileworld.com\/de\/wp-json\/wp\/v2\/users\/4"}],"replies":[{"embeddable":true,"href":"https:\/\/www.velomobileworld.com\/de\/wp-json\/wp\/v2\/comments?post=7204"}],"version-history":[{"count":2,"href":"https:\/\/www.velomobileworld.com\/de\/wp-json\/wp\/v2\/posts\/7204\/revisions"}],"predecessor-version":[{"id":100719,"href":"https:\/\/www.velomobileworld.com\/de\/wp-json\/wp\/v2\/posts\/7204\/revisions\/100719"}],"wp:featuredmedia":[{"embeddable":true,"href":"https:\/\/www.velomobileworld.com\/de\/wp-json\/wp\/v2\/media\/6678"}],"wp:attachment":[{"href":"https:\/\/www.velomobileworld.com\/de\/wp-json\/wp\/v2\/media?parent=7204"}],"wp:term":[{"taxonomy":"category","embeddable":true,"href":"https:\/\/www.velomobileworld.com\/de\/wp-json\/wp\/v2\/categories?post=7204"},{"taxonomy":"post_tag","embeddable":true,"href":"https:\/\/www.velomobileworld.com\/de\/wp-json\/wp\/v2\/tags?post=7204"}],"curies":[{"name":"wp","href":"https:\/\/api.w.org\/{rel}","templated":true}]}}