{"id":7212,"date":"2024-12-09T13:57:42","date_gmt":"2024-12-09T12:57:42","guid":{"rendered":"https:\/\/velomobileworld.convident.dev\/seit-12-jahren-radfahren-mit-dem-velomobil\/"},"modified":"2025-07-25T12:11:22","modified_gmt":"2025-07-25T10:11:22","slug":"seit-12-jahren-radfahren-mit-dem-velomobil","status":"publish","type":"post","link":"https:\/\/www.velomobileworld.com\/de\/seit-12-jahren-radfahren-mit-dem-velomobil\/","title":{"rendered":"Seit 12 Jahren Radfahren mit dem Velomobil"},"content":{"rendered":"<p style=\"text-align: left;\"><span style=\"color: #ff0000;\"><em><strong>GESCHICHTEN AUS DER VELOMOBIL-COMMUNITY<\/strong><\/em><\/span><\/p>\n<p style=\"text-align: left;\"><b>12 Jahre Velomobil Erfahrung. Ein pers\u00f6nlicher Radfahren Erfahrungsbericht von Max Weldert.<\/b><\/p>\n<p style=\"text-align: left;\"><strong>&#8230;&#8230;&#8230;&#8230;&#8230;&#8230;&#8230;&#8230;&#8230;&#8230;&#8230;&#8230;&#8230;&#8230;&#8230;&#8230;&#8230;&#8230;<\/strong><\/p>\n<p style=\"text-align: left;\"><img decoding=\"async\" class=\"emoji\" role=\"img\" draggable=\"false\" src=\"https:\/\/s.w.org\/images\/core\/emoji\/14.0.0\/svg\/27a1.svg\" alt=\"\u27a1\ufe0f\" \/> <span style=\"color: #ff0000;\"><a style=\"color: #ff0000;\" href=\"\/?product_tag=velomobiles\" target=\"_blank\" rel=\"noopener\">WOLLEN SIE IHR EIGENES VELOMOBIL ? ENTDECKEN SIE DIE MODELLE HIER !<\/a><\/span><\/p>\n<p style=\"text-align: left;\"><strong>&#8230;&#8230;&#8230;&#8230;&#8230;&#8230;&#8230;&#8230;&#8230;&#8230;&#8230;&#8230;&#8230;&#8230;&#8230;&#8230;&#8230;&#8230;<\/strong><\/p>\n<p><a href=\"https:\/\/www.velomobileworld.com\/de\/img_5010-2\/\" target=\"_blank\" rel=\"noopener\"><img loading=\"lazy\" decoding=\"async\" class=\"alignnone wp-image-19200\" src=\"https:\/\/www.velomobileworld.com\/wp-content\/uploads\/2023\/04\/6-Velomobile-World-Banner.gif\" alt=\"\" width=\"450\" height=\"56\" \/><\/a><\/p>\n<p style=\"text-align: left;\">\n<p>&nbsp;<\/p>\n<p style=\"text-align: left;\"><span style=\"font-weight: 400;\">Ich bin aufgewachsen mit dem Gedanken, dass es normal ist ein Auto zu besitzen und es t\u00e4glich zu benutzen, egal wohin man auch wollte. Die Familienautos waren feste Teil des Lebens, ja fast Teil unserer Identit\u00e4t. Das hing sicher damit zusammen, dass wir auf dem Land, in einer kleinen Bauernschaft, lebten und es keine Bushaltestelle weit und breit gab. Doch je \u00e4lter ich wurde, umso mehr stellte ich diese Selbstverst\u00e4ndlichkeit des Autobesitzes in Frage. Zugleich kam bei mir in jungen Jahren der unb\u00e4ndige Wunsch nach Unabh\u00e4ngigkeit auf und so kam es, dass mich das Thema Radfahren immer st\u00e4rker besch\u00e4ftigte. Mit 12 Jahren unternahm ich schlie\u00dflich mit meinem besten Freund eine Radtour durch die Niederlande und es f\u00fchlte sich nach grenzenloser Freiheit an. Das Thema muskelbetriebene Mobilit\u00e4t faszinierte mich schon damals und sollte mich bis heute nicht mehr loslassen. <\/span><\/p>\n<p>&nbsp;<\/p>\n<p style=\"text-align: left;\">\n<p><a href=\"https:\/\/www.velomobileworld.com\/wp-content\/uploads\/2023\/05\/Amir-and-Max-on-their-M5-Carbon-Highracers-on-their-way-from-Germany-to-Lisbon-Portugal-1024x768.jpg\" target=\"_blank\" rel=\"noopener\"><img loading=\"lazy\" decoding=\"async\" class=\"alignnone wp-image-19134\" src=\"https:\/\/www.velomobileworld.com\/wp-content\/uploads\/2023\/05\/Amir-and-Max-on-their-M5-Carbon-Highracers-on-their-way-from-Germany-to-Lisbon-Portugal-1024x768.jpg\" alt=\"\" width=\"450\" height=\"338\" \/><\/a><\/p>\n<p style=\"text-align: left;\"><em><img decoding=\"async\" class=\"emoji\" role=\"img\" draggable=\"false\" src=\"https:\/\/s.w.org\/images\/core\/emoji\/13.1.0\/svg\/2b06.svg\" alt=\"\u2b06\ufe0f\" \/> Amir und Max auf ihren M5 Carbon Highracers auf dem Weg von Deutschland nach Lissabon (Portugal)<\/em><\/p>\n<p><a href=\"https:\/\/www.velomobileworld.com\/wp-content\/uploads\/2023\/05\/Max-in-the-DF-and-his-best-friend-Amir-in-a-Mango-1024x768.jpg\" target=\"_blank\" rel=\"noopener\"><img loading=\"lazy\" decoding=\"async\" class=\"alignnone wp-image-19138\" src=\"https:\/\/www.velomobileworld.com\/wp-content\/uploads\/2023\/05\/Max-in-the-DF-and-his-best-friend-Amir-in-a-Mango-1024x768.jpg\" alt=\"\" width=\"450\" height=\"338\" \/><\/a><\/p>\n<p style=\"text-align: left;\"><em><img decoding=\"async\" class=\"emoji\" role=\"img\" draggable=\"false\" src=\"https:\/\/s.w.org\/images\/core\/emoji\/13.1.0\/svg\/2b06.svg\" alt=\"\u2b06\ufe0f\" \/> Max im DF und sein bester Freund Amir in einer Mango<\/em><\/p>\n<p>&nbsp;<\/p>\n<p style=\"text-align: left;\"><span style=\"font-weight: 400;\">Angefangen mit einem einfachen Treckingrad f\u00fcr Kinder erhielt schlie\u00dflich zum Geburtstag ein Cyclocross-Rennrad Einzug in meinen Alltag, was mich von nun an t\u00e4glich begleitete. Der Weg zur Schule, zu Freunden oder zum Sportverein ging damit deutlich schneller als vorher und bereitete mir viel Spa\u00df. Beim Radfahren verga\u00df ich die Welt um mich herum und f\u00fchlte mich frei. Zumindest im Sommer. Als die Tage k\u00e4lter und n\u00e4sser wurden, wurde die t\u00e4gliche Fahrerei zunehmend m\u00fchsamer.<\/span><\/p>\n<p>&nbsp;<\/p>\n<p>&nbsp;<\/p>\n<p style=\"text-align: left;\"><span style=\"font-weight: 400;\">In diesen Momenten malte ich mir aus, wie es sein m\u00fcsste, gesch\u00fctzt Radfahren zu k\u00f6nnen \u2013 quasi ein Fahrrad mit Karosserie. Von der Existenz eines Velomobils wusste ich bis dahin nichts. In einer Zeit, in der man sich jedes Mal aktiv ins Internet einw\u00e4hlen musste, begann ich, Recherche zu betreiben und sto\u00df dabei erstmalig auf das Velomobil. Radfahren ohne Motor, nur mit Muskelkraft, aber dennoch schneller als ein Rennrad und dabei noch wettergesch\u00fctzt. Der Gedanke an ein eigenes Velomobil lies mich nicht mehr ruhig schlafen und ich begann, schon in Schulzeiten flei\u00dfig zu sparen. Als ich 16 war, war es endlich so weit. Ich warf all mein Erspartes zusammen, um mir ein gebrauchtes Velomobil zu kaufen. Ein altes Mango, noch gebaut durch velomobiel.nl, mit GFK-Karosserie und 3&#215;8 Schaltung.\u00a0 <\/span><\/p>\n<p>&nbsp;<\/p>\n<p>&nbsp;<\/p>\n<p style=\"text-align: left;\"><span style=\"font-weight: 400;\">Auch wenn ich vorher schon eine gewisse Vorliebe f\u00fcrs Radfahren hatte und das Mango nach heutigem Standard sicher eher als ein aerodynamisch \u00fcberholtes Modell eingestuft werden w\u00fcrde, \u00f6ffnete sich mit diesem Fahrzeug eine neue Welt f\u00fcr mich. Pl\u00f6tzlich waren Distanzen m\u00f6glich, die vorher undenkbar waren. Au\u00dferdem war ich gesch\u00fctzt vor K\u00e4lte und N\u00e4sse, musste mir keine Regenkleidung mehr \u00fcberziehen und konnte mein Gep\u00e4ck einfach hinten reinwerfen. <\/span><\/p>\n<p>&nbsp;<\/p>\n<p style=\"text-align: left;\">\n<p style=\"text-align: left;\"><a href=\"https:\/\/www.velomobileworld.com\/wp-content\/uploads\/2023\/05\/Velomobile-tour-to-Rugen-and-back-_Max-on-the-right_.jpg\" target=\"_blank\" rel=\"noopener\"><img loading=\"lazy\" decoding=\"async\" class=\"alignnone wp-image-19130\" src=\"https:\/\/www.velomobileworld.com\/wp-content\/uploads\/2023\/05\/Velomobile-tour-to-Rugen-and-back-_Max-on-the-right_.jpg\" alt=\"\" width=\"450\" height=\"253\" \/><\/a><\/p>\n<p style=\"text-align: left;\"><img decoding=\"async\" class=\"emoji\" role=\"img\" draggable=\"false\" src=\"https:\/\/s.w.org\/images\/core\/emoji\/13.1.0\/svg\/2b06.svg\" alt=\"\u2b06\ufe0f\" \/> <em>Velomobiltour nach R\u00fcgen und zur\u00fcck (Max auf der rechten Seite)**<\/em><\/p>\n<p><a href=\"https:\/\/www.velomobileworld.com\/wp-content\/uploads\/2023\/05\/max-in-second-place-at-the-race-in-rutenbrock-1024x764.jpg\" target=\"_blank\" rel=\"noopener\"><img loading=\"lazy\" decoding=\"async\" class=\"alignnone wp-image-19126\" src=\"https:\/\/www.velomobileworld.com\/wp-content\/uploads\/2023\/05\/max-in-second-place-at-the-race-in-rutenbrock-1024x764.jpg\" alt=\"\" width=\"450\" height=\"336\" \/><\/a><\/p>\n<p style=\"text-align: left;\"><img decoding=\"async\" class=\"emoji\" role=\"img\" draggable=\"false\" src=\"https:\/\/s.w.org\/images\/core\/emoji\/13.1.0\/svg\/2b06.svg\" alt=\"\u2b06\ufe0f\" \/> <em>Max auf dem zweiten Platz beim Rennen in R\u00fctenbrock (2014)*<\/em><\/p>\n<p>&nbsp;<\/p>\n<p>&nbsp;<\/p>\n<p style=\"text-align: left;\"><span style=\"font-weight: 400;\">Das Mango w\u00fcrde ich heute als meine Einstiegsdroge in die Velomobilwelt bezeichnen. Ich war angefixt und wollte auf ein leichteres und effizienteres Gef\u00e4hrt umsteigen. \u00dcber die Jahre hinweg probierte ich so ziemlich alle Velomobile aus, die der Markt hergab. Vom Mango \u00fcber mehrere Queste, einem Milan SL, einem Quattrovelo (Quatrevelo), einem Evo R, einem Evo Ks, einem Velayo, einem DF XL, hin zum Alpha 7, einem Alpha 9 und einem Milan GT. So konnte ich nach zehntausenden Kilometern in verschiedensten Modellen enorm viel Erfahrung sammeln. Manche Velomobile waren zwar pfeilschnell, aber f\u00fcr mich mit fast 1,90m und \u00fcber 90kg musste ich nach l\u00e4ngeren Ausfahrten feststellen, dass sie mir mit meinen K\u00f6rperma\u00dfen zu eng waren, um l\u00e4nger darin Leistung bringen zu k\u00f6nnen. Oder ich h\u00e4tte auf so kurze Kurbeln wechseln m\u00fcssen, dass an ein ergonomisches Treten nicht mehr zu denken gewesen w\u00e4re. F\u00fcr mich steht jedenfalls fest, dass einem das aerodynamisch ausgekl\u00fcgelste Velomobil nichts n\u00fctzt, wenn sich die Fahrerin oder der Fahrer darin nicht wohl f\u00fchlt. Daher kommt es etwa auch darauf an, ob der Sitz an irgendeiner Stelle dr\u00fcckt, wie einem die Formgebung optisch gef\u00e4llt, ob der Einsteig gro\u00df genug ist, wie windanf\u00e4llig das Fahrzeug ist, ob der Gep\u00e4ckraum gut zug\u00e4nglich ist usw. Welches Velomobil mich in den 12 Jahren Radfahren mit ihnen am meisten begeistert hat, dar\u00fcber werde ich in einem anderen Artikel berichten. Eines kann ich aber schon einmal vorwegnehmen: \u00dcber all die Jahre hat eine unglaubliche Evolution im Velomobilbau stattgefunden. Die Fahrzeuge sind immer schneller, sicherer und leichter geworden bei luxuri\u00f6serer Ausstattung.<\/span><\/p>\n<p>&nbsp;<\/p>\n<p style=\"text-align: left;\">\n<p><a href=\"https:\/\/www.velomobileworld.com\/wp-content\/uploads\/2023\/05\/Evo-R-1024x768.jpg\" target=\"_blank\" rel=\"noopener\"><img loading=\"lazy\" decoding=\"async\" class=\"alignnone wp-image-19142\" src=\"https:\/\/www.velomobileworld.com\/wp-content\/uploads\/2023\/05\/Evo-R-1024x768.jpg\" alt=\"\" width=\"450\" height=\"338\" \/><\/a><\/p>\n<p style=\"text-align: left;\"><em><img decoding=\"async\" class=\"emoji\" role=\"img\" draggable=\"false\" src=\"https:\/\/s.w.org\/images\/core\/emoji\/13.1.0\/svg\/2b06.svg\" alt=\"\u2b06\ufe0f\" \/> Evo R Velomobil<\/em><\/p>\n<p>&nbsp;<\/p>\n<p style=\"text-align: left;\"><span style=\"font-weight: 400;\">Viele Fahrer:innen nutzen das Velomobil f\u00fcr den t\u00e4glichen Weg zur Arbeit, manche bis zu 60km pro Strecke. Ich selbst nutze es vorwiegend in der Freizeit, aus Spa\u00df an der Freude und hin und wieder f\u00fcr Reisen oder l\u00e4ngeren Touren. Vor einigen Jahren bin ich jedoch auch regelm\u00e4\u00dfig zwischen M\u00fcnster und Osnabr\u00fcck damit hin und her gependelt. Wer beim Radfahren auf einem herk\u00f6mmlichen Fahrrad nach kurzer Zeit \u00fcber R\u00fcckenschmerzen klagt, wird sich beim Velomobil \u00fcber den hohen Komfort freuen. Man nimmt eine sehr bequeme Liegeposition ein, bei der auch nach vielen Stunden Radfahren keine Schmerzen auftreten. Um die perfekte Position zu finden, sollte man sich Zeit lassen. Sobald diese aber gefunden ist, steigt man nach vielen Stunden Fahrt lediglich mit ersch\u00f6pften Muskeln aus.<\/span><\/p>\n<p>&nbsp;<\/p>\n<p style=\"text-align: left;\">\n<p><a href=\"https:\/\/www.velomobileworld.com\/wp-content\/uploads\/2023\/05\/Max-cycling-with-a-friend-.jpg\" target=\"_blank\" rel=\"noopener\"><img loading=\"lazy\" decoding=\"async\" class=\"alignnone wp-image-19150\" src=\"https:\/\/www.velomobileworld.com\/wp-content\/uploads\/2023\/05\/Max-cycling-with-a-friend-.jpg\" alt=\"\" width=\"450\" height=\"599\" \/><\/a><\/p>\n<p style=\"text-align: left;\"><em><img decoding=\"async\" class=\"emoji\" role=\"img\" draggable=\"false\" src=\"https:\/\/s.w.org\/images\/core\/emoji\/13.1.0\/svg\/2b06.svg\" alt=\"\u2b06\ufe0f\" \/> Max radelt mit einem Freund<\/em><\/p>\n<p>&nbsp;<\/p>\n<p style=\"text-align: left;\"><span style=\"font-weight: 400;\">H\u00e4ufig werde ich befragt, wie sich Radfahren in einem Velomobil anf\u00fchlt. Mir f\u00e4llt es schwer, diese Frage zu beantworten. F\u00fcr mich ist es Radfahren in einer neuen Liga. Mich begeistert die unglaubliche Effizienz und Geschwindigkeit, die heutige Velomobile erreichen. Wenn man mit 50 oder 60km\/h \u00fcber die Stra\u00dfe fliegt, und ja das sind Geschwindigkeiten die sich lange Zeit halten lassen, und dabei die Natur nur so an sich vorbeiziehen sieht, erf\u00fcllt mich das mit einem nicht zu bezahlenden Freiheitsgef\u00fchl. Und auch nach \u00fcber 12 Jahren Erfahrung, sitze ich heute manchmal noch fassungslos im Velomobil und kann mich daran erfreuen, welche Geschwindigkeiten aus reiner Muskelkraft erreichbar sind und das vollst\u00e4ndig ohne Emissionen. Das Velomobil ist aus meiner Sicht ganz klar das effiziente Fahrzeug, was man f\u00fcr Geld kaufen kann. Dies ist besonders beeindruckt, wenn man bedenkt, dass alle Serienmobile vollst\u00e4ndig alltagstauglich sind. Den Hype um Elektromobilit\u00e4t konnte ich daher nie ganz nachvollziehen und es \u00e4rgert mich, dass die Politik E-Autos subventioniert, w\u00e4hrend \u201eunsere\u201c Spezialfahrr\u00e4der keine Ber\u00fccksichtigung finden.<\/span><\/p>\n<p>&nbsp;<\/p>\n<p style=\"text-align: left;\">\n<p><a href=\"https:\/\/www.velomobileworld.com\/wp-content\/uploads\/2023\/05\/How-to-make-your-baby-fall-asleep-in-a-Quest-velomobile.jpg\" target=\"_blank\" rel=\"noopener\"><img loading=\"lazy\" decoding=\"async\" class=\"alignnone wp-image-19146\" src=\"https:\/\/www.velomobileworld.com\/wp-content\/uploads\/2023\/05\/How-to-make-your-baby-fall-asleep-in-a-Quest-velomobile.jpg\" alt=\"\" width=\"450\" height=\"338\" \/><\/a><\/p>\n<p style=\"text-align: left;\"><em><img decoding=\"async\" class=\"emoji\" role=\"img\" draggable=\"false\" src=\"https:\/\/s.w.org\/images\/core\/emoji\/13.1.0\/svg\/2b06.svg\" alt=\"\u2b06\ufe0f\" \/> Wie Sie Ihr Baby in einem Quest-Velomobil zum Einschlafen bringen<\/em><\/p>\n<p><a href=\"https:\/\/www.velomobileworld.com\/wp-content\/uploads\/2023\/05\/Max-with-his-son.jpg\" target=\"_blank\" rel=\"noopener\"><img loading=\"lazy\" decoding=\"async\" class=\"alignnone wp-image-19190\" src=\"https:\/\/www.velomobileworld.com\/wp-content\/uploads\/2023\/05\/Max-with-his-son.jpg\" alt=\"\" width=\"450\" height=\"600\" \/><\/a><\/p>\n<p style=\"text-align: left;\"><em><img decoding=\"async\" class=\"emoji\" role=\"img\" draggable=\"false\" src=\"https:\/\/s.w.org\/images\/core\/emoji\/13.1.0\/svg\/2b06.svg\" alt=\"\u2b06\ufe0f\" \/> Max mit seinem Sohn<\/em><\/p>\n<p>&nbsp;<\/p>\n<p style=\"text-align: left;\"><span style=\"font-weight: 400;\">Mit meiner Leidenschaft f\u00fcr Velomobile bin ich nicht alleine geblieben. Mein bester Freund, mit dem ich einst in Kindertagen die Radreise durch die Niederlande unternommen habe, f\u00e4hrt heute ebenfalls ein DF XL. Uns verbinden zahlreiche gemeinsame Touren- und Reiseerfahrungen, im Velomobil und auf dem Liegerad. Ich hoffe, mit meinen Erfahrungen aus 12 Jahren Velomobil weitere Leute infizieren zu k\u00f6nnen und empfehle jedem eine Testfahrt beim n\u00e4chstliegenden Velomobil-H\u00e4ndler (<a href=\"\/?page_id=970\" target=\"_blank\" rel=\"noopener\">hier sehen<\/a>). Um die Faszination zu verstehen, muss man ein Velomobil im wahrsten Sinne des Wortes selbst erfahren.<\/span><\/p>\n<p>&nbsp;<\/p>\n<p style=\"text-align: left;\">\n<p><a href=\"https:\/\/www.velomobileworld.com\/wp-content\/uploads\/2023\/05\/Alpha-9-2023.jpg\" target=\"_blank\" rel=\"noopener\"><img loading=\"lazy\" decoding=\"async\" class=\"alignnone wp-image-19122\" src=\"https:\/\/www.velomobileworld.com\/wp-content\/uploads\/2023\/05\/Alpha-9-2023.jpg\" alt=\"\" width=\"450\" height=\"338\" \/><\/a><\/p>\n<p style=\"text-align: left;\"><img decoding=\"async\" class=\"emoji\" role=\"img\" draggable=\"false\" src=\"https:\/\/s.w.org\/images\/core\/emoji\/13.1.0\/svg\/2b06.svg\" alt=\"\u2b06\ufe0f\" \/> <em>Alpha 9 (2023)<\/em><\/p>\n<p>&nbsp;<\/p>\n<p style=\"text-align: left;\">*https:\/\/kampeerwijzer.com\/2014\/07\/20\/zomercompetitie-nvhpv-rutenbrock\/<\/p>\n<p style=\"text-align: left;\">**https:\/\/www.cz.de\/Celler-Land\/Samtgemeinde-Lachendorf\/Eldingen\/Auf-100-Kilometer-zwei-Liter-Wasser<\/p>\n","protected":false},"excerpt":{"rendered":"<p>GESCHICHTEN AUS DER VELOMOBIL-COMMUNITY 12 Jahre Velomobil Erfahrung. Ein pers\u00f6nlicher Radfahren Erfahrungsbericht von Max Weldert. &#8230;&#8230;&#8230;&#8230;&#8230;&#8230;&#8230;&#8230;&#8230;&#8230;&#8230;&#8230;&#8230;&#8230;&#8230;&#8230;&#8230;&#8230; WOLLEN SIE IHR EIGENES [&hellip;]<\/p>\n","protected":false},"author":4,"featured_media":5572,"comment_status":"open","ping_status":"closed","sticky":false,"template":"","format":"standard","meta":{"_acf_changed":false,"footnotes":""},"categories":[690],"tags":[],"class_list":["post-7212","post","type-post","status-publish","format-standard","has-post-thumbnail","hentry","category-unkategorisiert"],"acf":[],"yoast_head":"<!-- This site is optimized with the Yoast SEO plugin v27.5 - https:\/\/yoast.com\/product\/yoast-seo-wordpress\/ -->\n<title>Seit 12 Jahren Radfahren mit dem Velomobil | Velomobile World<\/title>\n<meta name=\"description\" content=\"Seit 12 Jahren Radfahren mit dem Velomobil... Mit 12 Jahren unternahm ich schlie\u00dflich mit meinem besten Freund eine Radtour...\" \/>\n<meta name=\"robots\" content=\"index, follow, max-snippet:-1, max-image-preview:large, max-video-preview:-1\" \/>\n<link rel=\"canonical\" href=\"https:\/\/www.velomobileworld.com\/de\/seit-12-jahren-radfahren-mit-dem-velomobil\/\" \/>\n<meta property=\"og:locale\" content=\"de_DE\" \/>\n<meta property=\"og:type\" content=\"article\" \/>\n<meta property=\"og:title\" content=\"Seit 12 Jahren Radfahren mit dem Velomobil | Velomobile World\" \/>\n<meta property=\"og:description\" content=\"Seit 12 Jahren Radfahren mit dem Velomobil... Mit 12 Jahren unternahm ich schlie\u00dflich mit meinem besten Freund eine Radtour...\" \/>\n<meta property=\"og:url\" content=\"https:\/\/www.velomobileworld.com\/de\/seit-12-jahren-radfahren-mit-dem-velomobil\/\" \/>\n<meta property=\"og:site_name\" content=\"Velomobile World\" \/>\n<meta property=\"article:published_time\" content=\"2024-12-09T12:57:42+00:00\" \/>\n<meta property=\"article:modified_time\" content=\"2025-07-25T10:11:22+00:00\" \/>\n<meta property=\"og:image\" content=\"https:\/\/www.velomobileworld.com\/wp-content\/uploads\/2024\/12\/1-Max-Welder-Article.jpg\" \/>\n\t<meta property=\"og:image:width\" content=\"1920\" \/>\n\t<meta property=\"og:image:height\" content=\"850\" \/>\n\t<meta property=\"og:image:type\" content=\"image\/jpeg\" \/>\n<meta name=\"author\" content=\"Jan Wijnen\" \/>\n<meta name=\"twitter:card\" content=\"summary_large_image\" \/>\n<meta name=\"twitter:label1\" content=\"Verfasst von\" \/>\n\t<meta name=\"twitter:data1\" content=\"Jan Wijnen\" \/>\n\t<meta name=\"twitter:label2\" content=\"Gesch\u00e4tzte Lesezeit\" \/>\n\t<meta name=\"twitter:data2\" content=\"6\u00a0Minuten\" \/>\n<script type=\"application\/ld+json\" class=\"yoast-schema-graph\">{\"@context\":\"https:\\\/\\\/schema.org\",\"@graph\":[{\"@type\":\"Article\",\"@id\":\"https:\\\/\\\/www.velomobileworld.com\\\/de\\\/seit-12-jahren-radfahren-mit-dem-velomobil\\\/#article\",\"isPartOf\":{\"@id\":\"https:\\\/\\\/www.velomobileworld.com\\\/de\\\/seit-12-jahren-radfahren-mit-dem-velomobil\\\/\"},\"author\":{\"name\":\"Jan Wijnen\",\"@id\":\"https:\\\/\\\/www.velomobileworld.com\\\/nl\\\/#\\\/schema\\\/person\\\/c0c7c661ad3c8719ed05a7dc85d6fa12\"},\"headline\":\"Seit 12 Jahren Radfahren mit dem Velomobil\",\"datePublished\":\"2024-12-09T12:57:42+00:00\",\"dateModified\":\"2025-07-25T10:11:22+00:00\",\"mainEntityOfPage\":{\"@id\":\"https:\\\/\\\/www.velomobileworld.com\\\/de\\\/seit-12-jahren-radfahren-mit-dem-velomobil\\\/\"},\"wordCount\":1246,\"commentCount\":0,\"image\":{\"@id\":\"https:\\\/\\\/www.velomobileworld.com\\\/de\\\/seit-12-jahren-radfahren-mit-dem-velomobil\\\/#primaryimage\"},\"thumbnailUrl\":\"https:\\\/\\\/www.velomobileworld.com\\\/wp-content\\\/uploads\\\/2024\\\/12\\\/1-Max-Welder-Article.jpg\",\"articleSection\":[\"Unkategorisiert\"],\"inLanguage\":\"de\",\"potentialAction\":[{\"@type\":\"CommentAction\",\"name\":\"Comment\",\"target\":[\"https:\\\/\\\/www.velomobileworld.com\\\/de\\\/seit-12-jahren-radfahren-mit-dem-velomobil\\\/#respond\"]}]},{\"@type\":\"WebPage\",\"@id\":\"https:\\\/\\\/www.velomobileworld.com\\\/de\\\/seit-12-jahren-radfahren-mit-dem-velomobil\\\/\",\"url\":\"https:\\\/\\\/www.velomobileworld.com\\\/de\\\/seit-12-jahren-radfahren-mit-dem-velomobil\\\/\",\"name\":\"Seit 12 Jahren Radfahren mit dem Velomobil | Velomobile World\",\"isPartOf\":{\"@id\":\"https:\\\/\\\/www.velomobileworld.com\\\/nl\\\/#website\"},\"primaryImageOfPage\":{\"@id\":\"https:\\\/\\\/www.velomobileworld.com\\\/de\\\/seit-12-jahren-radfahren-mit-dem-velomobil\\\/#primaryimage\"},\"image\":{\"@id\":\"https:\\\/\\\/www.velomobileworld.com\\\/de\\\/seit-12-jahren-radfahren-mit-dem-velomobil\\\/#primaryimage\"},\"thumbnailUrl\":\"https:\\\/\\\/www.velomobileworld.com\\\/wp-content\\\/uploads\\\/2024\\\/12\\\/1-Max-Welder-Article.jpg\",\"datePublished\":\"2024-12-09T12:57:42+00:00\",\"dateModified\":\"2025-07-25T10:11:22+00:00\",\"author\":{\"@id\":\"https:\\\/\\\/www.velomobileworld.com\\\/nl\\\/#\\\/schema\\\/person\\\/c0c7c661ad3c8719ed05a7dc85d6fa12\"},\"description\":\"Seit 12 Jahren Radfahren mit dem Velomobil... Mit 12 Jahren unternahm ich schlie\u00dflich mit meinem besten Freund eine Radtour...\",\"breadcrumb\":{\"@id\":\"https:\\\/\\\/www.velomobileworld.com\\\/de\\\/seit-12-jahren-radfahren-mit-dem-velomobil\\\/#breadcrumb\"},\"inLanguage\":\"de\",\"potentialAction\":[{\"@type\":\"ReadAction\",\"target\":[\"https:\\\/\\\/www.velomobileworld.com\\\/de\\\/seit-12-jahren-radfahren-mit-dem-velomobil\\\/\"]}]},{\"@type\":\"ImageObject\",\"inLanguage\":\"de\",\"@id\":\"https:\\\/\\\/www.velomobileworld.com\\\/de\\\/seit-12-jahren-radfahren-mit-dem-velomobil\\\/#primaryimage\",\"url\":\"https:\\\/\\\/www.velomobileworld.com\\\/wp-content\\\/uploads\\\/2024\\\/12\\\/1-Max-Welder-Article.jpg\",\"contentUrl\":\"https:\\\/\\\/www.velomobileworld.com\\\/wp-content\\\/uploads\\\/2024\\\/12\\\/1-Max-Welder-Article.jpg\",\"width\":1920,\"height\":850,\"caption\":\"Max Welder is talking about his velomobile\"},{\"@type\":\"BreadcrumbList\",\"@id\":\"https:\\\/\\\/www.velomobileworld.com\\\/de\\\/seit-12-jahren-radfahren-mit-dem-velomobil\\\/#breadcrumb\",\"itemListElement\":[{\"@type\":\"ListItem\",\"position\":1,\"name\":\"Home\",\"item\":\"https:\\\/\\\/www.velomobileworld.com\\\/\"},{\"@type\":\"ListItem\",\"position\":2,\"name\":\"Seit 12 Jahren Radfahren mit dem Velomobil\"}]},{\"@type\":\"WebSite\",\"@id\":\"https:\\\/\\\/www.velomobileworld.com\\\/nl\\\/#website\",\"url\":\"https:\\\/\\\/www.velomobileworld.com\\\/nl\\\/\",\"name\":\"Velomobile World\",\"description\":\"\",\"potentialAction\":[{\"@type\":\"SearchAction\",\"target\":{\"@type\":\"EntryPoint\",\"urlTemplate\":\"https:\\\/\\\/www.velomobileworld.com\\\/nl\\\/?s={search_term_string}\"},\"query-input\":{\"@type\":\"PropertyValueSpecification\",\"valueRequired\":true,\"valueName\":\"search_term_string\"}}],\"inLanguage\":\"de\"},{\"@type\":\"Person\",\"@id\":\"https:\\\/\\\/www.velomobileworld.com\\\/nl\\\/#\\\/schema\\\/person\\\/c0c7c661ad3c8719ed05a7dc85d6fa12\",\"name\":\"Jan Wijnen\",\"image\":{\"@type\":\"ImageObject\",\"inLanguage\":\"de\",\"@id\":\"https:\\\/\\\/secure.gravatar.com\\\/avatar\\\/4802c8a6006d5895d73a1141e39ccf819bca7ec1dbfb26a6f4370880cefa109a?s=96&d=mm&r=g\",\"url\":\"https:\\\/\\\/secure.gravatar.com\\\/avatar\\\/4802c8a6006d5895d73a1141e39ccf819bca7ec1dbfb26a6f4370880cefa109a?s=96&d=mm&r=g\",\"contentUrl\":\"https:\\\/\\\/secure.gravatar.com\\\/avatar\\\/4802c8a6006d5895d73a1141e39ccf819bca7ec1dbfb26a6f4370880cefa109a?s=96&d=mm&r=g\",\"caption\":\"Jan Wijnen\"},\"url\":\"https:\\\/\\\/www.velomobileworld.com\\\/de\\\/author\\\/jan-admin\\\/\"}]}<\/script>\n<!-- \/ Yoast SEO plugin. -->","yoast_head_json":{"title":"Seit 12 Jahren Radfahren mit dem Velomobil | Velomobile World","description":"Seit 12 Jahren Radfahren mit dem Velomobil... Mit 12 Jahren unternahm ich schlie\u00dflich mit meinem besten Freund eine Radtour...","robots":{"index":"index","follow":"follow","max-snippet":"max-snippet:-1","max-image-preview":"max-image-preview:large","max-video-preview":"max-video-preview:-1"},"canonical":"https:\/\/www.velomobileworld.com\/de\/seit-12-jahren-radfahren-mit-dem-velomobil\/","og_locale":"de_DE","og_type":"article","og_title":"Seit 12 Jahren Radfahren mit dem Velomobil | Velomobile World","og_description":"Seit 12 Jahren Radfahren mit dem Velomobil... Mit 12 Jahren unternahm ich schlie\u00dflich mit meinem besten Freund eine Radtour...","og_url":"https:\/\/www.velomobileworld.com\/de\/seit-12-jahren-radfahren-mit-dem-velomobil\/","og_site_name":"Velomobile World","article_published_time":"2024-12-09T12:57:42+00:00","article_modified_time":"2025-07-25T10:11:22+00:00","og_image":[{"width":1920,"height":850,"url":"https:\/\/www.velomobileworld.com\/wp-content\/uploads\/2024\/12\/1-Max-Welder-Article.jpg","type":"image\/jpeg"}],"author":"Jan Wijnen","twitter_card":"summary_large_image","twitter_misc":{"Verfasst von":"Jan Wijnen","Gesch\u00e4tzte Lesezeit":"6\u00a0Minuten"},"schema":{"@context":"https:\/\/schema.org","@graph":[{"@type":"Article","@id":"https:\/\/www.velomobileworld.com\/de\/seit-12-jahren-radfahren-mit-dem-velomobil\/#article","isPartOf":{"@id":"https:\/\/www.velomobileworld.com\/de\/seit-12-jahren-radfahren-mit-dem-velomobil\/"},"author":{"name":"Jan Wijnen","@id":"https:\/\/www.velomobileworld.com\/nl\/#\/schema\/person\/c0c7c661ad3c8719ed05a7dc85d6fa12"},"headline":"Seit 12 Jahren Radfahren mit dem Velomobil","datePublished":"2024-12-09T12:57:42+00:00","dateModified":"2025-07-25T10:11:22+00:00","mainEntityOfPage":{"@id":"https:\/\/www.velomobileworld.com\/de\/seit-12-jahren-radfahren-mit-dem-velomobil\/"},"wordCount":1246,"commentCount":0,"image":{"@id":"https:\/\/www.velomobileworld.com\/de\/seit-12-jahren-radfahren-mit-dem-velomobil\/#primaryimage"},"thumbnailUrl":"https:\/\/www.velomobileworld.com\/wp-content\/uploads\/2024\/12\/1-Max-Welder-Article.jpg","articleSection":["Unkategorisiert"],"inLanguage":"de","potentialAction":[{"@type":"CommentAction","name":"Comment","target":["https:\/\/www.velomobileworld.com\/de\/seit-12-jahren-radfahren-mit-dem-velomobil\/#respond"]}]},{"@type":"WebPage","@id":"https:\/\/www.velomobileworld.com\/de\/seit-12-jahren-radfahren-mit-dem-velomobil\/","url":"https:\/\/www.velomobileworld.com\/de\/seit-12-jahren-radfahren-mit-dem-velomobil\/","name":"Seit 12 Jahren Radfahren mit dem Velomobil | Velomobile World","isPartOf":{"@id":"https:\/\/www.velomobileworld.com\/nl\/#website"},"primaryImageOfPage":{"@id":"https:\/\/www.velomobileworld.com\/de\/seit-12-jahren-radfahren-mit-dem-velomobil\/#primaryimage"},"image":{"@id":"https:\/\/www.velomobileworld.com\/de\/seit-12-jahren-radfahren-mit-dem-velomobil\/#primaryimage"},"thumbnailUrl":"https:\/\/www.velomobileworld.com\/wp-content\/uploads\/2024\/12\/1-Max-Welder-Article.jpg","datePublished":"2024-12-09T12:57:42+00:00","dateModified":"2025-07-25T10:11:22+00:00","author":{"@id":"https:\/\/www.velomobileworld.com\/nl\/#\/schema\/person\/c0c7c661ad3c8719ed05a7dc85d6fa12"},"description":"Seit 12 Jahren Radfahren mit dem Velomobil... Mit 12 Jahren unternahm ich schlie\u00dflich mit meinem besten Freund eine Radtour...","breadcrumb":{"@id":"https:\/\/www.velomobileworld.com\/de\/seit-12-jahren-radfahren-mit-dem-velomobil\/#breadcrumb"},"inLanguage":"de","potentialAction":[{"@type":"ReadAction","target":["https:\/\/www.velomobileworld.com\/de\/seit-12-jahren-radfahren-mit-dem-velomobil\/"]}]},{"@type":"ImageObject","inLanguage":"de","@id":"https:\/\/www.velomobileworld.com\/de\/seit-12-jahren-radfahren-mit-dem-velomobil\/#primaryimage","url":"https:\/\/www.velomobileworld.com\/wp-content\/uploads\/2024\/12\/1-Max-Welder-Article.jpg","contentUrl":"https:\/\/www.velomobileworld.com\/wp-content\/uploads\/2024\/12\/1-Max-Welder-Article.jpg","width":1920,"height":850,"caption":"Max Welder is talking about his velomobile"},{"@type":"BreadcrumbList","@id":"https:\/\/www.velomobileworld.com\/de\/seit-12-jahren-radfahren-mit-dem-velomobil\/#breadcrumb","itemListElement":[{"@type":"ListItem","position":1,"name":"Home","item":"https:\/\/www.velomobileworld.com\/"},{"@type":"ListItem","position":2,"name":"Seit 12 Jahren Radfahren mit dem Velomobil"}]},{"@type":"WebSite","@id":"https:\/\/www.velomobileworld.com\/nl\/#website","url":"https:\/\/www.velomobileworld.com\/nl\/","name":"Velomobile World","description":"","potentialAction":[{"@type":"SearchAction","target":{"@type":"EntryPoint","urlTemplate":"https:\/\/www.velomobileworld.com\/nl\/?s={search_term_string}"},"query-input":{"@type":"PropertyValueSpecification","valueRequired":true,"valueName":"search_term_string"}}],"inLanguage":"de"},{"@type":"Person","@id":"https:\/\/www.velomobileworld.com\/nl\/#\/schema\/person\/c0c7c661ad3c8719ed05a7dc85d6fa12","name":"Jan Wijnen","image":{"@type":"ImageObject","inLanguage":"de","@id":"https:\/\/secure.gravatar.com\/avatar\/4802c8a6006d5895d73a1141e39ccf819bca7ec1dbfb26a6f4370880cefa109a?s=96&d=mm&r=g","url":"https:\/\/secure.gravatar.com\/avatar\/4802c8a6006d5895d73a1141e39ccf819bca7ec1dbfb26a6f4370880cefa109a?s=96&d=mm&r=g","contentUrl":"https:\/\/secure.gravatar.com\/avatar\/4802c8a6006d5895d73a1141e39ccf819bca7ec1dbfb26a6f4370880cefa109a?s=96&d=mm&r=g","caption":"Jan Wijnen"},"url":"https:\/\/www.velomobileworld.com\/de\/author\/jan-admin\/"}]}},"_links":{"self":[{"href":"https:\/\/www.velomobileworld.com\/de\/wp-json\/wp\/v2\/posts\/7212","targetHints":{"allow":["GET"]}}],"collection":[{"href":"https:\/\/www.velomobileworld.com\/de\/wp-json\/wp\/v2\/posts"}],"about":[{"href":"https:\/\/www.velomobileworld.com\/de\/wp-json\/wp\/v2\/types\/post"}],"author":[{"embeddable":true,"href":"https:\/\/www.velomobileworld.com\/de\/wp-json\/wp\/v2\/users\/4"}],"replies":[{"embeddable":true,"href":"https:\/\/www.velomobileworld.com\/de\/wp-json\/wp\/v2\/comments?post=7212"}],"version-history":[{"count":2,"href":"https:\/\/www.velomobileworld.com\/de\/wp-json\/wp\/v2\/posts\/7212\/revisions"}],"predecessor-version":[{"id":100803,"href":"https:\/\/www.velomobileworld.com\/de\/wp-json\/wp\/v2\/posts\/7212\/revisions\/100803"}],"wp:featuredmedia":[{"embeddable":true,"href":"https:\/\/www.velomobileworld.com\/de\/wp-json\/wp\/v2\/media\/5572"}],"wp:attachment":[{"href":"https:\/\/www.velomobileworld.com\/de\/wp-json\/wp\/v2\/media?parent=7212"}],"wp:term":[{"taxonomy":"category","embeddable":true,"href":"https:\/\/www.velomobileworld.com\/de\/wp-json\/wp\/v2\/categories?post=7212"},{"taxonomy":"post_tag","embeddable":true,"href":"https:\/\/www.velomobileworld.com\/de\/wp-json\/wp\/v2\/tags?post=7212"}],"curies":[{"name":"wp","href":"https:\/\/api.w.org\/{rel}","templated":true}]}}