{"id":7303,"date":"2024-12-09T15:32:58","date_gmt":"2024-12-09T14:32:58","guid":{"rendered":"https:\/\/velomobileworld.convident.dev\/velomobil-ausfluege-mit-brigitte-und-fritz-tag-23\/"},"modified":"2025-07-25T12:11:18","modified_gmt":"2025-07-25T10:11:18","slug":"velomobil-ausfluege-mit-brigitte-und-fritz-tag-23","status":"publish","type":"post","link":"https:\/\/www.velomobileworld.com\/de\/velomobil-ausfluege-mit-brigitte-und-fritz-tag-23\/","title":{"rendered":"Velomobil Ausfl\u00fcge mit Brigitte und Fritz (Tag 23)"},"content":{"rendered":"<p style=\"text-align: left;\"><strong>23.Tag<\/strong><\/p>\n<p>&nbsp;<\/p>\n<p style=\"text-align: left;\">Villars-Colmars &gt; Col d\u2019Alloz &gt; Barcelonnette<\/p>\n<p>&nbsp;<\/p>\n<p style=\"text-align: left;\">\n<p><a href=\"https:\/\/www.velomobileworld.com\/wp-content\/uploads\/2023\/03\/map-23-day-map.jpeg\" target=\"_blank\" rel=\"noopener\"><img loading=\"lazy\" decoding=\"async\" class=\"alignnone wp-image-17052\" src=\"https:\/\/www.velomobileworld.com\/wp-content\/uploads\/2023\/03\/map-23-day-map.jpeg\" alt=\"\" width=\"450\" height=\"782\" \/><\/a><\/p>\n<p style=\"text-align: left;\">\n<p>&nbsp;<\/p>\n<p style=\"text-align: left;\">Heute brauchten wir nur diesen einen Pass fahren, den Col D&#8217;Allos. Daf\u00fcr ging es ungef\u00e4hr 22 km bergauf. Die Stra\u00dfe ist relativ unbedeutend und hat deshalb auch wenig Verkehr. Einige Radfahrer, Motorradfahrer und Autos. Der Pass ist f\u00fcr Fahrzeuge \u00fcber dreieinhalb Tonnen gesperrt. Das hat den Vorteil, dass nur die kleineren Wohnmobile hin\u00fcber fahren k\u00f6nnen.<\/p>\n<p>&nbsp;<\/p>\n<p style=\"text-align: left;\">Heute ging es mir nach dem fr\u00fchen Ende gestern gut. Die Fahrt als solches war ohne besondere Ereignisse. Wir konnten einfach die Landschaft und das sch\u00f6ne Wetter mit strahlend blauem Himmel und Sonnenschein genie\u00dfen. Das sch\u00f6ne an diesem Pass sind die vielen Serpentinen und das offene Gel\u00e4nde auf der S\u00fcdseite. So kann man auf die Stra\u00dfe hinunter schauen.<\/p>\n<p>&nbsp;<\/p>\n<p style=\"text-align: left;\">Nach einer kurzen Pause auf der Passh\u00f6he machten wir uns an die Abfahrt. Wir mussten einige Male halten, um die Bremsen ab zu k\u00fchlen. Das geh\u00f6rt beim Velomobilfahren in den Bergen eben dazu. Da es immer wieder B\u00e4che und kleine Wasserf\u00e4lle gab, war es kein Problem die Wasserflasche zum k\u00fchlen nach zu f\u00fcllen. Unterwegs an einem Platz ohne Wind machten wir Pause und genossen das Panorama. Die Abfahrt war ziemlich beeindruckend, da der Abhang hinunter immer recht steil war.<\/p>\n<p>&nbsp;<\/p>\n<p style=\"text-align: left;\">Die Stra\u00dfe ist in keinem guten Zustand. Es gab oft Flicken auf der Stra\u00dfe und Split. Eine Absicherung am Rand war nur teilweise vorhanden. Sie bestand manchmal aus einfachen Steinbl\u00f6cken oder einem Holzgel\u00e4nder. Dazu war der \u00e4u\u00dfere Rand oft nach unten abfallend. Insgesamt ist der Pass mittelschwer und f\u00fcr Genie\u00dfer empfehlenswert. In Barcelonnette hie\u00df es einkaufen und einen Campingplatz suchen. Der Platz warb zwar mit 4 Sternen. Nach unserer Einsch\u00e4tzung hatte er aber h\u00f6chstens 2 Sterne.<\/p>\n<p>&nbsp;<\/p>\n<p style=\"text-align: left;\">\n<p><a href=\"https:\/\/www.velomobileworld.com\/wp-content\/uploads\/2023\/03\/1-Nachtanken-fur-den-Kocher-23-1024x768.jpeg\" target=\"_blank\" rel=\"noopener\"><img loading=\"lazy\" decoding=\"async\" class=\"alignnone wp-image-17062\" src=\"https:\/\/www.velomobileworld.com\/wp-content\/uploads\/2023\/03\/1-Nachtanken-fur-den-Kocher-23-1024x768.jpeg\" alt=\"\" width=\"449\" height=\"337\" \/><\/a><\/p>\n<p style=\"text-align: left;\"><img decoding=\"async\" class=\"emoji\" role=\"img\" draggable=\"false\" src=\"https:\/\/s.w.org\/images\/core\/emoji\/13.1.0\/svg\/2b06.svg\" alt=\"\u2b06\ufe0f\" \/> Nachtanken f\u00fcr den Kocher<\/p>\n<p><a href=\"https:\/\/www.velomobileworld.com\/wp-content\/uploads\/2023\/03\/2-pic-23-1024x768.jpeg\" target=\"_blank\" rel=\"noopener\"><img loading=\"lazy\" decoding=\"async\" class=\"alignnone wp-image-17066\" src=\"https:\/\/www.velomobileworld.com\/wp-content\/uploads\/2023\/03\/2-pic-23-1024x768.jpeg\" alt=\"\" width=\"449\" height=\"337\" \/><\/a><a href=\"https:\/\/www.velomobileworld.com\/wp-content\/uploads\/2023\/03\/3-pic-23-1024x768.jpeg\" target=\"_blank\" rel=\"noopener\"><img loading=\"lazy\" decoding=\"async\" class=\"alignnone wp-image-17070\" src=\"https:\/\/www.velomobileworld.com\/wp-content\/uploads\/2023\/03\/3-pic-23-1024x768.jpeg\" alt=\"\" width=\"450\" height=\"338\" \/><\/a><a href=\"https:\/\/www.velomobileworld.com\/wp-content\/uploads\/2023\/03\/4-pic-23-1024x768.jpeg\" target=\"_blank\" rel=\"noopener\"><img loading=\"lazy\" decoding=\"async\" class=\"alignnone wp-image-17074\" src=\"https:\/\/www.velomobileworld.com\/wp-content\/uploads\/2023\/03\/4-pic-23-1024x768.jpeg\" alt=\"\" width=\"450\" height=\"338\" \/><\/a><a href=\"https:\/\/www.velomobileworld.com\/wp-content\/uploads\/2023\/03\/5-pic-23-1024x768.jpeg\" target=\"_blank\" rel=\"noopener\"><img loading=\"lazy\" decoding=\"async\" class=\"alignnone wp-image-17078\" src=\"https:\/\/www.velomobileworld.com\/wp-content\/uploads\/2023\/03\/5-pic-23-1024x768.jpeg\" alt=\"\" width=\"450\" height=\"338\" \/><\/a><a href=\"https:\/\/www.velomobileworld.com\/wp-content\/uploads\/2023\/03\/6-pic-23-1024x768.jpeg\" target=\"_blank\" rel=\"noopener\"><img loading=\"lazy\" decoding=\"async\" class=\"alignnone wp-image-17082\" src=\"https:\/\/www.velomobileworld.com\/wp-content\/uploads\/2023\/03\/6-pic-23-1024x768.jpeg\" alt=\"\" width=\"450\" height=\"338\" \/><\/a><a href=\"https:\/\/www.velomobileworld.com\/wp-content\/uploads\/2023\/03\/7-pic-23-1024x768.jpeg\" target=\"_blank\" rel=\"noopener\"><img loading=\"lazy\" decoding=\"async\" class=\"alignnone wp-image-17086\" src=\"https:\/\/www.velomobileworld.com\/wp-content\/uploads\/2023\/03\/7-pic-23-1024x768.jpeg\" alt=\"\" width=\"450\" height=\"338\" \/><\/a><a href=\"https:\/\/www.velomobileworld.com\/wp-content\/uploads\/2023\/03\/8-pic-23-1024x768.jpeg\" target=\"_blank\" rel=\"noopener\"><img loading=\"lazy\" decoding=\"async\" class=\"alignnone wp-image-17090\" src=\"https:\/\/www.velomobileworld.com\/wp-content\/uploads\/2023\/03\/8-pic-23-1024x768.jpeg\" alt=\"\" width=\"450\" height=\"338\" \/><\/a><a href=\"https:\/\/www.velomobileworld.com\/wp-content\/uploads\/2023\/03\/9-pic-23-1024x768.jpeg\" target=\"_blank\" rel=\"noopener\"><img loading=\"lazy\" decoding=\"async\" class=\"alignnone wp-image-17094\" src=\"https:\/\/www.velomobileworld.com\/wp-content\/uploads\/2023\/03\/9-pic-23-1024x768.jpeg\" alt=\"\" width=\"450\" height=\"338\" \/><\/a><\/p>\n<p style=\"text-align: left;\"><img decoding=\"async\" class=\"emoji\" role=\"img\" draggable=\"false\" src=\"https:\/\/s.w.org\/images\/core\/emoji\/13.1.0\/svg\/2b06.svg\" alt=\"\u2b06\ufe0f\" \/>\u00a0Freiwillige sammeln den M\u00fcll am Stra\u00dfenrand \/ Volunteers collect the rubbish at the roadside<\/p>\n<p><a href=\"https:\/\/www.velomobileworld.com\/wp-content\/uploads\/2023\/03\/10-pic-23-1024x768.jpeg\" target=\"_blank\" rel=\"noopener\"><img loading=\"lazy\" decoding=\"async\" class=\"alignnone wp-image-17098\" src=\"https:\/\/www.velomobileworld.com\/wp-content\/uploads\/2023\/03\/10-pic-23-1024x768.jpeg\" alt=\"\" width=\"450\" height=\"338\" \/><\/a><a href=\"https:\/\/www.velomobileworld.com\/wp-content\/uploads\/2023\/03\/11-pic-23-1024x768.jpeg\" target=\"_blank\" rel=\"noopener\"><img loading=\"lazy\" decoding=\"async\" class=\"alignnone wp-image-17102\" src=\"https:\/\/www.velomobileworld.com\/wp-content\/uploads\/2023\/03\/11-pic-23-1024x768.jpeg\" alt=\"\" width=\"450\" height=\"338\" \/><\/a><a href=\"https:\/\/www.velomobileworld.com\/wp-content\/uploads\/2023\/03\/12-pic-23-1024x768.jpeg\" target=\"_blank\" rel=\"noopener\"><img loading=\"lazy\" decoding=\"async\" class=\"alignnone wp-image-17106\" src=\"https:\/\/www.velomobileworld.com\/wp-content\/uploads\/2023\/03\/12-pic-23-1024x768.jpeg\" alt=\"\" width=\"450\" height=\"338\" \/><\/a><a href=\"https:\/\/www.velomobileworld.com\/wp-content\/uploads\/2023\/03\/13-pic-23-1024x768.jpeg\" target=\"_blank\" rel=\"noopener\"><img loading=\"lazy\" decoding=\"async\" class=\"alignnone wp-image-17110\" src=\"https:\/\/www.velomobileworld.com\/wp-content\/uploads\/2023\/03\/13-pic-23-1024x768.jpeg\" alt=\"\" width=\"450\" height=\"338\" \/><\/a><a href=\"https:\/\/www.velomobileworld.com\/wp-content\/uploads\/2023\/03\/14-pic-23-1024x768.jpeg\" target=\"_blank\" rel=\"noopener\"><img loading=\"lazy\" decoding=\"async\" class=\"alignnone wp-image-17114\" src=\"https:\/\/www.velomobileworld.com\/wp-content\/uploads\/2023\/03\/14-pic-23-1024x768.jpeg\" alt=\"\" width=\"450\" height=\"338\" \/><\/a><\/p>\n<p style=\"text-align: left;\"><img decoding=\"async\" class=\"emoji\" role=\"img\" draggable=\"false\" src=\"https:\/\/s.w.org\/images\/core\/emoji\/13.1.0\/svg\/2b06.svg\" alt=\"\u2b06\ufe0f\" \/>\u00a0Urspr\u00fcngliches Dorf \/ Original village<\/p>\n<p><a href=\"https:\/\/www.velomobileworld.com\/wp-content\/uploads\/2023\/03\/15-pic-23-1024x768.jpeg\" target=\"_blank\" rel=\"noopener\"><img loading=\"lazy\" decoding=\"async\" class=\"alignnone wp-image-17118\" src=\"https:\/\/www.velomobileworld.com\/wp-content\/uploads\/2023\/03\/15-pic-23-1024x768.jpeg\" alt=\"\" width=\"449\" height=\"337\" \/><\/a><\/p>\n<p style=\"text-align: left;\"><img decoding=\"async\" class=\"emoji\" role=\"img\" draggable=\"false\" src=\"https:\/\/s.w.org\/images\/core\/emoji\/13.1.0\/svg\/2b06.svg\" alt=\"\u2b06\ufe0f\" \/>\u00a0Urspr\u00fcngliches Dorf \/ Original village<\/p>\n<p><a href=\"https:\/\/www.velomobileworld.com\/wp-content\/uploads\/2023\/03\/16-pic-23-1024x768.jpeg\" target=\"_blank\" rel=\"noopener\"><img loading=\"lazy\" decoding=\"async\" class=\"alignnone wp-image-17122\" src=\"https:\/\/www.velomobileworld.com\/wp-content\/uploads\/2023\/03\/16-pic-23-1024x768.jpeg\" alt=\"\" width=\"450\" height=\"338\" \/><\/a><\/p>\n<p style=\"text-align: left;\"><img decoding=\"async\" class=\"emoji\" role=\"img\" draggable=\"false\" src=\"https:\/\/s.w.org\/images\/core\/emoji\/13.1.0\/svg\/2b06.svg\" alt=\"\u2b06\ufe0f\" \/>\u00a0Urspr\u00fcngliches Dorf \/ Original village<\/p>\n<p><a href=\"https:\/\/www.velomobileworld.com\/wp-content\/uploads\/2023\/03\/17-pic-23-1024x768.jpeg\" target=\"_blank\" rel=\"noopener\"><img loading=\"lazy\" decoding=\"async\" class=\"alignnone wp-image-17126\" src=\"https:\/\/www.velomobileworld.com\/wp-content\/uploads\/2023\/03\/17-pic-23-1024x768.jpeg\" alt=\"\" width=\"450\" height=\"338\" \/><\/a><a href=\"https:\/\/www.velomobileworld.com\/wp-content\/uploads\/2023\/03\/18-pic-23-1024x768.jpeg\" target=\"_blank\" rel=\"noopener\"><img loading=\"lazy\" decoding=\"async\" class=\"alignnone wp-image-17130\" src=\"https:\/\/www.velomobileworld.com\/wp-content\/uploads\/2023\/03\/18-pic-23-1024x768.jpeg\" alt=\"\" width=\"450\" height=\"338\" \/><\/a><a href=\"https:\/\/www.velomobileworld.com\/wp-content\/uploads\/2023\/03\/19-pic-23-1024x768.jpeg\" target=\"_blank\" rel=\"noopener\"><img loading=\"lazy\" decoding=\"async\" class=\"alignnone wp-image-17134\" src=\"https:\/\/www.velomobileworld.com\/wp-content\/uploads\/2023\/03\/19-pic-23-1024x768.jpeg\" alt=\"\" width=\"450\" height=\"338\" \/><\/a><a href=\"https:\/\/www.velomobileworld.com\/wp-content\/uploads\/2023\/03\/20-pic-23-1024x768.jpeg\" target=\"_blank\" rel=\"noopener\"><img loading=\"lazy\" decoding=\"async\" class=\"alignnone wp-image-17138\" src=\"https:\/\/www.velomobileworld.com\/wp-content\/uploads\/2023\/03\/20-pic-23-1024x768.jpeg\" alt=\"\" width=\"450\" height=\"338\" \/><\/a><a href=\"https:\/\/www.velomobileworld.com\/wp-content\/uploads\/2023\/03\/21-pic-23-1024x768.jpeg\" target=\"_blank\" rel=\"noopener\"><img loading=\"lazy\" decoding=\"async\" class=\"alignnone wp-image-17142\" src=\"https:\/\/www.velomobileworld.com\/wp-content\/uploads\/2023\/03\/21-pic-23-1024x768.jpeg\" alt=\"\" width=\"450\" height=\"338\" \/><\/a><a href=\"https:\/\/www.velomobileworld.com\/wp-content\/uploads\/2023\/03\/22-pic-23-1024x768.jpeg\" target=\"_blank\" rel=\"noopener\"><img loading=\"lazy\" decoding=\"async\" class=\"alignnone wp-image-17146\" src=\"https:\/\/www.velomobileworld.com\/wp-content\/uploads\/2023\/03\/22-pic-23-1024x768.jpeg\" alt=\"\" width=\"450\" height=\"338\" \/><\/a><a href=\"https:\/\/www.velomobileworld.com\/wp-content\/uploads\/2023\/03\/23-pic-23-1024x768.jpeg\" target=\"_blank\" rel=\"noopener\"><img loading=\"lazy\" decoding=\"async\" class=\"alignnone wp-image-17150\" src=\"https:\/\/www.velomobileworld.com\/wp-content\/uploads\/2023\/03\/23-pic-23-1024x768.jpeg\" alt=\"\" width=\"450\" height=\"338\" \/><\/a><a href=\"https:\/\/www.velomobileworld.com\/wp-content\/uploads\/2023\/03\/24-pic-23-1024x768.jpeg\" target=\"_blank\" rel=\"noopener\"><img loading=\"lazy\" decoding=\"async\" class=\"alignnone wp-image-17154\" src=\"https:\/\/www.velomobileworld.com\/wp-content\/uploads\/2023\/03\/24-pic-23-1024x768.jpeg\" alt=\"\" width=\"450\" height=\"338\" \/><\/a><a href=\"https:\/\/www.velomobileworld.com\/wp-content\/uploads\/2023\/03\/25-pic-23-1024x754.jpeg\" target=\"_blank\" rel=\"noopener\"><img loading=\"lazy\" decoding=\"async\" class=\"alignnone wp-image-17158\" src=\"https:\/\/www.velomobileworld.com\/wp-content\/uploads\/2023\/03\/25-pic-23-1024x754.jpeg\" alt=\"\" width=\"450\" height=\"331\" \/><\/a><a href=\"https:\/\/www.velomobileworld.com\/wp-content\/uploads\/2023\/03\/26-pic-23-1024x768.jpeg\" target=\"_blank\" rel=\"noopener\"><img loading=\"lazy\" decoding=\"async\" class=\"alignnone wp-image-17162\" src=\"https:\/\/www.velomobileworld.com\/wp-content\/uploads\/2023\/03\/26-pic-23-1024x768.jpeg\" alt=\"\" width=\"450\" height=\"338\" \/><\/a><\/p>\n<p style=\"text-align: left;\"><img decoding=\"async\" class=\"emoji\" role=\"img\" draggable=\"false\" src=\"https:\/\/s.w.org\/images\/core\/emoji\/13.1.0\/svg\/2b06.svg\" alt=\"\u2b06\ufe0f\" \/>\u00a0Schl\u00fcsselblume \/ Cowslip<\/p>\n<p><a href=\"https:\/\/www.velomobileworld.com\/wp-content\/uploads\/2023\/03\/27-pic-23-1024x768.jpeg\" target=\"_blank\" rel=\"noopener\"><img loading=\"lazy\" decoding=\"async\" class=\"alignnone wp-image-17166\" src=\"https:\/\/www.velomobileworld.com\/wp-content\/uploads\/2023\/03\/27-pic-23-1024x768.jpeg\" alt=\"\" width=\"449\" height=\"337\" \/><\/a><\/p>\n<p style=\"text-align: left;\"><img decoding=\"async\" class=\"emoji\" role=\"img\" draggable=\"false\" src=\"https:\/\/s.w.org\/images\/core\/emoji\/13.1.0\/svg\/2b06.svg\" alt=\"\u2b06\ufe0f\" \/>\u00a0Enzian \/ Gentian<\/p>\n<p><a href=\"https:\/\/www.velomobileworld.com\/wp-content\/uploads\/2023\/03\/28-pic-23-1024x387.jpeg\" target=\"_blank\" rel=\"noopener\"><img loading=\"lazy\" decoding=\"async\" class=\"alignnone wp-image-17170\" src=\"https:\/\/www.velomobileworld.com\/wp-content\/uploads\/2023\/03\/28-pic-23-1024x387.jpeg\" alt=\"\" width=\"450\" height=\"170\" \/><\/a><a href=\"https:\/\/www.velomobileworld.com\/wp-content\/uploads\/2023\/03\/29-pic-23-1024x768.jpeg\" target=\"_blank\" rel=\"noopener\"><img loading=\"lazy\" decoding=\"async\" class=\"alignnone wp-image-17174\" src=\"https:\/\/www.velomobileworld.com\/wp-content\/uploads\/2023\/03\/29-pic-23-1024x768.jpeg\" alt=\"\" width=\"450\" height=\"338\" \/><\/a><\/p>\n<p style=\"text-align: left;\"><img decoding=\"async\" class=\"emoji\" role=\"img\" draggable=\"false\" src=\"https:\/\/s.w.org\/images\/core\/emoji\/13.1.0\/svg\/2b06.svg\" alt=\"\u2b06\ufe0f\" \/>\u00a0Suchbild mit Nr. 74 \/ Search picture with no. 74<\/p>\n<p><a href=\"https:\/\/www.velomobileworld.com\/wp-content\/uploads\/2023\/03\/30-Abfahrt-col-d\u2018Alloz-23-1024x768.jpeg\" target=\"_blank\" rel=\"noopener\"><img loading=\"lazy\" decoding=\"async\" class=\"alignnone wp-image-17178\" src=\"https:\/\/www.velomobileworld.com\/wp-content\/uploads\/2023\/03\/30-Abfahrt-col-d\u2018Alloz-23-1024x768.jpeg\" alt=\"\" width=\"450\" height=\"338\" \/><\/a><\/p>\n<p style=\"text-align: left;\"><img decoding=\"async\" class=\"emoji\" role=\"img\" draggable=\"false\" src=\"https:\/\/s.w.org\/images\/core\/emoji\/13.1.0\/svg\/2b06.svg\" alt=\"\u2b06\ufe0f\" \/> Abfahrt col d\u2018Alloz<\/p>\n<p><a href=\"https:\/\/www.velomobileworld.com\/wp-content\/uploads\/2023\/03\/31-Abfahrt-23-1024x768.jpeg\" target=\"_blank\" rel=\"noopener\"><img loading=\"lazy\" decoding=\"async\" class=\"alignnone wp-image-17182\" src=\"https:\/\/www.velomobileworld.com\/wp-content\/uploads\/2023\/03\/31-Abfahrt-23-1024x768.jpeg\" alt=\"\" width=\"450\" height=\"338\" \/><\/a><\/p>\n<p style=\"text-align: left;\"><img decoding=\"async\" class=\"emoji\" role=\"img\" draggable=\"false\" src=\"https:\/\/s.w.org\/images\/core\/emoji\/13.1.0\/svg\/2b06.svg\" alt=\"\u2b06\ufe0f\" \/> Abfahrt<\/p>\n<p><a href=\"https:\/\/www.velomobileworld.com\/wp-content\/uploads\/2023\/03\/32-pic-23-1024x768.jpeg\" target=\"_blank\" rel=\"noopener\"><img loading=\"lazy\" decoding=\"async\" class=\"alignnone wp-image-17186\" src=\"https:\/\/www.velomobileworld.com\/wp-content\/uploads\/2023\/03\/32-pic-23-1024x768.jpeg\" alt=\"\" width=\"450\" height=\"338\" \/><\/a><\/p>\n<p style=\"text-align: left;\">&#8212;&#8212;&#8212;&#8212;&#8212;&#8212;&#8212;&#8212;&#8212;&#8212;&#8212;&#8211;<\/p>\n<p style=\"text-align: left;\"><a href=\"\/de\/?p=1010\">SIEHE MEHR ARTIKEL HIER<\/a><\/p>\n<p style=\"text-align: left;\">&#8212;&#8212;&#8212;&#8212;&#8212;&#8212;&#8212;&#8212;&#8212;&#8212;&#8212;&#8211;<\/p>\n<p style=\"text-align: left;\"><a href=\"\/?product_tag=velomobiles\">WOLLEN SIE EIN VELOMOBIL? ENTDECKEN SIE DIE MODELLE HIER !<\/a><\/p>\n","protected":false},"excerpt":{"rendered":"<p>23.Tag &nbsp; Villars-Colmars &gt; Col d\u2019Alloz &gt; Barcelonnette &nbsp; &nbsp; Heute brauchten wir nur diesen einen Pass fahren, den Col [&hellip;]<\/p>\n","protected":false},"author":4,"featured_media":5940,"comment_status":"open","ping_status":"closed","sticky":false,"template":"","format":"standard","meta":{"_acf_changed":false,"footnotes":""},"categories":[690],"tags":[],"class_list":["post-7303","post","type-post","status-publish","format-standard","has-post-thumbnail","hentry","category-unkategorisiert"],"acf":[],"yoast_head":"<!-- This site is optimized with the Yoast SEO plugin v27.5 - https:\/\/yoast.com\/product\/yoast-seo-wordpress\/ -->\n<title>Velomobil Ausfl\u00fcge mit Brigitte und Fritz (Tag 23) | Velomobile World<\/title>\n<meta name=\"description\" content=\"Tag 23: Villars-Colmars, Col d\u2019Alloz, Barcelonnette... Heute brauchten wir nur diesen einen Pass fahren, den Col D&#039;Allos. Daf\u00fcr ging es...\" \/>\n<meta name=\"robots\" content=\"index, follow, max-snippet:-1, max-image-preview:large, max-video-preview:-1\" \/>\n<link rel=\"canonical\" href=\"https:\/\/www.velomobileworld.com\/de\/velomobil-ausfluege-mit-brigitte-und-fritz-tag-23\/\" \/>\n<meta property=\"og:locale\" content=\"de_DE\" \/>\n<meta property=\"og:type\" content=\"article\" \/>\n<meta property=\"og:title\" content=\"Velomobil Ausfl\u00fcge mit Brigitte und Fritz (Tag 23) | Velomobile World\" \/>\n<meta property=\"og:description\" content=\"Tag 23: Villars-Colmars, Col d\u2019Alloz, Barcelonnette... Heute brauchten wir nur diesen einen Pass fahren, den Col D&#039;Allos. Daf\u00fcr ging es...\" \/>\n<meta property=\"og:url\" content=\"https:\/\/www.velomobileworld.com\/de\/velomobil-ausfluege-mit-brigitte-und-fritz-tag-23\/\" \/>\n<meta property=\"og:site_name\" content=\"Velomobile World\" \/>\n<meta property=\"article:published_time\" content=\"2024-12-09T14:32:58+00:00\" \/>\n<meta property=\"article:modified_time\" content=\"2025-07-25T10:11:18+00:00\" \/>\n<meta property=\"og:image\" content=\"https:\/\/www.velomobileworld.com\/wp-content\/uploads\/2024\/12\/1-Nachtanken-fur-den-Kocher-23-1.jpeg\" \/>\n\t<meta property=\"og:image:width\" content=\"1920\" \/>\n\t<meta property=\"og:image:height\" content=\"1440\" \/>\n\t<meta property=\"og:image:type\" content=\"image\/jpeg\" \/>\n<meta name=\"author\" content=\"Jan Wijnen\" \/>\n<meta name=\"twitter:card\" content=\"summary_large_image\" \/>\n<meta name=\"twitter:label1\" content=\"Verfasst von\" \/>\n\t<meta name=\"twitter:data1\" content=\"Jan Wijnen\" \/>\n\t<meta name=\"twitter:label2\" content=\"Gesch\u00e4tzte Lesezeit\" \/>\n\t<meta name=\"twitter:data2\" content=\"12\u00a0Minuten\" \/>\n<script type=\"application\/ld+json\" class=\"yoast-schema-graph\">{\"@context\":\"https:\\\/\\\/schema.org\",\"@graph\":[{\"@type\":\"Article\",\"@id\":\"https:\\\/\\\/www.velomobileworld.com\\\/de\\\/velomobil-ausfluege-mit-brigitte-und-fritz-tag-23\\\/#article\",\"isPartOf\":{\"@id\":\"https:\\\/\\\/www.velomobileworld.com\\\/de\\\/velomobil-ausfluege-mit-brigitte-und-fritz-tag-23\\\/\"},\"author\":{\"name\":\"Jan Wijnen\",\"@id\":\"https:\\\/\\\/www.velomobileworld.com\\\/nl\\\/#\\\/schema\\\/person\\\/c0c7c661ad3c8719ed05a7dc85d6fa12\"},\"headline\":\"Velomobil Ausfl\u00fcge mit Brigitte und Fritz (Tag 23)\",\"datePublished\":\"2024-12-09T14:32:58+00:00\",\"dateModified\":\"2025-07-25T10:11:18+00:00\",\"mainEntityOfPage\":{\"@id\":\"https:\\\/\\\/www.velomobileworld.com\\\/de\\\/velomobil-ausfluege-mit-brigitte-und-fritz-tag-23\\\/\"},\"wordCount\":385,\"commentCount\":0,\"image\":{\"@id\":\"https:\\\/\\\/www.velomobileworld.com\\\/de\\\/velomobil-ausfluege-mit-brigitte-und-fritz-tag-23\\\/#primaryimage\"},\"thumbnailUrl\":\"https:\\\/\\\/www.velomobileworld.com\\\/wp-content\\\/uploads\\\/2024\\\/12\\\/1-Nachtanken-fur-den-Kocher-23-1.jpeg\",\"articleSection\":[\"Unkategorisiert\"],\"inLanguage\":\"de\",\"potentialAction\":[{\"@type\":\"CommentAction\",\"name\":\"Comment\",\"target\":[\"https:\\\/\\\/www.velomobileworld.com\\\/de\\\/velomobil-ausfluege-mit-brigitte-und-fritz-tag-23\\\/#respond\"]}]},{\"@type\":\"WebPage\",\"@id\":\"https:\\\/\\\/www.velomobileworld.com\\\/de\\\/velomobil-ausfluege-mit-brigitte-und-fritz-tag-23\\\/\",\"url\":\"https:\\\/\\\/www.velomobileworld.com\\\/de\\\/velomobil-ausfluege-mit-brigitte-und-fritz-tag-23\\\/\",\"name\":\"Velomobil Ausfl\u00fcge mit Brigitte und Fritz (Tag 23) | Velomobile World\",\"isPartOf\":{\"@id\":\"https:\\\/\\\/www.velomobileworld.com\\\/nl\\\/#website\"},\"primaryImageOfPage\":{\"@id\":\"https:\\\/\\\/www.velomobileworld.com\\\/de\\\/velomobil-ausfluege-mit-brigitte-und-fritz-tag-23\\\/#primaryimage\"},\"image\":{\"@id\":\"https:\\\/\\\/www.velomobileworld.com\\\/de\\\/velomobil-ausfluege-mit-brigitte-und-fritz-tag-23\\\/#primaryimage\"},\"thumbnailUrl\":\"https:\\\/\\\/www.velomobileworld.com\\\/wp-content\\\/uploads\\\/2024\\\/12\\\/1-Nachtanken-fur-den-Kocher-23-1.jpeg\",\"datePublished\":\"2024-12-09T14:32:58+00:00\",\"dateModified\":\"2025-07-25T10:11:18+00:00\",\"author\":{\"@id\":\"https:\\\/\\\/www.velomobileworld.com\\\/nl\\\/#\\\/schema\\\/person\\\/c0c7c661ad3c8719ed05a7dc85d6fa12\"},\"description\":\"Tag 23: Villars-Colmars, Col d\u2019Alloz, Barcelonnette... Heute brauchten wir nur diesen einen Pass fahren, den Col D'Allos. Daf\u00fcr ging es...\",\"breadcrumb\":{\"@id\":\"https:\\\/\\\/www.velomobileworld.com\\\/de\\\/velomobil-ausfluege-mit-brigitte-und-fritz-tag-23\\\/#breadcrumb\"},\"inLanguage\":\"de\",\"potentialAction\":[{\"@type\":\"ReadAction\",\"target\":[\"https:\\\/\\\/www.velomobileworld.com\\\/de\\\/velomobil-ausfluege-mit-brigitte-und-fritz-tag-23\\\/\"]}]},{\"@type\":\"ImageObject\",\"inLanguage\":\"de\",\"@id\":\"https:\\\/\\\/www.velomobileworld.com\\\/de\\\/velomobil-ausfluege-mit-brigitte-und-fritz-tag-23\\\/#primaryimage\",\"url\":\"https:\\\/\\\/www.velomobileworld.com\\\/wp-content\\\/uploads\\\/2024\\\/12\\\/1-Nachtanken-fur-den-Kocher-23-1.jpeg\",\"contentUrl\":\"https:\\\/\\\/www.velomobileworld.com\\\/wp-content\\\/uploads\\\/2024\\\/12\\\/1-Nachtanken-fur-den-Kocher-23-1.jpeg\",\"width\":1920,\"height\":1440,\"caption\":\"day 23 velo\"},{\"@type\":\"BreadcrumbList\",\"@id\":\"https:\\\/\\\/www.velomobileworld.com\\\/de\\\/velomobil-ausfluege-mit-brigitte-und-fritz-tag-23\\\/#breadcrumb\",\"itemListElement\":[{\"@type\":\"ListItem\",\"position\":1,\"name\":\"Home\",\"item\":\"https:\\\/\\\/www.velomobileworld.com\\\/\"},{\"@type\":\"ListItem\",\"position\":2,\"name\":\"Velomobil Ausfl\u00fcge mit Brigitte und Fritz (Tag 23)\"}]},{\"@type\":\"WebSite\",\"@id\":\"https:\\\/\\\/www.velomobileworld.com\\\/nl\\\/#website\",\"url\":\"https:\\\/\\\/www.velomobileworld.com\\\/nl\\\/\",\"name\":\"Velomobile World\",\"description\":\"\",\"potentialAction\":[{\"@type\":\"SearchAction\",\"target\":{\"@type\":\"EntryPoint\",\"urlTemplate\":\"https:\\\/\\\/www.velomobileworld.com\\\/nl\\\/?s={search_term_string}\"},\"query-input\":{\"@type\":\"PropertyValueSpecification\",\"valueRequired\":true,\"valueName\":\"search_term_string\"}}],\"inLanguage\":\"de\"},{\"@type\":\"Person\",\"@id\":\"https:\\\/\\\/www.velomobileworld.com\\\/nl\\\/#\\\/schema\\\/person\\\/c0c7c661ad3c8719ed05a7dc85d6fa12\",\"name\":\"Jan Wijnen\",\"image\":{\"@type\":\"ImageObject\",\"inLanguage\":\"de\",\"@id\":\"https:\\\/\\\/secure.gravatar.com\\\/avatar\\\/4802c8a6006d5895d73a1141e39ccf819bca7ec1dbfb26a6f4370880cefa109a?s=96&d=mm&r=g\",\"url\":\"https:\\\/\\\/secure.gravatar.com\\\/avatar\\\/4802c8a6006d5895d73a1141e39ccf819bca7ec1dbfb26a6f4370880cefa109a?s=96&d=mm&r=g\",\"contentUrl\":\"https:\\\/\\\/secure.gravatar.com\\\/avatar\\\/4802c8a6006d5895d73a1141e39ccf819bca7ec1dbfb26a6f4370880cefa109a?s=96&d=mm&r=g\",\"caption\":\"Jan Wijnen\"},\"url\":\"https:\\\/\\\/www.velomobileworld.com\\\/de\\\/author\\\/jan-admin\\\/\"}]}<\/script>\n<!-- \/ Yoast SEO plugin. -->","yoast_head_json":{"title":"Velomobil Ausfl\u00fcge mit Brigitte und Fritz (Tag 23) | Velomobile World","description":"Tag 23: Villars-Colmars, Col d\u2019Alloz, Barcelonnette... Heute brauchten wir nur diesen einen Pass fahren, den Col D'Allos. Daf\u00fcr ging es...","robots":{"index":"index","follow":"follow","max-snippet":"max-snippet:-1","max-image-preview":"max-image-preview:large","max-video-preview":"max-video-preview:-1"},"canonical":"https:\/\/www.velomobileworld.com\/de\/velomobil-ausfluege-mit-brigitte-und-fritz-tag-23\/","og_locale":"de_DE","og_type":"article","og_title":"Velomobil Ausfl\u00fcge mit Brigitte und Fritz (Tag 23) | Velomobile World","og_description":"Tag 23: Villars-Colmars, Col d\u2019Alloz, Barcelonnette... Heute brauchten wir nur diesen einen Pass fahren, den Col D'Allos. Daf\u00fcr ging es...","og_url":"https:\/\/www.velomobileworld.com\/de\/velomobil-ausfluege-mit-brigitte-und-fritz-tag-23\/","og_site_name":"Velomobile World","article_published_time":"2024-12-09T14:32:58+00:00","article_modified_time":"2025-07-25T10:11:18+00:00","og_image":[{"width":1920,"height":1440,"url":"https:\/\/www.velomobileworld.com\/wp-content\/uploads\/2024\/12\/1-Nachtanken-fur-den-Kocher-23-1.jpeg","type":"image\/jpeg"}],"author":"Jan Wijnen","twitter_card":"summary_large_image","twitter_misc":{"Verfasst von":"Jan Wijnen","Gesch\u00e4tzte Lesezeit":"12\u00a0Minuten"},"schema":{"@context":"https:\/\/schema.org","@graph":[{"@type":"Article","@id":"https:\/\/www.velomobileworld.com\/de\/velomobil-ausfluege-mit-brigitte-und-fritz-tag-23\/#article","isPartOf":{"@id":"https:\/\/www.velomobileworld.com\/de\/velomobil-ausfluege-mit-brigitte-und-fritz-tag-23\/"},"author":{"name":"Jan Wijnen","@id":"https:\/\/www.velomobileworld.com\/nl\/#\/schema\/person\/c0c7c661ad3c8719ed05a7dc85d6fa12"},"headline":"Velomobil Ausfl\u00fcge mit Brigitte und Fritz (Tag 23)","datePublished":"2024-12-09T14:32:58+00:00","dateModified":"2025-07-25T10:11:18+00:00","mainEntityOfPage":{"@id":"https:\/\/www.velomobileworld.com\/de\/velomobil-ausfluege-mit-brigitte-und-fritz-tag-23\/"},"wordCount":385,"commentCount":0,"image":{"@id":"https:\/\/www.velomobileworld.com\/de\/velomobil-ausfluege-mit-brigitte-und-fritz-tag-23\/#primaryimage"},"thumbnailUrl":"https:\/\/www.velomobileworld.com\/wp-content\/uploads\/2024\/12\/1-Nachtanken-fur-den-Kocher-23-1.jpeg","articleSection":["Unkategorisiert"],"inLanguage":"de","potentialAction":[{"@type":"CommentAction","name":"Comment","target":["https:\/\/www.velomobileworld.com\/de\/velomobil-ausfluege-mit-brigitte-und-fritz-tag-23\/#respond"]}]},{"@type":"WebPage","@id":"https:\/\/www.velomobileworld.com\/de\/velomobil-ausfluege-mit-brigitte-und-fritz-tag-23\/","url":"https:\/\/www.velomobileworld.com\/de\/velomobil-ausfluege-mit-brigitte-und-fritz-tag-23\/","name":"Velomobil Ausfl\u00fcge mit Brigitte und Fritz (Tag 23) | Velomobile World","isPartOf":{"@id":"https:\/\/www.velomobileworld.com\/nl\/#website"},"primaryImageOfPage":{"@id":"https:\/\/www.velomobileworld.com\/de\/velomobil-ausfluege-mit-brigitte-und-fritz-tag-23\/#primaryimage"},"image":{"@id":"https:\/\/www.velomobileworld.com\/de\/velomobil-ausfluege-mit-brigitte-und-fritz-tag-23\/#primaryimage"},"thumbnailUrl":"https:\/\/www.velomobileworld.com\/wp-content\/uploads\/2024\/12\/1-Nachtanken-fur-den-Kocher-23-1.jpeg","datePublished":"2024-12-09T14:32:58+00:00","dateModified":"2025-07-25T10:11:18+00:00","author":{"@id":"https:\/\/www.velomobileworld.com\/nl\/#\/schema\/person\/c0c7c661ad3c8719ed05a7dc85d6fa12"},"description":"Tag 23: Villars-Colmars, Col d\u2019Alloz, Barcelonnette... Heute brauchten wir nur diesen einen Pass fahren, den Col D'Allos. Daf\u00fcr ging es...","breadcrumb":{"@id":"https:\/\/www.velomobileworld.com\/de\/velomobil-ausfluege-mit-brigitte-und-fritz-tag-23\/#breadcrumb"},"inLanguage":"de","potentialAction":[{"@type":"ReadAction","target":["https:\/\/www.velomobileworld.com\/de\/velomobil-ausfluege-mit-brigitte-und-fritz-tag-23\/"]}]},{"@type":"ImageObject","inLanguage":"de","@id":"https:\/\/www.velomobileworld.com\/de\/velomobil-ausfluege-mit-brigitte-und-fritz-tag-23\/#primaryimage","url":"https:\/\/www.velomobileworld.com\/wp-content\/uploads\/2024\/12\/1-Nachtanken-fur-den-Kocher-23-1.jpeg","contentUrl":"https:\/\/www.velomobileworld.com\/wp-content\/uploads\/2024\/12\/1-Nachtanken-fur-den-Kocher-23-1.jpeg","width":1920,"height":1440,"caption":"day 23 velo"},{"@type":"BreadcrumbList","@id":"https:\/\/www.velomobileworld.com\/de\/velomobil-ausfluege-mit-brigitte-und-fritz-tag-23\/#breadcrumb","itemListElement":[{"@type":"ListItem","position":1,"name":"Home","item":"https:\/\/www.velomobileworld.com\/"},{"@type":"ListItem","position":2,"name":"Velomobil Ausfl\u00fcge mit Brigitte und Fritz (Tag 23)"}]},{"@type":"WebSite","@id":"https:\/\/www.velomobileworld.com\/nl\/#website","url":"https:\/\/www.velomobileworld.com\/nl\/","name":"Velomobile World","description":"","potentialAction":[{"@type":"SearchAction","target":{"@type":"EntryPoint","urlTemplate":"https:\/\/www.velomobileworld.com\/nl\/?s={search_term_string}"},"query-input":{"@type":"PropertyValueSpecification","valueRequired":true,"valueName":"search_term_string"}}],"inLanguage":"de"},{"@type":"Person","@id":"https:\/\/www.velomobileworld.com\/nl\/#\/schema\/person\/c0c7c661ad3c8719ed05a7dc85d6fa12","name":"Jan Wijnen","image":{"@type":"ImageObject","inLanguage":"de","@id":"https:\/\/secure.gravatar.com\/avatar\/4802c8a6006d5895d73a1141e39ccf819bca7ec1dbfb26a6f4370880cefa109a?s=96&d=mm&r=g","url":"https:\/\/secure.gravatar.com\/avatar\/4802c8a6006d5895d73a1141e39ccf819bca7ec1dbfb26a6f4370880cefa109a?s=96&d=mm&r=g","contentUrl":"https:\/\/secure.gravatar.com\/avatar\/4802c8a6006d5895d73a1141e39ccf819bca7ec1dbfb26a6f4370880cefa109a?s=96&d=mm&r=g","caption":"Jan Wijnen"},"url":"https:\/\/www.velomobileworld.com\/de\/author\/jan-admin\/"}]}},"_links":{"self":[{"href":"https:\/\/www.velomobileworld.com\/de\/wp-json\/wp\/v2\/posts\/7303","targetHints":{"allow":["GET"]}}],"collection":[{"href":"https:\/\/www.velomobileworld.com\/de\/wp-json\/wp\/v2\/posts"}],"about":[{"href":"https:\/\/www.velomobileworld.com\/de\/wp-json\/wp\/v2\/types\/post"}],"author":[{"embeddable":true,"href":"https:\/\/www.velomobileworld.com\/de\/wp-json\/wp\/v2\/users\/4"}],"replies":[{"embeddable":true,"href":"https:\/\/www.velomobileworld.com\/de\/wp-json\/wp\/v2\/comments?post=7303"}],"version-history":[{"count":2,"href":"https:\/\/www.velomobileworld.com\/de\/wp-json\/wp\/v2\/posts\/7303\/revisions"}],"predecessor-version":[{"id":100781,"href":"https:\/\/www.velomobileworld.com\/de\/wp-json\/wp\/v2\/posts\/7303\/revisions\/100781"}],"wp:featuredmedia":[{"embeddable":true,"href":"https:\/\/www.velomobileworld.com\/de\/wp-json\/wp\/v2\/media\/5940"}],"wp:attachment":[{"href":"https:\/\/www.velomobileworld.com\/de\/wp-json\/wp\/v2\/media?parent=7303"}],"wp:term":[{"taxonomy":"category","embeddable":true,"href":"https:\/\/www.velomobileworld.com\/de\/wp-json\/wp\/v2\/categories?post=7303"},{"taxonomy":"post_tag","embeddable":true,"href":"https:\/\/www.velomobileworld.com\/de\/wp-json\/wp\/v2\/tags?post=7303"}],"curies":[{"name":"wp","href":"https:\/\/api.w.org\/{rel}","templated":true}]}}