{"id":7328,"date":"2024-12-11T15:39:15","date_gmt":"2024-12-11T14:39:15","guid":{"rendered":"https:\/\/velomobileworld.convident.dev\/velomobil-ausfluege-mit-brigitte-und-fritz-tag-31\/"},"modified":"2025-07-25T12:11:10","modified_gmt":"2025-07-25T10:11:10","slug":"velomobil-ausfluege-mit-brigitte-und-fritz-tag-31","status":"publish","type":"post","link":"https:\/\/www.velomobileworld.com\/de\/velomobil-ausfluege-mit-brigitte-und-fritz-tag-31\/","title":{"rendered":"Velomobil Ausfl\u00fcge mit Brigitte und Fritz (Tag 31)"},"content":{"rendered":"<p style=\"text-align: left;\"><strong>31.Tag<\/strong><\/p>\n<p>&nbsp;<\/p>\n<p style=\"text-align: left;\">Innsbruck &#8211; Tuntenhausen<\/p>\n<p style=\"text-align: left;\">133 km | 560 HM<\/p>\n<p>&nbsp;<\/p>\n<p style=\"text-align: left;\">\n<p><a href=\"https:\/\/www.velomobileworld.com\/wp-content\/uploads\/2023\/06\/map-Day-31-map.jpeg\" target=\"_blank\" rel=\"noopener\"><img loading=\"lazy\" decoding=\"async\" class=\"alignnone wp-image-23235\" src=\"https:\/\/www.velomobileworld.com\/wp-content\/uploads\/2023\/06\/map-Day-31-map.jpeg\" alt=\"\" width=\"450\" height=\"676\" \/><\/a><\/p>\n<p style=\"text-align: left;\">\n<p>&nbsp;<\/p>\n<p style=\"text-align: left;\">Auf dem Campingplatz war ein merkw\u00fcrdiger Kauz mit einem Dauercampingplatz. Sein alter Caravan war mit einer Folie im Ziegelsteindesign eingewickelt, davor ein kleiner kitschiger Brunnen mit Beleuchtung in wechselnden Farben und vor dem Caravan eine Terrasse in durchsichtiger Plastikfolie wie ein Wintergarten verpackt. Drinnen hing ein 2-Meter-Fernseher. Davor sass er im Bademantel. Im Zelt h\u00f6rten wir dann von weitem laut Musik von dort in einer Mischung aus Star Wars und Oper.<\/p>\n<p>&nbsp;<\/p>\n<p style=\"text-align: left;\">Der n\u00e4chste Tag. Eine Fahrt im Regen erwartete uns. In der Nacht hatte es schon begonnen stetig zu regnen. So mussten wir alles im Regen einpacken. Wenn man das geschickt macht, ist alles trocken bis auf das Zelt. Als verpackt war, tropfte es noch aus dem Zeltsack. Bis zum Mittag blieb es regnerisch.<\/p>\n<p>&nbsp;<\/p>\n<p style=\"text-align: left;\">Die Route verlief immer noch das Inntal flu\u00dfabw\u00e4rts. Deshalb ist es einfach zu fahren. Ca. 8:30 h sind wir losgefahren. So konnten wir am fr\u00fchen Sonntagmorgen bei sehr wenig Verkehr durch Innsbruck rollen.<\/p>\n<p>&nbsp;<\/p>\n<p style=\"text-align: left;\">Eine erste Kaffeepause an einer Tankstelle. Es h\u00e4lt ein Monsteroffroadwohnmobil, Mercedes 1880, mit der Aufschrift \u201eSport Aktiv\u201c. Der Fahrer als auch seine Frau verk\u00f6rpern eher das Gegenteil. Die anderen in der Tankstelle witzeln, wieviel 100 l er wohl tanken muss und ob die Zapfs\u00e4ule gleich leer ist. Der Tankwart solle mal schnell neuen Treibstoff ordern.<\/p>\n<p>&nbsp;<\/p>\n<p style=\"text-align: left;\">Die D\u00f6rfer im Inntal sind oft recht h\u00fcbsch wie z.B. Rattenberg. Das Wetter l\u00e4dt blo\u00df gerade nicht ein. Dann erreichen wir W\u00f6rgl und damit die Grenze zu Deutschland. Mittagspause wieder an einer Tankstelle.<\/p>\n<p>&nbsp;<\/p>\n<p style=\"text-align: left;\">Jetzt sind es nur noch 70 km bis zu Klemens. Ein Gastgeber von Wheelbase dem Netzwerk f\u00fcr Velomobil- und Liegeradfahrer.<\/p>\n<p>&nbsp;<\/p>\n<p style=\"text-align: left;\">Die Strecke ist wieder typisch f\u00fcr Deutschland. Es ist Sonntag, also kein Zeitdruck und kein Berufsverkehr. Trotzdem bedr\u00e4ngen uns die Autofahrer von hinten, obwohl wir auf einer absoluten Nebenstrecke fahren. Vielleicht sind sie in \u00d6sterreich der vignettenpflichtigen Autobahn ausgewichen und jetzt noch auf der Stra\u00dfe oder wollten dem R\u00fcckreisestau entkommen. Jetzt hingen sie jedenfalls hinter uns. Etliche sind im Wohnmobil, andere mit Pkw und echt sportlich aufgeschnallten R\u00e4dern unterwegs. Eigentlich sollten sie ganz entspannt sein. Aber sie verhalten sich oft gegenteilig. Die Stra\u00dfe ist sehr kurvig und immer wieder f\u00fchrt sie durch Waldst\u00fccke. D.h. \u00fcberholen ist nicht so einfach und die Autofahrer sind sichtbar gereizt, wenn sie uns endlich \u00fcberholen k\u00f6nnen. Manche nehmen darauf auch keine R\u00fccksicht und riskieren viel. Viele h\u00e4tte man eigentlich anzeigen k\u00f6nnen.<\/p>\n<p>&nbsp;<\/p>\n<p style=\"text-align: left;\">Sehr sch\u00f6n, dass wir bald Klemens erreicht haben. Er wohnt auf dem Land, absolut ruhig und sch\u00f6n gelegen.<\/p>\n<p>&nbsp;<\/p>\n<p style=\"text-align: left;\">\n<p><a href=\"https:\/\/www.velomobileworld.com\/wp-content\/uploads\/2023\/06\/1-Innsbruck-morgens-im-Regen-31-1024x768.jpeg\" target=\"_blank\" rel=\"noopener\"><img loading=\"lazy\" decoding=\"async\" class=\"alignnone wp-image-23240\" src=\"https:\/\/www.velomobileworld.com\/wp-content\/uploads\/2023\/06\/1-Innsbruck-morgens-im-Regen-31-1024x768.jpeg\" alt=\"\" width=\"450\" height=\"338\" \/><\/a><\/p>\n<p style=\"text-align: left;\"><img decoding=\"async\" class=\"emoji\" role=\"img\" draggable=\"false\" src=\"https:\/\/s.w.org\/images\/core\/emoji\/13.1.0\/svg\/2b06.svg\" alt=\"\u2b06\ufe0f\" \/> Innsbruck morgens im Regen \/ Innsbruck in the morning in the rain<\/p>\n<p><a href=\"https:\/\/www.velomobileworld.com\/wp-content\/uploads\/2023\/06\/2-image-31-1024x768.jpeg\" target=\"_blank\" rel=\"noopener\"><img loading=\"lazy\" decoding=\"async\" class=\"alignnone wp-image-23245\" src=\"https:\/\/www.velomobileworld.com\/wp-content\/uploads\/2023\/06\/2-image-31-1024x768.jpeg\" alt=\"\" width=\"450\" height=\"338\" \/><\/a><a href=\"https:\/\/www.velomobileworld.com\/wp-content\/uploads\/2023\/06\/3-Monstertruck-31-1024x768.jpeg\" target=\"_blank\" rel=\"noopener\"><img loading=\"lazy\" decoding=\"async\" class=\"alignnone wp-image-23250\" src=\"https:\/\/www.velomobileworld.com\/wp-content\/uploads\/2023\/06\/3-Monstertruck-31-1024x768.jpeg\" alt=\"\" width=\"450\" height=\"338\" \/><\/a><\/p>\n<p style=\"text-align: left;\"><img decoding=\"async\" class=\"emoji\" role=\"img\" draggable=\"false\" src=\"https:\/\/s.w.org\/images\/core\/emoji\/13.1.0\/svg\/2b06.svg\" alt=\"\u2b06\ufe0f\" \/> Monstertruck<\/p>\n<p><a href=\"https:\/\/www.velomobileworld.com\/wp-content\/uploads\/2023\/06\/4-Rattenbach-31-1024x768.jpeg\" target=\"_blank\" rel=\"noopener\"><img loading=\"lazy\" decoding=\"async\" class=\"alignnone wp-image-23255\" src=\"https:\/\/www.velomobileworld.com\/wp-content\/uploads\/2023\/06\/4-Rattenbach-31-1024x768.jpeg\" alt=\"\" width=\"450\" height=\"338\" \/><\/a><\/p>\n<p style=\"text-align: left;\"><img decoding=\"async\" class=\"emoji\" role=\"img\" draggable=\"false\" src=\"https:\/\/s.w.org\/images\/core\/emoji\/13.1.0\/svg\/2b06.svg\" alt=\"\u2b06\ufe0f\" \/> Rattenbach<\/p>\n<p><a href=\"https:\/\/www.velomobileworld.com\/wp-content\/uploads\/2023\/06\/5-Kirche-im-Inntal-31-1024x768.jpeg\" target=\"_blank\" rel=\"noopener\"><img loading=\"lazy\" decoding=\"async\" class=\"alignnone wp-image-23260\" src=\"https:\/\/www.velomobileworld.com\/wp-content\/uploads\/2023\/06\/5-Kirche-im-Inntal-31-1024x768.jpeg\" alt=\"\" width=\"450\" height=\"338\" \/><\/a><\/p>\n<p style=\"text-align: left;\"><img decoding=\"async\" class=\"emoji\" role=\"img\" draggable=\"false\" src=\"https:\/\/s.w.org\/images\/core\/emoji\/13.1.0\/svg\/2b06.svg\" alt=\"\u2b06\ufe0f\" \/> Kirche im Inntal \/ Church in the Inn Valley<\/p>\n<p><a href=\"https:\/\/www.velomobileworld.com\/wp-content\/uploads\/2023\/06\/6-Inntal-31-1024x768.jpeg\" target=\"_blank\" rel=\"noopener\"><img loading=\"lazy\" decoding=\"async\" class=\"alignnone wp-image-23265\" src=\"https:\/\/www.velomobileworld.com\/wp-content\/uploads\/2023\/06\/6-Inntal-31-1024x768.jpeg\" alt=\"\" width=\"450\" height=\"338\" \/><\/a><\/p>\n<p style=\"text-align: left;\"><img decoding=\"async\" class=\"emoji\" role=\"img\" draggable=\"false\" src=\"https:\/\/s.w.org\/images\/core\/emoji\/13.1.0\/svg\/2b06.svg\" alt=\"\u2b06\ufe0f\" \/> Inntal \/ Inn Valley<\/p>\n<p><a href=\"https:\/\/www.velomobileworld.com\/wp-content\/uploads\/2023\/06\/7-Festung-Kufstein-an-der-Grenze-31-1024x768.jpeg\" target=\"_blank\" rel=\"noopener\"><img loading=\"lazy\" decoding=\"async\" class=\"alignnone wp-image-23270\" src=\"https:\/\/www.velomobileworld.com\/wp-content\/uploads\/2023\/06\/7-Festung-Kufstein-an-der-Grenze-31-1024x768.jpeg\" alt=\"\" width=\"450\" height=\"338\" \/><\/a><\/p>\n<p style=\"text-align: left;\"><img decoding=\"async\" class=\"emoji\" role=\"img\" draggable=\"false\" src=\"https:\/\/s.w.org\/images\/core\/emoji\/13.1.0\/svg\/2b06.svg\" alt=\"\u2b06\ufe0f\" \/> Festung Kufstein an der Grenze \/ Kufstein fortress on the border<\/p>\n<p><a href=\"https:\/\/www.velomobileworld.com\/wp-content\/uploads\/2023\/06\/8-Grenzubergang-31-1024x768.jpeg\" target=\"_blank\" rel=\"noopener\"><img loading=\"lazy\" decoding=\"async\" class=\"alignnone wp-image-23275\" src=\"https:\/\/www.velomobileworld.com\/wp-content\/uploads\/2023\/06\/8-Grenzubergang-31-1024x768.jpeg\" alt=\"\" width=\"450\" height=\"338\" \/><\/a><\/p>\n<p style=\"text-align: left;\"><img decoding=\"async\" class=\"emoji\" role=\"img\" draggable=\"false\" src=\"https:\/\/s.w.org\/images\/core\/emoji\/13.1.0\/svg\/2b06.svg\" alt=\"\u2b06\ufe0f\" \/> Grenz\u00fcbergang \/ Border crossing<\/p>\n<p><a href=\"https:\/\/www.velomobileworld.com\/wp-content\/uploads\/2023\/06\/9-Oberaudorf-in-Bayern-31-1024x768.jpeg\" target=\"_blank\" rel=\"noopener\"><img loading=\"lazy\" decoding=\"async\" class=\"alignnone wp-image-23280\" src=\"https:\/\/www.velomobileworld.com\/wp-content\/uploads\/2023\/06\/9-Oberaudorf-in-Bayern-31-1024x768.jpeg\" alt=\"\" width=\"450\" height=\"338\" \/><\/a><\/p>\n<p style=\"text-align: left;\"><img decoding=\"async\" class=\"emoji\" role=\"img\" draggable=\"false\" src=\"https:\/\/s.w.org\/images\/core\/emoji\/13.1.0\/svg\/2b06.svg\" alt=\"\u2b06\ufe0f\" \/> Oberaudorf in Bayern<\/p>\n<p><a href=\"https:\/\/www.velomobileworld.com\/wp-content\/uploads\/2023\/06\/10-Urige-Backerei-in-Bayern-31-1024x768.jpeg\" target=\"_blank\" rel=\"noopener\"><img loading=\"lazy\" decoding=\"async\" class=\"alignnone wp-image-23285\" src=\"https:\/\/www.velomobileworld.com\/wp-content\/uploads\/2023\/06\/10-Urige-Backerei-in-Bayern-31-1024x768.jpeg\" alt=\"\" width=\"450\" height=\"338\" \/><\/a><\/p>\n<p style=\"text-align: left;\"><img decoding=\"async\" class=\"emoji\" role=\"img\" draggable=\"false\" src=\"https:\/\/s.w.org\/images\/core\/emoji\/13.1.0\/svg\/2b06.svg\" alt=\"\u2b06\ufe0f\" \/> Urige B\u00e4ckerei in Bayern \/ Rustic bakery in Bavaria<\/p>\n<p><a href=\"https:\/\/www.velomobileworld.com\/wp-content\/uploads\/2023\/06\/11-Oberaudorf-31-1024x768.jpeg\" target=\"_blank\" rel=\"noopener\"><img loading=\"lazy\" decoding=\"async\" class=\"alignnone wp-image-23290\" src=\"https:\/\/www.velomobileworld.com\/wp-content\/uploads\/2023\/06\/11-Oberaudorf-31-1024x768.jpeg\" alt=\"\" width=\"450\" height=\"338\" \/><\/a><\/p>\n<p style=\"text-align: left;\"><img decoding=\"async\" class=\"emoji\" role=\"img\" draggable=\"false\" src=\"https:\/\/s.w.org\/images\/core\/emoji\/13.1.0\/svg\/2b06.svg\" alt=\"\u2b06\ufe0f\" \/> Oberaudorf<\/p>\n<p><a href=\"https:\/\/www.velomobileworld.com\/wp-content\/uploads\/2023\/06\/12-Marterl-bzw.-Bildstock-bei-Tuntenhausen-31-1024x768.jpeg\" target=\"_blank\" rel=\"noopener\"><img loading=\"lazy\" decoding=\"async\" class=\"alignnone wp-image-23295\" src=\"https:\/\/www.velomobileworld.com\/wp-content\/uploads\/2023\/06\/12-Marterl-bzw.-Bildstock-bei-Tuntenhausen-31-1024x768.jpeg\" alt=\"\" width=\"450\" height=\"338\" \/><\/a><\/p>\n<p style=\"text-align: left;\"><img decoding=\"async\" class=\"emoji\" role=\"img\" draggable=\"false\" src=\"https:\/\/s.w.org\/images\/core\/emoji\/13.1.0\/svg\/2b06.svg\" alt=\"\u2b06\ufe0f\" \/> Marterl bzw. Bildstock \/ Wayside shrine<\/p>\n<p style=\"text-align: left;\">&#8212;&#8212;&#8212;&#8212;&#8212;&#8212;&#8212;&#8212;&#8212;&#8212;&#8212;&#8211;<\/p>\n<p style=\"text-align: left;\"><a href=\"\/de\/?p=1010\">SIEHE MEHR ARTIKEL HIER<\/a><\/p>\n<p style=\"text-align: left;\">&#8212;&#8212;&#8212;&#8212;&#8212;&#8212;&#8212;&#8212;&#8212;&#8212;&#8212;&#8211;<\/p>\n<p style=\"text-align: left;\"><a href=\"\/?product_tag=velomobiles\">WOLLEN SIE EIN VELOMOBIL? ENTDECKEN SIE DIE MODELLE HIER !<\/a><\/p>\n","protected":false},"excerpt":{"rendered":"<p>31.Tag &nbsp; Innsbruck &#8211; Tuntenhausen 133 km | 560 HM &nbsp; &nbsp; Auf dem Campingplatz war ein merkw\u00fcrdiger Kauz mit [&hellip;]<\/p>\n","protected":false},"author":4,"featured_media":6499,"comment_status":"open","ping_status":"closed","sticky":false,"template":"","format":"standard","meta":{"_acf_changed":false,"footnotes":""},"categories":[690],"tags":[],"class_list":["post-7328","post","type-post","status-publish","format-standard","has-post-thumbnail","hentry","category-unkategorisiert"],"acf":[],"yoast_head":"<!-- This site is optimized with the Yoast SEO plugin v27.5 - https:\/\/yoast.com\/product\/yoast-seo-wordpress\/ -->\n<title>Velomobil Ausfl\u00fcge mit Brigitte und Fritz (Tag 31) | Velomobile World<\/title>\n<meta name=\"description\" content=\"Day 31: Innsbruck, Tuntenhausen... Eine Fahrt im Regen. In der Nacht hatte es schon begonnen stetig zu regnen ...\" \/>\n<meta name=\"robots\" content=\"index, follow, max-snippet:-1, max-image-preview:large, max-video-preview:-1\" \/>\n<link rel=\"canonical\" href=\"https:\/\/www.velomobileworld.com\/de\/velomobil-ausfluege-mit-brigitte-und-fritz-tag-31\/\" \/>\n<meta property=\"og:locale\" content=\"de_DE\" \/>\n<meta property=\"og:type\" content=\"article\" \/>\n<meta property=\"og:title\" content=\"Velomobil Ausfl\u00fcge mit Brigitte und Fritz (Tag 31) | Velomobile World\" \/>\n<meta property=\"og:description\" content=\"Day 31: Innsbruck, Tuntenhausen... Eine Fahrt im Regen. In der Nacht hatte es schon begonnen stetig zu regnen ...\" \/>\n<meta property=\"og:url\" content=\"https:\/\/www.velomobileworld.com\/de\/velomobil-ausfluege-mit-brigitte-und-fritz-tag-31\/\" \/>\n<meta property=\"og:site_name\" content=\"Velomobile World\" \/>\n<meta property=\"article:published_time\" content=\"2024-12-11T14:39:15+00:00\" \/>\n<meta property=\"article:modified_time\" content=\"2025-07-25T10:11:10+00:00\" \/>\n<meta property=\"og:image\" content=\"https:\/\/www.velomobileworld.com\/wp-content\/uploads\/2024\/12\/Day-31-fritz-road-trip.jpg\" \/>\n\t<meta property=\"og:image:width\" content=\"1307\" \/>\n\t<meta property=\"og:image:height\" content=\"586\" \/>\n\t<meta property=\"og:image:type\" content=\"image\/jpeg\" \/>\n<meta name=\"author\" content=\"Jan Wijnen\" \/>\n<meta name=\"twitter:card\" content=\"summary_large_image\" \/>\n<meta name=\"twitter:label1\" content=\"Verfasst von\" \/>\n\t<meta name=\"twitter:data1\" content=\"Jan Wijnen\" \/>\n\t<meta name=\"twitter:label2\" content=\"Gesch\u00e4tzte Lesezeit\" \/>\n\t<meta name=\"twitter:data2\" content=\"3\u00a0Minuten\" \/>\n<script type=\"application\/ld+json\" class=\"yoast-schema-graph\">{\"@context\":\"https:\\\/\\\/schema.org\",\"@graph\":[{\"@type\":\"Article\",\"@id\":\"https:\\\/\\\/www.velomobileworld.com\\\/de\\\/velomobil-ausfluege-mit-brigitte-und-fritz-tag-31\\\/#article\",\"isPartOf\":{\"@id\":\"https:\\\/\\\/www.velomobileworld.com\\\/de\\\/velomobil-ausfluege-mit-brigitte-und-fritz-tag-31\\\/\"},\"author\":{\"name\":\"Jan Wijnen\",\"@id\":\"https:\\\/\\\/www.velomobileworld.com\\\/nl\\\/#\\\/schema\\\/person\\\/c0c7c661ad3c8719ed05a7dc85d6fa12\"},\"headline\":\"Velomobil Ausfl\u00fcge mit Brigitte und Fritz (Tag 31)\",\"datePublished\":\"2024-12-11T14:39:15+00:00\",\"dateModified\":\"2025-07-25T10:11:10+00:00\",\"mainEntityOfPage\":{\"@id\":\"https:\\\/\\\/www.velomobileworld.com\\\/de\\\/velomobil-ausfluege-mit-brigitte-und-fritz-tag-31\\\/\"},\"wordCount\":531,\"commentCount\":0,\"image\":{\"@id\":\"https:\\\/\\\/www.velomobileworld.com\\\/de\\\/velomobil-ausfluege-mit-brigitte-und-fritz-tag-31\\\/#primaryimage\"},\"thumbnailUrl\":\"https:\\\/\\\/www.velomobileworld.com\\\/wp-content\\\/uploads\\\/2024\\\/12\\\/Day-31-fritz-road-trip.jpg\",\"articleSection\":[\"Unkategorisiert\"],\"inLanguage\":\"de\",\"potentialAction\":[{\"@type\":\"CommentAction\",\"name\":\"Comment\",\"target\":[\"https:\\\/\\\/www.velomobileworld.com\\\/de\\\/velomobil-ausfluege-mit-brigitte-und-fritz-tag-31\\\/#respond\"]}]},{\"@type\":\"WebPage\",\"@id\":\"https:\\\/\\\/www.velomobileworld.com\\\/de\\\/velomobil-ausfluege-mit-brigitte-und-fritz-tag-31\\\/\",\"url\":\"https:\\\/\\\/www.velomobileworld.com\\\/de\\\/velomobil-ausfluege-mit-brigitte-und-fritz-tag-31\\\/\",\"name\":\"Velomobil Ausfl\u00fcge mit Brigitte und Fritz (Tag 31) | Velomobile World\",\"isPartOf\":{\"@id\":\"https:\\\/\\\/www.velomobileworld.com\\\/nl\\\/#website\"},\"primaryImageOfPage\":{\"@id\":\"https:\\\/\\\/www.velomobileworld.com\\\/de\\\/velomobil-ausfluege-mit-brigitte-und-fritz-tag-31\\\/#primaryimage\"},\"image\":{\"@id\":\"https:\\\/\\\/www.velomobileworld.com\\\/de\\\/velomobil-ausfluege-mit-brigitte-und-fritz-tag-31\\\/#primaryimage\"},\"thumbnailUrl\":\"https:\\\/\\\/www.velomobileworld.com\\\/wp-content\\\/uploads\\\/2024\\\/12\\\/Day-31-fritz-road-trip.jpg\",\"datePublished\":\"2024-12-11T14:39:15+00:00\",\"dateModified\":\"2025-07-25T10:11:10+00:00\",\"author\":{\"@id\":\"https:\\\/\\\/www.velomobileworld.com\\\/nl\\\/#\\\/schema\\\/person\\\/c0c7c661ad3c8719ed05a7dc85d6fa12\"},\"description\":\"Day 31: Innsbruck, Tuntenhausen... Eine Fahrt im Regen. In der Nacht hatte es schon begonnen stetig zu regnen ...\",\"breadcrumb\":{\"@id\":\"https:\\\/\\\/www.velomobileworld.com\\\/de\\\/velomobil-ausfluege-mit-brigitte-und-fritz-tag-31\\\/#breadcrumb\"},\"inLanguage\":\"de\",\"potentialAction\":[{\"@type\":\"ReadAction\",\"target\":[\"https:\\\/\\\/www.velomobileworld.com\\\/de\\\/velomobil-ausfluege-mit-brigitte-und-fritz-tag-31\\\/\"]}]},{\"@type\":\"ImageObject\",\"inLanguage\":\"de\",\"@id\":\"https:\\\/\\\/www.velomobileworld.com\\\/de\\\/velomobil-ausfluege-mit-brigitte-und-fritz-tag-31\\\/#primaryimage\",\"url\":\"https:\\\/\\\/www.velomobileworld.com\\\/wp-content\\\/uploads\\\/2024\\\/12\\\/Day-31-fritz-road-trip.jpg\",\"contentUrl\":\"https:\\\/\\\/www.velomobileworld.com\\\/wp-content\\\/uploads\\\/2024\\\/12\\\/Day-31-fritz-road-trip.jpg\",\"width\":1307,\"height\":586,\"caption\":\"Day-31-fritz-road-trip\"},{\"@type\":\"BreadcrumbList\",\"@id\":\"https:\\\/\\\/www.velomobileworld.com\\\/de\\\/velomobil-ausfluege-mit-brigitte-und-fritz-tag-31\\\/#breadcrumb\",\"itemListElement\":[{\"@type\":\"ListItem\",\"position\":1,\"name\":\"Home\",\"item\":\"https:\\\/\\\/www.velomobileworld.com\\\/\"},{\"@type\":\"ListItem\",\"position\":2,\"name\":\"Velomobil Ausfl\u00fcge mit Brigitte und Fritz (Tag 31)\"}]},{\"@type\":\"WebSite\",\"@id\":\"https:\\\/\\\/www.velomobileworld.com\\\/nl\\\/#website\",\"url\":\"https:\\\/\\\/www.velomobileworld.com\\\/nl\\\/\",\"name\":\"Velomobile World\",\"description\":\"\",\"potentialAction\":[{\"@type\":\"SearchAction\",\"target\":{\"@type\":\"EntryPoint\",\"urlTemplate\":\"https:\\\/\\\/www.velomobileworld.com\\\/nl\\\/?s={search_term_string}\"},\"query-input\":{\"@type\":\"PropertyValueSpecification\",\"valueRequired\":true,\"valueName\":\"search_term_string\"}}],\"inLanguage\":\"de\"},{\"@type\":\"Person\",\"@id\":\"https:\\\/\\\/www.velomobileworld.com\\\/nl\\\/#\\\/schema\\\/person\\\/c0c7c661ad3c8719ed05a7dc85d6fa12\",\"name\":\"Jan Wijnen\",\"image\":{\"@type\":\"ImageObject\",\"inLanguage\":\"de\",\"@id\":\"https:\\\/\\\/secure.gravatar.com\\\/avatar\\\/4802c8a6006d5895d73a1141e39ccf819bca7ec1dbfb26a6f4370880cefa109a?s=96&d=mm&r=g\",\"url\":\"https:\\\/\\\/secure.gravatar.com\\\/avatar\\\/4802c8a6006d5895d73a1141e39ccf819bca7ec1dbfb26a6f4370880cefa109a?s=96&d=mm&r=g\",\"contentUrl\":\"https:\\\/\\\/secure.gravatar.com\\\/avatar\\\/4802c8a6006d5895d73a1141e39ccf819bca7ec1dbfb26a6f4370880cefa109a?s=96&d=mm&r=g\",\"caption\":\"Jan Wijnen\"},\"url\":\"https:\\\/\\\/www.velomobileworld.com\\\/de\\\/author\\\/jan-admin\\\/\"}]}<\/script>\n<!-- \/ Yoast SEO plugin. -->","yoast_head_json":{"title":"Velomobil Ausfl\u00fcge mit Brigitte und Fritz (Tag 31) | Velomobile World","description":"Day 31: Innsbruck, Tuntenhausen... Eine Fahrt im Regen. In der Nacht hatte es schon begonnen stetig zu regnen ...","robots":{"index":"index","follow":"follow","max-snippet":"max-snippet:-1","max-image-preview":"max-image-preview:large","max-video-preview":"max-video-preview:-1"},"canonical":"https:\/\/www.velomobileworld.com\/de\/velomobil-ausfluege-mit-brigitte-und-fritz-tag-31\/","og_locale":"de_DE","og_type":"article","og_title":"Velomobil Ausfl\u00fcge mit Brigitte und Fritz (Tag 31) | Velomobile World","og_description":"Day 31: Innsbruck, Tuntenhausen... Eine Fahrt im Regen. In der Nacht hatte es schon begonnen stetig zu regnen ...","og_url":"https:\/\/www.velomobileworld.com\/de\/velomobil-ausfluege-mit-brigitte-und-fritz-tag-31\/","og_site_name":"Velomobile World","article_published_time":"2024-12-11T14:39:15+00:00","article_modified_time":"2025-07-25T10:11:10+00:00","og_image":[{"width":1307,"height":586,"url":"https:\/\/www.velomobileworld.com\/wp-content\/uploads\/2024\/12\/Day-31-fritz-road-trip.jpg","type":"image\/jpeg"}],"author":"Jan Wijnen","twitter_card":"summary_large_image","twitter_misc":{"Verfasst von":"Jan Wijnen","Gesch\u00e4tzte Lesezeit":"3\u00a0Minuten"},"schema":{"@context":"https:\/\/schema.org","@graph":[{"@type":"Article","@id":"https:\/\/www.velomobileworld.com\/de\/velomobil-ausfluege-mit-brigitte-und-fritz-tag-31\/#article","isPartOf":{"@id":"https:\/\/www.velomobileworld.com\/de\/velomobil-ausfluege-mit-brigitte-und-fritz-tag-31\/"},"author":{"name":"Jan Wijnen","@id":"https:\/\/www.velomobileworld.com\/nl\/#\/schema\/person\/c0c7c661ad3c8719ed05a7dc85d6fa12"},"headline":"Velomobil Ausfl\u00fcge mit Brigitte und Fritz (Tag 31)","datePublished":"2024-12-11T14:39:15+00:00","dateModified":"2025-07-25T10:11:10+00:00","mainEntityOfPage":{"@id":"https:\/\/www.velomobileworld.com\/de\/velomobil-ausfluege-mit-brigitte-und-fritz-tag-31\/"},"wordCount":531,"commentCount":0,"image":{"@id":"https:\/\/www.velomobileworld.com\/de\/velomobil-ausfluege-mit-brigitte-und-fritz-tag-31\/#primaryimage"},"thumbnailUrl":"https:\/\/www.velomobileworld.com\/wp-content\/uploads\/2024\/12\/Day-31-fritz-road-trip.jpg","articleSection":["Unkategorisiert"],"inLanguage":"de","potentialAction":[{"@type":"CommentAction","name":"Comment","target":["https:\/\/www.velomobileworld.com\/de\/velomobil-ausfluege-mit-brigitte-und-fritz-tag-31\/#respond"]}]},{"@type":"WebPage","@id":"https:\/\/www.velomobileworld.com\/de\/velomobil-ausfluege-mit-brigitte-und-fritz-tag-31\/","url":"https:\/\/www.velomobileworld.com\/de\/velomobil-ausfluege-mit-brigitte-und-fritz-tag-31\/","name":"Velomobil Ausfl\u00fcge mit Brigitte und Fritz (Tag 31) | Velomobile World","isPartOf":{"@id":"https:\/\/www.velomobileworld.com\/nl\/#website"},"primaryImageOfPage":{"@id":"https:\/\/www.velomobileworld.com\/de\/velomobil-ausfluege-mit-brigitte-und-fritz-tag-31\/#primaryimage"},"image":{"@id":"https:\/\/www.velomobileworld.com\/de\/velomobil-ausfluege-mit-brigitte-und-fritz-tag-31\/#primaryimage"},"thumbnailUrl":"https:\/\/www.velomobileworld.com\/wp-content\/uploads\/2024\/12\/Day-31-fritz-road-trip.jpg","datePublished":"2024-12-11T14:39:15+00:00","dateModified":"2025-07-25T10:11:10+00:00","author":{"@id":"https:\/\/www.velomobileworld.com\/nl\/#\/schema\/person\/c0c7c661ad3c8719ed05a7dc85d6fa12"},"description":"Day 31: Innsbruck, Tuntenhausen... Eine Fahrt im Regen. In der Nacht hatte es schon begonnen stetig zu regnen ...","breadcrumb":{"@id":"https:\/\/www.velomobileworld.com\/de\/velomobil-ausfluege-mit-brigitte-und-fritz-tag-31\/#breadcrumb"},"inLanguage":"de","potentialAction":[{"@type":"ReadAction","target":["https:\/\/www.velomobileworld.com\/de\/velomobil-ausfluege-mit-brigitte-und-fritz-tag-31\/"]}]},{"@type":"ImageObject","inLanguage":"de","@id":"https:\/\/www.velomobileworld.com\/de\/velomobil-ausfluege-mit-brigitte-und-fritz-tag-31\/#primaryimage","url":"https:\/\/www.velomobileworld.com\/wp-content\/uploads\/2024\/12\/Day-31-fritz-road-trip.jpg","contentUrl":"https:\/\/www.velomobileworld.com\/wp-content\/uploads\/2024\/12\/Day-31-fritz-road-trip.jpg","width":1307,"height":586,"caption":"Day-31-fritz-road-trip"},{"@type":"BreadcrumbList","@id":"https:\/\/www.velomobileworld.com\/de\/velomobil-ausfluege-mit-brigitte-und-fritz-tag-31\/#breadcrumb","itemListElement":[{"@type":"ListItem","position":1,"name":"Home","item":"https:\/\/www.velomobileworld.com\/"},{"@type":"ListItem","position":2,"name":"Velomobil Ausfl\u00fcge mit Brigitte und Fritz (Tag 31)"}]},{"@type":"WebSite","@id":"https:\/\/www.velomobileworld.com\/nl\/#website","url":"https:\/\/www.velomobileworld.com\/nl\/","name":"Velomobile World","description":"","potentialAction":[{"@type":"SearchAction","target":{"@type":"EntryPoint","urlTemplate":"https:\/\/www.velomobileworld.com\/nl\/?s={search_term_string}"},"query-input":{"@type":"PropertyValueSpecification","valueRequired":true,"valueName":"search_term_string"}}],"inLanguage":"de"},{"@type":"Person","@id":"https:\/\/www.velomobileworld.com\/nl\/#\/schema\/person\/c0c7c661ad3c8719ed05a7dc85d6fa12","name":"Jan Wijnen","image":{"@type":"ImageObject","inLanguage":"de","@id":"https:\/\/secure.gravatar.com\/avatar\/4802c8a6006d5895d73a1141e39ccf819bca7ec1dbfb26a6f4370880cefa109a?s=96&d=mm&r=g","url":"https:\/\/secure.gravatar.com\/avatar\/4802c8a6006d5895d73a1141e39ccf819bca7ec1dbfb26a6f4370880cefa109a?s=96&d=mm&r=g","contentUrl":"https:\/\/secure.gravatar.com\/avatar\/4802c8a6006d5895d73a1141e39ccf819bca7ec1dbfb26a6f4370880cefa109a?s=96&d=mm&r=g","caption":"Jan Wijnen"},"url":"https:\/\/www.velomobileworld.com\/de\/author\/jan-admin\/"}]}},"_links":{"self":[{"href":"https:\/\/www.velomobileworld.com\/de\/wp-json\/wp\/v2\/posts\/7328","targetHints":{"allow":["GET"]}}],"collection":[{"href":"https:\/\/www.velomobileworld.com\/de\/wp-json\/wp\/v2\/posts"}],"about":[{"href":"https:\/\/www.velomobileworld.com\/de\/wp-json\/wp\/v2\/types\/post"}],"author":[{"embeddable":true,"href":"https:\/\/www.velomobileworld.com\/de\/wp-json\/wp\/v2\/users\/4"}],"replies":[{"embeddable":true,"href":"https:\/\/www.velomobileworld.com\/de\/wp-json\/wp\/v2\/comments?post=7328"}],"version-history":[{"count":2,"href":"https:\/\/www.velomobileworld.com\/de\/wp-json\/wp\/v2\/posts\/7328\/revisions"}],"predecessor-version":[{"id":100732,"href":"https:\/\/www.velomobileworld.com\/de\/wp-json\/wp\/v2\/posts\/7328\/revisions\/100732"}],"wp:featuredmedia":[{"embeddable":true,"href":"https:\/\/www.velomobileworld.com\/de\/wp-json\/wp\/v2\/media\/6499"}],"wp:attachment":[{"href":"https:\/\/www.velomobileworld.com\/de\/wp-json\/wp\/v2\/media?parent=7328"}],"wp:term":[{"taxonomy":"category","embeddable":true,"href":"https:\/\/www.velomobileworld.com\/de\/wp-json\/wp\/v2\/categories?post=7328"},{"taxonomy":"post_tag","embeddable":true,"href":"https:\/\/www.velomobileworld.com\/de\/wp-json\/wp\/v2\/tags?post=7328"}],"curies":[{"name":"wp","href":"https:\/\/api.w.org\/{rel}","templated":true}]}}