{"id":7333,"date":"2024-12-11T15:47:33","date_gmt":"2024-12-11T14:47:33","guid":{"rendered":"https:\/\/velomobileworld.convident.dev\/velomobil-ausfluege-mit-brigitte-und-fritz-tag-34\/"},"modified":"2025-07-25T12:11:10","modified_gmt":"2025-07-25T10:11:10","slug":"velomobil-ausfluege-mit-brigitte-und-fritz-tag-34","status":"publish","type":"post","link":"https:\/\/www.velomobileworld.com\/de\/velomobil-ausfluege-mit-brigitte-und-fritz-tag-34\/","title":{"rendered":"Velomobil Ausfl\u00fcge mit Brigitte und Fritz (Tag 34)"},"content":{"rendered":"<p style=\"text-align: left;\"><strong>34.Tag<\/strong><\/p>\n<p>&nbsp;<\/p>\n<p style=\"text-align: left;\">F\u00fcrth &#8211; Kieselbach<\/p>\n<p style=\"text-align: left;\">204 km | 1076 HM<\/p>\n<p>&nbsp;<\/p>\n<p style=\"text-align: left;\">\n<p><a href=\"https:\/\/www.velomobileworld.com\/wp-content\/uploads\/2023\/06\/MAP-map-day-34.jpeg\" target=\"_blank\" rel=\"noopener\"><img loading=\"lazy\" decoding=\"async\" class=\"alignnone wp-image-23437\" src=\"https:\/\/www.velomobileworld.com\/wp-content\/uploads\/2023\/06\/MAP-map-day-34.jpeg\" alt=\"\" width=\"450\" height=\"728\" \/><\/a><\/p>\n<p style=\"text-align: left;\">\n<p>&nbsp;<\/p>\n<p style=\"text-align: left;\">Den ersten Teil hatte uns wieder Radsammler aus dem Velomobilforum geroutet. So konnten wir ganz easy durch Erlangen fahren, ohne viel von der Stadt zu merken. Dann ging es oft am Main-Donau-Kanal entlang, also flach und sehr ruhig an Feldern und Wiesen vorbei bis Bamberg. Einmal trafen wir auf eine gro\u00dfe Gruppe von St\u00f6rchen. In Bamberg gab es in einer guten Konditorei mal wieder einen richtig guten Kaffee.<\/p>\n<p>&nbsp;<\/p>\n<p style=\"text-align: left;\">Wir waren heute im Heimkehrermodus und wollten heute mindestens die H\u00e4lfte vom Rest fahren. Weiter durch Franken mit vielen kleinen Ortschaften. Auffallend waren die zahlreichen Erdkeller, welche wir von der Stra\u00dfe aus sahen. Besonders sch\u00f6n war unter anderem Se\u00dflach. Dort gibt es eine gemeinschaftliche Brauerei. Jeder kann dort Bier bekommen. Unter einem Fenster wird ein Schlauch herausgehalten und das Bier in das mitgebrachte Gef\u00e4\u00df abgef\u00fcllt. Es kostet sagenhafte 80 ct pro Liter. Der Rest des Bieres wird in den Kneipen des Ortes ausgeschenkt. Alle bekommen das gleiche. In etlichen D\u00f6rfern hier hat jeder automatisch das Braurecht. In anderen Ortschaften bekommt jeder das Brennrecht. Dies alles erz\u00e4hlte uns der Schreiner von Haubinda. Dort ist die \u00e4lteste Privatschule Deutschlandes. Jeder der Sch\u00fcler lernt neben der Schule von Karl Lietz gleichzeitig auch ein Handwerk. Der Schreiner wusste sofort, dass Velomobile \u201eHigh Tech Fahrr\u00e4der\u201c sind. Wir hatten dort eine kurze Pause gemacht und der gute Mann gesellte sich zu uns und erz\u00e4hlte uns dies alles. Sp\u00e4ter kamen wir noch durch Meiningen. Sie gilt als die Theaterstadt Deutschlands mit auffallend vielen klassizistischen Geb\u00e4uden in der gesamten Stadt verteilt.<\/p>\n<p>&nbsp;<\/p>\n<p style=\"text-align: left;\">Unser Tag sollte heute in Bad Salzungen enden. Wir suchten mal kurzerhand ein kleines Hotel. Unsere Buchung f\u00fchrte uns dann allerdings noch ein St\u00fcckchen weiter nach Kieselbach in ein Landgasthaus, das leider nicht empfehlenswert war.<\/p>\n<p>&nbsp;<\/p>\n<p style=\"text-align: left;\">\n<p><a href=\"https:\/\/www.velomobileworld.com\/wp-content\/uploads\/2023\/06\/1-Unter-dem-Main-Donau-Kanal-hindurch-34-1024x768.jpeg\" target=\"_blank\" rel=\"noopener\"><img loading=\"lazy\" decoding=\"async\" class=\"alignnone wp-image-23442\" src=\"https:\/\/www.velomobileworld.com\/wp-content\/uploads\/2023\/06\/1-Unter-dem-Main-Donau-Kanal-hindurch-34-1024x768.jpeg\" alt=\"\" width=\"450\" height=\"338\" \/><\/a><\/p>\n<p style=\"text-align: left;\"><img decoding=\"async\" class=\"emoji\" role=\"img\" draggable=\"false\" src=\"https:\/\/s.w.org\/images\/core\/emoji\/13.1.0\/svg\/2b06.svg\" alt=\"\u2b06\ufe0f\" \/> Unter dem Main-Donau-Kanal hindurch \/ Passing under the Main-Danube Canal<\/p>\n<p><a href=\"https:\/\/www.velomobileworld.com\/wp-content\/uploads\/2023\/06\/2-Main-Donau-Kanal-34-1024x768.jpeg\" target=\"_blank\" rel=\"noopener\"><img loading=\"lazy\" decoding=\"async\" class=\"alignnone wp-image-23447\" src=\"https:\/\/www.velomobileworld.com\/wp-content\/uploads\/2023\/06\/2-Main-Donau-Kanal-34-1024x768.jpeg\" alt=\"\" width=\"450\" height=\"338\" \/><\/a><\/p>\n<p style=\"text-align: left;\"><img decoding=\"async\" class=\"emoji\" role=\"img\" draggable=\"false\" src=\"https:\/\/s.w.org\/images\/core\/emoji\/13.1.0\/svg\/2b06.svg\" alt=\"\u2b06\ufe0f\" \/> Main-Donau-Kanal \/ Main-Danube Canal<\/p>\n<p><a href=\"https:\/\/www.velomobileworld.com\/wp-content\/uploads\/2023\/06\/3-Storche-34-1024x768.jpeg\" target=\"_blank\" rel=\"noopener\"><img loading=\"lazy\" decoding=\"async\" class=\"alignnone wp-image-23452\" src=\"https:\/\/www.velomobileworld.com\/wp-content\/uploads\/2023\/06\/3-Storche-34-1024x768.jpeg\" alt=\"\" width=\"450\" height=\"338\" \/><\/a><\/p>\n<p style=\"text-align: left;\"><img decoding=\"async\" class=\"emoji\" role=\"img\" draggable=\"false\" src=\"https:\/\/s.w.org\/images\/core\/emoji\/13.1.0\/svg\/2b06.svg\" alt=\"\u2b06\ufe0f\" \/> St\u00f6rche \/ Storks<\/p>\n<p><a href=\"https:\/\/www.velomobileworld.com\/wp-content\/uploads\/2023\/06\/4-Bamberg-Grunder-Markt-34-1024x768.jpeg\" target=\"_blank\" rel=\"noopener\"><img loading=\"lazy\" decoding=\"async\" class=\"alignnone wp-image-23457\" src=\"https:\/\/www.velomobileworld.com\/wp-content\/uploads\/2023\/06\/4-Bamberg-Grunder-Markt-34-1024x768.jpeg\" alt=\"\" width=\"450\" height=\"338\" \/><\/a><\/p>\n<p style=\"text-align: left;\"><img decoding=\"async\" class=\"emoji\" role=\"img\" draggable=\"false\" src=\"https:\/\/s.w.org\/images\/core\/emoji\/13.1.0\/svg\/2b06.svg\" alt=\"\u2b06\ufe0f\" \/> Bamberg Gr\u00fcnder Markt \/ Bamberg Founder Market<\/p>\n<p><a href=\"https:\/\/www.velomobileworld.com\/wp-content\/uploads\/2023\/06\/5-Storch-uber-Itzgrund-Bayern-34-1024x768.jpeg\" target=\"_blank\" rel=\"noopener\"><img loading=\"lazy\" decoding=\"async\" class=\"alignnone wp-image-23462\" src=\"https:\/\/www.velomobileworld.com\/wp-content\/uploads\/2023\/06\/5-Storch-uber-Itzgrund-Bayern-34-1024x768.jpeg\" alt=\"\" width=\"450\" height=\"338\" \/><\/a><\/p>\n<p style=\"text-align: left;\"><img decoding=\"async\" class=\"emoji\" role=\"img\" draggable=\"false\" src=\"https:\/\/s.w.org\/images\/core\/emoji\/13.1.0\/svg\/2b06.svg\" alt=\"\u2b06\ufe0f\" \/> Storch \u00fcber Itzgrund-Bayern \/ Stork over Itzgrund-Bavaria<\/p>\n<p><a href=\"https:\/\/www.velomobileworld.com\/wp-content\/uploads\/2023\/06\/6-Seslach-Bayern-34-1024x907.jpeg\" target=\"_blank\" rel=\"noopener\"><img loading=\"lazy\" decoding=\"async\" class=\"alignnone wp-image-23467\" src=\"https:\/\/www.velomobileworld.com\/wp-content\/uploads\/2023\/06\/6-Seslach-Bayern-34-1024x907.jpeg\" alt=\"\" width=\"450\" height=\"399\" \/><\/a><\/p>\n<p style=\"text-align: left;\"><img decoding=\"async\" class=\"emoji\" role=\"img\" draggable=\"false\" src=\"https:\/\/s.w.org\/images\/core\/emoji\/13.1.0\/svg\/2b06.svg\" alt=\"\u2b06\ufe0f\" \/> Se\u00dflach-Bayern<\/p>\n<p><a href=\"https:\/\/www.velomobileworld.com\/wp-content\/uploads\/2023\/06\/7-Erdkeller-34-1024x768.jpeg\" target=\"_blank\" rel=\"noopener\"><img loading=\"lazy\" decoding=\"async\" class=\"alignnone wp-image-23472\" src=\"https:\/\/www.velomobileworld.com\/wp-content\/uploads\/2023\/06\/7-Erdkeller-34-1024x768.jpeg\" alt=\"\" width=\"450\" height=\"338\" \/><\/a><\/p>\n<p style=\"text-align: left;\"><img decoding=\"async\" class=\"emoji\" role=\"img\" draggable=\"false\" src=\"https:\/\/s.w.org\/images\/core\/emoji\/13.1.0\/svg\/2b06.svg\" alt=\"\u2b06\ufe0f\" \/> Erdkeller \/ Earth cellar<\/p>\n<p><a href=\"https:\/\/www.velomobileworld.com\/wp-content\/uploads\/2023\/06\/8-Burg-Hildburghausen-in-Thuringen-34-1024x767.jpeg\" target=\"_blank\" rel=\"noopener\"><img loading=\"lazy\" decoding=\"async\" class=\"alignnone wp-image-23477\" src=\"https:\/\/www.velomobileworld.com\/wp-content\/uploads\/2023\/06\/8-Burg-Hildburghausen-in-Thuringen-34-1024x767.jpeg\" alt=\"\" width=\"450\" height=\"337\" \/><\/a><\/p>\n<p style=\"text-align: left;\"><img decoding=\"async\" class=\"emoji\" role=\"img\" draggable=\"false\" src=\"https:\/\/s.w.org\/images\/core\/emoji\/13.1.0\/svg\/2b06.svg\" alt=\"\u2b06\ufe0f\" \/> Burg Hildburghausen in Th\u00fcringen \/ Hildburghausen Castle in Th\u00fcringen<\/p>\n<p><a href=\"https:\/\/www.velomobileworld.com\/wp-content\/uploads\/2023\/06\/9-Romhild-Thuringen-34-1024x768.jpeg\" target=\"_blank\" rel=\"noopener\"><img loading=\"lazy\" decoding=\"async\" class=\"alignnone wp-image-23482\" src=\"https:\/\/www.velomobileworld.com\/wp-content\/uploads\/2023\/06\/9-Romhild-Thuringen-34-1024x768.jpeg\" alt=\"\" width=\"450\" height=\"338\" \/><\/a><\/p>\n<p style=\"text-align: left;\"><img decoding=\"async\" class=\"emoji\" role=\"img\" draggable=\"false\" src=\"https:\/\/s.w.org\/images\/core\/emoji\/13.1.0\/svg\/2b06.svg\" alt=\"\u2b06\ufe0f\" \/> R\u00f6mhild-Th\u00fcringen<\/p>\n<p><a href=\"https:\/\/www.velomobileworld.com\/wp-content\/uploads\/2023\/06\/10-Grun-in-Thuringen-34-1024x768.jpeg\" target=\"_blank\" rel=\"noopener\"><img loading=\"lazy\" decoding=\"async\" class=\"alignnone wp-image-23487\" src=\"https:\/\/www.velomobileworld.com\/wp-content\/uploads\/2023\/06\/10-Grun-in-Thuringen-34-1024x768.jpeg\" alt=\"\" width=\"450\" height=\"338\" \/><\/a><\/p>\n<p style=\"text-align: left;\"><img decoding=\"async\" class=\"emoji\" role=\"img\" draggable=\"false\" src=\"https:\/\/s.w.org\/images\/core\/emoji\/13.1.0\/svg\/2b06.svg\" alt=\"\u2b06\ufe0f\" \/> Gr\u00fcn in Th\u00fcringen \/ Green in Th\u00fcringen<\/p>\n<p><a href=\"https:\/\/www.velomobileworld.com\/wp-content\/uploads\/2023\/06\/11-Meiningen-34-1024x768.jpeg\" target=\"_blank\" rel=\"noopener\"><img loading=\"lazy\" decoding=\"async\" class=\"alignnone wp-image-23492\" src=\"https:\/\/www.velomobileworld.com\/wp-content\/uploads\/2023\/06\/11-Meiningen-34-1024x768.jpeg\" alt=\"\" width=\"450\" height=\"338\" \/><\/a><\/p>\n<p style=\"text-align: left;\"><img decoding=\"async\" class=\"emoji\" role=\"img\" draggable=\"false\" src=\"https:\/\/s.w.org\/images\/core\/emoji\/13.1.0\/svg\/2b06.svg\" alt=\"\u2b06\ufe0f\" \/> Meiningen<\/p>\n<p><a href=\"https:\/\/www.velomobileworld.com\/wp-content\/uploads\/2023\/06\/12-Meiningen-34-1024x768.jpeg\" target=\"_blank\" rel=\"noopener\"><img loading=\"lazy\" decoding=\"async\" class=\"alignnone wp-image-23497\" src=\"https:\/\/www.velomobileworld.com\/wp-content\/uploads\/2023\/06\/12-Meiningen-34-1024x768.jpeg\" alt=\"\" width=\"450\" height=\"338\" \/><\/a><\/p>\n<p style=\"text-align: left;\"><img decoding=\"async\" class=\"emoji\" role=\"img\" draggable=\"false\" src=\"https:\/\/s.w.org\/images\/core\/emoji\/13.1.0\/svg\/2b06.svg\" alt=\"\u2b06\ufe0f\" \/> Meiningen<\/p>\n<p><a href=\"https:\/\/www.velomobileworld.com\/wp-content\/uploads\/2023\/06\/13-Kurz-vor-Kieselbach-34-1024x768.jpeg\" target=\"_blank\" rel=\"noopener\"><img loading=\"lazy\" decoding=\"async\" class=\"alignnone wp-image-23502\" src=\"https:\/\/www.velomobileworld.com\/wp-content\/uploads\/2023\/06\/13-Kurz-vor-Kieselbach-34-1024x768.jpeg\" alt=\"\" width=\"450\" height=\"338\" \/><\/a><\/p>\n<p style=\"text-align: left;\"><img decoding=\"async\" class=\"emoji\" role=\"img\" draggable=\"false\" src=\"https:\/\/s.w.org\/images\/core\/emoji\/13.1.0\/svg\/2b06.svg\" alt=\"\u2b06\ufe0f\" \/> Kurz vor Kieselbach \/ Shortly before Kieselbach<\/p>\n<p style=\"text-align: left;\">&#8212;&#8212;&#8212;&#8212;&#8212;&#8212;&#8212;&#8212;&#8212;&#8212;&#8212;&#8211;<\/p>\n<p style=\"text-align: left;\"><a href=\"\/de\/?p=1010\">SIEHE MEHR ARTIKEL HIER<\/a><\/p>\n<p style=\"text-align: left;\">&#8212;&#8212;&#8212;&#8212;&#8212;&#8212;&#8212;&#8212;&#8212;&#8212;&#8212;&#8211;<\/p>\n<p style=\"text-align: left;\"><a href=\"\/?product_tag=velomobiles\">WOLLEN SIE EIN VELOMOBIL? ENTDECKEN SIE DIE MODELLE HIER !<\/a><\/p>\n","protected":false},"excerpt":{"rendered":"<p>34.Tag &nbsp; F\u00fcrth &#8211; Kieselbach 204 km | 1076 HM &nbsp; &nbsp; Den ersten Teil hatte uns wieder Radsammler aus [&hellip;]<\/p>\n","protected":false},"author":4,"featured_media":6521,"comment_status":"open","ping_status":"closed","sticky":false,"template":"","format":"standard","meta":{"_acf_changed":false,"footnotes":""},"categories":[690],"tags":[],"class_list":["post-7333","post","type-post","status-publish","format-standard","has-post-thumbnail","hentry","category-unkategorisiert"],"acf":[],"yoast_head":"<!-- This site is optimized with the Yoast SEO plugin v27.5 - https:\/\/yoast.com\/product\/yoast-seo-wordpress\/ -->\n<title>Velomobil Ausfl\u00fcge mit Brigitte und Fritz (Tag 34) | Velomobile World<\/title>\n<meta name=\"description\" content=\"34.Tag: F\u00fcrth, Kieselbach ... Wir waren heute im Heimkehrermodus und wollten heute mindestens die H\u00e4lfte vom Rest fahren...\" \/>\n<meta name=\"robots\" content=\"index, follow, max-snippet:-1, max-image-preview:large, max-video-preview:-1\" \/>\n<link rel=\"canonical\" href=\"https:\/\/www.velomobileworld.com\/de\/velomobil-ausfluege-mit-brigitte-und-fritz-tag-34\/\" \/>\n<meta property=\"og:locale\" content=\"de_DE\" \/>\n<meta property=\"og:type\" content=\"article\" \/>\n<meta property=\"og:title\" content=\"Velomobil Ausfl\u00fcge mit Brigitte und Fritz (Tag 34) | Velomobile World\" \/>\n<meta property=\"og:description\" content=\"34.Tag: F\u00fcrth, Kieselbach ... Wir waren heute im Heimkehrermodus und wollten heute mindestens die H\u00e4lfte vom Rest fahren...\" \/>\n<meta property=\"og:url\" content=\"https:\/\/www.velomobileworld.com\/de\/velomobil-ausfluege-mit-brigitte-und-fritz-tag-34\/\" \/>\n<meta property=\"og:site_name\" content=\"Velomobile World\" \/>\n<meta property=\"article:published_time\" content=\"2024-12-11T14:47:33+00:00\" \/>\n<meta property=\"article:modified_time\" content=\"2025-07-25T10:11:10+00:00\" \/>\n<meta property=\"og:image\" content=\"https:\/\/www.velomobileworld.com\/wp-content\/uploads\/2024\/12\/Day-34-fritz-road-trip.jpg\" \/>\n\t<meta property=\"og:image:width\" content=\"1307\" \/>\n\t<meta property=\"og:image:height\" content=\"586\" \/>\n\t<meta property=\"og:image:type\" content=\"image\/jpeg\" \/>\n<meta name=\"author\" content=\"Jan Wijnen\" \/>\n<meta name=\"twitter:card\" content=\"summary_large_image\" \/>\n<meta name=\"twitter:label1\" content=\"Verfasst von\" \/>\n\t<meta name=\"twitter:data1\" content=\"Jan Wijnen\" \/>\n\t<meta name=\"twitter:label2\" content=\"Gesch\u00e4tzte Lesezeit\" \/>\n\t<meta name=\"twitter:data2\" content=\"2\u00a0Minuten\" \/>\n<script type=\"application\/ld+json\" class=\"yoast-schema-graph\">{\"@context\":\"https:\\\/\\\/schema.org\",\"@graph\":[{\"@type\":\"Article\",\"@id\":\"https:\\\/\\\/www.velomobileworld.com\\\/de\\\/velomobil-ausfluege-mit-brigitte-und-fritz-tag-34\\\/#article\",\"isPartOf\":{\"@id\":\"https:\\\/\\\/www.velomobileworld.com\\\/de\\\/velomobil-ausfluege-mit-brigitte-und-fritz-tag-34\\\/\"},\"author\":{\"name\":\"Jan Wijnen\",\"@id\":\"https:\\\/\\\/www.velomobileworld.com\\\/nl\\\/#\\\/schema\\\/person\\\/c0c7c661ad3c8719ed05a7dc85d6fa12\"},\"headline\":\"Velomobil Ausfl\u00fcge mit Brigitte und Fritz (Tag 34)\",\"datePublished\":\"2024-12-11T14:47:33+00:00\",\"dateModified\":\"2025-07-25T10:11:10+00:00\",\"mainEntityOfPage\":{\"@id\":\"https:\\\/\\\/www.velomobileworld.com\\\/de\\\/velomobil-ausfluege-mit-brigitte-und-fritz-tag-34\\\/\"},\"wordCount\":400,\"commentCount\":0,\"image\":{\"@id\":\"https:\\\/\\\/www.velomobileworld.com\\\/de\\\/velomobil-ausfluege-mit-brigitte-und-fritz-tag-34\\\/#primaryimage\"},\"thumbnailUrl\":\"https:\\\/\\\/www.velomobileworld.com\\\/wp-content\\\/uploads\\\/2024\\\/12\\\/Day-34-fritz-road-trip.jpg\",\"articleSection\":[\"Unkategorisiert\"],\"inLanguage\":\"de\",\"potentialAction\":[{\"@type\":\"CommentAction\",\"name\":\"Comment\",\"target\":[\"https:\\\/\\\/www.velomobileworld.com\\\/de\\\/velomobil-ausfluege-mit-brigitte-und-fritz-tag-34\\\/#respond\"]}]},{\"@type\":\"WebPage\",\"@id\":\"https:\\\/\\\/www.velomobileworld.com\\\/de\\\/velomobil-ausfluege-mit-brigitte-und-fritz-tag-34\\\/\",\"url\":\"https:\\\/\\\/www.velomobileworld.com\\\/de\\\/velomobil-ausfluege-mit-brigitte-und-fritz-tag-34\\\/\",\"name\":\"Velomobil Ausfl\u00fcge mit Brigitte und Fritz (Tag 34) | Velomobile World\",\"isPartOf\":{\"@id\":\"https:\\\/\\\/www.velomobileworld.com\\\/nl\\\/#website\"},\"primaryImageOfPage\":{\"@id\":\"https:\\\/\\\/www.velomobileworld.com\\\/de\\\/velomobil-ausfluege-mit-brigitte-und-fritz-tag-34\\\/#primaryimage\"},\"image\":{\"@id\":\"https:\\\/\\\/www.velomobileworld.com\\\/de\\\/velomobil-ausfluege-mit-brigitte-und-fritz-tag-34\\\/#primaryimage\"},\"thumbnailUrl\":\"https:\\\/\\\/www.velomobileworld.com\\\/wp-content\\\/uploads\\\/2024\\\/12\\\/Day-34-fritz-road-trip.jpg\",\"datePublished\":\"2024-12-11T14:47:33+00:00\",\"dateModified\":\"2025-07-25T10:11:10+00:00\",\"author\":{\"@id\":\"https:\\\/\\\/www.velomobileworld.com\\\/nl\\\/#\\\/schema\\\/person\\\/c0c7c661ad3c8719ed05a7dc85d6fa12\"},\"description\":\"34.Tag: F\u00fcrth, Kieselbach ... Wir waren heute im Heimkehrermodus und wollten heute mindestens die H\u00e4lfte vom Rest fahren...\",\"breadcrumb\":{\"@id\":\"https:\\\/\\\/www.velomobileworld.com\\\/de\\\/velomobil-ausfluege-mit-brigitte-und-fritz-tag-34\\\/#breadcrumb\"},\"inLanguage\":\"de\",\"potentialAction\":[{\"@type\":\"ReadAction\",\"target\":[\"https:\\\/\\\/www.velomobileworld.com\\\/de\\\/velomobil-ausfluege-mit-brigitte-und-fritz-tag-34\\\/\"]}]},{\"@type\":\"ImageObject\",\"inLanguage\":\"de\",\"@id\":\"https:\\\/\\\/www.velomobileworld.com\\\/de\\\/velomobil-ausfluege-mit-brigitte-und-fritz-tag-34\\\/#primaryimage\",\"url\":\"https:\\\/\\\/www.velomobileworld.com\\\/wp-content\\\/uploads\\\/2024\\\/12\\\/Day-34-fritz-road-trip.jpg\",\"contentUrl\":\"https:\\\/\\\/www.velomobileworld.com\\\/wp-content\\\/uploads\\\/2024\\\/12\\\/Day-34-fritz-road-trip.jpg\",\"width\":1307,\"height\":586,\"caption\":\"Day-34-fritz-road-trip\"},{\"@type\":\"BreadcrumbList\",\"@id\":\"https:\\\/\\\/www.velomobileworld.com\\\/de\\\/velomobil-ausfluege-mit-brigitte-und-fritz-tag-34\\\/#breadcrumb\",\"itemListElement\":[{\"@type\":\"ListItem\",\"position\":1,\"name\":\"Home\",\"item\":\"https:\\\/\\\/www.velomobileworld.com\\\/\"},{\"@type\":\"ListItem\",\"position\":2,\"name\":\"Velomobil Ausfl\u00fcge mit Brigitte und Fritz (Tag 34)\"}]},{\"@type\":\"WebSite\",\"@id\":\"https:\\\/\\\/www.velomobileworld.com\\\/nl\\\/#website\",\"url\":\"https:\\\/\\\/www.velomobileworld.com\\\/nl\\\/\",\"name\":\"Velomobile World\",\"description\":\"\",\"potentialAction\":[{\"@type\":\"SearchAction\",\"target\":{\"@type\":\"EntryPoint\",\"urlTemplate\":\"https:\\\/\\\/www.velomobileworld.com\\\/nl\\\/?s={search_term_string}\"},\"query-input\":{\"@type\":\"PropertyValueSpecification\",\"valueRequired\":true,\"valueName\":\"search_term_string\"}}],\"inLanguage\":\"de\"},{\"@type\":\"Person\",\"@id\":\"https:\\\/\\\/www.velomobileworld.com\\\/nl\\\/#\\\/schema\\\/person\\\/c0c7c661ad3c8719ed05a7dc85d6fa12\",\"name\":\"Jan Wijnen\",\"image\":{\"@type\":\"ImageObject\",\"inLanguage\":\"de\",\"@id\":\"https:\\\/\\\/secure.gravatar.com\\\/avatar\\\/4802c8a6006d5895d73a1141e39ccf819bca7ec1dbfb26a6f4370880cefa109a?s=96&d=mm&r=g\",\"url\":\"https:\\\/\\\/secure.gravatar.com\\\/avatar\\\/4802c8a6006d5895d73a1141e39ccf819bca7ec1dbfb26a6f4370880cefa109a?s=96&d=mm&r=g\",\"contentUrl\":\"https:\\\/\\\/secure.gravatar.com\\\/avatar\\\/4802c8a6006d5895d73a1141e39ccf819bca7ec1dbfb26a6f4370880cefa109a?s=96&d=mm&r=g\",\"caption\":\"Jan Wijnen\"},\"url\":\"https:\\\/\\\/www.velomobileworld.com\\\/de\\\/author\\\/jan-admin\\\/\"}]}<\/script>\n<!-- \/ Yoast SEO plugin. -->","yoast_head_json":{"title":"Velomobil Ausfl\u00fcge mit Brigitte und Fritz (Tag 34) | Velomobile World","description":"34.Tag: F\u00fcrth, Kieselbach ... Wir waren heute im Heimkehrermodus und wollten heute mindestens die H\u00e4lfte vom Rest fahren...","robots":{"index":"index","follow":"follow","max-snippet":"max-snippet:-1","max-image-preview":"max-image-preview:large","max-video-preview":"max-video-preview:-1"},"canonical":"https:\/\/www.velomobileworld.com\/de\/velomobil-ausfluege-mit-brigitte-und-fritz-tag-34\/","og_locale":"de_DE","og_type":"article","og_title":"Velomobil Ausfl\u00fcge mit Brigitte und Fritz (Tag 34) | Velomobile World","og_description":"34.Tag: F\u00fcrth, Kieselbach ... Wir waren heute im Heimkehrermodus und wollten heute mindestens die H\u00e4lfte vom Rest fahren...","og_url":"https:\/\/www.velomobileworld.com\/de\/velomobil-ausfluege-mit-brigitte-und-fritz-tag-34\/","og_site_name":"Velomobile World","article_published_time":"2024-12-11T14:47:33+00:00","article_modified_time":"2025-07-25T10:11:10+00:00","og_image":[{"width":1307,"height":586,"url":"https:\/\/www.velomobileworld.com\/wp-content\/uploads\/2024\/12\/Day-34-fritz-road-trip.jpg","type":"image\/jpeg"}],"author":"Jan Wijnen","twitter_card":"summary_large_image","twitter_misc":{"Verfasst von":"Jan Wijnen","Gesch\u00e4tzte Lesezeit":"2\u00a0Minuten"},"schema":{"@context":"https:\/\/schema.org","@graph":[{"@type":"Article","@id":"https:\/\/www.velomobileworld.com\/de\/velomobil-ausfluege-mit-brigitte-und-fritz-tag-34\/#article","isPartOf":{"@id":"https:\/\/www.velomobileworld.com\/de\/velomobil-ausfluege-mit-brigitte-und-fritz-tag-34\/"},"author":{"name":"Jan Wijnen","@id":"https:\/\/www.velomobileworld.com\/nl\/#\/schema\/person\/c0c7c661ad3c8719ed05a7dc85d6fa12"},"headline":"Velomobil Ausfl\u00fcge mit Brigitte und Fritz (Tag 34)","datePublished":"2024-12-11T14:47:33+00:00","dateModified":"2025-07-25T10:11:10+00:00","mainEntityOfPage":{"@id":"https:\/\/www.velomobileworld.com\/de\/velomobil-ausfluege-mit-brigitte-und-fritz-tag-34\/"},"wordCount":400,"commentCount":0,"image":{"@id":"https:\/\/www.velomobileworld.com\/de\/velomobil-ausfluege-mit-brigitte-und-fritz-tag-34\/#primaryimage"},"thumbnailUrl":"https:\/\/www.velomobileworld.com\/wp-content\/uploads\/2024\/12\/Day-34-fritz-road-trip.jpg","articleSection":["Unkategorisiert"],"inLanguage":"de","potentialAction":[{"@type":"CommentAction","name":"Comment","target":["https:\/\/www.velomobileworld.com\/de\/velomobil-ausfluege-mit-brigitte-und-fritz-tag-34\/#respond"]}]},{"@type":"WebPage","@id":"https:\/\/www.velomobileworld.com\/de\/velomobil-ausfluege-mit-brigitte-und-fritz-tag-34\/","url":"https:\/\/www.velomobileworld.com\/de\/velomobil-ausfluege-mit-brigitte-und-fritz-tag-34\/","name":"Velomobil Ausfl\u00fcge mit Brigitte und Fritz (Tag 34) | Velomobile World","isPartOf":{"@id":"https:\/\/www.velomobileworld.com\/nl\/#website"},"primaryImageOfPage":{"@id":"https:\/\/www.velomobileworld.com\/de\/velomobil-ausfluege-mit-brigitte-und-fritz-tag-34\/#primaryimage"},"image":{"@id":"https:\/\/www.velomobileworld.com\/de\/velomobil-ausfluege-mit-brigitte-und-fritz-tag-34\/#primaryimage"},"thumbnailUrl":"https:\/\/www.velomobileworld.com\/wp-content\/uploads\/2024\/12\/Day-34-fritz-road-trip.jpg","datePublished":"2024-12-11T14:47:33+00:00","dateModified":"2025-07-25T10:11:10+00:00","author":{"@id":"https:\/\/www.velomobileworld.com\/nl\/#\/schema\/person\/c0c7c661ad3c8719ed05a7dc85d6fa12"},"description":"34.Tag: F\u00fcrth, Kieselbach ... Wir waren heute im Heimkehrermodus und wollten heute mindestens die H\u00e4lfte vom Rest fahren...","breadcrumb":{"@id":"https:\/\/www.velomobileworld.com\/de\/velomobil-ausfluege-mit-brigitte-und-fritz-tag-34\/#breadcrumb"},"inLanguage":"de","potentialAction":[{"@type":"ReadAction","target":["https:\/\/www.velomobileworld.com\/de\/velomobil-ausfluege-mit-brigitte-und-fritz-tag-34\/"]}]},{"@type":"ImageObject","inLanguage":"de","@id":"https:\/\/www.velomobileworld.com\/de\/velomobil-ausfluege-mit-brigitte-und-fritz-tag-34\/#primaryimage","url":"https:\/\/www.velomobileworld.com\/wp-content\/uploads\/2024\/12\/Day-34-fritz-road-trip.jpg","contentUrl":"https:\/\/www.velomobileworld.com\/wp-content\/uploads\/2024\/12\/Day-34-fritz-road-trip.jpg","width":1307,"height":586,"caption":"Day-34-fritz-road-trip"},{"@type":"BreadcrumbList","@id":"https:\/\/www.velomobileworld.com\/de\/velomobil-ausfluege-mit-brigitte-und-fritz-tag-34\/#breadcrumb","itemListElement":[{"@type":"ListItem","position":1,"name":"Home","item":"https:\/\/www.velomobileworld.com\/"},{"@type":"ListItem","position":2,"name":"Velomobil Ausfl\u00fcge mit Brigitte und Fritz (Tag 34)"}]},{"@type":"WebSite","@id":"https:\/\/www.velomobileworld.com\/nl\/#website","url":"https:\/\/www.velomobileworld.com\/nl\/","name":"Velomobile World","description":"","potentialAction":[{"@type":"SearchAction","target":{"@type":"EntryPoint","urlTemplate":"https:\/\/www.velomobileworld.com\/nl\/?s={search_term_string}"},"query-input":{"@type":"PropertyValueSpecification","valueRequired":true,"valueName":"search_term_string"}}],"inLanguage":"de"},{"@type":"Person","@id":"https:\/\/www.velomobileworld.com\/nl\/#\/schema\/person\/c0c7c661ad3c8719ed05a7dc85d6fa12","name":"Jan Wijnen","image":{"@type":"ImageObject","inLanguage":"de","@id":"https:\/\/secure.gravatar.com\/avatar\/4802c8a6006d5895d73a1141e39ccf819bca7ec1dbfb26a6f4370880cefa109a?s=96&d=mm&r=g","url":"https:\/\/secure.gravatar.com\/avatar\/4802c8a6006d5895d73a1141e39ccf819bca7ec1dbfb26a6f4370880cefa109a?s=96&d=mm&r=g","contentUrl":"https:\/\/secure.gravatar.com\/avatar\/4802c8a6006d5895d73a1141e39ccf819bca7ec1dbfb26a6f4370880cefa109a?s=96&d=mm&r=g","caption":"Jan Wijnen"},"url":"https:\/\/www.velomobileworld.com\/de\/author\/jan-admin\/"}]}},"_links":{"self":[{"href":"https:\/\/www.velomobileworld.com\/de\/wp-json\/wp\/v2\/posts\/7333","targetHints":{"allow":["GET"]}}],"collection":[{"href":"https:\/\/www.velomobileworld.com\/de\/wp-json\/wp\/v2\/posts"}],"about":[{"href":"https:\/\/www.velomobileworld.com\/de\/wp-json\/wp\/v2\/types\/post"}],"author":[{"embeddable":true,"href":"https:\/\/www.velomobileworld.com\/de\/wp-json\/wp\/v2\/users\/4"}],"replies":[{"embeddable":true,"href":"https:\/\/www.velomobileworld.com\/de\/wp-json\/wp\/v2\/comments?post=7333"}],"version-history":[{"count":2,"href":"https:\/\/www.velomobileworld.com\/de\/wp-json\/wp\/v2\/posts\/7333\/revisions"}],"predecessor-version":[{"id":100729,"href":"https:\/\/www.velomobileworld.com\/de\/wp-json\/wp\/v2\/posts\/7333\/revisions\/100729"}],"wp:featuredmedia":[{"embeddable":true,"href":"https:\/\/www.velomobileworld.com\/de\/wp-json\/wp\/v2\/media\/6521"}],"wp:attachment":[{"href":"https:\/\/www.velomobileworld.com\/de\/wp-json\/wp\/v2\/media?parent=7333"}],"wp:term":[{"taxonomy":"category","embeddable":true,"href":"https:\/\/www.velomobileworld.com\/de\/wp-json\/wp\/v2\/categories?post=7333"},{"taxonomy":"post_tag","embeddable":true,"href":"https:\/\/www.velomobileworld.com\/de\/wp-json\/wp\/v2\/tags?post=7333"}],"curies":[{"name":"wp","href":"https:\/\/api.w.org\/{rel}","templated":true}]}}