{"id":77658,"date":"2025-03-13T09:32:51","date_gmt":"2025-03-13T08:32:51","guid":{"rendered":"https:\/\/velomobileworld.convident.dev\/transformar-el-trayecto-como-un-velomovil-convirtio-mi-viaje-diario-en-una-meditacion-en-movimiento\/"},"modified":"2025-07-25T12:13:01","modified_gmt":"2025-07-25T10:13:01","slug":"transformar-el-trayecto-como-un-velomovil-convirtio-mi-viaje-diario-en-una-meditacion-en-movimiento","status":"publish","type":"post","link":"https:\/\/www.velomobileworld.com\/es\/transformar-el-trayecto-como-un-velomovil-convirtio-mi-viaje-diario-en-una-meditacion-en-movimiento\/","title":{"rendered":"Transformar el trayecto: c\u00f3mo un velom\u00f3vil convirti\u00f3 mi viaje diario en una meditaci\u00f3n en movimiento"},"content":{"rendered":"<h2 class=\"\" data-start=\"150\" data-end=\"257\"><strong data-start=\"153\" data-end=\"257\">Transformar el trayecto: c\u00f3mo un velom\u00f3vil convirti\u00f3 mi viaje diario en una meditaci\u00f3n en movimiento<\/strong><\/h2>\n<p class=\"\" data-start=\"259\" data-end=\"605\">Cada d\u00eda, millones de estadounidenses pasan una media de casi 27 minutos por trayecto desplaz\u00e1ndose al trabajo. \u00bfSab\u00edas que estudios importantes han demostrado una relaci\u00f3n directa entre el tiempo al volante y problemas de salud como la hipertensi\u00f3n y la diabetes, adem\u00e1s de una menor satisfacci\u00f3n vital en comparaci\u00f3n con quienes conducen menos?<\/p>\n<p class=\"\" data-start=\"607\" data-end=\"1178\">Hace dos a\u00f1os decid\u00ed que necesitaba hacer algunos cambios en mi vida para mejorar mi calidad de vida. Sab\u00eda por estudios de la Asociaci\u00f3n Americana de Psicolog\u00eda, Harvard Health, el Departamento de Salud de EE. UU. y otros, que el ejercicio es una de las mejores formas de reducir el estr\u00e9s. Pero, \u00bfc\u00f3mo encajarlo en una agenda ya de por s\u00ed ocupada? Fue entonces cuando decid\u00ed intentar ir al trabajo en bicicleta. Vivo en Minnesota y el clima aqu\u00ed no siempre acompa\u00f1a, as\u00ed que necesitaba una bicicleta adecuada. Algo que me mantuviera seco y abrigado durante todo el a\u00f1o.<\/p>\n<hr class=\"\" data-start=\"1180\" data-end=\"1183\" \/>\n<h3 class=\"\" data-start=\"1185\" data-end=\"1224\"><strong data-start=\"1189\" data-end=\"1224\">Encontrar la bicicleta perfecta<\/strong><\/h3>\n<p class=\"\" data-start=\"1226\" data-end=\"1954\">Lo que realmente necesitaba era una bici con alg\u00fan tipo de carrocer\u00eda. Descubr\u00ed un canal de YouTube de un tipo que usaba un velom\u00f3vil \u2014b\u00e1sicamente, un triciclo reclinado dentro de una carrocer\u00eda de fibra de carbono\u2014 para desplazarse durante todo el a\u00f1o en Finlandia. Aprend\u00ed que esa carrocer\u00eda no solo bloquea el viento, sino que tambi\u00e9n retiene el calor corporal generado al pedalear, calentando el interior. Tambi\u00e9n hay espacio de carga para proteger el equipo del mal tiempo. Incluso la transmisi\u00f3n est\u00e1 completamente cubierta, lo que reduce el mantenimiento y el desgaste. Por si fuera poco, su eficiencia aerodin\u00e1mica en comparaci\u00f3n con una bicicleta convencional permite que el tiempo de trayecto sea similar al del coche.<\/p>\n<p class=\"\" data-start=\"1956\" data-end=\"2526\">Adem\u00e1s, como es una bicicleta, se puede aparcar cerca del edificio, sin perder tiempo buscando sitio o pagando por estacionar. Aparte de la protecci\u00f3n contra el clima y la velocidad, tambi\u00e9n ofrece ventajas en seguridad: la carrocer\u00eda proporciona una excelente protecci\u00f3n ante impactos, su estabilidad proviene de las tres ruedas y su visibilidad es alta gracias a sus 2,60 metros de longitud, colores llamativos, luces intermitentes, bocina y luces de freno. Parec\u00eda la soluci\u00f3n ideal para m\u00ed, aunque el precio me pareci\u00f3 algo elevado&#8230; para tratarse de una bicicleta.<\/p>\n<hr class=\"\" data-start=\"2528\" data-end=\"2531\" \/>\n<h3 class=\"\" data-start=\"2533\" data-end=\"2557\"><strong data-start=\"2537\" data-end=\"2557\">Haciendo n\u00fameros<\/strong><\/h3>\n<p class=\"\" data-start=\"2559\" data-end=\"2911\">Mi trayecto es de unos 14 km por sentido y me lleva 15 minutos en coche. Calcul\u00e9 que con un velom\u00f3vil tardar\u00eda unos 30 minutos por trayecto. Esos 30 minutos extra al d\u00eda son menos de lo que dedicar\u00eda a salir a caminar o a ir al gimnasio. Eliminar las visitas diarias al gimnasio me permitir\u00eda ahorrar tiempo y dinero en combustible y cuota de gimnasio.<\/p>\n<p class=\"\" data-start=\"2913\" data-end=\"3405\">Seg\u00fan la AAA, el coste anual promedio de tener un coche ronda los 9.000\u202f\u20ac, teniendo en cuenta pagos mensuales, reparaciones, mantenimiento, combustible, seguro y depreciaci\u00f3n. El pago mensual promedio de un coche usado es de unos 500\u202f\u20ac. Nunca me hab\u00eda parado a pensar cu\u00e1nto dinero gastaba al a\u00f1o en mi coche hasta que hice los c\u00e1lculos. Reduciendo el uso del coche o prescindiendo de \u00e9l, podr\u00eda ahorrar dinero cambiando al velom\u00f3vil. As\u00ed, la inversi\u00f3n inicial dej\u00f3 de parecerme tan dolorosa.<\/p>\n<h3 class=\"\" data-start=\"3412\" data-end=\"3453\"><strong data-start=\"3416\" data-end=\"3453\">Adaptando mi forma de desplazarme<\/strong><\/h3>\n<p class=\"\" data-start=\"3455\" data-end=\"3860\">Me decid\u00ed por un <strong data-start=\"3472\" data-end=\"3484\">B\u00fclk MK1<\/strong> nuevo como mi veh\u00edculo de diario. El B\u00fclk es f\u00e1cil de configurar, tiene accesos c\u00f3modos para el mantenimiento, es uno de los velom\u00f3viles m\u00e1s aerodin\u00e1micos del mercado y tiene suficiente espacio para llevar mi trompeta o una buena compra. Tambi\u00e9n tiene espacio para montar neum\u00e1ticos de invierno y, al comprarlo nuevo, ven\u00eda con garant\u00eda de f\u00e1brica y soporte del distribuidor.<\/p>\n<p class=\"\" data-start=\"3862\" data-end=\"4240\">Las primeras semanas supusieron ciertos ajustes. Desarroll\u00e9 un sistema para organizar qu\u00e9 pod\u00eda dejar en el velom\u00f3vil tanto en el trabajo como en casa. Empec\u00e9 a preparar ropa y equipamiento la noche anterior para salir r\u00e1pido por la ma\u00f1ana. Dejaba cosas como herramientas o bater\u00edas para luces y c\u00e1maras dentro del velom\u00f3vil hasta que fuera necesario cargarlas el fin de semana.<\/p>\n<p class=\"\" data-start=\"4242\" data-end=\"4514\">Tambi\u00e9n tuve que aprender a pensar como ciclista. En coche sol\u00eda tomar la autopista y calles principales, pero descubr\u00ed toda una red de calles secundarias tranquilas por donde pod\u00eda circular entre paisajes agradables, mientras los conductores se atascaban en la autopista.<\/p>\n<p class=\"\" data-start=\"4516\" data-end=\"4914\">Otro punto clave fue encontrar un lugar seguro para estacionar el velom\u00f3vil sin temor a robos o da\u00f1os. Compr\u00e9 un buen candado y una funda grande tipo motocicleta. Ambas ocupan poco espacio y aportan seguridad y discreci\u00f3n. Algunos sitios, como la escuela donde trabajo, tienen c\u00e1maras y personal de vigilancia. Otros ofrecen aparcabicis seguros o incluso espacio interior para guardar el velom\u00f3vil.<\/p>\n<hr class=\"\" data-start=\"4916\" data-end=\"4919\" \/>\n<h3 class=\"\" data-start=\"4921\" data-end=\"4943\"><strong data-start=\"4925\" data-end=\"4943\">Los resultados<\/strong><\/h3>\n<p class=\"\" data-start=\"4945\" data-end=\"5441\">Han pasado dos a\u00f1os y m\u00e1s de 10.000 km por a\u00f1o desde que cambi\u00e9 el coche por el velom\u00f3vil. La Cl\u00ednica Mayo dice que <em data-start=\"5061\" data-end=\"5114\">\u201cel ejercicio es como una meditaci\u00f3n en movimiento\u201d<\/em>. Y no puedo estar m\u00e1s de acuerdo. Deslizarme por calles tranquilas en mi velom\u00f3vil es mi dosis diaria de meditaci\u00f3n. Con cada pedalada, las preocupaciones se desvanecen y solo queda el zumbido r\u00edtmico de la cadena. Canalizo el estr\u00e9s empujando con fuerza los pedales, y ese esfuerzo f\u00edsico me ayuda a despejarme por la ma\u00f1ana.<\/p>\n<p class=\"\" data-start=\"5443\" data-end=\"6006\">Al llegar al trabajo, el extra de ox\u00edgeno y circulaci\u00f3n en el cerebro me ayuda a concentrarme mejor. Encuentro soluciones m\u00e1s r\u00e1pido, tengo mejor humor y eso influye positivamente en quienes me rodean. Ir en bici al trabajo ha mejorado mi salud cardiovascular reduciendo mi presi\u00f3n arterial \u2014algo com\u00fan en mi familia\u2014 y me ha ense\u00f1ado a no ir siempre con prisas, una gran fuente de estr\u00e9s en mi vida. Y, por supuesto, la alegr\u00eda y capacidad del velom\u00f3vil para enfrentarse a cualquier clima me han permitido mantener el compromiso de pedalear en lugar de conducir.<\/p>\n<hr class=\"\" data-start=\"6008\" data-end=\"6011\" \/>\n<p class=\"\" data-start=\"6013\" data-end=\"6352\"><strong data-start=\"6013\" data-end=\"6352\">Si quieres reducir el estr\u00e9s y aumentar tu productividad, te animo a probar el ciclismo urbano. Y si eres como yo, y necesitas una bicicleta que te ayude a mantener el compromiso incluso con mal tiempo, un velom\u00f3vil puede ser la opci\u00f3n perfecta. Ha sido una de las mejores inversiones de mi vida \u2014una que realmente puede transformarla.<\/strong><\/p>\n","protected":false},"excerpt":{"rendered":"<p>Transformar el trayecto: c\u00f3mo un velom\u00f3vil convirti\u00f3 mi viaje diario en una meditaci\u00f3n en movimiento Cada d\u00eda, millones de estadounidenses [&hellip;]<\/p>\n","protected":false},"author":4,"featured_media":116008,"comment_status":"open","ping_status":"closed","sticky":false,"template":"","format":"standard","meta":{"_acf_changed":false,"footnotes":""},"categories":[747],"tags":[],"class_list":["post-77658","post","type-post","status-publish","format-standard","has-post-thumbnail","hentry","category-economico"],"acf":[],"yoast_head":"<!-- This site is optimized with the Yoast SEO plugin v27.5 - https:\/\/yoast.com\/product\/yoast-seo-wordpress\/ -->\n<title>Transformar el trayecto: c\u00f3mo un velom\u00f3vil convirti\u00f3 mi viaje diario en una meditaci\u00f3n en movimiento - Velomobile World<\/title>\n<meta name=\"description\" content=\"Transformar el trayecto: de un viaje estresante a una experiencia meditativa. Descubre c\u00f3mo un ciclista convirti\u00f3 su trayecto diario de 27 minutos en coche en una rutina saludable y tranquila gracias a un velom\u00f3vil.\" \/>\n<meta name=\"robots\" content=\"index, follow, max-snippet:-1, max-image-preview:large, max-video-preview:-1\" \/>\n<link rel=\"canonical\" href=\"https:\/\/www.velomobileworld.com\/es\/transformar-el-trayecto-como-un-velomovil-convirtio-mi-viaje-diario-en-una-meditacion-en-movimiento\/\" \/>\n<meta property=\"og:locale\" content=\"es_ES\" \/>\n<meta property=\"og:type\" content=\"article\" \/>\n<meta property=\"og:title\" content=\"Transformar el trayecto: c\u00f3mo un velom\u00f3vil convirti\u00f3 mi viaje diario en una meditaci\u00f3n en movimiento - Velomobile World\" \/>\n<meta property=\"og:description\" content=\"Transformar el trayecto: de un viaje estresante a una experiencia meditativa. Descubre c\u00f3mo un ciclista convirti\u00f3 su trayecto diario de 27 minutos en coche en una rutina saludable y tranquila gracias a un velom\u00f3vil.\" \/>\n<meta property=\"og:url\" content=\"https:\/\/www.velomobileworld.com\/es\/transformar-el-trayecto-como-un-velomovil-convirtio-mi-viaje-diario-en-una-meditacion-en-movimiento\/\" \/>\n<meta property=\"og:site_name\" content=\"Velomobile World\" \/>\n<meta property=\"article:published_time\" content=\"2025-03-13T08:32:51+00:00\" \/>\n<meta property=\"article:modified_time\" content=\"2025-07-25T10:13:01+00:00\" \/>\n<meta property=\"og:image\" content=\"https:\/\/www.velomobileworld.com\/wp-content\/uploads\/2024\/12\/bulk-locked.png\" \/>\n\t<meta property=\"og:image:width\" content=\"1080\" \/>\n\t<meta property=\"og:image:height\" content=\"810\" \/>\n\t<meta property=\"og:image:type\" content=\"image\/png\" \/>\n<meta name=\"author\" content=\"Jan Wijnen\" \/>\n<meta name=\"twitter:card\" content=\"summary_large_image\" \/>\n<meta name=\"twitter:label1\" content=\"Escrito por\" \/>\n\t<meta name=\"twitter:data1\" content=\"Jan Wijnen\" \/>\n\t<meta name=\"twitter:label2\" content=\"Tiempo de lectura\" \/>\n\t<meta name=\"twitter:data2\" content=\"6 minutos\" \/>\n<script type=\"application\/ld+json\" class=\"yoast-schema-graph\">{\"@context\":\"https:\\\/\\\/schema.org\",\"@graph\":[{\"@type\":\"Article\",\"@id\":\"https:\\\/\\\/www.velomobileworld.com\\\/es\\\/transformar-el-trayecto-como-un-velomovil-convirtio-mi-viaje-diario-en-una-meditacion-en-movimiento\\\/#article\",\"isPartOf\":{\"@id\":\"https:\\\/\\\/www.velomobileworld.com\\\/es\\\/transformar-el-trayecto-como-un-velomovil-convirtio-mi-viaje-diario-en-una-meditacion-en-movimiento\\\/\"},\"author\":{\"name\":\"Jan Wijnen\",\"@id\":\"https:\\\/\\\/www.velomobileworld.com\\\/nl\\\/#\\\/schema\\\/person\\\/c0c7c661ad3c8719ed05a7dc85d6fa12\"},\"headline\":\"Transformar el trayecto: c\u00f3mo un velom\u00f3vil convirti\u00f3 mi viaje diario en una meditaci\u00f3n en movimiento\",\"datePublished\":\"2025-03-13T08:32:51+00:00\",\"dateModified\":\"2025-07-25T10:13:01+00:00\",\"mainEntityOfPage\":{\"@id\":\"https:\\\/\\\/www.velomobileworld.com\\\/es\\\/transformar-el-trayecto-como-un-velomovil-convirtio-mi-viaje-diario-en-una-meditacion-en-movimiento\\\/\"},\"wordCount\":1118,\"commentCount\":0,\"image\":{\"@id\":\"https:\\\/\\\/www.velomobileworld.com\\\/es\\\/transformar-el-trayecto-como-un-velomovil-convirtio-mi-viaje-diario-en-una-meditacion-en-movimiento\\\/#primaryimage\"},\"thumbnailUrl\":\"https:\\\/\\\/www.velomobileworld.com\\\/wp-content\\\/uploads\\\/2025\\\/03\\\/14-28-Colorful.webp\",\"articleSection\":[\"Econ\u00f3mico\"],\"inLanguage\":\"es\",\"potentialAction\":[{\"@type\":\"CommentAction\",\"name\":\"Comment\",\"target\":[\"https:\\\/\\\/www.velomobileworld.com\\\/es\\\/transformar-el-trayecto-como-un-velomovil-convirtio-mi-viaje-diario-en-una-meditacion-en-movimiento\\\/#respond\"]}]},{\"@type\":\"WebPage\",\"@id\":\"https:\\\/\\\/www.velomobileworld.com\\\/es\\\/transformar-el-trayecto-como-un-velomovil-convirtio-mi-viaje-diario-en-una-meditacion-en-movimiento\\\/\",\"url\":\"https:\\\/\\\/www.velomobileworld.com\\\/es\\\/transformar-el-trayecto-como-un-velomovil-convirtio-mi-viaje-diario-en-una-meditacion-en-movimiento\\\/\",\"name\":\"Transformar el trayecto: c\u00f3mo un velom\u00f3vil convirti\u00f3 mi viaje diario en una meditaci\u00f3n en movimiento - Velomobile World\",\"isPartOf\":{\"@id\":\"https:\\\/\\\/www.velomobileworld.com\\\/nl\\\/#website\"},\"primaryImageOfPage\":{\"@id\":\"https:\\\/\\\/www.velomobileworld.com\\\/es\\\/transformar-el-trayecto-como-un-velomovil-convirtio-mi-viaje-diario-en-una-meditacion-en-movimiento\\\/#primaryimage\"},\"image\":{\"@id\":\"https:\\\/\\\/www.velomobileworld.com\\\/es\\\/transformar-el-trayecto-como-un-velomovil-convirtio-mi-viaje-diario-en-una-meditacion-en-movimiento\\\/#primaryimage\"},\"thumbnailUrl\":\"https:\\\/\\\/www.velomobileworld.com\\\/wp-content\\\/uploads\\\/2025\\\/03\\\/14-28-Colorful.webp\",\"datePublished\":\"2025-03-13T08:32:51+00:00\",\"dateModified\":\"2025-07-25T10:13:01+00:00\",\"author\":{\"@id\":\"https:\\\/\\\/www.velomobileworld.com\\\/nl\\\/#\\\/schema\\\/person\\\/c0c7c661ad3c8719ed05a7dc85d6fa12\"},\"description\":\"Transformar el trayecto: de un viaje estresante a una experiencia meditativa. Descubre c\u00f3mo un ciclista convirti\u00f3 su trayecto diario de 27 minutos en coche en una rutina saludable y tranquila gracias a un velom\u00f3vil.\",\"breadcrumb\":{\"@id\":\"https:\\\/\\\/www.velomobileworld.com\\\/es\\\/transformar-el-trayecto-como-un-velomovil-convirtio-mi-viaje-diario-en-una-meditacion-en-movimiento\\\/#breadcrumb\"},\"inLanguage\":\"es\",\"potentialAction\":[{\"@type\":\"ReadAction\",\"target\":[\"https:\\\/\\\/www.velomobileworld.com\\\/es\\\/transformar-el-trayecto-como-un-velomovil-convirtio-mi-viaje-diario-en-una-meditacion-en-movimiento\\\/\"]}]},{\"@type\":\"ImageObject\",\"inLanguage\":\"es\",\"@id\":\"https:\\\/\\\/www.velomobileworld.com\\\/es\\\/transformar-el-trayecto-como-un-velomovil-convirtio-mi-viaje-diario-en-una-meditacion-en-movimiento\\\/#primaryimage\",\"url\":\"https:\\\/\\\/www.velomobileworld.com\\\/wp-content\\\/uploads\\\/2025\\\/03\\\/14-28-Colorful.webp\",\"contentUrl\":\"https:\\\/\\\/www.velomobileworld.com\\\/wp-content\\\/uploads\\\/2025\\\/03\\\/14-28-Colorful.webp\",\"width\":1200,\"height\":900,\"caption\":\"COlorful velomobIle in a tunnel\"},{\"@type\":\"BreadcrumbList\",\"@id\":\"https:\\\/\\\/www.velomobileworld.com\\\/es\\\/transformar-el-trayecto-como-un-velomovil-convirtio-mi-viaje-diario-en-una-meditacion-en-movimiento\\\/#breadcrumb\",\"itemListElement\":[{\"@type\":\"ListItem\",\"position\":1,\"name\":\"Home\",\"item\":\"https:\\\/\\\/www.velomobileworld.com\\\/\"},{\"@type\":\"ListItem\",\"position\":2,\"name\":\"Transformar el trayecto: c\u00f3mo un velom\u00f3vil convirti\u00f3 mi viaje diario en una meditaci\u00f3n en movimiento\"}]},{\"@type\":\"WebSite\",\"@id\":\"https:\\\/\\\/www.velomobileworld.com\\\/nl\\\/#website\",\"url\":\"https:\\\/\\\/www.velomobileworld.com\\\/nl\\\/\",\"name\":\"Velomobile World\",\"description\":\"\",\"potentialAction\":[{\"@type\":\"SearchAction\",\"target\":{\"@type\":\"EntryPoint\",\"urlTemplate\":\"https:\\\/\\\/www.velomobileworld.com\\\/nl\\\/?s={search_term_string}\"},\"query-input\":{\"@type\":\"PropertyValueSpecification\",\"valueRequired\":true,\"valueName\":\"search_term_string\"}}],\"inLanguage\":\"es\"},{\"@type\":\"Person\",\"@id\":\"https:\\\/\\\/www.velomobileworld.com\\\/nl\\\/#\\\/schema\\\/person\\\/c0c7c661ad3c8719ed05a7dc85d6fa12\",\"name\":\"Jan Wijnen\",\"image\":{\"@type\":\"ImageObject\",\"inLanguage\":\"es\",\"@id\":\"https:\\\/\\\/secure.gravatar.com\\\/avatar\\\/4802c8a6006d5895d73a1141e39ccf819bca7ec1dbfb26a6f4370880cefa109a?s=96&d=mm&r=g\",\"url\":\"https:\\\/\\\/secure.gravatar.com\\\/avatar\\\/4802c8a6006d5895d73a1141e39ccf819bca7ec1dbfb26a6f4370880cefa109a?s=96&d=mm&r=g\",\"contentUrl\":\"https:\\\/\\\/secure.gravatar.com\\\/avatar\\\/4802c8a6006d5895d73a1141e39ccf819bca7ec1dbfb26a6f4370880cefa109a?s=96&d=mm&r=g\",\"caption\":\"Jan Wijnen\"},\"url\":\"https:\\\/\\\/www.velomobileworld.com\\\/es\\\/author\\\/jan-admin\\\/\"}]}<\/script>\n<!-- \/ Yoast SEO plugin. -->","yoast_head_json":{"title":"Transformar el trayecto: c\u00f3mo un velom\u00f3vil convirti\u00f3 mi viaje diario en una meditaci\u00f3n en movimiento - Velomobile World","description":"Transformar el trayecto: de un viaje estresante a una experiencia meditativa. Descubre c\u00f3mo un ciclista convirti\u00f3 su trayecto diario de 27 minutos en coche en una rutina saludable y tranquila gracias a un velom\u00f3vil.","robots":{"index":"index","follow":"follow","max-snippet":"max-snippet:-1","max-image-preview":"max-image-preview:large","max-video-preview":"max-video-preview:-1"},"canonical":"https:\/\/www.velomobileworld.com\/es\/transformar-el-trayecto-como-un-velomovil-convirtio-mi-viaje-diario-en-una-meditacion-en-movimiento\/","og_locale":"es_ES","og_type":"article","og_title":"Transformar el trayecto: c\u00f3mo un velom\u00f3vil convirti\u00f3 mi viaje diario en una meditaci\u00f3n en movimiento - Velomobile World","og_description":"Transformar el trayecto: de un viaje estresante a una experiencia meditativa. Descubre c\u00f3mo un ciclista convirti\u00f3 su trayecto diario de 27 minutos en coche en una rutina saludable y tranquila gracias a un velom\u00f3vil.","og_url":"https:\/\/www.velomobileworld.com\/es\/transformar-el-trayecto-como-un-velomovil-convirtio-mi-viaje-diario-en-una-meditacion-en-movimiento\/","og_site_name":"Velomobile World","article_published_time":"2025-03-13T08:32:51+00:00","article_modified_time":"2025-07-25T10:13:01+00:00","og_image":[{"width":1080,"height":810,"url":"https:\/\/www.velomobileworld.com\/wp-content\/uploads\/2024\/12\/bulk-locked.png","type":"image\/png"}],"author":"Jan Wijnen","twitter_card":"summary_large_image","twitter_misc":{"Escrito por":"Jan Wijnen","Tiempo de lectura":"6 minutos"},"schema":{"@context":"https:\/\/schema.org","@graph":[{"@type":"Article","@id":"https:\/\/www.velomobileworld.com\/es\/transformar-el-trayecto-como-un-velomovil-convirtio-mi-viaje-diario-en-una-meditacion-en-movimiento\/#article","isPartOf":{"@id":"https:\/\/www.velomobileworld.com\/es\/transformar-el-trayecto-como-un-velomovil-convirtio-mi-viaje-diario-en-una-meditacion-en-movimiento\/"},"author":{"name":"Jan Wijnen","@id":"https:\/\/www.velomobileworld.com\/nl\/#\/schema\/person\/c0c7c661ad3c8719ed05a7dc85d6fa12"},"headline":"Transformar el trayecto: c\u00f3mo un velom\u00f3vil convirti\u00f3 mi viaje diario en una meditaci\u00f3n en movimiento","datePublished":"2025-03-13T08:32:51+00:00","dateModified":"2025-07-25T10:13:01+00:00","mainEntityOfPage":{"@id":"https:\/\/www.velomobileworld.com\/es\/transformar-el-trayecto-como-un-velomovil-convirtio-mi-viaje-diario-en-una-meditacion-en-movimiento\/"},"wordCount":1118,"commentCount":0,"image":{"@id":"https:\/\/www.velomobileworld.com\/es\/transformar-el-trayecto-como-un-velomovil-convirtio-mi-viaje-diario-en-una-meditacion-en-movimiento\/#primaryimage"},"thumbnailUrl":"https:\/\/www.velomobileworld.com\/wp-content\/uploads\/2025\/03\/14-28-Colorful.webp","articleSection":["Econ\u00f3mico"],"inLanguage":"es","potentialAction":[{"@type":"CommentAction","name":"Comment","target":["https:\/\/www.velomobileworld.com\/es\/transformar-el-trayecto-como-un-velomovil-convirtio-mi-viaje-diario-en-una-meditacion-en-movimiento\/#respond"]}]},{"@type":"WebPage","@id":"https:\/\/www.velomobileworld.com\/es\/transformar-el-trayecto-como-un-velomovil-convirtio-mi-viaje-diario-en-una-meditacion-en-movimiento\/","url":"https:\/\/www.velomobileworld.com\/es\/transformar-el-trayecto-como-un-velomovil-convirtio-mi-viaje-diario-en-una-meditacion-en-movimiento\/","name":"Transformar el trayecto: c\u00f3mo un velom\u00f3vil convirti\u00f3 mi viaje diario en una meditaci\u00f3n en movimiento - Velomobile World","isPartOf":{"@id":"https:\/\/www.velomobileworld.com\/nl\/#website"},"primaryImageOfPage":{"@id":"https:\/\/www.velomobileworld.com\/es\/transformar-el-trayecto-como-un-velomovil-convirtio-mi-viaje-diario-en-una-meditacion-en-movimiento\/#primaryimage"},"image":{"@id":"https:\/\/www.velomobileworld.com\/es\/transformar-el-trayecto-como-un-velomovil-convirtio-mi-viaje-diario-en-una-meditacion-en-movimiento\/#primaryimage"},"thumbnailUrl":"https:\/\/www.velomobileworld.com\/wp-content\/uploads\/2025\/03\/14-28-Colorful.webp","datePublished":"2025-03-13T08:32:51+00:00","dateModified":"2025-07-25T10:13:01+00:00","author":{"@id":"https:\/\/www.velomobileworld.com\/nl\/#\/schema\/person\/c0c7c661ad3c8719ed05a7dc85d6fa12"},"description":"Transformar el trayecto: de un viaje estresante a una experiencia meditativa. Descubre c\u00f3mo un ciclista convirti\u00f3 su trayecto diario de 27 minutos en coche en una rutina saludable y tranquila gracias a un velom\u00f3vil.","breadcrumb":{"@id":"https:\/\/www.velomobileworld.com\/es\/transformar-el-trayecto-como-un-velomovil-convirtio-mi-viaje-diario-en-una-meditacion-en-movimiento\/#breadcrumb"},"inLanguage":"es","potentialAction":[{"@type":"ReadAction","target":["https:\/\/www.velomobileworld.com\/es\/transformar-el-trayecto-como-un-velomovil-convirtio-mi-viaje-diario-en-una-meditacion-en-movimiento\/"]}]},{"@type":"ImageObject","inLanguage":"es","@id":"https:\/\/www.velomobileworld.com\/es\/transformar-el-trayecto-como-un-velomovil-convirtio-mi-viaje-diario-en-una-meditacion-en-movimiento\/#primaryimage","url":"https:\/\/www.velomobileworld.com\/wp-content\/uploads\/2025\/03\/14-28-Colorful.webp","contentUrl":"https:\/\/www.velomobileworld.com\/wp-content\/uploads\/2025\/03\/14-28-Colorful.webp","width":1200,"height":900,"caption":"COlorful velomobIle in a tunnel"},{"@type":"BreadcrumbList","@id":"https:\/\/www.velomobileworld.com\/es\/transformar-el-trayecto-como-un-velomovil-convirtio-mi-viaje-diario-en-una-meditacion-en-movimiento\/#breadcrumb","itemListElement":[{"@type":"ListItem","position":1,"name":"Home","item":"https:\/\/www.velomobileworld.com\/"},{"@type":"ListItem","position":2,"name":"Transformar el trayecto: c\u00f3mo un velom\u00f3vil convirti\u00f3 mi viaje diario en una meditaci\u00f3n en movimiento"}]},{"@type":"WebSite","@id":"https:\/\/www.velomobileworld.com\/nl\/#website","url":"https:\/\/www.velomobileworld.com\/nl\/","name":"Velomobile World","description":"","potentialAction":[{"@type":"SearchAction","target":{"@type":"EntryPoint","urlTemplate":"https:\/\/www.velomobileworld.com\/nl\/?s={search_term_string}"},"query-input":{"@type":"PropertyValueSpecification","valueRequired":true,"valueName":"search_term_string"}}],"inLanguage":"es"},{"@type":"Person","@id":"https:\/\/www.velomobileworld.com\/nl\/#\/schema\/person\/c0c7c661ad3c8719ed05a7dc85d6fa12","name":"Jan Wijnen","image":{"@type":"ImageObject","inLanguage":"es","@id":"https:\/\/secure.gravatar.com\/avatar\/4802c8a6006d5895d73a1141e39ccf819bca7ec1dbfb26a6f4370880cefa109a?s=96&d=mm&r=g","url":"https:\/\/secure.gravatar.com\/avatar\/4802c8a6006d5895d73a1141e39ccf819bca7ec1dbfb26a6f4370880cefa109a?s=96&d=mm&r=g","contentUrl":"https:\/\/secure.gravatar.com\/avatar\/4802c8a6006d5895d73a1141e39ccf819bca7ec1dbfb26a6f4370880cefa109a?s=96&d=mm&r=g","caption":"Jan Wijnen"},"url":"https:\/\/www.velomobileworld.com\/es\/author\/jan-admin\/"}]}},"_links":{"self":[{"href":"https:\/\/www.velomobileworld.com\/es\/wp-json\/wp\/v2\/posts\/77658","targetHints":{"allow":["GET"]}}],"collection":[{"href":"https:\/\/www.velomobileworld.com\/es\/wp-json\/wp\/v2\/posts"}],"about":[{"href":"https:\/\/www.velomobileworld.com\/es\/wp-json\/wp\/v2\/types\/post"}],"author":[{"embeddable":true,"href":"https:\/\/www.velomobileworld.com\/es\/wp-json\/wp\/v2\/users\/4"}],"replies":[{"embeddable":true,"href":"https:\/\/www.velomobileworld.com\/es\/wp-json\/wp\/v2\/comments?post=77658"}],"version-history":[{"count":1,"href":"https:\/\/www.velomobileworld.com\/es\/wp-json\/wp\/v2\/posts\/77658\/revisions"}],"predecessor-version":[{"id":100827,"href":"https:\/\/www.velomobileworld.com\/es\/wp-json\/wp\/v2\/posts\/77658\/revisions\/100827"}],"wp:featuredmedia":[{"embeddable":true,"href":"https:\/\/www.velomobileworld.com\/es\/wp-json\/wp\/v2\/media\/116008"}],"wp:attachment":[{"href":"https:\/\/www.velomobileworld.com\/es\/wp-json\/wp\/v2\/media?parent=77658"}],"wp:term":[{"taxonomy":"category","embeddable":true,"href":"https:\/\/www.velomobileworld.com\/es\/wp-json\/wp\/v2\/categories?post=77658"},{"taxonomy":"post_tag","embeddable":true,"href":"https:\/\/www.velomobileworld.com\/es\/wp-json\/wp\/v2\/tags?post=77658"}],"curies":[{"name":"wp","href":"https:\/\/api.w.org\/{rel}","templated":true}]}}