{"id":77662,"date":"2025-02-17T14:17:29","date_gmt":"2025-02-17T13:17:29","guid":{"rendered":"https:\/\/velomobileworld.convident.dev\/velomoviles-de-ultima-generacion-aerodinamica-confort-y-personalizacion-a-tu-medida\/"},"modified":"2025-07-25T12:13:01","modified_gmt":"2025-07-25T10:13:01","slug":"velomoviles-de-ultima-generacion-aerodinamica-confort-y-personalizacion-a-tu-medida","status":"publish","type":"post","link":"https:\/\/www.velomobileworld.com\/es\/velomoviles-de-ultima-generacion-aerodinamica-confort-y-personalizacion-a-tu-medida\/","title":{"rendered":"Velom\u00f3viles de \u00faltima generaci\u00f3n: aerodin\u00e1mica, confort y personalizaci\u00f3n a tu medida"},"content":{"rendered":"<h2 class=\"\" data-start=\"164\" data-end=\"251\"><strong data-start=\"167\" data-end=\"251\">Caracter\u00edsticas avanzadas del velom\u00f3vil: de la aerodin\u00e1mica a la personalizaci\u00f3n<\/strong><\/h2>\n<p class=\"\" data-start=\"253\" data-end=\"776\">Cada velom\u00f3vil representa la c\u00faspide de la ingenier\u00eda en veh\u00edculos propulsados por el ser humano, con aproximadamente seis semanas de meticulosa fabricaci\u00f3n artesanal. A diferencia de los veh\u00edculos producidos en masa, cada unidad es el resultado de cientos de horas de trabajo por parte de t\u00e9cnicos expertos que aseguran que cada componente encaje a la perfecci\u00f3n. Esta fusi\u00f3n entre artesan\u00eda tradicional y ciencia de materiales de vanguardia da lugar a un veh\u00edculo que es tanto una maravilla t\u00e9cnica como una obra de arte.<\/p>\n<h3 class=\"\" data-start=\"783\" data-end=\"819\"><strong data-start=\"787\" data-end=\"819\">Dise\u00f1o aerodin\u00e1mico avanzado<\/strong><\/h3>\n<p class=\"\" data-start=\"821\" data-end=\"1315\">La caracter\u00edstica m\u00e1s distintiva de un velom\u00f3vil es su eficiencia aerodin\u00e1mica. Gracias a un dise\u00f1o cuidadoso y una ingenier\u00eda precisa, los velom\u00f3viles reducen significativamente la resistencia al aire en comparaci\u00f3n con las bicicletas tradicionales. Requieren solo un tercio de la potencia necesaria para mantener la misma velocidad que una bici convencional, lo que permite alcanzar velocidades de crucero m\u00e1s altas con el mismo esfuerzo y reduce notablemente el impacto del viento en contra.<\/p>\n<p class=\"\" data-start=\"1317\" data-end=\"1367\">[Conoce m\u00e1s sobre la aerodin\u00e1mica del velom\u00f3vil \u2192]<\/p>\n<h3 class=\"\" data-start=\"1374\" data-end=\"1405\"><strong data-start=\"1378\" data-end=\"1405\">Ingenier\u00eda de precisi\u00f3n<\/strong><\/h3>\n<p class=\"\" data-start=\"1407\" data-end=\"1801\">Los velom\u00f3viles modernos emplean una construcci\u00f3n tipo monocasco, al estilo de aviones y autos de competici\u00f3n, donde la propia carrocer\u00eda act\u00faa como estructura portante. Este enfoque reduce el peso total sin comprometer la rigidez estructural y proporciona caracter\u00edsticas integradas de seguridad. La distribuci\u00f3n eficiente de fuerzas en toda la estructura crea un veh\u00edculo ligero pero robusto.<\/p>\n<p class=\"\" data-start=\"1803\" data-end=\"2204\">La excelencia t\u00e9cnica va m\u00e1s all\u00e1 del dise\u00f1o del chasis. Se utilizan materiales compuestos sofisticados para lograr una relaci\u00f3n \u00f3ptima entre peso y resistencia, con dise\u00f1os refinados mediante din\u00e1mica de fluidos computacional. Los sistemas de ventilaci\u00f3n integrados garantizan una \u00f3ptima circulaci\u00f3n de aire, mientras que las suspensiones avanzadas en todas las ruedas aseguran una conducci\u00f3n c\u00f3moda.<\/p>\n<p class=\"\" data-start=\"2206\" data-end=\"2245\">[Explora la ingenier\u00eda del velom\u00f3vil \u2192]<\/p>\n<h3 class=\"\" data-start=\"2252\" data-end=\"2286\"><strong data-start=\"2256\" data-end=\"2286\">Capacidades de rendimiento<\/strong><\/h3>\n<p class=\"\" data-start=\"2288\" data-end=\"2648\">Un velom\u00f3vil bien dise\u00f1ado puede lograr cifras de rendimiento sorprendentes. Es habitual mantener velocidades de 30 a 40\u202fkm\/h con un esfuerzo moderado. Lo m\u00e1s notable es que mantienen su ventaja incluso en condiciones adversas, perdiendo muy poca velocidad con viento en contra y aprovechando los vientos laterales y de cola mediante un efecto de \u00abnavegaci\u00f3n\u00bb.<\/p>\n<p class=\"\" data-start=\"2650\" data-end=\"2891\">El dise\u00f1o cerrado crea un entorno controlado para el ciclista, permitiendo su uso durante todo el a\u00f1o. El sistema de ventilaci\u00f3n ajustable, junto con la protecci\u00f3n frente a lluvia, nieve y rayos UV, garantiza comodidad en cualquier estaci\u00f3n.<\/p>\n<p class=\"\" data-start=\"2893\" data-end=\"2934\">[Descubre el rendimiento del velom\u00f3vil \u2192]<\/p>\n<h3 class=\"\" data-start=\"2941\" data-end=\"2968\"><strong data-start=\"2945\" data-end=\"2968\">Innovaci\u00f3n pr\u00e1ctica<\/strong><\/h3>\n<p class=\"\" data-start=\"2970\" data-end=\"3356\">El dise\u00f1o del velom\u00f3vil integra soluciones de almacenamiento sin comprometer la aerodin\u00e1mica, una gran ventaja frente a las bicicletas convencionales. El espacio impermeable integrado permite llevar lo necesario para el d\u00eda a d\u00eda sin las p\u00e9rdidas de eficiencia habituales de alforjas o remolques. Esto lo convierte en una opci\u00f3n ideal tanto para desplazamientos como para viajes largos.<\/p>\n<h3 class=\"\" data-start=\"3363\" data-end=\"3399\"><strong data-start=\"3367\" data-end=\"3399\">Caracter\u00edsticas de seguridad<\/strong><\/h3>\n<p class=\"\" data-start=\"3401\" data-end=\"3714\">La seguridad es una prioridad clave en el dise\u00f1o. La carcasa ofrece protecci\u00f3n en caso de impacto, mientras que el sistema de iluminaci\u00f3n integrado y su silueta inconfundible aumentan la visibilidad en carretera. Su dise\u00f1o de tres ruedas ofrece gran estabilidad en distintas condiciones meteorol\u00f3gicas y de firme.<\/p>\n<p class=\"\" data-start=\"3716\" data-end=\"3751\">[Conoce las medidas de seguridad \u2192]<\/p>\n<h3 class=\"\" data-start=\"3758\" data-end=\"3793\"><strong data-start=\"3762\" data-end=\"3793\">Personalizaci\u00f3n y ergonom\u00eda<\/strong><\/h3>\n<p class=\"\" data-start=\"3795\" data-end=\"4079\">Cada velom\u00f3vil se puede adaptar con precisi\u00f3n a su usuario, creando una soluci\u00f3n de transporte totalmente personalizada. El asiento ajustable garantiza comodidad, mientras que una amplia gama de configuraciones permite adaptar cada aspecto del veh\u00edculo a las necesidades del ciclista.<\/p>\n<p class=\"\" data-start=\"4081\" data-end=\"4122\"><strong data-start=\"4081\" data-end=\"4122\">\u00c1reas principales de personalizaci\u00f3n:<\/strong><\/p>\n<ul data-start=\"4124\" data-end=\"4639\">\n<li class=\"\" data-start=\"4124\" data-end=\"4249\">\n<p class=\"\" data-start=\"4126\" data-end=\"4249\"><strong data-start=\"4126\" data-end=\"4142\">Transmisi\u00f3n:<\/strong> m\u00faltiples longitudes de bielas, combinaciones de platos y cassettes para obtener los desarrollos ideales<\/p>\n<\/li>\n<li class=\"\" data-start=\"4250\" data-end=\"4404\">\n<p class=\"\" data-start=\"4252\" data-end=\"4404\"><strong data-start=\"4252\" data-end=\"4276\">Confort y ergonom\u00eda:<\/strong> altura del pedalier ajustable, grosor de acolchado en hombros (1 a 3\u202fcm), opciones de reposacabezas y reposabrazos en carbono<\/p>\n<\/li>\n<li class=\"\" data-start=\"4405\" data-end=\"4499\">\n<p class=\"\" data-start=\"4407\" data-end=\"4499\"><strong data-start=\"4407\" data-end=\"4426\">Almacenamiento:<\/strong> compartimentos laterales personalizables e integraci\u00f3n de portabidones<\/p>\n<\/li>\n<li class=\"\" data-start=\"4500\" data-end=\"4639\">\n<p class=\"\" data-start=\"4502\" data-end=\"4639\"><strong data-start=\"4502\" data-end=\"4530\">Visibilidad y seguridad:<\/strong> configuraciones de espejos (izquierda, derecha o ambos), limpiaparabrisas opcional y tratamientos antivaho<\/p>\n<\/li>\n<\/ul>\n<h3 class=\"\" data-start=\"4646\" data-end=\"4671\"><strong data-start=\"4650\" data-end=\"4671\">Sistema de capota<\/strong><\/h3>\n<p class=\"\" data-start=\"4673\" data-end=\"4981\">Cada velom\u00f3vil se entrega con diversas opciones de capota: desde modelos tipo competici\u00f3n hasta combinaciones mixtas con diferentes configuraciones para adaptarse a la altura y necesidades del usuario. Tambi\u00e9n se pueden personalizar con ventanas laterales y tratamientos antivaho para mejorar la visibilidad.<\/p>\n<h3 class=\"\" data-start=\"4988\" data-end=\"5022\"><strong data-start=\"4992\" data-end=\"5022\">Especificaciones mec\u00e1nicas<\/strong><\/h3>\n<ul data-start=\"5024\" data-end=\"5338\">\n<li class=\"\" data-start=\"5024\" data-end=\"5076\">\n<p class=\"\" data-start=\"5026\" data-end=\"5076\">Frenos disponibles en versiones de 70\u202fmm o 90\u202fmm<\/p>\n<\/li>\n<li class=\"\" data-start=\"5077\" data-end=\"5144\">\n<p class=\"\" data-start=\"5079\" data-end=\"5144\">Ruedas delanteras con distintas opciones de llantas y cubiertas<\/p>\n<\/li>\n<li class=\"\" data-start=\"5145\" data-end=\"5200\">\n<p class=\"\" data-start=\"5147\" data-end=\"5200\">Suspensi\u00f3n regulada para confort o estilo deportivo<\/p>\n<\/li>\n<li class=\"\" data-start=\"5201\" data-end=\"5260\">\n<p class=\"\" data-start=\"5203\" data-end=\"5260\">Suspensi\u00f3n trasera neum\u00e1tica opcional con amortiguaci\u00f3n<\/p>\n<\/li>\n<li class=\"\" data-start=\"5261\" data-end=\"5338\">\n<p class=\"\" data-start=\"5263\" data-end=\"5338\">Refuerzo para gancho de remolque disponible para aumentar la versatilidad<\/p>\n<\/li>\n<\/ul>\n<p class=\"\" data-start=\"5340\" data-end=\"5566\">El resultado de este proceso artesanal no es solo un veh\u00edculo, sino una soluci\u00f3n de movilidad totalmente personalizada, dise\u00f1ada para ofrecer el m\u00e1ximo rendimiento y confort a su propietario, y con un alto valor a largo plazo.<\/p>\n<p class=\"\" data-start=\"5568\" data-end=\"5594\">[Configura tu velom\u00f3vil \u2192]<\/p>\n<h3 class=\"\" data-start=\"5601\" data-end=\"5640\"><strong data-start=\"5605\" data-end=\"5640\">Transporte de nivel profesional<\/strong><\/h3>\n<p class=\"\" data-start=\"5642\" data-end=\"6107\">Para los profesionales del sector tecnol\u00f3gico o empresarial que buscan una alternativa de movilidad innovadora, el velom\u00f3vil representa una fusi\u00f3n ideal entre excelencia en ingenier\u00eda y utilidad pr\u00e1ctica. Su dise\u00f1o de alta eficiencia energ\u00e9tica, unido a la capacidad de operar en cualquier clima, lo convierte en una alternativa convincente frente a los m\u00e9todos tradicionales de desplazamiento. Adem\u00e1s, su aspecto t\u00e9cnico transmite una imagen profesional y moderna.<\/p>\n<h3 class=\"\" data-start=\"6114\" data-end=\"6149\"><strong data-start=\"6118\" data-end=\"6149\">Mantenimiento y durabilidad<\/strong><\/h3>\n<p class=\"\" data-start=\"6151\" data-end=\"6456\">El dise\u00f1o cerrado protege naturalmente los componentes mec\u00e1nicos, reduciendo el mantenimiento y prolongando la vida \u00fatil. La transmisi\u00f3n permanece protegida de los elementos, al igual que el resto del sistema mec\u00e1nico, lo que se traduce en menores costes de mantenimiento a largo plazo y mayor fiabilidad.<\/p>\n<p class=\"\" data-start=\"6458\" data-end=\"6502\">[Consulta los requisitos de mantenimiento \u2192]<\/p>\n<p data-start=\"6458\" data-end=\"6502\">Esta combinaci\u00f3n de ingenier\u00eda avanzada, dise\u00f1o funcional y movilidad sostenible convierte al velom\u00f3vil en una propuesta \u00fanica en el panorama actual. Es una soluci\u00f3n pensada para quienes valoran la eficiencia, la innovaci\u00f3n y la responsabilidad ambiental en sus decisiones de transporte.<\/p>\n<p data-start=\"6458\" data-end=\"6502\">\n","protected":false},"excerpt":{"rendered":"<p>Caracter\u00edsticas avanzadas del velom\u00f3vil: de la aerodin\u00e1mica a la personalizaci\u00f3n Cada velom\u00f3vil representa la c\u00faspide de la ingenier\u00eda en veh\u00edculos [&hellip;]<\/p>\n","protected":false},"author":4,"featured_media":77663,"comment_status":"open","ping_status":"closed","sticky":false,"template":"","format":"standard","meta":{"_acf_changed":false,"footnotes":""},"categories":[749],"tags":[],"class_list":["post-77662","post","type-post","status-publish","format-standard","has-post-thumbnail","hentry","category-movilidad-sostenible"],"acf":[],"yoast_head":"<!-- This site is optimized with the Yoast SEO plugin v27.5 - https:\/\/yoast.com\/product\/yoast-seo-wordpress\/ -->\n<title>Velom\u00f3viles de \u00faltima generaci\u00f3n: aerodin\u00e1mica, confort y personalizaci\u00f3n a tu medida - Velomobile World<\/title>\n<meta name=\"description\" content=\"Descubre las caracter\u00edsticas \u00fanicas de los velom\u00f3viles: aerodin\u00e1mica avanzada, ingenier\u00eda de precisi\u00f3n y rendimiento en todo tipo de clima. Conoce c\u00f3mo estos veh\u00edculos artesanales de propulsi\u00f3n humana combinan tecnolog\u00eda de vanguardia con soluciones pr\u00e1cticas para el transporte diario.\" \/>\n<meta name=\"robots\" content=\"index, follow, max-snippet:-1, max-image-preview:large, max-video-preview:-1\" \/>\n<link rel=\"canonical\" href=\"https:\/\/www.velomobileworld.com\/es\/velomoviles-de-ultima-generacion-aerodinamica-confort-y-personalizacion-a-tu-medida\/\" \/>\n<meta property=\"og:locale\" content=\"es_ES\" \/>\n<meta property=\"og:type\" content=\"article\" \/>\n<meta property=\"og:title\" content=\"Velom\u00f3viles de \u00faltima generaci\u00f3n: aerodin\u00e1mica, confort y personalizaci\u00f3n a tu medida - Velomobile World\" \/>\n<meta property=\"og:description\" content=\"Descubre las caracter\u00edsticas \u00fanicas de los velom\u00f3viles: aerodin\u00e1mica avanzada, ingenier\u00eda de precisi\u00f3n y rendimiento en todo tipo de clima. Conoce c\u00f3mo estos veh\u00edculos artesanales de propulsi\u00f3n humana combinan tecnolog\u00eda de vanguardia con soluciones pr\u00e1cticas para el transporte diario.\" \/>\n<meta property=\"og:url\" content=\"https:\/\/www.velomobileworld.com\/es\/velomoviles-de-ultima-generacion-aerodinamica-confort-y-personalizacion-a-tu-medida\/\" \/>\n<meta property=\"og:site_name\" content=\"Velomobile World\" \/>\n<meta property=\"article:published_time\" content=\"2025-02-17T13:17:29+00:00\" \/>\n<meta property=\"article:modified_time\" content=\"2025-07-25T10:13:01+00:00\" \/>\n<meta property=\"og:image\" content=\"https:\/\/www.velomobileworld.com\/wp-content\/uploads\/2025\/02\/leggero-park-velomobile-ambassador-2.webp\" \/>\n\t<meta property=\"og:image:width\" content=\"1024\" \/>\n\t<meta property=\"og:image:height\" content=\"768\" \/>\n\t<meta property=\"og:image:type\" content=\"image\/webp\" \/>\n<meta name=\"author\" content=\"Jan Wijnen\" \/>\n<meta name=\"twitter:card\" content=\"summary_large_image\" \/>\n<meta name=\"twitter:label1\" content=\"Escrito por\" \/>\n\t<meta name=\"twitter:data1\" content=\"Jan Wijnen\" \/>\n\t<meta name=\"twitter:label2\" content=\"Tiempo de lectura\" \/>\n\t<meta name=\"twitter:data2\" content=\"5 minutos\" \/>\n<script type=\"application\/ld+json\" class=\"yoast-schema-graph\">{\"@context\":\"https:\\\/\\\/schema.org\",\"@graph\":[{\"@type\":\"Article\",\"@id\":\"https:\\\/\\\/www.velomobileworld.com\\\/es\\\/velomoviles-de-ultima-generacion-aerodinamica-confort-y-personalizacion-a-tu-medida\\\/#article\",\"isPartOf\":{\"@id\":\"https:\\\/\\\/www.velomobileworld.com\\\/es\\\/velomoviles-de-ultima-generacion-aerodinamica-confort-y-personalizacion-a-tu-medida\\\/\"},\"author\":{\"name\":\"Jan Wijnen\",\"@id\":\"https:\\\/\\\/www.velomobileworld.com\\\/nl\\\/#\\\/schema\\\/person\\\/c0c7c661ad3c8719ed05a7dc85d6fa12\"},\"headline\":\"Velom\u00f3viles de \u00faltima generaci\u00f3n: aerodin\u00e1mica, confort y personalizaci\u00f3n a tu medida\",\"datePublished\":\"2025-02-17T13:17:29+00:00\",\"dateModified\":\"2025-07-25T10:13:01+00:00\",\"mainEntityOfPage\":{\"@id\":\"https:\\\/\\\/www.velomobileworld.com\\\/es\\\/velomoviles-de-ultima-generacion-aerodinamica-confort-y-personalizacion-a-tu-medida\\\/\"},\"wordCount\":1046,\"commentCount\":0,\"image\":{\"@id\":\"https:\\\/\\\/www.velomobileworld.com\\\/es\\\/velomoviles-de-ultima-generacion-aerodinamica-confort-y-personalizacion-a-tu-medida\\\/#primaryimage\"},\"thumbnailUrl\":\"https:\\\/\\\/www.velomobileworld.com\\\/wp-content\\\/uploads\\\/2025\\\/02\\\/leggero-park-velomobile-ambassador-2.webp\",\"articleSection\":[\"Movilidad sostenible\"],\"inLanguage\":\"es\",\"potentialAction\":[{\"@type\":\"CommentAction\",\"name\":\"Comment\",\"target\":[\"https:\\\/\\\/www.velomobileworld.com\\\/es\\\/velomoviles-de-ultima-generacion-aerodinamica-confort-y-personalizacion-a-tu-medida\\\/#respond\"]}]},{\"@type\":\"WebPage\",\"@id\":\"https:\\\/\\\/www.velomobileworld.com\\\/es\\\/velomoviles-de-ultima-generacion-aerodinamica-confort-y-personalizacion-a-tu-medida\\\/\",\"url\":\"https:\\\/\\\/www.velomobileworld.com\\\/es\\\/velomoviles-de-ultima-generacion-aerodinamica-confort-y-personalizacion-a-tu-medida\\\/\",\"name\":\"Velom\u00f3viles de \u00faltima generaci\u00f3n: aerodin\u00e1mica, confort y personalizaci\u00f3n a tu medida - Velomobile World\",\"isPartOf\":{\"@id\":\"https:\\\/\\\/www.velomobileworld.com\\\/nl\\\/#website\"},\"primaryImageOfPage\":{\"@id\":\"https:\\\/\\\/www.velomobileworld.com\\\/es\\\/velomoviles-de-ultima-generacion-aerodinamica-confort-y-personalizacion-a-tu-medida\\\/#primaryimage\"},\"image\":{\"@id\":\"https:\\\/\\\/www.velomobileworld.com\\\/es\\\/velomoviles-de-ultima-generacion-aerodinamica-confort-y-personalizacion-a-tu-medida\\\/#primaryimage\"},\"thumbnailUrl\":\"https:\\\/\\\/www.velomobileworld.com\\\/wp-content\\\/uploads\\\/2025\\\/02\\\/leggero-park-velomobile-ambassador-2.webp\",\"datePublished\":\"2025-02-17T13:17:29+00:00\",\"dateModified\":\"2025-07-25T10:13:01+00:00\",\"author\":{\"@id\":\"https:\\\/\\\/www.velomobileworld.com\\\/nl\\\/#\\\/schema\\\/person\\\/c0c7c661ad3c8719ed05a7dc85d6fa12\"},\"description\":\"Descubre las caracter\u00edsticas \u00fanicas de los velom\u00f3viles: aerodin\u00e1mica avanzada, ingenier\u00eda de precisi\u00f3n y rendimiento en todo tipo de clima. Conoce c\u00f3mo estos veh\u00edculos artesanales de propulsi\u00f3n humana combinan tecnolog\u00eda de vanguardia con soluciones pr\u00e1cticas para el transporte diario.\",\"breadcrumb\":{\"@id\":\"https:\\\/\\\/www.velomobileworld.com\\\/es\\\/velomoviles-de-ultima-generacion-aerodinamica-confort-y-personalizacion-a-tu-medida\\\/#breadcrumb\"},\"inLanguage\":\"es\",\"potentialAction\":[{\"@type\":\"ReadAction\",\"target\":[\"https:\\\/\\\/www.velomobileworld.com\\\/es\\\/velomoviles-de-ultima-generacion-aerodinamica-confort-y-personalizacion-a-tu-medida\\\/\"]}]},{\"@type\":\"ImageObject\",\"inLanguage\":\"es\",\"@id\":\"https:\\\/\\\/www.velomobileworld.com\\\/es\\\/velomoviles-de-ultima-generacion-aerodinamica-confort-y-personalizacion-a-tu-medida\\\/#primaryimage\",\"url\":\"https:\\\/\\\/www.velomobileworld.com\\\/wp-content\\\/uploads\\\/2025\\\/02\\\/leggero-park-velomobile-ambassador-2.webp\",\"contentUrl\":\"https:\\\/\\\/www.velomobileworld.com\\\/wp-content\\\/uploads\\\/2025\\\/02\\\/leggero-park-velomobile-ambassador-2.webp\",\"width\":1024,\"height\":768,\"caption\":\"Velomobile in the snow\"},{\"@type\":\"BreadcrumbList\",\"@id\":\"https:\\\/\\\/www.velomobileworld.com\\\/es\\\/velomoviles-de-ultima-generacion-aerodinamica-confort-y-personalizacion-a-tu-medida\\\/#breadcrumb\",\"itemListElement\":[{\"@type\":\"ListItem\",\"position\":1,\"name\":\"Home\",\"item\":\"https:\\\/\\\/www.velomobileworld.com\\\/\"},{\"@type\":\"ListItem\",\"position\":2,\"name\":\"Velom\u00f3viles de \u00faltima generaci\u00f3n: aerodin\u00e1mica, confort y personalizaci\u00f3n a tu medida\"}]},{\"@type\":\"WebSite\",\"@id\":\"https:\\\/\\\/www.velomobileworld.com\\\/nl\\\/#website\",\"url\":\"https:\\\/\\\/www.velomobileworld.com\\\/nl\\\/\",\"name\":\"Velomobile World\",\"description\":\"\",\"potentialAction\":[{\"@type\":\"SearchAction\",\"target\":{\"@type\":\"EntryPoint\",\"urlTemplate\":\"https:\\\/\\\/www.velomobileworld.com\\\/nl\\\/?s={search_term_string}\"},\"query-input\":{\"@type\":\"PropertyValueSpecification\",\"valueRequired\":true,\"valueName\":\"search_term_string\"}}],\"inLanguage\":\"es\"},{\"@type\":\"Person\",\"@id\":\"https:\\\/\\\/www.velomobileworld.com\\\/nl\\\/#\\\/schema\\\/person\\\/c0c7c661ad3c8719ed05a7dc85d6fa12\",\"name\":\"Jan Wijnen\",\"image\":{\"@type\":\"ImageObject\",\"inLanguage\":\"es\",\"@id\":\"https:\\\/\\\/secure.gravatar.com\\\/avatar\\\/4802c8a6006d5895d73a1141e39ccf819bca7ec1dbfb26a6f4370880cefa109a?s=96&d=mm&r=g\",\"url\":\"https:\\\/\\\/secure.gravatar.com\\\/avatar\\\/4802c8a6006d5895d73a1141e39ccf819bca7ec1dbfb26a6f4370880cefa109a?s=96&d=mm&r=g\",\"contentUrl\":\"https:\\\/\\\/secure.gravatar.com\\\/avatar\\\/4802c8a6006d5895d73a1141e39ccf819bca7ec1dbfb26a6f4370880cefa109a?s=96&d=mm&r=g\",\"caption\":\"Jan Wijnen\"},\"url\":\"https:\\\/\\\/www.velomobileworld.com\\\/es\\\/author\\\/jan-admin\\\/\"}]}<\/script>\n<!-- \/ Yoast SEO plugin. -->","yoast_head_json":{"title":"Velom\u00f3viles de \u00faltima generaci\u00f3n: aerodin\u00e1mica, confort y personalizaci\u00f3n a tu medida - Velomobile World","description":"Descubre las caracter\u00edsticas \u00fanicas de los velom\u00f3viles: aerodin\u00e1mica avanzada, ingenier\u00eda de precisi\u00f3n y rendimiento en todo tipo de clima. Conoce c\u00f3mo estos veh\u00edculos artesanales de propulsi\u00f3n humana combinan tecnolog\u00eda de vanguardia con soluciones pr\u00e1cticas para el transporte diario.","robots":{"index":"index","follow":"follow","max-snippet":"max-snippet:-1","max-image-preview":"max-image-preview:large","max-video-preview":"max-video-preview:-1"},"canonical":"https:\/\/www.velomobileworld.com\/es\/velomoviles-de-ultima-generacion-aerodinamica-confort-y-personalizacion-a-tu-medida\/","og_locale":"es_ES","og_type":"article","og_title":"Velom\u00f3viles de \u00faltima generaci\u00f3n: aerodin\u00e1mica, confort y personalizaci\u00f3n a tu medida - Velomobile World","og_description":"Descubre las caracter\u00edsticas \u00fanicas de los velom\u00f3viles: aerodin\u00e1mica avanzada, ingenier\u00eda de precisi\u00f3n y rendimiento en todo tipo de clima. Conoce c\u00f3mo estos veh\u00edculos artesanales de propulsi\u00f3n humana combinan tecnolog\u00eda de vanguardia con soluciones pr\u00e1cticas para el transporte diario.","og_url":"https:\/\/www.velomobileworld.com\/es\/velomoviles-de-ultima-generacion-aerodinamica-confort-y-personalizacion-a-tu-medida\/","og_site_name":"Velomobile World","article_published_time":"2025-02-17T13:17:29+00:00","article_modified_time":"2025-07-25T10:13:01+00:00","og_image":[{"width":1024,"height":768,"url":"https:\/\/www.velomobileworld.com\/wp-content\/uploads\/2025\/02\/leggero-park-velomobile-ambassador-2.webp","type":"image\/webp"}],"author":"Jan Wijnen","twitter_card":"summary_large_image","twitter_misc":{"Escrito por":"Jan Wijnen","Tiempo de lectura":"5 minutos"},"schema":{"@context":"https:\/\/schema.org","@graph":[{"@type":"Article","@id":"https:\/\/www.velomobileworld.com\/es\/velomoviles-de-ultima-generacion-aerodinamica-confort-y-personalizacion-a-tu-medida\/#article","isPartOf":{"@id":"https:\/\/www.velomobileworld.com\/es\/velomoviles-de-ultima-generacion-aerodinamica-confort-y-personalizacion-a-tu-medida\/"},"author":{"name":"Jan Wijnen","@id":"https:\/\/www.velomobileworld.com\/nl\/#\/schema\/person\/c0c7c661ad3c8719ed05a7dc85d6fa12"},"headline":"Velom\u00f3viles de \u00faltima generaci\u00f3n: aerodin\u00e1mica, confort y personalizaci\u00f3n a tu medida","datePublished":"2025-02-17T13:17:29+00:00","dateModified":"2025-07-25T10:13:01+00:00","mainEntityOfPage":{"@id":"https:\/\/www.velomobileworld.com\/es\/velomoviles-de-ultima-generacion-aerodinamica-confort-y-personalizacion-a-tu-medida\/"},"wordCount":1046,"commentCount":0,"image":{"@id":"https:\/\/www.velomobileworld.com\/es\/velomoviles-de-ultima-generacion-aerodinamica-confort-y-personalizacion-a-tu-medida\/#primaryimage"},"thumbnailUrl":"https:\/\/www.velomobileworld.com\/wp-content\/uploads\/2025\/02\/leggero-park-velomobile-ambassador-2.webp","articleSection":["Movilidad sostenible"],"inLanguage":"es","potentialAction":[{"@type":"CommentAction","name":"Comment","target":["https:\/\/www.velomobileworld.com\/es\/velomoviles-de-ultima-generacion-aerodinamica-confort-y-personalizacion-a-tu-medida\/#respond"]}]},{"@type":"WebPage","@id":"https:\/\/www.velomobileworld.com\/es\/velomoviles-de-ultima-generacion-aerodinamica-confort-y-personalizacion-a-tu-medida\/","url":"https:\/\/www.velomobileworld.com\/es\/velomoviles-de-ultima-generacion-aerodinamica-confort-y-personalizacion-a-tu-medida\/","name":"Velom\u00f3viles de \u00faltima generaci\u00f3n: aerodin\u00e1mica, confort y personalizaci\u00f3n a tu medida - Velomobile World","isPartOf":{"@id":"https:\/\/www.velomobileworld.com\/nl\/#website"},"primaryImageOfPage":{"@id":"https:\/\/www.velomobileworld.com\/es\/velomoviles-de-ultima-generacion-aerodinamica-confort-y-personalizacion-a-tu-medida\/#primaryimage"},"image":{"@id":"https:\/\/www.velomobileworld.com\/es\/velomoviles-de-ultima-generacion-aerodinamica-confort-y-personalizacion-a-tu-medida\/#primaryimage"},"thumbnailUrl":"https:\/\/www.velomobileworld.com\/wp-content\/uploads\/2025\/02\/leggero-park-velomobile-ambassador-2.webp","datePublished":"2025-02-17T13:17:29+00:00","dateModified":"2025-07-25T10:13:01+00:00","author":{"@id":"https:\/\/www.velomobileworld.com\/nl\/#\/schema\/person\/c0c7c661ad3c8719ed05a7dc85d6fa12"},"description":"Descubre las caracter\u00edsticas \u00fanicas de los velom\u00f3viles: aerodin\u00e1mica avanzada, ingenier\u00eda de precisi\u00f3n y rendimiento en todo tipo de clima. Conoce c\u00f3mo estos veh\u00edculos artesanales de propulsi\u00f3n humana combinan tecnolog\u00eda de vanguardia con soluciones pr\u00e1cticas para el transporte diario.","breadcrumb":{"@id":"https:\/\/www.velomobileworld.com\/es\/velomoviles-de-ultima-generacion-aerodinamica-confort-y-personalizacion-a-tu-medida\/#breadcrumb"},"inLanguage":"es","potentialAction":[{"@type":"ReadAction","target":["https:\/\/www.velomobileworld.com\/es\/velomoviles-de-ultima-generacion-aerodinamica-confort-y-personalizacion-a-tu-medida\/"]}]},{"@type":"ImageObject","inLanguage":"es","@id":"https:\/\/www.velomobileworld.com\/es\/velomoviles-de-ultima-generacion-aerodinamica-confort-y-personalizacion-a-tu-medida\/#primaryimage","url":"https:\/\/www.velomobileworld.com\/wp-content\/uploads\/2025\/02\/leggero-park-velomobile-ambassador-2.webp","contentUrl":"https:\/\/www.velomobileworld.com\/wp-content\/uploads\/2025\/02\/leggero-park-velomobile-ambassador-2.webp","width":1024,"height":768,"caption":"Velomobile in the snow"},{"@type":"BreadcrumbList","@id":"https:\/\/www.velomobileworld.com\/es\/velomoviles-de-ultima-generacion-aerodinamica-confort-y-personalizacion-a-tu-medida\/#breadcrumb","itemListElement":[{"@type":"ListItem","position":1,"name":"Home","item":"https:\/\/www.velomobileworld.com\/"},{"@type":"ListItem","position":2,"name":"Velom\u00f3viles de \u00faltima generaci\u00f3n: aerodin\u00e1mica, confort y personalizaci\u00f3n a tu medida"}]},{"@type":"WebSite","@id":"https:\/\/www.velomobileworld.com\/nl\/#website","url":"https:\/\/www.velomobileworld.com\/nl\/","name":"Velomobile World","description":"","potentialAction":[{"@type":"SearchAction","target":{"@type":"EntryPoint","urlTemplate":"https:\/\/www.velomobileworld.com\/nl\/?s={search_term_string}"},"query-input":{"@type":"PropertyValueSpecification","valueRequired":true,"valueName":"search_term_string"}}],"inLanguage":"es"},{"@type":"Person","@id":"https:\/\/www.velomobileworld.com\/nl\/#\/schema\/person\/c0c7c661ad3c8719ed05a7dc85d6fa12","name":"Jan Wijnen","image":{"@type":"ImageObject","inLanguage":"es","@id":"https:\/\/secure.gravatar.com\/avatar\/4802c8a6006d5895d73a1141e39ccf819bca7ec1dbfb26a6f4370880cefa109a?s=96&d=mm&r=g","url":"https:\/\/secure.gravatar.com\/avatar\/4802c8a6006d5895d73a1141e39ccf819bca7ec1dbfb26a6f4370880cefa109a?s=96&d=mm&r=g","contentUrl":"https:\/\/secure.gravatar.com\/avatar\/4802c8a6006d5895d73a1141e39ccf819bca7ec1dbfb26a6f4370880cefa109a?s=96&d=mm&r=g","caption":"Jan Wijnen"},"url":"https:\/\/www.velomobileworld.com\/es\/author\/jan-admin\/"}]}},"_links":{"self":[{"href":"https:\/\/www.velomobileworld.com\/es\/wp-json\/wp\/v2\/posts\/77662","targetHints":{"allow":["GET"]}}],"collection":[{"href":"https:\/\/www.velomobileworld.com\/es\/wp-json\/wp\/v2\/posts"}],"about":[{"href":"https:\/\/www.velomobileworld.com\/es\/wp-json\/wp\/v2\/types\/post"}],"author":[{"embeddable":true,"href":"https:\/\/www.velomobileworld.com\/es\/wp-json\/wp\/v2\/users\/4"}],"replies":[{"embeddable":true,"href":"https:\/\/www.velomobileworld.com\/es\/wp-json\/wp\/v2\/comments?post=77662"}],"version-history":[{"count":1,"href":"https:\/\/www.velomobileworld.com\/es\/wp-json\/wp\/v2\/posts\/77662\/revisions"}],"predecessor-version":[{"id":100828,"href":"https:\/\/www.velomobileworld.com\/es\/wp-json\/wp\/v2\/posts\/77662\/revisions\/100828"}],"wp:featuredmedia":[{"embeddable":true,"href":"https:\/\/www.velomobileworld.com\/es\/wp-json\/wp\/v2\/media\/77663"}],"wp:attachment":[{"href":"https:\/\/www.velomobileworld.com\/es\/wp-json\/wp\/v2\/media?parent=77662"}],"wp:term":[{"taxonomy":"category","embeddable":true,"href":"https:\/\/www.velomobileworld.com\/es\/wp-json\/wp\/v2\/categories?post=77662"},{"taxonomy":"post_tag","embeddable":true,"href":"https:\/\/www.velomobileworld.com\/es\/wp-json\/wp\/v2\/tags?post=77662"}],"curies":[{"name":"wp","href":"https:\/\/api.w.org\/{rel}","templated":true}]}}