{"id":78055,"date":"2025-02-17T11:51:16","date_gmt":"2025-02-17T10:51:16","guid":{"rendered":"https:\/\/velomobileworld.convident.dev\/historia-del-velomovil-de-la-innovacion-temprana-al-transporte-sostenible-moderno\/"},"modified":"2025-07-25T12:13:01","modified_gmt":"2025-07-25T10:13:01","slug":"historia-del-velomovil-de-la-innovacion-temprana-al-transporte-sostenible-moderno","status":"publish","type":"post","link":"https:\/\/www.velomobileworld.com\/es\/historia-del-velomovil-de-la-innovacion-temprana-al-transporte-sostenible-moderno\/","title":{"rendered":"Historia del Velom\u00f3vil: De la Innovaci\u00f3n Temprana al Transporte Sostenible Moderno"},"content":{"rendered":"<p data-start=\"65\" data-end=\"681\"><strong data-start=\"65\" data-end=\"180\">La historia de los velom\u00f3viles abarca casi un siglo de innovaci\u00f3n en el transporte impulsado por el ser humano.<\/strong> Lo que comenz\u00f3 en la d\u00e9cada de 1920 como una alternativa a los primeros autom\u00f3viles ha evolucionado a trav\u00e9s de distintas fases de desarrollo, moldeadas por las cambiantes necesidades de transporte, los avances tecnol\u00f3gicos y una creciente conciencia medioambiental. Este recorrido, desde las primeras bicicletas carenadas hasta los sofisticados veh\u00edculos de tracci\u00f3n humana actuales, demuestra c\u00f3mo la innovaci\u00f3n constante puede transformar un concepto de nicho en una soluci\u00f3n de transporte viable.<\/p>\n<h3 data-start=\"683\" data-end=\"746\">Los primeros a\u00f1os (1925-1950): Innovaci\u00f3n y experimentaci\u00f3n<\/h3>\n<p data-start=\"748\" data-end=\"1285\">La historia de los velom\u00f3viles comienza en los a\u00f1os 20, una \u00e9poca de gran innovaci\u00f3n en el transporte. En 1925, Charles Mochet present\u00f3 el que ser\u00eda uno de los primeros velom\u00f3viles m\u00e1s significativos: el Velocar. Como fabricante de autom\u00f3viles, Mochet cre\u00f3 el Velocar cuando su esposa consider\u00f3 que una bicicleta era demasiado peligrosa para su hijo peque\u00f1o en el tr\u00e1fico de Par\u00eds. Este veh\u00edculo de cuatro ruedas y propulsado por pedales result\u00f3 sorprendentemente exitoso, con aproximadamente 6.000 unidades producidas entre 1925 y 1944.<\/p>\n<p data-start=\"1287\" data-end=\"1336\">El Velocar fue revolucionario por varias razones:<\/p>\n<ul data-start=\"1338\" data-end=\"1621\">\n<li data-start=\"1338\" data-end=\"1421\">\n<p data-start=\"1340\" data-end=\"1421\">Su precio era comparable al de una motocicleta, pero sin necesidad de combustible<\/p>\n<\/li>\n<li data-start=\"1422\" data-end=\"1482\">\n<p data-start=\"1424\" data-end=\"1482\">Ofrec\u00eda protecci\u00f3n contra el clima y espacio para equipaje<\/p>\n<\/li>\n<li data-start=\"1483\" data-end=\"1544\">\n<p data-start=\"1485\" data-end=\"1544\">Pod\u00eda ser reparado por mec\u00e1nicos de bicicletas a bajo coste<\/p>\n<\/li>\n<li data-start=\"1545\" data-end=\"1621\">\n<p data-start=\"1547\" data-end=\"1621\">Proporcionaba ejercicio saludable y era pr\u00e1ctico para el transporte diario<\/p>\n<\/li>\n<\/ul>\n<p data-start=\"1623\" data-end=\"1707\">Fuente de imagen: <a class=\"\" href=\"https:\/\/oldbike.wordpress.com\/vintage-bicycle-adverts-1920s-1950s\/\" target=\"_new\" rel=\"noopener\" data-start=\"1641\" data-end=\"1707\">https:\/\/oldbike.wordpress.com\/vintage-bicycle-adverts-1920s-1950s\/<\/a><\/p>\n<p data-start=\"1709\" data-end=\"2148\">La innovaci\u00f3n no se detuvo con Mochet. En Escandinavia, particularmente en Suecia, los velom\u00f3viles ganaron popularidad gracias a revistas como <em data-start=\"1852\" data-end=\"1869\">Teknik f\u00f6r Alle<\/em>, que publicaron numerosos dise\u00f1os y planos para constructores caseros. Aunque se vendieron miles de ejemplares, el n\u00famero real de veh\u00edculos construidos fue reducido, lo que consolid\u00f3 a los velom\u00f3viles como una presencia de nicho pero persistente en la innovaci\u00f3n del transporte.<\/p>\n<h3 data-start=\"2150\" data-end=\"2209\">A\u00f1os de silencio (1950-1975): La era de la motorizaci\u00f3n<\/h3>\n<p data-start=\"2211\" data-end=\"2695\">Tras la Segunda Guerra Mundial, el desarrollo de los velom\u00f3viles entr\u00f3 en una etapa de declive. El auge econ\u00f3mico del per\u00edodo posb\u00e9lico hizo que los autom\u00f3viles fueran cada vez m\u00e1s accesibles, y los bajos precios del petr\u00f3leo impulsaron una fuerte tendencia hacia la motorizaci\u00f3n. Durante este tiempo, en muchas ciudades se desmantelaron infraestructuras ciclistas para dar paso al tr\u00e1fico automovil\u00edstico, y las condiciones para los ciclistas se volvieron m\u00e1s dif\u00edciles y peligrosas.<\/p>\n<p data-start=\"2697\" data-end=\"2751\">Aun as\u00ed, persistieron algunas innovaciones destacadas:<\/p>\n<ul data-start=\"2753\" data-end=\"2890\">\n<li data-start=\"2753\" data-end=\"2815\">\n<p data-start=\"2755\" data-end=\"2815\">El <em data-start=\"2758\" data-end=\"2767\">Pedicar<\/em> estadounidense (1971) con transmisi\u00f3n por cable<\/p>\n<\/li>\n<li data-start=\"2816\" data-end=\"2890\">\n<p data-start=\"2818\" data-end=\"2890\">El galardonado <em data-start=\"2833\" data-end=\"2840\">Bicar<\/em> brit\u00e1nico (1969), con carenado de fibra de vidrio<\/p>\n<\/li>\n<\/ul>\n<p data-start=\"2892\" data-end=\"2943\"><em data-start=\"2892\" data-end=\"2904\">El Pedicar<\/em>. Cr\u00e9dito de imagen: Lefthanded Cyclist<\/p>\n<h3 data-start=\"2945\" data-end=\"3013\">El renacimiento (1975-2000): Crisis del petr\u00f3leo y resurgimiento<\/h3>\n<p data-start=\"3015\" data-end=\"3407\">Las crisis petroleras de los a\u00f1os 70 reavivaron el inter\u00e9s por el transporte impulsado por el ser humano. Un hito importante fue la fundaci\u00f3n de la <em data-start=\"3163\" data-end=\"3212\">International Human Powered Vehicle Association<\/em> (IHPVA) en 1975, que ofreci\u00f3 una nueva plataforma para la innovaci\u00f3n y el desarrollo. La IHPVA organiz\u00f3 competiciones sin restricciones de dise\u00f1o, lo que permiti\u00f3 logros notables en este \u00e1mbito.<\/p>\n<p data-start=\"3409\" data-end=\"3450\">Desarrollos clave de esta \u00e9poca incluyen:<\/p>\n<ul data-start=\"3452\" data-end=\"3681\">\n<li data-start=\"3452\" data-end=\"3530\">\n<p data-start=\"3454\" data-end=\"3530\">El Leitra dan\u00e9s (1980), uno de los primeros velom\u00f3viles modernos y pr\u00e1cticos<\/p>\n<\/li>\n<li data-start=\"3531\" data-end=\"3596\">\n<p data-start=\"3533\" data-end=\"3596\">La introducci\u00f3n del Alleweder por Flevobike en los Pa\u00edses Bajos<\/p>\n<\/li>\n<li data-start=\"3597\" data-end=\"3681\">\n<p data-start=\"3599\" data-end=\"3681\">Establecimiento de seminarios regulares sobre dise\u00f1o de velom\u00f3viles en toda Europa<\/p>\n<\/li>\n<\/ul>\n<p data-start=\"3683\" data-end=\"3733\"><em data-start=\"3683\" data-end=\"3703\">Velom\u00f3viles Leitra<\/em>. Cr\u00e9dito de imagen: Wikipedia<\/p>\n<h3 data-start=\"3735\" data-end=\"3800\">La era moderna (2000-presente): Diversificaci\u00f3n y crecimiento<\/h3>\n<p data-start=\"3802\" data-end=\"3903\">El inicio del milenio marc\u00f3 un nuevo cap\u00edtulo en el desarrollo de los velom\u00f3viles, caracterizado por:<\/p>\n<p data-start=\"3905\" data-end=\"3931\"><strong data-start=\"3905\" data-end=\"3931\">Desarrollo profesional<\/strong><\/p>\n<ul data-start=\"3932\" data-end=\"4120\">\n<li data-start=\"3932\" data-end=\"4004\">\n<p data-start=\"3934\" data-end=\"4004\">Aparici\u00f3n de fabricantes especializados en los Pa\u00edses Bajos y Alemania<\/p>\n<\/li>\n<li data-start=\"4005\" data-end=\"4053\">\n<p data-start=\"4007\" data-end=\"4053\">Enfoque en eficiencia aerodin\u00e1mica y velocidad<\/p>\n<\/li>\n<li data-start=\"4054\" data-end=\"4120\">\n<p data-start=\"4056\" data-end=\"4120\">Uso de materiales compuestos y t\u00e9cnicas avanzadas de fabricaci\u00f3n<\/p>\n<\/li>\n<\/ul>\n<p data-start=\"4122\" data-end=\"4147\"><strong data-start=\"4122\" data-end=\"4147\">Integraci\u00f3n el\u00e9ctrica<\/strong><\/p>\n<ul data-start=\"4148\" data-end=\"4480\">\n<li data-start=\"4148\" data-end=\"4480\">\n<p data-start=\"4150\" data-end=\"4480\">En 2005, surgieron los primeros velom\u00f3viles h\u00edbridos comerciales, como el <em data-start=\"4224\" data-end=\"4235\">Aerorider<\/em> holand\u00e9s con su motor el\u00e9ctrico de 500 vatios. La Uni\u00f3n Europea estableci\u00f3 posteriormente un l\u00edmite de 250 vatios para los veh\u00edculos de asistencia al pedaleo (<em data-start=\"4395\" data-end=\"4405\">pedelecs<\/em>), proporcionando un marco regulador claro para los velom\u00f3viles el\u00e9ctricos.<\/p>\n<\/li>\n<\/ul>\n<p data-start=\"4482\" data-end=\"4620\"><strong data-start=\"4482\" data-end=\"4520\">Movimiento DIY y de c\u00f3digo abierto<\/strong><br \/>\nLa \u00faltima d\u00e9cada ha visto un auge en el dise\u00f1o y construcci\u00f3n casera de velom\u00f3viles, impulsado por:<\/p>\n<ul data-start=\"4622\" data-end=\"4834\">\n<li data-start=\"4622\" data-end=\"4664\">\n<p data-start=\"4624\" data-end=\"4664\">Dise\u00f1os y archivos CAD de c\u00f3digo abierto<\/p>\n<\/li>\n<li data-start=\"4665\" data-end=\"4692\">\n<p data-start=\"4667\" data-end=\"4692\">Capacidades de escaneo 3D<\/p>\n<\/li>\n<li data-start=\"4693\" data-end=\"4760\">\n<p data-start=\"4695\" data-end=\"4760\">Variedad de materiales (contrachapado, espuma PE, tela de nailon)<\/p>\n<\/li>\n<li data-start=\"4761\" data-end=\"4834\">\n<p data-start=\"4763\" data-end=\"4834\">Comunidades en l\u00ednea activas que comparten conocimientos y experiencias<\/p>\n<\/li>\n<\/ul>\n<h3 data-start=\"4836\" data-end=\"4868\">El futuro de los velom\u00f3viles<\/h3>\n<p data-start=\"4870\" data-end=\"4946\">El mercado actual de velom\u00f3viles sigue creciendo y ofrece diversas opciones:<\/p>\n<ul data-start=\"4948\" data-end=\"5184\">\n<li data-start=\"4948\" data-end=\"5042\">\n<p data-start=\"4950\" data-end=\"5042\">Modelos puramente impulsados por el ser humano, que destacan por su simplicidad y eficiencia<\/p>\n<\/li>\n<li data-start=\"5043\" data-end=\"5121\">\n<p data-start=\"5045\" data-end=\"5121\">Versiones asistidas el\u00e9ctricamente para mayor alcance y capacidad de ascenso<\/p>\n<\/li>\n<li data-start=\"5122\" data-end=\"5184\">\n<p data-start=\"5124\" data-end=\"5184\">Variantes personalizadas adaptadas a necesidades espec\u00edficas<\/p>\n<\/li>\n<\/ul>\n<p data-start=\"5186\" data-end=\"5520\">El creciente inter\u00e9s por parte de universidades t\u00e9cnicas y escuelas de ingenier\u00eda sugiere un futuro prometedor para el desarrollo de velom\u00f3viles. A medida que las sociedades buscan soluciones de transporte sostenibles, los velom\u00f3viles ofrecen una combinaci\u00f3n \u00fanica de transporte pr\u00e1ctico, ejercicio f\u00edsico y responsabilidad ambiental.<\/p>\n<p data-start=\"5522\" data-end=\"5534\"><strong data-start=\"5522\" data-end=\"5534\">Fuentes:<\/strong><\/p>\n<ul data-start=\"5536\" data-end=\"5717\">\n<li data-start=\"5536\" data-end=\"5627\">\n<p data-start=\"5538\" data-end=\"5627\">Van De Walle, Frederik. <em data-start=\"5562\" data-end=\"5627\">The Velomobile as a Vehicle for More Sustainable Transportation<\/em><\/p>\n<\/li>\n<li data-start=\"5628\" data-end=\"5717\">\n<p data-start=\"5630\" data-end=\"5717\">Rasmussen, C.G. <em data-start=\"5646\" data-end=\"5717\">Historical Introduction to the 8th European Velomobile Design Seminar<\/em><\/p>\n<\/li>\n<\/ul>\n","protected":false},"excerpt":{"rendered":"<p>La historia de los velom\u00f3viles abarca casi un siglo de innovaci\u00f3n en el transporte impulsado por el ser humano. Lo [&hellip;]<\/p>\n","protected":false},"author":4,"featured_media":78056,"comment_status":"open","ping_status":"closed","sticky":false,"template":"","format":"standard","meta":{"_acf_changed":false,"footnotes":""},"categories":[763],"tags":[],"class_list":["post-78055","post","type-post","status-publish","format-standard","has-post-thumbnail","hentry","category-historia"],"acf":[],"yoast_head":"<!-- This site is optimized with the Yoast SEO plugin v27.5 - https:\/\/yoast.com\/product\/yoast-seo-wordpress\/ -->\n<title>Historia del Velom\u00f3vil: De la Innovaci\u00f3n Temprana al Transporte Sostenible Moderno - Velomobile World<\/title>\n<meta name=\"description\" content=\"Explora la historia de los velom\u00f3viles desde la innovaci\u00f3n de los a\u00f1os 20 hasta el transporte sostenible moderno. Descubre c\u00f3mo estos veh\u00edculos impulsados por el ser humano han evolucionado gracias a los avances tecnol\u00f3gicos y a las cambiantes necesidades de movilidad.\" \/>\n<meta name=\"robots\" content=\"index, follow, max-snippet:-1, max-image-preview:large, max-video-preview:-1\" \/>\n<link rel=\"canonical\" href=\"https:\/\/www.velomobileworld.com\/es\/historia-del-velomovil-de-la-innovacion-temprana-al-transporte-sostenible-moderno\/\" \/>\n<meta property=\"og:locale\" content=\"es_ES\" \/>\n<meta property=\"og:type\" content=\"article\" \/>\n<meta property=\"og:title\" content=\"Historia del Velom\u00f3vil: De la Innovaci\u00f3n Temprana al Transporte Sostenible Moderno - Velomobile World\" \/>\n<meta property=\"og:description\" content=\"Explora la historia de los velom\u00f3viles desde la innovaci\u00f3n de los a\u00f1os 20 hasta el transporte sostenible moderno. Descubre c\u00f3mo estos veh\u00edculos impulsados por el ser humano han evolucionado gracias a los avances tecnol\u00f3gicos y a las cambiantes necesidades de movilidad.\" \/>\n<meta property=\"og:url\" content=\"https:\/\/www.velomobileworld.com\/es\/historia-del-velomovil-de-la-innovacion-temprana-al-transporte-sostenible-moderno\/\" \/>\n<meta property=\"og:site_name\" content=\"Velomobile World\" \/>\n<meta property=\"article:published_time\" content=\"2025-02-17T10:51:16+00:00\" \/>\n<meta property=\"article:modified_time\" content=\"2025-07-25T10:13:01+00:00\" \/>\n<meta property=\"og:image\" content=\"https:\/\/www.velomobileworld.com\/wp-content\/uploads\/2025\/02\/1937velocar1.webp\" \/>\n\t<meta property=\"og:image:width\" content=\"342\" \/>\n\t<meta property=\"og:image:height\" content=\"527\" \/>\n\t<meta property=\"og:image:type\" content=\"image\/webp\" \/>\n<meta name=\"author\" content=\"Jan Wijnen\" \/>\n<meta name=\"twitter:card\" content=\"summary_large_image\" \/>\n<meta name=\"twitter:label1\" content=\"Escrito por\" \/>\n\t<meta name=\"twitter:data1\" content=\"Jan Wijnen\" \/>\n\t<meta name=\"twitter:label2\" content=\"Tiempo de lectura\" \/>\n\t<meta name=\"twitter:data2\" content=\"4 minutos\" \/>\n<script type=\"application\/ld+json\" class=\"yoast-schema-graph\">{\"@context\":\"https:\\\/\\\/schema.org\",\"@graph\":[{\"@type\":\"Article\",\"@id\":\"https:\\\/\\\/www.velomobileworld.com\\\/es\\\/historia-del-velomovil-de-la-innovacion-temprana-al-transporte-sostenible-moderno\\\/#article\",\"isPartOf\":{\"@id\":\"https:\\\/\\\/www.velomobileworld.com\\\/es\\\/historia-del-velomovil-de-la-innovacion-temprana-al-transporte-sostenible-moderno\\\/\"},\"author\":{\"name\":\"Jan Wijnen\",\"@id\":\"https:\\\/\\\/www.velomobileworld.com\\\/nl\\\/#\\\/schema\\\/person\\\/c0c7c661ad3c8719ed05a7dc85d6fa12\"},\"headline\":\"Historia del Velom\u00f3vil: De la Innovaci\u00f3n Temprana al Transporte Sostenible Moderno\",\"datePublished\":\"2025-02-17T10:51:16+00:00\",\"dateModified\":\"2025-07-25T10:13:01+00:00\",\"mainEntityOfPage\":{\"@id\":\"https:\\\/\\\/www.velomobileworld.com\\\/es\\\/historia-del-velomovil-de-la-innovacion-temprana-al-transporte-sostenible-moderno\\\/\"},\"wordCount\":905,\"commentCount\":0,\"image\":{\"@id\":\"https:\\\/\\\/www.velomobileworld.com\\\/es\\\/historia-del-velomovil-de-la-innovacion-temprana-al-transporte-sostenible-moderno\\\/#primaryimage\"},\"thumbnailUrl\":\"https:\\\/\\\/www.velomobileworld.com\\\/wp-content\\\/uploads\\\/2025\\\/02\\\/1937velocar1.webp\",\"articleSection\":[\"Historia\"],\"inLanguage\":\"es\",\"potentialAction\":[{\"@type\":\"CommentAction\",\"name\":\"Comment\",\"target\":[\"https:\\\/\\\/www.velomobileworld.com\\\/es\\\/historia-del-velomovil-de-la-innovacion-temprana-al-transporte-sostenible-moderno\\\/#respond\"]}]},{\"@type\":\"WebPage\",\"@id\":\"https:\\\/\\\/www.velomobileworld.com\\\/es\\\/historia-del-velomovil-de-la-innovacion-temprana-al-transporte-sostenible-moderno\\\/\",\"url\":\"https:\\\/\\\/www.velomobileworld.com\\\/es\\\/historia-del-velomovil-de-la-innovacion-temprana-al-transporte-sostenible-moderno\\\/\",\"name\":\"Historia del Velom\u00f3vil: De la Innovaci\u00f3n Temprana al Transporte Sostenible Moderno - Velomobile World\",\"isPartOf\":{\"@id\":\"https:\\\/\\\/www.velomobileworld.com\\\/nl\\\/#website\"},\"primaryImageOfPage\":{\"@id\":\"https:\\\/\\\/www.velomobileworld.com\\\/es\\\/historia-del-velomovil-de-la-innovacion-temprana-al-transporte-sostenible-moderno\\\/#primaryimage\"},\"image\":{\"@id\":\"https:\\\/\\\/www.velomobileworld.com\\\/es\\\/historia-del-velomovil-de-la-innovacion-temprana-al-transporte-sostenible-moderno\\\/#primaryimage\"},\"thumbnailUrl\":\"https:\\\/\\\/www.velomobileworld.com\\\/wp-content\\\/uploads\\\/2025\\\/02\\\/1937velocar1.webp\",\"datePublished\":\"2025-02-17T10:51:16+00:00\",\"dateModified\":\"2025-07-25T10:13:01+00:00\",\"author\":{\"@id\":\"https:\\\/\\\/www.velomobileworld.com\\\/nl\\\/#\\\/schema\\\/person\\\/c0c7c661ad3c8719ed05a7dc85d6fa12\"},\"description\":\"Explora la historia de los velom\u00f3viles desde la innovaci\u00f3n de los a\u00f1os 20 hasta el transporte sostenible moderno. Descubre c\u00f3mo estos veh\u00edculos impulsados por el ser humano han evolucionado gracias a los avances tecnol\u00f3gicos y a las cambiantes necesidades de movilidad.\",\"breadcrumb\":{\"@id\":\"https:\\\/\\\/www.velomobileworld.com\\\/es\\\/historia-del-velomovil-de-la-innovacion-temprana-al-transporte-sostenible-moderno\\\/#breadcrumb\"},\"inLanguage\":\"es\",\"potentialAction\":[{\"@type\":\"ReadAction\",\"target\":[\"https:\\\/\\\/www.velomobileworld.com\\\/es\\\/historia-del-velomovil-de-la-innovacion-temprana-al-transporte-sostenible-moderno\\\/\"]}]},{\"@type\":\"ImageObject\",\"inLanguage\":\"es\",\"@id\":\"https:\\\/\\\/www.velomobileworld.com\\\/es\\\/historia-del-velomovil-de-la-innovacion-temprana-al-transporte-sostenible-moderno\\\/#primaryimage\",\"url\":\"https:\\\/\\\/www.velomobileworld.com\\\/wp-content\\\/uploads\\\/2025\\\/02\\\/1937velocar1.webp\",\"contentUrl\":\"https:\\\/\\\/www.velomobileworld.com\\\/wp-content\\\/uploads\\\/2025\\\/02\\\/1937velocar1.webp\",\"width\":342,\"height\":527},{\"@type\":\"BreadcrumbList\",\"@id\":\"https:\\\/\\\/www.velomobileworld.com\\\/es\\\/historia-del-velomovil-de-la-innovacion-temprana-al-transporte-sostenible-moderno\\\/#breadcrumb\",\"itemListElement\":[{\"@type\":\"ListItem\",\"position\":1,\"name\":\"Home\",\"item\":\"https:\\\/\\\/www.velomobileworld.com\\\/\"},{\"@type\":\"ListItem\",\"position\":2,\"name\":\"Historia del Velom\u00f3vil: De la Innovaci\u00f3n Temprana al Transporte Sostenible Moderno\"}]},{\"@type\":\"WebSite\",\"@id\":\"https:\\\/\\\/www.velomobileworld.com\\\/nl\\\/#website\",\"url\":\"https:\\\/\\\/www.velomobileworld.com\\\/nl\\\/\",\"name\":\"Velomobile World\",\"description\":\"\",\"potentialAction\":[{\"@type\":\"SearchAction\",\"target\":{\"@type\":\"EntryPoint\",\"urlTemplate\":\"https:\\\/\\\/www.velomobileworld.com\\\/nl\\\/?s={search_term_string}\"},\"query-input\":{\"@type\":\"PropertyValueSpecification\",\"valueRequired\":true,\"valueName\":\"search_term_string\"}}],\"inLanguage\":\"es\"},{\"@type\":\"Person\",\"@id\":\"https:\\\/\\\/www.velomobileworld.com\\\/nl\\\/#\\\/schema\\\/person\\\/c0c7c661ad3c8719ed05a7dc85d6fa12\",\"name\":\"Jan Wijnen\",\"image\":{\"@type\":\"ImageObject\",\"inLanguage\":\"es\",\"@id\":\"https:\\\/\\\/secure.gravatar.com\\\/avatar\\\/4802c8a6006d5895d73a1141e39ccf819bca7ec1dbfb26a6f4370880cefa109a?s=96&d=mm&r=g\",\"url\":\"https:\\\/\\\/secure.gravatar.com\\\/avatar\\\/4802c8a6006d5895d73a1141e39ccf819bca7ec1dbfb26a6f4370880cefa109a?s=96&d=mm&r=g\",\"contentUrl\":\"https:\\\/\\\/secure.gravatar.com\\\/avatar\\\/4802c8a6006d5895d73a1141e39ccf819bca7ec1dbfb26a6f4370880cefa109a?s=96&d=mm&r=g\",\"caption\":\"Jan Wijnen\"},\"url\":\"https:\\\/\\\/www.velomobileworld.com\\\/es\\\/author\\\/jan-admin\\\/\"}]}<\/script>\n<!-- \/ Yoast SEO plugin. -->","yoast_head_json":{"title":"Historia del Velom\u00f3vil: De la Innovaci\u00f3n Temprana al Transporte Sostenible Moderno - Velomobile World","description":"Explora la historia de los velom\u00f3viles desde la innovaci\u00f3n de los a\u00f1os 20 hasta el transporte sostenible moderno. Descubre c\u00f3mo estos veh\u00edculos impulsados por el ser humano han evolucionado gracias a los avances tecnol\u00f3gicos y a las cambiantes necesidades de movilidad.","robots":{"index":"index","follow":"follow","max-snippet":"max-snippet:-1","max-image-preview":"max-image-preview:large","max-video-preview":"max-video-preview:-1"},"canonical":"https:\/\/www.velomobileworld.com\/es\/historia-del-velomovil-de-la-innovacion-temprana-al-transporte-sostenible-moderno\/","og_locale":"es_ES","og_type":"article","og_title":"Historia del Velom\u00f3vil: De la Innovaci\u00f3n Temprana al Transporte Sostenible Moderno - Velomobile World","og_description":"Explora la historia de los velom\u00f3viles desde la innovaci\u00f3n de los a\u00f1os 20 hasta el transporte sostenible moderno. Descubre c\u00f3mo estos veh\u00edculos impulsados por el ser humano han evolucionado gracias a los avances tecnol\u00f3gicos y a las cambiantes necesidades de movilidad.","og_url":"https:\/\/www.velomobileworld.com\/es\/historia-del-velomovil-de-la-innovacion-temprana-al-transporte-sostenible-moderno\/","og_site_name":"Velomobile World","article_published_time":"2025-02-17T10:51:16+00:00","article_modified_time":"2025-07-25T10:13:01+00:00","og_image":[{"width":342,"height":527,"url":"https:\/\/www.velomobileworld.com\/wp-content\/uploads\/2025\/02\/1937velocar1.webp","type":"image\/webp"}],"author":"Jan Wijnen","twitter_card":"summary_large_image","twitter_misc":{"Escrito por":"Jan Wijnen","Tiempo de lectura":"4 minutos"},"schema":{"@context":"https:\/\/schema.org","@graph":[{"@type":"Article","@id":"https:\/\/www.velomobileworld.com\/es\/historia-del-velomovil-de-la-innovacion-temprana-al-transporte-sostenible-moderno\/#article","isPartOf":{"@id":"https:\/\/www.velomobileworld.com\/es\/historia-del-velomovil-de-la-innovacion-temprana-al-transporte-sostenible-moderno\/"},"author":{"name":"Jan Wijnen","@id":"https:\/\/www.velomobileworld.com\/nl\/#\/schema\/person\/c0c7c661ad3c8719ed05a7dc85d6fa12"},"headline":"Historia del Velom\u00f3vil: De la Innovaci\u00f3n Temprana al Transporte Sostenible Moderno","datePublished":"2025-02-17T10:51:16+00:00","dateModified":"2025-07-25T10:13:01+00:00","mainEntityOfPage":{"@id":"https:\/\/www.velomobileworld.com\/es\/historia-del-velomovil-de-la-innovacion-temprana-al-transporte-sostenible-moderno\/"},"wordCount":905,"commentCount":0,"image":{"@id":"https:\/\/www.velomobileworld.com\/es\/historia-del-velomovil-de-la-innovacion-temprana-al-transporte-sostenible-moderno\/#primaryimage"},"thumbnailUrl":"https:\/\/www.velomobileworld.com\/wp-content\/uploads\/2025\/02\/1937velocar1.webp","articleSection":["Historia"],"inLanguage":"es","potentialAction":[{"@type":"CommentAction","name":"Comment","target":["https:\/\/www.velomobileworld.com\/es\/historia-del-velomovil-de-la-innovacion-temprana-al-transporte-sostenible-moderno\/#respond"]}]},{"@type":"WebPage","@id":"https:\/\/www.velomobileworld.com\/es\/historia-del-velomovil-de-la-innovacion-temprana-al-transporte-sostenible-moderno\/","url":"https:\/\/www.velomobileworld.com\/es\/historia-del-velomovil-de-la-innovacion-temprana-al-transporte-sostenible-moderno\/","name":"Historia del Velom\u00f3vil: De la Innovaci\u00f3n Temprana al Transporte Sostenible Moderno - Velomobile World","isPartOf":{"@id":"https:\/\/www.velomobileworld.com\/nl\/#website"},"primaryImageOfPage":{"@id":"https:\/\/www.velomobileworld.com\/es\/historia-del-velomovil-de-la-innovacion-temprana-al-transporte-sostenible-moderno\/#primaryimage"},"image":{"@id":"https:\/\/www.velomobileworld.com\/es\/historia-del-velomovil-de-la-innovacion-temprana-al-transporte-sostenible-moderno\/#primaryimage"},"thumbnailUrl":"https:\/\/www.velomobileworld.com\/wp-content\/uploads\/2025\/02\/1937velocar1.webp","datePublished":"2025-02-17T10:51:16+00:00","dateModified":"2025-07-25T10:13:01+00:00","author":{"@id":"https:\/\/www.velomobileworld.com\/nl\/#\/schema\/person\/c0c7c661ad3c8719ed05a7dc85d6fa12"},"description":"Explora la historia de los velom\u00f3viles desde la innovaci\u00f3n de los a\u00f1os 20 hasta el transporte sostenible moderno. Descubre c\u00f3mo estos veh\u00edculos impulsados por el ser humano han evolucionado gracias a los avances tecnol\u00f3gicos y a las cambiantes necesidades de movilidad.","breadcrumb":{"@id":"https:\/\/www.velomobileworld.com\/es\/historia-del-velomovil-de-la-innovacion-temprana-al-transporte-sostenible-moderno\/#breadcrumb"},"inLanguage":"es","potentialAction":[{"@type":"ReadAction","target":["https:\/\/www.velomobileworld.com\/es\/historia-del-velomovil-de-la-innovacion-temprana-al-transporte-sostenible-moderno\/"]}]},{"@type":"ImageObject","inLanguage":"es","@id":"https:\/\/www.velomobileworld.com\/es\/historia-del-velomovil-de-la-innovacion-temprana-al-transporte-sostenible-moderno\/#primaryimage","url":"https:\/\/www.velomobileworld.com\/wp-content\/uploads\/2025\/02\/1937velocar1.webp","contentUrl":"https:\/\/www.velomobileworld.com\/wp-content\/uploads\/2025\/02\/1937velocar1.webp","width":342,"height":527},{"@type":"BreadcrumbList","@id":"https:\/\/www.velomobileworld.com\/es\/historia-del-velomovil-de-la-innovacion-temprana-al-transporte-sostenible-moderno\/#breadcrumb","itemListElement":[{"@type":"ListItem","position":1,"name":"Home","item":"https:\/\/www.velomobileworld.com\/"},{"@type":"ListItem","position":2,"name":"Historia del Velom\u00f3vil: De la Innovaci\u00f3n Temprana al Transporte Sostenible Moderno"}]},{"@type":"WebSite","@id":"https:\/\/www.velomobileworld.com\/nl\/#website","url":"https:\/\/www.velomobileworld.com\/nl\/","name":"Velomobile World","description":"","potentialAction":[{"@type":"SearchAction","target":{"@type":"EntryPoint","urlTemplate":"https:\/\/www.velomobileworld.com\/nl\/?s={search_term_string}"},"query-input":{"@type":"PropertyValueSpecification","valueRequired":true,"valueName":"search_term_string"}}],"inLanguage":"es"},{"@type":"Person","@id":"https:\/\/www.velomobileworld.com\/nl\/#\/schema\/person\/c0c7c661ad3c8719ed05a7dc85d6fa12","name":"Jan Wijnen","image":{"@type":"ImageObject","inLanguage":"es","@id":"https:\/\/secure.gravatar.com\/avatar\/4802c8a6006d5895d73a1141e39ccf819bca7ec1dbfb26a6f4370880cefa109a?s=96&d=mm&r=g","url":"https:\/\/secure.gravatar.com\/avatar\/4802c8a6006d5895d73a1141e39ccf819bca7ec1dbfb26a6f4370880cefa109a?s=96&d=mm&r=g","contentUrl":"https:\/\/secure.gravatar.com\/avatar\/4802c8a6006d5895d73a1141e39ccf819bca7ec1dbfb26a6f4370880cefa109a?s=96&d=mm&r=g","caption":"Jan Wijnen"},"url":"https:\/\/www.velomobileworld.com\/es\/author\/jan-admin\/"}]}},"_links":{"self":[{"href":"https:\/\/www.velomobileworld.com\/es\/wp-json\/wp\/v2\/posts\/78055","targetHints":{"allow":["GET"]}}],"collection":[{"href":"https:\/\/www.velomobileworld.com\/es\/wp-json\/wp\/v2\/posts"}],"about":[{"href":"https:\/\/www.velomobileworld.com\/es\/wp-json\/wp\/v2\/types\/post"}],"author":[{"embeddable":true,"href":"https:\/\/www.velomobileworld.com\/es\/wp-json\/wp\/v2\/users\/4"}],"replies":[{"embeddable":true,"href":"https:\/\/www.velomobileworld.com\/es\/wp-json\/wp\/v2\/comments?post=78055"}],"version-history":[{"count":1,"href":"https:\/\/www.velomobileworld.com\/es\/wp-json\/wp\/v2\/posts\/78055\/revisions"}],"predecessor-version":[{"id":100829,"href":"https:\/\/www.velomobileworld.com\/es\/wp-json\/wp\/v2\/posts\/78055\/revisions\/100829"}],"wp:featuredmedia":[{"embeddable":true,"href":"https:\/\/www.velomobileworld.com\/es\/wp-json\/wp\/v2\/media\/78056"}],"wp:attachment":[{"href":"https:\/\/www.velomobileworld.com\/es\/wp-json\/wp\/v2\/media?parent=78055"}],"wp:term":[{"taxonomy":"category","embeddable":true,"href":"https:\/\/www.velomobileworld.com\/es\/wp-json\/wp\/v2\/categories?post=78055"},{"taxonomy":"post_tag","embeddable":true,"href":"https:\/\/www.velomobileworld.com\/es\/wp-json\/wp\/v2\/tags?post=78055"}],"curies":[{"name":"wp","href":"https:\/\/api.w.org\/{rel}","templated":true}]}}