{"id":78059,"date":"2024-12-23T11:47:55","date_gmt":"2024-12-23T10:47:55","guid":{"rendered":"https:\/\/velomobileworld.convident.dev\/camino-al-sol-de-medianoche-dia-16\/"},"modified":"2025-07-25T12:13:01","modified_gmt":"2025-07-25T10:13:01","slug":"camino-al-sol-de-medianoche-dia-16","status":"publish","type":"post","link":"https:\/\/www.velomobileworld.com\/es\/camino-al-sol-de-medianoche-dia-16\/","title":{"rendered":"Camino al Sol de Medianoche \u2013 D\u00eda 16"},"content":{"rendered":"<p data-start=\"76\" data-end=\"150\"><strong data-start=\"76\" data-end=\"150\">Rumbo al Sol de Medianoche. Un Viaje en Velom\u00f3vil con Brigitte y Fritz<\/strong><\/p>\n<p data-start=\"152\" data-end=\"229\">Alemania &gt; Dinamarca &gt; Noruega &gt; Cabo Norte (Nordkapp) &gt; Finlandia &gt; Alemania<\/p>\n<hr data-start=\"231\" data-end=\"234\" \/>\n<p data-start=\"236\" data-end=\"307\"><strong data-start=\"236\" data-end=\"307\">Descubre AQU\u00cd Todos los D\u00edas del Viaje \u00abRumbo al Sol de Medianoche\u00bb<\/strong><\/p>\n<hr data-start=\"309\" data-end=\"312\" \/>\n<p data-start=\"314\" data-end=\"378\"><strong data-start=\"314\" data-end=\"378\">D\u00eda 16 | Nautesund &#8211; Nordrevik | 109 KM | 1128 M de desnivel<\/strong><\/p>\n<p data-start=\"380\" data-end=\"639\">Primera vez que inflamos las ruedas despu\u00e9s de dos semanas. Hab\u00edamos perdido 1-2 bares. Descubrimos un pinchazo en el lateral. Lo aseguramos con un parche y cambiamos el lateral. ??? Bajo observaci\u00f3n. Todav\u00eda no est\u00e1 previsto el uso de neum\u00e1ticos de repuesto.<\/p>\n<p data-start=\"641\" data-end=\"749\">Cielo azul con algunas nubes. Subidas y bajadas como siempre. Las cuestas empiezan a ser un poco m\u00e1s largas.<\/p>\n<p data-start=\"751\" data-end=\"844\">En el camino nos encontramos con un ciclista espa\u00f1ol. Comenz\u00f3 en Bergen y se dirige a Troms\u00f8.<\/p>\n","protected":false},"excerpt":{"rendered":"<p>Rumbo al Sol de Medianoche. Un Viaje en Velom\u00f3vil con Brigitte y Fritz Alemania &gt; Dinamarca &gt; Noruega &gt; Cabo [&hellip;]<\/p>\n","protected":false},"author":4,"featured_media":78060,"comment_status":"open","ping_status":"closed","sticky":false,"template":"","format":"standard","meta":{"_acf_changed":false,"footnotes":""},"categories":[739],"tags":[],"class_list":["post-78059","post","type-post","status-publish","format-standard","has-post-thumbnail","hentry","category-sin-categoria"],"acf":[],"yoast_head":"<!-- This site is optimized with the Yoast SEO plugin v27.5 - https:\/\/yoast.com\/product\/yoast-seo-wordpress\/ -->\n<title>Rumbo al Sol de Medianoche (D\u00eda 16) | Velomobile World<\/title>\n<meta name=\"description\" content=\"Rumbo al Sol de Medianoche (D\u00eda 16). Otro viaje con Brigitte y Fritz. Descubre sus aventuras. Todos los detalles en el art\u00edculo.\" \/>\n<meta name=\"robots\" content=\"index, follow, max-snippet:-1, max-image-preview:large, max-video-preview:-1\" \/>\n<link rel=\"canonical\" href=\"https:\/\/www.velomobileworld.com\/es\/camino-al-sol-de-medianoche-dia-16\/\" \/>\n<meta property=\"og:locale\" content=\"es_ES\" \/>\n<meta property=\"og:type\" content=\"article\" \/>\n<meta property=\"og:title\" content=\"Rumbo al Sol de Medianoche (D\u00eda 16) | Velomobile World\" \/>\n<meta property=\"og:description\" content=\"Rumbo al Sol de Medianoche (D\u00eda 16). Otro viaje con Brigitte y Fritz. Descubre sus aventuras. Todos los detalles en el art\u00edculo.\" \/>\n<meta property=\"og:url\" content=\"https:\/\/www.velomobileworld.com\/es\/camino-al-sol-de-medianoche-dia-16\/\" \/>\n<meta property=\"og:site_name\" content=\"Velomobile World\" \/>\n<meta property=\"article:published_time\" content=\"2024-12-23T10:47:55+00:00\" \/>\n<meta property=\"article:modified_time\" content=\"2025-07-25T10:13:01+00:00\" \/>\n<meta property=\"og:image\" content=\"https:\/\/www.velomobileworld.com\/wp-content\/uploads\/2024\/12\/Midnightsun-Day-16-1.jpg\" \/>\n\t<meta property=\"og:image:width\" content=\"1920\" \/>\n\t<meta property=\"og:image:height\" content=\"850\" \/>\n\t<meta property=\"og:image:type\" content=\"image\/jpeg\" \/>\n<meta name=\"author\" content=\"Jan Wijnen\" \/>\n<meta name=\"twitter:card\" content=\"summary_large_image\" \/>\n<meta name=\"twitter:label1\" content=\"Escrito por\" \/>\n\t<meta name=\"twitter:data1\" content=\"Jan Wijnen\" \/>\n\t<meta name=\"twitter:label2\" content=\"Tiempo de lectura\" \/>\n\t<meta name=\"twitter:data2\" content=\"1 minuto\" \/>\n<script type=\"application\/ld+json\" class=\"yoast-schema-graph\">{\"@context\":\"https:\\\/\\\/schema.org\",\"@graph\":[{\"@type\":\"Article\",\"@id\":\"https:\\\/\\\/www.velomobileworld.com\\\/es\\\/camino-al-sol-de-medianoche-dia-16\\\/#article\",\"isPartOf\":{\"@id\":\"https:\\\/\\\/www.velomobileworld.com\\\/es\\\/camino-al-sol-de-medianoche-dia-16\\\/\"},\"author\":{\"name\":\"Jan Wijnen\",\"@id\":\"https:\\\/\\\/www.velomobileworld.com\\\/nl\\\/#\\\/schema\\\/person\\\/c0c7c661ad3c8719ed05a7dc85d6fa12\"},\"headline\":\"Camino al Sol de Medianoche \u2013 D\u00eda 16\",\"datePublished\":\"2024-12-23T10:47:55+00:00\",\"dateModified\":\"2025-07-25T10:13:01+00:00\",\"mainEntityOfPage\":{\"@id\":\"https:\\\/\\\/www.velomobileworld.com\\\/es\\\/camino-al-sol-de-medianoche-dia-16\\\/\"},\"wordCount\":140,\"commentCount\":0,\"image\":{\"@id\":\"https:\\\/\\\/www.velomobileworld.com\\\/es\\\/camino-al-sol-de-medianoche-dia-16\\\/#primaryimage\"},\"thumbnailUrl\":\"https:\\\/\\\/www.velomobileworld.com\\\/wp-content\\\/uploads\\\/2024\\\/12\\\/Midnightsun-Day-16-1.jpg\",\"inLanguage\":\"es\",\"potentialAction\":[{\"@type\":\"CommentAction\",\"name\":\"Comment\",\"target\":[\"https:\\\/\\\/www.velomobileworld.com\\\/es\\\/camino-al-sol-de-medianoche-dia-16\\\/#respond\"]}]},{\"@type\":\"WebPage\",\"@id\":\"https:\\\/\\\/www.velomobileworld.com\\\/es\\\/camino-al-sol-de-medianoche-dia-16\\\/\",\"url\":\"https:\\\/\\\/www.velomobileworld.com\\\/es\\\/camino-al-sol-de-medianoche-dia-16\\\/\",\"name\":\"Rumbo al Sol de Medianoche (D\u00eda 16) | Velomobile World\",\"isPartOf\":{\"@id\":\"https:\\\/\\\/www.velomobileworld.com\\\/nl\\\/#website\"},\"primaryImageOfPage\":{\"@id\":\"https:\\\/\\\/www.velomobileworld.com\\\/es\\\/camino-al-sol-de-medianoche-dia-16\\\/#primaryimage\"},\"image\":{\"@id\":\"https:\\\/\\\/www.velomobileworld.com\\\/es\\\/camino-al-sol-de-medianoche-dia-16\\\/#primaryimage\"},\"thumbnailUrl\":\"https:\\\/\\\/www.velomobileworld.com\\\/wp-content\\\/uploads\\\/2024\\\/12\\\/Midnightsun-Day-16-1.jpg\",\"datePublished\":\"2024-12-23T10:47:55+00:00\",\"dateModified\":\"2025-07-25T10:13:01+00:00\",\"author\":{\"@id\":\"https:\\\/\\\/www.velomobileworld.com\\\/nl\\\/#\\\/schema\\\/person\\\/c0c7c661ad3c8719ed05a7dc85d6fa12\"},\"description\":\"Rumbo al Sol de Medianoche (D\u00eda 16). Otro viaje con Brigitte y Fritz. Descubre sus aventuras. Todos los detalles en el art\u00edculo.\",\"breadcrumb\":{\"@id\":\"https:\\\/\\\/www.velomobileworld.com\\\/es\\\/camino-al-sol-de-medianoche-dia-16\\\/#breadcrumb\"},\"inLanguage\":\"es\",\"potentialAction\":[{\"@type\":\"ReadAction\",\"target\":[\"https:\\\/\\\/www.velomobileworld.com\\\/es\\\/camino-al-sol-de-medianoche-dia-16\\\/\"]}]},{\"@type\":\"ImageObject\",\"inLanguage\":\"es\",\"@id\":\"https:\\\/\\\/www.velomobileworld.com\\\/es\\\/camino-al-sol-de-medianoche-dia-16\\\/#primaryimage\",\"url\":\"https:\\\/\\\/www.velomobileworld.com\\\/wp-content\\\/uploads\\\/2024\\\/12\\\/Midnightsun-Day-16-1.jpg\",\"contentUrl\":\"https:\\\/\\\/www.velomobileworld.com\\\/wp-content\\\/uploads\\\/2024\\\/12\\\/Midnightsun-Day-16-1.jpg\",\"width\":1920,\"height\":850},{\"@type\":\"BreadcrumbList\",\"@id\":\"https:\\\/\\\/www.velomobileworld.com\\\/es\\\/camino-al-sol-de-medianoche-dia-16\\\/#breadcrumb\",\"itemListElement\":[{\"@type\":\"ListItem\",\"position\":1,\"name\":\"Home\",\"item\":\"https:\\\/\\\/www.velomobileworld.com\\\/\"},{\"@type\":\"ListItem\",\"position\":2,\"name\":\"Camino al Sol de Medianoche \u2013 D\u00eda 16\"}]},{\"@type\":\"WebSite\",\"@id\":\"https:\\\/\\\/www.velomobileworld.com\\\/nl\\\/#website\",\"url\":\"https:\\\/\\\/www.velomobileworld.com\\\/nl\\\/\",\"name\":\"Velomobile World\",\"description\":\"\",\"potentialAction\":[{\"@type\":\"SearchAction\",\"target\":{\"@type\":\"EntryPoint\",\"urlTemplate\":\"https:\\\/\\\/www.velomobileworld.com\\\/nl\\\/?s={search_term_string}\"},\"query-input\":{\"@type\":\"PropertyValueSpecification\",\"valueRequired\":true,\"valueName\":\"search_term_string\"}}],\"inLanguage\":\"es\"},{\"@type\":\"Person\",\"@id\":\"https:\\\/\\\/www.velomobileworld.com\\\/nl\\\/#\\\/schema\\\/person\\\/c0c7c661ad3c8719ed05a7dc85d6fa12\",\"name\":\"Jan Wijnen\",\"image\":{\"@type\":\"ImageObject\",\"inLanguage\":\"es\",\"@id\":\"https:\\\/\\\/secure.gravatar.com\\\/avatar\\\/4802c8a6006d5895d73a1141e39ccf819bca7ec1dbfb26a6f4370880cefa109a?s=96&d=mm&r=g\",\"url\":\"https:\\\/\\\/secure.gravatar.com\\\/avatar\\\/4802c8a6006d5895d73a1141e39ccf819bca7ec1dbfb26a6f4370880cefa109a?s=96&d=mm&r=g\",\"contentUrl\":\"https:\\\/\\\/secure.gravatar.com\\\/avatar\\\/4802c8a6006d5895d73a1141e39ccf819bca7ec1dbfb26a6f4370880cefa109a?s=96&d=mm&r=g\",\"caption\":\"Jan Wijnen\"},\"url\":\"https:\\\/\\\/www.velomobileworld.com\\\/es\\\/author\\\/jan-admin\\\/\"}]}<\/script>\n<!-- \/ Yoast SEO plugin. -->","yoast_head_json":{"title":"Rumbo al Sol de Medianoche (D\u00eda 16) | Velomobile World","description":"Rumbo al Sol de Medianoche (D\u00eda 16). Otro viaje con Brigitte y Fritz. Descubre sus aventuras. Todos los detalles en el art\u00edculo.","robots":{"index":"index","follow":"follow","max-snippet":"max-snippet:-1","max-image-preview":"max-image-preview:large","max-video-preview":"max-video-preview:-1"},"canonical":"https:\/\/www.velomobileworld.com\/es\/camino-al-sol-de-medianoche-dia-16\/","og_locale":"es_ES","og_type":"article","og_title":"Rumbo al Sol de Medianoche (D\u00eda 16) | Velomobile World","og_description":"Rumbo al Sol de Medianoche (D\u00eda 16). Otro viaje con Brigitte y Fritz. Descubre sus aventuras. Todos los detalles en el art\u00edculo.","og_url":"https:\/\/www.velomobileworld.com\/es\/camino-al-sol-de-medianoche-dia-16\/","og_site_name":"Velomobile World","article_published_time":"2024-12-23T10:47:55+00:00","article_modified_time":"2025-07-25T10:13:01+00:00","og_image":[{"width":1920,"height":850,"url":"https:\/\/www.velomobileworld.com\/wp-content\/uploads\/2024\/12\/Midnightsun-Day-16-1.jpg","type":"image\/jpeg"}],"author":"Jan Wijnen","twitter_card":"summary_large_image","twitter_misc":{"Escrito por":"Jan Wijnen","Tiempo de lectura":"1 minuto"},"schema":{"@context":"https:\/\/schema.org","@graph":[{"@type":"Article","@id":"https:\/\/www.velomobileworld.com\/es\/camino-al-sol-de-medianoche-dia-16\/#article","isPartOf":{"@id":"https:\/\/www.velomobileworld.com\/es\/camino-al-sol-de-medianoche-dia-16\/"},"author":{"name":"Jan Wijnen","@id":"https:\/\/www.velomobileworld.com\/nl\/#\/schema\/person\/c0c7c661ad3c8719ed05a7dc85d6fa12"},"headline":"Camino al Sol de Medianoche \u2013 D\u00eda 16","datePublished":"2024-12-23T10:47:55+00:00","dateModified":"2025-07-25T10:13:01+00:00","mainEntityOfPage":{"@id":"https:\/\/www.velomobileworld.com\/es\/camino-al-sol-de-medianoche-dia-16\/"},"wordCount":140,"commentCount":0,"image":{"@id":"https:\/\/www.velomobileworld.com\/es\/camino-al-sol-de-medianoche-dia-16\/#primaryimage"},"thumbnailUrl":"https:\/\/www.velomobileworld.com\/wp-content\/uploads\/2024\/12\/Midnightsun-Day-16-1.jpg","inLanguage":"es","potentialAction":[{"@type":"CommentAction","name":"Comment","target":["https:\/\/www.velomobileworld.com\/es\/camino-al-sol-de-medianoche-dia-16\/#respond"]}]},{"@type":"WebPage","@id":"https:\/\/www.velomobileworld.com\/es\/camino-al-sol-de-medianoche-dia-16\/","url":"https:\/\/www.velomobileworld.com\/es\/camino-al-sol-de-medianoche-dia-16\/","name":"Rumbo al Sol de Medianoche (D\u00eda 16) | Velomobile World","isPartOf":{"@id":"https:\/\/www.velomobileworld.com\/nl\/#website"},"primaryImageOfPage":{"@id":"https:\/\/www.velomobileworld.com\/es\/camino-al-sol-de-medianoche-dia-16\/#primaryimage"},"image":{"@id":"https:\/\/www.velomobileworld.com\/es\/camino-al-sol-de-medianoche-dia-16\/#primaryimage"},"thumbnailUrl":"https:\/\/www.velomobileworld.com\/wp-content\/uploads\/2024\/12\/Midnightsun-Day-16-1.jpg","datePublished":"2024-12-23T10:47:55+00:00","dateModified":"2025-07-25T10:13:01+00:00","author":{"@id":"https:\/\/www.velomobileworld.com\/nl\/#\/schema\/person\/c0c7c661ad3c8719ed05a7dc85d6fa12"},"description":"Rumbo al Sol de Medianoche (D\u00eda 16). Otro viaje con Brigitte y Fritz. Descubre sus aventuras. Todos los detalles en el art\u00edculo.","breadcrumb":{"@id":"https:\/\/www.velomobileworld.com\/es\/camino-al-sol-de-medianoche-dia-16\/#breadcrumb"},"inLanguage":"es","potentialAction":[{"@type":"ReadAction","target":["https:\/\/www.velomobileworld.com\/es\/camino-al-sol-de-medianoche-dia-16\/"]}]},{"@type":"ImageObject","inLanguage":"es","@id":"https:\/\/www.velomobileworld.com\/es\/camino-al-sol-de-medianoche-dia-16\/#primaryimage","url":"https:\/\/www.velomobileworld.com\/wp-content\/uploads\/2024\/12\/Midnightsun-Day-16-1.jpg","contentUrl":"https:\/\/www.velomobileworld.com\/wp-content\/uploads\/2024\/12\/Midnightsun-Day-16-1.jpg","width":1920,"height":850},{"@type":"BreadcrumbList","@id":"https:\/\/www.velomobileworld.com\/es\/camino-al-sol-de-medianoche-dia-16\/#breadcrumb","itemListElement":[{"@type":"ListItem","position":1,"name":"Home","item":"https:\/\/www.velomobileworld.com\/"},{"@type":"ListItem","position":2,"name":"Camino al Sol de Medianoche \u2013 D\u00eda 16"}]},{"@type":"WebSite","@id":"https:\/\/www.velomobileworld.com\/nl\/#website","url":"https:\/\/www.velomobileworld.com\/nl\/","name":"Velomobile World","description":"","potentialAction":[{"@type":"SearchAction","target":{"@type":"EntryPoint","urlTemplate":"https:\/\/www.velomobileworld.com\/nl\/?s={search_term_string}"},"query-input":{"@type":"PropertyValueSpecification","valueRequired":true,"valueName":"search_term_string"}}],"inLanguage":"es"},{"@type":"Person","@id":"https:\/\/www.velomobileworld.com\/nl\/#\/schema\/person\/c0c7c661ad3c8719ed05a7dc85d6fa12","name":"Jan Wijnen","image":{"@type":"ImageObject","inLanguage":"es","@id":"https:\/\/secure.gravatar.com\/avatar\/4802c8a6006d5895d73a1141e39ccf819bca7ec1dbfb26a6f4370880cefa109a?s=96&d=mm&r=g","url":"https:\/\/secure.gravatar.com\/avatar\/4802c8a6006d5895d73a1141e39ccf819bca7ec1dbfb26a6f4370880cefa109a?s=96&d=mm&r=g","contentUrl":"https:\/\/secure.gravatar.com\/avatar\/4802c8a6006d5895d73a1141e39ccf819bca7ec1dbfb26a6f4370880cefa109a?s=96&d=mm&r=g","caption":"Jan Wijnen"},"url":"https:\/\/www.velomobileworld.com\/es\/author\/jan-admin\/"}]}},"_links":{"self":[{"href":"https:\/\/www.velomobileworld.com\/es\/wp-json\/wp\/v2\/posts\/78059","targetHints":{"allow":["GET"]}}],"collection":[{"href":"https:\/\/www.velomobileworld.com\/es\/wp-json\/wp\/v2\/posts"}],"about":[{"href":"https:\/\/www.velomobileworld.com\/es\/wp-json\/wp\/v2\/types\/post"}],"author":[{"embeddable":true,"href":"https:\/\/www.velomobileworld.com\/es\/wp-json\/wp\/v2\/users\/4"}],"replies":[{"embeddable":true,"href":"https:\/\/www.velomobileworld.com\/es\/wp-json\/wp\/v2\/comments?post=78059"}],"version-history":[{"count":1,"href":"https:\/\/www.velomobileworld.com\/es\/wp-json\/wp\/v2\/posts\/78059\/revisions"}],"predecessor-version":[{"id":100830,"href":"https:\/\/www.velomobileworld.com\/es\/wp-json\/wp\/v2\/posts\/78059\/revisions\/100830"}],"wp:featuredmedia":[{"embeddable":true,"href":"https:\/\/www.velomobileworld.com\/es\/wp-json\/wp\/v2\/media\/78060"}],"wp:attachment":[{"href":"https:\/\/www.velomobileworld.com\/es\/wp-json\/wp\/v2\/media?parent=78059"}],"wp:term":[{"taxonomy":"category","embeddable":true,"href":"https:\/\/www.velomobileworld.com\/es\/wp-json\/wp\/v2\/categories?post=78059"},{"taxonomy":"post_tag","embeddable":true,"href":"https:\/\/www.velomobileworld.com\/es\/wp-json\/wp\/v2\/tags?post=78059"}],"curies":[{"name":"wp","href":"https:\/\/api.w.org\/{rel}","templated":true}]}}