{"id":78063,"date":"2024-12-23T10:29:12","date_gmt":"2024-12-23T09:29:12","guid":{"rendered":"https:\/\/velomobileworld.convident.dev\/te-presentamos-el-alpha-7-2\/"},"modified":"2025-07-25T12:13:02","modified_gmt":"2025-07-25T10:13:02","slug":"te-presentamos-el-alpha-7-2","status":"publish","type":"post","link":"https:\/\/www.velomobileworld.com\/es\/te-presentamos-el-alpha-7-2\/","title":{"rendered":"Te presentamos el Alpha 7.2"},"content":{"rendered":"<p data-start=\"97\" data-end=\"168\"><strong data-start=\"97\" data-end=\"168\">Te presentamos el Alpha 7.2: M\u00e1s eficiente, m\u00e1s ligero, m\u00e1s preciso<\/strong><\/p>\n<p data-start=\"170\" data-end=\"459\">Tenemos noticias emocionantes para quienes est\u00e1n considerando adquirir un Alpha 7. Daniel Fenn no ha dejado de trabajar desde que su dise\u00f1o, el Alpha 7, entr\u00f3 en producci\u00f3n en serie. Ha desarrollado mejoras interesantes que ahora estar\u00e1n disponibles como parte del modelo est\u00e1ndar Alpha 7.<\/p>\n<h3 data-start=\"461\" data-end=\"487\">Nuevo Rold\u00e1n Delantero<\/h3>\n<p data-start=\"488\" data-end=\"1016\">Actualmente, el rold\u00e1n delantero es una pieza lisa de 85 mm producida por Alligt: una soluci\u00f3n vers\u00e1til y fiable a buen precio. Sin embargo, debido al amplio \u00e1ngulo con respecto al plato, se detect\u00f3 cierta p\u00e9rdida de eficiencia. Por ello, Daniel ha desarrollado un nuevo rold\u00e1n dentado de tama\u00f1o m\u00e1ximo, dise\u00f1ado especialmente para el Alpha 7 y fabricado en Alemania en peque\u00f1as series. El resultado: una transmisi\u00f3n a\u00fan m\u00e1s eficiente. Este nuevo rold\u00e1n sustituir\u00e1 al actual en todos los pedidos a partir del 1 de enero de 2021.<\/p>\n<h3 data-start=\"1018\" data-end=\"1053\">Placas para los Pies Reforzadas<\/h3>\n<p data-start=\"1054\" data-end=\"1581\">Otra mejora destacada son las nuevas placas para los pies. Hasta ahora, estas se fabricaban en acero inoxidable cortado con l\u00e1ser. Daniel ha conseguido reducir el peso y aumentar la rigidez al mismo tiempo. Adem\u00e1s, el nuevo dise\u00f1o en aluminio mecanizado (tambi\u00e9n en Alemania) no solo es funcional, sino visualmente atractivo. Las placas estar\u00e1n anodizadas en negro y se considera anodizar tambi\u00e9n la suspensi\u00f3n en amarillo. Estas nuevas placas se incluir\u00e1n de serie en todos los Alpha 7 pedidos a partir del 1 de enero de 2021.<\/p>\n<h3 data-start=\"1583\" data-end=\"1613\">Ruedas Frontales Mejoradas<\/h3>\n<p data-start=\"1614\" data-end=\"2037\">Gracias a la colaboraci\u00f3n con Sven Kr\u00f6ll de <a class=\"\" href=\"http:\/\/www.velomobile-nord.de\" target=\"_new\" rel=\"noopener\" data-start=\"1658\" data-end=\"1709\">velomobile-nord.de<\/a>, mejoraremos la calidad de fabricaci\u00f3n de las ruedas delanteras. Hasta ahora no cont\u00e1bamos con herramientas precisas para medir la tensi\u00f3n de los radios, especialmente complicada en radios cortos. Sven nos ha proporcionado las herramientas personalizadas de CENTRIMASTER necesarias para realizar estas mediciones con precisi\u00f3n.<\/p>\n<p data-start=\"2039\" data-end=\"2171\">A principios de enero de 2021, Sven nos formar\u00e1 en el uso de estas herramientas para seguir mejorando la calidad de nuestras ruedas.<\/p>\n<h3 data-start=\"2173\" data-end=\"2194\">Nuevo Precio Base<\/h3>\n<p data-start=\"2195\" data-end=\"2389\">Debido a las mejoras sustanciales en el rold\u00e1n delantero y las placas de los pies, el precio base del Alpha 7 ser\u00e1 ajustado. A partir del 1 de enero de 2021, el precio base ser\u00e1 de <strong data-start=\"2376\" data-end=\"2388\">10.100 \u20ac<\/strong>.<\/p>\n<hr data-start=\"2391\" data-end=\"2394\" \/>\n<p data-start=\"2396\" data-end=\"2426\"><strong data-start=\"2396\" data-end=\"2426\">Juntos hacia la perfecci\u00f3n<\/strong><\/p>\n<p data-start=\"2428\" data-end=\"2577\">Este lema refleja nuestra misi\u00f3n. Alcanzar la perfecci\u00f3n es un objetivo compartido, un proceso continuo que se refleja en cada detalle y cada avance.<\/p>\n<p data-start=\"2579\" data-end=\"2619\"><strong data-start=\"2579\" data-end=\"2619\">\u00a1Disfruta al m\u00e1ximo de tu velom\u00f3vil!<\/strong><\/p>\n","protected":false},"excerpt":{"rendered":"<p>Te presentamos el Alpha 7.2: M\u00e1s eficiente, m\u00e1s ligero, m\u00e1s preciso Tenemos noticias emocionantes para quienes est\u00e1n considerando adquirir un [&hellip;]<\/p>\n","protected":false},"author":4,"featured_media":78064,"comment_status":"open","ping_status":"closed","sticky":false,"template":"","format":"standard","meta":{"_acf_changed":false,"footnotes":""},"categories":[739],"tags":[],"class_list":["post-78063","post","type-post","status-publish","format-standard","has-post-thumbnail","hentry","category-sin-categoria"],"acf":[],"yoast_head":"<!-- This site is optimized with the Yoast SEO plugin v27.5 - https:\/\/yoast.com\/product\/yoast-seo-wordpress\/ -->\n<title>Te presentamos el Alpha 7.2 | Velomobile World<\/title>\n<meta name=\"description\" content=\"Tenemos noticias emocionantes para los futuros propietarios del Alpha 7. Desde que el dise\u00f1o del Alpha 7 entr\u00f3 en producci\u00f3n en serie, Daniel Fenn no ha dejado de innovar.\" \/>\n<meta name=\"robots\" content=\"index, follow, max-snippet:-1, max-image-preview:large, max-video-preview:-1\" \/>\n<link rel=\"canonical\" href=\"https:\/\/www.velomobileworld.com\/es\/te-presentamos-el-alpha-7-2\/\" \/>\n<meta property=\"og:locale\" content=\"es_ES\" \/>\n<meta property=\"og:type\" content=\"article\" \/>\n<meta property=\"og:title\" content=\"Te presentamos el Alpha 7.2 | Velomobile World\" \/>\n<meta property=\"og:description\" content=\"Tenemos noticias emocionantes para los futuros propietarios del Alpha 7. Desde que el dise\u00f1o del Alpha 7 entr\u00f3 en producci\u00f3n en serie, Daniel Fenn no ha dejado de innovar.\" \/>\n<meta property=\"og:url\" content=\"https:\/\/www.velomobileworld.com\/es\/te-presentamos-el-alpha-7-2\/\" \/>\n<meta property=\"og:site_name\" content=\"Velomobile World\" \/>\n<meta property=\"article:published_time\" content=\"2024-12-23T09:29:12+00:00\" \/>\n<meta property=\"article:modified_time\" content=\"2025-07-25T10:13:02+00:00\" \/>\n<meta property=\"og:image\" content=\"https:\/\/www.velomobileworld.com\/wp-content\/uploads\/2024\/12\/Midnightsun-Day-7.jpg\" \/>\n\t<meta property=\"og:image:width\" content=\"1920\" \/>\n\t<meta property=\"og:image:height\" content=\"850\" \/>\n\t<meta property=\"og:image:type\" content=\"image\/jpeg\" \/>\n<meta name=\"author\" content=\"Jan Wijnen\" \/>\n<meta name=\"twitter:card\" content=\"summary_large_image\" \/>\n<meta name=\"twitter:label1\" content=\"Escrito por\" \/>\n\t<meta name=\"twitter:data1\" content=\"Jan Wijnen\" \/>\n\t<meta name=\"twitter:label2\" content=\"Tiempo de lectura\" \/>\n\t<meta name=\"twitter:data2\" content=\"2 minutos\" \/>\n<script type=\"application\/ld+json\" class=\"yoast-schema-graph\">{\"@context\":\"https:\\\/\\\/schema.org\",\"@graph\":[{\"@type\":\"Article\",\"@id\":\"https:\\\/\\\/www.velomobileworld.com\\\/es\\\/te-presentamos-el-alpha-7-2\\\/#article\",\"isPartOf\":{\"@id\":\"https:\\\/\\\/www.velomobileworld.com\\\/es\\\/te-presentamos-el-alpha-7-2\\\/\"},\"author\":{\"name\":\"Jan Wijnen\",\"@id\":\"https:\\\/\\\/www.velomobileworld.com\\\/nl\\\/#\\\/schema\\\/person\\\/c0c7c661ad3c8719ed05a7dc85d6fa12\"},\"headline\":\"Te presentamos el Alpha 7.2\",\"datePublished\":\"2024-12-23T09:29:12+00:00\",\"dateModified\":\"2025-07-25T10:13:02+00:00\",\"mainEntityOfPage\":{\"@id\":\"https:\\\/\\\/www.velomobileworld.com\\\/es\\\/te-presentamos-el-alpha-7-2\\\/\"},\"wordCount\":423,\"commentCount\":0,\"image\":{\"@id\":\"https:\\\/\\\/www.velomobileworld.com\\\/es\\\/te-presentamos-el-alpha-7-2\\\/#primaryimage\"},\"thumbnailUrl\":\"https:\\\/\\\/www.velomobileworld.com\\\/wp-content\\\/uploads\\\/2024\\\/12\\\/Midnightsun-Day-7.jpg\",\"inLanguage\":\"es\",\"potentialAction\":[{\"@type\":\"CommentAction\",\"name\":\"Comment\",\"target\":[\"https:\\\/\\\/www.velomobileworld.com\\\/es\\\/te-presentamos-el-alpha-7-2\\\/#respond\"]}]},{\"@type\":\"WebPage\",\"@id\":\"https:\\\/\\\/www.velomobileworld.com\\\/es\\\/te-presentamos-el-alpha-7-2\\\/\",\"url\":\"https:\\\/\\\/www.velomobileworld.com\\\/es\\\/te-presentamos-el-alpha-7-2\\\/\",\"name\":\"Te presentamos el Alpha 7.2 | Velomobile World\",\"isPartOf\":{\"@id\":\"https:\\\/\\\/www.velomobileworld.com\\\/nl\\\/#website\"},\"primaryImageOfPage\":{\"@id\":\"https:\\\/\\\/www.velomobileworld.com\\\/es\\\/te-presentamos-el-alpha-7-2\\\/#primaryimage\"},\"image\":{\"@id\":\"https:\\\/\\\/www.velomobileworld.com\\\/es\\\/te-presentamos-el-alpha-7-2\\\/#primaryimage\"},\"thumbnailUrl\":\"https:\\\/\\\/www.velomobileworld.com\\\/wp-content\\\/uploads\\\/2024\\\/12\\\/Midnightsun-Day-7.jpg\",\"datePublished\":\"2024-12-23T09:29:12+00:00\",\"dateModified\":\"2025-07-25T10:13:02+00:00\",\"author\":{\"@id\":\"https:\\\/\\\/www.velomobileworld.com\\\/nl\\\/#\\\/schema\\\/person\\\/c0c7c661ad3c8719ed05a7dc85d6fa12\"},\"description\":\"Tenemos noticias emocionantes para los futuros propietarios del Alpha 7. Desde que el dise\u00f1o del Alpha 7 entr\u00f3 en producci\u00f3n en serie, Daniel Fenn no ha dejado de innovar.\",\"breadcrumb\":{\"@id\":\"https:\\\/\\\/www.velomobileworld.com\\\/es\\\/te-presentamos-el-alpha-7-2\\\/#breadcrumb\"},\"inLanguage\":\"es\",\"potentialAction\":[{\"@type\":\"ReadAction\",\"target\":[\"https:\\\/\\\/www.velomobileworld.com\\\/es\\\/te-presentamos-el-alpha-7-2\\\/\"]}]},{\"@type\":\"ImageObject\",\"inLanguage\":\"es\",\"@id\":\"https:\\\/\\\/www.velomobileworld.com\\\/es\\\/te-presentamos-el-alpha-7-2\\\/#primaryimage\",\"url\":\"https:\\\/\\\/www.velomobileworld.com\\\/wp-content\\\/uploads\\\/2024\\\/12\\\/Midnightsun-Day-7.jpg\",\"contentUrl\":\"https:\\\/\\\/www.velomobileworld.com\\\/wp-content\\\/uploads\\\/2024\\\/12\\\/Midnightsun-Day-7.jpg\",\"width\":1920,\"height\":850,\"caption\":\"xr:d:DAFz_8ZTGo0:3,j:8881507481753453021,t:23111223\"},{\"@type\":\"BreadcrumbList\",\"@id\":\"https:\\\/\\\/www.velomobileworld.com\\\/es\\\/te-presentamos-el-alpha-7-2\\\/#breadcrumb\",\"itemListElement\":[{\"@type\":\"ListItem\",\"position\":1,\"name\":\"Home\",\"item\":\"https:\\\/\\\/www.velomobileworld.com\\\/\"},{\"@type\":\"ListItem\",\"position\":2,\"name\":\"Te presentamos el Alpha 7.2\"}]},{\"@type\":\"WebSite\",\"@id\":\"https:\\\/\\\/www.velomobileworld.com\\\/nl\\\/#website\",\"url\":\"https:\\\/\\\/www.velomobileworld.com\\\/nl\\\/\",\"name\":\"Velomobile World\",\"description\":\"\",\"potentialAction\":[{\"@type\":\"SearchAction\",\"target\":{\"@type\":\"EntryPoint\",\"urlTemplate\":\"https:\\\/\\\/www.velomobileworld.com\\\/nl\\\/?s={search_term_string}\"},\"query-input\":{\"@type\":\"PropertyValueSpecification\",\"valueRequired\":true,\"valueName\":\"search_term_string\"}}],\"inLanguage\":\"es\"},{\"@type\":\"Person\",\"@id\":\"https:\\\/\\\/www.velomobileworld.com\\\/nl\\\/#\\\/schema\\\/person\\\/c0c7c661ad3c8719ed05a7dc85d6fa12\",\"name\":\"Jan Wijnen\",\"image\":{\"@type\":\"ImageObject\",\"inLanguage\":\"es\",\"@id\":\"https:\\\/\\\/secure.gravatar.com\\\/avatar\\\/4802c8a6006d5895d73a1141e39ccf819bca7ec1dbfb26a6f4370880cefa109a?s=96&d=mm&r=g\",\"url\":\"https:\\\/\\\/secure.gravatar.com\\\/avatar\\\/4802c8a6006d5895d73a1141e39ccf819bca7ec1dbfb26a6f4370880cefa109a?s=96&d=mm&r=g\",\"contentUrl\":\"https:\\\/\\\/secure.gravatar.com\\\/avatar\\\/4802c8a6006d5895d73a1141e39ccf819bca7ec1dbfb26a6f4370880cefa109a?s=96&d=mm&r=g\",\"caption\":\"Jan Wijnen\"},\"url\":\"https:\\\/\\\/www.velomobileworld.com\\\/es\\\/author\\\/jan-admin\\\/\"}]}<\/script>\n<!-- \/ Yoast SEO plugin. -->","yoast_head_json":{"title":"Te presentamos el Alpha 7.2 | Velomobile World","description":"Tenemos noticias emocionantes para los futuros propietarios del Alpha 7. Desde que el dise\u00f1o del Alpha 7 entr\u00f3 en producci\u00f3n en serie, Daniel Fenn no ha dejado de innovar.","robots":{"index":"index","follow":"follow","max-snippet":"max-snippet:-1","max-image-preview":"max-image-preview:large","max-video-preview":"max-video-preview:-1"},"canonical":"https:\/\/www.velomobileworld.com\/es\/te-presentamos-el-alpha-7-2\/","og_locale":"es_ES","og_type":"article","og_title":"Te presentamos el Alpha 7.2 | Velomobile World","og_description":"Tenemos noticias emocionantes para los futuros propietarios del Alpha 7. Desde que el dise\u00f1o del Alpha 7 entr\u00f3 en producci\u00f3n en serie, Daniel Fenn no ha dejado de innovar.","og_url":"https:\/\/www.velomobileworld.com\/es\/te-presentamos-el-alpha-7-2\/","og_site_name":"Velomobile World","article_published_time":"2024-12-23T09:29:12+00:00","article_modified_time":"2025-07-25T10:13:02+00:00","og_image":[{"width":1920,"height":850,"url":"https:\/\/www.velomobileworld.com\/wp-content\/uploads\/2024\/12\/Midnightsun-Day-7.jpg","type":"image\/jpeg"}],"author":"Jan Wijnen","twitter_card":"summary_large_image","twitter_misc":{"Escrito por":"Jan Wijnen","Tiempo de lectura":"2 minutos"},"schema":{"@context":"https:\/\/schema.org","@graph":[{"@type":"Article","@id":"https:\/\/www.velomobileworld.com\/es\/te-presentamos-el-alpha-7-2\/#article","isPartOf":{"@id":"https:\/\/www.velomobileworld.com\/es\/te-presentamos-el-alpha-7-2\/"},"author":{"name":"Jan Wijnen","@id":"https:\/\/www.velomobileworld.com\/nl\/#\/schema\/person\/c0c7c661ad3c8719ed05a7dc85d6fa12"},"headline":"Te presentamos el Alpha 7.2","datePublished":"2024-12-23T09:29:12+00:00","dateModified":"2025-07-25T10:13:02+00:00","mainEntityOfPage":{"@id":"https:\/\/www.velomobileworld.com\/es\/te-presentamos-el-alpha-7-2\/"},"wordCount":423,"commentCount":0,"image":{"@id":"https:\/\/www.velomobileworld.com\/es\/te-presentamos-el-alpha-7-2\/#primaryimage"},"thumbnailUrl":"https:\/\/www.velomobileworld.com\/wp-content\/uploads\/2024\/12\/Midnightsun-Day-7.jpg","inLanguage":"es","potentialAction":[{"@type":"CommentAction","name":"Comment","target":["https:\/\/www.velomobileworld.com\/es\/te-presentamos-el-alpha-7-2\/#respond"]}]},{"@type":"WebPage","@id":"https:\/\/www.velomobileworld.com\/es\/te-presentamos-el-alpha-7-2\/","url":"https:\/\/www.velomobileworld.com\/es\/te-presentamos-el-alpha-7-2\/","name":"Te presentamos el Alpha 7.2 | Velomobile World","isPartOf":{"@id":"https:\/\/www.velomobileworld.com\/nl\/#website"},"primaryImageOfPage":{"@id":"https:\/\/www.velomobileworld.com\/es\/te-presentamos-el-alpha-7-2\/#primaryimage"},"image":{"@id":"https:\/\/www.velomobileworld.com\/es\/te-presentamos-el-alpha-7-2\/#primaryimage"},"thumbnailUrl":"https:\/\/www.velomobileworld.com\/wp-content\/uploads\/2024\/12\/Midnightsun-Day-7.jpg","datePublished":"2024-12-23T09:29:12+00:00","dateModified":"2025-07-25T10:13:02+00:00","author":{"@id":"https:\/\/www.velomobileworld.com\/nl\/#\/schema\/person\/c0c7c661ad3c8719ed05a7dc85d6fa12"},"description":"Tenemos noticias emocionantes para los futuros propietarios del Alpha 7. Desde que el dise\u00f1o del Alpha 7 entr\u00f3 en producci\u00f3n en serie, Daniel Fenn no ha dejado de innovar.","breadcrumb":{"@id":"https:\/\/www.velomobileworld.com\/es\/te-presentamos-el-alpha-7-2\/#breadcrumb"},"inLanguage":"es","potentialAction":[{"@type":"ReadAction","target":["https:\/\/www.velomobileworld.com\/es\/te-presentamos-el-alpha-7-2\/"]}]},{"@type":"ImageObject","inLanguage":"es","@id":"https:\/\/www.velomobileworld.com\/es\/te-presentamos-el-alpha-7-2\/#primaryimage","url":"https:\/\/www.velomobileworld.com\/wp-content\/uploads\/2024\/12\/Midnightsun-Day-7.jpg","contentUrl":"https:\/\/www.velomobileworld.com\/wp-content\/uploads\/2024\/12\/Midnightsun-Day-7.jpg","width":1920,"height":850,"caption":"xr:d:DAFz_8ZTGo0:3,j:8881507481753453021,t:23111223"},{"@type":"BreadcrumbList","@id":"https:\/\/www.velomobileworld.com\/es\/te-presentamos-el-alpha-7-2\/#breadcrumb","itemListElement":[{"@type":"ListItem","position":1,"name":"Home","item":"https:\/\/www.velomobileworld.com\/"},{"@type":"ListItem","position":2,"name":"Te presentamos el Alpha 7.2"}]},{"@type":"WebSite","@id":"https:\/\/www.velomobileworld.com\/nl\/#website","url":"https:\/\/www.velomobileworld.com\/nl\/","name":"Velomobile World","description":"","potentialAction":[{"@type":"SearchAction","target":{"@type":"EntryPoint","urlTemplate":"https:\/\/www.velomobileworld.com\/nl\/?s={search_term_string}"},"query-input":{"@type":"PropertyValueSpecification","valueRequired":true,"valueName":"search_term_string"}}],"inLanguage":"es"},{"@type":"Person","@id":"https:\/\/www.velomobileworld.com\/nl\/#\/schema\/person\/c0c7c661ad3c8719ed05a7dc85d6fa12","name":"Jan Wijnen","image":{"@type":"ImageObject","inLanguage":"es","@id":"https:\/\/secure.gravatar.com\/avatar\/4802c8a6006d5895d73a1141e39ccf819bca7ec1dbfb26a6f4370880cefa109a?s=96&d=mm&r=g","url":"https:\/\/secure.gravatar.com\/avatar\/4802c8a6006d5895d73a1141e39ccf819bca7ec1dbfb26a6f4370880cefa109a?s=96&d=mm&r=g","contentUrl":"https:\/\/secure.gravatar.com\/avatar\/4802c8a6006d5895d73a1141e39ccf819bca7ec1dbfb26a6f4370880cefa109a?s=96&d=mm&r=g","caption":"Jan Wijnen"},"url":"https:\/\/www.velomobileworld.com\/es\/author\/jan-admin\/"}]}},"_links":{"self":[{"href":"https:\/\/www.velomobileworld.com\/es\/wp-json\/wp\/v2\/posts\/78063","targetHints":{"allow":["GET"]}}],"collection":[{"href":"https:\/\/www.velomobileworld.com\/es\/wp-json\/wp\/v2\/posts"}],"about":[{"href":"https:\/\/www.velomobileworld.com\/es\/wp-json\/wp\/v2\/types\/post"}],"author":[{"embeddable":true,"href":"https:\/\/www.velomobileworld.com\/es\/wp-json\/wp\/v2\/users\/4"}],"replies":[{"embeddable":true,"href":"https:\/\/www.velomobileworld.com\/es\/wp-json\/wp\/v2\/comments?post=78063"}],"version-history":[{"count":1,"href":"https:\/\/www.velomobileworld.com\/es\/wp-json\/wp\/v2\/posts\/78063\/revisions"}],"predecessor-version":[{"id":100832,"href":"https:\/\/www.velomobileworld.com\/es\/wp-json\/wp\/v2\/posts\/78063\/revisions\/100832"}],"wp:featuredmedia":[{"embeddable":true,"href":"https:\/\/www.velomobileworld.com\/es\/wp-json\/wp\/v2\/media\/78064"}],"wp:attachment":[{"href":"https:\/\/www.velomobileworld.com\/es\/wp-json\/wp\/v2\/media?parent=78063"}],"wp:term":[{"taxonomy":"category","embeddable":true,"href":"https:\/\/www.velomobileworld.com\/es\/wp-json\/wp\/v2\/categories?post=78063"},{"taxonomy":"post_tag","embeddable":true,"href":"https:\/\/www.velomobileworld.com\/es\/wp-json\/wp\/v2\/tags?post=78063"}],"curies":[{"name":"wp","href":"https:\/\/api.w.org\/{rel}","templated":true}]}}