{"id":78087,"date":"2024-12-23T09:39:33","date_gmt":"2024-12-23T08:39:33","guid":{"rendered":"https:\/\/velomobileworld.convident.dev\/rumbo-al-sol-de-medianoche-dia-9\/"},"modified":"2025-07-25T12:13:02","modified_gmt":"2025-07-25T10:13:02","slug":"rumbo-al-sol-de-medianoche-dia-9","status":"publish","type":"post","link":"https:\/\/www.velomobileworld.com\/es\/rumbo-al-sol-de-medianoche-dia-9\/","title":{"rendered":"Rumbo al Sol de Medianoche (D\u00eda 9)"},"content":{"rendered":"<p>Rumbo al Sol de Medianoche. Una Aventura en Velom\u00f3vil con Brigitte y Fritz<\/p>\n<p>Alemania > Dinamarca > Noruega > Cabo Norte (Nordkapp) > Finlandia > Alemania<\/p>\n<p>Descubre AQU\u00cd todos los d\u00edas del viaje \u201cRumbo al Sol de Medianoche\u201d<\/p>\n<p>D\u00eda 9 | Oslo &#8211; Kr\u00f8deren | 109 KM | 1057 m de desnivel<\/p>\n<p>Hoy se supon\u00eda que iba a llover, y ahora queremos dirigirnos hacia Bergen atravesando la meseta de Hardangervidda. Salimos a las 08:30 h. Salir de Oslo por el carril bici de la E18 fue f\u00e1cil, en contraste con el d\u00eda anterior.<\/p>\n<p>En una pista para patinadores, un grupo de ni\u00f1as de primaria practicaba con sus entrenadores. Estaban totalmente entusiasmadas con los velom\u00f3viles.<\/p>\n<p>Tras unos 17 km, tuvimos que cruzar de nuevo la cordillera hacia Drammen. Despu\u00e9s de eso, el terreno volvi\u00f3 a ser m\u00e1s rodador.<\/p>\n<p>Hicimos una primera parada para desayunar en Sylling, junto al Holsfjorden. Al salir del pueblo, apareci\u00f3 la primera subida al 12 %. Justo despu\u00e9s lleg\u00f3 la prometida lluvia. Llovi\u00f3 con bastante intensidad, pero por muy poco tiempo. El resto del d\u00eda se mantuvo seco y el sol fue abri\u00e9ndose paso poco a poco.<\/p>\n<p>Luego rodamos un buen tramo a lo largo del Tyrifjorden hasta llegar a Vikersund. Fue una ruta muy pintoresca y tranquila. En Vikersund encontramos por fin una cafeter\u00eda y nos premiamos con un buen latte macchiato.<\/p>\n<p>No quer\u00edamos rodar mucho m\u00e1s ese d\u00eda y decidimos acampar en Kr\u00f8deren, junto al lago del mismo nombre. A\u00fan nos quedaban unos 30 km hasta llegar. El camping estaba justo a orillas del agua. Con el fuerte viento, la colada se sec\u00f3 en un abrir y cerrar de ojos.<\/p>\n<p>Disfrutamos de la tarde con un sorbo de whisky rescatado del ferry.<\/p>\n","protected":false},"excerpt":{"rendered":"<p>Rumbo al Sol de Medianoche. Una Aventura en Velom\u00f3vil con Brigitte y Fritz Alemania > Dinamarca > Noruega > Cabo [&hellip;]<\/p>\n","protected":false},"author":4,"featured_media":78064,"comment_status":"open","ping_status":"closed","sticky":false,"template":"","format":"standard","meta":{"_acf_changed":false,"footnotes":""},"categories":[739],"tags":[],"class_list":["post-78087","post","type-post","status-publish","format-standard","has-post-thumbnail","hentry","category-sin-categoria"],"acf":[],"yoast_head":"<!-- This site is optimized with the Yoast SEO plugin v27.5 - https:\/\/yoast.com\/product\/yoast-seo-wordpress\/ -->\n<title>Rumbo al Sol de Medianoche (D\u00eda 9) | Velomobile World<\/title>\n<meta name=\"description\" content=\"Rumbo al Sol de Medianoche (D\u00eda 9) Una nueva aventura con Brigitte y Fritz. Descubre todo lo que vivieron en esta etapa. Los detalles, en el art\u00edculo.\" \/>\n<meta name=\"robots\" content=\"index, follow, max-snippet:-1, max-image-preview:large, max-video-preview:-1\" \/>\n<link rel=\"canonical\" href=\"https:\/\/www.velomobileworld.com\/es\/rumbo-al-sol-de-medianoche-dia-9\/\" \/>\n<meta property=\"og:locale\" content=\"es_ES\" \/>\n<meta property=\"og:type\" content=\"article\" \/>\n<meta property=\"og:title\" content=\"Rumbo al Sol de Medianoche (D\u00eda 9) | Velomobile World\" \/>\n<meta property=\"og:description\" content=\"Rumbo al Sol de Medianoche (D\u00eda 9) Una nueva aventura con Brigitte y Fritz. Descubre todo lo que vivieron en esta etapa. Los detalles, en el art\u00edculo.\" \/>\n<meta property=\"og:url\" content=\"https:\/\/www.velomobileworld.com\/es\/rumbo-al-sol-de-medianoche-dia-9\/\" \/>\n<meta property=\"og:site_name\" content=\"Velomobile World\" \/>\n<meta property=\"article:published_time\" content=\"2024-12-23T08:39:33+00:00\" \/>\n<meta property=\"article:modified_time\" content=\"2025-07-25T10:13:02+00:00\" \/>\n<meta property=\"og:image\" content=\"https:\/\/www.velomobileworld.com\/wp-content\/uploads\/2024\/12\/Midnightsun-Day-7.jpg\" \/>\n\t<meta property=\"og:image:width\" content=\"1920\" \/>\n\t<meta property=\"og:image:height\" content=\"850\" \/>\n\t<meta property=\"og:image:type\" content=\"image\/jpeg\" \/>\n<meta name=\"author\" content=\"Jan Wijnen\" \/>\n<meta name=\"twitter:card\" content=\"summary_large_image\" \/>\n<meta name=\"twitter:label1\" content=\"Escrito por\" \/>\n\t<meta name=\"twitter:data1\" content=\"Jan Wijnen\" \/>\n\t<meta name=\"twitter:label2\" content=\"Tiempo de lectura\" \/>\n\t<meta name=\"twitter:data2\" content=\"1 minuto\" \/>\n<script type=\"application\/ld+json\" class=\"yoast-schema-graph\">{\"@context\":\"https:\\\/\\\/schema.org\",\"@graph\":[{\"@type\":\"Article\",\"@id\":\"https:\\\/\\\/www.velomobileworld.com\\\/es\\\/rumbo-al-sol-de-medianoche-dia-9\\\/#article\",\"isPartOf\":{\"@id\":\"https:\\\/\\\/www.velomobileworld.com\\\/es\\\/rumbo-al-sol-de-medianoche-dia-9\\\/\"},\"author\":{\"name\":\"Jan Wijnen\",\"@id\":\"https:\\\/\\\/www.velomobileworld.com\\\/nl\\\/#\\\/schema\\\/person\\\/c0c7c661ad3c8719ed05a7dc85d6fa12\"},\"headline\":\"Rumbo al Sol de Medianoche (D\u00eda 9)\",\"datePublished\":\"2024-12-23T08:39:33+00:00\",\"dateModified\":\"2025-07-25T10:13:02+00:00\",\"mainEntityOfPage\":{\"@id\":\"https:\\\/\\\/www.velomobileworld.com\\\/es\\\/rumbo-al-sol-de-medianoche-dia-9\\\/\"},\"wordCount\":298,\"commentCount\":0,\"image\":{\"@id\":\"https:\\\/\\\/www.velomobileworld.com\\\/es\\\/rumbo-al-sol-de-medianoche-dia-9\\\/#primaryimage\"},\"thumbnailUrl\":\"https:\\\/\\\/www.velomobileworld.com\\\/wp-content\\\/uploads\\\/2024\\\/12\\\/Midnightsun-Day-7.jpg\",\"inLanguage\":\"es\",\"potentialAction\":[{\"@type\":\"CommentAction\",\"name\":\"Comment\",\"target\":[\"https:\\\/\\\/www.velomobileworld.com\\\/es\\\/rumbo-al-sol-de-medianoche-dia-9\\\/#respond\"]}]},{\"@type\":\"WebPage\",\"@id\":\"https:\\\/\\\/www.velomobileworld.com\\\/es\\\/rumbo-al-sol-de-medianoche-dia-9\\\/\",\"url\":\"https:\\\/\\\/www.velomobileworld.com\\\/es\\\/rumbo-al-sol-de-medianoche-dia-9\\\/\",\"name\":\"Rumbo al Sol de Medianoche (D\u00eda 9) | Velomobile World\",\"isPartOf\":{\"@id\":\"https:\\\/\\\/www.velomobileworld.com\\\/nl\\\/#website\"},\"primaryImageOfPage\":{\"@id\":\"https:\\\/\\\/www.velomobileworld.com\\\/es\\\/rumbo-al-sol-de-medianoche-dia-9\\\/#primaryimage\"},\"image\":{\"@id\":\"https:\\\/\\\/www.velomobileworld.com\\\/es\\\/rumbo-al-sol-de-medianoche-dia-9\\\/#primaryimage\"},\"thumbnailUrl\":\"https:\\\/\\\/www.velomobileworld.com\\\/wp-content\\\/uploads\\\/2024\\\/12\\\/Midnightsun-Day-7.jpg\",\"datePublished\":\"2024-12-23T08:39:33+00:00\",\"dateModified\":\"2025-07-25T10:13:02+00:00\",\"author\":{\"@id\":\"https:\\\/\\\/www.velomobileworld.com\\\/nl\\\/#\\\/schema\\\/person\\\/c0c7c661ad3c8719ed05a7dc85d6fa12\"},\"description\":\"Rumbo al Sol de Medianoche (D\u00eda 9) Una nueva aventura con Brigitte y Fritz. Descubre todo lo que vivieron en esta etapa. Los detalles, en el art\u00edculo.\",\"breadcrumb\":{\"@id\":\"https:\\\/\\\/www.velomobileworld.com\\\/es\\\/rumbo-al-sol-de-medianoche-dia-9\\\/#breadcrumb\"},\"inLanguage\":\"es\",\"potentialAction\":[{\"@type\":\"ReadAction\",\"target\":[\"https:\\\/\\\/www.velomobileworld.com\\\/es\\\/rumbo-al-sol-de-medianoche-dia-9\\\/\"]}]},{\"@type\":\"ImageObject\",\"inLanguage\":\"es\",\"@id\":\"https:\\\/\\\/www.velomobileworld.com\\\/es\\\/rumbo-al-sol-de-medianoche-dia-9\\\/#primaryimage\",\"url\":\"https:\\\/\\\/www.velomobileworld.com\\\/wp-content\\\/uploads\\\/2024\\\/12\\\/Midnightsun-Day-7.jpg\",\"contentUrl\":\"https:\\\/\\\/www.velomobileworld.com\\\/wp-content\\\/uploads\\\/2024\\\/12\\\/Midnightsun-Day-7.jpg\",\"width\":1920,\"height\":850,\"caption\":\"xr:d:DAFz_8ZTGo0:3,j:8881507481753453021,t:23111223\"},{\"@type\":\"BreadcrumbList\",\"@id\":\"https:\\\/\\\/www.velomobileworld.com\\\/es\\\/rumbo-al-sol-de-medianoche-dia-9\\\/#breadcrumb\",\"itemListElement\":[{\"@type\":\"ListItem\",\"position\":1,\"name\":\"Home\",\"item\":\"https:\\\/\\\/www.velomobileworld.com\\\/\"},{\"@type\":\"ListItem\",\"position\":2,\"name\":\"Rumbo al Sol de Medianoche (D\u00eda 9)\"}]},{\"@type\":\"WebSite\",\"@id\":\"https:\\\/\\\/www.velomobileworld.com\\\/nl\\\/#website\",\"url\":\"https:\\\/\\\/www.velomobileworld.com\\\/nl\\\/\",\"name\":\"Velomobile World\",\"description\":\"\",\"potentialAction\":[{\"@type\":\"SearchAction\",\"target\":{\"@type\":\"EntryPoint\",\"urlTemplate\":\"https:\\\/\\\/www.velomobileworld.com\\\/nl\\\/?s={search_term_string}\"},\"query-input\":{\"@type\":\"PropertyValueSpecification\",\"valueRequired\":true,\"valueName\":\"search_term_string\"}}],\"inLanguage\":\"es\"},{\"@type\":\"Person\",\"@id\":\"https:\\\/\\\/www.velomobileworld.com\\\/nl\\\/#\\\/schema\\\/person\\\/c0c7c661ad3c8719ed05a7dc85d6fa12\",\"name\":\"Jan Wijnen\",\"image\":{\"@type\":\"ImageObject\",\"inLanguage\":\"es\",\"@id\":\"https:\\\/\\\/secure.gravatar.com\\\/avatar\\\/4802c8a6006d5895d73a1141e39ccf819bca7ec1dbfb26a6f4370880cefa109a?s=96&d=mm&r=g\",\"url\":\"https:\\\/\\\/secure.gravatar.com\\\/avatar\\\/4802c8a6006d5895d73a1141e39ccf819bca7ec1dbfb26a6f4370880cefa109a?s=96&d=mm&r=g\",\"contentUrl\":\"https:\\\/\\\/secure.gravatar.com\\\/avatar\\\/4802c8a6006d5895d73a1141e39ccf819bca7ec1dbfb26a6f4370880cefa109a?s=96&d=mm&r=g\",\"caption\":\"Jan Wijnen\"},\"url\":\"https:\\\/\\\/www.velomobileworld.com\\\/es\\\/author\\\/jan-admin\\\/\"}]}<\/script>\n<!-- \/ Yoast SEO plugin. -->","yoast_head_json":{"title":"Rumbo al Sol de Medianoche (D\u00eda 9) | Velomobile World","description":"Rumbo al Sol de Medianoche (D\u00eda 9) Una nueva aventura con Brigitte y Fritz. Descubre todo lo que vivieron en esta etapa. Los detalles, en el art\u00edculo.","robots":{"index":"index","follow":"follow","max-snippet":"max-snippet:-1","max-image-preview":"max-image-preview:large","max-video-preview":"max-video-preview:-1"},"canonical":"https:\/\/www.velomobileworld.com\/es\/rumbo-al-sol-de-medianoche-dia-9\/","og_locale":"es_ES","og_type":"article","og_title":"Rumbo al Sol de Medianoche (D\u00eda 9) | Velomobile World","og_description":"Rumbo al Sol de Medianoche (D\u00eda 9) Una nueva aventura con Brigitte y Fritz. Descubre todo lo que vivieron en esta etapa. Los detalles, en el art\u00edculo.","og_url":"https:\/\/www.velomobileworld.com\/es\/rumbo-al-sol-de-medianoche-dia-9\/","og_site_name":"Velomobile World","article_published_time":"2024-12-23T08:39:33+00:00","article_modified_time":"2025-07-25T10:13:02+00:00","og_image":[{"width":1920,"height":850,"url":"https:\/\/www.velomobileworld.com\/wp-content\/uploads\/2024\/12\/Midnightsun-Day-7.jpg","type":"image\/jpeg"}],"author":"Jan Wijnen","twitter_card":"summary_large_image","twitter_misc":{"Escrito por":"Jan Wijnen","Tiempo de lectura":"1 minuto"},"schema":{"@context":"https:\/\/schema.org","@graph":[{"@type":"Article","@id":"https:\/\/www.velomobileworld.com\/es\/rumbo-al-sol-de-medianoche-dia-9\/#article","isPartOf":{"@id":"https:\/\/www.velomobileworld.com\/es\/rumbo-al-sol-de-medianoche-dia-9\/"},"author":{"name":"Jan Wijnen","@id":"https:\/\/www.velomobileworld.com\/nl\/#\/schema\/person\/c0c7c661ad3c8719ed05a7dc85d6fa12"},"headline":"Rumbo al Sol de Medianoche (D\u00eda 9)","datePublished":"2024-12-23T08:39:33+00:00","dateModified":"2025-07-25T10:13:02+00:00","mainEntityOfPage":{"@id":"https:\/\/www.velomobileworld.com\/es\/rumbo-al-sol-de-medianoche-dia-9\/"},"wordCount":298,"commentCount":0,"image":{"@id":"https:\/\/www.velomobileworld.com\/es\/rumbo-al-sol-de-medianoche-dia-9\/#primaryimage"},"thumbnailUrl":"https:\/\/www.velomobileworld.com\/wp-content\/uploads\/2024\/12\/Midnightsun-Day-7.jpg","inLanguage":"es","potentialAction":[{"@type":"CommentAction","name":"Comment","target":["https:\/\/www.velomobileworld.com\/es\/rumbo-al-sol-de-medianoche-dia-9\/#respond"]}]},{"@type":"WebPage","@id":"https:\/\/www.velomobileworld.com\/es\/rumbo-al-sol-de-medianoche-dia-9\/","url":"https:\/\/www.velomobileworld.com\/es\/rumbo-al-sol-de-medianoche-dia-9\/","name":"Rumbo al Sol de Medianoche (D\u00eda 9) | Velomobile World","isPartOf":{"@id":"https:\/\/www.velomobileworld.com\/nl\/#website"},"primaryImageOfPage":{"@id":"https:\/\/www.velomobileworld.com\/es\/rumbo-al-sol-de-medianoche-dia-9\/#primaryimage"},"image":{"@id":"https:\/\/www.velomobileworld.com\/es\/rumbo-al-sol-de-medianoche-dia-9\/#primaryimage"},"thumbnailUrl":"https:\/\/www.velomobileworld.com\/wp-content\/uploads\/2024\/12\/Midnightsun-Day-7.jpg","datePublished":"2024-12-23T08:39:33+00:00","dateModified":"2025-07-25T10:13:02+00:00","author":{"@id":"https:\/\/www.velomobileworld.com\/nl\/#\/schema\/person\/c0c7c661ad3c8719ed05a7dc85d6fa12"},"description":"Rumbo al Sol de Medianoche (D\u00eda 9) Una nueva aventura con Brigitte y Fritz. Descubre todo lo que vivieron en esta etapa. Los detalles, en el art\u00edculo.","breadcrumb":{"@id":"https:\/\/www.velomobileworld.com\/es\/rumbo-al-sol-de-medianoche-dia-9\/#breadcrumb"},"inLanguage":"es","potentialAction":[{"@type":"ReadAction","target":["https:\/\/www.velomobileworld.com\/es\/rumbo-al-sol-de-medianoche-dia-9\/"]}]},{"@type":"ImageObject","inLanguage":"es","@id":"https:\/\/www.velomobileworld.com\/es\/rumbo-al-sol-de-medianoche-dia-9\/#primaryimage","url":"https:\/\/www.velomobileworld.com\/wp-content\/uploads\/2024\/12\/Midnightsun-Day-7.jpg","contentUrl":"https:\/\/www.velomobileworld.com\/wp-content\/uploads\/2024\/12\/Midnightsun-Day-7.jpg","width":1920,"height":850,"caption":"xr:d:DAFz_8ZTGo0:3,j:8881507481753453021,t:23111223"},{"@type":"BreadcrumbList","@id":"https:\/\/www.velomobileworld.com\/es\/rumbo-al-sol-de-medianoche-dia-9\/#breadcrumb","itemListElement":[{"@type":"ListItem","position":1,"name":"Home","item":"https:\/\/www.velomobileworld.com\/"},{"@type":"ListItem","position":2,"name":"Rumbo al Sol de Medianoche (D\u00eda 9)"}]},{"@type":"WebSite","@id":"https:\/\/www.velomobileworld.com\/nl\/#website","url":"https:\/\/www.velomobileworld.com\/nl\/","name":"Velomobile World","description":"","potentialAction":[{"@type":"SearchAction","target":{"@type":"EntryPoint","urlTemplate":"https:\/\/www.velomobileworld.com\/nl\/?s={search_term_string}"},"query-input":{"@type":"PropertyValueSpecification","valueRequired":true,"valueName":"search_term_string"}}],"inLanguage":"es"},{"@type":"Person","@id":"https:\/\/www.velomobileworld.com\/nl\/#\/schema\/person\/c0c7c661ad3c8719ed05a7dc85d6fa12","name":"Jan Wijnen","image":{"@type":"ImageObject","inLanguage":"es","@id":"https:\/\/secure.gravatar.com\/avatar\/4802c8a6006d5895d73a1141e39ccf819bca7ec1dbfb26a6f4370880cefa109a?s=96&d=mm&r=g","url":"https:\/\/secure.gravatar.com\/avatar\/4802c8a6006d5895d73a1141e39ccf819bca7ec1dbfb26a6f4370880cefa109a?s=96&d=mm&r=g","contentUrl":"https:\/\/secure.gravatar.com\/avatar\/4802c8a6006d5895d73a1141e39ccf819bca7ec1dbfb26a6f4370880cefa109a?s=96&d=mm&r=g","caption":"Jan Wijnen"},"url":"https:\/\/www.velomobileworld.com\/es\/author\/jan-admin\/"}]}},"_links":{"self":[{"href":"https:\/\/www.velomobileworld.com\/es\/wp-json\/wp\/v2\/posts\/78087","targetHints":{"allow":["GET"]}}],"collection":[{"href":"https:\/\/www.velomobileworld.com\/es\/wp-json\/wp\/v2\/posts"}],"about":[{"href":"https:\/\/www.velomobileworld.com\/es\/wp-json\/wp\/v2\/types\/post"}],"author":[{"embeddable":true,"href":"https:\/\/www.velomobileworld.com\/es\/wp-json\/wp\/v2\/users\/4"}],"replies":[{"embeddable":true,"href":"https:\/\/www.velomobileworld.com\/es\/wp-json\/wp\/v2\/comments?post=78087"}],"version-history":[{"count":1,"href":"https:\/\/www.velomobileworld.com\/es\/wp-json\/wp\/v2\/posts\/78087\/revisions"}],"predecessor-version":[{"id":100833,"href":"https:\/\/www.velomobileworld.com\/es\/wp-json\/wp\/v2\/posts\/78087\/revisions\/100833"}],"wp:featuredmedia":[{"embeddable":true,"href":"https:\/\/www.velomobileworld.com\/es\/wp-json\/wp\/v2\/media\/78064"}],"wp:attachment":[{"href":"https:\/\/www.velomobileworld.com\/es\/wp-json\/wp\/v2\/media?parent=78087"}],"wp:term":[{"taxonomy":"category","embeddable":true,"href":"https:\/\/www.velomobileworld.com\/es\/wp-json\/wp\/v2\/categories?post=78087"},{"taxonomy":"post_tag","embeddable":true,"href":"https:\/\/www.velomobileworld.com\/es\/wp-json\/wp\/v2\/tags?post=78087"}],"curies":[{"name":"wp","href":"https:\/\/api.w.org\/{rel}","templated":true}]}}