{"id":78099,"date":"2024-12-11T16:04:00","date_gmt":"2024-12-11T15:04:00","guid":{"rendered":"https:\/\/velomobileworld.convident.dev\/rumbo-al-sol-de-medianoche-dia-7\/"},"modified":"2025-07-25T12:13:03","modified_gmt":"2025-07-25T10:13:03","slug":"rumbo-al-sol-de-medianoche-dia-7","status":"publish","type":"post","link":"https:\/\/www.velomobileworld.com\/es\/rumbo-al-sol-de-medianoche-dia-7\/","title":{"rendered":"Rumbo al Sol de Medianoche (D\u00eda 7)"},"content":{"rendered":"<div class=\"flex basis-auto flex-col -mb-(--composer-overlap-px) [--composer-overlap-px:24px] grow overflow-hidden\">\n<div class=\"relative h-full\">\n<div class=\"flex h-full flex-col overflow-y-auto [scrollbar-gutter:stable_both-edges] @[84rem]\/thread:pt-(--header-height)\">\n<div class=\"@thread-xl\/thread:pt-header-height mt-1.5 flex flex-col text-sm pb-25\">\n<article class=\"text-token-text-primary w-full\" dir=\"auto\" data-testid=\"conversation-turn-4\" data-scroll-anchor=\"true\">\n<div class=\"text-base my-auto mx-auto py-5 [--thread-content-margin:--spacing(4)] @[37rem]:[--thread-content-margin:--spacing(6)] @[72rem]:[--thread-content-margin:--spacing(16)] px-(--thread-content-margin)\">\n<div class=\"[--thread-content-max-width:32rem] @[34rem]:[--thread-content-max-width:40rem] @[64rem]:[--thread-content-max-width:48rem] mx-auto flex max-w-(--thread-content-max-width) flex-1 text-base gap-4 md:gap-5 lg:gap-6 group\/turn-messages focus-visible:outline-hidden\" tabindex=\"-1\">\n<div class=\"group\/conversation-turn relative flex w-full min-w-0 flex-col agent-turn\">\n<div class=\"relative flex-col gap-1 md:gap-3\">\n<div class=\"flex max-w-full flex-col grow\">\n<div class=\"min-h-8 text-message relative flex w-full flex-col items-end gap-2 text-start break-words whitespace-normal [.text-message+&amp;]:mt-5\" dir=\"auto\" data-message-author-role=\"assistant\" data-message-id=\"b6b76f58-a901-45f2-8697-6338d05f7d48\" data-message-model-slug=\"gpt-4o\">\n<div class=\"flex w-full flex-col gap-1 empty:hidden first:pt-[3px]\">\n<div class=\"markdown prose dark:prose-invert w-full break-words dark\">\n<p data-start=\"190\" data-end=\"261\"><strong data-start=\"190\" data-end=\"261\">Descubre AQU\u00cd todos los d\u00edas del viaje \u00abRumbo al Sol de Medianoche\u00bb<\/strong><\/p>\n<p data-start=\"263\" data-end=\"319\"><strong data-start=\"263\" data-end=\"319\">D\u00eda 7 | Larvik &#8211; Oslo | 142 KM | 1.057 M de desnivel<\/strong><\/p>\n<p data-start=\"321\" data-end=\"804\">Nos esperaba un d\u00eda precioso con un sol radiante. A las 6:00 a.m. nos levantamos, desayunamos y a las 8:30 a.m. comenzamos la ruta. Primero por un sendero muy estrecho que conectaba con una carretera m\u00e1s grande. Tras unos pocos cientos de metros, la primera sorpresa: el sendero estaba cerrado. Movimos las barreras a un lado y seguimos adelante. Esto se repiti\u00f3 tres veces m\u00e1s hasta que finalmente llegamos al camino correcto. Desde ah\u00ed cruzamos un paisaje de peque\u00f1as ondulaciones.<\/p>\n<p data-start=\"806\" data-end=\"1050\">Eso significa subidas cortas de entre 3 y 10 metros con pendientes del 5 al 9 %, seguidas de bajadas igual de r\u00e1pidas, y as\u00ed sucesivamente. Puede ser agotador si intentas afrontar cada cuesta con inercia, pedaleando fuerte para ganar velocidad.<\/p>\n<p data-start=\"1052\" data-end=\"1349\">Entre tanto, atravesamos valles alargados que ascienden hacia el norte. En el sur de Noruega y Suecia predominan estos valles en forma de canal, que corren de norte a sur. Si quieres cruzar de oeste a este, hay que pasar por estos valles y sus cordilleras. Hoy tuvimos que superar cuatro de estas.<\/p>\n<p data-start=\"1351\" data-end=\"1781\">La ruta pas\u00f3 por Sandefjord y lleg\u00f3 hasta Holmestrand, alternando entre carreteras secundarias y tramos de la E18. Incluso esta gran carretera result\u00f3 c\u00f3moda, ya que ten\u00eda carriles bici amplios y en buen estado. Muchos noruegos no los usan y prefieren circular directamente por la calzada, por lo que nadie se molest\u00f3 al vernos hacer lo mismo. Por cierto, hasta ahora los conductores noruegos han sido muy respetuosos y prudentes.<\/p>\n<p data-start=\"1783\" data-end=\"2360\">En Holmestrand hicimos una pausa para almorzar justo en el muelle, disfrutando de las vistas a los barcos. Mucha gente se acerc\u00f3 a preguntarnos por los velom\u00f3viles, y varios los encontraron originales o \u201cmuy cool\u201d. Dos se\u00f1oras mayores nos dijeron que deber\u00edamos salir en el peri\u00f3dico. A\u00fan ten\u00edamos antojo de un helado, as\u00ed que fui a buscar uno. Al volver, un hombre extra\u00f1o estaba sentado con Biggi, conversando animadamente. Result\u00f3 ser un periodista del peri\u00f3dico local. Quer\u00eda saberlo todo sobre los velom\u00f3viles, por qu\u00e9 est\u00e1bamos en Holmestrand, ad\u00f3nde \u00edbamos, y mucho m\u00e1s.<\/p>\n<p data-start=\"2362\" data-end=\"2567\">Una vez saciada su curiosidad, seguimos adelante. Bordeamos el fiordo Holmefjord rumbo a Drammen, un importante centro industrial y nudo de transporte. Luego vino la \u00faltima subida larga y empinada del d\u00eda.<\/p>\n<p data-start=\"2569\" data-end=\"2840\">Poco antes de coronarla, se rompi\u00f3 el cable del desviador delantero. Una pena, porque hasta ese momento avanz\u00e1bamos r\u00e1pido y con buen ritmo. Eso nos har\u00eda perder tiempo. Justo debajo de la carretera hab\u00eda un bonito lago con zona de ba\u00f1o, pero tuve que quedarme a reparar.<\/p>\n<p data-start=\"2842\" data-end=\"3449\" data-is-last-node=\"\" data-is-only-node=\"\">Al hacerlo, descubr\u00ed que en realidad lo que estaba roto era la funda del cable, as\u00ed que el desviador segu\u00eda sin funcionar. Necesitaba una nueva funda, y la encontrar\u00edamos en la pr\u00f3xima tienda, ya en Oslo. Bloque\u00e9 el desviador con una herramienta para mantener la cadena en el plato grande. Ya en las afueras de Oslo encontramos una peque\u00f1a tienda de bicis. El amable due\u00f1o nos prest\u00f3 herramientas y una funda nueva. Con mi velom\u00f3vil rojo de nuevo en forma, pudimos entrar por fin en Oslo. Tras un laberinto de rotondas, t\u00faneles, pasos subterr\u00e1neos, carriles bici y puentes, llegamos a casa de nuestro amigo.<\/p>\n<\/div>\n<\/div>\n<\/div>\n<\/div>\n<\/div>\n<\/div>\n<\/div>\n<\/div>\n<\/article>\n<div class=\"pointer-events-none h-px w-px\" aria-hidden=\"true\" data-edge=\"true\"><\/div>\n<div><\/div>\n<\/div>\n<\/div>\n<\/div>\n<\/div>\n<div id=\"thread-bottom-container\" class=\"isolate z-3 w-full basis-auto has-data-has-thread-error:pt-2 has-data-has-thread-error:[box-shadow:var(--sharp-edge-bottom-shadow)] md:border-transparent md:pt-0 dark:border-white\/20 md:dark:border-transparent mb-4 flex flex-col\">\n<div id=\"thread-bottom\">\n<div class=\"text-base mx-auto [--thread-content-margin:--spacing(4)] @[37rem]:[--thread-content-margin:--spacing(6)] @[72rem]:[--thread-content-margin:--spacing(16)] px-(--thread-content-margin)\">\n<div class=\"[--thread-content-max-width:32rem] @[34rem]:[--thread-content-max-width:40rem] @[64rem]:[--thread-content-max-width:48rem] mx-auto flex max-w-(--thread-content-max-width) flex-1 text-base gap-4 md:gap-5 lg:gap-6\">\n<div class=\"flex justify-center empty:hidden\"><\/div>\n<div class=\"max-xs:[--force-hide-label:none] relative z-1 flex h-full max-w-full flex-1 flex-col\" aria-haspopup=\"dialog\" aria-expanded=\"false\" aria-controls=\"radix-\u00abr19f\u00bb\" data-state=\"closed\">\n<div class=\"absolute start-0 end-0 bottom-full z-20\"><\/div>\n<form class=\"w-full [view-transition-name:var(--vt-composer)]\" data-type=\"unified-composer\">\n<div class=\"flex w-full cursor-text flex-col items-center justify-center rounded-[28px] bg-clip-padding contain-inline-size overflow-clip shadow-short bg-token-bg-primary dark:bg-[#303030]\">\n<div class=\"relative flex w-full items-end px-2.5 py-2.5\">\n<div class=\"relative flex w-full flex-auto flex-col\">\n<div class=\"relative mx-2.5 grid grid-cols-[auto_minmax(0,1fr)]\">\n<div class=\"items-top flex justify-center\">\n<div><\/div>\n<\/div>\n<div class=\"relative flex-auto bg-transparent pt-1.5\">\n<div class=\"flex flex-col justify-start\">\n<div class=\"flex min-h-12 items-start\">\n<div class=\"max-w-full min-w-0 flex-1\">\n<div class=\"_prosemirror-parent_kfgfu_2 text-token-text-primary max-h-[25dvh] max-h-52 -mx-3 px-3 overflow-auto [scrollbar-width:thin] default-browser vertical-scroll-fade-mask min-h-12 pe-3\"><textarea class=\"text-token-text-primary placeholder:text-token-text-tertiary block h-10 w-full resize-none border-0 bg-transparent px-0 py-2 ring-0 placeholder:ps-px\" placeholder=\"Ask anything\" data-virtualkeyboard=\"true\"><\/textarea><script>window.__oai_logHTML?window.__oai_logHTML():window.__oai_SSR_HTML=window.__oai_SSR_HTML||Date.now();requestAnimationFrame((function(){window.__oai_logTTI?window.__oai_logTTI():window.__oai_SSR_TTI=window.__oai_SSR_TTI||Date.now()}))<\/script><\/p>\n<div id=\"prompt-textarea\" class=\"ProseMirror\" contenteditable=\"true\" translate=\"no\" data-virtualkeyboard=\"true\"><\/div>\n<\/div>\n<\/div>\n<\/div>\n<\/div>\n<\/div>\n<\/div>\n<div class=\"justify-content-end relative ms-2 flex w-full flex-auto flex-col\">\n<div class=\"flex-auto\"><\/div>\n<\/div>\n<div><\/div>\n<\/div>\n<div class=\"bg-primary-surface-primary absolute start-2.5 end-0 bottom-2.5 z-2 flex items-center\">\n<div class=\"w-full\">\n<div class=\"flex items-center\" data-testid=\"composer-footer-actions\">\n<div data-testid=\"composer-action-file-upload\">\n<div class=\"relative\">\n<div class=\"flex flex-col\"><input class=\"hidden\" tabindex=\"-1\" multiple=\"multiple\" type=\"file\" \/><button id=\"upload-file-btn\" class=\"composer-btn\" type=\"button\" aria-haspopup=\"menu\" aria-expanded=\"false\" data-state=\"closed\" aria-label=\"Add photos and files\"><\/button><\/p>\n<div class=\"w-fit\" aria-haspopup=\"dialog\" aria-expanded=\"false\" aria-controls=\"radix-\u00abr19j\u00bb\" data-state=\"closed\">\n<div><\/div>\n<\/div>\n<\/div>\n<\/div>\n<\/div>\n<div><\/div>\n<div><\/div>\n<\/div>\n<div class=\"absolute end-2.5 bottom-0 flex items-center gap-2\" data-testid=\"composer-trailing-actions\">\n<div class=\"ms-auto flex items-center gap-1.5\"><\/div>\n<\/div>\n<\/div>\n<\/div>\n<div class=\"absolute start-4 top-3 ms-[1px] flex items-center pb-px\"><\/div>\n<\/div>\n<\/div>\n<\/form>\n<\/div>\n<\/div>\n<\/div>\n<\/div>\n<\/div>\n","protected":false},"excerpt":{"rendered":"<p>Descubre AQU\u00cd todos los d\u00edas del viaje \u00abRumbo al Sol de Medianoche\u00bb D\u00eda 7 | Larvik &#8211; Oslo | 142 [&hellip;]<\/p>\n","protected":false},"author":4,"featured_media":78064,"comment_status":"open","ping_status":"closed","sticky":false,"template":"","format":"standard","meta":{"_acf_changed":false,"footnotes":""},"categories":[739],"tags":[],"class_list":["post-78099","post","type-post","status-publish","format-standard","has-post-thumbnail","hentry","category-sin-categoria"],"acf":[],"yoast_head":"<!-- This site is optimized with the Yoast SEO plugin v27.5 - https:\/\/yoast.com\/product\/yoast-seo-wordpress\/ -->\n<title>Rumbo al Sol de Medianoche (D\u00eda 7)<\/title>\n<meta name=\"description\" content=\"Rumbo al Sol de Medianoche (D\u00eda 7). Otra traves\u00eda junto a Brigitte y Fritz. Descubre sus aventuras. Todos los detalles en el art\u00edculo.\" \/>\n<meta name=\"robots\" content=\"index, follow, max-snippet:-1, max-image-preview:large, max-video-preview:-1\" \/>\n<link rel=\"canonical\" href=\"https:\/\/www.velomobileworld.com\/es\/rumbo-al-sol-de-medianoche-dia-7\/\" \/>\n<meta property=\"og:locale\" content=\"es_ES\" \/>\n<meta property=\"og:type\" content=\"article\" \/>\n<meta property=\"og:title\" content=\"Rumbo al Sol de Medianoche (D\u00eda 7)\" \/>\n<meta property=\"og:description\" content=\"Rumbo al Sol de Medianoche (D\u00eda 7). Otra traves\u00eda junto a Brigitte y Fritz. Descubre sus aventuras. Todos los detalles en el art\u00edculo.\" \/>\n<meta property=\"og:url\" content=\"https:\/\/www.velomobileworld.com\/es\/rumbo-al-sol-de-medianoche-dia-7\/\" \/>\n<meta property=\"og:site_name\" content=\"Velomobile World\" \/>\n<meta property=\"article:published_time\" content=\"2024-12-11T15:04:00+00:00\" \/>\n<meta property=\"article:modified_time\" content=\"2025-07-25T10:13:03+00:00\" \/>\n<meta property=\"og:image\" content=\"https:\/\/www.velomobileworld.com\/wp-content\/uploads\/2024\/12\/Midnightsun-Day-7.jpg\" \/>\n\t<meta property=\"og:image:width\" content=\"1920\" \/>\n\t<meta property=\"og:image:height\" content=\"850\" \/>\n\t<meta property=\"og:image:type\" content=\"image\/jpeg\" \/>\n<meta name=\"author\" content=\"Jan Wijnen\" \/>\n<meta name=\"twitter:card\" content=\"summary_large_image\" \/>\n<meta name=\"twitter:label1\" content=\"Escrito por\" \/>\n\t<meta name=\"twitter:data1\" content=\"Jan Wijnen\" \/>\n\t<meta name=\"twitter:label2\" content=\"Tiempo de lectura\" \/>\n\t<meta name=\"twitter:data2\" content=\"3 minutos\" \/>\n<script type=\"application\/ld+json\" class=\"yoast-schema-graph\">{\"@context\":\"https:\\\/\\\/schema.org\",\"@graph\":[{\"@type\":\"Article\",\"@id\":\"https:\\\/\\\/www.velomobileworld.com\\\/es\\\/rumbo-al-sol-de-medianoche-dia-7\\\/#article\",\"isPartOf\":{\"@id\":\"https:\\\/\\\/www.velomobileworld.com\\\/es\\\/rumbo-al-sol-de-medianoche-dia-7\\\/\"},\"author\":{\"name\":\"Jan Wijnen\",\"@id\":\"https:\\\/\\\/www.velomobileworld.com\\\/nl\\\/#\\\/schema\\\/person\\\/c0c7c661ad3c8719ed05a7dc85d6fa12\"},\"headline\":\"Rumbo al Sol de Medianoche (D\u00eda 7)\",\"datePublished\":\"2024-12-11T15:04:00+00:00\",\"dateModified\":\"2025-07-25T10:13:03+00:00\",\"mainEntityOfPage\":{\"@id\":\"https:\\\/\\\/www.velomobileworld.com\\\/es\\\/rumbo-al-sol-de-medianoche-dia-7\\\/\"},\"wordCount\":577,\"commentCount\":0,\"image\":{\"@id\":\"https:\\\/\\\/www.velomobileworld.com\\\/es\\\/rumbo-al-sol-de-medianoche-dia-7\\\/#primaryimage\"},\"thumbnailUrl\":\"https:\\\/\\\/www.velomobileworld.com\\\/wp-content\\\/uploads\\\/2024\\\/12\\\/Midnightsun-Day-7.jpg\",\"inLanguage\":\"es\",\"potentialAction\":[{\"@type\":\"CommentAction\",\"name\":\"Comment\",\"target\":[\"https:\\\/\\\/www.velomobileworld.com\\\/es\\\/rumbo-al-sol-de-medianoche-dia-7\\\/#respond\"]}]},{\"@type\":\"WebPage\",\"@id\":\"https:\\\/\\\/www.velomobileworld.com\\\/es\\\/rumbo-al-sol-de-medianoche-dia-7\\\/\",\"url\":\"https:\\\/\\\/www.velomobileworld.com\\\/es\\\/rumbo-al-sol-de-medianoche-dia-7\\\/\",\"name\":\"Rumbo al Sol de Medianoche (D\u00eda 7)\",\"isPartOf\":{\"@id\":\"https:\\\/\\\/www.velomobileworld.com\\\/nl\\\/#website\"},\"primaryImageOfPage\":{\"@id\":\"https:\\\/\\\/www.velomobileworld.com\\\/es\\\/rumbo-al-sol-de-medianoche-dia-7\\\/#primaryimage\"},\"image\":{\"@id\":\"https:\\\/\\\/www.velomobileworld.com\\\/es\\\/rumbo-al-sol-de-medianoche-dia-7\\\/#primaryimage\"},\"thumbnailUrl\":\"https:\\\/\\\/www.velomobileworld.com\\\/wp-content\\\/uploads\\\/2024\\\/12\\\/Midnightsun-Day-7.jpg\",\"datePublished\":\"2024-12-11T15:04:00+00:00\",\"dateModified\":\"2025-07-25T10:13:03+00:00\",\"author\":{\"@id\":\"https:\\\/\\\/www.velomobileworld.com\\\/nl\\\/#\\\/schema\\\/person\\\/c0c7c661ad3c8719ed05a7dc85d6fa12\"},\"description\":\"Rumbo al Sol de Medianoche (D\u00eda 7). Otra traves\u00eda junto a Brigitte y Fritz. Descubre sus aventuras. Todos los detalles en el art\u00edculo.\",\"breadcrumb\":{\"@id\":\"https:\\\/\\\/www.velomobileworld.com\\\/es\\\/rumbo-al-sol-de-medianoche-dia-7\\\/#breadcrumb\"},\"inLanguage\":\"es\",\"potentialAction\":[{\"@type\":\"ReadAction\",\"target\":[\"https:\\\/\\\/www.velomobileworld.com\\\/es\\\/rumbo-al-sol-de-medianoche-dia-7\\\/\"]}]},{\"@type\":\"ImageObject\",\"inLanguage\":\"es\",\"@id\":\"https:\\\/\\\/www.velomobileworld.com\\\/es\\\/rumbo-al-sol-de-medianoche-dia-7\\\/#primaryimage\",\"url\":\"https:\\\/\\\/www.velomobileworld.com\\\/wp-content\\\/uploads\\\/2024\\\/12\\\/Midnightsun-Day-7.jpg\",\"contentUrl\":\"https:\\\/\\\/www.velomobileworld.com\\\/wp-content\\\/uploads\\\/2024\\\/12\\\/Midnightsun-Day-7.jpg\",\"width\":1920,\"height\":850,\"caption\":\"xr:d:DAFz_8ZTGo0:3,j:8881507481753453021,t:23111223\"},{\"@type\":\"BreadcrumbList\",\"@id\":\"https:\\\/\\\/www.velomobileworld.com\\\/es\\\/rumbo-al-sol-de-medianoche-dia-7\\\/#breadcrumb\",\"itemListElement\":[{\"@type\":\"ListItem\",\"position\":1,\"name\":\"Home\",\"item\":\"https:\\\/\\\/www.velomobileworld.com\\\/\"},{\"@type\":\"ListItem\",\"position\":2,\"name\":\"Rumbo al Sol de Medianoche (D\u00eda 7)\"}]},{\"@type\":\"WebSite\",\"@id\":\"https:\\\/\\\/www.velomobileworld.com\\\/nl\\\/#website\",\"url\":\"https:\\\/\\\/www.velomobileworld.com\\\/nl\\\/\",\"name\":\"Velomobile World\",\"description\":\"\",\"potentialAction\":[{\"@type\":\"SearchAction\",\"target\":{\"@type\":\"EntryPoint\",\"urlTemplate\":\"https:\\\/\\\/www.velomobileworld.com\\\/nl\\\/?s={search_term_string}\"},\"query-input\":{\"@type\":\"PropertyValueSpecification\",\"valueRequired\":true,\"valueName\":\"search_term_string\"}}],\"inLanguage\":\"es\"},{\"@type\":\"Person\",\"@id\":\"https:\\\/\\\/www.velomobileworld.com\\\/nl\\\/#\\\/schema\\\/person\\\/c0c7c661ad3c8719ed05a7dc85d6fa12\",\"name\":\"Jan Wijnen\",\"image\":{\"@type\":\"ImageObject\",\"inLanguage\":\"es\",\"@id\":\"https:\\\/\\\/secure.gravatar.com\\\/avatar\\\/4802c8a6006d5895d73a1141e39ccf819bca7ec1dbfb26a6f4370880cefa109a?s=96&d=mm&r=g\",\"url\":\"https:\\\/\\\/secure.gravatar.com\\\/avatar\\\/4802c8a6006d5895d73a1141e39ccf819bca7ec1dbfb26a6f4370880cefa109a?s=96&d=mm&r=g\",\"contentUrl\":\"https:\\\/\\\/secure.gravatar.com\\\/avatar\\\/4802c8a6006d5895d73a1141e39ccf819bca7ec1dbfb26a6f4370880cefa109a?s=96&d=mm&r=g\",\"caption\":\"Jan Wijnen\"},\"url\":\"https:\\\/\\\/www.velomobileworld.com\\\/es\\\/author\\\/jan-admin\\\/\"}]}<\/script>\n<!-- \/ Yoast SEO plugin. -->","yoast_head_json":{"title":"Rumbo al Sol de Medianoche (D\u00eda 7)","description":"Rumbo al Sol de Medianoche (D\u00eda 7). Otra traves\u00eda junto a Brigitte y Fritz. Descubre sus aventuras. Todos los detalles en el art\u00edculo.","robots":{"index":"index","follow":"follow","max-snippet":"max-snippet:-1","max-image-preview":"max-image-preview:large","max-video-preview":"max-video-preview:-1"},"canonical":"https:\/\/www.velomobileworld.com\/es\/rumbo-al-sol-de-medianoche-dia-7\/","og_locale":"es_ES","og_type":"article","og_title":"Rumbo al Sol de Medianoche (D\u00eda 7)","og_description":"Rumbo al Sol de Medianoche (D\u00eda 7). Otra traves\u00eda junto a Brigitte y Fritz. Descubre sus aventuras. Todos los detalles en el art\u00edculo.","og_url":"https:\/\/www.velomobileworld.com\/es\/rumbo-al-sol-de-medianoche-dia-7\/","og_site_name":"Velomobile World","article_published_time":"2024-12-11T15:04:00+00:00","article_modified_time":"2025-07-25T10:13:03+00:00","og_image":[{"width":1920,"height":850,"url":"https:\/\/www.velomobileworld.com\/wp-content\/uploads\/2024\/12\/Midnightsun-Day-7.jpg","type":"image\/jpeg"}],"author":"Jan Wijnen","twitter_card":"summary_large_image","twitter_misc":{"Escrito por":"Jan Wijnen","Tiempo de lectura":"3 minutos"},"schema":{"@context":"https:\/\/schema.org","@graph":[{"@type":"Article","@id":"https:\/\/www.velomobileworld.com\/es\/rumbo-al-sol-de-medianoche-dia-7\/#article","isPartOf":{"@id":"https:\/\/www.velomobileworld.com\/es\/rumbo-al-sol-de-medianoche-dia-7\/"},"author":{"name":"Jan Wijnen","@id":"https:\/\/www.velomobileworld.com\/nl\/#\/schema\/person\/c0c7c661ad3c8719ed05a7dc85d6fa12"},"headline":"Rumbo al Sol de Medianoche (D\u00eda 7)","datePublished":"2024-12-11T15:04:00+00:00","dateModified":"2025-07-25T10:13:03+00:00","mainEntityOfPage":{"@id":"https:\/\/www.velomobileworld.com\/es\/rumbo-al-sol-de-medianoche-dia-7\/"},"wordCount":577,"commentCount":0,"image":{"@id":"https:\/\/www.velomobileworld.com\/es\/rumbo-al-sol-de-medianoche-dia-7\/#primaryimage"},"thumbnailUrl":"https:\/\/www.velomobileworld.com\/wp-content\/uploads\/2024\/12\/Midnightsun-Day-7.jpg","inLanguage":"es","potentialAction":[{"@type":"CommentAction","name":"Comment","target":["https:\/\/www.velomobileworld.com\/es\/rumbo-al-sol-de-medianoche-dia-7\/#respond"]}]},{"@type":"WebPage","@id":"https:\/\/www.velomobileworld.com\/es\/rumbo-al-sol-de-medianoche-dia-7\/","url":"https:\/\/www.velomobileworld.com\/es\/rumbo-al-sol-de-medianoche-dia-7\/","name":"Rumbo al Sol de Medianoche (D\u00eda 7)","isPartOf":{"@id":"https:\/\/www.velomobileworld.com\/nl\/#website"},"primaryImageOfPage":{"@id":"https:\/\/www.velomobileworld.com\/es\/rumbo-al-sol-de-medianoche-dia-7\/#primaryimage"},"image":{"@id":"https:\/\/www.velomobileworld.com\/es\/rumbo-al-sol-de-medianoche-dia-7\/#primaryimage"},"thumbnailUrl":"https:\/\/www.velomobileworld.com\/wp-content\/uploads\/2024\/12\/Midnightsun-Day-7.jpg","datePublished":"2024-12-11T15:04:00+00:00","dateModified":"2025-07-25T10:13:03+00:00","author":{"@id":"https:\/\/www.velomobileworld.com\/nl\/#\/schema\/person\/c0c7c661ad3c8719ed05a7dc85d6fa12"},"description":"Rumbo al Sol de Medianoche (D\u00eda 7). Otra traves\u00eda junto a Brigitte y Fritz. Descubre sus aventuras. Todos los detalles en el art\u00edculo.","breadcrumb":{"@id":"https:\/\/www.velomobileworld.com\/es\/rumbo-al-sol-de-medianoche-dia-7\/#breadcrumb"},"inLanguage":"es","potentialAction":[{"@type":"ReadAction","target":["https:\/\/www.velomobileworld.com\/es\/rumbo-al-sol-de-medianoche-dia-7\/"]}]},{"@type":"ImageObject","inLanguage":"es","@id":"https:\/\/www.velomobileworld.com\/es\/rumbo-al-sol-de-medianoche-dia-7\/#primaryimage","url":"https:\/\/www.velomobileworld.com\/wp-content\/uploads\/2024\/12\/Midnightsun-Day-7.jpg","contentUrl":"https:\/\/www.velomobileworld.com\/wp-content\/uploads\/2024\/12\/Midnightsun-Day-7.jpg","width":1920,"height":850,"caption":"xr:d:DAFz_8ZTGo0:3,j:8881507481753453021,t:23111223"},{"@type":"BreadcrumbList","@id":"https:\/\/www.velomobileworld.com\/es\/rumbo-al-sol-de-medianoche-dia-7\/#breadcrumb","itemListElement":[{"@type":"ListItem","position":1,"name":"Home","item":"https:\/\/www.velomobileworld.com\/"},{"@type":"ListItem","position":2,"name":"Rumbo al Sol de Medianoche (D\u00eda 7)"}]},{"@type":"WebSite","@id":"https:\/\/www.velomobileworld.com\/nl\/#website","url":"https:\/\/www.velomobileworld.com\/nl\/","name":"Velomobile World","description":"","potentialAction":[{"@type":"SearchAction","target":{"@type":"EntryPoint","urlTemplate":"https:\/\/www.velomobileworld.com\/nl\/?s={search_term_string}"},"query-input":{"@type":"PropertyValueSpecification","valueRequired":true,"valueName":"search_term_string"}}],"inLanguage":"es"},{"@type":"Person","@id":"https:\/\/www.velomobileworld.com\/nl\/#\/schema\/person\/c0c7c661ad3c8719ed05a7dc85d6fa12","name":"Jan Wijnen","image":{"@type":"ImageObject","inLanguage":"es","@id":"https:\/\/secure.gravatar.com\/avatar\/4802c8a6006d5895d73a1141e39ccf819bca7ec1dbfb26a6f4370880cefa109a?s=96&d=mm&r=g","url":"https:\/\/secure.gravatar.com\/avatar\/4802c8a6006d5895d73a1141e39ccf819bca7ec1dbfb26a6f4370880cefa109a?s=96&d=mm&r=g","contentUrl":"https:\/\/secure.gravatar.com\/avatar\/4802c8a6006d5895d73a1141e39ccf819bca7ec1dbfb26a6f4370880cefa109a?s=96&d=mm&r=g","caption":"Jan Wijnen"},"url":"https:\/\/www.velomobileworld.com\/es\/author\/jan-admin\/"}]}},"_links":{"self":[{"href":"https:\/\/www.velomobileworld.com\/es\/wp-json\/wp\/v2\/posts\/78099","targetHints":{"allow":["GET"]}}],"collection":[{"href":"https:\/\/www.velomobileworld.com\/es\/wp-json\/wp\/v2\/posts"}],"about":[{"href":"https:\/\/www.velomobileworld.com\/es\/wp-json\/wp\/v2\/types\/post"}],"author":[{"embeddable":true,"href":"https:\/\/www.velomobileworld.com\/es\/wp-json\/wp\/v2\/users\/4"}],"replies":[{"embeddable":true,"href":"https:\/\/www.velomobileworld.com\/es\/wp-json\/wp\/v2\/comments?post=78099"}],"version-history":[{"count":1,"href":"https:\/\/www.velomobileworld.com\/es\/wp-json\/wp\/v2\/posts\/78099\/revisions"}],"predecessor-version":[{"id":100842,"href":"https:\/\/www.velomobileworld.com\/es\/wp-json\/wp\/v2\/posts\/78099\/revisions\/100842"}],"wp:featuredmedia":[{"embeddable":true,"href":"https:\/\/www.velomobileworld.com\/es\/wp-json\/wp\/v2\/media\/78064"}],"wp:attachment":[{"href":"https:\/\/www.velomobileworld.com\/es\/wp-json\/wp\/v2\/media?parent=78099"}],"wp:term":[{"taxonomy":"category","embeddable":true,"href":"https:\/\/www.velomobileworld.com\/es\/wp-json\/wp\/v2\/categories?post=78099"},{"taxonomy":"post_tag","embeddable":true,"href":"https:\/\/www.velomobileworld.com\/es\/wp-json\/wp\/v2\/tags?post=78099"}],"curies":[{"name":"wp","href":"https:\/\/api.w.org\/{rel}","templated":true}]}}