{"id":78102,"date":"2024-12-11T15:53:39","date_gmt":"2024-12-11T14:53:39","guid":{"rendered":"https:\/\/velomobileworld.convident.dev\/rumbo-al-sol-de-medianoche-dia-52\/"},"modified":"2025-07-25T12:13:04","modified_gmt":"2025-07-25T10:13:04","slug":"rumbo-al-sol-de-medianoche-dia-52","status":"publish","type":"post","link":"https:\/\/www.velomobileworld.com\/es\/rumbo-al-sol-de-medianoche-dia-52\/","title":{"rendered":"Rumbo al Sol de Medianoche (D\u00eda 52)"},"content":{"rendered":"<div class=\"flex basis-auto flex-col -mb-(--composer-overlap-px) [--composer-overlap-px:24px] grow overflow-hidden\">\n<div class=\"relative h-full\">\n<div class=\"flex h-full flex-col overflow-y-auto [scrollbar-gutter:stable_both-edges] @[84rem]\/thread:pt-(--header-height)\">\n<div class=\"@thread-xl\/thread:pt-header-height mt-1.5 flex flex-col text-sm pb-25\">\n<article class=\"text-token-text-primary w-full\" dir=\"auto\" data-testid=\"conversation-turn-28\" data-scroll-anchor=\"true\">\n<div class=\"text-base my-auto mx-auto py-5 [--thread-content-margin:--spacing(4)] @[37rem]:[--thread-content-margin:--spacing(6)] @[72rem]:[--thread-content-margin:--spacing(16)] px-(--thread-content-margin)\">\n<div class=\"[--thread-content-max-width:32rem] @[34rem]:[--thread-content-max-width:40rem] @[64rem]:[--thread-content-max-width:48rem] mx-auto flex max-w-(--thread-content-max-width) flex-1 text-base gap-4 md:gap-5 lg:gap-6 group\/turn-messages focus-visible:outline-hidden\" tabindex=\"-1\">\n<div class=\"group\/conversation-turn relative flex w-full min-w-0 flex-col agent-turn\">\n<div class=\"relative flex-col gap-1 md:gap-3\">\n<div class=\"flex max-w-full flex-col grow\">\n<div class=\"min-h-8 text-message relative flex w-full flex-col items-end gap-2 text-start break-words whitespace-normal [.text-message+&amp;]:mt-5\" dir=\"auto\" data-message-author-role=\"assistant\" data-message-id=\"b117bbee-c370-4a28-a1e9-32a0b6b110aa\" data-message-model-slug=\"gpt-4o\">\n<div class=\"flex w-full flex-col gap-1 empty:hidden first:pt-[3px]\">\n<div class=\"markdown prose dark:prose-invert w-full break-words dark\">\n<p data-start=\"0\" data-end=\"75\"><strong data-start=\"0\" data-end=\"75\">Rumbo al Sol de Medianoche. Un viaje en velom\u00f3vil con Brigitte y Fritz.<\/strong><\/p>\n<p data-start=\"77\" data-end=\"154\">Alemania &gt; Dinamarca &gt; Noruega &gt; Cabo Norte (Nordkapp) &gt; Finlandia &gt; Alemania<\/p>\n<hr data-start=\"156\" data-end=\"159\" \/>\n<p data-start=\"161\" data-end=\"232\"><strong data-start=\"161\" data-end=\"232\">Descubre AQU\u00cd todos los d\u00edas del viaje \u00abRumbo al Sol de Medianoche\u00bb<\/strong><\/p>\n<hr data-start=\"234\" data-end=\"237\" \/>\n<p data-start=\"239\" data-end=\"299\"><strong data-start=\"239\" data-end=\"299\">D\u00eda 52 | Tammela &#8211; Helsinki | 132 KM | 657 M de desnivel<\/strong><\/p>\n<p data-start=\"301\" data-end=\"686\">Hoy tocaba la \u00faltima etapa por tierras finlandesas. El viento volvi\u00f3 a soplar con fuerza desde la ma\u00f1ana, as\u00ed que repet\u00ed el atuendo del d\u00eda anterior: chaleco de merino como capa base, forro polar encima y una chaqueta softshell por fuera. M\u00e1s tarde, el cortavientos ser\u00eda la capa final. Sin moverme me enfr\u00edo con facilidad; el pulso baja a 60 o menos, y el cuerpo entra en modo ahorro.<\/p>\n<p data-start=\"688\" data-end=\"847\">Al comenzar, pedaleamos entre dos lagos, en un recorrido lleno de subidas, bajadas y curvas. A trav\u00e9s de los \u00e1rboles, se abr\u00edan vistas preciosas hacia el agua.<\/p>\n<p data-start=\"849\" data-end=\"1054\">En cierto punto, algo colgaba sobre la carretera. \u00bfUna advertencia para camiones? Un poco m\u00e1s adelante, apareci\u00f3 un puente peque\u00f1o. Todo encajaba: una se\u00f1al final de altura limitada para veh\u00edculos pesados.<\/p>\n<p data-start=\"1056\" data-end=\"1149\">El clima ya se siente oto\u00f1al: viento, fresco, sol brillante y setas por doquier en el bosque.<\/p>\n<p data-start=\"1151\" data-end=\"1372\">A medida que nos acerc\u00e1bamos a Helsinki, las carreteras se ensanchaban. La ruta planificada con BRouter nos llev\u00f3 sin complicaciones hasta el camping, atravesando la ciudad por calles grandes y peque\u00f1as con total fluidez.<\/p>\n<p data-start=\"1374\" data-end=\"1650\">El trayecto cruz\u00f3 parques y pas\u00f3 junto a un elegante barrio residencial. Despu\u00e9s del almuerzo, aprovechamos para ir a la playa, justo al otro lado de una avenida. Por la noche, volvimos a caminar hasta all\u00ed. Frente a la playa hay una gran sauna p\u00fablica: puro estilo finland\u00e9s.<\/p>\n<p data-start=\"1652\" data-end=\"1745\" data-is-last-node=\"\" data-is-only-node=\"\"><strong data-start=\"1652\" data-end=\"1745\" data-is-last-node=\"\">Entre velom\u00f3viles, naturaleza escandinava y dise\u00f1o urbano, cerramos Finlandia con estilo.<\/strong><\/p>\n<\/div>\n<\/div>\n<\/div>\n<\/div>\n<\/div>\n<\/div>\n<\/div>\n<\/div>\n<\/article>\n<div class=\"pointer-events-none h-px w-px\" aria-hidden=\"true\" data-edge=\"true\"><\/div>\n<div><\/div>\n<\/div>\n<\/div>\n<\/div>\n<\/div>\n<div id=\"thread-bottom-container\" class=\"isolate z-3 w-full basis-auto has-data-has-thread-error:pt-2 has-data-has-thread-error:[box-shadow:var(--sharp-edge-bottom-shadow)] md:border-transparent md:pt-0 dark:border-white\/20 md:dark:border-transparent mb-4 flex flex-col\">\n<div id=\"thread-bottom\">\n<div class=\"text-base mx-auto [--thread-content-margin:--spacing(4)] @[37rem]:[--thread-content-margin:--spacing(6)] @[72rem]:[--thread-content-margin:--spacing(16)] px-(--thread-content-margin)\">\n<div class=\"[--thread-content-max-width:32rem] @[34rem]:[--thread-content-max-width:40rem] @[64rem]:[--thread-content-max-width:48rem] mx-auto flex max-w-(--thread-content-max-width) flex-1 text-base gap-4 md:gap-5 lg:gap-6\">\n<div class=\"flex justify-center empty:hidden\"><\/div>\n<div class=\"max-xs:[--force-hide-label:none] relative z-1 flex h-full max-w-full flex-1 flex-col\" aria-haspopup=\"dialog\" aria-expanded=\"false\" aria-controls=\"radix-\u00abr19f\u00bb\" data-state=\"closed\">\n<div class=\"absolute start-0 end-0 bottom-full z-20\"><\/div>\n<form class=\"w-full [view-transition-name:var(--vt-composer)]\" data-type=\"unified-composer\">\n<div class=\"flex w-full cursor-text flex-col items-center justify-center rounded-[28px] bg-clip-padding contain-inline-size overflow-clip shadow-short bg-token-bg-primary dark:bg-[#303030]\">\n<div class=\"relative flex w-full items-end px-2.5 py-2.5\">\n<div class=\"relative flex w-full flex-auto flex-col\">\n<div class=\"relative mx-2.5 grid grid-cols-[auto_minmax(0,1fr)]\">\n<div class=\"items-top flex justify-center\">\n<div><\/div>\n<\/div>\n<div class=\"relative flex-auto bg-transparent pt-1.5\">\n<div class=\"flex flex-col justify-start\">\n<div class=\"flex min-h-12 items-start\">\n<div class=\"max-w-full min-w-0 flex-1\">\n<div class=\"_prosemirror-parent_kfgfu_2 text-token-text-primary max-h-[25dvh] max-h-52 -mx-3 px-3 overflow-auto [scrollbar-width:thin] default-browser vertical-scroll-fade-mask min-h-12 pe-3\"><textarea class=\"text-token-text-primary placeholder:text-token-text-tertiary block h-10 w-full resize-none border-0 bg-transparent px-0 py-2 ring-0 placeholder:ps-px\" placeholder=\"Ask anything\" data-virtualkeyboard=\"true\"><\/textarea><script>window.__oai_logHTML?window.__oai_logHTML():window.__oai_SSR_HTML=window.__oai_SSR_HTML||Date.now();requestAnimationFrame((function(){window.__oai_logTTI?window.__oai_logTTI():window.__oai_SSR_TTI=window.__oai_SSR_TTI||Date.now()}))<\/script><\/p>\n<div id=\"prompt-textarea\" class=\"ProseMirror\" contenteditable=\"true\" translate=\"no\" data-virtualkeyboard=\"true\"><\/div>\n<\/div>\n<\/div>\n<\/div>\n<\/div>\n<\/div>\n<\/div>\n<div class=\"justify-content-end relative ms-2 flex w-full flex-auto flex-col\">\n<div class=\"flex-auto\"><\/div>\n<\/div>\n<div><\/div>\n<\/div>\n<\/div>\n<\/div>\n<\/form>\n<\/div>\n<\/div>\n<\/div>\n<\/div>\n<\/div>\n","protected":false},"excerpt":{"rendered":"<p>Rumbo al Sol de Medianoche. Un viaje en velom\u00f3vil con Brigitte y Fritz. Alemania &gt; Dinamarca &gt; Noruega &gt; Cabo [&hellip;]<\/p>\n","protected":false},"author":4,"featured_media":78103,"comment_status":"open","ping_status":"closed","sticky":false,"template":"","format":"standard","meta":{"_acf_changed":false,"footnotes":""},"categories":[739],"tags":[],"class_list":["post-78102","post","type-post","status-publish","format-standard","has-post-thumbnail","hentry","category-sin-categoria"],"acf":[],"yoast_head":"<!-- This site is optimized with the Yoast SEO plugin v27.5 - https:\/\/yoast.com\/product\/yoast-seo-wordpress\/ -->\n<title>Rumbo al Sol de Medianoche (D\u00eda 52) | Velomobile World<\/title>\n<meta name=\"description\" content=\"Rumbo al Sol de Medianoche (D\u00eda 52). Otra aventura junto a Brigitte y Fritz. Descubre sus experiencias sobre tres ruedas. Todos los detalles en el art\u00edculo.\" \/>\n<meta name=\"robots\" content=\"index, follow, max-snippet:-1, max-image-preview:large, max-video-preview:-1\" \/>\n<link rel=\"canonical\" href=\"https:\/\/www.velomobileworld.com\/es\/rumbo-al-sol-de-medianoche-dia-52\/\" \/>\n<meta property=\"og:locale\" content=\"es_ES\" \/>\n<meta property=\"og:type\" content=\"article\" \/>\n<meta property=\"og:title\" content=\"Rumbo al Sol de Medianoche (D\u00eda 52) | Velomobile World\" \/>\n<meta property=\"og:description\" content=\"Rumbo al Sol de Medianoche (D\u00eda 52). Otra aventura junto a Brigitte y Fritz. Descubre sus experiencias sobre tres ruedas. Todos los detalles en el art\u00edculo.\" \/>\n<meta property=\"og:url\" content=\"https:\/\/www.velomobileworld.com\/es\/rumbo-al-sol-de-medianoche-dia-52\/\" \/>\n<meta property=\"og:site_name\" content=\"Velomobile World\" \/>\n<meta property=\"article:published_time\" content=\"2024-12-11T14:53:39+00:00\" \/>\n<meta property=\"article:modified_time\" content=\"2025-07-25T10:13:04+00:00\" \/>\n<meta property=\"og:image\" content=\"https:\/\/www.velomobileworld.com\/wp-content\/uploads\/2024\/12\/Midnightsun-Day-52.jpg\" \/>\n\t<meta property=\"og:image:width\" content=\"1920\" \/>\n\t<meta property=\"og:image:height\" content=\"850\" \/>\n\t<meta property=\"og:image:type\" content=\"image\/jpeg\" \/>\n<meta name=\"author\" content=\"Jan Wijnen\" \/>\n<meta name=\"twitter:card\" content=\"summary_large_image\" \/>\n<meta name=\"twitter:label1\" content=\"Escrito por\" \/>\n\t<meta name=\"twitter:data1\" content=\"Jan Wijnen\" \/>\n\t<meta name=\"twitter:label2\" content=\"Tiempo de lectura\" \/>\n\t<meta name=\"twitter:data2\" content=\"2 minutos\" \/>\n<script type=\"application\/ld+json\" class=\"yoast-schema-graph\">{\"@context\":\"https:\\\/\\\/schema.org\",\"@graph\":[{\"@type\":\"Article\",\"@id\":\"https:\\\/\\\/www.velomobileworld.com\\\/es\\\/rumbo-al-sol-de-medianoche-dia-52\\\/#article\",\"isPartOf\":{\"@id\":\"https:\\\/\\\/www.velomobileworld.com\\\/es\\\/rumbo-al-sol-de-medianoche-dia-52\\\/\"},\"author\":{\"name\":\"Jan Wijnen\",\"@id\":\"https:\\\/\\\/www.velomobileworld.com\\\/nl\\\/#\\\/schema\\\/person\\\/c0c7c661ad3c8719ed05a7dc85d6fa12\"},\"headline\":\"Rumbo al Sol de Medianoche (D\u00eda 52)\",\"datePublished\":\"2024-12-11T14:53:39+00:00\",\"dateModified\":\"2025-07-25T10:13:04+00:00\",\"mainEntityOfPage\":{\"@id\":\"https:\\\/\\\/www.velomobileworld.com\\\/es\\\/rumbo-al-sol-de-medianoche-dia-52\\\/\"},\"wordCount\":311,\"commentCount\":0,\"image\":{\"@id\":\"https:\\\/\\\/www.velomobileworld.com\\\/es\\\/rumbo-al-sol-de-medianoche-dia-52\\\/#primaryimage\"},\"thumbnailUrl\":\"https:\\\/\\\/www.velomobileworld.com\\\/wp-content\\\/uploads\\\/2024\\\/12\\\/Midnightsun-Day-52.jpg\",\"inLanguage\":\"es\",\"potentialAction\":[{\"@type\":\"CommentAction\",\"name\":\"Comment\",\"target\":[\"https:\\\/\\\/www.velomobileworld.com\\\/es\\\/rumbo-al-sol-de-medianoche-dia-52\\\/#respond\"]}]},{\"@type\":\"WebPage\",\"@id\":\"https:\\\/\\\/www.velomobileworld.com\\\/es\\\/rumbo-al-sol-de-medianoche-dia-52\\\/\",\"url\":\"https:\\\/\\\/www.velomobileworld.com\\\/es\\\/rumbo-al-sol-de-medianoche-dia-52\\\/\",\"name\":\"Rumbo al Sol de Medianoche (D\u00eda 52) | Velomobile World\",\"isPartOf\":{\"@id\":\"https:\\\/\\\/www.velomobileworld.com\\\/nl\\\/#website\"},\"primaryImageOfPage\":{\"@id\":\"https:\\\/\\\/www.velomobileworld.com\\\/es\\\/rumbo-al-sol-de-medianoche-dia-52\\\/#primaryimage\"},\"image\":{\"@id\":\"https:\\\/\\\/www.velomobileworld.com\\\/es\\\/rumbo-al-sol-de-medianoche-dia-52\\\/#primaryimage\"},\"thumbnailUrl\":\"https:\\\/\\\/www.velomobileworld.com\\\/wp-content\\\/uploads\\\/2024\\\/12\\\/Midnightsun-Day-52.jpg\",\"datePublished\":\"2024-12-11T14:53:39+00:00\",\"dateModified\":\"2025-07-25T10:13:04+00:00\",\"author\":{\"@id\":\"https:\\\/\\\/www.velomobileworld.com\\\/nl\\\/#\\\/schema\\\/person\\\/c0c7c661ad3c8719ed05a7dc85d6fa12\"},\"description\":\"Rumbo al Sol de Medianoche (D\u00eda 52). Otra aventura junto a Brigitte y Fritz. Descubre sus experiencias sobre tres ruedas. Todos los detalles en el art\u00edculo.\",\"breadcrumb\":{\"@id\":\"https:\\\/\\\/www.velomobileworld.com\\\/es\\\/rumbo-al-sol-de-medianoche-dia-52\\\/#breadcrumb\"},\"inLanguage\":\"es\",\"potentialAction\":[{\"@type\":\"ReadAction\",\"target\":[\"https:\\\/\\\/www.velomobileworld.com\\\/es\\\/rumbo-al-sol-de-medianoche-dia-52\\\/\"]}]},{\"@type\":\"ImageObject\",\"inLanguage\":\"es\",\"@id\":\"https:\\\/\\\/www.velomobileworld.com\\\/es\\\/rumbo-al-sol-de-medianoche-dia-52\\\/#primaryimage\",\"url\":\"https:\\\/\\\/www.velomobileworld.com\\\/wp-content\\\/uploads\\\/2024\\\/12\\\/Midnightsun-Day-52.jpg\",\"contentUrl\":\"https:\\\/\\\/www.velomobileworld.com\\\/wp-content\\\/uploads\\\/2024\\\/12\\\/Midnightsun-Day-52.jpg\",\"width\":1920,\"height\":850},{\"@type\":\"BreadcrumbList\",\"@id\":\"https:\\\/\\\/www.velomobileworld.com\\\/es\\\/rumbo-al-sol-de-medianoche-dia-52\\\/#breadcrumb\",\"itemListElement\":[{\"@type\":\"ListItem\",\"position\":1,\"name\":\"Home\",\"item\":\"https:\\\/\\\/www.velomobileworld.com\\\/\"},{\"@type\":\"ListItem\",\"position\":2,\"name\":\"Rumbo al Sol de Medianoche (D\u00eda 52)\"}]},{\"@type\":\"WebSite\",\"@id\":\"https:\\\/\\\/www.velomobileworld.com\\\/nl\\\/#website\",\"url\":\"https:\\\/\\\/www.velomobileworld.com\\\/nl\\\/\",\"name\":\"Velomobile World\",\"description\":\"\",\"potentialAction\":[{\"@type\":\"SearchAction\",\"target\":{\"@type\":\"EntryPoint\",\"urlTemplate\":\"https:\\\/\\\/www.velomobileworld.com\\\/nl\\\/?s={search_term_string}\"},\"query-input\":{\"@type\":\"PropertyValueSpecification\",\"valueRequired\":true,\"valueName\":\"search_term_string\"}}],\"inLanguage\":\"es\"},{\"@type\":\"Person\",\"@id\":\"https:\\\/\\\/www.velomobileworld.com\\\/nl\\\/#\\\/schema\\\/person\\\/c0c7c661ad3c8719ed05a7dc85d6fa12\",\"name\":\"Jan Wijnen\",\"image\":{\"@type\":\"ImageObject\",\"inLanguage\":\"es\",\"@id\":\"https:\\\/\\\/secure.gravatar.com\\\/avatar\\\/4802c8a6006d5895d73a1141e39ccf819bca7ec1dbfb26a6f4370880cefa109a?s=96&d=mm&r=g\",\"url\":\"https:\\\/\\\/secure.gravatar.com\\\/avatar\\\/4802c8a6006d5895d73a1141e39ccf819bca7ec1dbfb26a6f4370880cefa109a?s=96&d=mm&r=g\",\"contentUrl\":\"https:\\\/\\\/secure.gravatar.com\\\/avatar\\\/4802c8a6006d5895d73a1141e39ccf819bca7ec1dbfb26a6f4370880cefa109a?s=96&d=mm&r=g\",\"caption\":\"Jan Wijnen\"},\"url\":\"https:\\\/\\\/www.velomobileworld.com\\\/es\\\/author\\\/jan-admin\\\/\"}]}<\/script>\n<!-- \/ Yoast SEO plugin. -->","yoast_head_json":{"title":"Rumbo al Sol de Medianoche (D\u00eda 52) | Velomobile World","description":"Rumbo al Sol de Medianoche (D\u00eda 52). Otra aventura junto a Brigitte y Fritz. Descubre sus experiencias sobre tres ruedas. Todos los detalles en el art\u00edculo.","robots":{"index":"index","follow":"follow","max-snippet":"max-snippet:-1","max-image-preview":"max-image-preview:large","max-video-preview":"max-video-preview:-1"},"canonical":"https:\/\/www.velomobileworld.com\/es\/rumbo-al-sol-de-medianoche-dia-52\/","og_locale":"es_ES","og_type":"article","og_title":"Rumbo al Sol de Medianoche (D\u00eda 52) | Velomobile World","og_description":"Rumbo al Sol de Medianoche (D\u00eda 52). Otra aventura junto a Brigitte y Fritz. Descubre sus experiencias sobre tres ruedas. Todos los detalles en el art\u00edculo.","og_url":"https:\/\/www.velomobileworld.com\/es\/rumbo-al-sol-de-medianoche-dia-52\/","og_site_name":"Velomobile World","article_published_time":"2024-12-11T14:53:39+00:00","article_modified_time":"2025-07-25T10:13:04+00:00","og_image":[{"width":1920,"height":850,"url":"https:\/\/www.velomobileworld.com\/wp-content\/uploads\/2024\/12\/Midnightsun-Day-52.jpg","type":"image\/jpeg"}],"author":"Jan Wijnen","twitter_card":"summary_large_image","twitter_misc":{"Escrito por":"Jan Wijnen","Tiempo de lectura":"2 minutos"},"schema":{"@context":"https:\/\/schema.org","@graph":[{"@type":"Article","@id":"https:\/\/www.velomobileworld.com\/es\/rumbo-al-sol-de-medianoche-dia-52\/#article","isPartOf":{"@id":"https:\/\/www.velomobileworld.com\/es\/rumbo-al-sol-de-medianoche-dia-52\/"},"author":{"name":"Jan Wijnen","@id":"https:\/\/www.velomobileworld.com\/nl\/#\/schema\/person\/c0c7c661ad3c8719ed05a7dc85d6fa12"},"headline":"Rumbo al Sol de Medianoche (D\u00eda 52)","datePublished":"2024-12-11T14:53:39+00:00","dateModified":"2025-07-25T10:13:04+00:00","mainEntityOfPage":{"@id":"https:\/\/www.velomobileworld.com\/es\/rumbo-al-sol-de-medianoche-dia-52\/"},"wordCount":311,"commentCount":0,"image":{"@id":"https:\/\/www.velomobileworld.com\/es\/rumbo-al-sol-de-medianoche-dia-52\/#primaryimage"},"thumbnailUrl":"https:\/\/www.velomobileworld.com\/wp-content\/uploads\/2024\/12\/Midnightsun-Day-52.jpg","inLanguage":"es","potentialAction":[{"@type":"CommentAction","name":"Comment","target":["https:\/\/www.velomobileworld.com\/es\/rumbo-al-sol-de-medianoche-dia-52\/#respond"]}]},{"@type":"WebPage","@id":"https:\/\/www.velomobileworld.com\/es\/rumbo-al-sol-de-medianoche-dia-52\/","url":"https:\/\/www.velomobileworld.com\/es\/rumbo-al-sol-de-medianoche-dia-52\/","name":"Rumbo al Sol de Medianoche (D\u00eda 52) | Velomobile World","isPartOf":{"@id":"https:\/\/www.velomobileworld.com\/nl\/#website"},"primaryImageOfPage":{"@id":"https:\/\/www.velomobileworld.com\/es\/rumbo-al-sol-de-medianoche-dia-52\/#primaryimage"},"image":{"@id":"https:\/\/www.velomobileworld.com\/es\/rumbo-al-sol-de-medianoche-dia-52\/#primaryimage"},"thumbnailUrl":"https:\/\/www.velomobileworld.com\/wp-content\/uploads\/2024\/12\/Midnightsun-Day-52.jpg","datePublished":"2024-12-11T14:53:39+00:00","dateModified":"2025-07-25T10:13:04+00:00","author":{"@id":"https:\/\/www.velomobileworld.com\/nl\/#\/schema\/person\/c0c7c661ad3c8719ed05a7dc85d6fa12"},"description":"Rumbo al Sol de Medianoche (D\u00eda 52). Otra aventura junto a Brigitte y Fritz. Descubre sus experiencias sobre tres ruedas. Todos los detalles en el art\u00edculo.","breadcrumb":{"@id":"https:\/\/www.velomobileworld.com\/es\/rumbo-al-sol-de-medianoche-dia-52\/#breadcrumb"},"inLanguage":"es","potentialAction":[{"@type":"ReadAction","target":["https:\/\/www.velomobileworld.com\/es\/rumbo-al-sol-de-medianoche-dia-52\/"]}]},{"@type":"ImageObject","inLanguage":"es","@id":"https:\/\/www.velomobileworld.com\/es\/rumbo-al-sol-de-medianoche-dia-52\/#primaryimage","url":"https:\/\/www.velomobileworld.com\/wp-content\/uploads\/2024\/12\/Midnightsun-Day-52.jpg","contentUrl":"https:\/\/www.velomobileworld.com\/wp-content\/uploads\/2024\/12\/Midnightsun-Day-52.jpg","width":1920,"height":850},{"@type":"BreadcrumbList","@id":"https:\/\/www.velomobileworld.com\/es\/rumbo-al-sol-de-medianoche-dia-52\/#breadcrumb","itemListElement":[{"@type":"ListItem","position":1,"name":"Home","item":"https:\/\/www.velomobileworld.com\/"},{"@type":"ListItem","position":2,"name":"Rumbo al Sol de Medianoche (D\u00eda 52)"}]},{"@type":"WebSite","@id":"https:\/\/www.velomobileworld.com\/nl\/#website","url":"https:\/\/www.velomobileworld.com\/nl\/","name":"Velomobile World","description":"","potentialAction":[{"@type":"SearchAction","target":{"@type":"EntryPoint","urlTemplate":"https:\/\/www.velomobileworld.com\/nl\/?s={search_term_string}"},"query-input":{"@type":"PropertyValueSpecification","valueRequired":true,"valueName":"search_term_string"}}],"inLanguage":"es"},{"@type":"Person","@id":"https:\/\/www.velomobileworld.com\/nl\/#\/schema\/person\/c0c7c661ad3c8719ed05a7dc85d6fa12","name":"Jan Wijnen","image":{"@type":"ImageObject","inLanguage":"es","@id":"https:\/\/secure.gravatar.com\/avatar\/4802c8a6006d5895d73a1141e39ccf819bca7ec1dbfb26a6f4370880cefa109a?s=96&d=mm&r=g","url":"https:\/\/secure.gravatar.com\/avatar\/4802c8a6006d5895d73a1141e39ccf819bca7ec1dbfb26a6f4370880cefa109a?s=96&d=mm&r=g","contentUrl":"https:\/\/secure.gravatar.com\/avatar\/4802c8a6006d5895d73a1141e39ccf819bca7ec1dbfb26a6f4370880cefa109a?s=96&d=mm&r=g","caption":"Jan Wijnen"},"url":"https:\/\/www.velomobileworld.com\/es\/author\/jan-admin\/"}]}},"_links":{"self":[{"href":"https:\/\/www.velomobileworld.com\/es\/wp-json\/wp\/v2\/posts\/78102","targetHints":{"allow":["GET"]}}],"collection":[{"href":"https:\/\/www.velomobileworld.com\/es\/wp-json\/wp\/v2\/posts"}],"about":[{"href":"https:\/\/www.velomobileworld.com\/es\/wp-json\/wp\/v2\/types\/post"}],"author":[{"embeddable":true,"href":"https:\/\/www.velomobileworld.com\/es\/wp-json\/wp\/v2\/users\/4"}],"replies":[{"embeddable":true,"href":"https:\/\/www.velomobileworld.com\/es\/wp-json\/wp\/v2\/comments?post=78102"}],"version-history":[{"count":1,"href":"https:\/\/www.velomobileworld.com\/es\/wp-json\/wp\/v2\/posts\/78102\/revisions"}],"predecessor-version":[{"id":100844,"href":"https:\/\/www.velomobileworld.com\/es\/wp-json\/wp\/v2\/posts\/78102\/revisions\/100844"}],"wp:featuredmedia":[{"embeddable":true,"href":"https:\/\/www.velomobileworld.com\/es\/wp-json\/wp\/v2\/media\/78103"}],"wp:attachment":[{"href":"https:\/\/www.velomobileworld.com\/es\/wp-json\/wp\/v2\/media?parent=78102"}],"wp:term":[{"taxonomy":"category","embeddable":true,"href":"https:\/\/www.velomobileworld.com\/es\/wp-json\/wp\/v2\/categories?post=78102"},{"taxonomy":"post_tag","embeddable":true,"href":"https:\/\/www.velomobileworld.com\/es\/wp-json\/wp\/v2\/tags?post=78102"}],"curies":[{"name":"wp","href":"https:\/\/api.w.org\/{rel}","templated":true}]}}