{"id":78506,"date":"2024-12-11T13:28:07","date_gmt":"2024-12-11T12:28:07","guid":{"rendered":"https:\/\/velomobileworld.convident.dev\/rumbo-al-sol-de-medianoche-dia-51\/"},"modified":"2025-07-25T12:13:06","modified_gmt":"2025-07-25T10:13:06","slug":"rumbo-al-sol-de-medianoche-dia-51","status":"publish","type":"post","link":"https:\/\/www.velomobileworld.com\/es\/rumbo-al-sol-de-medianoche-dia-51\/","title":{"rendered":"Rumbo al Sol de Medianoche (D\u00eda 51)"},"content":{"rendered":"<p data-start=\"0\" data-end=\"74\"><strong data-start=\"0\" data-end=\"74\">Rumbo al Sol de Medianoche. Un Viaje en Velom\u00f3vil con Brigitte y Fritz<\/strong><\/p>\n<p data-start=\"76\" data-end=\"153\">Alemania &gt; Dinamarca &gt; Noruega &gt; Cabo Norte (Nordkapp) &gt; Finlandia &gt; Alemania<\/p>\n<hr data-start=\"155\" data-end=\"187\" \/>\n<p data-start=\"189\" data-end=\"260\"><strong data-start=\"189\" data-end=\"260\">Descubre AQU\u00cd Todos los D\u00edas del Viaje \u00abRumbo al Sol de Medianoche\u00bb<\/strong><\/p>\n<hr data-start=\"262\" data-end=\"294\" \/>\n<p data-start=\"296\" data-end=\"357\"><strong data-start=\"296\" data-end=\"357\">D\u00eda 51 | Sastamala &#8211; Tammela | 120 KM | 467 m de desnivel<\/strong><\/p>\n<p data-start=\"359\" data-end=\"536\">Una salida lenta esta ma\u00f1ana. Partimos a las 10:00 h, lo que significa que recorrer\u00edamos la mayor parte del trayecto por la tarde. Pero solo nos separaban unos 200 km del ferry.<\/p>\n<p data-start=\"538\" data-end=\"757\">A\u00fan necesit\u00e1bamos pan, as\u00ed que hicimos un desv\u00edo hacia el centro de Sastamala. Frente a la pasteler\u00eda se form\u00f3 de inmediato un peque\u00f1o grupo de curiosos. Todos quer\u00edan saber algo, aunque solo dos o tres hablaban ingl\u00e9s.<\/p>\n<p data-start=\"759\" data-end=\"903\">Pero tocaba seguir. Hoy nos esperaban muchas colinas peque\u00f1as y algunos baches. La calidad de las paradas de autob\u00fas dejaba bastante que desear.<\/p>\n<p data-start=\"905\" data-end=\"1046\">M\u00e1s adelante, encontramos un aut\u00e9ntico caf\u00e9, o <em data-start=\"952\" data-end=\"961\">kahvila<\/em>, en Punkalaidun. La tarta de queso con lim\u00f3n estaba deliciosa, al igual que el caf\u00e9.<\/p>\n<p data-start=\"1048\" data-end=\"1175\">Poco a poco, la zona volv\u00eda a mostrar se\u00f1ales de prosperidad. Algunas granjas daban la impresi\u00f3n de estar funcionando muy bien.<\/p>\n<p data-start=\"1177\" data-end=\"1512\">Pedale\u00e1bamos entre bosques, prados y campos, cuando de pronto vimos unos ciervos en la pradera. (Lamentablemente, la c\u00e1mara del m\u00f3vil no ten\u00eda buen zoom). Uno de los ciervos nos mir\u00f3, y el otro se acerc\u00f3 dando saltos enormes. Luego ambos empezaron a correr paralelos a nosotros. Nunca hab\u00eda visto saltos tan grandes en ciervos en vivo.<\/p>\n<p data-start=\"1514\" data-end=\"1860\">Un poco m\u00e1s adelante, algo se ocultaba tras un muro alto. Antes hab\u00eda un cartel sobre un museo de arte en vidrio. Nos acercamos. Algunas esculturas estaban expuestas al aire libre. El rojo y el verde parecen ser colores muy populares tambi\u00e9n en el vidrio. Por los edificios, se notaba que aqu\u00ed el vidrio ha sido trabajado desde hace mucho tiempo.<\/p>\n<p data-start=\"1862\" data-end=\"1939\">Un hombre m\u00e1s joven sali\u00f3 de un taller. Ropa de trabajo, perilla, todo negro.<\/p>\n<p data-start=\"1941\" data-end=\"2003\">\u00c9l me mira: \u00abHej\u00bb. (El saludo en Noruega, Suecia y Finlandia).<\/p>\n<p data-start=\"2005\" data-end=\"2020\">Yo: \u00abHej, Hej\u00bb.<\/p>\n<p data-start=\"2022\" data-end=\"2033\">\u00c9l: \u00abNoh?\u00bb.<\/p>\n<p data-start=\"2035\" data-end=\"2093\">Yo: \u00abNoh?\u00bb (ni idea de lo que significa. \u00bfTal vez \u201c\u00bfY?\u201d?).<\/p>\n<p data-start=\"2095\" data-end=\"2159\">Se gira en silencio, se r\u00ede para s\u00ed y se va hacia otro edificio.<\/p>\n<p data-start=\"2161\" data-end=\"2554\">??? A menudo notamos que algunas personas se r\u00eden al vernos, pero o bien se dan la vuelta, o se aguantan la risa con esfuerzo. Presumiblemente, para no parecer groseros. Otros intentan filmarnos disimuladamente, y cuando notan que los observamos, apartan la vista o fingen estar haciendo otra cosa. Los noruegos, en cambio, nos fotografiaban sin reparos\u2026 pero siempre pidiendo permiso primero.<\/p>\n<p data-start=\"2556\" data-end=\"2691\">Hoy vimos algunas torretas dobles al borde de la carretera, marcando l\u00edmites municipales. Las casetas peque\u00f1as eran las m\u00e1s llamativas.<\/p>\n<p data-start=\"2693\" data-end=\"3056\">Una mujer del camping estaba entusiasmada \u2014no lo adivinar\u00edas ni en tres intentos\u2014 \u00a1con nuestra tienda y todo el conjunto! A ella tambi\u00e9n le gustaba acampar, o al menos sol\u00eda hacerlo. Quiso saber la marca de la tienda. Fue toda una novedad. M\u00e1s tarde volvi\u00f3 y nos pregunt\u00f3 si quer\u00edamos una foto con ese bonito paisaje de fondo. As\u00ed saldr\u00edamos los dos en la imagen.<\/p>\n<p data-start=\"3058\" data-end=\"3132\">En los campings solo con finlandeses, realmente logramos hablar con ellos.<\/p>\n<p data-start=\"3134\" data-end=\"3551\">Una pareja se acerc\u00f3. \u00c9l levant\u00f3 el pulgar, dio una gran zancada, mano abierta, pulgar en alto, esper\u00f3 mi mano, nos dimos un apret\u00f3n fuerte: \u201c\u00a1wonderful!\u201d. Luego intent\u00f3 hablar con nosotros en un ingl\u00e9s fragmentado. Se notaba que quer\u00eda preguntar m\u00e1s, pero no ten\u00eda las palabras. Al final, repiti\u00f3 \u201cwonderful\u201d, otra vez el pulgar arriba, ella igual, y otra vez el apret\u00f3n. Algo divertido y conmovedor al mismo tiempo.<\/p>\n<p data-start=\"3553\" data-end=\"3812\">Cada d\u00eda me caen mejor los finlandeses. Un poco t\u00edmidos, pero muy sinceros cuando dicen algo. Tambi\u00e9n le\u00ed que sus palabras suelen tener mucho peso. Por eso piensan bien antes de hablar. A veces es mejor no decir nada que decir algo equivocado o poco oportuno.<\/p>\n<hr data-start=\"3814\" data-end=\"3846\" \/>\n<p data-start=\"3848\" data-end=\"3876\"><strong data-start=\"3848\" data-end=\"3876\">Descubre los Velom\u00f3viles<\/strong><\/p>\n<hr data-start=\"3878\" data-end=\"3910\" \/>\n<p data-start=\"3912\" data-end=\"4179\">\u2b06\ufe0f Centro de Sastamala \u2013 Muy interesados<br data-start=\"3952\" data-end=\"3955\" \/>\u2b06\ufe0f Parada de autob\u00fas en mal estado<br data-start=\"3989\" data-end=\"3992\" \/>\u2b06\ufe0f Caf\u00e9-Kahvila en Punkalaidun<br data-start=\"4022\" data-end=\"4025\" \/>\u2b06\ufe0f Gran casa de campo<br data-start=\"4046\" data-end=\"4049\" \/>\u2b06\ufe0f Ciervos<br data-start=\"4059\" data-end=\"4062\" \/>\u2b06\ufe0f Antigua f\u00e1brica de vidrio<br data-start=\"4090\" data-end=\"4093\" \/>\u2b06\ufe0f Kitesurf sobre monopat\u00edn en el carril bici<br data-start=\"4138\" data-end=\"4141\" \/>\u2b06\ufe0f L\u00edmite de una ciudad<br data-start=\"4164\" data-end=\"4167\" \/>\u2b06\ufe0f Camping<\/p>\n<hr data-start=\"4181\" data-end=\"4213\" \/>\n<p data-start=\"4215\" data-end=\"4283\" data-is-last-node=\"\" data-is-only-node=\"\"><strong data-start=\"4215\" data-end=\"4283\" data-is-last-node=\"\">VIAJE EN VELOM\u00d3VIL 2022: 35 D\u00cdAS CON BRIGITTE Y FRITZ (EN\/DE\/FR)<\/strong><\/p>\n","protected":false},"excerpt":{"rendered":"<p>Rumbo al Sol de Medianoche. Un Viaje en Velom\u00f3vil con Brigitte y Fritz Alemania &gt; Dinamarca &gt; Noruega &gt; Cabo [&hellip;]<\/p>\n","protected":false},"author":4,"featured_media":78507,"comment_status":"open","ping_status":"closed","sticky":false,"template":"","format":"standard","meta":{"_acf_changed":false,"footnotes":""},"categories":[739],"tags":[],"class_list":["post-78506","post","type-post","status-publish","format-standard","has-post-thumbnail","hentry","category-sin-categoria"],"acf":[],"yoast_head":"<!-- This site is optimized with the Yoast SEO plugin v27.5 - https:\/\/yoast.com\/product\/yoast-seo-wordpress\/ -->\n<title>Rumbo al Sol de Medianoche (D\u00eda 51) | Velomobile World<\/title>\n<meta name=\"description\" content=\"Rumbo al Sol de Medianoche (D\u00eda 51). Otra aventura con Brigitte y Fritz. Descubre sus vivencias. Todos los detalles en el art\u00edculo.\" \/>\n<meta name=\"robots\" content=\"index, follow, max-snippet:-1, max-image-preview:large, max-video-preview:-1\" \/>\n<link rel=\"canonical\" href=\"https:\/\/www.velomobileworld.com\/es\/rumbo-al-sol-de-medianoche-dia-51\/\" \/>\n<meta property=\"og:locale\" content=\"es_ES\" \/>\n<meta property=\"og:type\" content=\"article\" \/>\n<meta property=\"og:title\" content=\"Rumbo al Sol de Medianoche (D\u00eda 51) | Velomobile World\" \/>\n<meta property=\"og:description\" content=\"Rumbo al Sol de Medianoche (D\u00eda 51). Otra aventura con Brigitte y Fritz. Descubre sus vivencias. Todos los detalles en el art\u00edculo.\" \/>\n<meta property=\"og:url\" content=\"https:\/\/www.velomobileworld.com\/es\/rumbo-al-sol-de-medianoche-dia-51\/\" \/>\n<meta property=\"og:site_name\" content=\"Velomobile World\" \/>\n<meta property=\"article:published_time\" content=\"2024-12-11T12:28:07+00:00\" \/>\n<meta property=\"article:modified_time\" content=\"2025-07-25T10:13:06+00:00\" \/>\n<meta property=\"og:image\" content=\"https:\/\/www.velomobileworld.com\/wp-content\/uploads\/2024\/12\/Midnightsun-Day-51.jpg\" \/>\n\t<meta property=\"og:image:width\" content=\"1920\" \/>\n\t<meta property=\"og:image:height\" content=\"850\" \/>\n\t<meta property=\"og:image:type\" content=\"image\/jpeg\" \/>\n<meta name=\"author\" content=\"Jan Wijnen\" \/>\n<meta name=\"twitter:card\" content=\"summary_large_image\" \/>\n<meta name=\"twitter:label1\" content=\"Escrito por\" \/>\n\t<meta name=\"twitter:data1\" content=\"Jan Wijnen\" \/>\n\t<meta name=\"twitter:label2\" content=\"Tiempo de lectura\" \/>\n\t<meta name=\"twitter:data2\" content=\"4 minutos\" \/>\n<script type=\"application\/ld+json\" class=\"yoast-schema-graph\">{\"@context\":\"https:\\\/\\\/schema.org\",\"@graph\":[{\"@type\":\"Article\",\"@id\":\"https:\\\/\\\/www.velomobileworld.com\\\/es\\\/rumbo-al-sol-de-medianoche-dia-51\\\/#article\",\"isPartOf\":{\"@id\":\"https:\\\/\\\/www.velomobileworld.com\\\/es\\\/rumbo-al-sol-de-medianoche-dia-51\\\/\"},\"author\":{\"name\":\"Jan Wijnen\",\"@id\":\"https:\\\/\\\/www.velomobileworld.com\\\/nl\\\/#\\\/schema\\\/person\\\/c0c7c661ad3c8719ed05a7dc85d6fa12\"},\"headline\":\"Rumbo al Sol de Medianoche (D\u00eda 51)\",\"datePublished\":\"2024-12-11T12:28:07+00:00\",\"dateModified\":\"2025-07-25T10:13:06+00:00\",\"mainEntityOfPage\":{\"@id\":\"https:\\\/\\\/www.velomobileworld.com\\\/es\\\/rumbo-al-sol-de-medianoche-dia-51\\\/\"},\"wordCount\":737,\"commentCount\":0,\"image\":{\"@id\":\"https:\\\/\\\/www.velomobileworld.com\\\/es\\\/rumbo-al-sol-de-medianoche-dia-51\\\/#primaryimage\"},\"thumbnailUrl\":\"https:\\\/\\\/www.velomobileworld.com\\\/wp-content\\\/uploads\\\/2024\\\/12\\\/Midnightsun-Day-51.jpg\",\"inLanguage\":\"es\",\"potentialAction\":[{\"@type\":\"CommentAction\",\"name\":\"Comment\",\"target\":[\"https:\\\/\\\/www.velomobileworld.com\\\/es\\\/rumbo-al-sol-de-medianoche-dia-51\\\/#respond\"]}]},{\"@type\":\"WebPage\",\"@id\":\"https:\\\/\\\/www.velomobileworld.com\\\/es\\\/rumbo-al-sol-de-medianoche-dia-51\\\/\",\"url\":\"https:\\\/\\\/www.velomobileworld.com\\\/es\\\/rumbo-al-sol-de-medianoche-dia-51\\\/\",\"name\":\"Rumbo al Sol de Medianoche (D\u00eda 51) | Velomobile World\",\"isPartOf\":{\"@id\":\"https:\\\/\\\/www.velomobileworld.com\\\/nl\\\/#website\"},\"primaryImageOfPage\":{\"@id\":\"https:\\\/\\\/www.velomobileworld.com\\\/es\\\/rumbo-al-sol-de-medianoche-dia-51\\\/#primaryimage\"},\"image\":{\"@id\":\"https:\\\/\\\/www.velomobileworld.com\\\/es\\\/rumbo-al-sol-de-medianoche-dia-51\\\/#primaryimage\"},\"thumbnailUrl\":\"https:\\\/\\\/www.velomobileworld.com\\\/wp-content\\\/uploads\\\/2024\\\/12\\\/Midnightsun-Day-51.jpg\",\"datePublished\":\"2024-12-11T12:28:07+00:00\",\"dateModified\":\"2025-07-25T10:13:06+00:00\",\"author\":{\"@id\":\"https:\\\/\\\/www.velomobileworld.com\\\/nl\\\/#\\\/schema\\\/person\\\/c0c7c661ad3c8719ed05a7dc85d6fa12\"},\"description\":\"Rumbo al Sol de Medianoche (D\u00eda 51). Otra aventura con Brigitte y Fritz. Descubre sus vivencias. Todos los detalles en el art\u00edculo.\",\"breadcrumb\":{\"@id\":\"https:\\\/\\\/www.velomobileworld.com\\\/es\\\/rumbo-al-sol-de-medianoche-dia-51\\\/#breadcrumb\"},\"inLanguage\":\"es\",\"potentialAction\":[{\"@type\":\"ReadAction\",\"target\":[\"https:\\\/\\\/www.velomobileworld.com\\\/es\\\/rumbo-al-sol-de-medianoche-dia-51\\\/\"]}]},{\"@type\":\"ImageObject\",\"inLanguage\":\"es\",\"@id\":\"https:\\\/\\\/www.velomobileworld.com\\\/es\\\/rumbo-al-sol-de-medianoche-dia-51\\\/#primaryimage\",\"url\":\"https:\\\/\\\/www.velomobileworld.com\\\/wp-content\\\/uploads\\\/2024\\\/12\\\/Midnightsun-Day-51.jpg\",\"contentUrl\":\"https:\\\/\\\/www.velomobileworld.com\\\/wp-content\\\/uploads\\\/2024\\\/12\\\/Midnightsun-Day-51.jpg\",\"width\":1920,\"height\":850},{\"@type\":\"BreadcrumbList\",\"@id\":\"https:\\\/\\\/www.velomobileworld.com\\\/es\\\/rumbo-al-sol-de-medianoche-dia-51\\\/#breadcrumb\",\"itemListElement\":[{\"@type\":\"ListItem\",\"position\":1,\"name\":\"Home\",\"item\":\"https:\\\/\\\/www.velomobileworld.com\\\/\"},{\"@type\":\"ListItem\",\"position\":2,\"name\":\"Rumbo al Sol de Medianoche (D\u00eda 51)\"}]},{\"@type\":\"WebSite\",\"@id\":\"https:\\\/\\\/www.velomobileworld.com\\\/nl\\\/#website\",\"url\":\"https:\\\/\\\/www.velomobileworld.com\\\/nl\\\/\",\"name\":\"Velomobile World\",\"description\":\"\",\"potentialAction\":[{\"@type\":\"SearchAction\",\"target\":{\"@type\":\"EntryPoint\",\"urlTemplate\":\"https:\\\/\\\/www.velomobileworld.com\\\/nl\\\/?s={search_term_string}\"},\"query-input\":{\"@type\":\"PropertyValueSpecification\",\"valueRequired\":true,\"valueName\":\"search_term_string\"}}],\"inLanguage\":\"es\"},{\"@type\":\"Person\",\"@id\":\"https:\\\/\\\/www.velomobileworld.com\\\/nl\\\/#\\\/schema\\\/person\\\/c0c7c661ad3c8719ed05a7dc85d6fa12\",\"name\":\"Jan Wijnen\",\"image\":{\"@type\":\"ImageObject\",\"inLanguage\":\"es\",\"@id\":\"https:\\\/\\\/secure.gravatar.com\\\/avatar\\\/4802c8a6006d5895d73a1141e39ccf819bca7ec1dbfb26a6f4370880cefa109a?s=96&d=mm&r=g\",\"url\":\"https:\\\/\\\/secure.gravatar.com\\\/avatar\\\/4802c8a6006d5895d73a1141e39ccf819bca7ec1dbfb26a6f4370880cefa109a?s=96&d=mm&r=g\",\"contentUrl\":\"https:\\\/\\\/secure.gravatar.com\\\/avatar\\\/4802c8a6006d5895d73a1141e39ccf819bca7ec1dbfb26a6f4370880cefa109a?s=96&d=mm&r=g\",\"caption\":\"Jan Wijnen\"},\"url\":\"https:\\\/\\\/www.velomobileworld.com\\\/es\\\/author\\\/jan-admin\\\/\"}]}<\/script>\n<!-- \/ Yoast SEO plugin. -->","yoast_head_json":{"title":"Rumbo al Sol de Medianoche (D\u00eda 51) | Velomobile World","description":"Rumbo al Sol de Medianoche (D\u00eda 51). Otra aventura con Brigitte y Fritz. Descubre sus vivencias. Todos los detalles en el art\u00edculo.","robots":{"index":"index","follow":"follow","max-snippet":"max-snippet:-1","max-image-preview":"max-image-preview:large","max-video-preview":"max-video-preview:-1"},"canonical":"https:\/\/www.velomobileworld.com\/es\/rumbo-al-sol-de-medianoche-dia-51\/","og_locale":"es_ES","og_type":"article","og_title":"Rumbo al Sol de Medianoche (D\u00eda 51) | Velomobile World","og_description":"Rumbo al Sol de Medianoche (D\u00eda 51). Otra aventura con Brigitte y Fritz. Descubre sus vivencias. Todos los detalles en el art\u00edculo.","og_url":"https:\/\/www.velomobileworld.com\/es\/rumbo-al-sol-de-medianoche-dia-51\/","og_site_name":"Velomobile World","article_published_time":"2024-12-11T12:28:07+00:00","article_modified_time":"2025-07-25T10:13:06+00:00","og_image":[{"width":1920,"height":850,"url":"https:\/\/www.velomobileworld.com\/wp-content\/uploads\/2024\/12\/Midnightsun-Day-51.jpg","type":"image\/jpeg"}],"author":"Jan Wijnen","twitter_card":"summary_large_image","twitter_misc":{"Escrito por":"Jan Wijnen","Tiempo de lectura":"4 minutos"},"schema":{"@context":"https:\/\/schema.org","@graph":[{"@type":"Article","@id":"https:\/\/www.velomobileworld.com\/es\/rumbo-al-sol-de-medianoche-dia-51\/#article","isPartOf":{"@id":"https:\/\/www.velomobileworld.com\/es\/rumbo-al-sol-de-medianoche-dia-51\/"},"author":{"name":"Jan Wijnen","@id":"https:\/\/www.velomobileworld.com\/nl\/#\/schema\/person\/c0c7c661ad3c8719ed05a7dc85d6fa12"},"headline":"Rumbo al Sol de Medianoche (D\u00eda 51)","datePublished":"2024-12-11T12:28:07+00:00","dateModified":"2025-07-25T10:13:06+00:00","mainEntityOfPage":{"@id":"https:\/\/www.velomobileworld.com\/es\/rumbo-al-sol-de-medianoche-dia-51\/"},"wordCount":737,"commentCount":0,"image":{"@id":"https:\/\/www.velomobileworld.com\/es\/rumbo-al-sol-de-medianoche-dia-51\/#primaryimage"},"thumbnailUrl":"https:\/\/www.velomobileworld.com\/wp-content\/uploads\/2024\/12\/Midnightsun-Day-51.jpg","inLanguage":"es","potentialAction":[{"@type":"CommentAction","name":"Comment","target":["https:\/\/www.velomobileworld.com\/es\/rumbo-al-sol-de-medianoche-dia-51\/#respond"]}]},{"@type":"WebPage","@id":"https:\/\/www.velomobileworld.com\/es\/rumbo-al-sol-de-medianoche-dia-51\/","url":"https:\/\/www.velomobileworld.com\/es\/rumbo-al-sol-de-medianoche-dia-51\/","name":"Rumbo al Sol de Medianoche (D\u00eda 51) | Velomobile World","isPartOf":{"@id":"https:\/\/www.velomobileworld.com\/nl\/#website"},"primaryImageOfPage":{"@id":"https:\/\/www.velomobileworld.com\/es\/rumbo-al-sol-de-medianoche-dia-51\/#primaryimage"},"image":{"@id":"https:\/\/www.velomobileworld.com\/es\/rumbo-al-sol-de-medianoche-dia-51\/#primaryimage"},"thumbnailUrl":"https:\/\/www.velomobileworld.com\/wp-content\/uploads\/2024\/12\/Midnightsun-Day-51.jpg","datePublished":"2024-12-11T12:28:07+00:00","dateModified":"2025-07-25T10:13:06+00:00","author":{"@id":"https:\/\/www.velomobileworld.com\/nl\/#\/schema\/person\/c0c7c661ad3c8719ed05a7dc85d6fa12"},"description":"Rumbo al Sol de Medianoche (D\u00eda 51). Otra aventura con Brigitte y Fritz. Descubre sus vivencias. Todos los detalles en el art\u00edculo.","breadcrumb":{"@id":"https:\/\/www.velomobileworld.com\/es\/rumbo-al-sol-de-medianoche-dia-51\/#breadcrumb"},"inLanguage":"es","potentialAction":[{"@type":"ReadAction","target":["https:\/\/www.velomobileworld.com\/es\/rumbo-al-sol-de-medianoche-dia-51\/"]}]},{"@type":"ImageObject","inLanguage":"es","@id":"https:\/\/www.velomobileworld.com\/es\/rumbo-al-sol-de-medianoche-dia-51\/#primaryimage","url":"https:\/\/www.velomobileworld.com\/wp-content\/uploads\/2024\/12\/Midnightsun-Day-51.jpg","contentUrl":"https:\/\/www.velomobileworld.com\/wp-content\/uploads\/2024\/12\/Midnightsun-Day-51.jpg","width":1920,"height":850},{"@type":"BreadcrumbList","@id":"https:\/\/www.velomobileworld.com\/es\/rumbo-al-sol-de-medianoche-dia-51\/#breadcrumb","itemListElement":[{"@type":"ListItem","position":1,"name":"Home","item":"https:\/\/www.velomobileworld.com\/"},{"@type":"ListItem","position":2,"name":"Rumbo al Sol de Medianoche (D\u00eda 51)"}]},{"@type":"WebSite","@id":"https:\/\/www.velomobileworld.com\/nl\/#website","url":"https:\/\/www.velomobileworld.com\/nl\/","name":"Velomobile World","description":"","potentialAction":[{"@type":"SearchAction","target":{"@type":"EntryPoint","urlTemplate":"https:\/\/www.velomobileworld.com\/nl\/?s={search_term_string}"},"query-input":{"@type":"PropertyValueSpecification","valueRequired":true,"valueName":"search_term_string"}}],"inLanguage":"es"},{"@type":"Person","@id":"https:\/\/www.velomobileworld.com\/nl\/#\/schema\/person\/c0c7c661ad3c8719ed05a7dc85d6fa12","name":"Jan Wijnen","image":{"@type":"ImageObject","inLanguage":"es","@id":"https:\/\/secure.gravatar.com\/avatar\/4802c8a6006d5895d73a1141e39ccf819bca7ec1dbfb26a6f4370880cefa109a?s=96&d=mm&r=g","url":"https:\/\/secure.gravatar.com\/avatar\/4802c8a6006d5895d73a1141e39ccf819bca7ec1dbfb26a6f4370880cefa109a?s=96&d=mm&r=g","contentUrl":"https:\/\/secure.gravatar.com\/avatar\/4802c8a6006d5895d73a1141e39ccf819bca7ec1dbfb26a6f4370880cefa109a?s=96&d=mm&r=g","caption":"Jan Wijnen"},"url":"https:\/\/www.velomobileworld.com\/es\/author\/jan-admin\/"}]}},"_links":{"self":[{"href":"https:\/\/www.velomobileworld.com\/es\/wp-json\/wp\/v2\/posts\/78506","targetHints":{"allow":["GET"]}}],"collection":[{"href":"https:\/\/www.velomobileworld.com\/es\/wp-json\/wp\/v2\/posts"}],"about":[{"href":"https:\/\/www.velomobileworld.com\/es\/wp-json\/wp\/v2\/types\/post"}],"author":[{"embeddable":true,"href":"https:\/\/www.velomobileworld.com\/es\/wp-json\/wp\/v2\/users\/4"}],"replies":[{"embeddable":true,"href":"https:\/\/www.velomobileworld.com\/es\/wp-json\/wp\/v2\/comments?post=78506"}],"version-history":[{"count":1,"href":"https:\/\/www.velomobileworld.com\/es\/wp-json\/wp\/v2\/posts\/78506\/revisions"}],"predecessor-version":[{"id":100857,"href":"https:\/\/www.velomobileworld.com\/es\/wp-json\/wp\/v2\/posts\/78506\/revisions\/100857"}],"wp:featuredmedia":[{"embeddable":true,"href":"https:\/\/www.velomobileworld.com\/es\/wp-json\/wp\/v2\/media\/78507"}],"wp:attachment":[{"href":"https:\/\/www.velomobileworld.com\/es\/wp-json\/wp\/v2\/media?parent=78506"}],"wp:term":[{"taxonomy":"category","embeddable":true,"href":"https:\/\/www.velomobileworld.com\/es\/wp-json\/wp\/v2\/categories?post=78506"},{"taxonomy":"post_tag","embeddable":true,"href":"https:\/\/www.velomobileworld.com\/es\/wp-json\/wp\/v2\/tags?post=78506"}],"curies":[{"name":"wp","href":"https:\/\/api.w.org\/{rel}","templated":true}]}}