{"id":7123,"date":"2024-12-09T13:57:42","date_gmt":"2024-12-09T12:57:42","guid":{"rendered":"https:\/\/velomobileworld.convident.dev\/cyclisme-avec-la-velomobile-depuis-12-ans\/"},"modified":"2025-07-25T12:09:18","modified_gmt":"2025-07-25T10:09:18","slug":"cyclisme-avec-la-velomobile-depuis-12-ans","status":"publish","type":"post","link":"https:\/\/www.velomobileworld.com\/fr\/cyclisme-avec-la-velomobile-depuis-12-ans\/","title":{"rendered":"Cyclisme avec la v\u00e9lomobile depuis 12 ans"},"content":{"rendered":"<p style=\"text-align: left;\"><span style=\"color: #ff0000;\"><em><strong>HISTOIRES DE LA COMMUNAUT\u00c9 V\u00c9LOMOBILE<\/strong><\/em><\/span><\/p>\n<p style=\"text-align: left;\"><b>12 ans d&rsquo;exp\u00e9rience en v\u00e9lomobile. Un rapport personnel de Max Weldert sur le cyclisme.<\/b><\/p>\n<p style=\"text-align: left;\"><strong>&#8230;&#8230;&#8230;&#8230;&#8230;&#8230;&#8230;&#8230;&#8230;&#8230;&#8230;&#8230;&#8230;&#8230;&#8230;&#8230;&#8230;&#8230;<\/strong><\/p>\n<p style=\"text-align: left;\"><span style=\"color: #ff0000;\">\u27a1\ufe0f <a style=\"color: #ff0000;\" href=\"\/?product_tag=velomobiles\" target=\"_blank\" rel=\"noopener\">VOUS VOULEZ VOTRE PROPRE V\u00c9LOMOBILE ? D\u00c9COUVREZ LES MOD\u00c8LES ICI !<\/a><\/span><\/p>\n<p style=\"text-align: left;\"><strong>&#8230;&#8230;&#8230;&#8230;&#8230;&#8230;&#8230;&#8230;&#8230;&#8230;&#8230;&#8230;&#8230;&#8230;&#8230;&#8230;&#8230;&#8230;<\/strong><\/p>\n<p><a href=\"https:\/\/www.velomobileworld.com\/fr\/img_5010-2\/\" target=\"_blank\" rel=\"noopener\"><img loading=\"lazy\" decoding=\"async\" class=\"alignnone wp-image-19199\" src=\"https:\/\/www.velomobileworld.com\/wp-content\/uploads\/2023\/04\/6-Velomobile-World-Banner.gif\" alt=\"\" width=\"450\" height=\"56\" \/><\/a><\/p>\n<p style=\"text-align: left;\">\n<p>&nbsp;<\/p>\n<p style=\"text-align: left;\">J&rsquo;ai grandi en pensant qu&rsquo;il \u00e9tait normal de poss\u00e9der une voiture et de l&rsquo;utiliser tous les jours, quelle que soit la destination. Les voitures familiales faisaient partie int\u00e9grante de la vie, presque de notre identit\u00e9. Je suis s\u00fbr que cela avait quelque chose \u00e0 voir avec le fait que nous vivions \u00e0 la campagne, dans une petite communaut\u00e9 agricole, et qu&rsquo;il n&rsquo;y avait pas d&rsquo;arr\u00eat de bus \u00e0 des kilom\u00e8tres \u00e0 la ronde. Mais plus je vieillissais, plus je remettais en question cette \u00e9vidence de la possession d&rsquo;une voiture. En m\u00eame temps, un irr\u00e9pressible d\u00e9sir d&rsquo;ind\u00e9pendance est n\u00e9 en moi d\u00e8s mon plus jeune \u00e2ge, et le sujet du v\u00e9lo est devenu de plus en plus important pour moi. \u00c0 l&rsquo;\u00e2ge de 12 ans, j&rsquo;ai enfin fait un tour \u00e0 v\u00e9lo \u00e0 travers les Pays-Bas avec mon meilleur ami et j&rsquo;ai eu l&rsquo;impression d&rsquo;une libert\u00e9 sans limites. Le th\u00e8me de la mobilit\u00e9 musculaire m&rsquo;a fascin\u00e9 d\u00e8s cette \u00e9poque et ne m&rsquo;a jamais quitt\u00e9.<\/p>\n<p>&nbsp;<\/p>\n<p style=\"text-align: left;\">\n<p><a href=\"https:\/\/www.velomobileworld.com\/wp-content\/uploads\/2023\/05\/Amir-and-Max-on-their-M5-Carbon-Highracers-on-their-way-from-Germany-to-Lisbon-Portugal-1024x768.jpg\" target=\"_blank\" rel=\"noopener\"><img loading=\"lazy\" decoding=\"async\" class=\"alignnone wp-image-19134\" src=\"https:\/\/www.velomobileworld.com\/wp-content\/uploads\/2023\/05\/Amir-and-Max-on-their-M5-Carbon-Highracers-on-their-way-from-Germany-to-Lisbon-Portugal-1024x768.jpg\" alt=\"\" width=\"450\" height=\"338\" \/><\/a><\/p>\n<p style=\"text-align: left;\"><em><img decoding=\"async\" class=\"emoji\" role=\"img\" draggable=\"false\" src=\"https:\/\/s.w.org\/images\/core\/emoji\/13.1.0\/svg\/2b06.svg\" alt=\"\u2b06\ufe0f\" \/> Amir et Max sur leur M5 Carbon Highracers en route de l&rsquo;Allemagne vers Lisbonne (Portugal)<\/em><\/p>\n<p><a href=\"https:\/\/www.velomobileworld.com\/wp-content\/uploads\/2023\/05\/Max-in-the-DF-and-his-best-friend-Amir-in-a-Mango-1024x768.jpg\" target=\"_blank\" rel=\"noopener\"><img loading=\"lazy\" decoding=\"async\" class=\"alignnone wp-image-19138\" src=\"https:\/\/www.velomobileworld.com\/wp-content\/uploads\/2023\/05\/Max-in-the-DF-and-his-best-friend-Amir-in-a-Mango-1024x768.jpg\" alt=\"\" width=\"450\" height=\"338\" \/><\/a><\/p>\n<p style=\"text-align: left;\"><em><img decoding=\"async\" class=\"emoji\" role=\"img\" draggable=\"false\" src=\"https:\/\/s.w.org\/images\/core\/emoji\/13.1.0\/svg\/2b06.svg\" alt=\"\u2b06\ufe0f\" \/> Max dans le DF et son meilleur ami Amir dans un Mango<\/em><\/p>\n<p>&nbsp;<\/p>\n<p style=\"text-align: left;\">Apr\u00e8s avoir commenc\u00e9 par un simple v\u00e9lo de randonn\u00e9e pour enfants, un v\u00e9lo de route cyclocross a finalement trouv\u00e9 sa place dans mon quotidien \u00e0 l&rsquo;occasion de mon anniversaire et m&rsquo;a accompagn\u00e9 tous les jours depuis lors. Le chemin de l&rsquo;\u00e9cole, des amis ou du club de sport \u00e9tait beaucoup plus rapide qu&rsquo;avant et m&rsquo;a procur\u00e9 beaucoup de plaisir. En p\u00e9dalant, j&rsquo;oubliais le monde qui m&rsquo;entourait et je me sentais libre, du moins en \u00e9t\u00e9. Au fur et \u00e0 mesure que les jours devenaient plus froids et plus humides, le trajet quotidien est devenu de plus en plus fastidieux.<\/p>\n<p>&nbsp;<\/p>\n<p>&nbsp;<\/p>\n<p style=\"text-align: left;\">\u00c0 ce moment-l\u00e0, j&rsquo;ai imagin\u00e9 ce que ce serait de pouvoir rouler sur un v\u00e9lo prot\u00e9g\u00e9 &#8211; un v\u00e9lo avec un corps, en quelque sorte. Jusqu&rsquo;alors, je ne savais rien de l&rsquo;existence d&rsquo;un v\u00e9lomobile. \u00c0 une \u00e9poque o\u00f9 il fallait \u00e0 chaque fois se connecter activement \u00e0 Internet, j&rsquo;ai commenc\u00e9 \u00e0 faire des recherches et je suis tomb\u00e9 pour la premi\u00e8re fois sur le v\u00e9lomobile. Il s&rsquo;agit d&rsquo;un v\u00e9lo sans moteur, qui utilise uniquement la force musculaire, mais qui est tout de m\u00eame plus rapide qu&rsquo;un v\u00e9lo de course et prot\u00e9g\u00e9 des intemp\u00e9ries. L&rsquo;id\u00e9e d&rsquo;avoir ma propre v\u00e9lomobile ne me laissait plus dormir tranquillement et j&rsquo;ai commenc\u00e9 \u00e0 \u00e9conomiser assid\u00fbment d\u00e8s l&rsquo;\u00e9cole. \u00c0 16 ans, le moment \u00e9tait enfin venu. J&rsquo;ai rassembl\u00e9 toutes mes \u00e9conomies pour acheter un v\u00e9lomobile d&rsquo;occasion. Un vieux Mango, toujours construit par velomobiel.nl, avec une carrosserie en fibre de verre et des vitesses 3&#215;8.<\/p>\n<p>&nbsp;<\/p>\n<p>&nbsp;<\/p>\n<p style=\"text-align: left;\">M\u00eame si j&rsquo;avais d\u00e9j\u00e0 une certaine pr\u00e9f\u00e9rence pour le v\u00e9lo et que le Mango serait certainement class\u00e9 comme un mod\u00e8le a\u00e9rodynamique d\u00e9pass\u00e9 selon les normes d&rsquo;aujourd&rsquo;hui, un nouveau monde s&rsquo;est ouvert \u00e0 moi avec ce v\u00e9hicule. Soudain, j&rsquo;ai pu parcourir des distances jusqu&rsquo;alors impensables. De plus, j&rsquo;\u00e9tais prot\u00e9g\u00e9 du froid et de l&rsquo;humidit\u00e9, je ne devais plus mettre de v\u00eatements de pluie et je pouvais simplement jeter mes bagages \u00e0 l&rsquo;arri\u00e8re.<\/p>\n<p>&nbsp;<\/p>\n<p style=\"text-align: left;\">\n<p style=\"text-align: left;\"><a href=\"https:\/\/www.velomobileworld.com\/wp-content\/uploads\/2023\/05\/Velomobile-tour-to-Rugen-and-back-_Max-on-the-right_.jpg\" target=\"_blank\" rel=\"noopener\"><img loading=\"lazy\" decoding=\"async\" class=\"alignnone wp-image-19130\" src=\"https:\/\/www.velomobileworld.com\/wp-content\/uploads\/2023\/05\/Velomobile-tour-to-Rugen-and-back-_Max-on-the-right_.jpg\" alt=\"\" width=\"450\" height=\"253\" \/><\/a><\/p>\n<p style=\"text-align: left;\"><img decoding=\"async\" class=\"emoji\" role=\"img\" draggable=\"false\" src=\"https:\/\/s.w.org\/images\/core\/emoji\/13.1.0\/svg\/2b06.svg\" alt=\"\u2b06\ufe0f\" \/> <em>Tour en v\u00e9lomobile jusqu&rsquo;\u00e0 R\u00fcgen et retour (Max \u00e0 droite)**<\/em><\/p>\n<p><a href=\"https:\/\/www.velomobileworld.com\/wp-content\/uploads\/2023\/05\/max-in-second-place-at-the-race-in-rutenbrock-1024x764.jpg\" target=\"_blank\" rel=\"noopener\"><img loading=\"lazy\" decoding=\"async\" class=\"alignnone wp-image-19126\" src=\"https:\/\/www.velomobileworld.com\/wp-content\/uploads\/2023\/05\/max-in-second-place-at-the-race-in-rutenbrock-1024x764.jpg\" alt=\"\" width=\"450\" height=\"336\" \/><\/a><\/p>\n<p style=\"text-align: left;\"><img decoding=\"async\" class=\"emoji\" role=\"img\" draggable=\"false\" src=\"https:\/\/s.w.org\/images\/core\/emoji\/13.1.0\/svg\/2b06.svg\" alt=\"\u2b06\ufe0f\" \/> <em>Max en deuxi\u00e8me position lors de la course de R\u00fctenbrock (2014)*<\/em><\/p>\n<p>&nbsp;<\/p>\n<p>&nbsp;<\/p>\n<p style=\"text-align: left;\">Aujourd&rsquo;hui, je d\u00e9crirais le Mango comme ma drogue d&rsquo;entr\u00e9e dans le monde de la v\u00e9lomobile. J&rsquo;\u00e9tais accro et je voulais passer \u00e0 un v\u00e9hicule plus l\u00e9ger et plus efficace. Au fil des ans, j&rsquo;ai essay\u00e9 \u00e0 peu pr\u00e8s tous les v\u00e9lomobiles sur le march\u00e9. Du Mango \u00e0 plusieurs Quests, un Milan SL, un Quattrovelo (Quatrevelo), un Evo R, un Evo Ks, un Velayo, un DF XL, jusqu&rsquo;\u00e0 l&rsquo;Alpha 7, un Alpha 9 et un Milan GT. Ainsi, apr\u00e8s des dizaines de milliers de kilom\u00e8tres dans une grande vari\u00e9t\u00e9 de mod\u00e8les, j&rsquo;ai pu acqu\u00e9rir une \u00e9norme quantit\u00e9 d&rsquo;exp\u00e9rience. Certains v\u00e9lomobiles \u00e9taient tr\u00e8s rapides, mais pour moi qui mesure pr\u00e8s de 1,90 m et p\u00e8se plus de 90 kg, j&rsquo;ai d\u00fb me rendre compte, apr\u00e8s de longues sorties, qu&rsquo;ils \u00e9taient trop \u00e9troits pour moi, compte tenu de mes dimensions corporelles, pour que je puisse maintenir les performances \u00e0 un niveau \u00e9lev\u00e9. Ou alors j&rsquo;aurais d\u00fb passer \u00e0 des manivelles aussi courtes, ce qui aurait conduit \u00e0 un p\u00e9dalage peu ergonomique. Quoi qu&rsquo;il en soit, il est clair pour moi que le v\u00e9lomobile le plus sophistiqu\u00e9 sur le plan a\u00e9rodynamique ne sert \u00e0 rien si le cycliste ne s&rsquo;y sent pas \u00e0 l&rsquo;aise. Par cons\u00e9quent, tout d\u00e9pend \u00e9galement de la pression exerc\u00e9e par le si\u00e8ge, de l&rsquo;esth\u00e9tique du design, de la taille de l&rsquo;entr\u00e9e, de la r\u00e9sistance au vent, de la facilit\u00e9 d&rsquo;acc\u00e8s au compartiment \u00e0 bagages, etc. Je reviendrai dans un autre article sur le v\u00e9lomobile qui m&rsquo;a le plus enthousiasm\u00e9 au cours de mes 12 ann\u00e9es d&rsquo;utilisation. Mais il y a une chose que je peux dire d&rsquo;avance : Au cours de toutes ces ann\u00e9es, le design des v\u00e9lomobiles a connu une \u00e9volution incroyable. Les v\u00e9hicules sont devenus plus rapides, plus s\u00fbrs, plus l\u00e9gers et dot\u00e9s d&rsquo;\u00e9quipements plus luxueux.<\/p>\n<p>&nbsp;<\/p>\n<p style=\"text-align: left;\">\n<p><a href=\"https:\/\/www.velomobileworld.com\/wp-content\/uploads\/2023\/05\/Evo-R-1024x768.jpg\" target=\"_blank\" rel=\"noopener\"><img loading=\"lazy\" decoding=\"async\" class=\"alignnone wp-image-19142\" src=\"https:\/\/www.velomobileworld.com\/wp-content\/uploads\/2023\/05\/Evo-R-1024x768.jpg\" alt=\"\" width=\"450\" height=\"338\" \/><\/a><\/p>\n<p style=\"text-align: left;\"><em><img decoding=\"async\" class=\"emoji\" role=\"img\" draggable=\"false\" src=\"https:\/\/s.w.org\/images\/core\/emoji\/13.1.0\/svg\/2b06.svg\" alt=\"\u2b06\ufe0f\" \/> Evo R v\u00e9lomobile<\/em><\/p>\n<p>&nbsp;<\/p>\n<p style=\"text-align: left;\">De nombreux cyclistes utilisent le v\u00e9lomobile pour se rendre quotidiennement au travail, certains parcourant jusqu&rsquo;\u00e0 60 km dans chaque sens. Pour ma part, je l&rsquo;utilise principalement pendant mon temps libre, pour m&rsquo;amuser et, de temps en temps, pour voyager ou faire de longues excursions. Il y a quelques ann\u00e9es, cependant, je faisais r\u00e9guli\u00e8rement la navette entre M\u00fcnster et Osnabr\u00fcck. Si vous vous plaignez de maux de dos au bout de peu de temps lorsque vous roulez sur un v\u00e9lo classique, vous serez heureux de constater le grand confort du v\u00e9lomobile. On adopte une position allong\u00e9e tr\u00e8s confortable, o\u00f9 l&rsquo;on ne ressent aucune douleur, m\u00eame apr\u00e8s plusieurs heures de v\u00e9lo. Pour trouver la position parfaite, il faut prendre son temps. Mais une fois qu&rsquo;on l&rsquo;a trouv\u00e9e, on descend apr\u00e8s de nombreuses heures de v\u00e9lo avec des muscles \u00e9puis\u00e9s.<\/p>\n<p>&nbsp;<\/p>\n<p style=\"text-align: left;\">\n<p><a href=\"https:\/\/www.velomobileworld.com\/wp-content\/uploads\/2023\/05\/Max-cycling-with-a-friend-.jpg\" target=\"_blank\" rel=\"noopener\"><img loading=\"lazy\" decoding=\"async\" class=\"alignnone wp-image-19150\" src=\"https:\/\/www.velomobileworld.com\/wp-content\/uploads\/2023\/05\/Max-cycling-with-a-friend-.jpg\" alt=\"\" width=\"450\" height=\"599\" \/><\/a><\/p>\n<p style=\"text-align: left;\"><em><img decoding=\"async\" class=\"emoji\" role=\"img\" draggable=\"false\" src=\"https:\/\/s.w.org\/images\/core\/emoji\/13.1.0\/svg\/2b06.svg\" alt=\"\u2b06\ufe0f\" \/> Max fait du v\u00e9lo avec un ami<\/em><\/p>\n<p>&nbsp;<\/p>\n<p style=\"text-align: left;\">On me demande souvent ce que l&rsquo;on ressent lorsqu&rsquo;on fait du v\u00e9lo dans un v\u00e9lomobile. Il m&rsquo;est difficile de r\u00e9pondre \u00e0 cette question. Pour moi, c&rsquo;est une nouvelle fa\u00e7on de faire du v\u00e9lo. Je suis enthousiasm\u00e9 par l&rsquo;efficacit\u00e9 et la vitesse incroyables des v\u00e9lomobiles d&rsquo;aujourd&rsquo;hui. Voler sur la route \u00e0 50 ou 60 km\/h, et oui ce sont des vitesses qui peuvent \u00eatre maintenues pendant longtemps, tout en regardant la nature d\u00e9filer, me remplit d&rsquo;un sentiment de libert\u00e9 qui ne peut pas \u00eatre pay\u00e9. Et m\u00eame apr\u00e8s plus de 12 ans d&rsquo;exp\u00e9rience, il m&rsquo;arrive encore de m&rsquo;asseoir, stup\u00e9fait, dans la v\u00e9lomobile et d&rsquo;appr\u00e9cier les vitesses que l&rsquo;on peut atteindre gr\u00e2ce \u00e0 la puissance musculaire pure et sans aucune \u00e9mission. Selon moi, la v\u00e9lomobile est clairement le v\u00e9hicule le plus efficace que l&rsquo;on puisse acheter. C&rsquo;est d&rsquo;autant plus impressionnant que toutes les v\u00e9lomobiles produites en s\u00e9rie sont parfaitement adapt\u00e9es \u00e0 un usage quotidien. Je n&rsquo;ai donc jamais pu comprendre le battage m\u00e9diatique autour de la mobilit\u00e9 \u00e9lectrique et cela m&rsquo;agace que les politiciens subventionnent les voitures \u00e9lectriques alors que \u00ab\u00a0nos\u00a0\u00bb v\u00e9los sp\u00e9ciaux ne sont pas pris en consid\u00e9ration.<\/p>\n<p>&nbsp;<\/p>\n<p style=\"text-align: left;\">\n<p><a href=\"https:\/\/www.velomobileworld.com\/wp-content\/uploads\/2023\/05\/How-to-make-your-baby-fall-asleep-in-a-Quest-velomobile.jpg\" target=\"_blank\" rel=\"noopener\"><img loading=\"lazy\" decoding=\"async\" class=\"alignnone wp-image-19146\" src=\"https:\/\/www.velomobileworld.com\/wp-content\/uploads\/2023\/05\/How-to-make-your-baby-fall-asleep-in-a-Quest-velomobile.jpg\" alt=\"\" width=\"450\" height=\"338\" \/><\/a><\/p>\n<p style=\"text-align: left;\"><em><img decoding=\"async\" class=\"emoji\" role=\"img\" draggable=\"false\" src=\"https:\/\/s.w.org\/images\/core\/emoji\/13.1.0\/svg\/2b06.svg\" alt=\"\u2b06\ufe0f\" \/> Comment endormir votre b\u00e9b\u00e9 dans un v\u00e9lomobile Quest<\/em><\/p>\n<p><a href=\"https:\/\/www.velomobileworld.com\/wp-content\/uploads\/2023\/05\/Max-with-his-son.jpg\" target=\"_blank\" rel=\"noopener\"><img loading=\"lazy\" decoding=\"async\" class=\"alignnone wp-image-19188\" src=\"https:\/\/www.velomobileworld.com\/wp-content\/uploads\/2023\/05\/Max-with-his-son.jpg\" alt=\"\" width=\"450\" height=\"600\" \/><\/a><\/p>\n<p style=\"text-align: left;\"><img decoding=\"async\" class=\"emoji\" role=\"img\" draggable=\"false\" src=\"https:\/\/s.w.org\/images\/core\/emoji\/13.1.0\/svg\/2b06.svg\" alt=\"\u2b06\ufe0f\" \/> <em>Max avec son fils<\/em><\/p>\n<p>&nbsp;<\/p>\n<p style=\"text-align: left;\">Je ne suis pas le seul \u00e0 me passionner pour les v\u00e9lomobiles. Mon meilleur ami, avec qui j&rsquo;ai fait un voyage \u00e0 v\u00e9lo \u00e0 travers les Pays-Bas dans mon enfance, roule \u00e9galement sur un DF XL aujourd&rsquo;hui. Nous sommes li\u00e9s par de nombreuses exp\u00e9riences communes de tourisme et de voyage, en v\u00e9lomobile et en v\u00e9lo couch\u00e9. J&rsquo;esp\u00e8re pouvoir transmettre \u00e0 un plus grand nombre de personnes mon exp\u00e9rience de 12 ans de v\u00e9lomobile et je recommande \u00e0 chacun de faire un essai chez le concessionnaire de v\u00e9lomobile le plus proche (<a href=\"\/?page_id=970\" target=\"_blank\" rel=\"noopener\">voir ici<\/a>). Pour comprendre la fascination qu&rsquo;exerce le v\u00e9lomobile, il faut l&rsquo;essayer soi-m\u00eame.<\/p>\n<p>&nbsp;<\/p>\n<p style=\"text-align: left;\">\n<p><a href=\"https:\/\/www.velomobileworld.com\/wp-content\/uploads\/2023\/05\/Alpha-9-2023.jpg\" target=\"_blank\" rel=\"noopener\"><img loading=\"lazy\" decoding=\"async\" class=\"alignnone wp-image-19122\" src=\"https:\/\/www.velomobileworld.com\/wp-content\/uploads\/2023\/05\/Alpha-9-2023.jpg\" alt=\"\" width=\"450\" height=\"338\" \/><\/a><\/p>\n<p style=\"text-align: left;\"><img decoding=\"async\" class=\"emoji\" role=\"img\" draggable=\"false\" src=\"https:\/\/s.w.org\/images\/core\/emoji\/13.1.0\/svg\/2b06.svg\" alt=\"\u2b06\ufe0f\" \/> <em>Alpha 9 (2023)<\/em><\/p>\n<p>&nbsp;<\/p>\n<p style=\"text-align: left;\">*https:\/\/kampeerwijzer.com\/2014\/07\/20\/zomercompetitie-nvhpv-rutenbrock\/<\/p>\n<p style=\"text-align: left;\">**https:\/\/www.cz.de\/Celler-Land\/Samtgemeinde-Lachendorf\/Eldingen\/Auf-100-Kilometer-zwei-Liter-Wasser<\/p>\n","protected":false},"excerpt":{"rendered":"<p>HISTOIRES DE LA COMMUNAUT\u00c9 V\u00c9LOMOBILE 12 ans d&rsquo;exp\u00e9rience en v\u00e9lomobile. Un rapport personnel de Max Weldert sur le cyclisme. &#8230;&#8230;&#8230;&#8230;&#8230;&#8230;&#8230;&#8230;&#8230;&#8230;&#8230;&#8230;&#8230;&#8230;&#8230;&#8230;&#8230;&#8230; [&hellip;]<\/p>\n","protected":false},"author":4,"featured_media":5571,"comment_status":"open","ping_status":"closed","sticky":false,"template":"","format":"standard","meta":{"_acf_changed":false,"footnotes":""},"categories":[691],"tags":[],"class_list":["post-7123","post","type-post","status-publish","format-standard","has-post-thumbnail","hentry","category-non-classifiee"],"acf":[],"yoast_head":"<!-- This site is optimized with the Yoast SEO plugin v27.5 - https:\/\/yoast.com\/product\/yoast-seo-wordpress\/ -->\n<title>Cyclisme avec la v\u00e9lomobile depuis 12 ans | Velomobile World<\/title>\n<meta name=\"description\" content=\"12 ans de v\u00e9lo avec velomobile... A l&#039;\u00e2ge de 12 ans, je suis enfin parti en randonn\u00e9e \u00e0 v\u00e9lo \u00e0 travers les Pays-Bas avec mon meilleur ami et...\" \/>\n<meta name=\"robots\" content=\"index, follow, max-snippet:-1, max-image-preview:large, max-video-preview:-1\" \/>\n<link rel=\"canonical\" href=\"https:\/\/www.velomobileworld.com\/fr\/cyclisme-avec-la-velomobile-depuis-12-ans\/\" \/>\n<meta property=\"og:locale\" content=\"fr_FR\" \/>\n<meta property=\"og:type\" content=\"article\" \/>\n<meta property=\"og:title\" content=\"Cyclisme avec la v\u00e9lomobile depuis 12 ans | Velomobile World\" \/>\n<meta property=\"og:description\" content=\"12 ans de v\u00e9lo avec velomobile... A l&#039;\u00e2ge de 12 ans, je suis enfin parti en randonn\u00e9e \u00e0 v\u00e9lo \u00e0 travers les Pays-Bas avec mon meilleur ami et...\" \/>\n<meta property=\"og:url\" content=\"https:\/\/www.velomobileworld.com\/fr\/cyclisme-avec-la-velomobile-depuis-12-ans\/\" \/>\n<meta property=\"og:site_name\" content=\"Velomobile World\" \/>\n<meta property=\"article:published_time\" content=\"2024-12-09T12:57:42+00:00\" \/>\n<meta property=\"article:modified_time\" content=\"2025-07-25T10:09:18+00:00\" \/>\n<meta property=\"og:image\" content=\"https:\/\/www.velomobileworld.com\/wp-content\/uploads\/2024\/12\/1-Max-Welder-Article.jpg\" \/>\n\t<meta property=\"og:image:width\" content=\"1920\" \/>\n\t<meta property=\"og:image:height\" content=\"850\" \/>\n\t<meta property=\"og:image:type\" content=\"image\/jpeg\" \/>\n<meta name=\"author\" content=\"Jan Wijnen\" \/>\n<meta name=\"twitter:card\" content=\"summary_large_image\" \/>\n<meta name=\"twitter:label1\" content=\"\u00c9crit par\" \/>\n\t<meta name=\"twitter:data1\" content=\"Jan Wijnen\" \/>\n\t<meta name=\"twitter:label2\" content=\"Dur\u00e9e de lecture estim\u00e9e\" \/>\n\t<meta name=\"twitter:data2\" content=\"7 minutes\" \/>\n<script type=\"application\/ld+json\" class=\"yoast-schema-graph\">{\"@context\":\"https:\\\/\\\/schema.org\",\"@graph\":[{\"@type\":\"Article\",\"@id\":\"https:\\\/\\\/www.velomobileworld.com\\\/fr\\\/cyclisme-avec-la-velomobile-depuis-12-ans\\\/#article\",\"isPartOf\":{\"@id\":\"https:\\\/\\\/www.velomobileworld.com\\\/fr\\\/cyclisme-avec-la-velomobile-depuis-12-ans\\\/\"},\"author\":{\"name\":\"Jan Wijnen\",\"@id\":\"https:\\\/\\\/www.velomobileworld.com\\\/nl\\\/#\\\/schema\\\/person\\\/c0c7c661ad3c8719ed05a7dc85d6fa12\"},\"headline\":\"Cyclisme avec la v\u00e9lomobile depuis 12 ans\",\"datePublished\":\"2024-12-09T12:57:42+00:00\",\"dateModified\":\"2025-07-25T10:09:18+00:00\",\"mainEntityOfPage\":{\"@id\":\"https:\\\/\\\/www.velomobileworld.com\\\/fr\\\/cyclisme-avec-la-velomobile-depuis-12-ans\\\/\"},\"wordCount\":1538,\"commentCount\":0,\"image\":{\"@id\":\"https:\\\/\\\/www.velomobileworld.com\\\/fr\\\/cyclisme-avec-la-velomobile-depuis-12-ans\\\/#primaryimage\"},\"thumbnailUrl\":\"https:\\\/\\\/www.velomobileworld.com\\\/wp-content\\\/uploads\\\/2024\\\/12\\\/1-Max-Welder-Article.jpg\",\"articleSection\":[\"Non classifi\u00e9(e)\"],\"inLanguage\":\"fr-FR\",\"potentialAction\":[{\"@type\":\"CommentAction\",\"name\":\"Comment\",\"target\":[\"https:\\\/\\\/www.velomobileworld.com\\\/fr\\\/cyclisme-avec-la-velomobile-depuis-12-ans\\\/#respond\"]}]},{\"@type\":\"WebPage\",\"@id\":\"https:\\\/\\\/www.velomobileworld.com\\\/fr\\\/cyclisme-avec-la-velomobile-depuis-12-ans\\\/\",\"url\":\"https:\\\/\\\/www.velomobileworld.com\\\/fr\\\/cyclisme-avec-la-velomobile-depuis-12-ans\\\/\",\"name\":\"Cyclisme avec la v\u00e9lomobile depuis 12 ans | Velomobile World\",\"isPartOf\":{\"@id\":\"https:\\\/\\\/www.velomobileworld.com\\\/nl\\\/#website\"},\"primaryImageOfPage\":{\"@id\":\"https:\\\/\\\/www.velomobileworld.com\\\/fr\\\/cyclisme-avec-la-velomobile-depuis-12-ans\\\/#primaryimage\"},\"image\":{\"@id\":\"https:\\\/\\\/www.velomobileworld.com\\\/fr\\\/cyclisme-avec-la-velomobile-depuis-12-ans\\\/#primaryimage\"},\"thumbnailUrl\":\"https:\\\/\\\/www.velomobileworld.com\\\/wp-content\\\/uploads\\\/2024\\\/12\\\/1-Max-Welder-Article.jpg\",\"datePublished\":\"2024-12-09T12:57:42+00:00\",\"dateModified\":\"2025-07-25T10:09:18+00:00\",\"author\":{\"@id\":\"https:\\\/\\\/www.velomobileworld.com\\\/nl\\\/#\\\/schema\\\/person\\\/c0c7c661ad3c8719ed05a7dc85d6fa12\"},\"description\":\"12 ans de v\u00e9lo avec velomobile... A l'\u00e2ge de 12 ans, je suis enfin parti en randonn\u00e9e \u00e0 v\u00e9lo \u00e0 travers les Pays-Bas avec mon meilleur ami et...\",\"breadcrumb\":{\"@id\":\"https:\\\/\\\/www.velomobileworld.com\\\/fr\\\/cyclisme-avec-la-velomobile-depuis-12-ans\\\/#breadcrumb\"},\"inLanguage\":\"fr-FR\",\"potentialAction\":[{\"@type\":\"ReadAction\",\"target\":[\"https:\\\/\\\/www.velomobileworld.com\\\/fr\\\/cyclisme-avec-la-velomobile-depuis-12-ans\\\/\"]}]},{\"@type\":\"ImageObject\",\"inLanguage\":\"fr-FR\",\"@id\":\"https:\\\/\\\/www.velomobileworld.com\\\/fr\\\/cyclisme-avec-la-velomobile-depuis-12-ans\\\/#primaryimage\",\"url\":\"https:\\\/\\\/www.velomobileworld.com\\\/wp-content\\\/uploads\\\/2024\\\/12\\\/1-Max-Welder-Article.jpg\",\"contentUrl\":\"https:\\\/\\\/www.velomobileworld.com\\\/wp-content\\\/uploads\\\/2024\\\/12\\\/1-Max-Welder-Article.jpg\",\"width\":1920,\"height\":850,\"caption\":\"Max Welder is talking about his velomobile\"},{\"@type\":\"BreadcrumbList\",\"@id\":\"https:\\\/\\\/www.velomobileworld.com\\\/fr\\\/cyclisme-avec-la-velomobile-depuis-12-ans\\\/#breadcrumb\",\"itemListElement\":[{\"@type\":\"ListItem\",\"position\":1,\"name\":\"Home\",\"item\":\"https:\\\/\\\/www.velomobileworld.com\\\/fr\\\/\"},{\"@type\":\"ListItem\",\"position\":2,\"name\":\"Cyclisme avec la v\u00e9lomobile depuis 12 ans\"}]},{\"@type\":\"WebSite\",\"@id\":\"https:\\\/\\\/www.velomobileworld.com\\\/nl\\\/#website\",\"url\":\"https:\\\/\\\/www.velomobileworld.com\\\/nl\\\/\",\"name\":\"Velomobile World\",\"description\":\"\",\"potentialAction\":[{\"@type\":\"SearchAction\",\"target\":{\"@type\":\"EntryPoint\",\"urlTemplate\":\"https:\\\/\\\/www.velomobileworld.com\\\/nl\\\/?s={search_term_string}\"},\"query-input\":{\"@type\":\"PropertyValueSpecification\",\"valueRequired\":true,\"valueName\":\"search_term_string\"}}],\"inLanguage\":\"fr-FR\"},{\"@type\":\"Person\",\"@id\":\"https:\\\/\\\/www.velomobileworld.com\\\/nl\\\/#\\\/schema\\\/person\\\/c0c7c661ad3c8719ed05a7dc85d6fa12\",\"name\":\"Jan Wijnen\",\"image\":{\"@type\":\"ImageObject\",\"inLanguage\":\"fr-FR\",\"@id\":\"https:\\\/\\\/secure.gravatar.com\\\/avatar\\\/4802c8a6006d5895d73a1141e39ccf819bca7ec1dbfb26a6f4370880cefa109a?s=96&d=mm&r=g\",\"url\":\"https:\\\/\\\/secure.gravatar.com\\\/avatar\\\/4802c8a6006d5895d73a1141e39ccf819bca7ec1dbfb26a6f4370880cefa109a?s=96&d=mm&r=g\",\"contentUrl\":\"https:\\\/\\\/secure.gravatar.com\\\/avatar\\\/4802c8a6006d5895d73a1141e39ccf819bca7ec1dbfb26a6f4370880cefa109a?s=96&d=mm&r=g\",\"caption\":\"Jan Wijnen\"},\"url\":\"https:\\\/\\\/www.velomobileworld.com\\\/fr\\\/author\\\/jan-admin\\\/\"}]}<\/script>\n<!-- \/ Yoast SEO plugin. -->","yoast_head_json":{"title":"Cyclisme avec la v\u00e9lomobile depuis 12 ans | Velomobile World","description":"12 ans de v\u00e9lo avec velomobile... A l'\u00e2ge de 12 ans, je suis enfin parti en randonn\u00e9e \u00e0 v\u00e9lo \u00e0 travers les Pays-Bas avec mon meilleur ami et...","robots":{"index":"index","follow":"follow","max-snippet":"max-snippet:-1","max-image-preview":"max-image-preview:large","max-video-preview":"max-video-preview:-1"},"canonical":"https:\/\/www.velomobileworld.com\/fr\/cyclisme-avec-la-velomobile-depuis-12-ans\/","og_locale":"fr_FR","og_type":"article","og_title":"Cyclisme avec la v\u00e9lomobile depuis 12 ans | Velomobile World","og_description":"12 ans de v\u00e9lo avec velomobile... A l'\u00e2ge de 12 ans, je suis enfin parti en randonn\u00e9e \u00e0 v\u00e9lo \u00e0 travers les Pays-Bas avec mon meilleur ami et...","og_url":"https:\/\/www.velomobileworld.com\/fr\/cyclisme-avec-la-velomobile-depuis-12-ans\/","og_site_name":"Velomobile World","article_published_time":"2024-12-09T12:57:42+00:00","article_modified_time":"2025-07-25T10:09:18+00:00","og_image":[{"width":1920,"height":850,"url":"https:\/\/www.velomobileworld.com\/wp-content\/uploads\/2024\/12\/1-Max-Welder-Article.jpg","type":"image\/jpeg"}],"author":"Jan Wijnen","twitter_card":"summary_large_image","twitter_misc":{"\u00c9crit par":"Jan Wijnen","Dur\u00e9e de lecture estim\u00e9e":"7 minutes"},"schema":{"@context":"https:\/\/schema.org","@graph":[{"@type":"Article","@id":"https:\/\/www.velomobileworld.com\/fr\/cyclisme-avec-la-velomobile-depuis-12-ans\/#article","isPartOf":{"@id":"https:\/\/www.velomobileworld.com\/fr\/cyclisme-avec-la-velomobile-depuis-12-ans\/"},"author":{"name":"Jan Wijnen","@id":"https:\/\/www.velomobileworld.com\/nl\/#\/schema\/person\/c0c7c661ad3c8719ed05a7dc85d6fa12"},"headline":"Cyclisme avec la v\u00e9lomobile depuis 12 ans","datePublished":"2024-12-09T12:57:42+00:00","dateModified":"2025-07-25T10:09:18+00:00","mainEntityOfPage":{"@id":"https:\/\/www.velomobileworld.com\/fr\/cyclisme-avec-la-velomobile-depuis-12-ans\/"},"wordCount":1538,"commentCount":0,"image":{"@id":"https:\/\/www.velomobileworld.com\/fr\/cyclisme-avec-la-velomobile-depuis-12-ans\/#primaryimage"},"thumbnailUrl":"https:\/\/www.velomobileworld.com\/wp-content\/uploads\/2024\/12\/1-Max-Welder-Article.jpg","articleSection":["Non classifi\u00e9(e)"],"inLanguage":"fr-FR","potentialAction":[{"@type":"CommentAction","name":"Comment","target":["https:\/\/www.velomobileworld.com\/fr\/cyclisme-avec-la-velomobile-depuis-12-ans\/#respond"]}]},{"@type":"WebPage","@id":"https:\/\/www.velomobileworld.com\/fr\/cyclisme-avec-la-velomobile-depuis-12-ans\/","url":"https:\/\/www.velomobileworld.com\/fr\/cyclisme-avec-la-velomobile-depuis-12-ans\/","name":"Cyclisme avec la v\u00e9lomobile depuis 12 ans | Velomobile World","isPartOf":{"@id":"https:\/\/www.velomobileworld.com\/nl\/#website"},"primaryImageOfPage":{"@id":"https:\/\/www.velomobileworld.com\/fr\/cyclisme-avec-la-velomobile-depuis-12-ans\/#primaryimage"},"image":{"@id":"https:\/\/www.velomobileworld.com\/fr\/cyclisme-avec-la-velomobile-depuis-12-ans\/#primaryimage"},"thumbnailUrl":"https:\/\/www.velomobileworld.com\/wp-content\/uploads\/2024\/12\/1-Max-Welder-Article.jpg","datePublished":"2024-12-09T12:57:42+00:00","dateModified":"2025-07-25T10:09:18+00:00","author":{"@id":"https:\/\/www.velomobileworld.com\/nl\/#\/schema\/person\/c0c7c661ad3c8719ed05a7dc85d6fa12"},"description":"12 ans de v\u00e9lo avec velomobile... A l'\u00e2ge de 12 ans, je suis enfin parti en randonn\u00e9e \u00e0 v\u00e9lo \u00e0 travers les Pays-Bas avec mon meilleur ami et...","breadcrumb":{"@id":"https:\/\/www.velomobileworld.com\/fr\/cyclisme-avec-la-velomobile-depuis-12-ans\/#breadcrumb"},"inLanguage":"fr-FR","potentialAction":[{"@type":"ReadAction","target":["https:\/\/www.velomobileworld.com\/fr\/cyclisme-avec-la-velomobile-depuis-12-ans\/"]}]},{"@type":"ImageObject","inLanguage":"fr-FR","@id":"https:\/\/www.velomobileworld.com\/fr\/cyclisme-avec-la-velomobile-depuis-12-ans\/#primaryimage","url":"https:\/\/www.velomobileworld.com\/wp-content\/uploads\/2024\/12\/1-Max-Welder-Article.jpg","contentUrl":"https:\/\/www.velomobileworld.com\/wp-content\/uploads\/2024\/12\/1-Max-Welder-Article.jpg","width":1920,"height":850,"caption":"Max Welder is talking about his velomobile"},{"@type":"BreadcrumbList","@id":"https:\/\/www.velomobileworld.com\/fr\/cyclisme-avec-la-velomobile-depuis-12-ans\/#breadcrumb","itemListElement":[{"@type":"ListItem","position":1,"name":"Home","item":"https:\/\/www.velomobileworld.com\/fr\/"},{"@type":"ListItem","position":2,"name":"Cyclisme avec la v\u00e9lomobile depuis 12 ans"}]},{"@type":"WebSite","@id":"https:\/\/www.velomobileworld.com\/nl\/#website","url":"https:\/\/www.velomobileworld.com\/nl\/","name":"Velomobile World","description":"","potentialAction":[{"@type":"SearchAction","target":{"@type":"EntryPoint","urlTemplate":"https:\/\/www.velomobileworld.com\/nl\/?s={search_term_string}"},"query-input":{"@type":"PropertyValueSpecification","valueRequired":true,"valueName":"search_term_string"}}],"inLanguage":"fr-FR"},{"@type":"Person","@id":"https:\/\/www.velomobileworld.com\/nl\/#\/schema\/person\/c0c7c661ad3c8719ed05a7dc85d6fa12","name":"Jan Wijnen","image":{"@type":"ImageObject","inLanguage":"fr-FR","@id":"https:\/\/secure.gravatar.com\/avatar\/4802c8a6006d5895d73a1141e39ccf819bca7ec1dbfb26a6f4370880cefa109a?s=96&d=mm&r=g","url":"https:\/\/secure.gravatar.com\/avatar\/4802c8a6006d5895d73a1141e39ccf819bca7ec1dbfb26a6f4370880cefa109a?s=96&d=mm&r=g","contentUrl":"https:\/\/secure.gravatar.com\/avatar\/4802c8a6006d5895d73a1141e39ccf819bca7ec1dbfb26a6f4370880cefa109a?s=96&d=mm&r=g","caption":"Jan Wijnen"},"url":"https:\/\/www.velomobileworld.com\/fr\/author\/jan-admin\/"}]}},"_links":{"self":[{"href":"https:\/\/www.velomobileworld.com\/fr\/wp-json\/wp\/v2\/posts\/7123","targetHints":{"allow":["GET"]}}],"collection":[{"href":"https:\/\/www.velomobileworld.com\/fr\/wp-json\/wp\/v2\/posts"}],"about":[{"href":"https:\/\/www.velomobileworld.com\/fr\/wp-json\/wp\/v2\/types\/post"}],"author":[{"embeddable":true,"href":"https:\/\/www.velomobileworld.com\/fr\/wp-json\/wp\/v2\/users\/4"}],"replies":[{"embeddable":true,"href":"https:\/\/www.velomobileworld.com\/fr\/wp-json\/wp\/v2\/comments?post=7123"}],"version-history":[{"count":1,"href":"https:\/\/www.velomobileworld.com\/fr\/wp-json\/wp\/v2\/posts\/7123\/revisions"}],"predecessor-version":[{"id":100599,"href":"https:\/\/www.velomobileworld.com\/fr\/wp-json\/wp\/v2\/posts\/7123\/revisions\/100599"}],"wp:featuredmedia":[{"embeddable":true,"href":"https:\/\/www.velomobileworld.com\/fr\/wp-json\/wp\/v2\/media\/5571"}],"wp:attachment":[{"href":"https:\/\/www.velomobileworld.com\/fr\/wp-json\/wp\/v2\/media?parent=7123"}],"wp:term":[{"taxonomy":"category","embeddable":true,"href":"https:\/\/www.velomobileworld.com\/fr\/wp-json\/wp\/v2\/categories?post=7123"},{"taxonomy":"post_tag","embeddable":true,"href":"https:\/\/www.velomobileworld.com\/fr\/wp-json\/wp\/v2\/tags?post=7123"}],"curies":[{"name":"wp","href":"https:\/\/api.w.org\/{rel}","templated":true}]}}