{"id":7128,"date":"2024-12-09T14:16:22","date_gmt":"2024-12-09T13:16:22","guid":{"rendered":"https:\/\/velomobileworld.convident.dev\/en-route-vers-le-soleil-de-minuit-53-partie-1\/"},"modified":"2025-07-25T12:09:17","modified_gmt":"2025-07-25T10:09:17","slug":"en-route-vers-le-soleil-de-minuit-53-partie-1","status":"publish","type":"post","link":"https:\/\/www.velomobileworld.com\/fr\/en-route-vers-le-soleil-de-minuit-53-partie-1\/","title":{"rendered":"En route vers le Soleil de Minuit (53 | Partie 1)"},"content":{"rendered":"<p style=\"text-align: left;\"><span style=\"color: #ff0000;\"><strong>En route vers le Soleil de Minuit. Un voyage en v\u00e9lomobile avec Brigitte et Fritz.<\/strong><\/span><\/p>\n<p style=\"text-align: left;\"><strong>Allemagne &gt; Danemark &gt; Norv\u00e8ge &gt; Cap Nord (Nordkapp) &gt; Finlande &gt; Allemagne<\/strong><\/p>\n<p style=\"text-align: left;\"><strong>&#8212;&#8212;&#8212;&#8212;&#8212;&#8212;&#8212;&#8212;&#8212;&#8212;&#8211;<\/strong><\/p>\n<p style=\"text-align: left;\">D\u00e9couvrez\u00a0<a href=\"https:\/\/www.velomobileworld.com\/fr\/un-velomobile-voyage-en-route-vers-le-soleil-de-minuit-tous-les-jours\/\" target=\"_blank\" rel=\"noopener\">ICI<\/a>\u00a0Toutes les Journ\u00e9es du Voyage \u00ab\u00a0En route vers le Soleil de Minuit\u00a0\u00bb<\/p>\n<p style=\"text-align: left;\"><strong>&#8212;&#8212;&#8212;&#8212;&#8212;&#8212;&#8212;&#8212;&#8212;&#8212;&#8211;<\/strong><\/p>\n<p>&nbsp;<\/p>\n<p style=\"text-align: left;\"><strong>53. Partie 1 | Visiter Helsinki (1er jour \u00e0 Helsinki)<\/strong><\/p>\n<p>&nbsp;<\/p>\n<p style=\"text-align: left;\">Quelques impressions d&rsquo;Helsinki. Apr\u00e8s le long voyage, j&rsquo;\u00e9tais curieux de d\u00e9couvrir la ville. Je n&rsquo;avais rien lu avant. Mais apr\u00e8s, parce que j&rsquo;ai trouv\u00e9 l&rsquo;architecture tr\u00e8s fascinante.<\/p>\n<p style=\"text-align: left;\"><span style=\"color: #ffffff;\">&#8230;&#8230;&#8230;&#8230;&#8230;&#8230;&#8230;&#8230;&#8230;<\/span><\/p>\n<p style=\"text-align: left;\"><a href=\"https:\/\/www.velomobileworld.com\/wp-content\/uploads\/2024\/08\/IMG_4874-1024x768.jpg\"><img loading=\"lazy\" decoding=\"async\" class=\"alignnone wp-image-54521\" src=\"https:\/\/www.velomobileworld.com\/wp-content\/uploads\/2024\/08\/IMG_4874-1024x768.jpg\" alt=\"\" width=\"450\" height=\"338\" \/><\/a><a href=\"https:\/\/www.velomobileworld.com\/wp-content\/uploads\/2024\/08\/IMG_4877-1024x768.jpg\"><img loading=\"lazy\" decoding=\"async\" class=\"alignnone wp-image-54526\" src=\"https:\/\/www.velomobileworld.com\/wp-content\/uploads\/2024\/08\/IMG_4877-1024x768.jpg\" alt=\"\" width=\"450\" height=\"338\" \/><\/a><a href=\"https:\/\/www.velomobileworld.com\/wp-content\/uploads\/2024\/08\/IMG_4879-1024x768.jpg\"><img loading=\"lazy\" decoding=\"async\" class=\"alignnone wp-image-54531\" src=\"https:\/\/www.velomobileworld.com\/wp-content\/uploads\/2024\/08\/IMG_4879-1024x768.jpg\" alt=\"\" width=\"450\" height=\"338\" \/><\/a><\/p>\n<p style=\"text-align: left;\"><strong>&#8230;&#8230;&#8230;&#8230;&#8230;&#8230;&#8230;&#8230;&#8230;&#8230;&#8230;&#8230;&#8230;&#8230;&#8230;&#8230;&#8230;..<\/strong><\/p>\n<p style=\"text-align: left;\"><a href=\"https:\/\/www.velomobileworld.com\/fr\/52-2-height-limit-for-trucks-2-2\/?utm_source=Article_Banner&#038;utm_medium=Article&#038;utm_campaign=Blog\"><img loading=\"lazy\" decoding=\"async\" class=\"ls-is-cached lazyloaded alignnone wp-image-51363\" src=\"https:\/\/www.velomobileworld.com\/wp-content\/uploads\/2024\/08\/1-discover-velomobiles.png\" alt=\"Discover the velomobiles\" width=\"450\" height=\"74\" data-src=\"https:\/\/www.velomobileworld.com\/wp-content\/uploads\/2024\/07\/1-configure-july2024.jpg\" \/><\/a><\/p>\n<p style=\"text-align: left;\"><strong>&#8230;&#8230;&#8230;&#8230;&#8230;&#8230;&#8230;&#8230;&#8230;&#8230;&#8230;&#8230;&#8230;&#8230;&#8230;&#8230;&#8230;..<\/strong><\/p>\n<p style=\"text-align: left;\">Helsinki poss\u00e8de la plus grande collection de b\u00e2timents classiques et n\u00e9oclassiques d&rsquo;Europe du Nord. Et surtout, des rues et des places souvent reli\u00e9es entre elles, comme \u00e0 la cath\u00e9drale. Et en m\u00eame temps, des b\u00e2timents tr\u00e8s modernes.<br \/>\nLa gare ferroviaire, construite en 1914 par Eliel Saarinens dans un style Art nouveau tardif, en est un bon exemple.<\/p>\n<p style=\"text-align: left;\"><span style=\"color: #ffffff;\">&#8230;&#8230;&#8230;&#8230;&#8230;&#8230;&#8230;&#8230;&#8230;<\/span><\/p>\n<p style=\"text-align: left;\"><a href=\"https:\/\/www.velomobileworld.com\/wp-content\/uploads\/2024\/08\/IMG_5005-1024x768.jpg\"><img loading=\"lazy\" decoding=\"async\" class=\"alignnone wp-image-54536\" src=\"https:\/\/www.velomobileworld.com\/wp-content\/uploads\/2024\/08\/IMG_5005-1024x768.jpg\" alt=\"\" width=\"450\" height=\"338\" \/><\/a><a href=\"https:\/\/www.velomobileworld.com\/wp-content\/uploads\/2024\/08\/IMG_5007-1024x768.jpg\"><img loading=\"lazy\" decoding=\"async\" class=\"alignnone wp-image-54541\" src=\"https:\/\/www.velomobileworld.com\/wp-content\/uploads\/2024\/08\/IMG_5007-1024x768.jpg\" alt=\"\" width=\"450\" height=\"338\" \/><\/a><a href=\"https:\/\/www.velomobileworld.com\/wp-content\/uploads\/2024\/08\/IMG_5009-1024x768.jpg\"><img loading=\"lazy\" decoding=\"async\" class=\"alignnone wp-image-54546\" src=\"https:\/\/www.velomobileworld.com\/wp-content\/uploads\/2024\/08\/IMG_5009-1024x768.jpg\" alt=\"\" width=\"450\" height=\"338\" \/><\/a><a href=\"https:\/\/www.velomobileworld.com\/wp-content\/uploads\/2024\/08\/IMG_5010-1024x768.jpg\"><img loading=\"lazy\" decoding=\"async\" class=\"alignnone wp-image-54551\" src=\"https:\/\/www.velomobileworld.com\/wp-content\/uploads\/2024\/08\/IMG_5010-1024x768.jpg\" alt=\"\" width=\"450\" height=\"338\" \/><\/a><\/p>\n<p style=\"text-align: left;\">\u2b07\ufe0f Quel restaurant de gare.<\/p>\n<p style=\"text-align: left;\"><a href=\"https:\/\/www.velomobileworld.com\/wp-content\/uploads\/2024\/08\/IMG_5013-1024x768.jpg\"><img loading=\"lazy\" decoding=\"async\" class=\"alignnone wp-image-54556\" src=\"https:\/\/www.velomobileworld.com\/wp-content\/uploads\/2024\/08\/IMG_5013-1024x768.jpg\" alt=\"\" width=\"450\" height=\"338\" \/><\/a><\/p>\n<p style=\"text-align: left;\"><span style=\"color: #ffffff;\">&#8230;&#8230;&#8230;&#8230;&#8230;&#8230;&#8230;&#8230;&#8230;<\/span><\/p>\n<p style=\"text-align: left;\">D&rsquo;ailleurs, la Finlande n&rsquo;est ind\u00e9pendante de la Russie que depuis 1917. En 1906, la Finlande a \u00e9t\u00e9 le premier pays europ\u00e9en \u00e0 accorder le droit de vote aux femmes. C&rsquo;est \u00e9galement le premier pays \u00e0 avoir instaur\u00e9 le suffrage passif pour les femmes. Saana Marin \u00e9tait la plus jeune femme chef de gouvernement au monde. Aujourd&rsquo;hui, elle n&rsquo;est plus \u00e9lue.<\/p>\n<p>&nbsp;<\/p>\n<p style=\"text-align: left;\">Ensuite, nous avons voulu voir le c\u00e9l\u00e8bre mur de graffitis. Marcher jusqu&rsquo;\u00e0 la mer.<\/p>\n<p style=\"text-align: left;\"><span style=\"color: #ffffff;\">&#8230;&#8230;&#8230;&#8230;&#8230;&#8230;&#8230;&#8230;&#8230;<\/span><\/p>\n<p style=\"text-align: left;\"><a href=\"https:\/\/www.velomobileworld.com\/wp-content\/uploads\/2024\/08\/IMG_4883-1024x768.jpg\"><img loading=\"lazy\" decoding=\"async\" class=\"alignnone wp-image-54562\" src=\"https:\/\/www.velomobileworld.com\/wp-content\/uploads\/2024\/08\/IMG_4883-1024x768.jpg\" alt=\"\" width=\"450\" height=\"338\" \/><\/a><\/p>\n<p style=\"text-align: left;\"><img decoding=\"async\" class=\"emoji ls-is-cached lazyloaded\" role=\"img\" draggable=\"false\" src=\"https:\/\/s.w.org\/images\/core\/emoji\/13.1.0\/svg\/2b06.svg\" alt=\"\u2b06\ufe0f\" data-src=\"https:\/\/s.w.org\/images\/core\/emoji\/13.1.0\/svg\/2b06.svg\" \/> Pass\u00e9 le World Trade Center (Helsinki)<\/p>\n<p style=\"text-align: left;\"><a href=\"https:\/\/www.velomobileworld.com\/wp-content\/uploads\/2024\/08\/IMG_4885-1024x768.jpg\"><img loading=\"lazy\" decoding=\"async\" class=\"alignnone wp-image-54568\" src=\"https:\/\/www.velomobileworld.com\/wp-content\/uploads\/2024\/08\/IMG_4885-1024x768.jpg\" alt=\"\" width=\"450\" height=\"338\" \/><\/a><\/p>\n<p style=\"text-align: left;\"><a href=\"https:\/\/www.velomobileworld.com\/wp-content\/uploads\/2024\/08\/IMG_4889-1024x768.jpg\"><img loading=\"lazy\" decoding=\"async\" class=\"alignnone wp-image-54573\" src=\"https:\/\/www.velomobileworld.com\/wp-content\/uploads\/2024\/08\/IMG_4889-1024x768.jpg\" alt=\"\" width=\"450\" height=\"338\" \/><\/a><\/p>\n<p style=\"text-align: left;\"><img decoding=\"async\" class=\"emoji ls-is-cached lazyloaded\" role=\"img\" draggable=\"false\" src=\"https:\/\/s.w.org\/images\/core\/emoji\/13.1.0\/svg\/2b06.svg\" alt=\"\u2b06\ufe0f\" data-src=\"https:\/\/s.w.org\/images\/core\/emoji\/13.1.0\/svg\/2b06.svg\" \/>\u00a0Kioski<\/p>\n<p style=\"text-align: left;\"><a href=\"https:\/\/www.velomobileworld.com\/wp-content\/uploads\/2024\/08\/IMG_4891-1024x768.jpg\"><img loading=\"lazy\" decoding=\"async\" class=\"alignnone wp-image-54578\" src=\"https:\/\/www.velomobileworld.com\/wp-content\/uploads\/2024\/08\/IMG_4891-1024x768.jpg\" alt=\"\" width=\"450\" height=\"338\" \/><\/a><br \/>\n<a href=\"https:\/\/www.velomobileworld.com\/wp-content\/uploads\/2024\/08\/IMG_4892-1024x768.jpg\"><img loading=\"lazy\" decoding=\"async\" class=\"alignnone wp-image-54583\" src=\"https:\/\/www.velomobileworld.com\/wp-content\/uploads\/2024\/08\/IMG_4892-1024x768.jpg\" alt=\"\" width=\"450\" height=\"338\" \/><\/a><\/p>\n<p style=\"text-align: left;\"><img decoding=\"async\" class=\"emoji ls-is-cached lazyloaded\" role=\"img\" draggable=\"false\" src=\"https:\/\/s.w.org\/images\/core\/emoji\/13.1.0\/svg\/2b06.svg\" alt=\"\u2b06\ufe0f\" data-src=\"https:\/\/s.w.org\/images\/core\/emoji\/13.1.0\/svg\/2b06.svg\" \/> Pompiers<\/p>\n<p style=\"text-align: left;\"><a href=\"https:\/\/www.velomobileworld.com\/wp-content\/uploads\/2024\/08\/IMG_4893-1024x768.jpg\"><img loading=\"lazy\" decoding=\"async\" class=\"alignnone wp-image-54588\" src=\"https:\/\/www.velomobileworld.com\/wp-content\/uploads\/2024\/08\/IMG_4893-1024x768.jpg\" alt=\"\" width=\"450\" height=\"338\" \/><\/a><\/p>\n<p style=\"text-align: left;\"><img decoding=\"async\" class=\"emoji ls-is-cached lazyloaded\" role=\"img\" draggable=\"false\" src=\"https:\/\/s.w.org\/images\/core\/emoji\/13.1.0\/svg\/2b06.svg\" alt=\"\u2b06\ufe0f\" data-src=\"https:\/\/s.w.org\/images\/core\/emoji\/13.1.0\/svg\/2b06.svg\" \/> Ce serait quelque chose pour le jardin<\/p>\n<p style=\"text-align: left;\"><a href=\"https:\/\/www.velomobileworld.com\/wp-content\/uploads\/2024\/08\/IMG_4894-1024x768.jpg\"><img loading=\"lazy\" decoding=\"async\" class=\"alignnone wp-image-54593\" src=\"https:\/\/www.velomobileworld.com\/wp-content\/uploads\/2024\/08\/IMG_4894-1024x768.jpg\" alt=\"\" width=\"450\" height=\"338\" \/><\/a><\/p>\n<p style=\"text-align: left;\"><img decoding=\"async\" class=\"emoji ls-is-cached lazyloaded\" role=\"img\" draggable=\"false\" src=\"https:\/\/s.w.org\/images\/core\/emoji\/13.1.0\/svg\/2b06.svg\" alt=\"\u2b06\ufe0f\" data-src=\"https:\/\/s.w.org\/images\/core\/emoji\/13.1.0\/svg\/2b06.svg\" \/> Toilettes publiques int\u00e9ressantes. La lunette des toilettes est abaiss\u00e9e et nettoy\u00e9e sur demande. Je garderai une photo. Mais de ceci pour se d\u00e9barrasser d&rsquo;une seringue de drogue.<\/p>\n<p style=\"text-align: left;\"><span style=\"color: #ffffff;\">&#8230;&#8230;&#8230;&#8230;&#8230;&#8230;&#8230;&#8230;&#8230;<\/span><\/p>\n<p><a href=\"https:\/\/www.velomobileworld.com\/wp-content\/uploads\/2024\/08\/IMG_4896-1024x768.jpg\"><img loading=\"lazy\" decoding=\"async\" class=\"alignnone wp-image-54598\" src=\"https:\/\/www.velomobileworld.com\/wp-content\/uploads\/2024\/08\/IMG_4896-1024x768.jpg\" alt=\"\" width=\"450\" height=\"338\" \/><\/a><\/p>\n<p style=\"text-align: left;\"><a href=\"https:\/\/www.velomobileworld.com\/wp-content\/uploads\/2024\/08\/IMG_4897-1024x768.jpg\"><img loading=\"lazy\" decoding=\"async\" class=\"alignnone wp-image-54603\" src=\"https:\/\/www.velomobileworld.com\/wp-content\/uploads\/2024\/08\/IMG_4897-1024x768.jpg\" alt=\"\" width=\"450\" height=\"338\" \/><\/a><\/p>\n<p style=\"text-align: left;\"><img decoding=\"async\" class=\"emoji ls-is-cached lazyloaded\" role=\"img\" draggable=\"false\" src=\"https:\/\/s.w.org\/images\/core\/emoji\/13.1.0\/svg\/2b06.svg\" alt=\"\u2b06\ufe0f\" data-src=\"https:\/\/s.w.org\/images\/core\/emoji\/13.1.0\/svg\/2b06.svg\" \/> Dans le quartier des ambassades<\/p>\n<p><a href=\"https:\/\/www.velomobileworld.com\/wp-content\/uploads\/2024\/08\/IMG_4898-1024x768.jpg\"><img loading=\"lazy\" decoding=\"async\" class=\"alignnone wp-image-54608\" src=\"https:\/\/www.velomobileworld.com\/wp-content\/uploads\/2024\/08\/IMG_4898-1024x768.jpg\" alt=\"\" width=\"450\" height=\"338\" \/><\/a><a href=\"https:\/\/www.velomobileworld.com\/wp-content\/uploads\/2024\/08\/IMG_4900-1024x768.jpg\"><img loading=\"lazy\" decoding=\"async\" class=\"alignnone wp-image-54613\" src=\"https:\/\/www.velomobileworld.com\/wp-content\/uploads\/2024\/08\/IMG_4900-1024x768.jpg\" alt=\"\" width=\"450\" height=\"338\" \/><\/a><a href=\"https:\/\/www.velomobileworld.com\/wp-content\/uploads\/2024\/08\/IMG_4902-1024x768.jpg\"><img loading=\"lazy\" decoding=\"async\" class=\"alignnone wp-image-54618\" src=\"https:\/\/www.velomobileworld.com\/wp-content\/uploads\/2024\/08\/IMG_4902-1024x768.jpg\" alt=\"\" width=\"450\" height=\"338\" \/><\/a><\/p>\n<p style=\"text-align: left;\"><a href=\"https:\/\/www.velomobileworld.com\/wp-content\/uploads\/2024\/08\/IMG_4903-1024x768.jpg\"><img loading=\"lazy\" decoding=\"async\" class=\"alignnone wp-image-54623\" src=\"https:\/\/www.velomobileworld.com\/wp-content\/uploads\/2024\/08\/IMG_4903-1024x768.jpg\" alt=\"\" width=\"450\" height=\"338\" \/><\/a><\/p>\n<p style=\"text-align: left;\"><img decoding=\"async\" class=\"emoji ls-is-cached lazyloaded\" role=\"img\" draggable=\"false\" src=\"https:\/\/s.w.org\/images\/core\/emoji\/13.1.0\/svg\/2b06.svg\" alt=\"\u2b06\ufe0f\" data-src=\"https:\/\/s.w.org\/images\/core\/emoji\/13.1.0\/svg\/2b06.svg\" \/> Au bord de la mer ou de la plage.<\/p>\n<p style=\"text-align: left;\"><a href=\"https:\/\/www.velomobileworld.com\/wp-content\/uploads\/2024\/08\/IMG_4907-1024x768.jpg\"><img loading=\"lazy\" decoding=\"async\" class=\"alignnone wp-image-54628\" src=\"https:\/\/www.velomobileworld.com\/wp-content\/uploads\/2024\/08\/IMG_4907-1024x768.jpg\" alt=\"\" width=\"450\" height=\"338\" \/><\/a><\/p>\n<p style=\"text-align: left;\"><img decoding=\"async\" class=\"emoji ls-is-cached lazyloaded\" role=\"img\" draggable=\"false\" src=\"https:\/\/s.w.org\/images\/core\/emoji\/13.1.0\/svg\/2b06.svg\" alt=\"\u2b06\ufe0f\" data-src=\"https:\/\/s.w.org\/images\/core\/emoji\/13.1.0\/svg\/2b06.svg\" \/> Chaussures chaudes<\/p>\n<p style=\"text-align: left;\"><a href=\"https:\/\/www.velomobileworld.com\/wp-content\/uploads\/2024\/08\/IMG_4910-1024x768.jpg\"><img loading=\"lazy\" decoding=\"async\" class=\"alignnone wp-image-54633\" src=\"https:\/\/www.velomobileworld.com\/wp-content\/uploads\/2024\/08\/IMG_4910-1024x768.jpg\" alt=\"\" width=\"450\" height=\"338\" \/><\/a><\/p>\n<p style=\"text-align: left;\"><img decoding=\"async\" class=\"emoji ls-is-cached lazyloaded\" role=\"img\" draggable=\"false\" src=\"https:\/\/s.w.org\/images\/core\/emoji\/13.1.0\/svg\/2b06.svg\" alt=\"\u2b06\ufe0f\" data-src=\"https:\/\/s.w.org\/images\/core\/emoji\/13.1.0\/svg\/2b06.svg\" \/> Quartier r\u00e9sidentiel haut de gamme<\/p>\n<p style=\"text-align: left;\"><a href=\"https:\/\/www.velomobileworld.com\/wp-content\/uploads\/2024\/08\/IMG_4913-1024x768.jpg\"><img loading=\"lazy\" decoding=\"async\" class=\"alignnone wp-image-54639\" src=\"https:\/\/www.velomobileworld.com\/wp-content\/uploads\/2024\/08\/IMG_4913-1024x768.jpg\" alt=\"\" width=\"450\" height=\"338\" \/><\/a><\/p>\n<p style=\"text-align: left;\"><img decoding=\"async\" class=\"emoji ls-is-cached lazyloaded\" role=\"img\" draggable=\"false\" src=\"https:\/\/s.w.org\/images\/core\/emoji\/13.1.0\/svg\/2b06.svg\" alt=\"\u2b06\ufe0f\" data-src=\"https:\/\/s.w.org\/images\/core\/emoji\/13.1.0\/svg\/2b06.svg\" \/> Le mur de graffitis n&rsquo;en vaut pas la peine.<\/p>\n<p style=\"text-align: left;\"><a href=\"https:\/\/www.velomobileworld.com\/wp-content\/uploads\/2024\/08\/IMG_4918-768x1024.jpg\"><img loading=\"lazy\" decoding=\"async\" class=\"alignnone wp-image-54644\" src=\"https:\/\/www.velomobileworld.com\/wp-content\/uploads\/2024\/08\/IMG_4918-768x1024.jpg\" alt=\"\" width=\"450\" height=\"600\" \/><\/a><\/p>\n<p style=\"text-align: left;\"><img decoding=\"async\" class=\"emoji ls-is-cached lazyloaded\" role=\"img\" draggable=\"false\" src=\"https:\/\/s.w.org\/images\/core\/emoji\/13.1.0\/svg\/2b06.svg\" alt=\"\u2b06\ufe0f\" data-src=\"https:\/\/s.w.org\/images\/core\/emoji\/13.1.0\/svg\/2b06.svg\" \/> L&rsquo;\u00e9glise de Mikael Agricola<\/p>\n<p style=\"text-align: left;\"><a href=\"https:\/\/www.velomobileworld.com\/wp-content\/uploads\/2024\/08\/IMG_4920-1024x768.jpg\"><img loading=\"lazy\" decoding=\"async\" class=\"alignnone wp-image-54649\" src=\"https:\/\/www.velomobileworld.com\/wp-content\/uploads\/2024\/08\/IMG_4920-1024x768.jpg\" alt=\"\" width=\"450\" height=\"338\" \/><\/a><\/p>\n<p style=\"text-align: left;\"><img decoding=\"async\" class=\"emoji ls-is-cached lazyloaded\" role=\"img\" draggable=\"false\" src=\"https:\/\/s.w.org\/images\/core\/emoji\/13.1.0\/svg\/2b06.svg\" alt=\"\u2b06\ufe0f\" data-src=\"https:\/\/s.w.org\/images\/core\/emoji\/13.1.0\/svg\/2b06.svg\" \/> Pour contribuer \u00e0 la discussion sur les casques. Peut-\u00eatre \u00e9largir la d\u00e9finition du casque.<\/p>\n<p style=\"text-align: left;\"><a href=\"https:\/\/www.velomobileworld.com\/wp-content\/uploads\/2024\/08\/IMG_4922-1024x768.jpg\"><img loading=\"lazy\" decoding=\"async\" class=\"alignnone wp-image-54654\" src=\"https:\/\/www.velomobileworld.com\/wp-content\/uploads\/2024\/08\/IMG_4922-1024x768.jpg\" alt=\"\" width=\"450\" height=\"338\" \/><\/a><a href=\"https:\/\/www.velomobileworld.com\/wp-content\/uploads\/2024\/08\/IMG_4923-1024x768.jpg\"><img loading=\"lazy\" decoding=\"async\" class=\"alignnone wp-image-54659\" src=\"https:\/\/www.velomobileworld.com\/wp-content\/uploads\/2024\/08\/IMG_4923-1024x768.jpg\" alt=\"\" width=\"450\" height=\"338\" \/><\/a><\/p>\n<p style=\"text-align: left;\"><a href=\"https:\/\/www.velomobileworld.com\/wp-content\/uploads\/2024\/08\/IMG_4924-1024x768.jpg\"><img loading=\"lazy\" decoding=\"async\" class=\"alignnone wp-image-54664\" src=\"https:\/\/www.velomobileworld.com\/wp-content\/uploads\/2024\/08\/IMG_4924-1024x768.jpg\" alt=\"\" width=\"450\" height=\"338\" \/><\/a><\/p>\n<p style=\"text-align: left;\"><img decoding=\"async\" class=\"emoji ls-is-cached lazyloaded\" role=\"img\" draggable=\"false\" src=\"https:\/\/s.w.org\/images\/core\/emoji\/13.1.0\/svg\/2b06.svg\" alt=\"\u2b06\ufe0f\" data-src=\"https:\/\/s.w.org\/images\/core\/emoji\/13.1.0\/svg\/2b06.svg\" \/> Le rev\u00eatement ext\u00e9rieur est-il constitu\u00e9 de plaques d&rsquo;acier probablement soud\u00e9es ?<\/p>\n<p style=\"text-align: left;\"><a href=\"https:\/\/www.velomobileworld.com\/wp-content\/uploads\/2024\/08\/IMG_4928-1024x768.jpg\"><img loading=\"lazy\" decoding=\"async\" class=\"alignnone wp-image-54669\" src=\"https:\/\/www.velomobileworld.com\/wp-content\/uploads\/2024\/08\/IMG_4928-1024x768.jpg\" alt=\"\" width=\"450\" height=\"338\" \/><\/a><\/p>\n<p style=\"text-align: left;\"><a href=\"https:\/\/www.velomobileworld.com\/wp-content\/uploads\/2024\/08\/IMG_4929-1024x768.jpg\"><img loading=\"lazy\" decoding=\"async\" class=\"alignnone wp-image-54674\" src=\"https:\/\/www.velomobileworld.com\/wp-content\/uploads\/2024\/08\/IMG_4929-1024x768.jpg\" alt=\"\" width=\"450\" height=\"338\" \/><\/a><\/p>\n<p style=\"text-align: left;\"><a href=\"https:\/\/www.velomobileworld.com\/wp-content\/uploads\/2024\/08\/IMG_4933-1024x768.jpg\"><img loading=\"lazy\" decoding=\"async\" class=\"alignnone wp-image-54679\" src=\"https:\/\/www.velomobileworld.com\/wp-content\/uploads\/2024\/08\/IMG_4933-1024x768.jpg\" alt=\"\" width=\"450\" height=\"338\" \/><\/a><\/p>\n<p style=\"text-align: left;\"><img decoding=\"async\" class=\"emoji ls-is-cached lazyloaded\" role=\"img\" draggable=\"false\" src=\"https:\/\/s.w.org\/images\/core\/emoji\/13.1.0\/svg\/2b06.svg\" alt=\"\u2b06\ufe0f\" data-src=\"https:\/\/s.w.org\/images\/core\/emoji\/13.1.0\/svg\/2b06.svg\" \/> Le ma\u00e7on a encore du travail pour l&rsquo;instant.<\/p>\n<p style=\"text-align: left;\"><a href=\"https:\/\/www.velomobileworld.com\/wp-content\/uploads\/2024\/08\/IMG_4938-1024x768.jpg\"><img loading=\"lazy\" decoding=\"async\" class=\"alignnone wp-image-54684\" src=\"https:\/\/www.velomobileworld.com\/wp-content\/uploads\/2024\/08\/IMG_4938-1024x768.jpg\" alt=\"\" width=\"450\" height=\"338\" \/><\/a><\/p>\n<p style=\"text-align: left;\"><a href=\"https:\/\/www.velomobileworld.com\/wp-content\/uploads\/2024\/08\/IMG_4940-1024x768.jpg\"><img loading=\"lazy\" decoding=\"async\" class=\"alignnone wp-image-54689\" src=\"https:\/\/www.velomobileworld.com\/wp-content\/uploads\/2024\/08\/IMG_4940-1024x768.jpg\" alt=\"\" width=\"450\" height=\"338\" \/><\/a><\/p>\n<p style=\"text-align: left;\"><a href=\"https:\/\/www.velomobileworld.com\/wp-content\/uploads\/2024\/08\/IMG_4941-1024x768.jpg\"><img loading=\"lazy\" decoding=\"async\" class=\"alignnone wp-image-54694\" src=\"https:\/\/www.velomobileworld.com\/wp-content\/uploads\/2024\/08\/IMG_4941-1024x768.jpg\" alt=\"\" width=\"450\" height=\"338\" \/><\/a><\/p>\n<p style=\"text-align: left;\"><a href=\"https:\/\/www.velomobileworld.com\/wp-content\/uploads\/2024\/08\/IMG_4942-1024x768.jpg\"><img loading=\"lazy\" decoding=\"async\" class=\"alignnone wp-image-54699\" src=\"https:\/\/www.velomobileworld.com\/wp-content\/uploads\/2024\/08\/IMG_4942-1024x768.jpg\" alt=\"\" width=\"450\" height=\"338\" \/><\/a><\/p>\n<p style=\"text-align: left;\"><img decoding=\"async\" class=\"emoji ls-is-cached lazyloaded\" role=\"img\" draggable=\"false\" src=\"https:\/\/s.w.org\/images\/core\/emoji\/13.1.0\/svg\/2b06.svg\" alt=\"\u2b06\ufe0f\" data-src=\"https:\/\/s.w.org\/images\/core\/emoji\/13.1.0\/svg\/2b06.svg\" \/> Tr\u00e8s cool la Radhighway meilleure Radlowway \u00e0 travers la ville.<\/p>\n<p>&nbsp;<\/p>\n<p style=\"text-align: left;\">Peu impressionnante de l&rsquo;ext\u00e9rieur car construite dans les profondeurs, l&rsquo;\u00e9glise rupestre (Tempeliaukio) con\u00e7ue par Timo et Tuomo Suomalainen et achev\u00e9e en 1969 (expressionnisme). Tr\u00e8s efficace \u00e0 l&rsquo;int\u00e9rieur. Le grand angle m&rsquo;a manqu\u00e9.<\/p>\n<p style=\"text-align: left;\"><span style=\"color: #ffffff;\">&#8230;&#8230;&#8230;&#8230;&#8230;&#8230;&#8230;&#8230;&#8230;<\/span><\/p>\n<p style=\"text-align: left;\"><a href=\"https:\/\/www.velomobileworld.com\/wp-content\/uploads\/2024\/08\/IMG_4943-1024x768.jpg\"><img loading=\"lazy\" decoding=\"async\" class=\"alignnone wp-image-54705\" src=\"https:\/\/www.velomobileworld.com\/wp-content\/uploads\/2024\/08\/IMG_4943-1024x768.jpg\" alt=\"\" width=\"450\" height=\"338\" \/><\/a><\/p>\n<p style=\"text-align: left;\"><a href=\"https:\/\/www.velomobileworld.com\/wp-content\/uploads\/2024\/08\/IMG_4947-1024x768.jpg\"><img loading=\"lazy\" decoding=\"async\" class=\"alignnone wp-image-54710\" src=\"https:\/\/www.velomobileworld.com\/wp-content\/uploads\/2024\/08\/IMG_4947-1024x768.jpg\" alt=\"\" width=\"450\" height=\"338\" \/><\/a><\/p>\n<p style=\"text-align: left;\"><a href=\"https:\/\/www.velomobileworld.com\/wp-content\/uploads\/2024\/08\/IMG_4952-1024x768.jpg\"><img loading=\"lazy\" decoding=\"async\" class=\"alignnone wp-image-54715\" src=\"https:\/\/www.velomobileworld.com\/wp-content\/uploads\/2024\/08\/IMG_4952-1024x768.jpg\" alt=\"\" width=\"450\" height=\"338\" \/><\/a><\/p>\n<p style=\"text-align: left;\"><img decoding=\"async\" class=\"emoji ls-is-cached lazyloaded\" role=\"img\" draggable=\"false\" src=\"https:\/\/s.w.org\/images\/core\/emoji\/13.1.0\/svg\/2b06.svg\" alt=\"\u2b06\ufe0f\" data-src=\"https:\/\/s.w.org\/images\/core\/emoji\/13.1.0\/svg\/2b06.svg\" \/> Ce plafond en forme d&rsquo;entreprise est fait de bandes de cuivre, je crois.<\/p>\n<p><a href=\"https:\/\/www.velomobileworld.com\/wp-content\/uploads\/2024\/08\/IMG_4958-1024x822.jpg\"><img loading=\"lazy\" decoding=\"async\" class=\"alignnone wp-image-54720\" src=\"https:\/\/www.velomobileworld.com\/wp-content\/uploads\/2024\/08\/IMG_4958-1024x822.jpg\" alt=\"\" width=\"450\" height=\"361\" \/><\/a><\/p>\n<p style=\"text-align: left;\"><img decoding=\"async\" class=\"emoji ls-is-cached lazyloaded\" role=\"img\" draggable=\"false\" src=\"https:\/\/s.w.org\/images\/core\/emoji\/13.1.0\/svg\/2b06.svg\" alt=\"\u2b06\ufe0f\" data-src=\"https:\/\/s.w.org\/images\/core\/emoji\/13.1.0\/svg\/2b06.svg\" \/> Un peu plus ancienne, la cath\u00e9drale est \u00e9galement l&#8217;embl\u00e8me d&rsquo;Helsinki.<\/p>\n<p><a href=\"https:\/\/www.velomobileworld.com\/wp-content\/uploads\/2024\/08\/IMG_4961-1024x768.jpg\"><img loading=\"lazy\" decoding=\"async\" class=\"alignnone wp-image-54725\" src=\"https:\/\/www.velomobileworld.com\/wp-content\/uploads\/2024\/08\/IMG_4961-1024x768.jpg\" alt=\"\" width=\"450\" height=\"338\" \/><\/a><\/p>\n<p style=\"text-align: left;\"><img decoding=\"async\" class=\"emoji ls-is-cached lazyloaded\" role=\"img\" draggable=\"false\" src=\"https:\/\/s.w.org\/images\/core\/emoji\/13.1.0\/svg\/2b06.svg\" alt=\"\u2b06\ufe0f\" data-src=\"https:\/\/s.w.org\/images\/core\/emoji\/13.1.0\/svg\/2b06.svg\" \/> Il me rappelle les escaliers de l&rsquo;Acropole d&rsquo;Ath\u00e8nes, vus de face.<\/p>\n<p><a href=\"https:\/\/www.velomobileworld.com\/wp-content\/uploads\/2024\/08\/IMG_4963-1024x768.jpg\"><img loading=\"lazy\" decoding=\"async\" class=\"alignnone wp-image-54730\" src=\"https:\/\/www.velomobileworld.com\/wp-content\/uploads\/2024\/08\/IMG_4963-1024x768.jpg\" alt=\"\" width=\"450\" height=\"338\" \/><\/a><\/p>\n<p style=\"text-align: left;\"><a href=\"https:\/\/www.velomobileworld.com\/wp-content\/uploads\/2024\/08\/IMG_4965-1024x768.jpg\"><img loading=\"lazy\" decoding=\"async\" class=\"alignnone wp-image-54735\" src=\"https:\/\/www.velomobileworld.com\/wp-content\/uploads\/2024\/08\/IMG_4965-1024x768.jpg\" alt=\"\" width=\"450\" height=\"338\" \/><\/a><\/p>\n<p style=\"text-align: left;\"><img decoding=\"async\" class=\"emoji ls-is-cached lazyloaded\" role=\"img\" draggable=\"false\" src=\"https:\/\/s.w.org\/images\/core\/emoji\/13.1.0\/svg\/2b06.svg\" alt=\"\u2b06\ufe0f\" data-src=\"https:\/\/s.w.org\/images\/core\/emoji\/13.1.0\/svg\/2b06.svg\" \/> Un service de livraison diff\u00e9rent<\/p>\n<p style=\"text-align: left;\"><a href=\"https:\/\/www.velomobileworld.com\/wp-content\/uploads\/2024\/08\/IMG_4975-1024x768.jpg\"><img loading=\"lazy\" decoding=\"async\" class=\"alignnone wp-image-54740\" src=\"https:\/\/www.velomobileworld.com\/wp-content\/uploads\/2024\/08\/IMG_4975-1024x768.jpg\" alt=\"\" width=\"450\" height=\"338\" \/><\/a><\/p>\n<p style=\"text-align: left;\"><img decoding=\"async\" class=\"emoji ls-is-cached lazyloaded\" role=\"img\" draggable=\"false\" src=\"https:\/\/s.w.org\/images\/core\/emoji\/13.1.0\/svg\/2b06.svg\" alt=\"\u2b06\ufe0f\" data-src=\"https:\/\/s.w.org\/images\/core\/emoji\/13.1.0\/svg\/2b06.svg\" \/> L&rsquo;office du tourisme y est cach\u00e9.<\/p>\n<p style=\"text-align: left;\"><a href=\"https:\/\/www.velomobileworld.com\/wp-content\/uploads\/2024\/08\/IMG_4973-1024x768.jpg\"><img loading=\"lazy\" decoding=\"async\" class=\"alignnone wp-image-54745\" src=\"https:\/\/www.velomobileworld.com\/wp-content\/uploads\/2024\/08\/IMG_4973-1024x768.jpg\" alt=\"\" width=\"450\" height=\"338\" \/><\/a><\/p>\n<p style=\"text-align: left;\"><img decoding=\"async\" class=\"emoji ls-is-cached lazyloaded\" role=\"img\" draggable=\"false\" src=\"https:\/\/s.w.org\/images\/core\/emoji\/13.1.0\/svg\/2b06.svg\" alt=\"\u2b06\ufe0f\" data-src=\"https:\/\/s.w.org\/images\/core\/emoji\/13.1.0\/svg\/2b06.svg\" \/> Assis dans un caf\u00e9 au bord du port<\/p>\n<p style=\"text-align: left;\"><a href=\"https:\/\/www.velomobileworld.com\/wp-content\/uploads\/2024\/08\/IMG_4969-1024x768.jpg\"><img loading=\"lazy\" decoding=\"async\" class=\"alignnone wp-image-54750\" src=\"https:\/\/www.velomobileworld.com\/wp-content\/uploads\/2024\/08\/IMG_4969-1024x768.jpg\" alt=\"\" width=\"450\" height=\"338\" \/><\/a><\/p>\n<p style=\"text-align: left;\"><img decoding=\"async\" class=\"emoji ls-is-cached lazyloaded\" role=\"img\" draggable=\"false\" src=\"https:\/\/s.w.org\/images\/core\/emoji\/13.1.0\/svg\/2b06.svg\" alt=\"\u2b06\ufe0f\" data-src=\"https:\/\/s.w.org\/images\/core\/emoji\/13.1.0\/svg\/2b06.svg\" \/> Repos. Oui, les nappes et le tablier sont sign\u00e9s Marimekko Onni, un c\u00e9l\u00e8bre designer finlandais.<\/p>\n<p style=\"text-align: left;\"><a href=\"https:\/\/www.velomobileworld.com\/wp-content\/uploads\/2024\/08\/IMG_4968-1024x768.jpg\"><img loading=\"lazy\" decoding=\"async\" class=\"alignnone wp-image-54755\" src=\"https:\/\/www.velomobileworld.com\/wp-content\/uploads\/2024\/08\/IMG_4968-1024x768.jpg\" alt=\"\" width=\"450\" height=\"338\" \/><\/a><\/p>\n<p style=\"text-align: left;\"><img decoding=\"async\" class=\"emoji ls-is-cached lazyloaded\" role=\"img\" draggable=\"false\" src=\"https:\/\/s.w.org\/images\/core\/emoji\/13.1.0\/svg\/2b06.svg\" alt=\"\u2b06\ufe0f\" data-src=\"https:\/\/s.w.org\/images\/core\/emoji\/13.1.0\/svg\/2b06.svg\" \/> Fl\u00e2nerie sur le march\u00e9.<\/p>\n<p style=\"text-align: left;\"><a href=\"https:\/\/www.velomobileworld.com\/wp-content\/uploads\/2024\/08\/IMG_4982-1024x768.jpg\"><img loading=\"lazy\" decoding=\"async\" class=\"alignnone wp-image-54760\" src=\"https:\/\/www.velomobileworld.com\/wp-content\/uploads\/2024\/08\/IMG_4982-1024x768.jpg\" alt=\"\" width=\"450\" height=\"338\" \/><\/a><\/p>\n<p style=\"text-align: left;\"><img decoding=\"async\" class=\"emoji ls-is-cached lazyloaded\" role=\"img\" draggable=\"false\" src=\"https:\/\/s.w.org\/images\/core\/emoji\/13.1.0\/svg\/2b06.svg\" alt=\"\u2b06\ufe0f\" data-src=\"https:\/\/s.w.org\/images\/core\/emoji\/13.1.0\/svg\/2b06.svg\" \/> Les halles de march\u00e9<\/p>\n<p style=\"text-align: left;\"><a href=\"https:\/\/www.velomobileworld.com\/wp-content\/uploads\/2024\/08\/IMG_4981-1024x768.jpg\"><img loading=\"lazy\" decoding=\"async\" class=\"alignnone wp-image-54766\" src=\"https:\/\/www.velomobileworld.com\/wp-content\/uploads\/2024\/08\/IMG_4981-1024x768.jpg\" alt=\"\" width=\"450\" height=\"338\" \/><\/a><\/p>\n<p style=\"text-align: left;\"><a href=\"https:\/\/www.velomobileworld.com\/wp-content\/uploads\/2024\/08\/IMG_4979-1024x768.jpg\"><img loading=\"lazy\" decoding=\"async\" class=\"alignnone wp-image-54771\" src=\"https:\/\/www.velomobileworld.com\/wp-content\/uploads\/2024\/08\/IMG_4979-1024x768.jpg\" alt=\"\" width=\"450\" height=\"338\" \/><\/a><\/p>\n<p style=\"text-align: left;\"><a href=\"https:\/\/www.velomobileworld.com\/wp-content\/uploads\/2024\/08\/IMG_4989-1024x768.jpg\"><img loading=\"lazy\" decoding=\"async\" class=\"alignnone wp-image-54776\" src=\"https:\/\/www.velomobileworld.com\/wp-content\/uploads\/2024\/08\/IMG_4989-1024x768.jpg\" alt=\"\" width=\"450\" height=\"338\" \/><\/a><\/p>\n<p style=\"text-align: left;\"><img decoding=\"async\" class=\"emoji ls-is-cached lazyloaded\" role=\"img\" draggable=\"false\" src=\"https:\/\/s.w.org\/images\/core\/emoji\/13.1.0\/svg\/2b06.svg\" alt=\"\u2b06\ufe0f\" data-src=\"https:\/\/s.w.org\/images\/core\/emoji\/13.1.0\/svg\/2b06.svg\" \/> La grande roue. Deux cabines sont \u00e9quip\u00e9es d&rsquo;un sauna.<\/p>\n<p style=\"text-align: left;\"><a href=\"https:\/\/www.velomobileworld.com\/wp-content\/uploads\/2024\/08\/IMG_4987-1024x768.jpg\"><img loading=\"lazy\" decoding=\"async\" class=\"alignnone wp-image-54781\" src=\"https:\/\/www.velomobileworld.com\/wp-content\/uploads\/2024\/08\/IMG_4987-1024x768.jpg\" alt=\"\" width=\"450\" height=\"338\" \/><\/a><\/p>\n<p style=\"text-align: left;\"><a href=\"https:\/\/www.velomobileworld.com\/wp-content\/uploads\/2024\/08\/IMG_4983-1024x768.jpg\"><img loading=\"lazy\" decoding=\"async\" class=\"alignnone wp-image-54786\" src=\"https:\/\/www.velomobileworld.com\/wp-content\/uploads\/2024\/08\/IMG_4983-1024x768.jpg\" alt=\"\" width=\"450\" height=\"338\" \/><\/a><\/p>\n<p style=\"text-align: left;\"><img decoding=\"async\" class=\"emoji ls-is-cached lazyloaded\" role=\"img\" draggable=\"false\" src=\"https:\/\/s.w.org\/images\/core\/emoji\/13.1.0\/svg\/2b06.svg\" alt=\"\u2b06\ufe0f\" data-src=\"https:\/\/s.w.org\/images\/core\/emoji\/13.1.0\/svg\/2b06.svg\" \/> La piscine se trouve \u00e0 proximit\u00e9. Une piscine baltique, pas de douches chaudes, une chlor\u00e9e et une chauff\u00e9e.<\/p>\n<p style=\"text-align: left;\"><a href=\"https:\/\/www.velomobileworld.com\/wp-content\/uploads\/2024\/08\/IMG_4994-1024x768.jpg\"><img loading=\"lazy\" decoding=\"async\" class=\"alignnone wp-image-54791\" src=\"https:\/\/www.velomobileworld.com\/wp-content\/uploads\/2024\/08\/IMG_4994-1024x768.jpg\" alt=\"\" width=\"450\" height=\"338\" \/><\/a><\/p>\n<p style=\"text-align: left;\"><img decoding=\"async\" class=\"emoji ls-is-cached lazyloaded\" role=\"img\" draggable=\"false\" src=\"https:\/\/s.w.org\/images\/core\/emoji\/13.1.0\/svg\/2b06.svg\" alt=\"\u2b06\ufe0f\" data-src=\"https:\/\/s.w.org\/images\/core\/emoji\/13.1.0\/svg\/2b06.svg\" \/> L&rsquo;\u00c9glise orthodoxe<\/p>\n<p>&nbsp;<\/p>\n<p style=\"text-align: left;\">C&rsquo;\u00e9tait la visite d&rsquo;aujourd&rsquo;hui. J&rsquo;ai \u00e9t\u00e9 surpris par l&rsquo;architecture.<\/p>\n<p style=\"text-align: left;\">Nous avons encore mang\u00e9 du poisson, puis nous sommes retourn\u00e9s au camping.<\/p>\n<p style=\"text-align: left;\"><span style=\"color: #ffffff;\">&#8230;&#8230;&#8230;&#8230;&#8230;&#8230;&#8230;&#8230;&#8230;<\/span><\/p>\n<p style=\"text-align: left;\"><a href=\"https:\/\/www.velomobileworld.com\/wp-content\/uploads\/2024\/08\/IMG_5002-1024x768.jpg\"><img loading=\"lazy\" decoding=\"async\" class=\"alignnone wp-image-54796\" src=\"https:\/\/www.velomobileworld.com\/wp-content\/uploads\/2024\/08\/IMG_5002-1024x768.jpg\" alt=\"\" width=\"450\" height=\"338\" \/><\/a><\/p>\n<p style=\"text-align: left;\"><a href=\"https:\/\/www.velomobileworld.com\/wp-content\/uploads\/2024\/08\/IMG_5015-1024x768.jpg\"><img loading=\"lazy\" decoding=\"async\" class=\"alignnone wp-image-54801\" src=\"https:\/\/www.velomobileworld.com\/wp-content\/uploads\/2024\/08\/IMG_5015-1024x768.jpg\" alt=\"\" width=\"450\" height=\"338\" \/><\/a><\/p>\n<p style=\"text-align: left;\"><strong>&#8230;&#8230;&#8230;&#8230;&#8230;&#8230;&#8230;&#8230;&#8230;&#8230;&#8230;&#8230;&#8230;&#8230;&#8230;&#8230;&#8230;&#8230;<\/strong><\/p>\n<p style=\"text-align: left;\"><a href=\"https:\/\/www.velomobileworld.com\/fr\/road-trip-velomobile-35-jours-avec-brigitte-et-fritz\/\" target=\"_blank\" rel=\"noopener\">2022 VELOMOBILE ROAD TRIP: 35 DAYS WITH BRIGITTE AND FRITZ (EN\/DE\/FR)<\/a><\/p>\n","protected":false},"excerpt":{"rendered":"<p>En route vers le Soleil de Minuit. Un voyage en v\u00e9lomobile avec Brigitte et Fritz. Allemagne &gt; Danemark &gt; Norv\u00e8ge [&hellip;]<\/p>\n","protected":false},"author":4,"featured_media":5653,"comment_status":"open","ping_status":"closed","sticky":false,"template":"","format":"standard","meta":{"_acf_changed":false,"footnotes":""},"categories":[691],"tags":[],"class_list":["post-7128","post","type-post","status-publish","format-standard","has-post-thumbnail","hentry","category-non-classifiee"],"acf":[],"yoast_head":"<!-- This site is optimized with the Yoast SEO plugin v27.5 - https:\/\/yoast.com\/product\/yoast-seo-wordpress\/ -->\n<title>En route vers le Soleil de Minuit (53 | Partie 1) | Velomobile World<\/title>\n<meta name=\"description\" content=\"En route vers le Soleil de Minuit (53 | Partie 1). Un nouveau voyage avec Brigitte et Fritz. D\u00e9couvrez leurs aventures. D\u00e9tails dans l`article.\" \/>\n<meta name=\"robots\" content=\"index, follow, max-snippet:-1, max-image-preview:large, max-video-preview:-1\" \/>\n<link rel=\"canonical\" href=\"https:\/\/www.velomobileworld.com\/fr\/en-route-vers-le-soleil-de-minuit-53-partie-1\/\" \/>\n<meta property=\"og:locale\" content=\"fr_FR\" \/>\n<meta property=\"og:type\" content=\"article\" \/>\n<meta property=\"og:title\" content=\"En route vers le Soleil de Minuit (53 | Partie 1) | Velomobile World\" \/>\n<meta property=\"og:description\" content=\"En route vers le Soleil de Minuit (53 | Partie 1). Un nouveau voyage avec Brigitte et Fritz. D\u00e9couvrez leurs aventures. D\u00e9tails dans l`article.\" \/>\n<meta property=\"og:url\" content=\"https:\/\/www.velomobileworld.com\/fr\/en-route-vers-le-soleil-de-minuit-53-partie-1\/\" \/>\n<meta property=\"og:site_name\" content=\"Velomobile World\" \/>\n<meta property=\"article:published_time\" content=\"2024-12-09T13:16:22+00:00\" \/>\n<meta property=\"article:modified_time\" content=\"2025-07-25T10:09:17+00:00\" \/>\n<meta property=\"og:image\" content=\"https:\/\/www.velomobileworld.com\/wp-content\/uploads\/2024\/12\/Midnightsun-Day-53-Part-1.jpg\" \/>\n\t<meta property=\"og:image:width\" content=\"1920\" \/>\n\t<meta property=\"og:image:height\" content=\"850\" \/>\n\t<meta property=\"og:image:type\" content=\"image\/jpeg\" \/>\n<meta name=\"author\" content=\"Jan Wijnen\" \/>\n<meta name=\"twitter:card\" content=\"summary_large_image\" \/>\n<meta name=\"twitter:label1\" content=\"\u00c9crit par\" \/>\n\t<meta name=\"twitter:data1\" content=\"Jan Wijnen\" \/>\n\t<meta name=\"twitter:label2\" content=\"Dur\u00e9e de lecture estim\u00e9e\" \/>\n\t<meta name=\"twitter:data2\" content=\"3 minutes\" \/>\n<script type=\"application\/ld+json\" class=\"yoast-schema-graph\">{\"@context\":\"https:\\\/\\\/schema.org\",\"@graph\":[{\"@type\":\"Article\",\"@id\":\"https:\\\/\\\/www.velomobileworld.com\\\/fr\\\/en-route-vers-le-soleil-de-minuit-53-partie-1\\\/#article\",\"isPartOf\":{\"@id\":\"https:\\\/\\\/www.velomobileworld.com\\\/fr\\\/en-route-vers-le-soleil-de-minuit-53-partie-1\\\/\"},\"author\":{\"name\":\"Jan Wijnen\",\"@id\":\"https:\\\/\\\/www.velomobileworld.com\\\/nl\\\/#\\\/schema\\\/person\\\/c0c7c661ad3c8719ed05a7dc85d6fa12\"},\"headline\":\"En route vers le Soleil de Minuit (53 | Partie 1)\",\"datePublished\":\"2024-12-09T13:16:22+00:00\",\"dateModified\":\"2025-07-25T10:09:17+00:00\",\"mainEntityOfPage\":{\"@id\":\"https:\\\/\\\/www.velomobileworld.com\\\/fr\\\/en-route-vers-le-soleil-de-minuit-53-partie-1\\\/\"},\"wordCount\":583,\"commentCount\":0,\"image\":{\"@id\":\"https:\\\/\\\/www.velomobileworld.com\\\/fr\\\/en-route-vers-le-soleil-de-minuit-53-partie-1\\\/#primaryimage\"},\"thumbnailUrl\":\"https:\\\/\\\/www.velomobileworld.com\\\/wp-content\\\/uploads\\\/2024\\\/12\\\/Midnightsun-Day-53-Part-1.jpg\",\"articleSection\":[\"Non classifi\u00e9(e)\"],\"inLanguage\":\"fr-FR\",\"potentialAction\":[{\"@type\":\"CommentAction\",\"name\":\"Comment\",\"target\":[\"https:\\\/\\\/www.velomobileworld.com\\\/fr\\\/en-route-vers-le-soleil-de-minuit-53-partie-1\\\/#respond\"]}]},{\"@type\":\"WebPage\",\"@id\":\"https:\\\/\\\/www.velomobileworld.com\\\/fr\\\/en-route-vers-le-soleil-de-minuit-53-partie-1\\\/\",\"url\":\"https:\\\/\\\/www.velomobileworld.com\\\/fr\\\/en-route-vers-le-soleil-de-minuit-53-partie-1\\\/\",\"name\":\"En route vers le Soleil de Minuit (53 | Partie 1) | Velomobile World\",\"isPartOf\":{\"@id\":\"https:\\\/\\\/www.velomobileworld.com\\\/nl\\\/#website\"},\"primaryImageOfPage\":{\"@id\":\"https:\\\/\\\/www.velomobileworld.com\\\/fr\\\/en-route-vers-le-soleil-de-minuit-53-partie-1\\\/#primaryimage\"},\"image\":{\"@id\":\"https:\\\/\\\/www.velomobileworld.com\\\/fr\\\/en-route-vers-le-soleil-de-minuit-53-partie-1\\\/#primaryimage\"},\"thumbnailUrl\":\"https:\\\/\\\/www.velomobileworld.com\\\/wp-content\\\/uploads\\\/2024\\\/12\\\/Midnightsun-Day-53-Part-1.jpg\",\"datePublished\":\"2024-12-09T13:16:22+00:00\",\"dateModified\":\"2025-07-25T10:09:17+00:00\",\"author\":{\"@id\":\"https:\\\/\\\/www.velomobileworld.com\\\/nl\\\/#\\\/schema\\\/person\\\/c0c7c661ad3c8719ed05a7dc85d6fa12\"},\"description\":\"En route vers le Soleil de Minuit (53 | Partie 1). Un nouveau voyage avec Brigitte et Fritz. D\u00e9couvrez leurs aventures. D\u00e9tails dans l`article.\",\"breadcrumb\":{\"@id\":\"https:\\\/\\\/www.velomobileworld.com\\\/fr\\\/en-route-vers-le-soleil-de-minuit-53-partie-1\\\/#breadcrumb\"},\"inLanguage\":\"fr-FR\",\"potentialAction\":[{\"@type\":\"ReadAction\",\"target\":[\"https:\\\/\\\/www.velomobileworld.com\\\/fr\\\/en-route-vers-le-soleil-de-minuit-53-partie-1\\\/\"]}]},{\"@type\":\"ImageObject\",\"inLanguage\":\"fr-FR\",\"@id\":\"https:\\\/\\\/www.velomobileworld.com\\\/fr\\\/en-route-vers-le-soleil-de-minuit-53-partie-1\\\/#primaryimage\",\"url\":\"https:\\\/\\\/www.velomobileworld.com\\\/wp-content\\\/uploads\\\/2024\\\/12\\\/Midnightsun-Day-53-Part-1.jpg\",\"contentUrl\":\"https:\\\/\\\/www.velomobileworld.com\\\/wp-content\\\/uploads\\\/2024\\\/12\\\/Midnightsun-Day-53-Part-1.jpg\",\"width\":1920,\"height\":850},{\"@type\":\"BreadcrumbList\",\"@id\":\"https:\\\/\\\/www.velomobileworld.com\\\/fr\\\/en-route-vers-le-soleil-de-minuit-53-partie-1\\\/#breadcrumb\",\"itemListElement\":[{\"@type\":\"ListItem\",\"position\":1,\"name\":\"Home\",\"item\":\"https:\\\/\\\/www.velomobileworld.com\\\/fr\\\/\"},{\"@type\":\"ListItem\",\"position\":2,\"name\":\"En route vers le Soleil de Minuit (53 | Partie 1)\"}]},{\"@type\":\"WebSite\",\"@id\":\"https:\\\/\\\/www.velomobileworld.com\\\/nl\\\/#website\",\"url\":\"https:\\\/\\\/www.velomobileworld.com\\\/nl\\\/\",\"name\":\"Velomobile World\",\"description\":\"\",\"potentialAction\":[{\"@type\":\"SearchAction\",\"target\":{\"@type\":\"EntryPoint\",\"urlTemplate\":\"https:\\\/\\\/www.velomobileworld.com\\\/nl\\\/?s={search_term_string}\"},\"query-input\":{\"@type\":\"PropertyValueSpecification\",\"valueRequired\":true,\"valueName\":\"search_term_string\"}}],\"inLanguage\":\"fr-FR\"},{\"@type\":\"Person\",\"@id\":\"https:\\\/\\\/www.velomobileworld.com\\\/nl\\\/#\\\/schema\\\/person\\\/c0c7c661ad3c8719ed05a7dc85d6fa12\",\"name\":\"Jan Wijnen\",\"image\":{\"@type\":\"ImageObject\",\"inLanguage\":\"fr-FR\",\"@id\":\"https:\\\/\\\/secure.gravatar.com\\\/avatar\\\/4802c8a6006d5895d73a1141e39ccf819bca7ec1dbfb26a6f4370880cefa109a?s=96&d=mm&r=g\",\"url\":\"https:\\\/\\\/secure.gravatar.com\\\/avatar\\\/4802c8a6006d5895d73a1141e39ccf819bca7ec1dbfb26a6f4370880cefa109a?s=96&d=mm&r=g\",\"contentUrl\":\"https:\\\/\\\/secure.gravatar.com\\\/avatar\\\/4802c8a6006d5895d73a1141e39ccf819bca7ec1dbfb26a6f4370880cefa109a?s=96&d=mm&r=g\",\"caption\":\"Jan Wijnen\"},\"url\":\"https:\\\/\\\/www.velomobileworld.com\\\/fr\\\/author\\\/jan-admin\\\/\"}]}<\/script>\n<!-- \/ Yoast SEO plugin. -->","yoast_head_json":{"title":"En route vers le Soleil de Minuit (53 | Partie 1) | Velomobile World","description":"En route vers le Soleil de Minuit (53 | Partie 1). Un nouveau voyage avec Brigitte et Fritz. D\u00e9couvrez leurs aventures. D\u00e9tails dans l`article.","robots":{"index":"index","follow":"follow","max-snippet":"max-snippet:-1","max-image-preview":"max-image-preview:large","max-video-preview":"max-video-preview:-1"},"canonical":"https:\/\/www.velomobileworld.com\/fr\/en-route-vers-le-soleil-de-minuit-53-partie-1\/","og_locale":"fr_FR","og_type":"article","og_title":"En route vers le Soleil de Minuit (53 | Partie 1) | Velomobile World","og_description":"En route vers le Soleil de Minuit (53 | Partie 1). Un nouveau voyage avec Brigitte et Fritz. D\u00e9couvrez leurs aventures. D\u00e9tails dans l`article.","og_url":"https:\/\/www.velomobileworld.com\/fr\/en-route-vers-le-soleil-de-minuit-53-partie-1\/","og_site_name":"Velomobile World","article_published_time":"2024-12-09T13:16:22+00:00","article_modified_time":"2025-07-25T10:09:17+00:00","og_image":[{"width":1920,"height":850,"url":"https:\/\/www.velomobileworld.com\/wp-content\/uploads\/2024\/12\/Midnightsun-Day-53-Part-1.jpg","type":"image\/jpeg"}],"author":"Jan Wijnen","twitter_card":"summary_large_image","twitter_misc":{"\u00c9crit par":"Jan Wijnen","Dur\u00e9e de lecture estim\u00e9e":"3 minutes"},"schema":{"@context":"https:\/\/schema.org","@graph":[{"@type":"Article","@id":"https:\/\/www.velomobileworld.com\/fr\/en-route-vers-le-soleil-de-minuit-53-partie-1\/#article","isPartOf":{"@id":"https:\/\/www.velomobileworld.com\/fr\/en-route-vers-le-soleil-de-minuit-53-partie-1\/"},"author":{"name":"Jan Wijnen","@id":"https:\/\/www.velomobileworld.com\/nl\/#\/schema\/person\/c0c7c661ad3c8719ed05a7dc85d6fa12"},"headline":"En route vers le Soleil de Minuit (53 | Partie 1)","datePublished":"2024-12-09T13:16:22+00:00","dateModified":"2025-07-25T10:09:17+00:00","mainEntityOfPage":{"@id":"https:\/\/www.velomobileworld.com\/fr\/en-route-vers-le-soleil-de-minuit-53-partie-1\/"},"wordCount":583,"commentCount":0,"image":{"@id":"https:\/\/www.velomobileworld.com\/fr\/en-route-vers-le-soleil-de-minuit-53-partie-1\/#primaryimage"},"thumbnailUrl":"https:\/\/www.velomobileworld.com\/wp-content\/uploads\/2024\/12\/Midnightsun-Day-53-Part-1.jpg","articleSection":["Non classifi\u00e9(e)"],"inLanguage":"fr-FR","potentialAction":[{"@type":"CommentAction","name":"Comment","target":["https:\/\/www.velomobileworld.com\/fr\/en-route-vers-le-soleil-de-minuit-53-partie-1\/#respond"]}]},{"@type":"WebPage","@id":"https:\/\/www.velomobileworld.com\/fr\/en-route-vers-le-soleil-de-minuit-53-partie-1\/","url":"https:\/\/www.velomobileworld.com\/fr\/en-route-vers-le-soleil-de-minuit-53-partie-1\/","name":"En route vers le Soleil de Minuit (53 | Partie 1) | Velomobile World","isPartOf":{"@id":"https:\/\/www.velomobileworld.com\/nl\/#website"},"primaryImageOfPage":{"@id":"https:\/\/www.velomobileworld.com\/fr\/en-route-vers-le-soleil-de-minuit-53-partie-1\/#primaryimage"},"image":{"@id":"https:\/\/www.velomobileworld.com\/fr\/en-route-vers-le-soleil-de-minuit-53-partie-1\/#primaryimage"},"thumbnailUrl":"https:\/\/www.velomobileworld.com\/wp-content\/uploads\/2024\/12\/Midnightsun-Day-53-Part-1.jpg","datePublished":"2024-12-09T13:16:22+00:00","dateModified":"2025-07-25T10:09:17+00:00","author":{"@id":"https:\/\/www.velomobileworld.com\/nl\/#\/schema\/person\/c0c7c661ad3c8719ed05a7dc85d6fa12"},"description":"En route vers le Soleil de Minuit (53 | Partie 1). Un nouveau voyage avec Brigitte et Fritz. D\u00e9couvrez leurs aventures. D\u00e9tails dans l`article.","breadcrumb":{"@id":"https:\/\/www.velomobileworld.com\/fr\/en-route-vers-le-soleil-de-minuit-53-partie-1\/#breadcrumb"},"inLanguage":"fr-FR","potentialAction":[{"@type":"ReadAction","target":["https:\/\/www.velomobileworld.com\/fr\/en-route-vers-le-soleil-de-minuit-53-partie-1\/"]}]},{"@type":"ImageObject","inLanguage":"fr-FR","@id":"https:\/\/www.velomobileworld.com\/fr\/en-route-vers-le-soleil-de-minuit-53-partie-1\/#primaryimage","url":"https:\/\/www.velomobileworld.com\/wp-content\/uploads\/2024\/12\/Midnightsun-Day-53-Part-1.jpg","contentUrl":"https:\/\/www.velomobileworld.com\/wp-content\/uploads\/2024\/12\/Midnightsun-Day-53-Part-1.jpg","width":1920,"height":850},{"@type":"BreadcrumbList","@id":"https:\/\/www.velomobileworld.com\/fr\/en-route-vers-le-soleil-de-minuit-53-partie-1\/#breadcrumb","itemListElement":[{"@type":"ListItem","position":1,"name":"Home","item":"https:\/\/www.velomobileworld.com\/fr\/"},{"@type":"ListItem","position":2,"name":"En route vers le Soleil de Minuit (53 | Partie 1)"}]},{"@type":"WebSite","@id":"https:\/\/www.velomobileworld.com\/nl\/#website","url":"https:\/\/www.velomobileworld.com\/nl\/","name":"Velomobile World","description":"","potentialAction":[{"@type":"SearchAction","target":{"@type":"EntryPoint","urlTemplate":"https:\/\/www.velomobileworld.com\/nl\/?s={search_term_string}"},"query-input":{"@type":"PropertyValueSpecification","valueRequired":true,"valueName":"search_term_string"}}],"inLanguage":"fr-FR"},{"@type":"Person","@id":"https:\/\/www.velomobileworld.com\/nl\/#\/schema\/person\/c0c7c661ad3c8719ed05a7dc85d6fa12","name":"Jan Wijnen","image":{"@type":"ImageObject","inLanguage":"fr-FR","@id":"https:\/\/secure.gravatar.com\/avatar\/4802c8a6006d5895d73a1141e39ccf819bca7ec1dbfb26a6f4370880cefa109a?s=96&d=mm&r=g","url":"https:\/\/secure.gravatar.com\/avatar\/4802c8a6006d5895d73a1141e39ccf819bca7ec1dbfb26a6f4370880cefa109a?s=96&d=mm&r=g","contentUrl":"https:\/\/secure.gravatar.com\/avatar\/4802c8a6006d5895d73a1141e39ccf819bca7ec1dbfb26a6f4370880cefa109a?s=96&d=mm&r=g","caption":"Jan Wijnen"},"url":"https:\/\/www.velomobileworld.com\/fr\/author\/jan-admin\/"}]}},"_links":{"self":[{"href":"https:\/\/www.velomobileworld.com\/fr\/wp-json\/wp\/v2\/posts\/7128","targetHints":{"allow":["GET"]}}],"collection":[{"href":"https:\/\/www.velomobileworld.com\/fr\/wp-json\/wp\/v2\/posts"}],"about":[{"href":"https:\/\/www.velomobileworld.com\/fr\/wp-json\/wp\/v2\/types\/post"}],"author":[{"embeddable":true,"href":"https:\/\/www.velomobileworld.com\/fr\/wp-json\/wp\/v2\/users\/4"}],"replies":[{"embeddable":true,"href":"https:\/\/www.velomobileworld.com\/fr\/wp-json\/wp\/v2\/comments?post=7128"}],"version-history":[{"count":1,"href":"https:\/\/www.velomobileworld.com\/fr\/wp-json\/wp\/v2\/posts\/7128\/revisions"}],"predecessor-version":[{"id":100594,"href":"https:\/\/www.velomobileworld.com\/fr\/wp-json\/wp\/v2\/posts\/7128\/revisions\/100594"}],"wp:featuredmedia":[{"embeddable":true,"href":"https:\/\/www.velomobileworld.com\/fr\/wp-json\/wp\/v2\/media\/5653"}],"wp:attachment":[{"href":"https:\/\/www.velomobileworld.com\/fr\/wp-json\/wp\/v2\/media?parent=7128"}],"wp:term":[{"taxonomy":"category","embeddable":true,"href":"https:\/\/www.velomobileworld.com\/fr\/wp-json\/wp\/v2\/categories?post=7128"},{"taxonomy":"post_tag","embeddable":true,"href":"https:\/\/www.velomobileworld.com\/fr\/wp-json\/wp\/v2\/tags?post=7128"}],"curies":[{"name":"wp","href":"https:\/\/api.w.org\/{rel}","templated":true}]}}