{"id":7177,"date":"2024-12-09T15:37:00","date_gmt":"2024-12-09T14:37:00","guid":{"rendered":"https:\/\/velomobileworld.convident.dev\/en-route-vers-le-soleil-de-minuit-jour-14\/"},"modified":"2025-07-25T12:09:14","modified_gmt":"2025-07-25T10:09:14","slug":"en-route-vers-le-soleil-de-minuit-jour-14","status":"publish","type":"post","link":"https:\/\/www.velomobileworld.com\/fr\/en-route-vers-le-soleil-de-minuit-jour-14\/","title":{"rendered":"En route vers le Soleil de Minuit (Jour 14)"},"content":{"rendered":"<p style=\"text-align: left;\"><span style=\"color: #ff0000;\"><strong>En route vers le Soleil de Minuit. Un voyage en v\u00e9lomobile avec Brigitte et Fritz.<\/strong><\/span><\/p>\n<p style=\"text-align: left;\"><strong>Allemagne &gt; Danemark &gt; Norv\u00e8ge &gt; Cap Nord (Nordkapp) &gt; Finlande &gt; Allemagne<\/strong><\/p>\n<p style=\"text-align: left;\"><strong>&#8212;&#8212;&#8212;&#8212;&#8212;&#8212;&#8212;&#8212;&#8212;&#8212;&#8211;<\/strong><\/p>\n<p style=\"text-align: left;\">D\u00e9couvrez\u00a0<a href=\"https:\/\/www.velomobileworld.com\/fr\/un-velomobile-voyage-en-route-vers-le-soleil-de-minuit-tous-les-jours\/\" target=\"_blank\" rel=\"noopener\">ICI<\/a>\u00a0Toutes les Journ\u00e9es du Voyage \u00ab\u00a0En route vers le Soleil de Minuit\u00a0\u00bb<\/p>\n<p style=\"text-align: left;\"><strong>&#8212;&#8212;&#8212;&#8212;&#8212;&#8212;&#8212;&#8212;&#8212;&#8212;&#8211;<\/strong><\/p>\n<p>&nbsp;<\/p>\n<p style=\"text-align: left;\"><strong>Jour 14 | Grimen &#8211; Nastesund | 121 KM | 1239 HM<\/strong><\/p>\n<p>&nbsp;<\/p>\n<p style=\"text-align: left;\">Le d\u00e9part vers Bergen sur la piste cyclable E10 \u00e9tait encore agr\u00e9able. Nous avons finalement d\u00fb traverser la ville. La plupart du temps bien construite et presque sans feux de circulation. Nous avons presque roul\u00e9 sur place.<\/p>\n<p>&nbsp;<\/p>\n<p style=\"text-align: left;\">Ensuite, il prend des couleurs.<\/p>\n<p>&nbsp;<\/p>\n<p style=\"text-align: left;\">Le long du port.<\/p>\n<p>&nbsp;<\/p>\n<p style=\"text-align: left;\">\u00c0 l&rsquo;est, les routes \u00e9taient bien pires. Tr\u00e8s raides, souvent sur des mini-routes. 1x 25% et ensuite une seule route. Circulation en sens inverse de temps en temps.<\/p>\n<p>&nbsp;<\/p>\n<p style=\"text-align: left;\">Ici, un bus.<\/p>\n<p style=\"text-align: left;\">En traversant plusieurs \u00eeles et p\u00e9ninsules, nous avons franchi plusieurs ponts de taille moyenne et plus longs.<\/p>\n<p>&nbsp;<\/p>\n<p style=\"text-align: left;\">Les enfants ont trouv\u00e9 nos Alphas 7 tr\u00e8s amusants.<\/p>\n<p>&nbsp;<\/p>\n<p style=\"text-align: left;\">Aujourd&rsquo;hui, il y avait plus de conducteurs g\u00eanants, mais aussi des observateurs enthousiastes.<\/p>\n<p>&nbsp;<\/p>\n<p style=\"text-align: left;\">Au d\u00e9but, tout se passait bien. Puis un boulon de plateau est tomb\u00e9 du v\u00e9lo de Biggi. Quelqu&rsquo;un ne l&rsquo;avait pas serr\u00e9 (moi ?) et nous ne voulions pas en acheter des plus longs ? A cause du moteur Bafang et de l&rsquo;adaptateur Precialps, il n&rsquo;\u00e9tait pas facile d&rsquo;y acc\u00e9der. Finalement, c&rsquo;est fait.<br \/>\nEnsuite, le d\u00e9railleur avant \u00e9tait mal align\u00e9. La cha\u00eene \u00e9tait coinc\u00e9e. Le d\u00e9railleur avant a deux vis sans t\u00eate pour le r\u00e9glage. Il ne faut pas les enfoncer trop loin, sinon elles se bloquent. J&rsquo;ai donc fait tout ce que je pouvais faire de mal. Cela m&rsquo;a pris beaucoup de temps.<\/p>\n<p>&nbsp;<\/p>\n<p style=\"text-align: left;\">Il y avait des milliers de collines, toujours d&rsquo;au moins 7 %. Au final, nous avons atteint une moyenne de 20 km\/h en mouvement. C&rsquo;est tout dire. En bas, il y avait des bosses dans les villages pour que personne ne puisse passer avec de l&rsquo;\u00e9lan. Il faut \u00eatre tr\u00e8s courageux.<br \/>\nCela a dur\u00e9 toute la journ\u00e9e. Le profil d&rsquo;altitude en dit long.<\/p>\n<p>&nbsp;<\/p>\n<p style=\"text-align: left;\">Prendre rapidement un ferry. Sur le ferry, caf\u00e9, th\u00e9, boissons&#8230; Sandwichs&#8230; tout ce qu&rsquo;il faut pour s&rsquo;approvisionner, scanner et payer soi-m\u00eame avec une carte. Pas d&rsquo;accompagnateur<\/p>\n<p>&nbsp;<\/p>\n<p style=\"text-align: left;\">Ici, nous faisons des achats dans le centre multifonctionnel pour les entreprises, le supermarch\u00e9, les fleurs, la discoth\u00e8que&#8230;. Ensuite, direction le camping. Un peu moins agr\u00e9able pour changer.<\/p>\n<p style=\"text-align: left;\"><strong>&#8230;&#8230;&#8230;&#8230;&#8230;&#8230;&#8230;&#8230;&#8230;&#8230;&#8230;&#8230;&#8230;&#8230;&#8230;&#8230;&#8230;&#8230;<\/strong><\/p>\n<p><a href=\"https:\/\/store.velomobileworld.com\/?utm_source=Banner_US_Canada_Worldwide&amp;utm_medium=Article&amp;utm_campaign=Blog\" target=\"_blank\" rel=\"noopener\"><img loading=\"lazy\" decoding=\"async\" class=\"alignnone wp-image-24840 lazyloaded\" src=\"https:\/\/www.velomobileworld.com\/wp-content\/uploads\/2023\/07\/1-usa-canada-worldwide.png\" alt=\"\" width=\"450\" height=\"74\" data-src=\"https:\/\/www.velomobileworld.com\/wp-content\/uploads\/2023\/07\/1-usa-canada-worldwide.png\" \/><\/a>\u00a0<a href=\"https:\/\/www.velomobileworld.com\/?product_tag=velomobiles&amp;utm_source=Banner_EU&amp;utm_medium=Article&amp;utm_campaign=Blog\" target=\"_blank\" rel=\"noopener\"><img loading=\"lazy\" decoding=\"async\" class=\"alignnone wp-image-24845 ls-is-cached lazyloaded\" src=\"https:\/\/www.velomobileworld.com\/wp-content\/uploads\/2023\/07\/2-european-union.png\" alt=\"\" width=\"449\" height=\"74\" data-src=\"https:\/\/www.velomobileworld.com\/wp-content\/uploads\/2023\/07\/2-european-union.png\" \/><\/a><\/p>\n<p style=\"text-align: left;\"><strong>&#8230;&#8230;&#8230;&#8230;&#8230;&#8230;&#8230;&#8230;&#8230;&#8230;&#8230;&#8230;&#8230;&#8230;&#8230;&#8230;&#8230;&#8230;<\/strong><\/p>\n<p><a href=\"https:\/\/www.velomobileworld.com\/wp-content\/uploads\/2024\/02\/14-map-1-578x1024.jpeg\"><img loading=\"lazy\" decoding=\"async\" class=\"alignnone wp-image-38467\" src=\"https:\/\/www.velomobileworld.com\/wp-content\/uploads\/2024\/02\/14-map-1-578x1024.jpeg\" alt=\"\" width=\"450\" height=\"797\" \/><\/a> <a href=\"https:\/\/www.velomobileworld.com\/wp-content\/uploads\/2024\/02\/14-map-2-1024x474.jpeg\"><img loading=\"lazy\" decoding=\"async\" class=\"alignnone wp-image-38473\" src=\"https:\/\/www.velomobileworld.com\/wp-content\/uploads\/2024\/02\/14-map-2-1024x474.jpeg\" alt=\"\" width=\"450\" height=\"208\" \/><\/a><\/p>\n<p><a href=\"https:\/\/www.velomobileworld.com\/wp-content\/uploads\/2024\/02\/14-25-E1-cycle-path-1024x768.jpeg\"><img loading=\"lazy\" decoding=\"async\" class=\"alignnone wp-image-38481\" src=\"https:\/\/www.velomobileworld.com\/wp-content\/uploads\/2024\/02\/14-25-E1-cycle-path-1024x768.jpeg\" alt=\"\" width=\"450\" height=\"338\" \/><\/a><\/p>\n<p style=\"text-align: left;\"><img decoding=\"async\" class=\"emoji ls-is-cached lazyloaded\" role=\"img\" draggable=\"false\" src=\"https:\/\/s.w.org\/images\/core\/emoji\/13.1.0\/svg\/2b06.svg\" alt=\"\u2b06\ufe0f\" data-src=\"https:\/\/s.w.org\/images\/core\/emoji\/13.1.0\/svg\/2b06.svg\" \/> E1 cycling path \/ E1 Radweg\u00a0\/ Piste cyclable E1<\/p>\n<p><a href=\"https:\/\/www.velomobileworld.com\/wp-content\/uploads\/2024\/02\/14-26-1024x768.jpeg\"><img loading=\"lazy\" decoding=\"async\" class=\"alignnone wp-image-38486\" src=\"https:\/\/www.velomobileworld.com\/wp-content\/uploads\/2024\/02\/14-26-1024x768.jpeg\" alt=\"\" width=\"450\" height=\"338\" \/><\/a> <a href=\"https:\/\/www.velomobileworld.com\/wp-content\/uploads\/2024\/02\/14-27-1024x768.jpeg\"><img loading=\"lazy\" decoding=\"async\" class=\"alignnone wp-image-38491\" src=\"https:\/\/www.velomobileworld.com\/wp-content\/uploads\/2024\/02\/14-27-1024x768.jpeg\" alt=\"\" width=\"450\" height=\"338\" \/><\/a> <a href=\"https:\/\/www.velomobileworld.com\/wp-content\/uploads\/2024\/02\/14-28-Colorful-1024x768.jpeg\"><img loading=\"lazy\" decoding=\"async\" class=\"alignnone wp-image-38496\" src=\"https:\/\/www.velomobileworld.com\/wp-content\/uploads\/2024\/02\/14-28-Colorful-1024x768.jpeg\" alt=\"\" width=\"450\" height=\"338\" \/><\/a><\/p>\n<p style=\"text-align: left;\"><img decoding=\"async\" class=\"emoji ls-is-cached lazyloaded\" role=\"img\" draggable=\"false\" src=\"https:\/\/s.w.org\/images\/core\/emoji\/13.1.0\/svg\/2b06.svg\" alt=\"\u2b06\ufe0f\" data-src=\"https:\/\/s.w.org\/images\/core\/emoji\/13.1.0\/svg\/2b06.svg\" \/> Colorful \/ Buntes \/ Color\u00e9e<\/p>\n<p><a href=\"https:\/\/www.velomobileworld.com\/wp-content\/uploads\/2024\/02\/14-29-Quai-1024x768.jpeg\"><img loading=\"lazy\" decoding=\"async\" class=\"alignnone wp-image-38501\" src=\"https:\/\/www.velomobileworld.com\/wp-content\/uploads\/2024\/02\/14-29-Quai-1024x768.jpeg\" alt=\"\" width=\"450\" height=\"338\" \/><\/a><\/p>\n<p style=\"text-align: left;\"><img decoding=\"async\" class=\"emoji ls-is-cached lazyloaded\" role=\"img\" draggable=\"false\" src=\"https:\/\/s.w.org\/images\/core\/emoji\/13.1.0\/svg\/2b06.svg\" alt=\"\u2b06\ufe0f\" data-src=\"https:\/\/s.w.org\/images\/core\/emoji\/13.1.0\/svg\/2b06.svg\" \/> Quai<\/p>\n<p><a href=\"https:\/\/www.velomobileworld.com\/wp-content\/uploads\/2024\/02\/14-30-1024x768.jpeg\"><img loading=\"lazy\" decoding=\"async\" class=\"alignnone wp-image-38506\" src=\"https:\/\/www.velomobileworld.com\/wp-content\/uploads\/2024\/02\/14-30-1024x768.jpeg\" alt=\"\" width=\"450\" height=\"338\" \/><\/a> <a href=\"https:\/\/www.velomobileworld.com\/wp-content\/uploads\/2024\/02\/14-31-Single-roads-1024x768.jpeg\"><img loading=\"lazy\" decoding=\"async\" class=\"alignnone wp-image-38511\" src=\"https:\/\/www.velomobileworld.com\/wp-content\/uploads\/2024\/02\/14-31-Single-roads-1024x768.jpeg\" alt=\"\" width=\"450\" height=\"338\" \/><\/a><\/p>\n<p style=\"text-align: left;\"><img decoding=\"async\" class=\"emoji ls-is-cached lazyloaded\" role=\"img\" draggable=\"false\" src=\"https:\/\/s.w.org\/images\/core\/emoji\/13.1.0\/svg\/2b06.svg\" alt=\"\u2b06\ufe0f\" data-src=\"https:\/\/s.w.org\/images\/core\/emoji\/13.1.0\/svg\/2b06.svg\" \/> Single roads \/ Einzelne Stra\u00dfen \/ Routes uniques<\/p>\n<p><a href=\"https:\/\/www.velomobileworld.com\/wp-content\/uploads\/2024\/02\/14-32-Narrow-1024x768.jpeg\"><img loading=\"lazy\" decoding=\"async\" class=\"alignnone wp-image-38516\" src=\"https:\/\/www.velomobileworld.com\/wp-content\/uploads\/2024\/02\/14-32-Narrow-1024x768.jpeg\" alt=\"\" width=\"450\" height=\"338\" \/><\/a><\/p>\n<p style=\"text-align: left;\"><img decoding=\"async\" class=\"emoji ls-is-cached lazyloaded\" role=\"img\" draggable=\"false\" src=\"https:\/\/s.w.org\/images\/core\/emoji\/13.1.0\/svg\/2b06.svg\" alt=\"\u2b06\ufe0f\" data-src=\"https:\/\/s.w.org\/images\/core\/emoji\/13.1.0\/svg\/2b06.svg\" \/> Narrow \/ Schmal \/ \u00c9troite<\/p>\n<p><a href=\"https:\/\/www.velomobileworld.com\/wp-content\/uploads\/2024\/02\/14-33-They-enthusiastically-2-1024x768.jpg\"><img loading=\"lazy\" decoding=\"async\" class=\"alignnone wp-image-38571\" src=\"https:\/\/www.velomobileworld.com\/wp-content\/uploads\/2024\/02\/14-33-They-enthusiastically-2-1024x768.jpg\" alt=\"\" width=\"450\" height=\"338\" \/><\/a><\/p>\n<p style=\"text-align: left;\"><img decoding=\"async\" class=\"emoji ls-is-cached lazyloaded\" role=\"img\" draggable=\"false\" src=\"https:\/\/s.w.org\/images\/core\/emoji\/13.1.0\/svg\/2b06.svg\" alt=\"\u2b06\ufe0f\" data-src=\"https:\/\/s.w.org\/images\/core\/emoji\/13.1.0\/svg\/2b06.svg\" \/> They were enthusiastic \/ Sie waren enthusiastisch \/ Ils \u00e9taient enthousiastes<\/p>\n<p><a href=\"https:\/\/www.velomobileworld.com\/wp-content\/uploads\/2024\/02\/14-34-2-1024x768.jpg\"><img loading=\"lazy\" decoding=\"async\" class=\"alignnone wp-image-38576\" src=\"https:\/\/www.velomobileworld.com\/wp-content\/uploads\/2024\/02\/14-34-2-1024x768.jpg\" alt=\"\" width=\"450\" height=\"338\" \/><\/a><a href=\"https:\/\/www.velomobileworld.com\/wp-content\/uploads\/2024\/02\/14-35-Some-bridges-1024x768.jpeg\"><img loading=\"lazy\" decoding=\"async\" class=\"alignnone wp-image-38531\" src=\"https:\/\/www.velomobileworld.com\/wp-content\/uploads\/2024\/02\/14-35-Some-bridges-1024x768.jpeg\" alt=\"\" width=\"450\" height=\"338\" \/><\/a><\/p>\n<p style=\"text-align: left;\"><img decoding=\"async\" class=\"emoji ls-is-cached lazyloaded\" role=\"img\" draggable=\"false\" src=\"https:\/\/s.w.org\/images\/core\/emoji\/13.1.0\/svg\/2b06.svg\" alt=\"\u2b06\ufe0f\" data-src=\"https:\/\/s.w.org\/images\/core\/emoji\/13.1.0\/svg\/2b06.svg\" \/> Some bridges \/ Einige Br\u00fccken \/ Quelques ponts<\/p>\n<p><a href=\"https:\/\/www.velomobileworld.com\/wp-content\/uploads\/2024\/02\/14-36-1024x768.jpeg\"><img loading=\"lazy\" decoding=\"async\" class=\"alignnone wp-image-38536\" src=\"https:\/\/www.velomobileworld.com\/wp-content\/uploads\/2024\/02\/14-36-1024x768.jpeg\" alt=\"\" width=\"450\" height=\"338\" \/><\/a> <a href=\"https:\/\/www.velomobileworld.com\/wp-content\/uploads\/2024\/02\/14-37-1024x768.jpeg\"><img loading=\"lazy\" decoding=\"async\" class=\"alignnone wp-image-38541\" src=\"https:\/\/www.velomobileworld.com\/wp-content\/uploads\/2024\/02\/14-37-1024x768.jpeg\" alt=\"\" width=\"450\" height=\"338\" \/><\/a> <a href=\"https:\/\/www.velomobileworld.com\/wp-content\/uploads\/2024\/02\/14-38-1024x768.jpeg\"><img loading=\"lazy\" decoding=\"async\" class=\"alignnone wp-image-38546\" src=\"https:\/\/www.velomobileworld.com\/wp-content\/uploads\/2024\/02\/14-38-1024x768.jpeg\" alt=\"\" width=\"450\" height=\"338\" \/><\/a> <a href=\"https:\/\/www.velomobileworld.com\/wp-content\/uploads\/2024\/02\/14-39-Up-and-down-there-1024x768.jpeg\"><img loading=\"lazy\" decoding=\"async\" class=\"alignnone wp-image-38551\" src=\"https:\/\/www.velomobileworld.com\/wp-content\/uploads\/2024\/02\/14-39-Up-and-down-there-1024x768.jpeg\" alt=\"\" width=\"450\" height=\"338\" \/><\/a><\/p>\n<p style=\"text-align: left;\"><img decoding=\"async\" class=\"emoji ls-is-cached lazyloaded\" role=\"img\" draggable=\"false\" src=\"https:\/\/s.w.org\/images\/core\/emoji\/13.1.0\/svg\/2b06.svg\" alt=\"\u2b06\ufe0f\" data-src=\"https:\/\/s.w.org\/images\/core\/emoji\/13.1.0\/svg\/2b06.svg\" \/> Up and down there \/ Dort oben und unten \/ En haut et en bas<\/p>\n<p><a href=\"https:\/\/www.velomobileworld.com\/wp-content\/uploads\/2024\/02\/14-40-1024x845.jpeg\"><img loading=\"lazy\" decoding=\"async\" class=\"alignnone wp-image-38556\" src=\"https:\/\/www.velomobileworld.com\/wp-content\/uploads\/2024\/02\/14-40-1024x845.jpeg\" alt=\"\" width=\"450\" height=\"371\" \/><\/a> <a href=\"https:\/\/www.velomobileworld.com\/wp-content\/uploads\/2024\/02\/14-41-Ferry-1024x768.jpeg\"><img loading=\"lazy\" decoding=\"async\" class=\"alignnone wp-image-38561\" src=\"https:\/\/www.velomobileworld.com\/wp-content\/uploads\/2024\/02\/14-41-Ferry-1024x768.jpeg\" alt=\"\" width=\"450\" height=\"338\" \/><\/a><\/p>\n<p style=\"text-align: left;\"><img decoding=\"async\" class=\"emoji ls-is-cached lazyloaded\" role=\"img\" draggable=\"false\" src=\"https:\/\/s.w.org\/images\/core\/emoji\/13.1.0\/svg\/2b06.svg\" alt=\"\u2b06\ufe0f\" data-src=\"https:\/\/s.w.org\/images\/core\/emoji\/13.1.0\/svg\/2b06.svg\" \/> Ferry \/ F\u00e4hre \/ Le ferry<\/p>\n<p><a href=\"https:\/\/www.velomobileworld.com\/wp-content\/uploads\/2024\/02\/14-42-Center-for-all-1024x768.jpeg\"><img loading=\"lazy\" decoding=\"async\" class=\"alignnone wp-image-38566\" src=\"https:\/\/www.velomobileworld.com\/wp-content\/uploads\/2024\/02\/14-42-Center-for-all-1024x768.jpeg\" alt=\"\" width=\"450\" height=\"338\" \/><\/a><\/p>\n<p style=\"text-align: left;\"><img decoding=\"async\" class=\"emoji ls-is-cached lazyloaded\" role=\"img\" draggable=\"false\" src=\"https:\/\/s.w.org\/images\/core\/emoji\/13.1.0\/svg\/2b06.svg\" alt=\"\u2b06\ufe0f\" data-src=\"https:\/\/s.w.org\/images\/core\/emoji\/13.1.0\/svg\/2b06.svg\" \/> Center for all \/ Zentrum f\u00fcr alle \/ Centre pour tous<\/p>\n<p style=\"text-align: left;\"><strong>&#8230;&#8230;&#8230;&#8230;&#8230;&#8230;&#8230;&#8230;&#8230;&#8230;&#8230;&#8230;&#8230;&#8230;&#8230;&#8230;&#8230;&#8230;<\/strong><\/p>\n<p style=\"text-align: left;\"><a href=\"https:\/\/www.velomobileworld.com\/fr\/road-trip-velomobile-35-jours-avec-brigitte-et-fritz\/\" target=\"_blank\" rel=\"noopener\">2022 VELOMOBILE ROAD TRIP: 35 DAYS WITH BRIGITTE AND FRITZ (EN\/DE\/FR)<\/a><\/p>\n","protected":false},"excerpt":{"rendered":"<p>En route vers le Soleil de Minuit. Un voyage en v\u00e9lomobile avec Brigitte et Fritz. Allemagne &gt; Danemark &gt; Norv\u00e8ge [&hellip;]<\/p>\n","protected":false},"author":4,"featured_media":5951,"comment_status":"open","ping_status":"closed","sticky":false,"template":"","format":"standard","meta":{"_acf_changed":false,"footnotes":""},"categories":[691],"tags":[],"class_list":["post-7177","post","type-post","status-publish","format-standard","has-post-thumbnail","hentry","category-non-classifiee"],"acf":[],"yoast_head":"<!-- This site is optimized with the Yoast SEO plugin v27.5 - https:\/\/yoast.com\/product\/yoast-seo-wordpress\/ -->\n<title>En route vers le Soleil de Minuit (Jour 14) | Velomobile World<\/title>\n<meta name=\"description\" content=\"En route vers le Soleil de Minuit (Jour 14). Un nouveau voyage avec Brigitte et Fritz. D\u00e9couvrez leurs aventures. D\u00e9tails dans l&#039;article.\" \/>\n<meta name=\"robots\" content=\"index, follow, max-snippet:-1, max-image-preview:large, max-video-preview:-1\" \/>\n<link rel=\"canonical\" href=\"https:\/\/www.velomobileworld.com\/fr\/en-route-vers-le-soleil-de-minuit-jour-14\/\" \/>\n<meta property=\"og:locale\" content=\"fr_FR\" \/>\n<meta property=\"og:type\" content=\"article\" \/>\n<meta property=\"og:title\" content=\"En route vers le Soleil de Minuit (Jour 14) | Velomobile World\" \/>\n<meta property=\"og:description\" content=\"En route vers le Soleil de Minuit (Jour 14). Un nouveau voyage avec Brigitte et Fritz. D\u00e9couvrez leurs aventures. D\u00e9tails dans l&#039;article.\" \/>\n<meta property=\"og:url\" content=\"https:\/\/www.velomobileworld.com\/fr\/en-route-vers-le-soleil-de-minuit-jour-14\/\" \/>\n<meta property=\"og:site_name\" content=\"Velomobile World\" \/>\n<meta property=\"article:published_time\" content=\"2024-12-09T14:37:00+00:00\" \/>\n<meta property=\"article:modified_time\" content=\"2025-07-25T10:09:14+00:00\" \/>\n<meta property=\"og:image\" content=\"https:\/\/www.velomobileworld.com\/wp-content\/uploads\/2024\/12\/Midnightsun-Day-14.jpg\" \/>\n\t<meta property=\"og:image:width\" content=\"1920\" \/>\n\t<meta property=\"og:image:height\" content=\"850\" \/>\n\t<meta property=\"og:image:type\" content=\"image\/jpeg\" \/>\n<meta name=\"author\" content=\"Jan Wijnen\" \/>\n<meta name=\"twitter:card\" content=\"summary_large_image\" \/>\n<meta name=\"twitter:label1\" content=\"\u00c9crit par\" \/>\n\t<meta name=\"twitter:data1\" content=\"Jan Wijnen\" \/>\n\t<meta name=\"twitter:label2\" content=\"Dur\u00e9e de lecture estim\u00e9e\" \/>\n\t<meta name=\"twitter:data2\" content=\"2 minutes\" \/>\n<script type=\"application\/ld+json\" class=\"yoast-schema-graph\">{\"@context\":\"https:\\\/\\\/schema.org\",\"@graph\":[{\"@type\":\"Article\",\"@id\":\"https:\\\/\\\/www.velomobileworld.com\\\/fr\\\/en-route-vers-le-soleil-de-minuit-jour-14\\\/#article\",\"isPartOf\":{\"@id\":\"https:\\\/\\\/www.velomobileworld.com\\\/fr\\\/en-route-vers-le-soleil-de-minuit-jour-14\\\/\"},\"author\":{\"name\":\"Jan Wijnen\",\"@id\":\"https:\\\/\\\/www.velomobileworld.com\\\/nl\\\/#\\\/schema\\\/person\\\/c0c7c661ad3c8719ed05a7dc85d6fa12\"},\"headline\":\"En route vers le Soleil de Minuit (Jour 14)\",\"datePublished\":\"2024-12-09T14:37:00+00:00\",\"dateModified\":\"2025-07-25T10:09:14+00:00\",\"mainEntityOfPage\":{\"@id\":\"https:\\\/\\\/www.velomobileworld.com\\\/fr\\\/en-route-vers-le-soleil-de-minuit-jour-14\\\/\"},\"wordCount\":519,\"commentCount\":0,\"image\":{\"@id\":\"https:\\\/\\\/www.velomobileworld.com\\\/fr\\\/en-route-vers-le-soleil-de-minuit-jour-14\\\/#primaryimage\"},\"thumbnailUrl\":\"https:\\\/\\\/www.velomobileworld.com\\\/wp-content\\\/uploads\\\/2024\\\/12\\\/Midnightsun-Day-14.jpg\",\"articleSection\":[\"Non classifi\u00e9(e)\"],\"inLanguage\":\"fr-FR\",\"potentialAction\":[{\"@type\":\"CommentAction\",\"name\":\"Comment\",\"target\":[\"https:\\\/\\\/www.velomobileworld.com\\\/fr\\\/en-route-vers-le-soleil-de-minuit-jour-14\\\/#respond\"]}]},{\"@type\":\"WebPage\",\"@id\":\"https:\\\/\\\/www.velomobileworld.com\\\/fr\\\/en-route-vers-le-soleil-de-minuit-jour-14\\\/\",\"url\":\"https:\\\/\\\/www.velomobileworld.com\\\/fr\\\/en-route-vers-le-soleil-de-minuit-jour-14\\\/\",\"name\":\"En route vers le Soleil de Minuit (Jour 14) | Velomobile World\",\"isPartOf\":{\"@id\":\"https:\\\/\\\/www.velomobileworld.com\\\/nl\\\/#website\"},\"primaryImageOfPage\":{\"@id\":\"https:\\\/\\\/www.velomobileworld.com\\\/fr\\\/en-route-vers-le-soleil-de-minuit-jour-14\\\/#primaryimage\"},\"image\":{\"@id\":\"https:\\\/\\\/www.velomobileworld.com\\\/fr\\\/en-route-vers-le-soleil-de-minuit-jour-14\\\/#primaryimage\"},\"thumbnailUrl\":\"https:\\\/\\\/www.velomobileworld.com\\\/wp-content\\\/uploads\\\/2024\\\/12\\\/Midnightsun-Day-14.jpg\",\"datePublished\":\"2024-12-09T14:37:00+00:00\",\"dateModified\":\"2025-07-25T10:09:14+00:00\",\"author\":{\"@id\":\"https:\\\/\\\/www.velomobileworld.com\\\/nl\\\/#\\\/schema\\\/person\\\/c0c7c661ad3c8719ed05a7dc85d6fa12\"},\"description\":\"En route vers le Soleil de Minuit (Jour 14). Un nouveau voyage avec Brigitte et Fritz. D\u00e9couvrez leurs aventures. D\u00e9tails dans l'article.\",\"breadcrumb\":{\"@id\":\"https:\\\/\\\/www.velomobileworld.com\\\/fr\\\/en-route-vers-le-soleil-de-minuit-jour-14\\\/#breadcrumb\"},\"inLanguage\":\"fr-FR\",\"potentialAction\":[{\"@type\":\"ReadAction\",\"target\":[\"https:\\\/\\\/www.velomobileworld.com\\\/fr\\\/en-route-vers-le-soleil-de-minuit-jour-14\\\/\"]}]},{\"@type\":\"ImageObject\",\"inLanguage\":\"fr-FR\",\"@id\":\"https:\\\/\\\/www.velomobileworld.com\\\/fr\\\/en-route-vers-le-soleil-de-minuit-jour-14\\\/#primaryimage\",\"url\":\"https:\\\/\\\/www.velomobileworld.com\\\/wp-content\\\/uploads\\\/2024\\\/12\\\/Midnightsun-Day-14.jpg\",\"contentUrl\":\"https:\\\/\\\/www.velomobileworld.com\\\/wp-content\\\/uploads\\\/2024\\\/12\\\/Midnightsun-Day-14.jpg\",\"width\":1920,\"height\":850,\"caption\":\"xr:d:DAF8wH8h7dc:3,j:3215988773207879299,t:24021408\"},{\"@type\":\"BreadcrumbList\",\"@id\":\"https:\\\/\\\/www.velomobileworld.com\\\/fr\\\/en-route-vers-le-soleil-de-minuit-jour-14\\\/#breadcrumb\",\"itemListElement\":[{\"@type\":\"ListItem\",\"position\":1,\"name\":\"Home\",\"item\":\"https:\\\/\\\/www.velomobileworld.com\\\/fr\\\/\"},{\"@type\":\"ListItem\",\"position\":2,\"name\":\"En route vers le Soleil de Minuit (Jour 14)\"}]},{\"@type\":\"WebSite\",\"@id\":\"https:\\\/\\\/www.velomobileworld.com\\\/nl\\\/#website\",\"url\":\"https:\\\/\\\/www.velomobileworld.com\\\/nl\\\/\",\"name\":\"Velomobile World\",\"description\":\"\",\"potentialAction\":[{\"@type\":\"SearchAction\",\"target\":{\"@type\":\"EntryPoint\",\"urlTemplate\":\"https:\\\/\\\/www.velomobileworld.com\\\/nl\\\/?s={search_term_string}\"},\"query-input\":{\"@type\":\"PropertyValueSpecification\",\"valueRequired\":true,\"valueName\":\"search_term_string\"}}],\"inLanguage\":\"fr-FR\"},{\"@type\":\"Person\",\"@id\":\"https:\\\/\\\/www.velomobileworld.com\\\/nl\\\/#\\\/schema\\\/person\\\/c0c7c661ad3c8719ed05a7dc85d6fa12\",\"name\":\"Jan Wijnen\",\"image\":{\"@type\":\"ImageObject\",\"inLanguage\":\"fr-FR\",\"@id\":\"https:\\\/\\\/secure.gravatar.com\\\/avatar\\\/4802c8a6006d5895d73a1141e39ccf819bca7ec1dbfb26a6f4370880cefa109a?s=96&d=mm&r=g\",\"url\":\"https:\\\/\\\/secure.gravatar.com\\\/avatar\\\/4802c8a6006d5895d73a1141e39ccf819bca7ec1dbfb26a6f4370880cefa109a?s=96&d=mm&r=g\",\"contentUrl\":\"https:\\\/\\\/secure.gravatar.com\\\/avatar\\\/4802c8a6006d5895d73a1141e39ccf819bca7ec1dbfb26a6f4370880cefa109a?s=96&d=mm&r=g\",\"caption\":\"Jan Wijnen\"},\"url\":\"https:\\\/\\\/www.velomobileworld.com\\\/fr\\\/author\\\/jan-admin\\\/\"}]}<\/script>\n<!-- \/ Yoast SEO plugin. -->","yoast_head_json":{"title":"En route vers le Soleil de Minuit (Jour 14) | Velomobile World","description":"En route vers le Soleil de Minuit (Jour 14). Un nouveau voyage avec Brigitte et Fritz. D\u00e9couvrez leurs aventures. D\u00e9tails dans l'article.","robots":{"index":"index","follow":"follow","max-snippet":"max-snippet:-1","max-image-preview":"max-image-preview:large","max-video-preview":"max-video-preview:-1"},"canonical":"https:\/\/www.velomobileworld.com\/fr\/en-route-vers-le-soleil-de-minuit-jour-14\/","og_locale":"fr_FR","og_type":"article","og_title":"En route vers le Soleil de Minuit (Jour 14) | Velomobile World","og_description":"En route vers le Soleil de Minuit (Jour 14). Un nouveau voyage avec Brigitte et Fritz. D\u00e9couvrez leurs aventures. D\u00e9tails dans l'article.","og_url":"https:\/\/www.velomobileworld.com\/fr\/en-route-vers-le-soleil-de-minuit-jour-14\/","og_site_name":"Velomobile World","article_published_time":"2024-12-09T14:37:00+00:00","article_modified_time":"2025-07-25T10:09:14+00:00","og_image":[{"width":1920,"height":850,"url":"https:\/\/www.velomobileworld.com\/wp-content\/uploads\/2024\/12\/Midnightsun-Day-14.jpg","type":"image\/jpeg"}],"author":"Jan Wijnen","twitter_card":"summary_large_image","twitter_misc":{"\u00c9crit par":"Jan Wijnen","Dur\u00e9e de lecture estim\u00e9e":"2 minutes"},"schema":{"@context":"https:\/\/schema.org","@graph":[{"@type":"Article","@id":"https:\/\/www.velomobileworld.com\/fr\/en-route-vers-le-soleil-de-minuit-jour-14\/#article","isPartOf":{"@id":"https:\/\/www.velomobileworld.com\/fr\/en-route-vers-le-soleil-de-minuit-jour-14\/"},"author":{"name":"Jan Wijnen","@id":"https:\/\/www.velomobileworld.com\/nl\/#\/schema\/person\/c0c7c661ad3c8719ed05a7dc85d6fa12"},"headline":"En route vers le Soleil de Minuit (Jour 14)","datePublished":"2024-12-09T14:37:00+00:00","dateModified":"2025-07-25T10:09:14+00:00","mainEntityOfPage":{"@id":"https:\/\/www.velomobileworld.com\/fr\/en-route-vers-le-soleil-de-minuit-jour-14\/"},"wordCount":519,"commentCount":0,"image":{"@id":"https:\/\/www.velomobileworld.com\/fr\/en-route-vers-le-soleil-de-minuit-jour-14\/#primaryimage"},"thumbnailUrl":"https:\/\/www.velomobileworld.com\/wp-content\/uploads\/2024\/12\/Midnightsun-Day-14.jpg","articleSection":["Non classifi\u00e9(e)"],"inLanguage":"fr-FR","potentialAction":[{"@type":"CommentAction","name":"Comment","target":["https:\/\/www.velomobileworld.com\/fr\/en-route-vers-le-soleil-de-minuit-jour-14\/#respond"]}]},{"@type":"WebPage","@id":"https:\/\/www.velomobileworld.com\/fr\/en-route-vers-le-soleil-de-minuit-jour-14\/","url":"https:\/\/www.velomobileworld.com\/fr\/en-route-vers-le-soleil-de-minuit-jour-14\/","name":"En route vers le Soleil de Minuit (Jour 14) | Velomobile World","isPartOf":{"@id":"https:\/\/www.velomobileworld.com\/nl\/#website"},"primaryImageOfPage":{"@id":"https:\/\/www.velomobileworld.com\/fr\/en-route-vers-le-soleil-de-minuit-jour-14\/#primaryimage"},"image":{"@id":"https:\/\/www.velomobileworld.com\/fr\/en-route-vers-le-soleil-de-minuit-jour-14\/#primaryimage"},"thumbnailUrl":"https:\/\/www.velomobileworld.com\/wp-content\/uploads\/2024\/12\/Midnightsun-Day-14.jpg","datePublished":"2024-12-09T14:37:00+00:00","dateModified":"2025-07-25T10:09:14+00:00","author":{"@id":"https:\/\/www.velomobileworld.com\/nl\/#\/schema\/person\/c0c7c661ad3c8719ed05a7dc85d6fa12"},"description":"En route vers le Soleil de Minuit (Jour 14). Un nouveau voyage avec Brigitte et Fritz. D\u00e9couvrez leurs aventures. D\u00e9tails dans l'article.","breadcrumb":{"@id":"https:\/\/www.velomobileworld.com\/fr\/en-route-vers-le-soleil-de-minuit-jour-14\/#breadcrumb"},"inLanguage":"fr-FR","potentialAction":[{"@type":"ReadAction","target":["https:\/\/www.velomobileworld.com\/fr\/en-route-vers-le-soleil-de-minuit-jour-14\/"]}]},{"@type":"ImageObject","inLanguage":"fr-FR","@id":"https:\/\/www.velomobileworld.com\/fr\/en-route-vers-le-soleil-de-minuit-jour-14\/#primaryimage","url":"https:\/\/www.velomobileworld.com\/wp-content\/uploads\/2024\/12\/Midnightsun-Day-14.jpg","contentUrl":"https:\/\/www.velomobileworld.com\/wp-content\/uploads\/2024\/12\/Midnightsun-Day-14.jpg","width":1920,"height":850,"caption":"xr:d:DAF8wH8h7dc:3,j:3215988773207879299,t:24021408"},{"@type":"BreadcrumbList","@id":"https:\/\/www.velomobileworld.com\/fr\/en-route-vers-le-soleil-de-minuit-jour-14\/#breadcrumb","itemListElement":[{"@type":"ListItem","position":1,"name":"Home","item":"https:\/\/www.velomobileworld.com\/fr\/"},{"@type":"ListItem","position":2,"name":"En route vers le Soleil de Minuit (Jour 14)"}]},{"@type":"WebSite","@id":"https:\/\/www.velomobileworld.com\/nl\/#website","url":"https:\/\/www.velomobileworld.com\/nl\/","name":"Velomobile World","description":"","potentialAction":[{"@type":"SearchAction","target":{"@type":"EntryPoint","urlTemplate":"https:\/\/www.velomobileworld.com\/nl\/?s={search_term_string}"},"query-input":{"@type":"PropertyValueSpecification","valueRequired":true,"valueName":"search_term_string"}}],"inLanguage":"fr-FR"},{"@type":"Person","@id":"https:\/\/www.velomobileworld.com\/nl\/#\/schema\/person\/c0c7c661ad3c8719ed05a7dc85d6fa12","name":"Jan Wijnen","image":{"@type":"ImageObject","inLanguage":"fr-FR","@id":"https:\/\/secure.gravatar.com\/avatar\/4802c8a6006d5895d73a1141e39ccf819bca7ec1dbfb26a6f4370880cefa109a?s=96&d=mm&r=g","url":"https:\/\/secure.gravatar.com\/avatar\/4802c8a6006d5895d73a1141e39ccf819bca7ec1dbfb26a6f4370880cefa109a?s=96&d=mm&r=g","contentUrl":"https:\/\/secure.gravatar.com\/avatar\/4802c8a6006d5895d73a1141e39ccf819bca7ec1dbfb26a6f4370880cefa109a?s=96&d=mm&r=g","caption":"Jan Wijnen"},"url":"https:\/\/www.velomobileworld.com\/fr\/author\/jan-admin\/"}]}},"_links":{"self":[{"href":"https:\/\/www.velomobileworld.com\/fr\/wp-json\/wp\/v2\/posts\/7177","targetHints":{"allow":["GET"]}}],"collection":[{"href":"https:\/\/www.velomobileworld.com\/fr\/wp-json\/wp\/v2\/posts"}],"about":[{"href":"https:\/\/www.velomobileworld.com\/fr\/wp-json\/wp\/v2\/types\/post"}],"author":[{"embeddable":true,"href":"https:\/\/www.velomobileworld.com\/fr\/wp-json\/wp\/v2\/users\/4"}],"replies":[{"embeddable":true,"href":"https:\/\/www.velomobileworld.com\/fr\/wp-json\/wp\/v2\/comments?post=7177"}],"version-history":[{"count":1,"href":"https:\/\/www.velomobileworld.com\/fr\/wp-json\/wp\/v2\/posts\/7177\/revisions"}],"predecessor-version":[{"id":100576,"href":"https:\/\/www.velomobileworld.com\/fr\/wp-json\/wp\/v2\/posts\/7177\/revisions\/100576"}],"wp:featuredmedia":[{"embeddable":true,"href":"https:\/\/www.velomobileworld.com\/fr\/wp-json\/wp\/v2\/media\/5951"}],"wp:attachment":[{"href":"https:\/\/www.velomobileworld.com\/fr\/wp-json\/wp\/v2\/media?parent=7177"}],"wp:term":[{"taxonomy":"category","embeddable":true,"href":"https:\/\/www.velomobileworld.com\/fr\/wp-json\/wp\/v2\/categories?post=7177"},{"taxonomy":"post_tag","embeddable":true,"href":"https:\/\/www.velomobileworld.com\/fr\/wp-json\/wp\/v2\/tags?post=7177"}],"curies":[{"name":"wp","href":"https:\/\/api.w.org\/{rel}","templated":true}]}}