{"id":7194,"date":"2024-12-10T13:42:20","date_gmt":"2024-12-10T12:42:20","guid":{"rendered":"https:\/\/velomobileworld.convident.dev\/en-route-vers-le-soleil-de-minuit-jour-21\/"},"modified":"2025-07-25T12:09:11","modified_gmt":"2025-07-25T10:09:11","slug":"en-route-vers-le-soleil-de-minuit-jour-21","status":"publish","type":"post","link":"https:\/\/www.velomobileworld.com\/fr\/en-route-vers-le-soleil-de-minuit-jour-21\/","title":{"rendered":"En route vers le Soleil de Minuit (Jour 21)"},"content":{"rendered":"<p style=\"text-align: left;\" data-mce-style=\"text-align: left;\"><span style=\"color: #ff0000;\" data-mce-style=\"color: #ff0000;\"><strong>En route vers le Soleil de Minuit. Un voyage en v\u00e9lomobile avec Brigitte et Fritz.<\/strong><\/span><\/p>\n<p style=\"text-align: left;\" data-mce-style=\"text-align: left;\"><strong>Allemagne &gt; Danemark &gt; Norv\u00e8ge &gt; Cap Nord (Nordkapp) &gt; Finlande &gt; Allemagne<\/strong><\/p>\n<p style=\"text-align: left;\" data-mce-style=\"text-align: left;\"><strong>&#8212;&#8212;&#8212;&#8212;&#8212;&#8212;&#8212;&#8212;&#8212;&#8212;&#8211;<\/strong><\/p>\n<p style=\"text-align: left;\" data-mce-style=\"text-align: left;\">D\u00e9couvrez&nbsp;<a href=\"\/fr?p=5358\" target=\"_blank\" rel=\"noopener\" data-mce-href=\"https:\/\/www.velomobileworld.com\/fr\/un-velomobile-voyage-en-route-vers-le-soleil-de-minuit-tous-les-jours\/\">ICI<\/a>&nbsp;Toutes les Journ\u00e9es du Voyage \u00ab\u00a0En route vers le Soleil de Minuit\u00a0\u00bb<\/p>\n<p style=\"text-align: left;\" data-mce-style=\"text-align: left;\"><strong>&#8212;&#8212;&#8212;&#8212;&#8212;&#8212;&#8212;&#8212;&#8212;&#8212;&#8211;<\/strong><\/p>\n<p><\/p>\n<p style=\"text-align: left;\" data-mce-style=\"text-align: left;\"><strong>Jour 21 | Eidsdal &#8211; Herjestrand | 111 KM | 1234 HM<\/strong><\/p>\n<p><\/p>\n<p style=\"text-align: left;\" data-mce-style=\"text-align: left;\">Enfin une descente dans la matin\u00e9e.<\/p>\n<p><\/p>\n<p style=\"text-align: left;\" data-mce-style=\"text-align: left;\">J&rsquo;ai resserr\u00e9 la vis de l&rsquo;articulation du timon dans le tunnel ce matin. Hier, dans la descente, elle s&rsquo;\u00e9tait desserr\u00e9e et la conduite dans les virages \u00e9tait un peu \u00e9trange. Avec ce paysage, j&rsquo;aime faire quelques petits ajustements.<\/p>\n<p><\/p>\n<p style=\"text-align: left;\" data-mce-style=\"text-align: left;\">En chemin, je me suis rendu compte que ce n&rsquo;\u00e9tait pas la cause. Le ferry venait de quitter l&rsquo;autre rive lorsque je l&rsquo;ai aper\u00e7ue en haut de la descente. Nous sommes arriv\u00e9s juste \u00e0 temps.<br \/>De l&rsquo;autre c\u00f4t\u00e9, r\u00e9paration \u00e0 Sylte \u00e0 c\u00f4t\u00e9 de la station-service. Malheureusement le probl\u00e8me est diff\u00e9rent. Le rivet s&rsquo;est cass\u00e9. Le prochain garage n&rsquo;est pas loin.<br \/>Nous n&rsquo;avons eu \u00e0 payer que 150 NOK.<\/p>\n<p><\/p>\n<p style=\"text-align: left;\" data-mce-style=\"text-align: left;\">Puis la longue route jusqu&rsquo;\u00e0 Trollstiegen. Du mauvais c\u00f4t\u00e9, pour ainsi dire.<\/p>\n<p><\/p>\n<p style=\"text-align: left;\" data-mce-style=\"text-align: left;\">Un petit duel. Seul le coureur cycliste de devant s&rsquo;est laiss\u00e9 s\u00e9duire. Ils ont rapidement bifurqu\u00e9.<\/p>\n<p><\/p>\n<p style=\"text-align: left;\" data-mce-style=\"text-align: left;\">Diverses choses de la route.<\/p>\n<p><\/p>\n<p style=\"text-align: left;\" data-mce-style=\"text-align: left;\">Notamment de nombreuses exploitations de fraises. 5-10. R\u00e9colt\u00e9es par les habitants de la r\u00e9gion.<\/p>\n<p><\/p>\n<p style=\"text-align: left;\" data-mce-style=\"text-align: left;\">Chute d&rsquo;eau sur laquelle on peut marcher. Par-dessus, bien s\u00fbr.<\/p>\n<p><\/p>\n<p style=\"text-align: left;\" data-mce-style=\"text-align: left;\">Impressionnante ferme \u00e9questre. D\u00e9jeuner en face du stand de tir. Aujourd&rsquo;hui, nous avons mang\u00e9 du vrai pain au levain.<\/p>\n<p><\/p>\n<p style=\"text-align: left;\" data-mce-style=\"text-align: left;\">Nous approchons des sommets.<\/p>\n<p><\/p>\n<p style=\"text-align: left;\" data-mce-style=\"text-align: left;\">Il y a beaucoup de foug\u00e8res diff\u00e9rentes ici. Elles sont assez petites.<\/p>\n<p><\/p>\n<p style=\"text-align: left;\" data-mce-style=\"text-align: left;\">Une image de recherche.<\/p>\n<p><\/p>\n<p style=\"text-align: left;\" data-mce-style=\"text-align: left;\">Ci-dessus. \u00c0 c\u00f4t\u00e9 de nous, un VW T3. Ils offrent encore plus d&rsquo;espace \u00e0 l&rsquo;int\u00e9rieur que les nouveaux. Elle a d\u00e9j\u00e0 38 ans. Le monsieur plus \u00e2g\u00e9 (que nous) a ensuite voulu savoir comment fonctionnaient nos v\u00e9lomobiles.<\/p>\n<p><\/p>\n<p style=\"text-align: left;\" data-mce-style=\"text-align: left;\">A peine arriv\u00e9s au sommet, la pluie s&rsquo;est mise \u00e0 tomber. Elle \u00e9tait assez forte.<br \/>Les moutons \u00e9taient calmes. Malgr\u00e9 les files de voitures, ils n&rsquo;ont pas boug\u00e9.<\/p>\n<p><\/p>\n<p style=\"text-align: left;\" data-mce-style=\"text-align: left;\">Superbe vue depuis le sommet. Dommage qu&rsquo;il pleuve autant.<br \/>Les photos n&rsquo;en donnent qu&rsquo;une id\u00e9e approximative cette fois-ci. La cascade est \u00e9norme et se jette directement sous le pont. Les serpentins se superposent en un mur vertical semi-circulaire. Conduire jusqu&rsquo;ici sans voiture doit \u00eatre tout simplement fantastique.<\/p>\n<p><\/p>\n<p style=\"text-align: left;\" data-mce-style=\"text-align: left;\">Le pont est au milieu. Cela montre les dimensions.<\/p>\n<p><\/p>\n<p style=\"text-align: left;\" data-mce-style=\"text-align: left;\">Un exemple parmi tant d&rsquo;autres. J&rsquo;ai remarqu\u00e9 que lorsque je demande 1\u20ac, beaucoup de gens arr\u00eatent rapidement de prendre des photos.<\/p>\n<p><\/p>\n<p style=\"text-align: left;\" data-mce-style=\"text-align: left;\">Andalsnes atteint.<\/p>\n<p><\/p>\n<p style=\"text-align: left;\" data-mce-style=\"text-align: left;\">La c\u00f4te est \u00e9galement magnifique. Aujourd&rsquo;hui encore dans une cabane.<\/p>\n<p style=\"text-align: left;\" data-mce-style=\"text-align: left;\"><strong>&#8230;&#8230;&#8230;&#8230;&#8230;&#8230;&#8230;&#8230;&#8230;&#8230;&#8230;&#8230;&#8230;&#8230;&#8230;&#8230;&#8230;&#8230;<\/strong><\/p>\n<p><a href=\"https:\/\/store.velomobileworld.com\/?utm_source=Banner_US_Canada_Worldwide&amp;utm_medium=Article&amp;utm_campaign=Blog\" target=\"_blank\" rel=\"noopener\" data-mce-href=\"https:\/\/store.velomobileworld.com\/?utm_source=Banner_US_Canada_Worldwide&amp;utm_medium=Article&amp;utm_campaign=Blog\"><img loading=\"lazy\" decoding=\"async\" class=\"alignnone wp-image-24840 lazyloaded\" src=\"https:\/\/www.velomobileworld.com\/wp-content\/uploads\/2023\/07\/1-usa-canada-worldwide.png\" alt=\"\" width=\"450\" height=\"74\" data-src=\"https:\/\/www.velomobileworld.com\/wp-content\/uploads\/2023\/07\/1-usa-canada-worldwide.png\" data-mce-src=\"https:\/\/www.velomobileworld.com\/wp-content\/uploads\/2023\/07\/1-usa-canada-worldwide.png\"><\/a>&nbsp;<a href=\"https:\/\/www.velomobileworld.com\/?product_tag=velomobiles&amp;utm_source=Banner_EU&amp;utm_medium=Article&amp;utm_campaign=Blog\" target=\"_blank\" rel=\"noopener\" data-mce-href=\"https:\/\/www.velomobileworld.com\/?product_tag=velomobiles&amp;utm_source=Banner_EU&amp;utm_medium=Article&amp;utm_campaign=Blog\"><img loading=\"lazy\" decoding=\"async\" class=\"alignnone wp-image-24845 ls-is-cached lazyloaded\" src=\"https:\/\/www.velomobileworld.com\/wp-content\/uploads\/2023\/07\/2-european-union.png\" alt=\"\" width=\"449\" height=\"74\" data-src=\"https:\/\/www.velomobileworld.com\/wp-content\/uploads\/2023\/07\/2-european-union.png\" data-mce-src=\"https:\/\/www.velomobileworld.com\/wp-content\/uploads\/2023\/07\/2-european-union.png\"><\/a><\/p>\n<p style=\"text-align: left;\" data-mce-style=\"text-align: left;\"><strong>&#8230;&#8230;&#8230;&#8230;&#8230;&#8230;&#8230;&#8230;&#8230;&#8230;&#8230;&#8230;&#8230;&#8230;&#8230;&#8230;&#8230;&#8230;<\/strong><\/p>\n<p><a href=\"https:\/\/www.velomobileworld.com\/wp-content\/uploads\/2024\/03\/20-map-2-563x1024.jpeg\" data-mce-href=\"https:\/\/www.velomobileworld.com\/wp-content\/uploads\/2024\/03\/20-map-2-563x1024.jpeg\"><img loading=\"lazy\" decoding=\"async\" class=\"alignnone wp-image-40629\" src=\"https:\/\/www.velomobileworld.com\/wp-content\/uploads\/2024\/03\/20-map-2-563x1024.jpeg\" alt=\"\" width=\"450\" height=\"818\" data-mce-src=\"https:\/\/www.velomobileworld.com\/wp-content\/uploads\/2024\/03\/20-map-2-563x1024.jpeg\"><\/a><\/p>\n<p><a href=\"https:\/\/www.velomobileworld.com\/wp-content\/uploads\/2024\/03\/20-map-1-982x1024.jpeg\" data-mce-href=\"https:\/\/www.velomobileworld.com\/wp-content\/uploads\/2024\/03\/20-map-1-982x1024.jpeg\"><img loading=\"lazy\" decoding=\"async\" class=\"alignnone wp-image-40634\" src=\"https:\/\/www.velomobileworld.com\/wp-content\/uploads\/2024\/03\/20-map-1-982x1024.jpeg\" alt=\"\" width=\"450\" height=\"469\" data-mce-src=\"https:\/\/www.velomobileworld.com\/wp-content\/uploads\/2024\/03\/20-map-1-982x1024.jpeg\"><\/a><\/p>\n<p><a href=\"https:\/\/www.velomobileworld.com\/wp-content\/uploads\/2024\/03\/20-1-Repair-at-the-start-1024x768.jpeg\" data-mce-href=\"https:\/\/www.velomobileworld.com\/wp-content\/uploads\/2024\/03\/20-1-Repair-at-the-start-1024x768.jpeg\"><img loading=\"lazy\" decoding=\"async\" class=\"alignnone wp-image-40639\" src=\"https:\/\/www.velomobileworld.com\/wp-content\/uploads\/2024\/03\/20-1-Repair-at-the-start-1024x768.jpeg\" alt=\"\" width=\"450\" height=\"338\" data-mce-src=\"https:\/\/www.velomobileworld.com\/wp-content\/uploads\/2024\/03\/20-1-Repair-at-the-start-1024x768.jpeg\"><\/a><\/p>\n<p style=\"text-align: left;\" data-mce-style=\"text-align: left;\"><img decoding=\"async\" class=\"emoji ls-is-cached lazyloaded\" role=\"img\" draggable=\"false\" src=\"https:\/\/s.w.org\/images\/core\/emoji\/13.1.0\/svg\/2b06.svg\" alt=\"\u2b06\ufe0f\" data-src=\"https:\/\/s.w.org\/images\/core\/emoji\/13.1.0\/svg\/2b06.svg\" data-mce-src=\"https:\/\/s.w.org\/images\/core\/emoji\/13.1.0\/svg\/2b06.svg\"> Repair at the start \/ Reparatur am Anfang \/ R\u00e9paration au d\u00e9part<\/p>\n<p><a href=\"https:\/\/www.velomobileworld.com\/wp-content\/uploads\/2024\/03\/20-2-1024x768.jpeg\" data-mce-href=\"https:\/\/www.velomobileworld.com\/wp-content\/uploads\/2024\/03\/20-2-1024x768.jpeg\"><img loading=\"lazy\" decoding=\"async\" class=\"alignnone wp-image-40644\" src=\"https:\/\/www.velomobileworld.com\/wp-content\/uploads\/2024\/03\/20-2-1024x768.jpeg\" alt=\"\" width=\"450\" height=\"338\" data-mce-src=\"https:\/\/www.velomobileworld.com\/wp-content\/uploads\/2024\/03\/20-2-1024x768.jpeg\"><\/a> <a href=\"https:\/\/www.velomobileworld.com\/wp-content\/uploads\/2024\/03\/20-3-1024x580.jpeg\" data-mce-href=\"https:\/\/www.velomobileworld.com\/wp-content\/uploads\/2024\/03\/20-3-1024x580.jpeg\"><img loading=\"lazy\" decoding=\"async\" class=\"alignnone wp-image-40649\" src=\"https:\/\/www.velomobileworld.com\/wp-content\/uploads\/2024\/03\/20-3-1024x580.jpeg\" alt=\"\" width=\"450\" height=\"255\" data-mce-src=\"https:\/\/www.velomobileworld.com\/wp-content\/uploads\/2024\/03\/20-3-1024x580.jpeg\"><\/a> <a href=\"https:\/\/www.velomobileworld.com\/wp-content\/uploads\/2024\/03\/20-4-Downhill-1024x768.jpeg\" data-mce-href=\"https:\/\/www.velomobileworld.com\/wp-content\/uploads\/2024\/03\/20-4-Downhill-1024x768.jpeg\"><img loading=\"lazy\" decoding=\"async\" class=\"alignnone wp-image-40654\" src=\"https:\/\/www.velomobileworld.com\/wp-content\/uploads\/2024\/03\/20-4-Downhill-1024x768.jpeg\" alt=\"\" width=\"450\" height=\"338\" data-mce-src=\"https:\/\/www.velomobileworld.com\/wp-content\/uploads\/2024\/03\/20-4-Downhill-1024x768.jpeg\"><\/a><\/p>\n<p style=\"text-align: left;\" data-mce-style=\"text-align: left;\"><img decoding=\"async\" class=\"emoji ls-is-cached lazyloaded\" role=\"img\" draggable=\"false\" src=\"https:\/\/s.w.org\/images\/core\/emoji\/13.1.0\/svg\/2b06.svg\" alt=\"\u2b06\ufe0f\" data-src=\"https:\/\/s.w.org\/images\/core\/emoji\/13.1.0\/svg\/2b06.svg\" data-mce-src=\"https:\/\/s.w.org\/images\/core\/emoji\/13.1.0\/svg\/2b06.svg\"> Downhill \/ Abfahrtslauf \/ Descente<\/p>\n<p><a href=\"https:\/\/www.velomobileworld.com\/wp-content\/uploads\/2024\/03\/20-5-From-the-ferry-1024x768.jpeg\" data-mce-href=\"https:\/\/www.velomobileworld.com\/wp-content\/uploads\/2024\/03\/20-5-From-the-ferry-1024x768.jpeg\"><img loading=\"lazy\" decoding=\"async\" class=\"alignnone wp-image-40659\" src=\"https:\/\/www.velomobileworld.com\/wp-content\/uploads\/2024\/03\/20-5-From-the-ferry-1024x768.jpeg\" alt=\"\" width=\"450\" height=\"338\" data-mce-src=\"https:\/\/www.velomobileworld.com\/wp-content\/uploads\/2024\/03\/20-5-From-the-ferry-1024x768.jpeg\"><\/a><\/p>\n<p style=\"text-align: left;\" data-mce-style=\"text-align: left;\"><img decoding=\"async\" class=\"emoji ls-is-cached lazyloaded\" role=\"img\" draggable=\"false\" src=\"https:\/\/s.w.org\/images\/core\/emoji\/13.1.0\/svg\/2b06.svg\" alt=\"\u2b06\ufe0f\" data-src=\"https:\/\/s.w.org\/images\/core\/emoji\/13.1.0\/svg\/2b06.svg\" data-mce-src=\"https:\/\/s.w.org\/images\/core\/emoji\/13.1.0\/svg\/2b06.svg\"> View from the ferry \/ Blick von der F\u00e4hre \/ Vue du ferry<\/p>\n<p><a href=\"https:\/\/www.velomobileworld.com\/wp-content\/uploads\/2024\/03\/20-6-1024x768.jpeg\" data-mce-href=\"https:\/\/www.velomobileworld.com\/wp-content\/uploads\/2024\/03\/20-6-1024x768.jpeg\"><img loading=\"lazy\" decoding=\"async\" class=\"alignnone wp-image-40664\" src=\"https:\/\/www.velomobileworld.com\/wp-content\/uploads\/2024\/03\/20-6-1024x768.jpeg\" alt=\"\" width=\"450\" height=\"338\" data-mce-src=\"https:\/\/www.velomobileworld.com\/wp-content\/uploads\/2024\/03\/20-6-1024x768.jpeg\"><\/a> <a href=\"https:\/\/www.velomobileworld.com\/wp-content\/uploads\/2024\/03\/20-7-1024x768.jpeg\" data-mce-href=\"https:\/\/www.velomobileworld.com\/wp-content\/uploads\/2024\/03\/20-7-1024x768.jpeg\"><img loading=\"lazy\" decoding=\"async\" class=\"alignnone wp-image-40669\" src=\"https:\/\/www.velomobileworld.com\/wp-content\/uploads\/2024\/03\/20-7-1024x768.jpeg\" alt=\"\" width=\"450\" height=\"338\" data-mce-src=\"https:\/\/www.velomobileworld.com\/wp-content\/uploads\/2024\/03\/20-7-1024x768.jpeg\"><\/a> <a href=\"https:\/\/www.velomobileworld.com\/wp-content\/uploads\/2024\/03\/20-8-1024x768.jpeg\" data-mce-href=\"https:\/\/www.velomobileworld.com\/wp-content\/uploads\/2024\/03\/20-8-1024x768.jpeg\"><img loading=\"lazy\" decoding=\"async\" class=\"alignnone wp-image-40674\" src=\"https:\/\/www.velomobileworld.com\/wp-content\/uploads\/2024\/03\/20-8-1024x768.jpeg\" alt=\"\" width=\"450\" height=\"338\" data-mce-src=\"https:\/\/www.velomobileworld.com\/wp-content\/uploads\/2024\/03\/20-8-1024x768.jpeg\"><\/a> <a href=\"https:\/\/www.velomobileworld.com\/wp-content\/uploads\/2024\/03\/20-9-The-friendly-mechanics-1024x768.jpeg\" data-mce-href=\"https:\/\/www.velomobileworld.com\/wp-content\/uploads\/2024\/03\/20-9-The-friendly-mechanics-1024x768.jpeg\"><img loading=\"lazy\" decoding=\"async\" class=\"alignnone wp-image-40679\" src=\"https:\/\/www.velomobileworld.com\/wp-content\/uploads\/2024\/03\/20-9-The-friendly-mechanics-1024x768.jpeg\" alt=\"\" width=\"450\" height=\"338\" data-mce-src=\"https:\/\/www.velomobileworld.com\/wp-content\/uploads\/2024\/03\/20-9-The-friendly-mechanics-1024x768.jpeg\"><\/a><\/p>\n<p style=\"text-align: left;\" data-mce-style=\"text-align: left;\"><img decoding=\"async\" class=\"emoji ls-is-cached lazyloaded\" role=\"img\" draggable=\"false\" src=\"https:\/\/s.w.org\/images\/core\/emoji\/13.1.0\/svg\/2b06.svg\" alt=\"\u2b06\ufe0f\" data-src=\"https:\/\/s.w.org\/images\/core\/emoji\/13.1.0\/svg\/2b06.svg\" data-mce-src=\"https:\/\/s.w.org\/images\/core\/emoji\/13.1.0\/svg\/2b06.svg\"> The friendly mechanics \/ Die freundlichen Mechaniker \/ Les m\u00e9caniciens amicaux<\/p>\n<p><a href=\"https:\/\/www.velomobileworld.com\/wp-content\/uploads\/2024\/03\/20-10-The-rivet-768x1024.jpeg\" data-mce-href=\"https:\/\/www.velomobileworld.com\/wp-content\/uploads\/2024\/03\/20-10-The-rivet-768x1024.jpeg\"><img loading=\"lazy\" decoding=\"async\" class=\"alignnone wp-image-40684\" src=\"https:\/\/www.velomobileworld.com\/wp-content\/uploads\/2024\/03\/20-10-The-rivet-768x1024.jpeg\" alt=\"\" width=\"450\" height=\"600\" data-mce-src=\"https:\/\/www.velomobileworld.com\/wp-content\/uploads\/2024\/03\/20-10-The-rivet-768x1024.jpeg\"><\/a><\/p>\n<p style=\"text-align: left;\" data-mce-style=\"text-align: left;\"><img decoding=\"async\" class=\"emoji ls-is-cached lazyloaded\" role=\"img\" draggable=\"false\" src=\"https:\/\/s.w.org\/images\/core\/emoji\/13.1.0\/svg\/2b06.svg\" alt=\"\u2b06\ufe0f\" data-src=\"https:\/\/s.w.org\/images\/core\/emoji\/13.1.0\/svg\/2b06.svg\" data-mce-src=\"https:\/\/s.w.org\/images\/core\/emoji\/13.1.0\/svg\/2b06.svg\"> The rivet \/ Der Niet \/ Le rivet<\/p>\n<p><a href=\"https:\/\/www.velomobileworld.com\/wp-content\/uploads\/2024\/03\/20-11-1024x768.jpeg\" data-mce-href=\"https:\/\/www.velomobileworld.com\/wp-content\/uploads\/2024\/03\/20-11-1024x768.jpeg\"><img loading=\"lazy\" decoding=\"async\" class=\"alignnone wp-image-40689\" src=\"https:\/\/www.velomobileworld.com\/wp-content\/uploads\/2024\/03\/20-11-1024x768.jpeg\" alt=\"\" width=\"450\" height=\"338\" data-mce-src=\"https:\/\/www.velomobileworld.com\/wp-content\/uploads\/2024\/03\/20-11-1024x768.jpeg\"><\/a> <a href=\"https:\/\/www.velomobileworld.com\/wp-content\/uploads\/2024\/03\/20-12-1024x768.jpeg\" data-mce-href=\"https:\/\/www.velomobileworld.com\/wp-content\/uploads\/2024\/03\/20-12-1024x768.jpeg\"><img loading=\"lazy\" decoding=\"async\" class=\"alignnone wp-image-40694\" src=\"https:\/\/www.velomobileworld.com\/wp-content\/uploads\/2024\/03\/20-12-1024x768.jpeg\" alt=\"\" width=\"450\" height=\"338\" data-mce-src=\"https:\/\/www.velomobileworld.com\/wp-content\/uploads\/2024\/03\/20-12-1024x768.jpeg\"><\/a> <a href=\"https:\/\/www.velomobileworld.com\/wp-content\/uploads\/2024\/03\/20-13-Racer-biker-try-it-1024x768.jpeg\" data-mce-href=\"https:\/\/www.velomobileworld.com\/wp-content\/uploads\/2024\/03\/20-13-Racer-biker-try-it-1024x768.jpeg\"><img loading=\"lazy\" decoding=\"async\" class=\"alignnone wp-image-40699\" src=\"https:\/\/www.velomobileworld.com\/wp-content\/uploads\/2024\/03\/20-13-Racer-biker-try-it-1024x768.jpeg\" alt=\"\" width=\"450\" height=\"338\" data-mce-src=\"https:\/\/www.velomobileworld.com\/wp-content\/uploads\/2024\/03\/20-13-Racer-biker-try-it-1024x768.jpeg\"><\/a><\/p>\n<p style=\"text-align: left;\" data-mce-style=\"text-align: left;\"><img decoding=\"async\" class=\"emoji ls-is-cached lazyloaded\" role=\"img\" draggable=\"false\" src=\"https:\/\/s.w.org\/images\/core\/emoji\/13.1.0\/svg\/2b06.svg\" alt=\"\u2b06\ufe0f\" data-src=\"https:\/\/s.w.org\/images\/core\/emoji\/13.1.0\/svg\/2b06.svg\" data-mce-src=\"https:\/\/s.w.org\/images\/core\/emoji\/13.1.0\/svg\/2b06.svg\"> Racer biker try it \/ Rennradfahrer versuchen es&nbsp;\/ Racer biker\/cycliste essayez-le<\/p>\n<p><a href=\"https:\/\/www.velomobileworld.com\/wp-content\/uploads\/2024\/03\/20-14-1024x749.jpeg\" data-mce-href=\"https:\/\/www.velomobileworld.com\/wp-content\/uploads\/2024\/03\/20-14-1024x749.jpeg\"><img loading=\"lazy\" decoding=\"async\" class=\"alignnone wp-image-40704\" src=\"https:\/\/www.velomobileworld.com\/wp-content\/uploads\/2024\/03\/20-14-1024x749.jpeg\" alt=\"\" width=\"450\" height=\"329\" data-mce-src=\"https:\/\/www.velomobileworld.com\/wp-content\/uploads\/2024\/03\/20-14-1024x749.jpeg\"><\/a> <a href=\"https:\/\/www.velomobileworld.com\/wp-content\/uploads\/2024\/03\/20-15-Strawberry-farms-1024x768.jpeg\" data-mce-href=\"https:\/\/www.velomobileworld.com\/wp-content\/uploads\/2024\/03\/20-15-Strawberry-farms-1024x768.jpeg\"><img loading=\"lazy\" decoding=\"async\" class=\"alignnone wp-image-40709\" src=\"https:\/\/www.velomobileworld.com\/wp-content\/uploads\/2024\/03\/20-15-Strawberry-farms-1024x768.jpeg\" alt=\"\" width=\"450\" height=\"338\" data-mce-src=\"https:\/\/www.velomobileworld.com\/wp-content\/uploads\/2024\/03\/20-15-Strawberry-farms-1024x768.jpeg\"><\/a><\/p>\n<p style=\"text-align: left;\" data-mce-style=\"text-align: left;\"><img decoding=\"async\" class=\"emoji ls-is-cached lazyloaded\" role=\"img\" draggable=\"false\" src=\"https:\/\/s.w.org\/images\/core\/emoji\/13.1.0\/svg\/2b06.svg\" alt=\"\u2b06\ufe0f\" data-src=\"https:\/\/s.w.org\/images\/core\/emoji\/13.1.0\/svg\/2b06.svg\" data-mce-src=\"https:\/\/s.w.org\/images\/core\/emoji\/13.1.0\/svg\/2b06.svg\"> Strawberry farms \/ Erdbeerfarmen \/ Fermes de fraises<\/p>\n<p><a href=\"https:\/\/www.velomobileworld.com\/wp-content\/uploads\/2024\/03\/20-16-1024x768.jpeg\" data-mce-href=\"https:\/\/www.velomobileworld.com\/wp-content\/uploads\/2024\/03\/20-16-1024x768.jpeg\"><img loading=\"lazy\" decoding=\"async\" class=\"alignnone wp-image-40714\" src=\"https:\/\/www.velomobileworld.com\/wp-content\/uploads\/2024\/03\/20-16-1024x768.jpeg\" alt=\"\" width=\"450\" height=\"338\" data-mce-src=\"https:\/\/www.velomobileworld.com\/wp-content\/uploads\/2024\/03\/20-16-1024x768.jpeg\"><\/a> <a href=\"https:\/\/www.velomobileworld.com\/wp-content\/uploads\/2024\/03\/20-17-1024x768.jpeg\" data-mce-href=\"https:\/\/www.velomobileworld.com\/wp-content\/uploads\/2024\/03\/20-17-1024x768.jpeg\"><img loading=\"lazy\" decoding=\"async\" class=\"alignnone wp-image-40719\" src=\"https:\/\/www.velomobileworld.com\/wp-content\/uploads\/2024\/03\/20-17-1024x768.jpeg\" alt=\"\" width=\"450\" height=\"338\" data-mce-src=\"https:\/\/www.velomobileworld.com\/wp-content\/uploads\/2024\/03\/20-17-1024x768.jpeg\"><\/a> <a href=\"https:\/\/www.velomobileworld.com\/wp-content\/uploads\/2024\/03\/20-18-1024x768.jpeg\" data-mce-href=\"https:\/\/www.velomobileworld.com\/wp-content\/uploads\/2024\/03\/20-18-1024x768.jpeg\"><img loading=\"lazy\" decoding=\"async\" class=\"alignnone wp-image-40724\" src=\"https:\/\/www.velomobileworld.com\/wp-content\/uploads\/2024\/03\/20-18-1024x768.jpeg\" alt=\"\" width=\"450\" height=\"338\" data-mce-src=\"https:\/\/www.velomobileworld.com\/wp-content\/uploads\/2024\/03\/20-18-1024x768.jpeg\"><\/a> <a href=\"https:\/\/www.velomobileworld.com\/wp-content\/uploads\/2024\/03\/20-19-1024x768.jpeg\" data-mce-href=\"https:\/\/www.velomobileworld.com\/wp-content\/uploads\/2024\/03\/20-19-1024x768.jpeg\"><img loading=\"lazy\" decoding=\"async\" class=\"alignnone wp-image-40729\" src=\"https:\/\/www.velomobileworld.com\/wp-content\/uploads\/2024\/03\/20-19-1024x768.jpeg\" alt=\"\" width=\"450\" height=\"338\" data-mce-src=\"https:\/\/www.velomobileworld.com\/wp-content\/uploads\/2024\/03\/20-19-1024x768.jpeg\"><\/a> <a href=\"https:\/\/www.velomobileworld.com\/wp-content\/uploads\/2024\/03\/20-20-Path-to-look-for-the-waterfall-1024x768.jpeg\" data-mce-href=\"https:\/\/www.velomobileworld.com\/wp-content\/uploads\/2024\/03\/20-20-Path-to-look-for-the-waterfall-1024x768.jpeg\"><img loading=\"lazy\" decoding=\"async\" class=\"alignnone wp-image-40734\" src=\"https:\/\/www.velomobileworld.com\/wp-content\/uploads\/2024\/03\/20-20-Path-to-look-for-the-waterfall-1024x768.jpeg\" alt=\"\" width=\"450\" height=\"338\" data-mce-src=\"https:\/\/www.velomobileworld.com\/wp-content\/uploads\/2024\/03\/20-20-Path-to-look-for-the-waterfall-1024x768.jpeg\"><\/a><\/p>\n<p style=\"text-align: left;\" data-mce-style=\"text-align: left;\"><img decoding=\"async\" class=\"emoji ls-is-cached lazyloaded\" role=\"img\" draggable=\"false\" src=\"https:\/\/s.w.org\/images\/core\/emoji\/13.1.0\/svg\/2b06.svg\" alt=\"\u2b06\ufe0f\" data-src=\"https:\/\/s.w.org\/images\/core\/emoji\/13.1.0\/svg\/2b06.svg\" data-mce-src=\"https:\/\/s.w.org\/images\/core\/emoji\/13.1.0\/svg\/2b06.svg\"> Path to look for the waterfall \/ Pfad zur Suche nach dem Wasserfall \/ Chemin pour chercher la cascade<\/p>\n<p><a href=\"https:\/\/www.velomobileworld.com\/wp-content\/uploads\/2024\/03\/20-21-1024x768.jpeg\" data-mce-href=\"https:\/\/www.velomobileworld.com\/wp-content\/uploads\/2024\/03\/20-21-1024x768.jpeg\"><img loading=\"lazy\" decoding=\"async\" class=\"alignnone wp-image-40739\" src=\"https:\/\/www.velomobileworld.com\/wp-content\/uploads\/2024\/03\/20-21-1024x768.jpeg\" alt=\"\" width=\"450\" height=\"338\" data-mce-src=\"https:\/\/www.velomobileworld.com\/wp-content\/uploads\/2024\/03\/20-21-1024x768.jpeg\"><\/a> <a href=\"https:\/\/www.velomobileworld.com\/wp-content\/uploads\/2024\/03\/20-22-1024x718.jpeg\" data-mce-href=\"https:\/\/www.velomobileworld.com\/wp-content\/uploads\/2024\/03\/20-22-1024x718.jpeg\"><img loading=\"lazy\" decoding=\"async\" class=\"alignnone wp-image-40744\" src=\"https:\/\/www.velomobileworld.com\/wp-content\/uploads\/2024\/03\/20-22-1024x718.jpeg\" alt=\"\" width=\"450\" height=\"316\" data-mce-src=\"https:\/\/www.velomobileworld.com\/wp-content\/uploads\/2024\/03\/20-22-1024x718.jpeg\"><\/a> <a href=\"https:\/\/www.velomobileworld.com\/wp-content\/uploads\/2024\/03\/20-23-Pons-farm-for-riding-1024x768.jpeg\" data-mce-href=\"https:\/\/www.velomobileworld.com\/wp-content\/uploads\/2024\/03\/20-23-Pons-farm-for-riding-1024x768.jpeg\"><img loading=\"lazy\" decoding=\"async\" class=\"alignnone wp-image-40749\" src=\"https:\/\/www.velomobileworld.com\/wp-content\/uploads\/2024\/03\/20-23-Pons-farm-for-riding-1024x768.jpeg\" alt=\"\" width=\"450\" height=\"338\" data-mce-src=\"https:\/\/www.velomobileworld.com\/wp-content\/uploads\/2024\/03\/20-23-Pons-farm-for-riding-1024x768.jpeg\"><\/a><\/p>\n<p style=\"text-align: left;\" data-mce-style=\"text-align: left;\"><img decoding=\"async\" class=\"emoji ls-is-cached lazyloaded\" role=\"img\" draggable=\"false\" src=\"https:\/\/s.w.org\/images\/core\/emoji\/13.1.0\/svg\/2b06.svg\" alt=\"\u2b06\ufe0f\" data-src=\"https:\/\/s.w.org\/images\/core\/emoji\/13.1.0\/svg\/2b06.svg\" data-mce-src=\"https:\/\/s.w.org\/images\/core\/emoji\/13.1.0\/svg\/2b06.svg\"> Pony farm for riding \/ Ponyhof zum Reiten \/ Ferme de poneys pour l&rsquo;\u00e9quitation<\/p>\n<p><a href=\"https:\/\/www.velomobileworld.com\/wp-content\/uploads\/2024\/03\/20-24-1024x768.jpeg\" data-mce-href=\"https:\/\/www.velomobileworld.com\/wp-content\/uploads\/2024\/03\/20-24-1024x768.jpeg\"><img loading=\"lazy\" decoding=\"async\" class=\"alignnone wp-image-40754\" src=\"https:\/\/www.velomobileworld.com\/wp-content\/uploads\/2024\/03\/20-24-1024x768.jpeg\" alt=\"\" width=\"450\" height=\"338\" data-mce-src=\"https:\/\/www.velomobileworld.com\/wp-content\/uploads\/2024\/03\/20-24-1024x768.jpeg\"><\/a> <a href=\"https:\/\/www.velomobileworld.com\/wp-content\/uploads\/2024\/03\/20-25-Imbiss-1024x768.jpeg\" data-mce-href=\"https:\/\/www.velomobileworld.com\/wp-content\/uploads\/2024\/03\/20-25-Imbiss-1024x768.jpeg\"><img loading=\"lazy\" decoding=\"async\" class=\"alignnone wp-image-40759\" src=\"https:\/\/www.velomobileworld.com\/wp-content\/uploads\/2024\/03\/20-25-Imbiss-1024x768.jpeg\" alt=\"\" width=\"450\" height=\"338\" data-mce-src=\"https:\/\/www.velomobileworld.com\/wp-content\/uploads\/2024\/03\/20-25-Imbiss-1024x768.jpeg\"><\/a><\/p>\n<p style=\"text-align: left;\" data-mce-style=\"text-align: left;\"><img decoding=\"async\" class=\"emoji ls-is-cached lazyloaded\" role=\"img\" draggable=\"false\" src=\"https:\/\/s.w.org\/images\/core\/emoji\/13.1.0\/svg\/2b06.svg\" alt=\"\u2b06\ufe0f\" data-src=\"https:\/\/s.w.org\/images\/core\/emoji\/13.1.0\/svg\/2b06.svg\" data-mce-src=\"https:\/\/s.w.org\/images\/core\/emoji\/13.1.0\/svg\/2b06.svg\"> Snack \/ Imbiss \/ Collation<\/p>\n<p><a href=\"https:\/\/www.velomobileworld.com\/wp-content\/uploads\/2024\/03\/20-26-1024x768.jpeg\" data-mce-href=\"https:\/\/www.velomobileworld.com\/wp-content\/uploads\/2024\/03\/20-26-1024x768.jpeg\"><img loading=\"lazy\" decoding=\"async\" class=\"alignnone wp-image-40764\" src=\"https:\/\/www.velomobileworld.com\/wp-content\/uploads\/2024\/03\/20-26-1024x768.jpeg\" alt=\"\" width=\"450\" height=\"338\" data-mce-src=\"https:\/\/www.velomobileworld.com\/wp-content\/uploads\/2024\/03\/20-26-1024x768.jpeg\"><\/a> <a href=\"https:\/\/www.velomobileworld.com\/wp-content\/uploads\/2024\/03\/20-27-1024x768.jpeg\" data-mce-href=\"https:\/\/www.velomobileworld.com\/wp-content\/uploads\/2024\/03\/20-27-1024x768.jpeg\"><img loading=\"lazy\" decoding=\"async\" class=\"alignnone wp-image-40769\" src=\"https:\/\/www.velomobileworld.com\/wp-content\/uploads\/2024\/03\/20-27-1024x768.jpeg\" alt=\"\" width=\"450\" height=\"338\" data-mce-src=\"https:\/\/www.velomobileworld.com\/wp-content\/uploads\/2024\/03\/20-27-1024x768.jpeg\"><\/a> <a href=\"https:\/\/www.velomobileworld.com\/wp-content\/uploads\/2024\/03\/20-28-1024x768.jpeg\" data-mce-href=\"https:\/\/www.velomobileworld.com\/wp-content\/uploads\/2024\/03\/20-28-1024x768.jpeg\"><img loading=\"lazy\" decoding=\"async\" class=\"alignnone wp-image-40774\" src=\"https:\/\/www.velomobileworld.com\/wp-content\/uploads\/2024\/03\/20-28-1024x768.jpeg\" alt=\"\" width=\"450\" height=\"338\" data-mce-src=\"https:\/\/www.velomobileworld.com\/wp-content\/uploads\/2024\/03\/20-28-1024x768.jpeg\"><\/a> <a href=\"https:\/\/www.velomobileworld.com\/wp-content\/uploads\/2024\/03\/20-29-The-heights-are-near-1024x668.jpeg\" data-mce-href=\"https:\/\/www.velomobileworld.com\/wp-content\/uploads\/2024\/03\/20-29-The-heights-are-near-1024x668.jpeg\"><img loading=\"lazy\" decoding=\"async\" class=\"alignnone wp-image-40779\" src=\"https:\/\/www.velomobileworld.com\/wp-content\/uploads\/2024\/03\/20-29-The-heights-are-near-1024x668.jpeg\" alt=\"\" width=\"450\" height=\"294\" data-mce-src=\"https:\/\/www.velomobileworld.com\/wp-content\/uploads\/2024\/03\/20-29-The-heights-are-near-1024x668.jpeg\"><\/a><\/p>\n<p style=\"text-align: left;\" data-mce-style=\"text-align: left;\"><img decoding=\"async\" class=\"emoji ls-is-cached lazyloaded\" role=\"img\" draggable=\"false\" src=\"https:\/\/s.w.org\/images\/core\/emoji\/13.1.0\/svg\/2b06.svg\" alt=\"\u2b06\ufe0f\" data-src=\"https:\/\/s.w.org\/images\/core\/emoji\/13.1.0\/svg\/2b06.svg\" data-mce-src=\"https:\/\/s.w.org\/images\/core\/emoji\/13.1.0\/svg\/2b06.svg\"> The heights are near \/ Die H\u00f6hen sind nahe \/ Les hauteurs sont proches<\/p>\n<p><a href=\"https:\/\/www.velomobileworld.com\/wp-content\/uploads\/2024\/03\/20-30-Litle-ferns-1024x768.jpeg\" data-mce-href=\"https:\/\/www.velomobileworld.com\/wp-content\/uploads\/2024\/03\/20-30-Litle-ferns-1024x768.jpeg\"><img loading=\"lazy\" decoding=\"async\" class=\"alignnone wp-image-40784\" src=\"https:\/\/www.velomobileworld.com\/wp-content\/uploads\/2024\/03\/20-30-Litle-ferns-1024x768.jpeg\" alt=\"\" width=\"450\" height=\"338\" data-mce-src=\"https:\/\/www.velomobileworld.com\/wp-content\/uploads\/2024\/03\/20-30-Litle-ferns-1024x768.jpeg\"><\/a><\/p>\n<p style=\"text-align: left;\" data-mce-style=\"text-align: left;\"><img decoding=\"async\" class=\"emoji ls-is-cached lazyloaded\" role=\"img\" draggable=\"false\" src=\"https:\/\/s.w.org\/images\/core\/emoji\/13.1.0\/svg\/2b06.svg\" alt=\"\u2b06\ufe0f\" data-src=\"https:\/\/s.w.org\/images\/core\/emoji\/13.1.0\/svg\/2b06.svg\" data-mce-src=\"https:\/\/s.w.org\/images\/core\/emoji\/13.1.0\/svg\/2b06.svg\"> Little ferns \/ Kleine Farne \/ Petites foug\u00e8res<\/p>\n<p><a href=\"https:\/\/www.velomobileworld.com\/wp-content\/uploads\/2024\/03\/20-31-Search-1024x768.jpeg\" data-mce-href=\"https:\/\/www.velomobileworld.com\/wp-content\/uploads\/2024\/03\/20-31-Search-1024x768.jpeg\"><img loading=\"lazy\" decoding=\"async\" class=\"alignnone wp-image-40789\" src=\"https:\/\/www.velomobileworld.com\/wp-content\/uploads\/2024\/03\/20-31-Search-1024x768.jpeg\" alt=\"\" width=\"450\" height=\"338\" data-mce-src=\"https:\/\/www.velomobileworld.com\/wp-content\/uploads\/2024\/03\/20-31-Search-1024x768.jpeg\"><\/a><\/p>\n<p style=\"text-align: left;\" data-mce-style=\"text-align: left;\"><img decoding=\"async\" class=\"emoji ls-is-cached lazyloaded\" role=\"img\" draggable=\"false\" src=\"https:\/\/s.w.org\/images\/core\/emoji\/13.1.0\/svg\/2b06.svg\" alt=\"\u2b06\ufe0f\" data-src=\"https:\/\/s.w.org\/images\/core\/emoji\/13.1.0\/svg\/2b06.svg\" data-mce-src=\"https:\/\/s.w.org\/images\/core\/emoji\/13.1.0\/svg\/2b06.svg\"> Search \/ Suche \/ Recherche<\/p>\n<p><a href=\"https:\/\/www.velomobileworld.com\/wp-content\/uploads\/2024\/03\/20-32-Top-1024x768.jpeg\" data-mce-href=\"https:\/\/www.velomobileworld.com\/wp-content\/uploads\/2024\/03\/20-32-Top-1024x768.jpeg\"><img loading=\"lazy\" decoding=\"async\" class=\"alignnone wp-image-40794\" src=\"https:\/\/www.velomobileworld.com\/wp-content\/uploads\/2024\/03\/20-32-Top-1024x768.jpeg\" alt=\"\" width=\"450\" height=\"338\" data-mce-src=\"https:\/\/www.velomobileworld.com\/wp-content\/uploads\/2024\/03\/20-32-Top-1024x768.jpeg\"><\/a><\/p>\n<p style=\"text-align: left;\" data-mce-style=\"text-align: left;\"><img decoding=\"async\" class=\"emoji ls-is-cached lazyloaded\" role=\"img\" draggable=\"false\" src=\"https:\/\/s.w.org\/images\/core\/emoji\/13.1.0\/svg\/2b06.svg\" alt=\"\u2b06\ufe0f\" data-src=\"https:\/\/s.w.org\/images\/core\/emoji\/13.1.0\/svg\/2b06.svg\" data-mce-src=\"https:\/\/s.w.org\/images\/core\/emoji\/13.1.0\/svg\/2b06.svg\"> Top \/ Haut<\/p>\n<p><a href=\"https:\/\/www.velomobileworld.com\/wp-content\/uploads\/2024\/03\/20-33-Calm-sheeps-1024x768.jpeg\" data-mce-href=\"https:\/\/www.velomobileworld.com\/wp-content\/uploads\/2024\/03\/20-33-Calm-sheeps-1024x768.jpeg\"><img loading=\"lazy\" decoding=\"async\" class=\"alignnone wp-image-40799\" src=\"https:\/\/www.velomobileworld.com\/wp-content\/uploads\/2024\/03\/20-33-Calm-sheeps-1024x768.jpeg\" alt=\"\" width=\"450\" height=\"338\" data-mce-src=\"https:\/\/www.velomobileworld.com\/wp-content\/uploads\/2024\/03\/20-33-Calm-sheeps-1024x768.jpeg\"><\/a><\/p>\n<p style=\"text-align: left;\" data-mce-style=\"text-align: left;\"><img decoding=\"async\" class=\"emoji ls-is-cached lazyloaded\" role=\"img\" draggable=\"false\" src=\"https:\/\/s.w.org\/images\/core\/emoji\/13.1.0\/svg\/2b06.svg\" alt=\"\u2b06\ufe0f\" data-src=\"https:\/\/s.w.org\/images\/core\/emoji\/13.1.0\/svg\/2b06.svg\" data-mce-src=\"https:\/\/s.w.org\/images\/core\/emoji\/13.1.0\/svg\/2b06.svg\"> Relaxed sheep \/ Entspannte Schafe \/ Mouton d\u00e9tendu<\/p>\n<p><a href=\"https:\/\/www.velomobileworld.com\/wp-content\/uploads\/2024\/03\/20-34-1024x768.jpeg\" data-mce-href=\"https:\/\/www.velomobileworld.com\/wp-content\/uploads\/2024\/03\/20-34-1024x768.jpeg\"><img loading=\"lazy\" decoding=\"async\" class=\"alignnone wp-image-40804\" src=\"https:\/\/www.velomobileworld.com\/wp-content\/uploads\/2024\/03\/20-34-1024x768.jpeg\" alt=\"\" width=\"450\" height=\"338\" data-mce-src=\"https:\/\/www.velomobileworld.com\/wp-content\/uploads\/2024\/03\/20-34-1024x768.jpeg\"><\/a> <a href=\"https:\/\/www.velomobileworld.com\/wp-content\/uploads\/2024\/03\/20-35-Trollstiegen-downhill-1024x768.jpeg\" data-mce-href=\"https:\/\/www.velomobileworld.com\/wp-content\/uploads\/2024\/03\/20-35-Trollstiegen-downhill-1024x768.jpeg\"><img loading=\"lazy\" decoding=\"async\" class=\"alignnone wp-image-40809\" src=\"https:\/\/www.velomobileworld.com\/wp-content\/uploads\/2024\/03\/20-35-Trollstiegen-downhill-1024x768.jpeg\" alt=\"\" width=\"450\" height=\"338\" data-mce-src=\"https:\/\/www.velomobileworld.com\/wp-content\/uploads\/2024\/03\/20-35-Trollstiegen-downhill-1024x768.jpeg\"><\/a><\/p>\n<p style=\"text-align: left;\" data-mce-style=\"text-align: left;\"><img decoding=\"async\" class=\"emoji ls-is-cached lazyloaded\" role=\"img\" draggable=\"false\" src=\"https:\/\/s.w.org\/images\/core\/emoji\/13.1.0\/svg\/2b06.svg\" alt=\"\u2b06\ufe0f\" data-src=\"https:\/\/s.w.org\/images\/core\/emoji\/13.1.0\/svg\/2b06.svg\" data-mce-src=\"https:\/\/s.w.org\/images\/core\/emoji\/13.1.0\/svg\/2b06.svg\"> Trollstigen downhill \/ Trollstigen abw\u00e4rts \/ Descente de Trollstigen<\/p>\n<p><a href=\"https:\/\/www.velomobileworld.com\/wp-content\/uploads\/2024\/03\/20-36-1024x768.jpeg\" data-mce-href=\"https:\/\/www.velomobileworld.com\/wp-content\/uploads\/2024\/03\/20-36-1024x768.jpeg\"><img loading=\"lazy\" decoding=\"async\" class=\"alignnone wp-image-40814\" src=\"https:\/\/www.velomobileworld.com\/wp-content\/uploads\/2024\/03\/20-36-1024x768.jpeg\" alt=\"\" width=\"450\" height=\"338\" data-mce-src=\"https:\/\/www.velomobileworld.com\/wp-content\/uploads\/2024\/03\/20-36-1024x768.jpeg\"><\/a> <a href=\"https:\/\/www.velomobileworld.com\/wp-content\/uploads\/2024\/03\/20-37-1024x768.jpeg\" data-mce-href=\"https:\/\/www.velomobileworld.com\/wp-content\/uploads\/2024\/03\/20-37-1024x768.jpeg\"><img loading=\"lazy\" decoding=\"async\" class=\"alignnone wp-image-40819\" src=\"https:\/\/www.velomobileworld.com\/wp-content\/uploads\/2024\/03\/20-37-1024x768.jpeg\" alt=\"\" width=\"450\" height=\"338\" data-mce-src=\"https:\/\/www.velomobileworld.com\/wp-content\/uploads\/2024\/03\/20-37-1024x768.jpeg\"><\/a> <a href=\"https:\/\/www.velomobileworld.com\/wp-content\/uploads\/2024\/03\/20-38-1024x768.jpeg\" data-mce-href=\"https:\/\/www.velomobileworld.com\/wp-content\/uploads\/2024\/03\/20-38-1024x768.jpeg\"><img loading=\"lazy\" decoding=\"async\" class=\"alignnone wp-image-40824\" src=\"https:\/\/www.velomobileworld.com\/wp-content\/uploads\/2024\/03\/20-38-1024x768.jpeg\" alt=\"\" width=\"450\" height=\"338\" data-mce-src=\"https:\/\/www.velomobileworld.com\/wp-content\/uploads\/2024\/03\/20-38-1024x768.jpeg\"><\/a> <a href=\"https:\/\/www.velomobileworld.com\/wp-content\/uploads\/2024\/03\/20-39-Bridge-in-the-middle-1024x768.jpeg\" data-mce-href=\"https:\/\/www.velomobileworld.com\/wp-content\/uploads\/2024\/03\/20-39-Bridge-in-the-middle-1024x768.jpeg\"><img loading=\"lazy\" decoding=\"async\" class=\"alignnone wp-image-40829\" src=\"https:\/\/www.velomobileworld.com\/wp-content\/uploads\/2024\/03\/20-39-Bridge-in-the-middle-1024x768.jpeg\" alt=\"\" width=\"450\" height=\"338\" data-mce-src=\"https:\/\/www.velomobileworld.com\/wp-content\/uploads\/2024\/03\/20-39-Bridge-in-the-middle-1024x768.jpeg\"><\/a><\/p>\n<p style=\"text-align: left;\" data-mce-style=\"text-align: left;\"><img decoding=\"async\" class=\"emoji ls-is-cached lazyloaded\" role=\"img\" draggable=\"false\" src=\"https:\/\/s.w.org\/images\/core\/emoji\/13.1.0\/svg\/2b06.svg\" alt=\"\u2b06\ufe0f\" data-src=\"https:\/\/s.w.org\/images\/core\/emoji\/13.1.0\/svg\/2b06.svg\" data-mce-src=\"https:\/\/s.w.org\/images\/core\/emoji\/13.1.0\/svg\/2b06.svg\"> Bridge in the middle \/ Br\u00fccke in der Mitte \/ Pont au milieu<\/p>\n<p><a href=\"https:\/\/www.velomobileworld.com\/wp-content\/uploads\/2024\/03\/20-40-Andalsnes-1024x768.jpeg\" data-mce-href=\"https:\/\/www.velomobileworld.com\/wp-content\/uploads\/2024\/03\/20-40-Andalsnes-1024x768.jpeg\"><img loading=\"lazy\" decoding=\"async\" class=\"alignnone wp-image-40834\" src=\"https:\/\/www.velomobileworld.com\/wp-content\/uploads\/2024\/03\/20-40-Andalsnes-1024x768.jpeg\" alt=\"\" width=\"450\" height=\"338\" data-mce-src=\"https:\/\/www.velomobileworld.com\/wp-content\/uploads\/2024\/03\/20-40-Andalsnes-1024x768.jpeg\"><\/a><\/p>\n<p style=\"text-align: left;\" data-mce-style=\"text-align: left;\"><img decoding=\"async\" class=\"emoji ls-is-cached lazyloaded\" role=\"img\" draggable=\"false\" src=\"https:\/\/s.w.org\/images\/core\/emoji\/13.1.0\/svg\/2b06.svg\" alt=\"\u2b06\ufe0f\" data-src=\"https:\/\/s.w.org\/images\/core\/emoji\/13.1.0\/svg\/2b06.svg\" data-mce-src=\"https:\/\/s.w.org\/images\/core\/emoji\/13.1.0\/svg\/2b06.svg\"> Andalsnes<\/p>\n<p><a href=\"https:\/\/www.velomobileworld.com\/wp-content\/uploads\/2024\/03\/20-41-Coast-is-also-beautiful-1024x768.jpeg\" data-mce-href=\"https:\/\/www.velomobileworld.com\/wp-content\/uploads\/2024\/03\/20-41-Coast-is-also-beautiful-1024x768.jpeg\"><img loading=\"lazy\" decoding=\"async\" class=\"alignnone wp-image-40839\" src=\"https:\/\/www.velomobileworld.com\/wp-content\/uploads\/2024\/03\/20-41-Coast-is-also-beautiful-1024x768.jpeg\" alt=\"\" width=\"450\" height=\"338\" data-mce-src=\"https:\/\/www.velomobileworld.com\/wp-content\/uploads\/2024\/03\/20-41-Coast-is-also-beautiful-1024x768.jpeg\"><\/a><\/p>\n<p style=\"text-align: left;\" data-mce-style=\"text-align: left;\"><img decoding=\"async\" class=\"emoji ls-is-cached lazyloaded\" role=\"img\" draggable=\"false\" src=\"https:\/\/s.w.org\/images\/core\/emoji\/13.1.0\/svg\/2b06.svg\" alt=\"\u2b06\ufe0f\" data-src=\"https:\/\/s.w.org\/images\/core\/emoji\/13.1.0\/svg\/2b06.svg\" data-mce-src=\"https:\/\/s.w.org\/images\/core\/emoji\/13.1.0\/svg\/2b06.svg\"> The coast is also beautiful \/ Auch die K\u00fcste ist wundersch\u00f6n \/ La c\u00f4te est \u00e9galement magnifique<\/p>\n<p style=\"text-align: left;\" data-mce-style=\"text-align: left;\"><strong>&#8230;&#8230;&#8230;&#8230;&#8230;&#8230;&#8230;&#8230;&#8230;&#8230;&#8230;&#8230;&#8230;&#8230;&#8230;&#8230;&#8230;&#8230;<\/strong><\/p>\n<p style=\"text-align: left;\" data-mce-style=\"text-align: left;\"><a href=\"\/fr?p=6546\" target=\"_blank\" rel=\"noopener\" data-mce-href=\"https:\/\/www.velomobileworld.com\/fr\/road-trip-velomobile-35-jours-avec-brigitte-et-fritz\/\">2022 VELOMOBILE ROAD TRIP: 35 DAYS WITH BRIGITTE AND FRITZ (EN\/DE\/FR)<\/a><\/p>\n","protected":false},"excerpt":{"rendered":"<p>En route vers le Soleil de Minuit. Un voyage en v\u00e9lomobile avec Brigitte et Fritz. Allemagne &gt; Danemark &gt; Norv\u00e8ge [&hellip;]<\/p>\n","protected":false},"author":4,"featured_media":6180,"comment_status":"open","ping_status":"closed","sticky":false,"template":"","format":"standard","meta":{"_acf_changed":false,"footnotes":""},"categories":[691],"tags":[],"class_list":["post-7194","post","type-post","status-publish","format-standard","has-post-thumbnail","hentry","category-non-classifiee"],"acf":[],"yoast_head":"<!-- This site is optimized with the Yoast SEO plugin v27.5 - https:\/\/yoast.com\/product\/yoast-seo-wordpress\/ -->\n<title>En route vers le Soleil de Minuit (Jour 21) | Velomobile World<\/title>\n<meta name=\"description\" content=\"En route vers le Soleil de Minuit (Jour 21). Un nouveau voyage avec Brigitte et Fritz. D\u00e9couvrez leurs aventures. D\u00e9tails dans l`article.\" \/>\n<meta name=\"robots\" content=\"index, follow, max-snippet:-1, max-image-preview:large, max-video-preview:-1\" \/>\n<link rel=\"canonical\" href=\"https:\/\/www.velomobileworld.com\/fr\/en-route-vers-le-soleil-de-minuit-jour-21\/\" \/>\n<meta property=\"og:locale\" content=\"fr_FR\" \/>\n<meta property=\"og:type\" content=\"article\" \/>\n<meta property=\"og:title\" content=\"En route vers le Soleil de Minuit (Jour 21) | Velomobile World\" \/>\n<meta property=\"og:description\" content=\"En route vers le Soleil de Minuit (Jour 21). Un nouveau voyage avec Brigitte et Fritz. D\u00e9couvrez leurs aventures. D\u00e9tails dans l`article.\" \/>\n<meta property=\"og:url\" content=\"https:\/\/www.velomobileworld.com\/fr\/en-route-vers-le-soleil-de-minuit-jour-21\/\" \/>\n<meta property=\"og:site_name\" content=\"Velomobile World\" \/>\n<meta property=\"article:published_time\" content=\"2024-12-10T12:42:20+00:00\" \/>\n<meta property=\"article:modified_time\" content=\"2025-07-25T10:09:11+00:00\" \/>\n<meta property=\"og:image\" content=\"https:\/\/www.velomobileworld.com\/wp-content\/uploads\/2024\/12\/Midnightsun-Day-21.jpg\" \/>\n\t<meta property=\"og:image:width\" content=\"1920\" \/>\n\t<meta property=\"og:image:height\" content=\"850\" \/>\n\t<meta property=\"og:image:type\" content=\"image\/jpeg\" \/>\n<meta name=\"author\" content=\"Jan Wijnen\" \/>\n<meta name=\"twitter:card\" content=\"summary_large_image\" \/>\n<meta name=\"twitter:label1\" content=\"\u00c9crit par\" \/>\n\t<meta name=\"twitter:data1\" content=\"Jan Wijnen\" \/>\n\t<meta name=\"twitter:label2\" content=\"Dur\u00e9e de lecture estim\u00e9e\" \/>\n\t<meta name=\"twitter:data2\" content=\"3 minutes\" \/>\n<script type=\"application\/ld+json\" class=\"yoast-schema-graph\">{\"@context\":\"https:\\\/\\\/schema.org\",\"@graph\":[{\"@type\":\"Article\",\"@id\":\"https:\\\/\\\/www.velomobileworld.com\\\/fr\\\/en-route-vers-le-soleil-de-minuit-jour-21\\\/#article\",\"isPartOf\":{\"@id\":\"https:\\\/\\\/www.velomobileworld.com\\\/fr\\\/en-route-vers-le-soleil-de-minuit-jour-21\\\/\"},\"author\":{\"name\":\"Jan Wijnen\",\"@id\":\"https:\\\/\\\/www.velomobileworld.com\\\/nl\\\/#\\\/schema\\\/person\\\/c0c7c661ad3c8719ed05a7dc85d6fa12\"},\"headline\":\"En route vers le Soleil de Minuit (Jour 21)\",\"datePublished\":\"2024-12-10T12:42:20+00:00\",\"dateModified\":\"2025-07-25T10:09:11+00:00\",\"mainEntityOfPage\":{\"@id\":\"https:\\\/\\\/www.velomobileworld.com\\\/fr\\\/en-route-vers-le-soleil-de-minuit-jour-21\\\/\"},\"wordCount\":645,\"commentCount\":0,\"image\":{\"@id\":\"https:\\\/\\\/www.velomobileworld.com\\\/fr\\\/en-route-vers-le-soleil-de-minuit-jour-21\\\/#primaryimage\"},\"thumbnailUrl\":\"https:\\\/\\\/www.velomobileworld.com\\\/wp-content\\\/uploads\\\/2024\\\/12\\\/Midnightsun-Day-21.jpg\",\"articleSection\":[\"Non classifi\u00e9(e)\"],\"inLanguage\":\"fr-FR\",\"potentialAction\":[{\"@type\":\"CommentAction\",\"name\":\"Comment\",\"target\":[\"https:\\\/\\\/www.velomobileworld.com\\\/fr\\\/en-route-vers-le-soleil-de-minuit-jour-21\\\/#respond\"]}]},{\"@type\":\"WebPage\",\"@id\":\"https:\\\/\\\/www.velomobileworld.com\\\/fr\\\/en-route-vers-le-soleil-de-minuit-jour-21\\\/\",\"url\":\"https:\\\/\\\/www.velomobileworld.com\\\/fr\\\/en-route-vers-le-soleil-de-minuit-jour-21\\\/\",\"name\":\"En route vers le Soleil de Minuit (Jour 21) | Velomobile World\",\"isPartOf\":{\"@id\":\"https:\\\/\\\/www.velomobileworld.com\\\/nl\\\/#website\"},\"primaryImageOfPage\":{\"@id\":\"https:\\\/\\\/www.velomobileworld.com\\\/fr\\\/en-route-vers-le-soleil-de-minuit-jour-21\\\/#primaryimage\"},\"image\":{\"@id\":\"https:\\\/\\\/www.velomobileworld.com\\\/fr\\\/en-route-vers-le-soleil-de-minuit-jour-21\\\/#primaryimage\"},\"thumbnailUrl\":\"https:\\\/\\\/www.velomobileworld.com\\\/wp-content\\\/uploads\\\/2024\\\/12\\\/Midnightsun-Day-21.jpg\",\"datePublished\":\"2024-12-10T12:42:20+00:00\",\"dateModified\":\"2025-07-25T10:09:11+00:00\",\"author\":{\"@id\":\"https:\\\/\\\/www.velomobileworld.com\\\/nl\\\/#\\\/schema\\\/person\\\/c0c7c661ad3c8719ed05a7dc85d6fa12\"},\"description\":\"En route vers le Soleil de Minuit (Jour 21). Un nouveau voyage avec Brigitte et Fritz. D\u00e9couvrez leurs aventures. D\u00e9tails dans l`article.\",\"breadcrumb\":{\"@id\":\"https:\\\/\\\/www.velomobileworld.com\\\/fr\\\/en-route-vers-le-soleil-de-minuit-jour-21\\\/#breadcrumb\"},\"inLanguage\":\"fr-FR\",\"potentialAction\":[{\"@type\":\"ReadAction\",\"target\":[\"https:\\\/\\\/www.velomobileworld.com\\\/fr\\\/en-route-vers-le-soleil-de-minuit-jour-21\\\/\"]}]},{\"@type\":\"ImageObject\",\"inLanguage\":\"fr-FR\",\"@id\":\"https:\\\/\\\/www.velomobileworld.com\\\/fr\\\/en-route-vers-le-soleil-de-minuit-jour-21\\\/#primaryimage\",\"url\":\"https:\\\/\\\/www.velomobileworld.com\\\/wp-content\\\/uploads\\\/2024\\\/12\\\/Midnightsun-Day-21.jpg\",\"contentUrl\":\"https:\\\/\\\/www.velomobileworld.com\\\/wp-content\\\/uploads\\\/2024\\\/12\\\/Midnightsun-Day-21.jpg\",\"width\":1920,\"height\":850,\"caption\":\"xr:d:DAF-9RC9tuI:3,j:7521432446312635710,t:24030821\"},{\"@type\":\"BreadcrumbList\",\"@id\":\"https:\\\/\\\/www.velomobileworld.com\\\/fr\\\/en-route-vers-le-soleil-de-minuit-jour-21\\\/#breadcrumb\",\"itemListElement\":[{\"@type\":\"ListItem\",\"position\":1,\"name\":\"Home\",\"item\":\"https:\\\/\\\/www.velomobileworld.com\\\/fr\\\/\"},{\"@type\":\"ListItem\",\"position\":2,\"name\":\"En route vers le Soleil de Minuit (Jour 21)\"}]},{\"@type\":\"WebSite\",\"@id\":\"https:\\\/\\\/www.velomobileworld.com\\\/nl\\\/#website\",\"url\":\"https:\\\/\\\/www.velomobileworld.com\\\/nl\\\/\",\"name\":\"Velomobile World\",\"description\":\"\",\"potentialAction\":[{\"@type\":\"SearchAction\",\"target\":{\"@type\":\"EntryPoint\",\"urlTemplate\":\"https:\\\/\\\/www.velomobileworld.com\\\/nl\\\/?s={search_term_string}\"},\"query-input\":{\"@type\":\"PropertyValueSpecification\",\"valueRequired\":true,\"valueName\":\"search_term_string\"}}],\"inLanguage\":\"fr-FR\"},{\"@type\":\"Person\",\"@id\":\"https:\\\/\\\/www.velomobileworld.com\\\/nl\\\/#\\\/schema\\\/person\\\/c0c7c661ad3c8719ed05a7dc85d6fa12\",\"name\":\"Jan Wijnen\",\"image\":{\"@type\":\"ImageObject\",\"inLanguage\":\"fr-FR\",\"@id\":\"https:\\\/\\\/secure.gravatar.com\\\/avatar\\\/4802c8a6006d5895d73a1141e39ccf819bca7ec1dbfb26a6f4370880cefa109a?s=96&d=mm&r=g\",\"url\":\"https:\\\/\\\/secure.gravatar.com\\\/avatar\\\/4802c8a6006d5895d73a1141e39ccf819bca7ec1dbfb26a6f4370880cefa109a?s=96&d=mm&r=g\",\"contentUrl\":\"https:\\\/\\\/secure.gravatar.com\\\/avatar\\\/4802c8a6006d5895d73a1141e39ccf819bca7ec1dbfb26a6f4370880cefa109a?s=96&d=mm&r=g\",\"caption\":\"Jan Wijnen\"},\"url\":\"https:\\\/\\\/www.velomobileworld.com\\\/fr\\\/author\\\/jan-admin\\\/\"}]}<\/script>\n<!-- \/ Yoast SEO plugin. -->","yoast_head_json":{"title":"En route vers le Soleil de Minuit (Jour 21) | Velomobile World","description":"En route vers le Soleil de Minuit (Jour 21). Un nouveau voyage avec Brigitte et Fritz. D\u00e9couvrez leurs aventures. D\u00e9tails dans l`article.","robots":{"index":"index","follow":"follow","max-snippet":"max-snippet:-1","max-image-preview":"max-image-preview:large","max-video-preview":"max-video-preview:-1"},"canonical":"https:\/\/www.velomobileworld.com\/fr\/en-route-vers-le-soleil-de-minuit-jour-21\/","og_locale":"fr_FR","og_type":"article","og_title":"En route vers le Soleil de Minuit (Jour 21) | Velomobile World","og_description":"En route vers le Soleil de Minuit (Jour 21). Un nouveau voyage avec Brigitte et Fritz. D\u00e9couvrez leurs aventures. D\u00e9tails dans l`article.","og_url":"https:\/\/www.velomobileworld.com\/fr\/en-route-vers-le-soleil-de-minuit-jour-21\/","og_site_name":"Velomobile World","article_published_time":"2024-12-10T12:42:20+00:00","article_modified_time":"2025-07-25T10:09:11+00:00","og_image":[{"width":1920,"height":850,"url":"https:\/\/www.velomobileworld.com\/wp-content\/uploads\/2024\/12\/Midnightsun-Day-21.jpg","type":"image\/jpeg"}],"author":"Jan Wijnen","twitter_card":"summary_large_image","twitter_misc":{"\u00c9crit par":"Jan Wijnen","Dur\u00e9e de lecture estim\u00e9e":"3 minutes"},"schema":{"@context":"https:\/\/schema.org","@graph":[{"@type":"Article","@id":"https:\/\/www.velomobileworld.com\/fr\/en-route-vers-le-soleil-de-minuit-jour-21\/#article","isPartOf":{"@id":"https:\/\/www.velomobileworld.com\/fr\/en-route-vers-le-soleil-de-minuit-jour-21\/"},"author":{"name":"Jan Wijnen","@id":"https:\/\/www.velomobileworld.com\/nl\/#\/schema\/person\/c0c7c661ad3c8719ed05a7dc85d6fa12"},"headline":"En route vers le Soleil de Minuit (Jour 21)","datePublished":"2024-12-10T12:42:20+00:00","dateModified":"2025-07-25T10:09:11+00:00","mainEntityOfPage":{"@id":"https:\/\/www.velomobileworld.com\/fr\/en-route-vers-le-soleil-de-minuit-jour-21\/"},"wordCount":645,"commentCount":0,"image":{"@id":"https:\/\/www.velomobileworld.com\/fr\/en-route-vers-le-soleil-de-minuit-jour-21\/#primaryimage"},"thumbnailUrl":"https:\/\/www.velomobileworld.com\/wp-content\/uploads\/2024\/12\/Midnightsun-Day-21.jpg","articleSection":["Non classifi\u00e9(e)"],"inLanguage":"fr-FR","potentialAction":[{"@type":"CommentAction","name":"Comment","target":["https:\/\/www.velomobileworld.com\/fr\/en-route-vers-le-soleil-de-minuit-jour-21\/#respond"]}]},{"@type":"WebPage","@id":"https:\/\/www.velomobileworld.com\/fr\/en-route-vers-le-soleil-de-minuit-jour-21\/","url":"https:\/\/www.velomobileworld.com\/fr\/en-route-vers-le-soleil-de-minuit-jour-21\/","name":"En route vers le Soleil de Minuit (Jour 21) | Velomobile World","isPartOf":{"@id":"https:\/\/www.velomobileworld.com\/nl\/#website"},"primaryImageOfPage":{"@id":"https:\/\/www.velomobileworld.com\/fr\/en-route-vers-le-soleil-de-minuit-jour-21\/#primaryimage"},"image":{"@id":"https:\/\/www.velomobileworld.com\/fr\/en-route-vers-le-soleil-de-minuit-jour-21\/#primaryimage"},"thumbnailUrl":"https:\/\/www.velomobileworld.com\/wp-content\/uploads\/2024\/12\/Midnightsun-Day-21.jpg","datePublished":"2024-12-10T12:42:20+00:00","dateModified":"2025-07-25T10:09:11+00:00","author":{"@id":"https:\/\/www.velomobileworld.com\/nl\/#\/schema\/person\/c0c7c661ad3c8719ed05a7dc85d6fa12"},"description":"En route vers le Soleil de Minuit (Jour 21). Un nouveau voyage avec Brigitte et Fritz. D\u00e9couvrez leurs aventures. D\u00e9tails dans l`article.","breadcrumb":{"@id":"https:\/\/www.velomobileworld.com\/fr\/en-route-vers-le-soleil-de-minuit-jour-21\/#breadcrumb"},"inLanguage":"fr-FR","potentialAction":[{"@type":"ReadAction","target":["https:\/\/www.velomobileworld.com\/fr\/en-route-vers-le-soleil-de-minuit-jour-21\/"]}]},{"@type":"ImageObject","inLanguage":"fr-FR","@id":"https:\/\/www.velomobileworld.com\/fr\/en-route-vers-le-soleil-de-minuit-jour-21\/#primaryimage","url":"https:\/\/www.velomobileworld.com\/wp-content\/uploads\/2024\/12\/Midnightsun-Day-21.jpg","contentUrl":"https:\/\/www.velomobileworld.com\/wp-content\/uploads\/2024\/12\/Midnightsun-Day-21.jpg","width":1920,"height":850,"caption":"xr:d:DAF-9RC9tuI:3,j:7521432446312635710,t:24030821"},{"@type":"BreadcrumbList","@id":"https:\/\/www.velomobileworld.com\/fr\/en-route-vers-le-soleil-de-minuit-jour-21\/#breadcrumb","itemListElement":[{"@type":"ListItem","position":1,"name":"Home","item":"https:\/\/www.velomobileworld.com\/fr\/"},{"@type":"ListItem","position":2,"name":"En route vers le Soleil de Minuit (Jour 21)"}]},{"@type":"WebSite","@id":"https:\/\/www.velomobileworld.com\/nl\/#website","url":"https:\/\/www.velomobileworld.com\/nl\/","name":"Velomobile World","description":"","potentialAction":[{"@type":"SearchAction","target":{"@type":"EntryPoint","urlTemplate":"https:\/\/www.velomobileworld.com\/nl\/?s={search_term_string}"},"query-input":{"@type":"PropertyValueSpecification","valueRequired":true,"valueName":"search_term_string"}}],"inLanguage":"fr-FR"},{"@type":"Person","@id":"https:\/\/www.velomobileworld.com\/nl\/#\/schema\/person\/c0c7c661ad3c8719ed05a7dc85d6fa12","name":"Jan Wijnen","image":{"@type":"ImageObject","inLanguage":"fr-FR","@id":"https:\/\/secure.gravatar.com\/avatar\/4802c8a6006d5895d73a1141e39ccf819bca7ec1dbfb26a6f4370880cefa109a?s=96&d=mm&r=g","url":"https:\/\/secure.gravatar.com\/avatar\/4802c8a6006d5895d73a1141e39ccf819bca7ec1dbfb26a6f4370880cefa109a?s=96&d=mm&r=g","contentUrl":"https:\/\/secure.gravatar.com\/avatar\/4802c8a6006d5895d73a1141e39ccf819bca7ec1dbfb26a6f4370880cefa109a?s=96&d=mm&r=g","caption":"Jan Wijnen"},"url":"https:\/\/www.velomobileworld.com\/fr\/author\/jan-admin\/"}]}},"_links":{"self":[{"href":"https:\/\/www.velomobileworld.com\/fr\/wp-json\/wp\/v2\/posts\/7194","targetHints":{"allow":["GET"]}}],"collection":[{"href":"https:\/\/www.velomobileworld.com\/fr\/wp-json\/wp\/v2\/posts"}],"about":[{"href":"https:\/\/www.velomobileworld.com\/fr\/wp-json\/wp\/v2\/types\/post"}],"author":[{"embeddable":true,"href":"https:\/\/www.velomobileworld.com\/fr\/wp-json\/wp\/v2\/users\/4"}],"replies":[{"embeddable":true,"href":"https:\/\/www.velomobileworld.com\/fr\/wp-json\/wp\/v2\/comments?post=7194"}],"version-history":[{"count":1,"href":"https:\/\/www.velomobileworld.com\/fr\/wp-json\/wp\/v2\/posts\/7194\/revisions"}],"predecessor-version":[{"id":100558,"href":"https:\/\/www.velomobileworld.com\/fr\/wp-json\/wp\/v2\/posts\/7194\/revisions\/100558"}],"wp:featuredmedia":[{"embeddable":true,"href":"https:\/\/www.velomobileworld.com\/fr\/wp-json\/wp\/v2\/media\/6180"}],"wp:attachment":[{"href":"https:\/\/www.velomobileworld.com\/fr\/wp-json\/wp\/v2\/media?parent=7194"}],"wp:term":[{"taxonomy":"category","embeddable":true,"href":"https:\/\/www.velomobileworld.com\/fr\/wp-json\/wp\/v2\/categories?post=7194"},{"taxonomy":"post_tag","embeddable":true,"href":"https:\/\/www.velomobileworld.com\/fr\/wp-json\/wp\/v2\/tags?post=7194"}],"curies":[{"name":"wp","href":"https:\/\/api.w.org\/{rel}","templated":true}]}}