{"id":7198,"date":"2024-12-10T13:54:11","date_gmt":"2024-12-10T12:54:11","guid":{"rendered":"https:\/\/velomobileworld.convident.dev\/en-route-vers-le-soleil-de-minuit-jour-23\/"},"modified":"2025-07-25T12:09:11","modified_gmt":"2025-07-25T10:09:11","slug":"en-route-vers-le-soleil-de-minuit-jour-23","status":"publish","type":"post","link":"https:\/\/www.velomobileworld.com\/fr\/en-route-vers-le-soleil-de-minuit-jour-23\/","title":{"rendered":"En route vers le Soleil de Minuit (Jour 23)"},"content":{"rendered":"<p>&lt;p style=\u00a0\u00bbtext-align: left;\u00a0\u00bb&gt;&lt;span style=\u00a0\u00bbcolor: #ff0000;\u00a0\u00bb&gt;&lt;strong&gt;En route vers le Soleil de Minuit. Un voyage en v\u00e9lomobile avec Brigitte et Fritz.&lt;\/strong&gt;&lt;\/span&gt;&lt;\/p&gt;<br \/>\n&lt;p style=\u00a0\u00bbtext-align: left;\u00a0\u00bb&gt;&lt;strong&gt;Allemagne &amp;gt; Danemark &amp;gt; Norv\u00e8ge &amp;gt; Cap Nord (Nordkapp) &amp;gt; Finlande &amp;gt; Allemagne&lt;\/strong&gt;&lt;\/p&gt;<br \/>\n&lt;p style=\u00a0\u00bbtext-align: left;\u00a0\u00bb&gt;&lt;strong&gt;&#8212;&#8212;&#8212;&#8212;&#8212;&#8212;&#8212;&#8212;&#8212;&#8212;&#8211;&lt;\/strong&gt;&lt;\/p&gt;<br \/>\n&lt;p style=\u00a0\u00bbtext-align: left;\u00a0\u00bb&gt;D\u00e9couvrez\u00a0&lt;a href=\u00a0\u00bbhttps:\/\/www.velomobileworld.com\/a-velomobile-trip-heading-to-the-midnight-sun-all-the-days\/\u00a0\u00bb target=\u00a0\u00bb_blank\u00a0\u00bb rel=\u00a0\u00bbnoopener\u00a0\u00bb&gt;ICI&lt;\/a&gt;\u00a0Toutes les Journ\u00e9es du Voyage \u00ab\u00a0En route vers le Soleil de Minuit\u00a0\u00bb&lt;\/p&gt;<br \/>\n&lt;p style=\u00a0\u00bbtext-align: left;\u00a0\u00bb&gt;&lt;strong&gt;&#8212;&#8212;&#8212;&#8212;&#8212;&#8212;&#8212;&#8212;&#8212;&#8212;&#8211;&lt;\/strong&gt;&lt;\/p&gt;<br \/>\n&amp;nbsp;<br \/>\n&lt;p style=\u00a0\u00bbtext-align: left;\u00a0\u00bb&gt;&lt;strong&gt;Jour 23 | Vals\u00f8ya &#8211; St\u00f8rsand&lt;\/strong&gt;&lt;\/p&gt;<br \/>\n&amp;nbsp;<br \/>\n&lt;p style=\u00a0\u00bbtext-align: left;\u00a0\u00bb&gt;Apr\u00e8s avoir pris place dans la cuisine chaude, nous avons finalement rejoint notre tente, rassasi\u00e9s et hydrat\u00e9s. J&rsquo;ai tr\u00e8s bien dormi tout de suite et j&rsquo;ai \u00e9t\u00e9 r\u00e9veill\u00e9 \u00e0 trois heures par un vent violent avec des rafales de plus en plus fortes. La pluie sur la tente me fait bien dormir, tandis que Biggi peut rester \u00e9veill\u00e9. Le pied de la tente \u00e9tait un peu en dessous de l&rsquo;arbre, j&rsquo;ai donc v\u00e9rifi\u00e9 \u00e0 nouveau pour m&rsquo;assurer que rien ne pouvait arriver. Les v\u00e9lomobiles \u00e9taient juste \u00e0 c\u00f4t\u00e9 de la cuisine et ne bougeaient pas.<br \/>\nEn fait, on nous avait attribu\u00e9 un emplacement de tente inacceptable, juste \u00e0 c\u00f4t\u00e9 du grand conteneur \u00e0 ordures. De plus, il \u00e9tait sur\u00e9lev\u00e9 et compl\u00e8tement expos\u00e9 au vent. Nous nous \u00e9tions tranquillement positionn\u00e9s juste devant la cuisine chaude et \u00e0 l&rsquo;abri du vent. Apr\u00e8s la nuit orageuse, nous avons parcouru les quelques m\u00e8tres qui nous s\u00e9paraient de la cuisine le matin et nous avons pr\u00e9par\u00e9 le petit-d\u00e9jeuner. Ensuite, j&rsquo;ai coll\u00e9 la barre sur le joint universel. Jusqu&rsquo;\u00e0 pr\u00e9sent, il tient bien. Je suis confiant.<br \/>\nSeule la tente a \u00e9t\u00e9 mouill\u00e9e aujourd&rsquo;hui. Le reste a \u00e9t\u00e9 pr\u00e9par\u00e9 dans la cuisine et s\u00e9ch\u00e9 dans le s\u00e8che-linge. Cheeting. D&rsquo;apr\u00e8s les pr\u00e9visions, nous nous attendions \u00e0 de la pluie. Mais elle n&rsquo;est pas venue.&lt;\/p&gt;<br \/>\n&amp;nbsp;<br \/>\n&lt;p style=\u00a0\u00bbtext-align: left;\u00a0\u00bb&gt;Nous pouvions rouler assez vite compte tenu des conditions. Des mont\u00e9es et des descentes, mais souvent l&rsquo;\u00e9lan \u00e9tait suffisant pour la prochaine mont\u00e9e \u00e0 plat. Les montagnes et la mer \u00e9taient souvent couvertes de nuages. Mais tout \u00e9tait parfait, sauf la pluie.&lt;\/p&gt;<br \/>\n&amp;nbsp;<br \/>\n&lt;p style=\u00a0\u00bbtext-align: left;\u00a0\u00bb&gt;Une longue mont\u00e9e \u00e0 plat dans la commune des orcs. Une descente incroyablement longue. Entre les deux, une petite averse.<br \/>\nPause d\u00e9jeuner au Kafe Dromedar \u00e0 ORKanger. J&rsquo;avais d\u00e9j\u00e0 mentionn\u00e9 que les orcs cherchaient un partenaire.<br \/>\nBiggi avait r\u00e9serv\u00e9 une cabane en pr\u00e9vision du mauvais temps cette fois-ci.&lt;\/p&gt;<br \/>\n&amp;nbsp;<br \/>\n&lt;p style=\u00a0\u00bbtext-align: left;\u00a0\u00bb&gt;Une route secondaire tranquille relie Orkanger \u00e0 Trondheim. Tr\u00e8s agr\u00e9able \u00e0 conduire. Maison typique d&rsquo;Ork.&lt;\/p&gt;<br \/>\n&amp;nbsp;<br \/>\n&lt;p style=\u00a0\u00bbtext-align: left;\u00a0\u00bb&gt;L&#8217;emplacement du fjord est bon, je dirais.&lt;\/p&gt;<br \/>\n&amp;nbsp;<br \/>\n&lt;p style=\u00a0\u00bbtext-align: left;\u00a0\u00bb&gt;Quelques cyclistes sont venus \u00e0 notre rencontre.&lt;\/p&gt;<br \/>\n&amp;nbsp;<br \/>\n&lt;p style=\u00a0\u00bbtext-align: left;\u00a0\u00bb&gt;A Trondheim, j&rsquo;ai cherch\u00e9 un magasin de v\u00e9los. Les boulons des plateaux de l&rsquo;Alpha vert n&rsquo;\u00e9taient pas de la meilleure longueur. L&rsquo;un d&rsquo;eux s&rsquo;\u00e9tait d\u00e9tach\u00e9 il y a deux jours et ne tenait plus correctement. \u00ab\u00a0Trondheim Sykkelservice\u00a0\u00bb fait bonne impression et le patron est tr\u00e8s comp\u00e9tent. Ils ont tout de suite su ce que nous utilisions. Seules les manivelles de @TitanWolf lui ont paru douteuses, car elles ne pouvaient pas \u00eatre manipul\u00e9es avec un extracteur normal. Mais nous ne les avons pas laiss\u00e9s s&rsquo;en tirer \u00e0 si bon compte. Apr\u00e8s une heure de bricolage, nous sommes repartis. J&rsquo;\u00e9tais un peu vex\u00e9 qu&rsquo;ils ne semblent pas s&rsquo;int\u00e9resser \u00e0 nos VM. Mais pas d&rsquo;id\u00e9e ou de jaloux. Ou du moins, il y en a un qui vient tous les jours.&lt;\/p&gt;<br \/>\n&amp;nbsp;<br \/>\n&lt;p style=\u00a0\u00bbtext-align: left;\u00a0\u00bb&gt;Malheureusement, nous n&rsquo;avons pas vu grand-chose de la ville.&lt;\/p&gt;<br \/>\n&amp;nbsp;<br \/>\n&lt;p style=\u00a0\u00bbtext-align: left;\u00a0\u00bb&gt;La cath\u00e9drale et quelques petites maisons typiques. En tout cas, les vis sont en bon \u00e9tat maintenant. Cela vaut aussi la peine.&lt;\/p&gt;<br \/>\n&lt;p style=\u00a0\u00bbtext-align: left;\u00a0\u00bb&gt;&lt;strong&gt;&#8230;&#8230;&#8230;&#8230;&#8230;&#8230;&#8230;&#8230;&#8230;&#8230;&#8230;&#8230;&#8230;&#8230;&#8230;&#8230;&#8230;&#8230;&lt;\/strong&gt;&lt;\/p&gt;<br \/>\n&lt;a href=\u00a0\u00bbhttps:\/\/store.velomobileworld.com\/?utm_source=Banner_US_Canada_Worldwide&amp;amp;utm_medium=Article&amp;amp;utm_campaign=Blog\u00a0\u00bb target=\u00a0\u00bb_blank\u00a0\u00bb rel=\u00a0\u00bbnoopener\u00a0\u00bb&gt;&lt;img class=\u00a0\u00bbalignnone wp-image-24840 lazyloaded\u00a0\u00bb src=\u00a0\u00bbhttps:\/\/www.velomobileworld.com\/wp-content\/uploads\/2023\/07\/1-usa-canada-worldwide.png\u00a0\u00bb alt=\u00a0\u00bb\u00a0\u00bb width=\u00a0\u00bb450&Prime; height=\u00a0\u00bb74&Prime; data-src=\u00a0\u00bbhttps:\/\/www.velomobileworld.com\/wp-content\/uploads\/2023\/07\/1-usa-canada-worldwide.png\u00a0\u00bb \/&gt;&lt;\/a&gt;\u00a0&lt;a href=\u00a0\u00bbhttps:\/\/www.velomobileworld.com\/?product_tag=velomobiles&amp;amp;utm_source=Banner_EU&amp;amp;utm_medium=Article&amp;amp;utm_campaign=Blog\u00a0\u00bb target=\u00a0\u00bb_blank\u00a0\u00bb rel=\u00a0\u00bbnoopener\u00a0\u00bb&gt;&lt;img class=\u00a0\u00bbalignnone wp-image-24845 ls-is-cached lazyloaded\u00a0\u00bb src=\u00a0\u00bbhttps:\/\/www.velomobileworld.com\/wp-content\/uploads\/2023\/07\/2-european-union.png\u00a0\u00bb alt=\u00a0\u00bb\u00a0\u00bb width=\u00a0\u00bb449&Prime; height=\u00a0\u00bb74&Prime; data-src=\u00a0\u00bbhttps:\/\/www.velomobileworld.com\/wp-content\/uploads\/2023\/07\/2-european-union.png\u00a0\u00bb \/&gt;&lt;\/a&gt;<br \/>\n&lt;p style=\u00a0\u00bbtext-align: left;\u00a0\u00bb&gt;&lt;strong&gt;&#8230;&#8230;&#8230;&#8230;&#8230;&#8230;&#8230;&#8230;&#8230;&#8230;&#8230;&#8230;&#8230;&#8230;&#8230;&#8230;&#8230;&#8230;&lt;\/strong&gt;&lt;\/p&gt;<br \/>\n&lt;a href=\u00a0\u00bbhttps:\/\/www.velomobileworld.com\/wp-content\/uploads\/2024\/03\/23-map-1-614&#215;1024.jpeg\u00a0\u00bb&gt;&lt;img class=\u00a0\u00bbalignnone wp-image-41126&Prime; src=\u00a0\u00bbhttps:\/\/www.velomobileworld.com\/wp-content\/uploads\/2024\/03\/23-map-1-614&#215;1024.jpeg\u00a0\u00bb alt=\u00a0\u00bb\u00a0\u00bb width=\u00a0\u00bb450&Prime; height=\u00a0\u00bb750&Prime; \/&gt;&lt;\/a&gt;<\/p>\n<p>&lt;a href=\u00a0\u00bbhttps:\/\/www.velomobileworld.com\/wp-content\/uploads\/2024\/03\/23-map-2-991&#215;1024.jpeg\u00a0\u00bb&gt;&lt;img class=\u00a0\u00bbalignnone wp-image-41131&Prime; src=\u00a0\u00bbhttps:\/\/www.velomobileworld.com\/wp-content\/uploads\/2024\/03\/23-map-2-991&#215;1024.jpeg\u00a0\u00bb alt=\u00a0\u00bb\u00a0\u00bb width=\u00a0\u00bb450&Prime; height=\u00a0\u00bb465&Prime; \/&gt;&lt;\/a&gt;<\/p>\n<p>&lt;a href=\u00a0\u00bbhttps:\/\/www.velomobileworld.com\/wp-content\/uploads\/2024\/03\/23-1-Tiller-repairs-1024&#215;768.jpeg\u00a0\u00bb&gt;&lt;img class=\u00a0\u00bbalignnone wp-image-41136&Prime; src=\u00a0\u00bbhttps:\/\/www.velomobileworld.com\/wp-content\/uploads\/2024\/03\/23-1-Tiller-repairs-1024&#215;768.jpeg\u00a0\u00bb alt=\u00a0\u00bb\u00a0\u00bb width=\u00a0\u00bb450&Prime; height=\u00a0\u00bb338&Prime; \/&gt;&lt;\/a&gt;<br \/>\n&lt;p style=\u00a0\u00bbtext-align: left;\u00a0\u00bb&gt;&lt;img class=\u00a0\u00bbemoji ls-is-cached lazyloaded\u00a0\u00bb role=\u00a0\u00bbimg\u00a0\u00bb draggable=\u00a0\u00bbfalse\u00a0\u00bb src=\u00a0\u00bbhttps:\/\/s.w.org\/images\/core\/emoji\/13.1.0\/svg\/2b06.svg\u00a0\u00bb alt=\u00a0\u00bb\u2b06\ufe0f\u00a0\u00bb data-src=\u00a0\u00bbhttps:\/\/s.w.org\/images\/core\/emoji\/13.1.0\/svg\/2b06.svg\u00a0\u00bb \/&gt; Tiller repairs \/ Pinnenreparaturen\u00a0\/ R\u00e9paration du timon&lt;\/p&gt;<br \/>\n&lt;a href=\u00a0\u00bbhttps:\/\/www.velomobileworld.com\/wp-content\/uploads\/2024\/03\/23-2-Good-weather-dry-1024&#215;768.jpeg\u00a0\u00bb&gt;&lt;img class=\u00a0\u00bbalignnone wp-image-41141&Prime; src=\u00a0\u00bbhttps:\/\/www.velomobileworld.com\/wp-content\/uploads\/2024\/03\/23-2-Good-weather-dry-1024&#215;768.jpeg\u00a0\u00bb alt=\u00a0\u00bb\u00a0\u00bb width=\u00a0\u00bb450&Prime; height=\u00a0\u00bb338&Prime; \/&gt;&lt;\/a&gt;<br \/>\n&lt;p style=\u00a0\u00bbtext-align: left;\u00a0\u00bb&gt;&lt;img class=\u00a0\u00bbemoji ls-is-cached lazyloaded\u00a0\u00bb role=\u00a0\u00bbimg\u00a0\u00bb draggable=\u00a0\u00bbfalse\u00a0\u00bb src=\u00a0\u00bbhttps:\/\/s.w.org\/images\/core\/emoji\/13.1.0\/svg\/2b06.svg\u00a0\u00bb alt=\u00a0\u00bb\u2b06\ufe0f\u00a0\u00bb data-src=\u00a0\u00bbhttps:\/\/s.w.org\/images\/core\/emoji\/13.1.0\/svg\/2b06.svg\u00a0\u00bb \/&gt; Good weather &#8211; dry \/ Gutes Wetter &#8211; trocken \/ Beau temps &#8211; sec&lt;\/p&gt;<br \/>\n&lt;a href=\u00a0\u00bbhttps:\/\/www.velomobileworld.com\/wp-content\/uploads\/2024\/03\/23-3-Fjord-and-Mountains-in-fog-1024&#215;662.jpeg\u00a0\u00bb&gt;&lt;img class=\u00a0\u00bbalignnone wp-image-41146&Prime; src=\u00a0\u00bbhttps:\/\/www.velomobileworld.com\/wp-content\/uploads\/2024\/03\/23-3-Fjord-and-Mountains-in-fog-1024&#215;662.jpeg\u00a0\u00bb alt=\u00a0\u00bb\u00a0\u00bb width=\u00a0\u00bb450&Prime; height=\u00a0\u00bb291&Prime; \/&gt;&lt;\/a&gt;<br \/>\n&lt;p style=\u00a0\u00bbtext-align: left;\u00a0\u00bb&gt;&lt;img class=\u00a0\u00bbemoji ls-is-cached lazyloaded\u00a0\u00bb role=\u00a0\u00bbimg\u00a0\u00bb draggable=\u00a0\u00bbfalse\u00a0\u00bb src=\u00a0\u00bbhttps:\/\/s.w.org\/images\/core\/emoji\/13.1.0\/svg\/2b06.svg\u00a0\u00bb alt=\u00a0\u00bb\u2b06\ufe0f\u00a0\u00bb data-src=\u00a0\u00bbhttps:\/\/s.w.org\/images\/core\/emoji\/13.1.0\/svg\/2b06.svg\u00a0\u00bb \/&gt; Fjord and Mountains in fog \/ Fjord und Berge im Nebel \/ Fjord et montagnes dans le brouillard&lt;\/p&gt;<br \/>\n&lt;a href=\u00a0\u00bbhttps:\/\/www.velomobileworld.com\/wp-content\/uploads\/2024\/03\/23-4-1024&#215;579.jpeg\u00a0\u00bb&gt;&lt;img class=\u00a0\u00bbalignnone wp-image-41151&Prime; src=\u00a0\u00bbhttps:\/\/www.velomobileworld.com\/wp-content\/uploads\/2024\/03\/23-4-1024&#215;579.jpeg\u00a0\u00bb alt=\u00a0\u00bb\u00a0\u00bb width=\u00a0\u00bb450&Prime; height=\u00a0\u00bb254&Prime; \/&gt;&lt;\/a&gt; &lt;a href=\u00a0\u00bbhttps:\/\/www.velomobileworld.com\/wp-content\/uploads\/2024\/03\/23-5-1024&#215;768.jpeg\u00a0\u00bb&gt;&lt;img class=\u00a0\u00bbalignnone wp-image-41156&Prime; src=\u00a0\u00bbhttps:\/\/www.velomobileworld.com\/wp-content\/uploads\/2024\/03\/23-5-1024&#215;768.jpeg\u00a0\u00bb alt=\u00a0\u00bb\u00a0\u00bb width=\u00a0\u00bb450&Prime; height=\u00a0\u00bb338&Prime; \/&gt;&lt;\/a&gt; &lt;a href=\u00a0\u00bbhttps:\/\/www.velomobileworld.com\/wp-content\/uploads\/2024\/03\/23-6-1024&#215;768.jpeg\u00a0\u00bb&gt;&lt;img class=\u00a0\u00bbalignnone wp-image-41161&Prime; src=\u00a0\u00bbhttps:\/\/www.velomobileworld.com\/wp-content\/uploads\/2024\/03\/23-6-1024&#215;768.jpeg\u00a0\u00bb alt=\u00a0\u00bb\u00a0\u00bb width=\u00a0\u00bb450&Prime; height=\u00a0\u00bb338&Prime; \/&gt;&lt;\/a&gt; &lt;a href=\u00a0\u00bbhttps:\/\/www.velomobileworld.com\/wp-content\/uploads\/2024\/03\/23-7-Wedding-market-for-Orcs-joke-that-function-only-in-German-I-think-1024&#215;768.jpeg\u00a0\u00bb&gt;&lt;img class=\u00a0\u00bbalignnone wp-image-41166&Prime; src=\u00a0\u00bbhttps:\/\/www.velomobileworld.com\/wp-content\/uploads\/2024\/03\/23-7-Wedding-market-for-Orcs-joke-that-function-only-in-German-I-think-1024&#215;768.jpeg\u00a0\u00bb alt=\u00a0\u00bb\u00a0\u00bb width=\u00a0\u00bb450&Prime; height=\u00a0\u00bb338&Prime; \/&gt;&lt;\/a&gt;<br \/>\n&lt;p style=\u00a0\u00bbtext-align: left;\u00a0\u00bb&gt;&lt;img class=\u00a0\u00bbemoji ls-is-cached lazyloaded\u00a0\u00bb role=\u00a0\u00bbimg\u00a0\u00bb draggable=\u00a0\u00bbfalse\u00a0\u00bb src=\u00a0\u00bbhttps:\/\/s.w.org\/images\/core\/emoji\/13.1.0\/svg\/2b06.svg\u00a0\u00bb alt=\u00a0\u00bb\u2b06\ufe0f\u00a0\u00bb data-src=\u00a0\u00bbhttps:\/\/s.w.org\/images\/core\/emoji\/13.1.0\/svg\/2b06.svg\u00a0\u00bb \/&gt; Wedding market for Orcs (joke that function only in German, I think) \/ Hochzeitsmarkt f\u00fcr Orks (ein Witz, der nur auf Deutsch funktioniert, glaube ich) \/ March\u00e9 du mariage pour les orques (blague qui ne fonctionne qu&rsquo;en allemand, je crois)&lt;\/p&gt;<br \/>\n&lt;a href=\u00a0\u00bbhttps:\/\/www.velomobileworld.com\/wp-content\/uploads\/2024\/03\/23-8-Orcs-house.-Norwegian-traditional-house-it-should-be.-Its-in-ORKanger-kommune-of-Orkland-1024&#215;763.jpeg\u00a0\u00bb&gt;&lt;img class=\u00a0\u00bbalignnone wp-image-41171&Prime; src=\u00a0\u00bbhttps:\/\/www.velomobileworld.com\/wp-content\/uploads\/2024\/03\/23-8-Orcs-house.-Norwegian-traditional-house-it-should-be.-Its-in-ORKanger-kommune-of-Orkland-1024&#215;763.jpeg\u00a0\u00bb alt=\u00a0\u00bb\u00a0\u00bb width=\u00a0\u00bb450&Prime; height=\u00a0\u00bb335&Prime; \/&gt;&lt;\/a&gt;<br \/>\n&lt;p style=\u00a0\u00bbtext-align: left;\u00a0\u00bb&gt;&lt;img class=\u00a0\u00bbemoji ls-is-cached lazyloaded\u00a0\u00bb role=\u00a0\u00bbimg\u00a0\u00bb draggable=\u00a0\u00bbfalse\u00a0\u00bb src=\u00a0\u00bbhttps:\/\/s.w.org\/images\/core\/emoji\/13.1.0\/svg\/2b06.svg\u00a0\u00bb alt=\u00a0\u00bb\u2b06\ufe0f\u00a0\u00bb data-src=\u00a0\u00bbhttps:\/\/s.w.org\/images\/core\/emoji\/13.1.0\/svg\/2b06.svg\u00a0\u00bb \/&gt; Orcs house. Norwegian traditional house it should be. It\u2019s in Orkanger kommune of Orkland. \/ Orks Haus. Ein norwegisches Traditionshaus sollte es sein. Es liegt in der Gemeinde Orkanger in Orkland. \/ La maison des orques. Il devrait s&rsquo;agir d&rsquo;une maison traditionnelle norv\u00e9gienne. Elle se trouve dans la commune d&rsquo;Orkanger, dans l&rsquo;Orkland.&lt;\/p&gt;<br \/>\n&lt;a href=\u00a0\u00bbhttps:\/\/www.velomobileworld.com\/wp-content\/uploads\/2024\/03\/23-9-Good-Fjord-view-from-the-house-1024&#215;733.jpeg\u00a0\u00bb&gt;&lt;img class=\u00a0\u00bbalignnone wp-image-41176&Prime; src=\u00a0\u00bbhttps:\/\/www.velomobileworld.com\/wp-content\/uploads\/2024\/03\/23-9-Good-Fjord-view-from-the-house-1024&#215;733.jpeg\u00a0\u00bb alt=\u00a0\u00bb\u00a0\u00bb width=\u00a0\u00bb450&Prime; height=\u00a0\u00bb322&Prime; \/&gt;&lt;\/a&gt;<br \/>\n&lt;p style=\u00a0\u00bbtext-align: left;\u00a0\u00bb&gt;&lt;img class=\u00a0\u00bbemoji ls-is-cached lazyloaded\u00a0\u00bb role=\u00a0\u00bbimg\u00a0\u00bb draggable=\u00a0\u00bbfalse\u00a0\u00bb src=\u00a0\u00bbhttps:\/\/s.w.org\/images\/core\/emoji\/13.1.0\/svg\/2b06.svg\u00a0\u00bb alt=\u00a0\u00bb\u2b06\ufe0f\u00a0\u00bb data-src=\u00a0\u00bbhttps:\/\/s.w.org\/images\/core\/emoji\/13.1.0\/svg\/2b06.svg\u00a0\u00bb \/&gt; Good Fjord view from the house \/ Gute Aussicht auf den Fjord vom Haus aus \/ Belle vue sur le fjord depuis la maison&lt;\/p&gt;<br \/>\n&lt;a href=\u00a0\u00bbhttps:\/\/www.velomobileworld.com\/wp-content\/uploads\/2024\/03\/23-10-Dito-1024&#215;768.jpeg\u00a0\u00bb&gt;&lt;img class=\u00a0\u00bbalignnone wp-image-41181&Prime; src=\u00a0\u00bbhttps:\/\/www.velomobileworld.com\/wp-content\/uploads\/2024\/03\/23-10-Dito-1024&#215;768.jpeg\u00a0\u00bb alt=\u00a0\u00bb\u00a0\u00bb width=\u00a0\u00bb450&Prime; height=\u00a0\u00bb338&Prime; \/&gt;&lt;\/a&gt;<br \/>\n&lt;p style=\u00a0\u00bbtext-align: left;\u00a0\u00bb&gt;&lt;img class=\u00a0\u00bbemoji ls-is-cached lazyloaded\u00a0\u00bb role=\u00a0\u00bbimg\u00a0\u00bb draggable=\u00a0\u00bbfalse\u00a0\u00bb src=\u00a0\u00bbhttps:\/\/s.w.org\/images\/core\/emoji\/13.1.0\/svg\/2b06.svg\u00a0\u00bb alt=\u00a0\u00bb\u2b06\ufe0f\u00a0\u00bb data-src=\u00a0\u00bbhttps:\/\/s.w.org\/images\/core\/emoji\/13.1.0\/svg\/2b06.svg\u00a0\u00bb \/&gt; Good Fjord view from the house \/ Gute Aussicht auf den Fjord vom Haus aus \/ Belle vue sur le fjord depuis la maison&lt;\/p&gt;<br \/>\n&lt;a href=\u00a0\u00bbhttps:\/\/www.velomobileworld.com\/wp-content\/uploads\/2024\/03\/23-11-Cyclist-on-tour-1024&#215;768.jpeg\u00a0\u00bb&gt;&lt;img class=\u00a0\u00bbalignnone wp-image-41186&Prime; src=\u00a0\u00bbhttps:\/\/www.velomobileworld.com\/wp-content\/uploads\/2024\/03\/23-11-Cyclist-on-tour-1024&#215;768.jpeg\u00a0\u00bb alt=\u00a0\u00bb\u00a0\u00bb width=\u00a0\u00bb450&Prime; height=\u00a0\u00bb338&Prime; \/&gt;&lt;\/a&gt;<br \/>\n&lt;p style=\u00a0\u00bbtext-align: left;\u00a0\u00bb&gt;&lt;img class=\u00a0\u00bbemoji ls-is-cached lazyloaded\u00a0\u00bb role=\u00a0\u00bbimg\u00a0\u00bb draggable=\u00a0\u00bbfalse\u00a0\u00bb src=\u00a0\u00bbhttps:\/\/s.w.org\/images\/core\/emoji\/13.1.0\/svg\/2b06.svg\u00a0\u00bb alt=\u00a0\u00bb\u2b06\ufe0f\u00a0\u00bb data-src=\u00a0\u00bbhttps:\/\/s.w.org\/images\/core\/emoji\/13.1.0\/svg\/2b06.svg\u00a0\u00bb \/&gt; Cyclist on tour \/ Radfahrer auf Tour \/ Cycliste en tourn\u00e9e&lt;\/p&gt;<br \/>\n&lt;a href=\u00a0\u00bbhttps:\/\/www.velomobileworld.com\/wp-content\/uploads\/2024\/03\/23-12-Good-way-to-Trondheim-1024&#215;768.jpeg\u00a0\u00bb&gt;&lt;img class=\u00a0\u00bbalignnone wp-image-41191&Prime; src=\u00a0\u00bbhttps:\/\/www.velomobileworld.com\/wp-content\/uploads\/2024\/03\/23-12-Good-way-to-Trondheim-1024&#215;768.jpeg\u00a0\u00bb alt=\u00a0\u00bb\u00a0\u00bb width=\u00a0\u00bb450&Prime; height=\u00a0\u00bb338&Prime; \/&gt;&lt;\/a&gt;<br \/>\n&lt;p style=\u00a0\u00bbtext-align: left;\u00a0\u00bb&gt;&lt;img class=\u00a0\u00bbemoji ls-is-cached lazyloaded\u00a0\u00bb role=\u00a0\u00bbimg\u00a0\u00bb draggable=\u00a0\u00bbfalse\u00a0\u00bb src=\u00a0\u00bbhttps:\/\/s.w.org\/images\/core\/emoji\/13.1.0\/svg\/2b06.svg\u00a0\u00bb alt=\u00a0\u00bb\u2b06\ufe0f\u00a0\u00bb data-src=\u00a0\u00bbhttps:\/\/s.w.org\/images\/core\/emoji\/13.1.0\/svg\/2b06.svg\u00a0\u00bb \/&gt; Good way to Trondheim \/ Ein guter Weg nach Trondheim \/ Bonne route pour Trondheim&lt;\/p&gt;<br \/>\n&lt;a href=\u00a0\u00bbhttps:\/\/www.velomobileworld.com\/wp-content\/uploads\/2024\/03\/23-13-Trondheim-houses-1024&#215;768.jpeg\u00a0\u00bb&gt;&lt;img class=\u00a0\u00bbalignnone wp-image-41196&Prime; src=\u00a0\u00bbhttps:\/\/www.velomobileworld.com\/wp-content\/uploads\/2024\/03\/23-13-Trondheim-houses-1024&#215;768.jpeg\u00a0\u00bb alt=\u00a0\u00bb\u00a0\u00bb width=\u00a0\u00bb450&Prime; height=\u00a0\u00bb338&Prime; \/&gt;&lt;\/a&gt;<br \/>\n&lt;p style=\u00a0\u00bbtext-align: left;\u00a0\u00bb&gt;&lt;img class=\u00a0\u00bbemoji ls-is-cached lazyloaded\u00a0\u00bb role=\u00a0\u00bbimg\u00a0\u00bb draggable=\u00a0\u00bbfalse\u00a0\u00bb src=\u00a0\u00bbhttps:\/\/s.w.org\/images\/core\/emoji\/13.1.0\/svg\/2b06.svg\u00a0\u00bb alt=\u00a0\u00bb\u2b06\ufe0f\u00a0\u00bb data-src=\u00a0\u00bbhttps:\/\/s.w.org\/images\/core\/emoji\/13.1.0\/svg\/2b06.svg\u00a0\u00bb \/&gt; Trondheim houses \/ Trondheim H\u00e4user \/ Maisons de Trondheim&lt;\/p&gt;<br \/>\n&lt;a href=\u00a0\u00bbhttps:\/\/www.velomobileworld.com\/wp-content\/uploads\/2024\/03\/23-14-1024&#215;792.jpeg\u00a0\u00bb&gt;&lt;img class=\u00a0\u00bbalignnone wp-image-41201&Prime; src=\u00a0\u00bbhttps:\/\/www.velomobileworld.com\/wp-content\/uploads\/2024\/03\/23-14-1024&#215;792.jpeg\u00a0\u00bb alt=\u00a0\u00bb\u00a0\u00bb width=\u00a0\u00bb450&Prime; height=\u00a0\u00bb348&Prime; \/&gt;&lt;\/a&gt;<br \/>\n&lt;p style=\u00a0\u00bbtext-align: left;\u00a0\u00bb&gt;&lt;strong&gt;&#8230;&#8230;&#8230;&#8230;&#8230;&#8230;&#8230;&#8230;&#8230;&#8230;&#8230;&#8230;&#8230;&#8230;&#8230;&#8230;&#8230;&#8230;&lt;\/strong&gt;&lt;\/p&gt;<br \/>\n&lt;p style=\u00a0\u00bbtext-align: left;\u00a0\u00bb&gt;&lt;a href=\u00a0\u00bb\/velomobile-road-trip-35-days-with-brigitte-and-fritz\/\u00a0\u00bb target=\u00a0\u00bb_blank\u00a0\u00bb rel=\u00a0\u00bbnoopener\u00a0\u00bb&gt;2022 VELOMOBILE ROAD TRIP: 35 DAYS WITH BRIGITTE AND FRITZ (EN\/DE\/FR)&lt;\/a&gt;&lt;\/p&gt;<\/p>\n","protected":false},"excerpt":{"rendered":"<p>&lt;p style=\u00a0\u00bbtext-align: left;\u00a0\u00bb&gt;&lt;span style=\u00a0\u00bbcolor: #ff0000;\u00a0\u00bb&gt;&lt;strong&gt;En route vers le Soleil de Minuit. Un voyage en v\u00e9lomobile avec Brigitte et Fritz.&lt;\/strong&gt;&lt;\/span&gt;&lt;\/p&gt; &lt;p [&hellip;]<\/p>\n","protected":false},"author":4,"featured_media":6197,"comment_status":"open","ping_status":"closed","sticky":false,"template":"","format":"standard","meta":{"_acf_changed":false,"footnotes":""},"categories":[691],"tags":[],"class_list":["post-7198","post","type-post","status-publish","format-standard","has-post-thumbnail","hentry","category-non-classifiee"],"acf":[],"yoast_head":"<!-- This site is optimized with the Yoast SEO plugin v27.5 - https:\/\/yoast.com\/product\/yoast-seo-wordpress\/ -->\n<title>En route vers le Soleil de Minuit (Jour 23) | Velomobile World<\/title>\n<meta name=\"description\" content=\"En route vers le Soleil de Minuit (Jour 23). Un nouveau voyage avec Brigitte et Fritz. D\u00e9couvrez leurs aventures. D\u00e9tails dans l`article.\" \/>\n<meta name=\"robots\" content=\"index, follow, max-snippet:-1, max-image-preview:large, max-video-preview:-1\" \/>\n<link rel=\"canonical\" href=\"https:\/\/www.velomobileworld.com\/fr\/en-route-vers-le-soleil-de-minuit-jour-23\/\" \/>\n<meta property=\"og:locale\" content=\"fr_FR\" \/>\n<meta property=\"og:type\" content=\"article\" \/>\n<meta property=\"og:title\" content=\"En route vers le Soleil de Minuit (Jour 23) | Velomobile World\" \/>\n<meta property=\"og:description\" content=\"En route vers le Soleil de Minuit (Jour 23). Un nouveau voyage avec Brigitte et Fritz. D\u00e9couvrez leurs aventures. D\u00e9tails dans l`article.\" \/>\n<meta property=\"og:url\" content=\"https:\/\/www.velomobileworld.com\/fr\/en-route-vers-le-soleil-de-minuit-jour-23\/\" \/>\n<meta property=\"og:site_name\" content=\"Velomobile World\" \/>\n<meta property=\"article:published_time\" content=\"2024-12-10T12:54:11+00:00\" \/>\n<meta property=\"article:modified_time\" content=\"2025-07-25T10:09:11+00:00\" \/>\n<meta property=\"og:image\" content=\"https:\/\/www.velomobileworld.com\/wp-content\/uploads\/2024\/12\/Midnightsun-Day-22.jpg\" \/>\n\t<meta property=\"og:image:width\" content=\"1920\" \/>\n\t<meta property=\"og:image:height\" content=\"850\" \/>\n\t<meta property=\"og:image:type\" content=\"image\/jpeg\" \/>\n<meta name=\"author\" content=\"Jan Wijnen\" \/>\n<meta name=\"twitter:card\" content=\"summary_large_image\" \/>\n<meta name=\"twitter:label1\" content=\"\u00c9crit par\" \/>\n\t<meta name=\"twitter:data1\" content=\"Jan Wijnen\" \/>\n\t<meta name=\"twitter:label2\" content=\"Dur\u00e9e de lecture estim\u00e9e\" \/>\n\t<meta name=\"twitter:data2\" content=\"11 minutes\" \/>\n<script type=\"application\/ld+json\" class=\"yoast-schema-graph\">{\"@context\":\"https:\\\/\\\/schema.org\",\"@graph\":[{\"@type\":\"Article\",\"@id\":\"https:\\\/\\\/www.velomobileworld.com\\\/fr\\\/en-route-vers-le-soleil-de-minuit-jour-23\\\/#article\",\"isPartOf\":{\"@id\":\"https:\\\/\\\/www.velomobileworld.com\\\/fr\\\/en-route-vers-le-soleil-de-minuit-jour-23\\\/\"},\"author\":{\"name\":\"Jan Wijnen\",\"@id\":\"https:\\\/\\\/www.velomobileworld.com\\\/nl\\\/#\\\/schema\\\/person\\\/c0c7c661ad3c8719ed05a7dc85d6fa12\"},\"headline\":\"En route vers le Soleil de Minuit (Jour 23)\",\"datePublished\":\"2024-12-10T12:54:11+00:00\",\"dateModified\":\"2025-07-25T10:09:11+00:00\",\"mainEntityOfPage\":{\"@id\":\"https:\\\/\\\/www.velomobileworld.com\\\/fr\\\/en-route-vers-le-soleil-de-minuit-jour-23\\\/\"},\"wordCount\":2257,\"commentCount\":0,\"image\":{\"@id\":\"https:\\\/\\\/www.velomobileworld.com\\\/fr\\\/en-route-vers-le-soleil-de-minuit-jour-23\\\/#primaryimage\"},\"thumbnailUrl\":\"https:\\\/\\\/www.velomobileworld.com\\\/wp-content\\\/uploads\\\/2024\\\/12\\\/Midnightsun-Day-22.jpg\",\"articleSection\":[\"Non classifi\u00e9(e)\"],\"inLanguage\":\"fr-FR\",\"potentialAction\":[{\"@type\":\"CommentAction\",\"name\":\"Comment\",\"target\":[\"https:\\\/\\\/www.velomobileworld.com\\\/fr\\\/en-route-vers-le-soleil-de-minuit-jour-23\\\/#respond\"]}]},{\"@type\":\"WebPage\",\"@id\":\"https:\\\/\\\/www.velomobileworld.com\\\/fr\\\/en-route-vers-le-soleil-de-minuit-jour-23\\\/\",\"url\":\"https:\\\/\\\/www.velomobileworld.com\\\/fr\\\/en-route-vers-le-soleil-de-minuit-jour-23\\\/\",\"name\":\"En route vers le Soleil de Minuit (Jour 23) | Velomobile World\",\"isPartOf\":{\"@id\":\"https:\\\/\\\/www.velomobileworld.com\\\/nl\\\/#website\"},\"primaryImageOfPage\":{\"@id\":\"https:\\\/\\\/www.velomobileworld.com\\\/fr\\\/en-route-vers-le-soleil-de-minuit-jour-23\\\/#primaryimage\"},\"image\":{\"@id\":\"https:\\\/\\\/www.velomobileworld.com\\\/fr\\\/en-route-vers-le-soleil-de-minuit-jour-23\\\/#primaryimage\"},\"thumbnailUrl\":\"https:\\\/\\\/www.velomobileworld.com\\\/wp-content\\\/uploads\\\/2024\\\/12\\\/Midnightsun-Day-22.jpg\",\"datePublished\":\"2024-12-10T12:54:11+00:00\",\"dateModified\":\"2025-07-25T10:09:11+00:00\",\"author\":{\"@id\":\"https:\\\/\\\/www.velomobileworld.com\\\/nl\\\/#\\\/schema\\\/person\\\/c0c7c661ad3c8719ed05a7dc85d6fa12\"},\"description\":\"En route vers le Soleil de Minuit (Jour 23). Un nouveau voyage avec Brigitte et Fritz. D\u00e9couvrez leurs aventures. D\u00e9tails dans l`article.\",\"breadcrumb\":{\"@id\":\"https:\\\/\\\/www.velomobileworld.com\\\/fr\\\/en-route-vers-le-soleil-de-minuit-jour-23\\\/#breadcrumb\"},\"inLanguage\":\"fr-FR\",\"potentialAction\":[{\"@type\":\"ReadAction\",\"target\":[\"https:\\\/\\\/www.velomobileworld.com\\\/fr\\\/en-route-vers-le-soleil-de-minuit-jour-23\\\/\"]}]},{\"@type\":\"ImageObject\",\"inLanguage\":\"fr-FR\",\"@id\":\"https:\\\/\\\/www.velomobileworld.com\\\/fr\\\/en-route-vers-le-soleil-de-minuit-jour-23\\\/#primaryimage\",\"url\":\"https:\\\/\\\/www.velomobileworld.com\\\/wp-content\\\/uploads\\\/2024\\\/12\\\/Midnightsun-Day-22.jpg\",\"contentUrl\":\"https:\\\/\\\/www.velomobileworld.com\\\/wp-content\\\/uploads\\\/2024\\\/12\\\/Midnightsun-Day-22.jpg\",\"width\":1920,\"height\":850,\"caption\":\"xr:d:DAF_M0DqdjY:5,j:4901463626518947149,t:24031111\"},{\"@type\":\"BreadcrumbList\",\"@id\":\"https:\\\/\\\/www.velomobileworld.com\\\/fr\\\/en-route-vers-le-soleil-de-minuit-jour-23\\\/#breadcrumb\",\"itemListElement\":[{\"@type\":\"ListItem\",\"position\":1,\"name\":\"Home\",\"item\":\"https:\\\/\\\/www.velomobileworld.com\\\/fr\\\/\"},{\"@type\":\"ListItem\",\"position\":2,\"name\":\"En route vers le Soleil de Minuit (Jour 23)\"}]},{\"@type\":\"WebSite\",\"@id\":\"https:\\\/\\\/www.velomobileworld.com\\\/nl\\\/#website\",\"url\":\"https:\\\/\\\/www.velomobileworld.com\\\/nl\\\/\",\"name\":\"Velomobile World\",\"description\":\"\",\"potentialAction\":[{\"@type\":\"SearchAction\",\"target\":{\"@type\":\"EntryPoint\",\"urlTemplate\":\"https:\\\/\\\/www.velomobileworld.com\\\/nl\\\/?s={search_term_string}\"},\"query-input\":{\"@type\":\"PropertyValueSpecification\",\"valueRequired\":true,\"valueName\":\"search_term_string\"}}],\"inLanguage\":\"fr-FR\"},{\"@type\":\"Person\",\"@id\":\"https:\\\/\\\/www.velomobileworld.com\\\/nl\\\/#\\\/schema\\\/person\\\/c0c7c661ad3c8719ed05a7dc85d6fa12\",\"name\":\"Jan Wijnen\",\"image\":{\"@type\":\"ImageObject\",\"inLanguage\":\"fr-FR\",\"@id\":\"https:\\\/\\\/secure.gravatar.com\\\/avatar\\\/4802c8a6006d5895d73a1141e39ccf819bca7ec1dbfb26a6f4370880cefa109a?s=96&d=mm&r=g\",\"url\":\"https:\\\/\\\/secure.gravatar.com\\\/avatar\\\/4802c8a6006d5895d73a1141e39ccf819bca7ec1dbfb26a6f4370880cefa109a?s=96&d=mm&r=g\",\"contentUrl\":\"https:\\\/\\\/secure.gravatar.com\\\/avatar\\\/4802c8a6006d5895d73a1141e39ccf819bca7ec1dbfb26a6f4370880cefa109a?s=96&d=mm&r=g\",\"caption\":\"Jan Wijnen\"},\"url\":\"https:\\\/\\\/www.velomobileworld.com\\\/fr\\\/author\\\/jan-admin\\\/\"}]}<\/script>\n<!-- \/ Yoast SEO plugin. -->","yoast_head_json":{"title":"En route vers le Soleil de Minuit (Jour 23) | Velomobile World","description":"En route vers le Soleil de Minuit (Jour 23). Un nouveau voyage avec Brigitte et Fritz. D\u00e9couvrez leurs aventures. D\u00e9tails dans l`article.","robots":{"index":"index","follow":"follow","max-snippet":"max-snippet:-1","max-image-preview":"max-image-preview:large","max-video-preview":"max-video-preview:-1"},"canonical":"https:\/\/www.velomobileworld.com\/fr\/en-route-vers-le-soleil-de-minuit-jour-23\/","og_locale":"fr_FR","og_type":"article","og_title":"En route vers le Soleil de Minuit (Jour 23) | Velomobile World","og_description":"En route vers le Soleil de Minuit (Jour 23). Un nouveau voyage avec Brigitte et Fritz. D\u00e9couvrez leurs aventures. D\u00e9tails dans l`article.","og_url":"https:\/\/www.velomobileworld.com\/fr\/en-route-vers-le-soleil-de-minuit-jour-23\/","og_site_name":"Velomobile World","article_published_time":"2024-12-10T12:54:11+00:00","article_modified_time":"2025-07-25T10:09:11+00:00","og_image":[{"width":1920,"height":850,"url":"https:\/\/www.velomobileworld.com\/wp-content\/uploads\/2024\/12\/Midnightsun-Day-22.jpg","type":"image\/jpeg"}],"author":"Jan Wijnen","twitter_card":"summary_large_image","twitter_misc":{"\u00c9crit par":"Jan Wijnen","Dur\u00e9e de lecture estim\u00e9e":"11 minutes"},"schema":{"@context":"https:\/\/schema.org","@graph":[{"@type":"Article","@id":"https:\/\/www.velomobileworld.com\/fr\/en-route-vers-le-soleil-de-minuit-jour-23\/#article","isPartOf":{"@id":"https:\/\/www.velomobileworld.com\/fr\/en-route-vers-le-soleil-de-minuit-jour-23\/"},"author":{"name":"Jan Wijnen","@id":"https:\/\/www.velomobileworld.com\/nl\/#\/schema\/person\/c0c7c661ad3c8719ed05a7dc85d6fa12"},"headline":"En route vers le Soleil de Minuit (Jour 23)","datePublished":"2024-12-10T12:54:11+00:00","dateModified":"2025-07-25T10:09:11+00:00","mainEntityOfPage":{"@id":"https:\/\/www.velomobileworld.com\/fr\/en-route-vers-le-soleil-de-minuit-jour-23\/"},"wordCount":2257,"commentCount":0,"image":{"@id":"https:\/\/www.velomobileworld.com\/fr\/en-route-vers-le-soleil-de-minuit-jour-23\/#primaryimage"},"thumbnailUrl":"https:\/\/www.velomobileworld.com\/wp-content\/uploads\/2024\/12\/Midnightsun-Day-22.jpg","articleSection":["Non classifi\u00e9(e)"],"inLanguage":"fr-FR","potentialAction":[{"@type":"CommentAction","name":"Comment","target":["https:\/\/www.velomobileworld.com\/fr\/en-route-vers-le-soleil-de-minuit-jour-23\/#respond"]}]},{"@type":"WebPage","@id":"https:\/\/www.velomobileworld.com\/fr\/en-route-vers-le-soleil-de-minuit-jour-23\/","url":"https:\/\/www.velomobileworld.com\/fr\/en-route-vers-le-soleil-de-minuit-jour-23\/","name":"En route vers le Soleil de Minuit (Jour 23) | Velomobile World","isPartOf":{"@id":"https:\/\/www.velomobileworld.com\/nl\/#website"},"primaryImageOfPage":{"@id":"https:\/\/www.velomobileworld.com\/fr\/en-route-vers-le-soleil-de-minuit-jour-23\/#primaryimage"},"image":{"@id":"https:\/\/www.velomobileworld.com\/fr\/en-route-vers-le-soleil-de-minuit-jour-23\/#primaryimage"},"thumbnailUrl":"https:\/\/www.velomobileworld.com\/wp-content\/uploads\/2024\/12\/Midnightsun-Day-22.jpg","datePublished":"2024-12-10T12:54:11+00:00","dateModified":"2025-07-25T10:09:11+00:00","author":{"@id":"https:\/\/www.velomobileworld.com\/nl\/#\/schema\/person\/c0c7c661ad3c8719ed05a7dc85d6fa12"},"description":"En route vers le Soleil de Minuit (Jour 23). Un nouveau voyage avec Brigitte et Fritz. D\u00e9couvrez leurs aventures. D\u00e9tails dans l`article.","breadcrumb":{"@id":"https:\/\/www.velomobileworld.com\/fr\/en-route-vers-le-soleil-de-minuit-jour-23\/#breadcrumb"},"inLanguage":"fr-FR","potentialAction":[{"@type":"ReadAction","target":["https:\/\/www.velomobileworld.com\/fr\/en-route-vers-le-soleil-de-minuit-jour-23\/"]}]},{"@type":"ImageObject","inLanguage":"fr-FR","@id":"https:\/\/www.velomobileworld.com\/fr\/en-route-vers-le-soleil-de-minuit-jour-23\/#primaryimage","url":"https:\/\/www.velomobileworld.com\/wp-content\/uploads\/2024\/12\/Midnightsun-Day-22.jpg","contentUrl":"https:\/\/www.velomobileworld.com\/wp-content\/uploads\/2024\/12\/Midnightsun-Day-22.jpg","width":1920,"height":850,"caption":"xr:d:DAF_M0DqdjY:5,j:4901463626518947149,t:24031111"},{"@type":"BreadcrumbList","@id":"https:\/\/www.velomobileworld.com\/fr\/en-route-vers-le-soleil-de-minuit-jour-23\/#breadcrumb","itemListElement":[{"@type":"ListItem","position":1,"name":"Home","item":"https:\/\/www.velomobileworld.com\/fr\/"},{"@type":"ListItem","position":2,"name":"En route vers le Soleil de Minuit (Jour 23)"}]},{"@type":"WebSite","@id":"https:\/\/www.velomobileworld.com\/nl\/#website","url":"https:\/\/www.velomobileworld.com\/nl\/","name":"Velomobile World","description":"","potentialAction":[{"@type":"SearchAction","target":{"@type":"EntryPoint","urlTemplate":"https:\/\/www.velomobileworld.com\/nl\/?s={search_term_string}"},"query-input":{"@type":"PropertyValueSpecification","valueRequired":true,"valueName":"search_term_string"}}],"inLanguage":"fr-FR"},{"@type":"Person","@id":"https:\/\/www.velomobileworld.com\/nl\/#\/schema\/person\/c0c7c661ad3c8719ed05a7dc85d6fa12","name":"Jan Wijnen","image":{"@type":"ImageObject","inLanguage":"fr-FR","@id":"https:\/\/secure.gravatar.com\/avatar\/4802c8a6006d5895d73a1141e39ccf819bca7ec1dbfb26a6f4370880cefa109a?s=96&d=mm&r=g","url":"https:\/\/secure.gravatar.com\/avatar\/4802c8a6006d5895d73a1141e39ccf819bca7ec1dbfb26a6f4370880cefa109a?s=96&d=mm&r=g","contentUrl":"https:\/\/secure.gravatar.com\/avatar\/4802c8a6006d5895d73a1141e39ccf819bca7ec1dbfb26a6f4370880cefa109a?s=96&d=mm&r=g","caption":"Jan Wijnen"},"url":"https:\/\/www.velomobileworld.com\/fr\/author\/jan-admin\/"}]}},"_links":{"self":[{"href":"https:\/\/www.velomobileworld.com\/fr\/wp-json\/wp\/v2\/posts\/7198","targetHints":{"allow":["GET"]}}],"collection":[{"href":"https:\/\/www.velomobileworld.com\/fr\/wp-json\/wp\/v2\/posts"}],"about":[{"href":"https:\/\/www.velomobileworld.com\/fr\/wp-json\/wp\/v2\/types\/post"}],"author":[{"embeddable":true,"href":"https:\/\/www.velomobileworld.com\/fr\/wp-json\/wp\/v2\/users\/4"}],"replies":[{"embeddable":true,"href":"https:\/\/www.velomobileworld.com\/fr\/wp-json\/wp\/v2\/comments?post=7198"}],"version-history":[{"count":1,"href":"https:\/\/www.velomobileworld.com\/fr\/wp-json\/wp\/v2\/posts\/7198\/revisions"}],"predecessor-version":[{"id":100556,"href":"https:\/\/www.velomobileworld.com\/fr\/wp-json\/wp\/v2\/posts\/7198\/revisions\/100556"}],"wp:featuredmedia":[{"embeddable":true,"href":"https:\/\/www.velomobileworld.com\/fr\/wp-json\/wp\/v2\/media\/6197"}],"wp:attachment":[{"href":"https:\/\/www.velomobileworld.com\/fr\/wp-json\/wp\/v2\/media?parent=7198"}],"wp:term":[{"taxonomy":"category","embeddable":true,"href":"https:\/\/www.velomobileworld.com\/fr\/wp-json\/wp\/v2\/categories?post=7198"},{"taxonomy":"post_tag","embeddable":true,"href":"https:\/\/www.velomobileworld.com\/fr\/wp-json\/wp\/v2\/tags?post=7198"}],"curies":[{"name":"wp","href":"https:\/\/api.w.org\/{rel}","templated":true}]}}