{"id":7211,"date":"2024-12-09T16:30:06","date_gmt":"2024-12-09T15:30:06","guid":{"rendered":"https:\/\/velomobileworld.convident.dev\/en-route-vers-le-soleil-de-minuit-jour-3\/"},"modified":"2025-07-25T12:09:13","modified_gmt":"2025-07-25T10:09:13","slug":"en-route-vers-le-soleil-de-minuit-jour-3","status":"publish","type":"post","link":"https:\/\/www.velomobileworld.com\/fr\/en-route-vers-le-soleil-de-minuit-jour-3\/","title":{"rendered":"En route vers le Soleil de Minuit (Jour 3)"},"content":{"rendered":"<p style=\"text-align: left;\"><span style=\"color: #ff0000;\"><strong>En route vers le Soleil de Minuit. Un voyage en v\u00e9lomobile avec Brigitte et Fritz.<\/strong><\/span><\/p>\n<p style=\"text-align: left;\"><strong>Allemagne &gt; Danemark &gt; Norv\u00e8ge &gt; Cap Nord (Nordkapp) &gt; Finlande &gt; Allemagne<\/strong><\/p>\n<p style=\"text-align: left;\"><strong>&#8212;&#8212;&#8212;&#8212;&#8212;&#8212;&#8212;&#8212;&#8212;&#8212;&#8211;<\/strong><\/p>\n<p style=\"text-align: left;\">D\u00e9couvrez <a href=\"https:\/\/www.velomobileworld.com\/fr\/un-velomobile-voyage-en-route-vers-le-soleil-de-minuit-tous-les-jours\/\" target=\"_blank\" rel=\"noopener\">ICI<\/a> Toutes les Journ\u00e9es du Voyage \u00ab\u00a0En route vers le Soleil de Minuit\u00a0\u00bb<\/p>\n<p style=\"text-align: left;\"><strong>&#8212;&#8212;&#8212;&#8212;&#8212;&#8212;&#8212;&#8212;&#8212;&#8212;&#8211;<\/strong><\/p>\n<p>&nbsp;<\/p>\n<p style=\"text-align: left;\"><strong>Jour 3 | 149 KM | 297 HM<\/strong><\/p>\n<p>&nbsp;<\/p>\n<p style=\"text-align: left;\">Aujourd&rsquo;hui, nous avons commenc\u00e9 un peu plus tard, car nous avons pris un petit d\u00e9jeuner tranquille avec Doris et Carsten. Vers 9h30, nous avons finalement d\u00e9marr\u00e9. Nous avons \u00e9t\u00e9 invit\u00e9s \u00e0 prendre un caf\u00e9 avec Axel Herfurth, le concessionnaire Velomobile du Schleswig-Holstein. Apr\u00e8s environ 50 km, nous l&rsquo;avons rejoint. Il y avait l\u00e0 un visiteur d&rsquo;urgence qui avait perdu la couverture de service de son B\u00fclk sur la route du Danemark. Nous avons bavard\u00e9 un peu autour d&rsquo;un cappuccino, puis nous sommes repartis, car le client suivant \u00e9tait d\u00e9j\u00e0 au chantier.<\/p>\n<p>&nbsp;<\/p>\n<p style=\"text-align: left;\">Apr\u00e8s une trentaine de kilom\u00e8tres, nous avons pass\u00e9 la fronti\u00e8re avec le Danemark \u00e0 Flensburg.<\/p>\n<p>&nbsp;<\/p>\n<p style=\"text-align: left;\">Apr\u00e8s quelques kilom\u00e8tres, le calme s&rsquo;est install\u00e9 et nous avons roul\u00e9 en ligne droite vers le nord, avec peu de circulation. Le vent soufflait de l&rsquo;ouest, ce qui faisait avancer la v\u00e9lomobile un peu plus vite qu&rsquo;un voilier. En raison de toutes nos visites des deux derniers jours, nous \u00e9tions un peu fatigu\u00e9s apr\u00e8s tout, manquant un peu de sommeil \u00e0 cause de toutes ces discussions. L&rsquo;itin\u00e9raire au Danemark n&rsquo;est pas tr\u00e8s vari\u00e9, ce qui nous a donn\u00e9 envie de nous coucher plus t\u00f4t. D&rsquo;apr\u00e8s Google, il y avait un camping \u00e0 Vojens qui se trouvait \u00e0 une distance raisonnable de notre route. Nous y avons pris quelques provisions pour le d\u00eener. La ville est un peu d\u00e9labr\u00e9e et a connu des jours meilleurs. Il ne se passait rien au camping et tout \u00e9tait vide. Esp\u00e9rons que nous pourrons rester ici aujourd&rsquo;hui, avons-nous pens\u00e9. Nous n&rsquo;avions pas vraiment envie de reprendre la route. Un voisin du camping nous a dit que le camping \u00e9tait ouvert et que nous pouvions utiliser les douches, les toilettes et la cuisine. Il \u00e9tait tr\u00e8s int\u00e9ress\u00e9 par les v\u00e9lomobiles et n&rsquo;en avait jamais vu auparavant. En tant que triathl\u00e8te, il \u00e9tait particuli\u00e8rement int\u00e9ress\u00e9 par la vitesse \u00e0 laquelle on pouvait rouler sur ces engins et par les douleurs que l&rsquo;on pouvait ressentir en s&rsquo;asseyant. Apr\u00e8s que je lui ai expliqu\u00e9, il s&rsquo;est montr\u00e9 encore plus int\u00e9ress\u00e9. Surtout si l&rsquo;on ne ressent aucune douleur.<\/p>\n<p>&nbsp;<\/p>\n<p style=\"text-align: left;\">Ensuite, nous avons mont\u00e9 la tente, pris une douche et mang\u00e9.<\/p>\n<p style=\"text-align: left;\"><strong>&#8230;&#8230;&#8230;&#8230;&#8230;&#8230;&#8230;&#8230;&#8230;&#8230;&#8230;&#8230;&#8230;&#8230;&#8230;&#8230;&#8230;&#8230;<\/strong><\/p>\n<p><a href=\"https:\/\/store.velomobileworld.com\/?utm_source=Banner_US_Canada_Worldwide&amp;utm_medium=Article&amp;utm_campaign=Blog\" target=\"_blank\" rel=\"noopener\"><img loading=\"lazy\" decoding=\"async\" class=\"alignnone wp-image-24840 lazyloaded\" src=\"https:\/\/www.velomobileworld.com\/wp-content\/uploads\/2023\/07\/1-usa-canada-worldwide.png\" alt=\"\" width=\"450\" height=\"74\" data-src=\"https:\/\/www.velomobileworld.com\/wp-content\/uploads\/2023\/07\/1-usa-canada-worldwide.png\" \/><\/a><\/p>\n<p><a href=\"https:\/\/www.velomobileworld.com\/?product_tag=velomobiles&amp;utm_source=Banner_EU&amp;utm_medium=Article&amp;utm_campaign=Blog\" target=\"_blank\" rel=\"noopener\"><img loading=\"lazy\" decoding=\"async\" class=\"alignnone wp-image-24845 ls-is-cached lazyloaded\" src=\"https:\/\/www.velomobileworld.com\/wp-content\/uploads\/2023\/07\/2-european-union.png\" alt=\"\" width=\"449\" height=\"74\" data-src=\"https:\/\/www.velomobileworld.com\/wp-content\/uploads\/2023\/07\/2-european-union.png\" \/><\/a><\/p>\n<p style=\"text-align: left;\"><strong>&#8230;&#8230;&#8230;&#8230;&#8230;&#8230;&#8230;&#8230;&#8230;&#8230;&#8230;&#8230;&#8230;&#8230;&#8230;&#8230;&#8230;&#8230;<\/strong><\/p>\n<p><a href=\"https:\/\/www.velomobileworld.com\/wp-content\/uploads\/2023\/08\/3-tag-map.jpeg\" target=\"_blank\" rel=\"noopener\"><img loading=\"lazy\" decoding=\"async\" class=\"alignnone wp-image-27017\" src=\"https:\/\/www.velomobileworld.com\/wp-content\/uploads\/2023\/08\/3-tag-map.jpeg\" alt=\"\" width=\"450\" height=\"845\" \/><\/a><\/p>\n<p><a href=\"https:\/\/www.velomobileworld.com\/wp-content\/uploads\/2023\/08\/3-1.jpeg\" target=\"_blank\" rel=\"noopener\"><img loading=\"lazy\" decoding=\"async\" class=\"alignnone wp-image-27022\" src=\"https:\/\/www.velomobileworld.com\/wp-content\/uploads\/2023\/08\/3-1-1024x768.jpeg\" alt=\"\" width=\"450\" height=\"338\" \/><\/a> <a href=\"https:\/\/www.velomobileworld.com\/wp-content\/uploads\/2023\/08\/3-2-Axel-Herfurth.jpeg\" target=\"_blank\" rel=\"noopener\"><img loading=\"lazy\" decoding=\"async\" class=\"alignnone wp-image-27027\" src=\"https:\/\/www.velomobileworld.com\/wp-content\/uploads\/2023\/08\/3-2-Axel-Herfurth-1024x768.jpeg\" alt=\"\" width=\"450\" height=\"338\" \/><\/a><\/p>\n<p style=\"text-align: left;\"><img decoding=\"async\" class=\"emoji ls-is-cached lazyloaded\" role=\"img\" draggable=\"false\" src=\"https:\/\/s.w.org\/images\/core\/emoji\/13.1.0\/svg\/2b06.svg\" alt=\"\u2b06\ufe0f\" data-src=\"https:\/\/s.w.org\/images\/core\/emoji\/13.1.0\/svg\/2b06.svg\" \/> Axel Herfurth<\/p>\n<p><a href=\"https:\/\/www.velomobileworld.com\/wp-content\/uploads\/2023\/08\/3-3-Border-to-Denmark.jpeg\" target=\"_blank\" rel=\"noopener\"><img loading=\"lazy\" decoding=\"async\" class=\"alignnone wp-image-27032\" src=\"https:\/\/www.velomobileworld.com\/wp-content\/uploads\/2023\/08\/3-3-Border-to-Denmark-1024x768.jpeg\" alt=\"\" width=\"450\" height=\"338\" \/><\/a><\/p>\n<p style=\"text-align: left;\"><img decoding=\"async\" class=\"emoji ls-is-cached lazyloaded\" role=\"img\" draggable=\"false\" src=\"https:\/\/s.w.org\/images\/core\/emoji\/13.1.0\/svg\/2b06.svg\" alt=\"\u2b06\ufe0f\" data-src=\"https:\/\/s.w.org\/images\/core\/emoji\/13.1.0\/svg\/2b06.svg\" \/> Border to Denmark<\/p>\n<p><a href=\"https:\/\/www.velomobileworld.com\/wp-content\/uploads\/2023\/08\/3-4.jpeg\" target=\"_blank\" rel=\"noopener\"><img loading=\"lazy\" decoding=\"async\" class=\"alignnone wp-image-27037\" src=\"https:\/\/www.velomobileworld.com\/wp-content\/uploads\/2023\/08\/3-4-1024x768.jpeg\" alt=\"\" width=\"450\" height=\"338\" \/><\/a> <a href=\"https:\/\/www.velomobileworld.com\/wp-content\/uploads\/2023\/08\/3-5-Danish-traditional-farm.jpeg\" target=\"_blank\" rel=\"noopener\"><img loading=\"lazy\" decoding=\"async\" class=\"alignnone wp-image-27042\" src=\"https:\/\/www.velomobileworld.com\/wp-content\/uploads\/2023\/08\/3-5-Danish-traditional-farm-1024x768.jpeg\" alt=\"\" width=\"450\" height=\"338\" \/><\/a><\/p>\n<p style=\"text-align: left;\"><img decoding=\"async\" class=\"emoji ls-is-cached lazyloaded\" role=\"img\" draggable=\"false\" src=\"https:\/\/s.w.org\/images\/core\/emoji\/13.1.0\/svg\/2b06.svg\" alt=\"\u2b06\ufe0f\" data-src=\"https:\/\/s.w.org\/images\/core\/emoji\/13.1.0\/svg\/2b06.svg\" \/> Danish traditional farm<\/p>\n<p><a href=\"https:\/\/www.velomobileworld.com\/wp-content\/uploads\/2023\/08\/3-6-Dinner-for-two.jpeg\" target=\"_blank\" rel=\"noopener\"><img loading=\"lazy\" decoding=\"async\" class=\"alignnone wp-image-27047\" src=\"https:\/\/www.velomobileworld.com\/wp-content\/uploads\/2023\/08\/3-6-Dinner-for-two-1024x768.jpeg\" alt=\"\" width=\"450\" height=\"338\" \/><\/a><\/p>\n<p style=\"text-align: left;\"><img decoding=\"async\" class=\"emoji ls-is-cached lazyloaded\" role=\"img\" draggable=\"false\" src=\"https:\/\/s.w.org\/images\/core\/emoji\/13.1.0\/svg\/2b06.svg\" alt=\"\u2b06\ufe0f\" data-src=\"https:\/\/s.w.org\/images\/core\/emoji\/13.1.0\/svg\/2b06.svg\" \/> Dinner for two<\/p>\n<p style=\"text-align: left;\"><strong>&#8230;&#8230;&#8230;&#8230;&#8230;&#8230;&#8230;&#8230;&#8230;&#8230;&#8230;&#8230;&#8230;&#8230;&#8230;&#8230;&#8230;&#8230;<\/strong><\/p>\n<p style=\"text-align: left;\"><a href=\"https:\/\/www.velomobileworld.com\/fr\/road-trip-velomobile-35-jours-avec-brigitte-et-fritz\/\" target=\"_blank\" rel=\"noopener\">2022 VELOMOBILE ROAD TRIP: 35 DAYS WITH BRIGITTE AND FRITZ (EN\/DE\/FR)<\/a><\/p>\n","protected":false},"excerpt":{"rendered":"<p>En route vers le Soleil de Minuit. Un voyage en v\u00e9lomobile avec Brigitte et Fritz. Allemagne &gt; Danemark &gt; Norv\u00e8ge [&hellip;]<\/p>\n","protected":false},"author":4,"featured_media":5973,"comment_status":"open","ping_status":"closed","sticky":false,"template":"","format":"standard","meta":{"_acf_changed":false,"footnotes":""},"categories":[691],"tags":[],"class_list":["post-7211","post","type-post","status-publish","format-standard","has-post-thumbnail","hentry","category-non-classifiee"],"acf":[],"yoast_head":"<!-- This site is optimized with the Yoast SEO plugin v27.5 - https:\/\/yoast.com\/product\/yoast-seo-wordpress\/ -->\n<title>En route vers le Soleil de Minuit (Jour 3) | Velomobile World<\/title>\n<meta name=\"description\" content=\"En route vers le Soleil de Minuit (Jour 3). Un nouveau voyage avec Brigitte et Fritz. D\u00e9couvrez leurs aventures. D\u00e9tails dans l&#039;article.\" \/>\n<meta name=\"robots\" content=\"index, follow, max-snippet:-1, max-image-preview:large, max-video-preview:-1\" \/>\n<link rel=\"canonical\" href=\"https:\/\/www.velomobileworld.com\/fr\/en-route-vers-le-soleil-de-minuit-jour-3\/\" \/>\n<meta property=\"og:locale\" content=\"fr_FR\" \/>\n<meta property=\"og:type\" content=\"article\" \/>\n<meta property=\"og:title\" content=\"En route vers le Soleil de Minuit (Jour 3) | Velomobile World\" \/>\n<meta property=\"og:description\" content=\"En route vers le Soleil de Minuit (Jour 3). Un nouveau voyage avec Brigitte et Fritz. D\u00e9couvrez leurs aventures. D\u00e9tails dans l&#039;article.\" \/>\n<meta property=\"og:url\" content=\"https:\/\/www.velomobileworld.com\/fr\/en-route-vers-le-soleil-de-minuit-jour-3\/\" \/>\n<meta property=\"og:site_name\" content=\"Velomobile World\" \/>\n<meta property=\"article:published_time\" content=\"2024-12-09T15:30:06+00:00\" \/>\n<meta property=\"article:modified_time\" content=\"2025-07-25T10:09:13+00:00\" \/>\n<meta property=\"og:image\" content=\"https:\/\/www.velomobileworld.com\/wp-content\/uploads\/2024\/12\/Midnightsun-Day-15.jpg\" \/>\n\t<meta property=\"og:image:width\" content=\"1920\" \/>\n\t<meta property=\"og:image:height\" content=\"850\" \/>\n\t<meta property=\"og:image:type\" content=\"image\/jpeg\" \/>\n<meta name=\"author\" content=\"Jan Wijnen\" \/>\n<meta name=\"twitter:card\" content=\"summary_large_image\" \/>\n<meta name=\"twitter:label1\" content=\"\u00c9crit par\" \/>\n\t<meta name=\"twitter:data1\" content=\"Jan Wijnen\" \/>\n\t<meta name=\"twitter:label2\" content=\"Dur\u00e9e de lecture estim\u00e9e\" \/>\n\t<meta name=\"twitter:data2\" content=\"2 minutes\" \/>\n<script type=\"application\/ld+json\" class=\"yoast-schema-graph\">{\"@context\":\"https:\\\/\\\/schema.org\",\"@graph\":[{\"@type\":\"Article\",\"@id\":\"https:\\\/\\\/www.velomobileworld.com\\\/fr\\\/en-route-vers-le-soleil-de-minuit-jour-3\\\/#article\",\"isPartOf\":{\"@id\":\"https:\\\/\\\/www.velomobileworld.com\\\/fr\\\/en-route-vers-le-soleil-de-minuit-jour-3\\\/\"},\"author\":{\"name\":\"Jan Wijnen\",\"@id\":\"https:\\\/\\\/www.velomobileworld.com\\\/nl\\\/#\\\/schema\\\/person\\\/c0c7c661ad3c8719ed05a7dc85d6fa12\"},\"headline\":\"En route vers le Soleil de Minuit (Jour 3)\",\"datePublished\":\"2024-12-09T15:30:06+00:00\",\"dateModified\":\"2025-07-25T10:09:13+00:00\",\"mainEntityOfPage\":{\"@id\":\"https:\\\/\\\/www.velomobileworld.com\\\/fr\\\/en-route-vers-le-soleil-de-minuit-jour-3\\\/\"},\"wordCount\":481,\"commentCount\":0,\"image\":{\"@id\":\"https:\\\/\\\/www.velomobileworld.com\\\/fr\\\/en-route-vers-le-soleil-de-minuit-jour-3\\\/#primaryimage\"},\"thumbnailUrl\":\"https:\\\/\\\/www.velomobileworld.com\\\/wp-content\\\/uploads\\\/2024\\\/12\\\/Midnightsun-Day-15.jpg\",\"articleSection\":[\"Non classifi\u00e9(e)\"],\"inLanguage\":\"fr-FR\",\"potentialAction\":[{\"@type\":\"CommentAction\",\"name\":\"Comment\",\"target\":[\"https:\\\/\\\/www.velomobileworld.com\\\/fr\\\/en-route-vers-le-soleil-de-minuit-jour-3\\\/#respond\"]}]},{\"@type\":\"WebPage\",\"@id\":\"https:\\\/\\\/www.velomobileworld.com\\\/fr\\\/en-route-vers-le-soleil-de-minuit-jour-3\\\/\",\"url\":\"https:\\\/\\\/www.velomobileworld.com\\\/fr\\\/en-route-vers-le-soleil-de-minuit-jour-3\\\/\",\"name\":\"En route vers le Soleil de Minuit (Jour 3) | Velomobile World\",\"isPartOf\":{\"@id\":\"https:\\\/\\\/www.velomobileworld.com\\\/nl\\\/#website\"},\"primaryImageOfPage\":{\"@id\":\"https:\\\/\\\/www.velomobileworld.com\\\/fr\\\/en-route-vers-le-soleil-de-minuit-jour-3\\\/#primaryimage\"},\"image\":{\"@id\":\"https:\\\/\\\/www.velomobileworld.com\\\/fr\\\/en-route-vers-le-soleil-de-minuit-jour-3\\\/#primaryimage\"},\"thumbnailUrl\":\"https:\\\/\\\/www.velomobileworld.com\\\/wp-content\\\/uploads\\\/2024\\\/12\\\/Midnightsun-Day-15.jpg\",\"datePublished\":\"2024-12-09T15:30:06+00:00\",\"dateModified\":\"2025-07-25T10:09:13+00:00\",\"author\":{\"@id\":\"https:\\\/\\\/www.velomobileworld.com\\\/nl\\\/#\\\/schema\\\/person\\\/c0c7c661ad3c8719ed05a7dc85d6fa12\"},\"description\":\"En route vers le Soleil de Minuit (Jour 3). Un nouveau voyage avec Brigitte et Fritz. D\u00e9couvrez leurs aventures. D\u00e9tails dans l'article.\",\"breadcrumb\":{\"@id\":\"https:\\\/\\\/www.velomobileworld.com\\\/fr\\\/en-route-vers-le-soleil-de-minuit-jour-3\\\/#breadcrumb\"},\"inLanguage\":\"fr-FR\",\"potentialAction\":[{\"@type\":\"ReadAction\",\"target\":[\"https:\\\/\\\/www.velomobileworld.com\\\/fr\\\/en-route-vers-le-soleil-de-minuit-jour-3\\\/\"]}]},{\"@type\":\"ImageObject\",\"inLanguage\":\"fr-FR\",\"@id\":\"https:\\\/\\\/www.velomobileworld.com\\\/fr\\\/en-route-vers-le-soleil-de-minuit-jour-3\\\/#primaryimage\",\"url\":\"https:\\\/\\\/www.velomobileworld.com\\\/wp-content\\\/uploads\\\/2024\\\/12\\\/Midnightsun-Day-15.jpg\",\"contentUrl\":\"https:\\\/\\\/www.velomobileworld.com\\\/wp-content\\\/uploads\\\/2024\\\/12\\\/Midnightsun-Day-15.jpg\",\"width\":1920,\"height\":850,\"caption\":\"Colorful wooden buildings of Bryggen Wharf in Bergen, Norway, with boats docked in the harbor and a backdrop of mountains under a partly cloudy sky.\"},{\"@type\":\"BreadcrumbList\",\"@id\":\"https:\\\/\\\/www.velomobileworld.com\\\/fr\\\/en-route-vers-le-soleil-de-minuit-jour-3\\\/#breadcrumb\",\"itemListElement\":[{\"@type\":\"ListItem\",\"position\":1,\"name\":\"Home\",\"item\":\"https:\\\/\\\/www.velomobileworld.com\\\/fr\\\/\"},{\"@type\":\"ListItem\",\"position\":2,\"name\":\"En route vers le Soleil de Minuit (Jour 3)\"}]},{\"@type\":\"WebSite\",\"@id\":\"https:\\\/\\\/www.velomobileworld.com\\\/nl\\\/#website\",\"url\":\"https:\\\/\\\/www.velomobileworld.com\\\/nl\\\/\",\"name\":\"Velomobile World\",\"description\":\"\",\"potentialAction\":[{\"@type\":\"SearchAction\",\"target\":{\"@type\":\"EntryPoint\",\"urlTemplate\":\"https:\\\/\\\/www.velomobileworld.com\\\/nl\\\/?s={search_term_string}\"},\"query-input\":{\"@type\":\"PropertyValueSpecification\",\"valueRequired\":true,\"valueName\":\"search_term_string\"}}],\"inLanguage\":\"fr-FR\"},{\"@type\":\"Person\",\"@id\":\"https:\\\/\\\/www.velomobileworld.com\\\/nl\\\/#\\\/schema\\\/person\\\/c0c7c661ad3c8719ed05a7dc85d6fa12\",\"name\":\"Jan Wijnen\",\"image\":{\"@type\":\"ImageObject\",\"inLanguage\":\"fr-FR\",\"@id\":\"https:\\\/\\\/secure.gravatar.com\\\/avatar\\\/4802c8a6006d5895d73a1141e39ccf819bca7ec1dbfb26a6f4370880cefa109a?s=96&d=mm&r=g\",\"url\":\"https:\\\/\\\/secure.gravatar.com\\\/avatar\\\/4802c8a6006d5895d73a1141e39ccf819bca7ec1dbfb26a6f4370880cefa109a?s=96&d=mm&r=g\",\"contentUrl\":\"https:\\\/\\\/secure.gravatar.com\\\/avatar\\\/4802c8a6006d5895d73a1141e39ccf819bca7ec1dbfb26a6f4370880cefa109a?s=96&d=mm&r=g\",\"caption\":\"Jan Wijnen\"},\"url\":\"https:\\\/\\\/www.velomobileworld.com\\\/fr\\\/author\\\/jan-admin\\\/\"}]}<\/script>\n<!-- \/ Yoast SEO plugin. -->","yoast_head_json":{"title":"En route vers le Soleil de Minuit (Jour 3) | Velomobile World","description":"En route vers le Soleil de Minuit (Jour 3). Un nouveau voyage avec Brigitte et Fritz. D\u00e9couvrez leurs aventures. D\u00e9tails dans l'article.","robots":{"index":"index","follow":"follow","max-snippet":"max-snippet:-1","max-image-preview":"max-image-preview:large","max-video-preview":"max-video-preview:-1"},"canonical":"https:\/\/www.velomobileworld.com\/fr\/en-route-vers-le-soleil-de-minuit-jour-3\/","og_locale":"fr_FR","og_type":"article","og_title":"En route vers le Soleil de Minuit (Jour 3) | Velomobile World","og_description":"En route vers le Soleil de Minuit (Jour 3). Un nouveau voyage avec Brigitte et Fritz. D\u00e9couvrez leurs aventures. D\u00e9tails dans l'article.","og_url":"https:\/\/www.velomobileworld.com\/fr\/en-route-vers-le-soleil-de-minuit-jour-3\/","og_site_name":"Velomobile World","article_published_time":"2024-12-09T15:30:06+00:00","article_modified_time":"2025-07-25T10:09:13+00:00","og_image":[{"width":1920,"height":850,"url":"https:\/\/www.velomobileworld.com\/wp-content\/uploads\/2024\/12\/Midnightsun-Day-15.jpg","type":"image\/jpeg"}],"author":"Jan Wijnen","twitter_card":"summary_large_image","twitter_misc":{"\u00c9crit par":"Jan Wijnen","Dur\u00e9e de lecture estim\u00e9e":"2 minutes"},"schema":{"@context":"https:\/\/schema.org","@graph":[{"@type":"Article","@id":"https:\/\/www.velomobileworld.com\/fr\/en-route-vers-le-soleil-de-minuit-jour-3\/#article","isPartOf":{"@id":"https:\/\/www.velomobileworld.com\/fr\/en-route-vers-le-soleil-de-minuit-jour-3\/"},"author":{"name":"Jan Wijnen","@id":"https:\/\/www.velomobileworld.com\/nl\/#\/schema\/person\/c0c7c661ad3c8719ed05a7dc85d6fa12"},"headline":"En route vers le Soleil de Minuit (Jour 3)","datePublished":"2024-12-09T15:30:06+00:00","dateModified":"2025-07-25T10:09:13+00:00","mainEntityOfPage":{"@id":"https:\/\/www.velomobileworld.com\/fr\/en-route-vers-le-soleil-de-minuit-jour-3\/"},"wordCount":481,"commentCount":0,"image":{"@id":"https:\/\/www.velomobileworld.com\/fr\/en-route-vers-le-soleil-de-minuit-jour-3\/#primaryimage"},"thumbnailUrl":"https:\/\/www.velomobileworld.com\/wp-content\/uploads\/2024\/12\/Midnightsun-Day-15.jpg","articleSection":["Non classifi\u00e9(e)"],"inLanguage":"fr-FR","potentialAction":[{"@type":"CommentAction","name":"Comment","target":["https:\/\/www.velomobileworld.com\/fr\/en-route-vers-le-soleil-de-minuit-jour-3\/#respond"]}]},{"@type":"WebPage","@id":"https:\/\/www.velomobileworld.com\/fr\/en-route-vers-le-soleil-de-minuit-jour-3\/","url":"https:\/\/www.velomobileworld.com\/fr\/en-route-vers-le-soleil-de-minuit-jour-3\/","name":"En route vers le Soleil de Minuit (Jour 3) | Velomobile World","isPartOf":{"@id":"https:\/\/www.velomobileworld.com\/nl\/#website"},"primaryImageOfPage":{"@id":"https:\/\/www.velomobileworld.com\/fr\/en-route-vers-le-soleil-de-minuit-jour-3\/#primaryimage"},"image":{"@id":"https:\/\/www.velomobileworld.com\/fr\/en-route-vers-le-soleil-de-minuit-jour-3\/#primaryimage"},"thumbnailUrl":"https:\/\/www.velomobileworld.com\/wp-content\/uploads\/2024\/12\/Midnightsun-Day-15.jpg","datePublished":"2024-12-09T15:30:06+00:00","dateModified":"2025-07-25T10:09:13+00:00","author":{"@id":"https:\/\/www.velomobileworld.com\/nl\/#\/schema\/person\/c0c7c661ad3c8719ed05a7dc85d6fa12"},"description":"En route vers le Soleil de Minuit (Jour 3). Un nouveau voyage avec Brigitte et Fritz. D\u00e9couvrez leurs aventures. D\u00e9tails dans l'article.","breadcrumb":{"@id":"https:\/\/www.velomobileworld.com\/fr\/en-route-vers-le-soleil-de-minuit-jour-3\/#breadcrumb"},"inLanguage":"fr-FR","potentialAction":[{"@type":"ReadAction","target":["https:\/\/www.velomobileworld.com\/fr\/en-route-vers-le-soleil-de-minuit-jour-3\/"]}]},{"@type":"ImageObject","inLanguage":"fr-FR","@id":"https:\/\/www.velomobileworld.com\/fr\/en-route-vers-le-soleil-de-minuit-jour-3\/#primaryimage","url":"https:\/\/www.velomobileworld.com\/wp-content\/uploads\/2024\/12\/Midnightsun-Day-15.jpg","contentUrl":"https:\/\/www.velomobileworld.com\/wp-content\/uploads\/2024\/12\/Midnightsun-Day-15.jpg","width":1920,"height":850,"caption":"Colorful wooden buildings of Bryggen Wharf in Bergen, Norway, with boats docked in the harbor and a backdrop of mountains under a partly cloudy sky."},{"@type":"BreadcrumbList","@id":"https:\/\/www.velomobileworld.com\/fr\/en-route-vers-le-soleil-de-minuit-jour-3\/#breadcrumb","itemListElement":[{"@type":"ListItem","position":1,"name":"Home","item":"https:\/\/www.velomobileworld.com\/fr\/"},{"@type":"ListItem","position":2,"name":"En route vers le Soleil de Minuit (Jour 3)"}]},{"@type":"WebSite","@id":"https:\/\/www.velomobileworld.com\/nl\/#website","url":"https:\/\/www.velomobileworld.com\/nl\/","name":"Velomobile World","description":"","potentialAction":[{"@type":"SearchAction","target":{"@type":"EntryPoint","urlTemplate":"https:\/\/www.velomobileworld.com\/nl\/?s={search_term_string}"},"query-input":{"@type":"PropertyValueSpecification","valueRequired":true,"valueName":"search_term_string"}}],"inLanguage":"fr-FR"},{"@type":"Person","@id":"https:\/\/www.velomobileworld.com\/nl\/#\/schema\/person\/c0c7c661ad3c8719ed05a7dc85d6fa12","name":"Jan Wijnen","image":{"@type":"ImageObject","inLanguage":"fr-FR","@id":"https:\/\/secure.gravatar.com\/avatar\/4802c8a6006d5895d73a1141e39ccf819bca7ec1dbfb26a6f4370880cefa109a?s=96&d=mm&r=g","url":"https:\/\/secure.gravatar.com\/avatar\/4802c8a6006d5895d73a1141e39ccf819bca7ec1dbfb26a6f4370880cefa109a?s=96&d=mm&r=g","contentUrl":"https:\/\/secure.gravatar.com\/avatar\/4802c8a6006d5895d73a1141e39ccf819bca7ec1dbfb26a6f4370880cefa109a?s=96&d=mm&r=g","caption":"Jan Wijnen"},"url":"https:\/\/www.velomobileworld.com\/fr\/author\/jan-admin\/"}]}},"_links":{"self":[{"href":"https:\/\/www.velomobileworld.com\/fr\/wp-json\/wp\/v2\/posts\/7211","targetHints":{"allow":["GET"]}}],"collection":[{"href":"https:\/\/www.velomobileworld.com\/fr\/wp-json\/wp\/v2\/posts"}],"about":[{"href":"https:\/\/www.velomobileworld.com\/fr\/wp-json\/wp\/v2\/types\/post"}],"author":[{"embeddable":true,"href":"https:\/\/www.velomobileworld.com\/fr\/wp-json\/wp\/v2\/users\/4"}],"replies":[{"embeddable":true,"href":"https:\/\/www.velomobileworld.com\/fr\/wp-json\/wp\/v2\/comments?post=7211"}],"version-history":[{"count":1,"href":"https:\/\/www.velomobileworld.com\/fr\/wp-json\/wp\/v2\/posts\/7211\/revisions"}],"predecessor-version":[{"id":100570,"href":"https:\/\/www.velomobileworld.com\/fr\/wp-json\/wp\/v2\/posts\/7211\/revisions\/100570"}],"wp:featuredmedia":[{"embeddable":true,"href":"https:\/\/www.velomobileworld.com\/fr\/wp-json\/wp\/v2\/media\/5973"}],"wp:attachment":[{"href":"https:\/\/www.velomobileworld.com\/fr\/wp-json\/wp\/v2\/media?parent=7211"}],"wp:term":[{"taxonomy":"category","embeddable":true,"href":"https:\/\/www.velomobileworld.com\/fr\/wp-json\/wp\/v2\/categories?post=7211"},{"taxonomy":"post_tag","embeddable":true,"href":"https:\/\/www.velomobileworld.com\/fr\/wp-json\/wp\/v2\/tags?post=7211"}],"curies":[{"name":"wp","href":"https:\/\/api.w.org\/{rel}","templated":true}]}}