{"id":7260,"date":"2024-12-10T15:46:37","date_gmt":"2024-12-10T14:46:37","guid":{"rendered":"https:\/\/velomobileworld.convident.dev\/en-route-vers-le-soleil-de-minuit-jour-49\/"},"modified":"2025-07-25T12:09:08","modified_gmt":"2025-07-25T10:09:08","slug":"en-route-vers-le-soleil-de-minuit-jour-49","status":"publish","type":"post","link":"https:\/\/www.velomobileworld.com\/fr\/en-route-vers-le-soleil-de-minuit-jour-49\/","title":{"rendered":"En route vers le Soleil de Minuit (Jour 49)"},"content":{"rendered":"<p style=\"text-align: left;\"><span style=\"color: #ff0000;\"><strong>En route vers le Soleil de Minuit. Un voyage en v\u00e9lomobile avec Brigitte et Fritz.<\/strong><\/span><\/p>\n<p style=\"text-align: left;\"><strong>Allemagne &gt; Danemark &gt; Norv\u00e8ge &gt; Cap Nord (Nordkapp) &gt; Finlande &gt; Allemagne<\/strong><\/p>\n<p style=\"text-align: left;\"><strong>&#8212;&#8212;&#8212;&#8212;&#8212;&#8212;&#8212;&#8212;&#8212;&#8212;&#8211;<\/strong><\/p>\n<p style=\"text-align: left;\">D\u00e9couvrez\u00a0<a href=\"https:\/\/www.velomobileworld.com\/fr\/un-velomobile-voyage-en-route-vers-le-soleil-de-minuit-tous-les-jours\/\" target=\"_blank\" rel=\"noopener\">ICI<\/a>\u00a0Toutes les Journ\u00e9es du Voyage \u00ab\u00a0En route vers le Soleil de Minuit\u00a0\u00bb<\/p>\n<p style=\"text-align: left;\"><strong>&#8212;&#8212;&#8212;&#8212;&#8212;&#8212;&#8212;&#8212;&#8212;&#8212;&#8211;<\/strong><\/p>\n<p>&nbsp;<\/p>\n<p style=\"text-align: left;\"><strong>Jour 49 | Vaasa &#8211; Nummij\u00e4rvi | 137 KM | 470 HM<\/strong><\/p>\n<p>&nbsp;<\/p>\n<p style=\"text-align: left;\">Quelques impressions sur Vaasa.<\/p>\n<p>&nbsp;<\/p>\n<p style=\"text-align: left;\">Je suis pass\u00e9 devant l&rsquo;Institut d&rsquo;exp\u00e9rimentation \u00e9nerg\u00e9tique ou quelque chose comme \u00e7a \u00e0 l&rsquo;universit\u00e9 de Vaas. \u00c0 c\u00f4t\u00e9, il y a une \u00ab v\u00e9ritable centrale \u00e9nerg\u00e9tique \u00bb. La tour transform\u00e9e en cool en fait \u00e9galement partie.<\/p>\n<p>&nbsp;<\/p>\n<p style=\"text-align: left;\">Au coin de la rue, un b\u00e2timent vient d&rsquo;\u00eatre d\u00e9moli. Derri\u00e8re, un mus\u00e9e d&rsquo;art dans un vieux b\u00e2timent.<\/p>\n<p>&nbsp;<\/p>\n<p style=\"text-align: left;\">Et quelques kilom\u00e8tres plus loin. Il est int\u00e9ressant de constater \u00e0 quel point des choses similaires peuvent \u00eatre proches les unes des autres.<\/p>\n<p>&nbsp;<\/p>\n<p style=\"text-align: left;\">Nombreux sont ceux qui ont des \u00e9chelles de piscine sur leur maison. Elles servent d&rsquo;escaliers de secours \u00e0 c\u00f4t\u00e9 des fen\u00eatres ou d&rsquo;acc\u00e8s \u00e0 la chemin\u00e9e sur le toit.<\/p>\n<p>&nbsp;<\/p>\n<p style=\"text-align: left;\">Aujourd&rsquo;hui, nous avons emprunt\u00e9 la route secondaire absolue. Quelle tranquillit\u00e9 ! Sur certains tron\u00e7ons, il y avait une voiture toutes les 10 minutes.<\/p>\n<p>&nbsp;<\/p>\n<p style=\"text-align: left;\">Il y a quelques jours, nous avons eu l&rsquo;id\u00e9e de remplacer le beurre manquant sur le pain par de la mayonnaise au concombre. L&rsquo;origine en \u00e9tait un reste pour la salade. C&rsquo;est assez savoureux, car le pain ici est souvent tr\u00e8s sec. La photo a \u00e9t\u00e9 prise lors d&rsquo;un d\u00e9jeuner \u00e0 Jarvu. Un nid abandonn\u00e9 par Dieu. Nous \u00e9tions assis sur un banc devant le supermarch\u00e9. Sur le parking devant le supermarch\u00e9 se trouvaient 2 \u00e0 4 voitures. Pendant que nous \u00e9tions assis et que nous mangions, le parking se remplissait de plus en plus. Nous nous demandions s&rsquo;ils \u00e9taient tous venus pour nous et si l&rsquo;endroit allait bient\u00f4t devoir \u00eatre ferm\u00e9 \u00e0 cause de la surpopulation. Il y avait d\u00e9j\u00e0 une bonne vingtaine de voitures.<\/p>\n<p>&nbsp;<\/p>\n<p style=\"text-align: left;\">On remarque qu&rsquo;en Finlande, beaucoup de gens se contentent de nous regarder et ne nous parlent pas. S&rsquo;ils le font et que nous leur demandons s&rsquo;ils connaissent l&rsquo;anglais, c&rsquo;est g\u00e9n\u00e9ralement termin\u00e9. On peut alors continuer avec des panneaux et pr\u00e9ciser qu&rsquo;il faut p\u00e9daler dans les v\u00e9lomobiles comme sur une bicyclette.<br \/>\nMais derri\u00e8re le village, il y avait un stade de biathlon et, un peu plus tard, une piste de sports motoris\u00e9s, le Botniaring de 4 km. Peut-\u00eatre pour la prochaine tentative de record ? Ce que j&rsquo;essaie de dire, c&rsquo;est que l&rsquo;endroit n&rsquo;est pas si mort que \u00e7a.<\/p>\n<p>&nbsp;<\/p>\n<p style=\"text-align: left;\">En m\u00eame temps, les abribus d\u00e9labr\u00e9s en disent long. Il en va de m\u00eame pour l&rsquo;\u00e9tat des maisons. Il est frappant de constater le nombre de maisons en ruine. Peut-\u00eatre 1 \u00e0 2 sur 10. Certaines d&rsquo;entre elles \u00e9taient tr\u00e8s belles. Quand on pense \u00e0 ce que les gens y ont mis en termes d&rsquo;id\u00e9es, de travail et d&rsquo;espoirs, et \u00e0 ce qu&rsquo;il peut en advenir, le caract\u00e8re \u00e9ph\u00e9m\u00e8re devient tellement tangible. L&rsquo;\u00e9ph\u00e9m\u00e8re devient si tangible.<\/p>\n<p>&nbsp;<\/p>\n<p style=\"text-align: left;\">Il est \u00e9tonnant de constater \u00e0 quel point nous sommes pass\u00e9s inaper\u00e7us aujourd&rsquo;hui.<\/p>\n<p>&nbsp;<\/p>\n<p style=\"text-align: left;\">11 \u20ac est le prix du site un peu \u00e0 l&rsquo;\u00e9cart des routes principales. Pelouse fantastique et nous avons presque tout ce qu&rsquo;il faut pour nous.<\/p>\n<p style=\"text-align: left;\"><strong>&#8230;&#8230;&#8230;&#8230;&#8230;&#8230;&#8230;&#8230;&#8230;&#8230;&#8230;&#8230;&#8230;&#8230;&#8230;&#8230;&#8230;..<\/strong><\/p>\n<p><a href=\"https:\/\/www.velomobileworld.com\/fr\/52-2-height-limit-for-trucks-2-2\/?utm_source=Article_Banner&#038;utm_medium=Article&#038;utm_campaign=Blog\"><img loading=\"lazy\" decoding=\"async\" class=\"ls-is-cached lazyloaded alignnone wp-image-51363\" src=\"https:\/\/www.velomobileworld.com\/wp-content\/uploads\/2024\/08\/1-discover-velomobiles.png\" alt=\"Discover the velomobiles\" width=\"450\" height=\"74\" data-src=\"https:\/\/www.velomobileworld.com\/wp-content\/uploads\/2024\/07\/1-configure-july2024.jpg\" \/><\/a><\/p>\n<p style=\"text-align: left;\"><strong>&#8230;&#8230;&#8230;&#8230;&#8230;&#8230;&#8230;&#8230;&#8230;&#8230;&#8230;&#8230;&#8230;&#8230;&#8230;&#8230;&#8230;..<\/strong><\/p>\n<p><a href=\"https:\/\/www.velomobileworld.com\/wp-content\/uploads\/2024\/08\/49-map-1-627x1024.jpeg\"><img loading=\"lazy\" decoding=\"async\" class=\"alignnone wp-image-53949\" src=\"https:\/\/www.velomobileworld.com\/wp-content\/uploads\/2024\/08\/49-map-1-627x1024.jpeg\" alt=\"\" width=\"450\" height=\"735\" \/><\/a><\/p>\n<p><a href=\"https:\/\/www.velomobileworld.com\/wp-content\/uploads\/2024\/08\/49-map-2-1004x1024.jpeg\"><img loading=\"lazy\" decoding=\"async\" class=\"alignnone wp-image-53954\" src=\"https:\/\/www.velomobileworld.com\/wp-content\/uploads\/2024\/08\/49-map-2-1004x1024.jpeg\" alt=\"\" width=\"450\" height=\"459\" \/><\/a><\/p>\n<p><a href=\"https:\/\/www.velomobileworld.com\/wp-content\/uploads\/2024\/08\/49-1-In-Vaasa-1024x768.jpeg\"><img loading=\"lazy\" decoding=\"async\" class=\"alignnone wp-image-53959\" src=\"https:\/\/www.velomobileworld.com\/wp-content\/uploads\/2024\/08\/49-1-In-Vaasa-1024x768.jpeg\" alt=\"\" width=\"450\" height=\"338\" \/><\/a><\/p>\n<p style=\"text-align: left;\"><img decoding=\"async\" class=\"emoji ls-is-cached lazyloaded\" role=\"img\" draggable=\"false\" src=\"https:\/\/s.w.org\/images\/core\/emoji\/13.1.0\/svg\/2b06.svg\" alt=\"\u2b06\ufe0f\" data-src=\"https:\/\/s.w.org\/images\/core\/emoji\/13.1.0\/svg\/2b06.svg\" \/> In Vaasa \/ \u00c0 Vaasa<\/p>\n<p><a href=\"https:\/\/www.velomobileworld.com\/wp-content\/uploads\/2024\/08\/49-2-Institut-for-energy-experiments-1024x768.jpg\"><img loading=\"lazy\" decoding=\"async\" class=\"alignnone wp-image-54089\" src=\"https:\/\/www.velomobileworld.com\/wp-content\/uploads\/2024\/08\/49-2-Institut-for-energy-experiments-1024x768.jpg\" alt=\"\" width=\"450\" height=\"338\" \/><\/a><\/p>\n<p style=\"text-align: left;\"><img decoding=\"async\" class=\"emoji ls-is-cached lazyloaded\" role=\"img\" draggable=\"false\" src=\"https:\/\/s.w.org\/images\/core\/emoji\/13.1.0\/svg\/2b06.svg\" alt=\"\u2b06\ufe0f\" data-src=\"https:\/\/s.w.org\/images\/core\/emoji\/13.1.0\/svg\/2b06.svg\" \/> Institute for energy experiments \/ Institut f\u00fcr Energieexperimente \/ Institut d&rsquo;exp\u00e9rimentation \u00e9nerg\u00e9tique<\/p>\n<p><a href=\"https:\/\/www.velomobileworld.com\/wp-content\/uploads\/2024\/08\/49-3-Energy-plant-1024x768.jpeg\"><img loading=\"lazy\" decoding=\"async\" class=\"alignnone wp-image-53969\" src=\"https:\/\/www.velomobileworld.com\/wp-content\/uploads\/2024\/08\/49-3-Energy-plant-1024x768.jpeg\" alt=\"\" width=\"450\" height=\"338\" \/><\/a><\/p>\n<p style=\"text-align: left;\"><img decoding=\"async\" class=\"emoji ls-is-cached lazyloaded\" role=\"img\" draggable=\"false\" src=\"https:\/\/s.w.org\/images\/core\/emoji\/13.1.0\/svg\/2b06.svg\" alt=\"\u2b06\ufe0f\" data-src=\"https:\/\/s.w.org\/images\/core\/emoji\/13.1.0\/svg\/2b06.svg\" \/> Energy plant \/ Energieanlage \/ Centrale \u00e9nerg\u00e9tique<\/p>\n<p><a href=\"https:\/\/www.velomobileworld.com\/wp-content\/uploads\/2024\/08\/49-4-1024x815.jpeg\"><img loading=\"lazy\" decoding=\"async\" class=\"alignnone wp-image-53974\" src=\"https:\/\/www.velomobileworld.com\/wp-content\/uploads\/2024\/08\/49-4-1024x815.jpeg\" alt=\"\" width=\"450\" height=\"358\" \/><\/a><a href=\"https:\/\/www.velomobileworld.com\/wp-content\/uploads\/2024\/08\/49-5-1024x768.jpeg\"><img loading=\"lazy\" decoding=\"async\" class=\"alignnone wp-image-53979\" src=\"https:\/\/www.velomobileworld.com\/wp-content\/uploads\/2024\/08\/49-5-1024x768.jpeg\" alt=\"\" width=\"450\" height=\"338\" \/><\/a><a href=\"https:\/\/www.velomobileworld.com\/wp-content\/uploads\/2024\/08\/49-6-1024x768.jpeg\"><img loading=\"lazy\" decoding=\"async\" class=\"alignnone wp-image-53984\" src=\"https:\/\/www.velomobileworld.com\/wp-content\/uploads\/2024\/08\/49-6-1024x768.jpeg\" alt=\"\" width=\"450\" height=\"338\" \/><\/a><a href=\"https:\/\/www.velomobileworld.com\/wp-content\/uploads\/2024\/08\/49-7-Museum-of-art-1024x768.jpeg\"><img loading=\"lazy\" decoding=\"async\" class=\"alignnone wp-image-53989\" src=\"https:\/\/www.velomobileworld.com\/wp-content\/uploads\/2024\/08\/49-7-Museum-of-art-1024x768.jpeg\" alt=\"\" width=\"450\" height=\"338\" \/><\/a><\/p>\n<p style=\"text-align: left;\"><img decoding=\"async\" class=\"emoji ls-is-cached lazyloaded\" role=\"img\" draggable=\"false\" src=\"https:\/\/s.w.org\/images\/core\/emoji\/13.1.0\/svg\/2b06.svg\" alt=\"\u2b06\ufe0f\" data-src=\"https:\/\/s.w.org\/images\/core\/emoji\/13.1.0\/svg\/2b06.svg\" \/> Museum of art \/ Museum f\u00fcr Kunst \/ Mus\u00e9e d&rsquo;art<\/p>\n<p><a href=\"https:\/\/www.velomobileworld.com\/wp-content\/uploads\/2024\/08\/49-8-Modern-windmill-1024x694.jpeg\"><img loading=\"lazy\" decoding=\"async\" class=\"alignnone wp-image-53994\" src=\"https:\/\/www.velomobileworld.com\/wp-content\/uploads\/2024\/08\/49-8-Modern-windmill-1024x694.jpeg\" alt=\"\" width=\"450\" height=\"305\" \/><\/a><\/p>\n<p style=\"text-align: left;\"><img decoding=\"async\" class=\"emoji ls-is-cached lazyloaded\" role=\"img\" draggable=\"false\" src=\"https:\/\/s.w.org\/images\/core\/emoji\/13.1.0\/svg\/2b06.svg\" alt=\"\u2b06\ufe0f\" data-src=\"https:\/\/s.w.org\/images\/core\/emoji\/13.1.0\/svg\/2b06.svg\" \/> Modern windmill \/ Moderne Windm\u00fchle \/ Moulin \u00e0 vent moderne<\/p>\n<p><a href=\"https:\/\/www.velomobileworld.com\/wp-content\/uploads\/2024\/08\/49-9-Historic-windmill-1024x800.jpeg\"><img loading=\"lazy\" decoding=\"async\" class=\"alignnone wp-image-53999\" src=\"https:\/\/www.velomobileworld.com\/wp-content\/uploads\/2024\/08\/49-9-Historic-windmill-1024x800.jpeg\" alt=\"\" width=\"450\" height=\"352\" \/><\/a><\/p>\n<p style=\"text-align: left;\"><img decoding=\"async\" class=\"emoji ls-is-cached lazyloaded\" role=\"img\" draggable=\"false\" src=\"https:\/\/s.w.org\/images\/core\/emoji\/13.1.0\/svg\/2b06.svg\" alt=\"\u2b06\ufe0f\" data-src=\"https:\/\/s.w.org\/images\/core\/emoji\/13.1.0\/svg\/2b06.svg\" \/> Historic windmill \/ Historische Windm\u00fchle \/ Moulin \u00e0 vent historique<\/p>\n<p><a href=\"https:\/\/www.velomobileworld.com\/wp-content\/uploads\/2024\/08\/49-10-1024x726.jpeg\"><img loading=\"lazy\" decoding=\"async\" class=\"alignnone wp-image-54004\" src=\"https:\/\/www.velomobileworld.com\/wp-content\/uploads\/2024\/08\/49-10-1024x726.jpeg\" alt=\"\" width=\"450\" height=\"319\" \/><\/a><a href=\"https:\/\/www.velomobileworld.com\/wp-content\/uploads\/2024\/08\/49-11-1024x768.jpeg\"><img loading=\"lazy\" decoding=\"async\" class=\"alignnone wp-image-54009\" src=\"https:\/\/www.velomobileworld.com\/wp-content\/uploads\/2024\/08\/49-11-1024x768.jpeg\" alt=\"\" width=\"450\" height=\"338\" \/><\/a><a href=\"https:\/\/www.velomobileworld.com\/wp-content\/uploads\/2024\/08\/49-12-Mayo-1024x936.jpeg\"><img loading=\"lazy\" decoding=\"async\" class=\"alignnone wp-image-54014\" src=\"https:\/\/www.velomobileworld.com\/wp-content\/uploads\/2024\/08\/49-12-Mayo-1024x936.jpeg\" alt=\"\" width=\"450\" height=\"411\" \/><\/a><\/p>\n<p style=\"text-align: left;\"><img decoding=\"async\" class=\"emoji ls-is-cached lazyloaded\" role=\"img\" draggable=\"false\" src=\"https:\/\/s.w.org\/images\/core\/emoji\/13.1.0\/svg\/2b06.svg\" alt=\"\u2b06\ufe0f\" data-src=\"https:\/\/s.w.org\/images\/core\/emoji\/13.1.0\/svg\/2b06.svg\" \/> Mayo<\/p>\n<p><a href=\"https:\/\/www.velomobileworld.com\/wp-content\/uploads\/2024\/08\/49-13-Biathlon-Stadion-1024x768.jpeg\"><img loading=\"lazy\" decoding=\"async\" class=\"alignnone wp-image-54019\" src=\"https:\/\/www.velomobileworld.com\/wp-content\/uploads\/2024\/08\/49-13-Biathlon-Stadion-1024x768.jpeg\" alt=\"\" width=\"450\" height=\"338\" \/><\/a><\/p>\n<p style=\"text-align: left;\"><img decoding=\"async\" class=\"emoji ls-is-cached lazyloaded\" role=\"img\" draggable=\"false\" src=\"https:\/\/s.w.org\/images\/core\/emoji\/13.1.0\/svg\/2b06.svg\" alt=\"\u2b06\ufe0f\" data-src=\"https:\/\/s.w.org\/images\/core\/emoji\/13.1.0\/svg\/2b06.svg\" \/> Biathlon stadium \/ Biathlon-Stadion \/ Stade de biathlon<\/p>\n<p><a href=\"https:\/\/www.velomobileworld.com\/wp-content\/uploads\/2024\/08\/49-14-Motorsport-ring-1024x768.jpeg\"><img loading=\"lazy\" decoding=\"async\" class=\"alignnone wp-image-54024\" src=\"https:\/\/www.velomobileworld.com\/wp-content\/uploads\/2024\/08\/49-14-Motorsport-ring-1024x768.jpeg\" alt=\"\" width=\"450\" height=\"338\" \/><\/a><\/p>\n<p style=\"text-align: left;\"><img decoding=\"async\" class=\"emoji ls-is-cached lazyloaded\" role=\"img\" draggable=\"false\" src=\"https:\/\/s.w.org\/images\/core\/emoji\/13.1.0\/svg\/2b06.svg\" alt=\"\u2b06\ufe0f\" data-src=\"https:\/\/s.w.org\/images\/core\/emoji\/13.1.0\/svg\/2b06.svg\" \/> Motorsport ring \/ Motorsport-Ring \/ Anneau Motorsport<\/p>\n<p><a href=\"https:\/\/www.velomobileworld.com\/wp-content\/uploads\/2024\/08\/49-15-Motorsport-ring-1024x768.jpeg\"><img loading=\"lazy\" decoding=\"async\" class=\"alignnone wp-image-54029\" src=\"https:\/\/www.velomobileworld.com\/wp-content\/uploads\/2024\/08\/49-15-Motorsport-ring-1024x768.jpeg\" alt=\"\" width=\"450\" height=\"338\" \/><\/a><\/p>\n<p style=\"text-align: left;\"><img decoding=\"async\" class=\"emoji ls-is-cached lazyloaded\" role=\"img\" draggable=\"false\" src=\"https:\/\/s.w.org\/images\/core\/emoji\/13.1.0\/svg\/2b06.svg\" alt=\"\u2b06\ufe0f\" data-src=\"https:\/\/s.w.org\/images\/core\/emoji\/13.1.0\/svg\/2b06.svg\" \/> Motorsport ring \/ Motorsport-Ring \/ Anneau Motorsport<\/p>\n<p><a href=\"https:\/\/www.velomobileworld.com\/wp-content\/uploads\/2024\/08\/49-16-Bus-shelter-1024x815.jpeg\"><img loading=\"lazy\" decoding=\"async\" class=\"alignnone wp-image-54034\" src=\"https:\/\/www.velomobileworld.com\/wp-content\/uploads\/2024\/08\/49-16-Bus-shelter-1024x815.jpeg\" alt=\"\" width=\"450\" height=\"358\" \/><\/a><\/p>\n<p style=\"text-align: left;\"><img decoding=\"async\" class=\"emoji ls-is-cached lazyloaded\" role=\"img\" draggable=\"false\" src=\"https:\/\/s.w.org\/images\/core\/emoji\/13.1.0\/svg\/2b06.svg\" alt=\"\u2b06\ufe0f\" data-src=\"https:\/\/s.w.org\/images\/core\/emoji\/13.1.0\/svg\/2b06.svg\" \/> Bus shelter \/ Buswarteh\u00e4uschen \/ Abribus<\/p>\n<p><a href=\"https:\/\/www.velomobileworld.com\/wp-content\/uploads\/2024\/08\/49-17-Pony-farm-1024x768.jpeg\"><img loading=\"lazy\" decoding=\"async\" class=\"alignnone wp-image-54039\" src=\"https:\/\/www.velomobileworld.com\/wp-content\/uploads\/2024\/08\/49-17-Pony-farm-1024x768.jpeg\" alt=\"\" width=\"450\" height=\"338\" \/><\/a><\/p>\n<p style=\"text-align: left;\"><img decoding=\"async\" class=\"emoji ls-is-cached lazyloaded\" role=\"img\" draggable=\"false\" src=\"https:\/\/s.w.org\/images\/core\/emoji\/13.1.0\/svg\/2b06.svg\" alt=\"\u2b06\ufe0f\" data-src=\"https:\/\/s.w.org\/images\/core\/emoji\/13.1.0\/svg\/2b06.svg\" \/> Pony farm \/ Ponyhof \/ Ferme \u00e0 poneys<\/p>\n<p><a href=\"https:\/\/www.velomobileworld.com\/wp-content\/uploads\/2024\/08\/49-18-1024x703.jpeg\"><img loading=\"lazy\" decoding=\"async\" class=\"alignnone wp-image-54044\" src=\"https:\/\/www.velomobileworld.com\/wp-content\/uploads\/2024\/08\/49-18-1024x703.jpeg\" alt=\"\" width=\"450\" height=\"309\" \/><\/a><a href=\"https:\/\/www.velomobileworld.com\/wp-content\/uploads\/2024\/08\/49-19-1024x768.jpeg\"><img loading=\"lazy\" decoding=\"async\" class=\"alignnone wp-image-54049\" src=\"https:\/\/www.velomobileworld.com\/wp-content\/uploads\/2024\/08\/49-19-1024x768.jpeg\" alt=\"\" width=\"450\" height=\"338\" \/><\/a><a href=\"https:\/\/www.velomobileworld.com\/wp-content\/uploads\/2024\/08\/49-20-Empty-old-house-1024x768.jpeg\"><img loading=\"lazy\" decoding=\"async\" class=\"alignnone wp-image-54054\" src=\"https:\/\/www.velomobileworld.com\/wp-content\/uploads\/2024\/08\/49-20-Empty-old-house-1024x768.jpeg\" alt=\"\" width=\"450\" height=\"338\" \/><\/a><\/p>\n<p style=\"text-align: left;\"><img decoding=\"async\" class=\"emoji ls-is-cached lazyloaded\" role=\"img\" draggable=\"false\" src=\"https:\/\/s.w.org\/images\/core\/emoji\/13.1.0\/svg\/2b06.svg\" alt=\"\u2b06\ufe0f\" data-src=\"https:\/\/s.w.org\/images\/core\/emoji\/13.1.0\/svg\/2b06.svg\" \/> Empty old house \/ Leerstehendes altes Haus \/ Vieille maison vide<\/p>\n<p><a href=\"https:\/\/www.velomobileworld.com\/wp-content\/uploads\/2024\/08\/49-21-1024x768.jpeg\"><img loading=\"lazy\" decoding=\"async\" class=\"alignnone wp-image-54059\" src=\"https:\/\/www.velomobileworld.com\/wp-content\/uploads\/2024\/08\/49-21-1024x768.jpeg\" alt=\"\" width=\"450\" height=\"338\" \/><\/a><a href=\"https:\/\/www.velomobileworld.com\/wp-content\/uploads\/2024\/08\/49-22-1024x768.jpeg\"><img loading=\"lazy\" decoding=\"async\" class=\"alignnone wp-image-54064\" src=\"https:\/\/www.velomobileworld.com\/wp-content\/uploads\/2024\/08\/49-22-1024x768.jpeg\" alt=\"\" width=\"450\" height=\"338\" \/><\/a><a href=\"https:\/\/www.velomobileworld.com\/wp-content\/uploads\/2024\/08\/49-23-Camping-1024x768.jpeg\"><img loading=\"lazy\" decoding=\"async\" class=\"alignnone wp-image-54069\" src=\"https:\/\/www.velomobileworld.com\/wp-content\/uploads\/2024\/08\/49-23-Camping-1024x768.jpeg\" alt=\"\" width=\"450\" height=\"338\" \/><\/a><\/p>\n<p style=\"text-align: left;\"><img decoding=\"async\" class=\"emoji ls-is-cached lazyloaded\" role=\"img\" draggable=\"false\" src=\"https:\/\/s.w.org\/images\/core\/emoji\/13.1.0\/svg\/2b06.svg\" alt=\"\u2b06\ufe0f\" data-src=\"https:\/\/s.w.org\/images\/core\/emoji\/13.1.0\/svg\/2b06.svg\" \/> Camping \/ Campingplatz<\/p>\n<p><a href=\"https:\/\/www.velomobileworld.com\/wp-content\/uploads\/2024\/08\/49-24-1024x768.jpeg\"><img loading=\"lazy\" decoding=\"async\" class=\"alignnone wp-image-54074\" src=\"https:\/\/www.velomobileworld.com\/wp-content\/uploads\/2024\/08\/49-24-1024x768.jpeg\" alt=\"\" width=\"450\" height=\"338\" \/><\/a><a href=\"https:\/\/www.velomobileworld.com\/wp-content\/uploads\/2024\/08\/49-25-Sun-downer-1024x768.jpeg\"><img loading=\"lazy\" decoding=\"async\" class=\"alignnone wp-image-54079\" src=\"https:\/\/www.velomobileworld.com\/wp-content\/uploads\/2024\/08\/49-25-Sun-downer-1024x768.jpeg\" alt=\"\" width=\"450\" height=\"338\" \/><\/a><\/p>\n<p style=\"text-align: left;\"><img decoding=\"async\" class=\"emoji ls-is-cached lazyloaded\" role=\"img\" draggable=\"false\" src=\"https:\/\/s.w.org\/images\/core\/emoji\/13.1.0\/svg\/2b06.svg\" alt=\"\u2b06\ufe0f\" data-src=\"https:\/\/s.w.org\/images\/core\/emoji\/13.1.0\/svg\/2b06.svg\" \/> Sun downer \/ Wermutstropfen \/ Baisse du soleil<\/p>\n<p><a href=\"https:\/\/www.velomobileworld.com\/wp-content\/uploads\/2024\/08\/49-26-Evening-at-21.30-h-1024x768.jpeg\"><img loading=\"lazy\" decoding=\"async\" class=\"alignnone wp-image-54084\" src=\"https:\/\/www.velomobileworld.com\/wp-content\/uploads\/2024\/08\/49-26-Evening-at-21.30-h-1024x768.jpeg\" alt=\"\" width=\"450\" height=\"338\" \/><\/a><\/p>\n<p style=\"text-align: left;\"><img decoding=\"async\" class=\"emoji ls-is-cached lazyloaded\" role=\"img\" draggable=\"false\" src=\"https:\/\/s.w.org\/images\/core\/emoji\/13.1.0\/svg\/2b06.svg\" alt=\"\u2b06\ufe0f\" data-src=\"https:\/\/s.w.org\/images\/core\/emoji\/13.1.0\/svg\/2b06.svg\" \/> Evening at 21.30 h \/ Abend um 21.30 Uhr \/ Soir\u00e9e \u00e0 21h30<\/p>\n<p style=\"text-align: left;\"><strong>&#8230;&#8230;&#8230;&#8230;&#8230;&#8230;&#8230;&#8230;&#8230;&#8230;&#8230;&#8230;&#8230;&#8230;&#8230;&#8230;&#8230;&#8230;<\/strong><\/p>\n<p style=\"text-align: left;\"><a href=\"https:\/\/www.velomobileworld.com\/fr\/road-trip-velomobile-35-jours-avec-brigitte-et-fritz\/\" target=\"_blank\" rel=\"noopener\">2022 VELOMOBILE ROAD TRIP: 35 DAYS WITH BRIGITTE AND FRITZ (EN\/DE\/FR)<\/a><\/p>\n","protected":false},"excerpt":{"rendered":"<p>En route vers le Soleil de Minuit. Un voyage en v\u00e9lomobile avec Brigitte et Fritz. Allemagne &gt; Danemark &gt; Norv\u00e8ge [&hellip;]<\/p>\n","protected":false},"author":4,"featured_media":6407,"comment_status":"open","ping_status":"closed","sticky":false,"template":"","format":"standard","meta":{"_acf_changed":false,"footnotes":""},"categories":[691],"tags":[],"class_list":["post-7260","post","type-post","status-publish","format-standard","has-post-thumbnail","hentry","category-non-classifiee"],"acf":[],"yoast_head":"<!-- This site is optimized with the Yoast SEO plugin v27.5 - https:\/\/yoast.com\/product\/yoast-seo-wordpress\/ -->\n<title>En route vers le Soleil de Minuit (Jour 49) | Velomobile World<\/title>\n<meta name=\"description\" content=\"En route vers le Soleil de Minuit (Jour 49). Un nouveau voyage avec Brigitte et Fritz. D\u00e9couvrez leurs aventures. D\u00e9tails dans l`article.\" \/>\n<meta name=\"robots\" content=\"index, follow, max-snippet:-1, max-image-preview:large, max-video-preview:-1\" \/>\n<link rel=\"canonical\" href=\"https:\/\/www.velomobileworld.com\/fr\/en-route-vers-le-soleil-de-minuit-jour-49\/\" \/>\n<meta property=\"og:locale\" content=\"fr_FR\" \/>\n<meta property=\"og:type\" content=\"article\" \/>\n<meta property=\"og:title\" content=\"En route vers le Soleil de Minuit (Jour 49) | Velomobile World\" \/>\n<meta property=\"og:description\" content=\"En route vers le Soleil de Minuit (Jour 49). Un nouveau voyage avec Brigitte et Fritz. D\u00e9couvrez leurs aventures. D\u00e9tails dans l`article.\" \/>\n<meta property=\"og:url\" content=\"https:\/\/www.velomobileworld.com\/fr\/en-route-vers-le-soleil-de-minuit-jour-49\/\" \/>\n<meta property=\"og:site_name\" content=\"Velomobile World\" \/>\n<meta property=\"article:published_time\" content=\"2024-12-10T14:46:37+00:00\" \/>\n<meta property=\"article:modified_time\" content=\"2025-07-25T10:09:08+00:00\" \/>\n<meta property=\"og:image\" content=\"https:\/\/www.velomobileworld.com\/wp-content\/uploads\/2024\/12\/Midnightsun-Day-49.jpg\" \/>\n\t<meta property=\"og:image:width\" content=\"1920\" \/>\n\t<meta property=\"og:image:height\" content=\"850\" \/>\n\t<meta property=\"og:image:type\" content=\"image\/jpeg\" \/>\n<meta name=\"author\" content=\"Jan Wijnen\" \/>\n<meta name=\"twitter:card\" content=\"summary_large_image\" \/>\n<meta name=\"twitter:label1\" content=\"\u00c9crit par\" \/>\n\t<meta name=\"twitter:data1\" content=\"Jan Wijnen\" \/>\n\t<meta name=\"twitter:label2\" content=\"Dur\u00e9e de lecture estim\u00e9e\" \/>\n\t<meta name=\"twitter:data2\" content=\"3 minutes\" \/>\n<script type=\"application\/ld+json\" class=\"yoast-schema-graph\">{\"@context\":\"https:\\\/\\\/schema.org\",\"@graph\":[{\"@type\":\"Article\",\"@id\":\"https:\\\/\\\/www.velomobileworld.com\\\/fr\\\/en-route-vers-le-soleil-de-minuit-jour-49\\\/#article\",\"isPartOf\":{\"@id\":\"https:\\\/\\\/www.velomobileworld.com\\\/fr\\\/en-route-vers-le-soleil-de-minuit-jour-49\\\/\"},\"author\":{\"name\":\"Jan Wijnen\",\"@id\":\"https:\\\/\\\/www.velomobileworld.com\\\/nl\\\/#\\\/schema\\\/person\\\/c0c7c661ad3c8719ed05a7dc85d6fa12\"},\"headline\":\"En route vers le Soleil de Minuit (Jour 49)\",\"datePublished\":\"2024-12-10T14:46:37+00:00\",\"dateModified\":\"2025-07-25T10:09:08+00:00\",\"mainEntityOfPage\":{\"@id\":\"https:\\\/\\\/www.velomobileworld.com\\\/fr\\\/en-route-vers-le-soleil-de-minuit-jour-49\\\/\"},\"wordCount\":713,\"commentCount\":0,\"image\":{\"@id\":\"https:\\\/\\\/www.velomobileworld.com\\\/fr\\\/en-route-vers-le-soleil-de-minuit-jour-49\\\/#primaryimage\"},\"thumbnailUrl\":\"https:\\\/\\\/www.velomobileworld.com\\\/wp-content\\\/uploads\\\/2024\\\/12\\\/Midnightsun-Day-49.jpg\",\"articleSection\":[\"Non classifi\u00e9(e)\"],\"inLanguage\":\"fr-FR\",\"potentialAction\":[{\"@type\":\"CommentAction\",\"name\":\"Comment\",\"target\":[\"https:\\\/\\\/www.velomobileworld.com\\\/fr\\\/en-route-vers-le-soleil-de-minuit-jour-49\\\/#respond\"]}]},{\"@type\":\"WebPage\",\"@id\":\"https:\\\/\\\/www.velomobileworld.com\\\/fr\\\/en-route-vers-le-soleil-de-minuit-jour-49\\\/\",\"url\":\"https:\\\/\\\/www.velomobileworld.com\\\/fr\\\/en-route-vers-le-soleil-de-minuit-jour-49\\\/\",\"name\":\"En route vers le Soleil de Minuit (Jour 49) | Velomobile World\",\"isPartOf\":{\"@id\":\"https:\\\/\\\/www.velomobileworld.com\\\/nl\\\/#website\"},\"primaryImageOfPage\":{\"@id\":\"https:\\\/\\\/www.velomobileworld.com\\\/fr\\\/en-route-vers-le-soleil-de-minuit-jour-49\\\/#primaryimage\"},\"image\":{\"@id\":\"https:\\\/\\\/www.velomobileworld.com\\\/fr\\\/en-route-vers-le-soleil-de-minuit-jour-49\\\/#primaryimage\"},\"thumbnailUrl\":\"https:\\\/\\\/www.velomobileworld.com\\\/wp-content\\\/uploads\\\/2024\\\/12\\\/Midnightsun-Day-49.jpg\",\"datePublished\":\"2024-12-10T14:46:37+00:00\",\"dateModified\":\"2025-07-25T10:09:08+00:00\",\"author\":{\"@id\":\"https:\\\/\\\/www.velomobileworld.com\\\/nl\\\/#\\\/schema\\\/person\\\/c0c7c661ad3c8719ed05a7dc85d6fa12\"},\"description\":\"En route vers le Soleil de Minuit (Jour 49). Un nouveau voyage avec Brigitte et Fritz. D\u00e9couvrez leurs aventures. D\u00e9tails dans l`article.\",\"breadcrumb\":{\"@id\":\"https:\\\/\\\/www.velomobileworld.com\\\/fr\\\/en-route-vers-le-soleil-de-minuit-jour-49\\\/#breadcrumb\"},\"inLanguage\":\"fr-FR\",\"potentialAction\":[{\"@type\":\"ReadAction\",\"target\":[\"https:\\\/\\\/www.velomobileworld.com\\\/fr\\\/en-route-vers-le-soleil-de-minuit-jour-49\\\/\"]}]},{\"@type\":\"ImageObject\",\"inLanguage\":\"fr-FR\",\"@id\":\"https:\\\/\\\/www.velomobileworld.com\\\/fr\\\/en-route-vers-le-soleil-de-minuit-jour-49\\\/#primaryimage\",\"url\":\"https:\\\/\\\/www.velomobileworld.com\\\/wp-content\\\/uploads\\\/2024\\\/12\\\/Midnightsun-Day-49.jpg\",\"contentUrl\":\"https:\\\/\\\/www.velomobileworld.com\\\/wp-content\\\/uploads\\\/2024\\\/12\\\/Midnightsun-Day-49.jpg\",\"width\":1920,\"height\":850},{\"@type\":\"BreadcrumbList\",\"@id\":\"https:\\\/\\\/www.velomobileworld.com\\\/fr\\\/en-route-vers-le-soleil-de-minuit-jour-49\\\/#breadcrumb\",\"itemListElement\":[{\"@type\":\"ListItem\",\"position\":1,\"name\":\"Home\",\"item\":\"https:\\\/\\\/www.velomobileworld.com\\\/fr\\\/\"},{\"@type\":\"ListItem\",\"position\":2,\"name\":\"En route vers le Soleil de Minuit (Jour 49)\"}]},{\"@type\":\"WebSite\",\"@id\":\"https:\\\/\\\/www.velomobileworld.com\\\/nl\\\/#website\",\"url\":\"https:\\\/\\\/www.velomobileworld.com\\\/nl\\\/\",\"name\":\"Velomobile World\",\"description\":\"\",\"potentialAction\":[{\"@type\":\"SearchAction\",\"target\":{\"@type\":\"EntryPoint\",\"urlTemplate\":\"https:\\\/\\\/www.velomobileworld.com\\\/nl\\\/?s={search_term_string}\"},\"query-input\":{\"@type\":\"PropertyValueSpecification\",\"valueRequired\":true,\"valueName\":\"search_term_string\"}}],\"inLanguage\":\"fr-FR\"},{\"@type\":\"Person\",\"@id\":\"https:\\\/\\\/www.velomobileworld.com\\\/nl\\\/#\\\/schema\\\/person\\\/c0c7c661ad3c8719ed05a7dc85d6fa12\",\"name\":\"Jan Wijnen\",\"image\":{\"@type\":\"ImageObject\",\"inLanguage\":\"fr-FR\",\"@id\":\"https:\\\/\\\/secure.gravatar.com\\\/avatar\\\/4802c8a6006d5895d73a1141e39ccf819bca7ec1dbfb26a6f4370880cefa109a?s=96&d=mm&r=g\",\"url\":\"https:\\\/\\\/secure.gravatar.com\\\/avatar\\\/4802c8a6006d5895d73a1141e39ccf819bca7ec1dbfb26a6f4370880cefa109a?s=96&d=mm&r=g\",\"contentUrl\":\"https:\\\/\\\/secure.gravatar.com\\\/avatar\\\/4802c8a6006d5895d73a1141e39ccf819bca7ec1dbfb26a6f4370880cefa109a?s=96&d=mm&r=g\",\"caption\":\"Jan Wijnen\"},\"url\":\"https:\\\/\\\/www.velomobileworld.com\\\/fr\\\/author\\\/jan-admin\\\/\"}]}<\/script>\n<!-- \/ Yoast SEO plugin. -->","yoast_head_json":{"title":"En route vers le Soleil de Minuit (Jour 49) | Velomobile World","description":"En route vers le Soleil de Minuit (Jour 49). Un nouveau voyage avec Brigitte et Fritz. D\u00e9couvrez leurs aventures. D\u00e9tails dans l`article.","robots":{"index":"index","follow":"follow","max-snippet":"max-snippet:-1","max-image-preview":"max-image-preview:large","max-video-preview":"max-video-preview:-1"},"canonical":"https:\/\/www.velomobileworld.com\/fr\/en-route-vers-le-soleil-de-minuit-jour-49\/","og_locale":"fr_FR","og_type":"article","og_title":"En route vers le Soleil de Minuit (Jour 49) | Velomobile World","og_description":"En route vers le Soleil de Minuit (Jour 49). Un nouveau voyage avec Brigitte et Fritz. D\u00e9couvrez leurs aventures. D\u00e9tails dans l`article.","og_url":"https:\/\/www.velomobileworld.com\/fr\/en-route-vers-le-soleil-de-minuit-jour-49\/","og_site_name":"Velomobile World","article_published_time":"2024-12-10T14:46:37+00:00","article_modified_time":"2025-07-25T10:09:08+00:00","og_image":[{"width":1920,"height":850,"url":"https:\/\/www.velomobileworld.com\/wp-content\/uploads\/2024\/12\/Midnightsun-Day-49.jpg","type":"image\/jpeg"}],"author":"Jan Wijnen","twitter_card":"summary_large_image","twitter_misc":{"\u00c9crit par":"Jan Wijnen","Dur\u00e9e de lecture estim\u00e9e":"3 minutes"},"schema":{"@context":"https:\/\/schema.org","@graph":[{"@type":"Article","@id":"https:\/\/www.velomobileworld.com\/fr\/en-route-vers-le-soleil-de-minuit-jour-49\/#article","isPartOf":{"@id":"https:\/\/www.velomobileworld.com\/fr\/en-route-vers-le-soleil-de-minuit-jour-49\/"},"author":{"name":"Jan Wijnen","@id":"https:\/\/www.velomobileworld.com\/nl\/#\/schema\/person\/c0c7c661ad3c8719ed05a7dc85d6fa12"},"headline":"En route vers le Soleil de Minuit (Jour 49)","datePublished":"2024-12-10T14:46:37+00:00","dateModified":"2025-07-25T10:09:08+00:00","mainEntityOfPage":{"@id":"https:\/\/www.velomobileworld.com\/fr\/en-route-vers-le-soleil-de-minuit-jour-49\/"},"wordCount":713,"commentCount":0,"image":{"@id":"https:\/\/www.velomobileworld.com\/fr\/en-route-vers-le-soleil-de-minuit-jour-49\/#primaryimage"},"thumbnailUrl":"https:\/\/www.velomobileworld.com\/wp-content\/uploads\/2024\/12\/Midnightsun-Day-49.jpg","articleSection":["Non classifi\u00e9(e)"],"inLanguage":"fr-FR","potentialAction":[{"@type":"CommentAction","name":"Comment","target":["https:\/\/www.velomobileworld.com\/fr\/en-route-vers-le-soleil-de-minuit-jour-49\/#respond"]}]},{"@type":"WebPage","@id":"https:\/\/www.velomobileworld.com\/fr\/en-route-vers-le-soleil-de-minuit-jour-49\/","url":"https:\/\/www.velomobileworld.com\/fr\/en-route-vers-le-soleil-de-minuit-jour-49\/","name":"En route vers le Soleil de Minuit (Jour 49) | Velomobile World","isPartOf":{"@id":"https:\/\/www.velomobileworld.com\/nl\/#website"},"primaryImageOfPage":{"@id":"https:\/\/www.velomobileworld.com\/fr\/en-route-vers-le-soleil-de-minuit-jour-49\/#primaryimage"},"image":{"@id":"https:\/\/www.velomobileworld.com\/fr\/en-route-vers-le-soleil-de-minuit-jour-49\/#primaryimage"},"thumbnailUrl":"https:\/\/www.velomobileworld.com\/wp-content\/uploads\/2024\/12\/Midnightsun-Day-49.jpg","datePublished":"2024-12-10T14:46:37+00:00","dateModified":"2025-07-25T10:09:08+00:00","author":{"@id":"https:\/\/www.velomobileworld.com\/nl\/#\/schema\/person\/c0c7c661ad3c8719ed05a7dc85d6fa12"},"description":"En route vers le Soleil de Minuit (Jour 49). Un nouveau voyage avec Brigitte et Fritz. D\u00e9couvrez leurs aventures. D\u00e9tails dans l`article.","breadcrumb":{"@id":"https:\/\/www.velomobileworld.com\/fr\/en-route-vers-le-soleil-de-minuit-jour-49\/#breadcrumb"},"inLanguage":"fr-FR","potentialAction":[{"@type":"ReadAction","target":["https:\/\/www.velomobileworld.com\/fr\/en-route-vers-le-soleil-de-minuit-jour-49\/"]}]},{"@type":"ImageObject","inLanguage":"fr-FR","@id":"https:\/\/www.velomobileworld.com\/fr\/en-route-vers-le-soleil-de-minuit-jour-49\/#primaryimage","url":"https:\/\/www.velomobileworld.com\/wp-content\/uploads\/2024\/12\/Midnightsun-Day-49.jpg","contentUrl":"https:\/\/www.velomobileworld.com\/wp-content\/uploads\/2024\/12\/Midnightsun-Day-49.jpg","width":1920,"height":850},{"@type":"BreadcrumbList","@id":"https:\/\/www.velomobileworld.com\/fr\/en-route-vers-le-soleil-de-minuit-jour-49\/#breadcrumb","itemListElement":[{"@type":"ListItem","position":1,"name":"Home","item":"https:\/\/www.velomobileworld.com\/fr\/"},{"@type":"ListItem","position":2,"name":"En route vers le Soleil de Minuit (Jour 49)"}]},{"@type":"WebSite","@id":"https:\/\/www.velomobileworld.com\/nl\/#website","url":"https:\/\/www.velomobileworld.com\/nl\/","name":"Velomobile World","description":"","potentialAction":[{"@type":"SearchAction","target":{"@type":"EntryPoint","urlTemplate":"https:\/\/www.velomobileworld.com\/nl\/?s={search_term_string}"},"query-input":{"@type":"PropertyValueSpecification","valueRequired":true,"valueName":"search_term_string"}}],"inLanguage":"fr-FR"},{"@type":"Person","@id":"https:\/\/www.velomobileworld.com\/nl\/#\/schema\/person\/c0c7c661ad3c8719ed05a7dc85d6fa12","name":"Jan Wijnen","image":{"@type":"ImageObject","inLanguage":"fr-FR","@id":"https:\/\/secure.gravatar.com\/avatar\/4802c8a6006d5895d73a1141e39ccf819bca7ec1dbfb26a6f4370880cefa109a?s=96&d=mm&r=g","url":"https:\/\/secure.gravatar.com\/avatar\/4802c8a6006d5895d73a1141e39ccf819bca7ec1dbfb26a6f4370880cefa109a?s=96&d=mm&r=g","contentUrl":"https:\/\/secure.gravatar.com\/avatar\/4802c8a6006d5895d73a1141e39ccf819bca7ec1dbfb26a6f4370880cefa109a?s=96&d=mm&r=g","caption":"Jan Wijnen"},"url":"https:\/\/www.velomobileworld.com\/fr\/author\/jan-admin\/"}]}},"_links":{"self":[{"href":"https:\/\/www.velomobileworld.com\/fr\/wp-json\/wp\/v2\/posts\/7260","targetHints":{"allow":["GET"]}}],"collection":[{"href":"https:\/\/www.velomobileworld.com\/fr\/wp-json\/wp\/v2\/posts"}],"about":[{"href":"https:\/\/www.velomobileworld.com\/fr\/wp-json\/wp\/v2\/types\/post"}],"author":[{"embeddable":true,"href":"https:\/\/www.velomobileworld.com\/fr\/wp-json\/wp\/v2\/users\/4"}],"replies":[{"embeddable":true,"href":"https:\/\/www.velomobileworld.com\/fr\/wp-json\/wp\/v2\/comments?post=7260"}],"version-history":[{"count":1,"href":"https:\/\/www.velomobileworld.com\/fr\/wp-json\/wp\/v2\/posts\/7260\/revisions"}],"predecessor-version":[{"id":100539,"href":"https:\/\/www.velomobileworld.com\/fr\/wp-json\/wp\/v2\/posts\/7260\/revisions\/100539"}],"wp:featuredmedia":[{"embeddable":true,"href":"https:\/\/www.velomobileworld.com\/fr\/wp-json\/wp\/v2\/media\/6407"}],"wp:attachment":[{"href":"https:\/\/www.velomobileworld.com\/fr\/wp-json\/wp\/v2\/media?parent=7260"}],"wp:term":[{"taxonomy":"category","embeddable":true,"href":"https:\/\/www.velomobileworld.com\/fr\/wp-json\/wp\/v2\/categories?post=7260"},{"taxonomy":"post_tag","embeddable":true,"href":"https:\/\/www.velomobileworld.com\/fr\/wp-json\/wp\/v2\/tags?post=7260"}],"curies":[{"name":"wp","href":"https:\/\/api.w.org\/{rel}","templated":true}]}}