{"id":7274,"date":"2024-12-11T13:28:07","date_gmt":"2024-12-11T12:28:07","guid":{"rendered":"https:\/\/velomobileworld.convident.dev\/en-route-vers-le-soleil-de-minuit-jour-51\/"},"modified":"2025-07-25T12:09:08","modified_gmt":"2025-07-25T10:09:08","slug":"en-route-vers-le-soleil-de-minuit-jour-51","status":"publish","type":"post","link":"https:\/\/www.velomobileworld.com\/fr\/en-route-vers-le-soleil-de-minuit-jour-51\/","title":{"rendered":"En route vers le Soleil de Minuit (Jour 51)"},"content":{"rendered":"<p style=\"text-align: left;\"><span style=\"color: #ff0000;\"><strong>En route vers le Soleil de Minuit. Un voyage en v\u00e9lomobile avec Brigitte et Fritz.<\/strong><\/span><\/p>\n<p style=\"text-align: left;\"><strong>Allemagne &gt; Danemark &gt; Norv\u00e8ge &gt; Cap Nord (Nordkapp) &gt; Finlande &gt; Allemagne<\/strong><\/p>\n<p style=\"text-align: left;\"><strong>&#8212;&#8212;&#8212;&#8212;&#8212;&#8212;&#8212;&#8212;&#8212;&#8212;&#8211;<\/strong><\/p>\n<p style=\"text-align: left;\">D\u00e9couvrez\u00a0<a href=\"https:\/\/www.velomobileworld.com\/fr\/un-velomobile-voyage-en-route-vers-le-soleil-de-minuit-tous-les-jours\/\" target=\"_blank\" rel=\"noopener\">ICI<\/a>\u00a0Toutes les Journ\u00e9es du Voyage \u00ab\u00a0En route vers le Soleil de Minuit\u00a0\u00bb<\/p>\n<p style=\"text-align: left;\"><strong>&#8212;&#8212;&#8212;&#8212;&#8212;&#8212;&#8212;&#8212;&#8212;&#8212;&#8211;<\/strong><\/p>\n<p>&nbsp;<\/p>\n<p style=\"text-align: left;\"><strong>Jour 51 | Sastamala &#8211; Tammela | 120 KM | 467 HM<\/strong><\/p>\n<p>&nbsp;<\/p>\n<p style=\"text-align: left;\">Nous avons tergivers\u00e9 ce matin. Nous partons \u00e0 10h00, ce qui signifie que nous devons faire la plus grande partie du trajet dans l&rsquo;apr\u00e8s-midi. Mais il n&rsquo;y a qu&rsquo;environ 200 km jusqu&rsquo;au ferry.<br \/>\nNous avions encore besoin de pain, alors nous avons fait un d\u00e9tour par le centre de Sastamela. Devant la p\u00e2tisserie, nous avons imm\u00e9diatement provoqu\u00e9 un petit attroupement. Tout le monde voulait savoir quelque chose, mais seuls deux ou trois d&rsquo;entre eux connaissaient l&rsquo;anglais.<\/p>\n<p>&nbsp;<\/p>\n<p style=\"text-align: left;\">Mais ensuite, nous avons d\u00fb partir. Aujourd&rsquo;hui, il y a eu un nombre fatigant de petites collines et quelques bosses. La qualit\u00e9 des arr\u00eats de bus laissait \u00e0 d\u00e9sirer.<\/p>\n<p>&nbsp;<\/p>\n<p style=\"text-align: left;\">Nous avons ensuite trouv\u00e9 un vrai caf\u00e9 ou kahvila \u00e0 Punkalaidun. Le cheesecake au citron \u00e9tait d\u00e9licieux. Tout comme le caf\u00e9.<\/p>\n<p>&nbsp;<\/p>\n<p style=\"text-align: left;\">Lentement, la r\u00e9gion redevient plus prosp\u00e8re. Certaines exploitations agricoles semblent gagner de l&rsquo;argent.<\/p>\n<p>&nbsp;<\/p>\n<p style=\"text-align: left;\">Nous traversions des bois, des prairies et des champs et nous avons soudain vu des cerfs dans la prairie. (Malheureusement, la t\u00e9l\u00e9phonie mobile n&rsquo;est pas tr\u00e8s bonne). Le premier cerf nous a regard\u00e9s et le second s&rsquo;est rapproch\u00e9 par bonds. Puis les deux se sont mis \u00e0 courir \u00e0 travers le pr\u00e9, parall\u00e8lement \u00e0 nous. Je n&rsquo;ai jamais vu d&rsquo;aussi grands sauts de cerfs dans la vie r\u00e9elle.<\/p>\n<p>&nbsp;<\/p>\n<p style=\"text-align: left;\">Un peu plus loin, quelque chose \u00e9tait cach\u00e9 derri\u00e8re un haut mur. Avant cela, il y avait un panneau indiquant un mus\u00e9e d&rsquo;art verrier. Nous avons regard\u00e9 de plus pr\u00e8s. Des sculptures \u00e9taient install\u00e9es \u00e0 l&rsquo;ext\u00e9rieur. Le vert et le rouge sont tout simplement populaires, y compris pour le verre. Les b\u00e2timents montrent que le verre est utilis\u00e9 ici depuis longtemps.<\/p>\n<p>&nbsp;<\/p>\n<p style=\"text-align: left;\">Un jeune homme sort d&rsquo;un atelier. V\u00eatements de travail, barbe au menton, tout est noir.<\/p>\n<p style=\"text-align: left;\">Il me regarde : \u00ab Hej \u00bb. (C&rsquo;est la formule de salutation en Norv\u00e8ge, en Su\u00e8de et en Finlande).<\/p>\n<p style=\"text-align: left;\">Moi : \u00ab Hej, Hej \u00bb.<\/p>\n<p style=\"text-align: left;\">Lui : \u00ab Noh ? \u00bb.<\/p>\n<p style=\"text-align: left;\">Moi : \u00ab Noh ? \u00bb (aucune id\u00e9e de ce que cela signifie. Peut-\u00eatre Na ?).<\/p>\n<p style=\"text-align: left;\">Il d\u00e9tourne silencieusement la t\u00eate en ricanant et se dirige vers le b\u00e2timent suivant.<br \/>\n? ??? Nous avons souvent remarqu\u00e9 que certaines personnes trouvent notre spectacle amusant, mais qu&rsquo;elles se d\u00e9tournent un peu ou qu&rsquo;elles ferment presque convulsivement la bouche pour ne pas rire \u00e0 gorge d\u00e9ploy\u00e9e. On peut supposer qu&rsquo;il s&rsquo;agit l\u00e0 d&rsquo;une impolitesse. De m\u00eame, certaines personnes essaient de nous filmer secr\u00e8tement, sans se faire remarquer. Lorsqu&rsquo;ils s&rsquo;aper\u00e7oivent que nous les regardons, ils essaient de d\u00e9tourner le regard d&rsquo;un air penaud ou de faire semblant de faire autre chose.<br \/>\nLes Norv\u00e9giens, en revanche, n&rsquo;avaient aucune honte \u00e0 sortir de la voiture.<br \/>\nLorsque nous sommes \u00e0 l&rsquo;ext\u00e9rieur, ils nous demandent poliment s&rsquo;ils peuvent prendre des photos.<\/p>\n<p>&nbsp;<\/p>\n<p style=\"text-align: left;\">Aujourd&rsquo;hui, le long de la route, on peut parfois apercevoir des tourelles doubles qui d\u00e9limitent les villes ou les communes. Les petites maisons \u00e9taient les plus magnifiques.<\/p>\n<p>&nbsp;<\/p>\n<p style=\"text-align: left;\">Une femme du camping \u00e9tait si enthousiaste, vous pouvez deviner trois fois et vous ne devinerez pas, \u00e0 propos de notre tente et de tout l&rsquo;ensemble. Elle aime aussi le camping ou l&rsquo;a fait. Elle a ensuite voulu conna\u00eetre la marque de la tente. C&rsquo;\u00e9tait une nouvelle exp\u00e9rience. Plus tard, elle est repass\u00e9e et nous a demand\u00e9 si nous n&rsquo;aimerions pas avoir une photo de nous devant le magnifique arri\u00e8re-plan. Ainsi, nous serions tous les deux sur la photo lorsqu&rsquo;elle la prendrait.<\/p>\n<p>&nbsp;<\/p>\n<p style=\"text-align: left;\">Dans les campings o\u00f9 il n&rsquo;y a que des Finlandais, nous avons l&rsquo;occasion de leur parler.<\/p>\n<p>&nbsp;<\/p>\n<p style=\"text-align: left;\">Un autre couple arrive et s&rsquo;arr\u00eate. Il l\u00e8ve le pouce, s&rsquo;approche, prend un \u00e9lan lent et \u00e9norme, ouvre la main droite, l\u00e8ve le pouce, attend ma main, nous nous rencontrons, il appuie fermement : \u00ab wonderful \u00bb !<br \/>\nPuis il nous interroge dans des bribes d&rsquo;anglais. On voit qu&rsquo;il aimerait pouvoir en demander plus, mais il n&rsquo;a pas les mots. A la fin, \u00ab wonderful \u00bb \u00e0 nouveau, pouce lev\u00e9, elle fait de m\u00eame, il se tend \u00e0 nouveau, nos mains se rencontrent et se pressent. C&rsquo;est \u00e0 la fois dr\u00f4le et touchant.<\/p>\n<p>&nbsp;<\/p>\n<p style=\"text-align: left;\">J&rsquo;aime de plus en plus les Finlandais. Ils sont un peu timides, mais tr\u00e8s honn\u00eates lorsqu&rsquo;ils disent quelque chose.<br \/>\nJ&rsquo;ai \u00e9galement lu que les mots qu&rsquo;ils prononcent ont beaucoup de sens. C&rsquo;est pourquoi ils r\u00e9fl\u00e9chissent \u00e0 ce qu&rsquo;ils disent. Parfois, il vaut mieux ne rien dire que de dire quelque chose de mal ou de pas tr\u00e8s appropri\u00e9.<\/p>\n<p style=\"text-align: left;\"><strong>&#8230;&#8230;&#8230;&#8230;&#8230;&#8230;&#8230;&#8230;&#8230;&#8230;&#8230;&#8230;&#8230;&#8230;&#8230;&#8230;&#8230;..<\/strong><\/p>\n<p><a href=\"https:\/\/www.velomobileworld.com\/fr\/52-2-height-limit-for-trucks-2-2\/?utm_source=Article_Banner&#038;utm_medium=Article&#038;utm_campaign=Blog\"><img loading=\"lazy\" decoding=\"async\" class=\"ls-is-cached lazyloaded alignnone wp-image-51363\" src=\"https:\/\/www.velomobileworld.com\/wp-content\/uploads\/2024\/08\/1-discover-velomobiles.png\" alt=\"Discover the velomobiles\" width=\"450\" height=\"74\" data-src=\"https:\/\/www.velomobileworld.com\/wp-content\/uploads\/2024\/07\/1-configure-july2024.jpg\" \/><\/a><\/p>\n<p style=\"text-align: left;\"><strong>&#8230;&#8230;&#8230;&#8230;&#8230;&#8230;&#8230;&#8230;&#8230;&#8230;&#8230;&#8230;&#8230;&#8230;&#8230;&#8230;&#8230;..<\/strong><\/p>\n<p><a href=\"https:\/\/www.velomobileworld.com\/wp-content\/uploads\/2024\/08\/51-map-1-719x1024.jpeg\"><img loading=\"lazy\" decoding=\"async\" class=\"alignnone wp-image-54256\" src=\"https:\/\/www.velomobileworld.com\/wp-content\/uploads\/2024\/08\/51-map-1-719x1024.jpeg\" alt=\"\" width=\"450\" height=\"641\" \/><\/a><\/p>\n<p><a href=\"https:\/\/www.velomobileworld.com\/wp-content\/uploads\/2024\/08\/51-map-2-978x1024.jpeg\"><img loading=\"lazy\" decoding=\"async\" class=\"alignnone wp-image-54261\" src=\"https:\/\/www.velomobileworld.com\/wp-content\/uploads\/2024\/08\/51-map-2-978x1024.jpeg\" alt=\"\" width=\"450\" height=\"471\" \/><\/a><\/p>\n<p><a href=\"https:\/\/www.velomobileworld.com\/wp-content\/uploads\/2024\/08\/51-1-Sastamala-centrum.-They-are-all-very-interested-1024x768.jpg\"><img loading=\"lazy\" decoding=\"async\" class=\"alignnone wp-image-54266\" src=\"https:\/\/www.velomobileworld.com\/wp-content\/uploads\/2024\/08\/51-1-Sastamala-centrum.-They-are-all-very-interested-1024x768.jpg\" alt=\"\" width=\"450\" height=\"338\" \/><\/a><\/p>\n<p style=\"text-align: left;\"><img decoding=\"async\" class=\"emoji ls-is-cached lazyloaded\" role=\"img\" draggable=\"false\" src=\"https:\/\/s.w.org\/images\/core\/emoji\/13.1.0\/svg\/2b06.svg\" alt=\"\u2b06\ufe0f\" data-src=\"https:\/\/s.w.org\/images\/core\/emoji\/13.1.0\/svg\/2b06.svg\" \/> Sastamala centrum. They are all very interested. \/ Sastamala centrum. Sie sind alle sehr interessiert. \/ Sastamala centrum. Ils sont tous tr\u00e8s int\u00e9ress\u00e9s.<\/p>\n<p><a href=\"https:\/\/www.velomobileworld.com\/wp-content\/uploads\/2024\/08\/51-2-Poor-bus-shelter-1024x768.jpeg\"><img loading=\"lazy\" decoding=\"async\" class=\"alignnone wp-image-54271\" src=\"https:\/\/www.velomobileworld.com\/wp-content\/uploads\/2024\/08\/51-2-Poor-bus-shelter-1024x768.jpeg\" alt=\"\" width=\"450\" height=\"338\" \/><\/a><\/p>\n<p style=\"text-align: left;\"><img decoding=\"async\" class=\"emoji ls-is-cached lazyloaded\" role=\"img\" draggable=\"false\" src=\"https:\/\/s.w.org\/images\/core\/emoji\/13.1.0\/svg\/2b06.svg\" alt=\"\u2b06\ufe0f\" data-src=\"https:\/\/s.w.org\/images\/core\/emoji\/13.1.0\/svg\/2b06.svg\" \/> Poor bus shelter \/ Schlechtes Buswarteh\u00e4uschen \/ Abribus m\u00e9diocre<\/p>\n<p><a href=\"https:\/\/www.velomobileworld.com\/wp-content\/uploads\/2024\/08\/51-3-1024x768.jpeg\"><img loading=\"lazy\" decoding=\"async\" class=\"alignnone wp-image-54276\" src=\"https:\/\/www.velomobileworld.com\/wp-content\/uploads\/2024\/08\/51-3-1024x768.jpeg\" alt=\"\" width=\"450\" height=\"338\" \/><\/a><a href=\"https:\/\/www.velomobileworld.com\/wp-content\/uploads\/2024\/08\/51-4-1024x768.jpeg\"><img loading=\"lazy\" decoding=\"async\" class=\"alignnone wp-image-54281\" src=\"https:\/\/www.velomobileworld.com\/wp-content\/uploads\/2024\/08\/51-4-1024x768.jpeg\" alt=\"\" width=\"450\" height=\"338\" \/><\/a><a href=\"https:\/\/www.velomobileworld.com\/wp-content\/uploads\/2024\/08\/51-5-Cafe-Kahvila-in-Punkalaidun-1024x759.jpeg\"><img loading=\"lazy\" decoding=\"async\" class=\"alignnone wp-image-54286\" src=\"https:\/\/www.velomobileworld.com\/wp-content\/uploads\/2024\/08\/51-5-Cafe-Kahvila-in-Punkalaidun-1024x759.jpeg\" alt=\"\" width=\"450\" height=\"334\" \/><\/a><\/p>\n<p style=\"text-align: left;\"><img decoding=\"async\" class=\"emoji ls-is-cached lazyloaded\" role=\"img\" draggable=\"false\" src=\"https:\/\/s.w.org\/images\/core\/emoji\/13.1.0\/svg\/2b06.svg\" alt=\"\u2b06\ufe0f\" data-src=\"https:\/\/s.w.org\/images\/core\/emoji\/13.1.0\/svg\/2b06.svg\" \/> Caf\u00e9-Kahvila in Punkalaidun \/ Caf\u00e9-Kahvila \u00e0 Punkalaidun<\/p>\n<p><a href=\"https:\/\/www.velomobileworld.com\/wp-content\/uploads\/2024\/08\/51-6-1024x768.jpeg\"><img loading=\"lazy\" decoding=\"async\" class=\"alignnone wp-image-54291\" src=\"https:\/\/www.velomobileworld.com\/wp-content\/uploads\/2024\/08\/51-6-1024x768.jpeg\" alt=\"\" width=\"450\" height=\"338\" \/><\/a><a href=\"https:\/\/www.velomobileworld.com\/wp-content\/uploads\/2024\/08\/51-7-1024x817.jpeg\"><img loading=\"lazy\" decoding=\"async\" class=\"alignnone wp-image-54296\" src=\"https:\/\/www.velomobileworld.com\/wp-content\/uploads\/2024\/08\/51-7-1024x817.jpeg\" alt=\"\" width=\"450\" height=\"359\" \/><\/a><a href=\"https:\/\/www.velomobileworld.com\/wp-content\/uploads\/2024\/08\/51-8-Big-farm-house-1024x641.jpeg\"><img loading=\"lazy\" decoding=\"async\" class=\"alignnone wp-image-54301\" src=\"https:\/\/www.velomobileworld.com\/wp-content\/uploads\/2024\/08\/51-8-Big-farm-house-1024x641.jpeg\" alt=\"\" width=\"450\" height=\"282\" \/><\/a><\/p>\n<p style=\"text-align: left;\"><img decoding=\"async\" class=\"emoji ls-is-cached lazyloaded\" role=\"img\" draggable=\"false\" src=\"https:\/\/s.w.org\/images\/core\/emoji\/13.1.0\/svg\/2b06.svg\" alt=\"\u2b06\ufe0f\" data-src=\"https:\/\/s.w.org\/images\/core\/emoji\/13.1.0\/svg\/2b06.svg\" \/> Big farm house \/ Gro\u00dfes Bauernhaus \/ Grande ferme<\/p>\n<p><a href=\"https:\/\/www.velomobileworld.com\/wp-content\/uploads\/2024\/08\/51-9-Big-farm-1024x730.jpeg\"><img loading=\"lazy\" decoding=\"async\" class=\"alignnone wp-image-54306\" src=\"https:\/\/www.velomobileworld.com\/wp-content\/uploads\/2024\/08\/51-9-Big-farm-1024x730.jpeg\" alt=\"\" width=\"450\" height=\"321\" \/><\/a><\/p>\n<p style=\"text-align: left;\"><img decoding=\"async\" class=\"emoji ls-is-cached lazyloaded\" role=\"img\" draggable=\"false\" src=\"https:\/\/s.w.org\/images\/core\/emoji\/13.1.0\/svg\/2b06.svg\" alt=\"\u2b06\ufe0f\" data-src=\"https:\/\/s.w.org\/images\/core\/emoji\/13.1.0\/svg\/2b06.svg\" \/> Big farm \/ Gro\u00dfer Bauernhof \/ Grande ferme<\/p>\n<p><a href=\"https:\/\/www.velomobileworld.com\/wp-content\/uploads\/2024\/08\/51-10-1024x687.jpeg\"><img loading=\"lazy\" decoding=\"async\" class=\"alignnone wp-image-54311\" src=\"https:\/\/www.velomobileworld.com\/wp-content\/uploads\/2024\/08\/51-10-1024x687.jpeg\" alt=\"\" width=\"450\" height=\"302\" \/><\/a><a href=\"https:\/\/www.velomobileworld.com\/wp-content\/uploads\/2024\/08\/51-11-Deers-1024x817.jpeg\"><img loading=\"lazy\" decoding=\"async\" class=\"alignnone wp-image-54316\" src=\"https:\/\/www.velomobileworld.com\/wp-content\/uploads\/2024\/08\/51-11-Deers-1024x817.jpeg\" alt=\"\" width=\"450\" height=\"359\" \/><\/a><\/p>\n<p style=\"text-align: left;\"><img decoding=\"async\" class=\"emoji ls-is-cached lazyloaded\" role=\"img\" draggable=\"false\" src=\"https:\/\/s.w.org\/images\/core\/emoji\/13.1.0\/svg\/2b06.svg\" alt=\"\u2b06\ufe0f\" data-src=\"https:\/\/s.w.org\/images\/core\/emoji\/13.1.0\/svg\/2b06.svg\" \/> Deer \/ Hirsche \/ Chevreuil<\/p>\n<p><a href=\"https:\/\/www.velomobileworld.com\/wp-content\/uploads\/2024\/08\/51-12-Historically-manufacturing-for-glass-1024x768.jpeg\"><img loading=\"lazy\" decoding=\"async\" class=\"alignnone wp-image-54321\" src=\"https:\/\/www.velomobileworld.com\/wp-content\/uploads\/2024\/08\/51-12-Historically-manufacturing-for-glass-1024x768.jpeg\" alt=\"\" width=\"450\" height=\"338\" \/><\/a><\/p>\n<p style=\"text-align: left;\"><img decoding=\"async\" class=\"emoji ls-is-cached lazyloaded\" role=\"img\" draggable=\"false\" src=\"https:\/\/s.w.org\/images\/core\/emoji\/13.1.0\/svg\/2b06.svg\" alt=\"\u2b06\ufe0f\" data-src=\"https:\/\/s.w.org\/images\/core\/emoji\/13.1.0\/svg\/2b06.svg\" \/> Historically manufacturing for glass \/ Historische Fertigung f\u00fcr Glas \/ Fabrication historique de verre<\/p>\n<p><a href=\"https:\/\/www.velomobileworld.com\/wp-content\/uploads\/2024\/08\/51-13-1024x768.jpeg\"><img loading=\"lazy\" decoding=\"async\" class=\"alignnone wp-image-54326\" src=\"https:\/\/www.velomobileworld.com\/wp-content\/uploads\/2024\/08\/51-13-1024x768.jpeg\" alt=\"\" width=\"450\" height=\"338\" \/><\/a><a href=\"https:\/\/www.velomobileworld.com\/wp-content\/uploads\/2024\/08\/51-14-1024x768.jpeg\"><img loading=\"lazy\" decoding=\"async\" class=\"alignnone wp-image-54331\" src=\"https:\/\/www.velomobileworld.com\/wp-content\/uploads\/2024\/08\/51-14-1024x768.jpeg\" alt=\"\" width=\"450\" height=\"338\" \/><\/a><a href=\"https:\/\/www.velomobileworld.com\/wp-content\/uploads\/2024\/08\/51-15-1024x768.jpeg\"><img loading=\"lazy\" decoding=\"async\" class=\"alignnone wp-image-54336\" src=\"https:\/\/www.velomobileworld.com\/wp-content\/uploads\/2024\/08\/51-15-1024x768.jpeg\" alt=\"\" width=\"450\" height=\"338\" \/><\/a><a href=\"https:\/\/www.velomobileworld.com\/wp-content\/uploads\/2024\/08\/51-16-1024x768.jpeg\"><img loading=\"lazy\" decoding=\"async\" class=\"alignnone wp-image-54341\" src=\"https:\/\/www.velomobileworld.com\/wp-content\/uploads\/2024\/08\/51-16-1024x768.jpeg\" alt=\"\" width=\"450\" height=\"338\" \/><\/a><a href=\"https:\/\/www.velomobileworld.com\/wp-content\/uploads\/2024\/08\/51-17-1024x768.jpeg\"><img loading=\"lazy\" decoding=\"async\" class=\"alignnone wp-image-54346\" src=\"https:\/\/www.velomobileworld.com\/wp-content\/uploads\/2024\/08\/51-17-1024x768.jpeg\" alt=\"\" width=\"450\" height=\"338\" \/><\/a><a href=\"https:\/\/www.velomobileworld.com\/wp-content\/uploads\/2024\/08\/51-18-1024x768.jpeg\"><img loading=\"lazy\" decoding=\"async\" class=\"alignnone wp-image-54351\" src=\"https:\/\/www.velomobileworld.com\/wp-content\/uploads\/2024\/08\/51-18-1024x768.jpeg\" alt=\"\" width=\"450\" height=\"338\" \/><\/a><a href=\"https:\/\/www.velomobileworld.com\/wp-content\/uploads\/2024\/08\/51-19-Kitesurfing-on-a-skateboard-at-the-cyclepath-1024x768.jpeg\"><img loading=\"lazy\" decoding=\"async\" class=\"alignnone wp-image-54356\" src=\"https:\/\/www.velomobileworld.com\/wp-content\/uploads\/2024\/08\/51-19-Kitesurfing-on-a-skateboard-at-the-cyclepath-1024x768.jpeg\" alt=\"\" width=\"450\" height=\"338\" \/><\/a><\/p>\n<p style=\"text-align: left;\"><img decoding=\"async\" class=\"emoji ls-is-cached lazyloaded\" role=\"img\" draggable=\"false\" src=\"https:\/\/s.w.org\/images\/core\/emoji\/13.1.0\/svg\/2b06.svg\" alt=\"\u2b06\ufe0f\" data-src=\"https:\/\/s.w.org\/images\/core\/emoji\/13.1.0\/svg\/2b06.svg\" \/> Kitesurfing on a skateboard at the cycle path \/ Kitesurfen auf einem Skateboard am Radweg \/ Kitesurf sur un skateboard sur la piste cyclable<\/p>\n<p><a href=\"https:\/\/www.velomobileworld.com\/wp-content\/uploads\/2024\/08\/51-20-Border-of-a-city-1024x693.jpg\"><img loading=\"lazy\" decoding=\"async\" class=\"alignnone wp-image-54361\" src=\"https:\/\/www.velomobileworld.com\/wp-content\/uploads\/2024\/08\/51-20-Border-of-a-city-1024x693.jpg\" alt=\"\" width=\"450\" height=\"305\" \/><\/a><\/p>\n<p style=\"text-align: left;\"><img decoding=\"async\" class=\"emoji ls-is-cached lazyloaded\" role=\"img\" draggable=\"false\" src=\"https:\/\/s.w.org\/images\/core\/emoji\/13.1.0\/svg\/2b06.svg\" alt=\"\u2b06\ufe0f\" data-src=\"https:\/\/s.w.org\/images\/core\/emoji\/13.1.0\/svg\/2b06.svg\" \/> Border of a city \/ Grenze einer Stadt \/ Fronti\u00e8re d&rsquo;une ville<\/p>\n<p><a href=\"https:\/\/www.velomobileworld.com\/wp-content\/uploads\/2024\/08\/51-21-1024x768.jpeg\"><img loading=\"lazy\" decoding=\"async\" class=\"alignnone wp-image-54366\" src=\"https:\/\/www.velomobileworld.com\/wp-content\/uploads\/2024\/08\/51-21-1024x768.jpeg\" alt=\"\" width=\"450\" height=\"338\" \/><\/a><a href=\"https:\/\/www.velomobileworld.com\/wp-content\/uploads\/2024\/08\/51-22-Campground-1024x768.jpeg\"><img loading=\"lazy\" decoding=\"async\" class=\"alignnone wp-image-54371\" src=\"https:\/\/www.velomobileworld.com\/wp-content\/uploads\/2024\/08\/51-22-Campground-1024x768.jpeg\" alt=\"\" width=\"450\" height=\"338\" \/><\/a><\/p>\n<p style=\"text-align: left;\"><img decoding=\"async\" class=\"emoji ls-is-cached lazyloaded\" role=\"img\" draggable=\"false\" src=\"https:\/\/s.w.org\/images\/core\/emoji\/13.1.0\/svg\/2b06.svg\" alt=\"\u2b06\ufe0f\" data-src=\"https:\/\/s.w.org\/images\/core\/emoji\/13.1.0\/svg\/2b06.svg\" \/> Campground \/ Campingplatz \/ Terrain de camping<\/p>\n<p style=\"text-align: left;\"><strong>&#8230;&#8230;&#8230;&#8230;&#8230;&#8230;&#8230;&#8230;&#8230;&#8230;&#8230;&#8230;&#8230;&#8230;&#8230;&#8230;&#8230;&#8230;<\/strong><\/p>\n<p style=\"text-align: left;\"><a href=\"https:\/\/www.velomobileworld.com\/fr\/road-trip-velomobile-35-jours-avec-brigitte-et-fritz\/\" target=\"_blank\" rel=\"noopener\">2022 VELOMOBILE ROAD TRIP: 35 DAYS WITH BRIGITTE AND FRITZ (EN\/DE\/FR)<\/a><\/p>\n","protected":false},"excerpt":{"rendered":"<p>En route vers le Soleil de Minuit. Un voyage en v\u00e9lomobile avec Brigitte et Fritz. Allemagne &gt; Danemark &gt; Norv\u00e8ge [&hellip;]<\/p>\n","protected":false},"author":4,"featured_media":6445,"comment_status":"open","ping_status":"closed","sticky":false,"template":"","format":"standard","meta":{"_acf_changed":false,"footnotes":""},"categories":[691],"tags":[],"class_list":["post-7274","post","type-post","status-publish","format-standard","has-post-thumbnail","hentry","category-non-classifiee"],"acf":[],"yoast_head":"<!-- This site is optimized with the Yoast SEO plugin v27.5 - https:\/\/yoast.com\/product\/yoast-seo-wordpress\/ -->\n<title>En route vers le Soleil de Minuit (Jour 51) | Velomobile World<\/title>\n<meta name=\"description\" content=\"En route vers le Soleil de Minuit (Jour 51). Un nouveau voyage avec Brigitte et Fritz. D\u00e9couvrez leurs aventures. D\u00e9tails dans l`article.\" \/>\n<meta name=\"robots\" content=\"index, follow, max-snippet:-1, max-image-preview:large, max-video-preview:-1\" \/>\n<link rel=\"canonical\" href=\"https:\/\/www.velomobileworld.com\/fr\/en-route-vers-le-soleil-de-minuit-jour-51\/\" \/>\n<meta property=\"og:locale\" content=\"fr_FR\" \/>\n<meta property=\"og:type\" content=\"article\" \/>\n<meta property=\"og:title\" content=\"En route vers le Soleil de Minuit (Jour 51) | Velomobile World\" \/>\n<meta property=\"og:description\" content=\"En route vers le Soleil de Minuit (Jour 51). Un nouveau voyage avec Brigitte et Fritz. D\u00e9couvrez leurs aventures. D\u00e9tails dans l`article.\" \/>\n<meta property=\"og:url\" content=\"https:\/\/www.velomobileworld.com\/fr\/en-route-vers-le-soleil-de-minuit-jour-51\/\" \/>\n<meta property=\"og:site_name\" content=\"Velomobile World\" \/>\n<meta property=\"article:published_time\" content=\"2024-12-11T12:28:07+00:00\" \/>\n<meta property=\"article:modified_time\" content=\"2025-07-25T10:09:08+00:00\" \/>\n<meta property=\"og:image\" content=\"https:\/\/www.velomobileworld.com\/wp-content\/uploads\/2024\/12\/Midnightsun-Day-51.jpg\" \/>\n\t<meta property=\"og:image:width\" content=\"1920\" \/>\n\t<meta property=\"og:image:height\" content=\"850\" \/>\n\t<meta property=\"og:image:type\" content=\"image\/jpeg\" \/>\n<meta name=\"author\" content=\"Jan Wijnen\" \/>\n<meta name=\"twitter:card\" content=\"summary_large_image\" \/>\n<meta name=\"twitter:label1\" content=\"\u00c9crit par\" \/>\n\t<meta name=\"twitter:data1\" content=\"Jan Wijnen\" \/>\n\t<meta name=\"twitter:label2\" content=\"Dur\u00e9e de lecture estim\u00e9e\" \/>\n\t<meta name=\"twitter:data2\" content=\"5 minutes\" \/>\n<script type=\"application\/ld+json\" class=\"yoast-schema-graph\">{\"@context\":\"https:\\\/\\\/schema.org\",\"@graph\":[{\"@type\":\"Article\",\"@id\":\"https:\\\/\\\/www.velomobileworld.com\\\/fr\\\/en-route-vers-le-soleil-de-minuit-jour-51\\\/#article\",\"isPartOf\":{\"@id\":\"https:\\\/\\\/www.velomobileworld.com\\\/fr\\\/en-route-vers-le-soleil-de-minuit-jour-51\\\/\"},\"author\":{\"name\":\"Jan Wijnen\",\"@id\":\"https:\\\/\\\/www.velomobileworld.com\\\/nl\\\/#\\\/schema\\\/person\\\/c0c7c661ad3c8719ed05a7dc85d6fa12\"},\"headline\":\"En route vers le Soleil de Minuit (Jour 51)\",\"datePublished\":\"2024-12-11T12:28:07+00:00\",\"dateModified\":\"2025-07-25T10:09:08+00:00\",\"mainEntityOfPage\":{\"@id\":\"https:\\\/\\\/www.velomobileworld.com\\\/fr\\\/en-route-vers-le-soleil-de-minuit-jour-51\\\/\"},\"wordCount\":980,\"commentCount\":0,\"image\":{\"@id\":\"https:\\\/\\\/www.velomobileworld.com\\\/fr\\\/en-route-vers-le-soleil-de-minuit-jour-51\\\/#primaryimage\"},\"thumbnailUrl\":\"https:\\\/\\\/www.velomobileworld.com\\\/wp-content\\\/uploads\\\/2024\\\/12\\\/Midnightsun-Day-51.jpg\",\"articleSection\":[\"Non classifi\u00e9(e)\"],\"inLanguage\":\"fr-FR\",\"potentialAction\":[{\"@type\":\"CommentAction\",\"name\":\"Comment\",\"target\":[\"https:\\\/\\\/www.velomobileworld.com\\\/fr\\\/en-route-vers-le-soleil-de-minuit-jour-51\\\/#respond\"]}]},{\"@type\":\"WebPage\",\"@id\":\"https:\\\/\\\/www.velomobileworld.com\\\/fr\\\/en-route-vers-le-soleil-de-minuit-jour-51\\\/\",\"url\":\"https:\\\/\\\/www.velomobileworld.com\\\/fr\\\/en-route-vers-le-soleil-de-minuit-jour-51\\\/\",\"name\":\"En route vers le Soleil de Minuit (Jour 51) | Velomobile World\",\"isPartOf\":{\"@id\":\"https:\\\/\\\/www.velomobileworld.com\\\/nl\\\/#website\"},\"primaryImageOfPage\":{\"@id\":\"https:\\\/\\\/www.velomobileworld.com\\\/fr\\\/en-route-vers-le-soleil-de-minuit-jour-51\\\/#primaryimage\"},\"image\":{\"@id\":\"https:\\\/\\\/www.velomobileworld.com\\\/fr\\\/en-route-vers-le-soleil-de-minuit-jour-51\\\/#primaryimage\"},\"thumbnailUrl\":\"https:\\\/\\\/www.velomobileworld.com\\\/wp-content\\\/uploads\\\/2024\\\/12\\\/Midnightsun-Day-51.jpg\",\"datePublished\":\"2024-12-11T12:28:07+00:00\",\"dateModified\":\"2025-07-25T10:09:08+00:00\",\"author\":{\"@id\":\"https:\\\/\\\/www.velomobileworld.com\\\/nl\\\/#\\\/schema\\\/person\\\/c0c7c661ad3c8719ed05a7dc85d6fa12\"},\"description\":\"En route vers le Soleil de Minuit (Jour 51). Un nouveau voyage avec Brigitte et Fritz. D\u00e9couvrez leurs aventures. D\u00e9tails dans l`article.\",\"breadcrumb\":{\"@id\":\"https:\\\/\\\/www.velomobileworld.com\\\/fr\\\/en-route-vers-le-soleil-de-minuit-jour-51\\\/#breadcrumb\"},\"inLanguage\":\"fr-FR\",\"potentialAction\":[{\"@type\":\"ReadAction\",\"target\":[\"https:\\\/\\\/www.velomobileworld.com\\\/fr\\\/en-route-vers-le-soleil-de-minuit-jour-51\\\/\"]}]},{\"@type\":\"ImageObject\",\"inLanguage\":\"fr-FR\",\"@id\":\"https:\\\/\\\/www.velomobileworld.com\\\/fr\\\/en-route-vers-le-soleil-de-minuit-jour-51\\\/#primaryimage\",\"url\":\"https:\\\/\\\/www.velomobileworld.com\\\/wp-content\\\/uploads\\\/2024\\\/12\\\/Midnightsun-Day-51.jpg\",\"contentUrl\":\"https:\\\/\\\/www.velomobileworld.com\\\/wp-content\\\/uploads\\\/2024\\\/12\\\/Midnightsun-Day-51.jpg\",\"width\":1920,\"height\":850,\"caption\":\"Midnightsun-Day-51\"},{\"@type\":\"BreadcrumbList\",\"@id\":\"https:\\\/\\\/www.velomobileworld.com\\\/fr\\\/en-route-vers-le-soleil-de-minuit-jour-51\\\/#breadcrumb\",\"itemListElement\":[{\"@type\":\"ListItem\",\"position\":1,\"name\":\"Home\",\"item\":\"https:\\\/\\\/www.velomobileworld.com\\\/fr\\\/\"},{\"@type\":\"ListItem\",\"position\":2,\"name\":\"En route vers le Soleil de Minuit (Jour 51)\"}]},{\"@type\":\"WebSite\",\"@id\":\"https:\\\/\\\/www.velomobileworld.com\\\/nl\\\/#website\",\"url\":\"https:\\\/\\\/www.velomobileworld.com\\\/nl\\\/\",\"name\":\"Velomobile World\",\"description\":\"\",\"potentialAction\":[{\"@type\":\"SearchAction\",\"target\":{\"@type\":\"EntryPoint\",\"urlTemplate\":\"https:\\\/\\\/www.velomobileworld.com\\\/nl\\\/?s={search_term_string}\"},\"query-input\":{\"@type\":\"PropertyValueSpecification\",\"valueRequired\":true,\"valueName\":\"search_term_string\"}}],\"inLanguage\":\"fr-FR\"},{\"@type\":\"Person\",\"@id\":\"https:\\\/\\\/www.velomobileworld.com\\\/nl\\\/#\\\/schema\\\/person\\\/c0c7c661ad3c8719ed05a7dc85d6fa12\",\"name\":\"Jan Wijnen\",\"image\":{\"@type\":\"ImageObject\",\"inLanguage\":\"fr-FR\",\"@id\":\"https:\\\/\\\/secure.gravatar.com\\\/avatar\\\/4802c8a6006d5895d73a1141e39ccf819bca7ec1dbfb26a6f4370880cefa109a?s=96&d=mm&r=g\",\"url\":\"https:\\\/\\\/secure.gravatar.com\\\/avatar\\\/4802c8a6006d5895d73a1141e39ccf819bca7ec1dbfb26a6f4370880cefa109a?s=96&d=mm&r=g\",\"contentUrl\":\"https:\\\/\\\/secure.gravatar.com\\\/avatar\\\/4802c8a6006d5895d73a1141e39ccf819bca7ec1dbfb26a6f4370880cefa109a?s=96&d=mm&r=g\",\"caption\":\"Jan Wijnen\"},\"url\":\"https:\\\/\\\/www.velomobileworld.com\\\/fr\\\/author\\\/jan-admin\\\/\"}]}<\/script>\n<!-- \/ Yoast SEO plugin. -->","yoast_head_json":{"title":"En route vers le Soleil de Minuit (Jour 51) | Velomobile World","description":"En route vers le Soleil de Minuit (Jour 51). Un nouveau voyage avec Brigitte et Fritz. D\u00e9couvrez leurs aventures. D\u00e9tails dans l`article.","robots":{"index":"index","follow":"follow","max-snippet":"max-snippet:-1","max-image-preview":"max-image-preview:large","max-video-preview":"max-video-preview:-1"},"canonical":"https:\/\/www.velomobileworld.com\/fr\/en-route-vers-le-soleil-de-minuit-jour-51\/","og_locale":"fr_FR","og_type":"article","og_title":"En route vers le Soleil de Minuit (Jour 51) | Velomobile World","og_description":"En route vers le Soleil de Minuit (Jour 51). Un nouveau voyage avec Brigitte et Fritz. D\u00e9couvrez leurs aventures. D\u00e9tails dans l`article.","og_url":"https:\/\/www.velomobileworld.com\/fr\/en-route-vers-le-soleil-de-minuit-jour-51\/","og_site_name":"Velomobile World","article_published_time":"2024-12-11T12:28:07+00:00","article_modified_time":"2025-07-25T10:09:08+00:00","og_image":[{"width":1920,"height":850,"url":"https:\/\/www.velomobileworld.com\/wp-content\/uploads\/2024\/12\/Midnightsun-Day-51.jpg","type":"image\/jpeg"}],"author":"Jan Wijnen","twitter_card":"summary_large_image","twitter_misc":{"\u00c9crit par":"Jan Wijnen","Dur\u00e9e de lecture estim\u00e9e":"5 minutes"},"schema":{"@context":"https:\/\/schema.org","@graph":[{"@type":"Article","@id":"https:\/\/www.velomobileworld.com\/fr\/en-route-vers-le-soleil-de-minuit-jour-51\/#article","isPartOf":{"@id":"https:\/\/www.velomobileworld.com\/fr\/en-route-vers-le-soleil-de-minuit-jour-51\/"},"author":{"name":"Jan Wijnen","@id":"https:\/\/www.velomobileworld.com\/nl\/#\/schema\/person\/c0c7c661ad3c8719ed05a7dc85d6fa12"},"headline":"En route vers le Soleil de Minuit (Jour 51)","datePublished":"2024-12-11T12:28:07+00:00","dateModified":"2025-07-25T10:09:08+00:00","mainEntityOfPage":{"@id":"https:\/\/www.velomobileworld.com\/fr\/en-route-vers-le-soleil-de-minuit-jour-51\/"},"wordCount":980,"commentCount":0,"image":{"@id":"https:\/\/www.velomobileworld.com\/fr\/en-route-vers-le-soleil-de-minuit-jour-51\/#primaryimage"},"thumbnailUrl":"https:\/\/www.velomobileworld.com\/wp-content\/uploads\/2024\/12\/Midnightsun-Day-51.jpg","articleSection":["Non classifi\u00e9(e)"],"inLanguage":"fr-FR","potentialAction":[{"@type":"CommentAction","name":"Comment","target":["https:\/\/www.velomobileworld.com\/fr\/en-route-vers-le-soleil-de-minuit-jour-51\/#respond"]}]},{"@type":"WebPage","@id":"https:\/\/www.velomobileworld.com\/fr\/en-route-vers-le-soleil-de-minuit-jour-51\/","url":"https:\/\/www.velomobileworld.com\/fr\/en-route-vers-le-soleil-de-minuit-jour-51\/","name":"En route vers le Soleil de Minuit (Jour 51) | Velomobile World","isPartOf":{"@id":"https:\/\/www.velomobileworld.com\/nl\/#website"},"primaryImageOfPage":{"@id":"https:\/\/www.velomobileworld.com\/fr\/en-route-vers-le-soleil-de-minuit-jour-51\/#primaryimage"},"image":{"@id":"https:\/\/www.velomobileworld.com\/fr\/en-route-vers-le-soleil-de-minuit-jour-51\/#primaryimage"},"thumbnailUrl":"https:\/\/www.velomobileworld.com\/wp-content\/uploads\/2024\/12\/Midnightsun-Day-51.jpg","datePublished":"2024-12-11T12:28:07+00:00","dateModified":"2025-07-25T10:09:08+00:00","author":{"@id":"https:\/\/www.velomobileworld.com\/nl\/#\/schema\/person\/c0c7c661ad3c8719ed05a7dc85d6fa12"},"description":"En route vers le Soleil de Minuit (Jour 51). Un nouveau voyage avec Brigitte et Fritz. D\u00e9couvrez leurs aventures. D\u00e9tails dans l`article.","breadcrumb":{"@id":"https:\/\/www.velomobileworld.com\/fr\/en-route-vers-le-soleil-de-minuit-jour-51\/#breadcrumb"},"inLanguage":"fr-FR","potentialAction":[{"@type":"ReadAction","target":["https:\/\/www.velomobileworld.com\/fr\/en-route-vers-le-soleil-de-minuit-jour-51\/"]}]},{"@type":"ImageObject","inLanguage":"fr-FR","@id":"https:\/\/www.velomobileworld.com\/fr\/en-route-vers-le-soleil-de-minuit-jour-51\/#primaryimage","url":"https:\/\/www.velomobileworld.com\/wp-content\/uploads\/2024\/12\/Midnightsun-Day-51.jpg","contentUrl":"https:\/\/www.velomobileworld.com\/wp-content\/uploads\/2024\/12\/Midnightsun-Day-51.jpg","width":1920,"height":850,"caption":"Midnightsun-Day-51"},{"@type":"BreadcrumbList","@id":"https:\/\/www.velomobileworld.com\/fr\/en-route-vers-le-soleil-de-minuit-jour-51\/#breadcrumb","itemListElement":[{"@type":"ListItem","position":1,"name":"Home","item":"https:\/\/www.velomobileworld.com\/fr\/"},{"@type":"ListItem","position":2,"name":"En route vers le Soleil de Minuit (Jour 51)"}]},{"@type":"WebSite","@id":"https:\/\/www.velomobileworld.com\/nl\/#website","url":"https:\/\/www.velomobileworld.com\/nl\/","name":"Velomobile World","description":"","potentialAction":[{"@type":"SearchAction","target":{"@type":"EntryPoint","urlTemplate":"https:\/\/www.velomobileworld.com\/nl\/?s={search_term_string}"},"query-input":{"@type":"PropertyValueSpecification","valueRequired":true,"valueName":"search_term_string"}}],"inLanguage":"fr-FR"},{"@type":"Person","@id":"https:\/\/www.velomobileworld.com\/nl\/#\/schema\/person\/c0c7c661ad3c8719ed05a7dc85d6fa12","name":"Jan Wijnen","image":{"@type":"ImageObject","inLanguage":"fr-FR","@id":"https:\/\/secure.gravatar.com\/avatar\/4802c8a6006d5895d73a1141e39ccf819bca7ec1dbfb26a6f4370880cefa109a?s=96&d=mm&r=g","url":"https:\/\/secure.gravatar.com\/avatar\/4802c8a6006d5895d73a1141e39ccf819bca7ec1dbfb26a6f4370880cefa109a?s=96&d=mm&r=g","contentUrl":"https:\/\/secure.gravatar.com\/avatar\/4802c8a6006d5895d73a1141e39ccf819bca7ec1dbfb26a6f4370880cefa109a?s=96&d=mm&r=g","caption":"Jan Wijnen"},"url":"https:\/\/www.velomobileworld.com\/fr\/author\/jan-admin\/"}]}},"_links":{"self":[{"href":"https:\/\/www.velomobileworld.com\/fr\/wp-json\/wp\/v2\/posts\/7274","targetHints":{"allow":["GET"]}}],"collection":[{"href":"https:\/\/www.velomobileworld.com\/fr\/wp-json\/wp\/v2\/posts"}],"about":[{"href":"https:\/\/www.velomobileworld.com\/fr\/wp-json\/wp\/v2\/types\/post"}],"author":[{"embeddable":true,"href":"https:\/\/www.velomobileworld.com\/fr\/wp-json\/wp\/v2\/users\/4"}],"replies":[{"embeddable":true,"href":"https:\/\/www.velomobileworld.com\/fr\/wp-json\/wp\/v2\/comments?post=7274"}],"version-history":[{"count":1,"href":"https:\/\/www.velomobileworld.com\/fr\/wp-json\/wp\/v2\/posts\/7274\/revisions"}],"predecessor-version":[{"id":100536,"href":"https:\/\/www.velomobileworld.com\/fr\/wp-json\/wp\/v2\/posts\/7274\/revisions\/100536"}],"wp:featuredmedia":[{"embeddable":true,"href":"https:\/\/www.velomobileworld.com\/fr\/wp-json\/wp\/v2\/media\/6445"}],"wp:attachment":[{"href":"https:\/\/www.velomobileworld.com\/fr\/wp-json\/wp\/v2\/media?parent=7274"}],"wp:term":[{"taxonomy":"category","embeddable":true,"href":"https:\/\/www.velomobileworld.com\/fr\/wp-json\/wp\/v2\/categories?post=7274"},{"taxonomy":"post_tag","embeddable":true,"href":"https:\/\/www.velomobileworld.com\/fr\/wp-json\/wp\/v2\/tags?post=7274"}],"curies":[{"name":"wp","href":"https:\/\/api.w.org\/{rel}","templated":true}]}}