{"id":7280,"date":"2024-12-11T15:56:05","date_gmt":"2024-12-11T14:56:05","guid":{"rendered":"https:\/\/velomobileworld.convident.dev\/en-route-vers-le-soleil-de-minuit-jour-6\/"},"modified":"2025-07-25T12:09:07","modified_gmt":"2025-07-25T10:09:07","slug":"en-route-vers-le-soleil-de-minuit-jour-6","status":"publish","type":"post","link":"https:\/\/www.velomobileworld.com\/fr\/en-route-vers-le-soleil-de-minuit-jour-6\/","title":{"rendered":"En route vers le Soleil de Minuit (Jour 6)"},"content":{"rendered":"<p style=\"text-align: left;\"><span style=\"color: #ff0000;\"><strong>En route vers le Soleil de Minuit. Un voyage en v\u00e9lomobile avec Brigitte et Fritz.<\/strong><\/span><\/p>\n<p style=\"text-align: left;\"><strong>Allemagne &gt; Danemark &gt; Norv\u00e8ge &gt; Cap Nord (Nordkapp) &gt; Finlande &gt; Allemagne<\/strong><\/p>\n<p style=\"text-align: left;\"><strong>&#8212;&#8212;&#8212;&#8212;&#8212;&#8212;&#8212;&#8212;&#8212;&#8212;&#8211;<\/strong><\/p>\n<p style=\"text-align: left;\">D\u00e9couvrez <a href=\"https:\/\/www.velomobileworld.com\/fr\/un-velomobile-voyage-en-route-vers-le-soleil-de-minuit-tous-les-jours\/\" target=\"_blank\" rel=\"noopener\">ICI<\/a> Toutes les Journ\u00e9es du Voyage \u00ab\u00a0En route vers le Soleil de Minuit\u00a0\u00bb<\/p>\n<p style=\"text-align: left;\"><strong>&#8212;&#8212;&#8212;&#8212;&#8212;&#8212;&#8212;&#8212;&#8212;&#8212;&#8211;<\/strong><\/p>\n<p>&nbsp;<\/p>\n<p style=\"text-align: left;\"><strong>Jour 6 | Hirtshals &#8211; Larvik | 11,2 KM<\/strong><\/p>\n<p>&nbsp;<\/p>\n<p style=\"text-align: left;\">Apr\u00e8s une nuit orageuse, nous avons eu beaucoup de temps le matin avant le d\u00e9part du ferry \u00e0 12 h 45. Nous avons un peu tra\u00een\u00e9, cherchant des informations sur les v\u00e9lomobiles, nettoyant la cha\u00eene, v\u00e9rifiant que les pneus n&rsquo;\u00e9taient pas endommag\u00e9s, attendant que le linge s\u00e8che et rangeant tranquillement la tente. \u00c0 l&#8217;embarcad\u00e8re du ferry, tout proche, nous avons pass\u00e9 le point de contr\u00f4le et fait la queue. La travers\u00e9e du Skagerrak vers la Norv\u00e8ge dure environ 3 heures. \u00c0 bord, nous passons notre temps \u00e0 faire les choses habituelles : boire du caf\u00e9, manger, \u00e9couter des livres audio et observer les gens.<br \/>\nPlus nous nous rapprochons de la Norv\u00e8ge, plus le temps s&rsquo;am\u00e9liore. \u00c0 Larvik, le soleil brille avec quelques nuages dans le ciel. Nous quittons le ferry et prenons la route courte qui m\u00e8ne directement au camping et \u00e0 sa plage de baignade. Il reste donc quelques kilom\u00e8tres aujourd&rsquo;hui et nous profitons du beau temps au bord de la mer.<\/p>\n<p style=\"text-align: left;\"><strong>&#8230;&#8230;&#8230;&#8230;&#8230;&#8230;&#8230;&#8230;&#8230;&#8230;&#8230;&#8230;&#8230;&#8230;&#8230;&#8230;&#8230;&#8230;<\/strong><\/p>\n<p><a href=\"https:\/\/store.velomobileworld.com\/?utm_source=Banner_US_Canada_Worldwide&amp;utm_medium=Article&amp;utm_campaign=Blog\" target=\"_blank\" rel=\"noopener\"><img loading=\"lazy\" decoding=\"async\" class=\"alignnone wp-image-24840 lazyloaded\" src=\"https:\/\/www.velomobileworld.com\/wp-content\/uploads\/2023\/07\/1-usa-canada-worldwide.png\" alt=\"\" width=\"450\" height=\"74\" data-src=\"https:\/\/www.velomobileworld.com\/wp-content\/uploads\/2023\/07\/1-usa-canada-worldwide.png\" \/><\/a>\u00a0<a href=\"https:\/\/www.velomobileworld.com\/?product_tag=velomobiles&amp;utm_source=Banner_EU&amp;utm_medium=Article&amp;utm_campaign=Blog\" target=\"_blank\" rel=\"noopener\"><img loading=\"lazy\" decoding=\"async\" class=\"alignnone wp-image-24845 ls-is-cached lazyloaded\" src=\"https:\/\/www.velomobileworld.com\/wp-content\/uploads\/2023\/07\/2-european-union.png\" alt=\"\" width=\"449\" height=\"74\" data-src=\"https:\/\/www.velomobileworld.com\/wp-content\/uploads\/2023\/07\/2-european-union.png\" \/><\/a><\/p>\n<p style=\"text-align: left;\"><strong>&#8230;&#8230;&#8230;&#8230;&#8230;&#8230;&#8230;&#8230;&#8230;&#8230;&#8230;&#8230;&#8230;&#8230;&#8230;&#8230;&#8230;&#8230;<\/strong><\/p>\n<p><a href=\"https:\/\/www.velomobileworld.com\/wp-content\/uploads\/2023\/10\/6-1-tag-map.jpeg\" target=\"_blank\" rel=\"noopener\"><img loading=\"lazy\" decoding=\"async\" class=\"alignnone wp-image-30788\" src=\"https:\/\/www.velomobileworld.com\/wp-content\/uploads\/2023\/10\/6-1-tag-map.jpeg\" alt=\"\" width=\"450\" height=\"850\" \/><\/a><\/p>\n<p><a href=\"https:\/\/www.velomobileworld.com\/wp-content\/uploads\/2023\/10\/6-1-Pics-Hirtshals-camping-1024x768.jpeg\" target=\"_blank\" rel=\"noopener\"><img loading=\"lazy\" decoding=\"async\" class=\"alignnone wp-image-30793\" src=\"https:\/\/www.velomobileworld.com\/wp-content\/uploads\/2023\/10\/6-1-Pics-Hirtshals-camping-1024x768.jpeg\" alt=\"\" width=\"450\" height=\"338\" \/><\/a><\/p>\n<p style=\"text-align: left;\"><img decoding=\"async\" class=\"emoji ls-is-cached lazyloaded\" role=\"img\" draggable=\"false\" src=\"https:\/\/s.w.org\/images\/core\/emoji\/13.1.0\/svg\/2b06.svg\" alt=\"\u2b06\ufe0f\" data-src=\"https:\/\/s.w.org\/images\/core\/emoji\/13.1.0\/svg\/2b06.svg\" \/> Hirtshals camping<\/p>\n<p><a href=\"https:\/\/www.velomobileworld.com\/wp-content\/uploads\/2023\/10\/6-2-Check-in-1024x768.jpeg\" target=\"_blank\" rel=\"noopener\"><img loading=\"lazy\" decoding=\"async\" class=\"alignnone wp-image-30798\" src=\"https:\/\/www.velomobileworld.com\/wp-content\/uploads\/2023\/10\/6-2-Check-in-1024x768.jpeg\" alt=\"\" width=\"450\" height=\"338\" \/><\/a><\/p>\n<p style=\"text-align: left;\"><img decoding=\"async\" class=\"emoji ls-is-cached lazyloaded\" role=\"img\" draggable=\"false\" src=\"https:\/\/s.w.org\/images\/core\/emoji\/13.1.0\/svg\/2b06.svg\" alt=\"\u2b06\ufe0f\" data-src=\"https:\/\/s.w.org\/images\/core\/emoji\/13.1.0\/svg\/2b06.svg\" \/> Check-in<\/p>\n<p><a href=\"https:\/\/www.velomobileworld.com\/wp-content\/uploads\/2023\/10\/6-3-In-line-1024x768.jpeg\" target=\"_blank\" rel=\"noopener\"><img loading=\"lazy\" decoding=\"async\" class=\"alignnone wp-image-30803\" src=\"https:\/\/www.velomobileworld.com\/wp-content\/uploads\/2023\/10\/6-3-In-line-1024x768.jpeg\" alt=\"\" width=\"450\" height=\"338\" \/><\/a><\/p>\n<p style=\"text-align: left;\"><img decoding=\"async\" class=\"emoji ls-is-cached lazyloaded\" role=\"img\" draggable=\"false\" src=\"https:\/\/s.w.org\/images\/core\/emoji\/13.1.0\/svg\/2b06.svg\" alt=\"\u2b06\ufe0f\" data-src=\"https:\/\/s.w.org\/images\/core\/emoji\/13.1.0\/svg\/2b06.svg\" \/> In line \/ In Linie \/ En ligne<\/p>\n<p><a href=\"https:\/\/www.velomobileworld.com\/wp-content\/uploads\/2023\/10\/6-4-1024x768.jpeg\" target=\"_blank\" rel=\"noopener\"><img loading=\"lazy\" decoding=\"async\" class=\"alignnone wp-image-30808\" src=\"https:\/\/www.velomobileworld.com\/wp-content\/uploads\/2023\/10\/6-4-1024x768.jpeg\" alt=\"\" width=\"450\" height=\"338\" \/><\/a> <a href=\"https:\/\/www.velomobileworld.com\/wp-content\/uploads\/2023\/10\/6-5-Parking-in-the-Ferry-1024x768.jpeg\" target=\"_blank\" rel=\"noopener\"><img loading=\"lazy\" decoding=\"async\" class=\"alignnone wp-image-30813\" src=\"https:\/\/www.velomobileworld.com\/wp-content\/uploads\/2023\/10\/6-5-Parking-in-the-Ferry-1024x768.jpeg\" alt=\"\" width=\"450\" height=\"338\" \/><\/a><\/p>\n<p style=\"text-align: left;\"><img decoding=\"async\" class=\"emoji ls-is-cached lazyloaded\" role=\"img\" draggable=\"false\" src=\"https:\/\/s.w.org\/images\/core\/emoji\/13.1.0\/svg\/2b06.svg\" alt=\"\u2b06\ufe0f\" data-src=\"https:\/\/s.w.org\/images\/core\/emoji\/13.1.0\/svg\/2b06.svg\" \/> Parking in the ferry \/ Parken auf der F\u00e4hre \/ Parking dans le ferry<\/p>\n<p><a href=\"https:\/\/www.velomobileworld.com\/wp-content\/uploads\/2023\/10\/6-6-1024x768.jpeg\" target=\"_blank\" rel=\"noopener\"><img loading=\"lazy\" decoding=\"async\" class=\"alignnone wp-image-30818\" src=\"https:\/\/www.velomobileworld.com\/wp-content\/uploads\/2023\/10\/6-6-1024x768.jpeg\" alt=\"\" width=\"450\" height=\"338\" \/><\/a> <a href=\"https:\/\/www.velomobileworld.com\/wp-content\/uploads\/2023\/10\/6-7-Toll-1024x768.jpeg\" target=\"_blank\" rel=\"noopener\"><img loading=\"lazy\" decoding=\"async\" class=\"alignnone wp-image-30823\" src=\"https:\/\/www.velomobileworld.com\/wp-content\/uploads\/2023\/10\/6-7-Toll-1024x768.jpeg\" alt=\"\" width=\"450\" height=\"338\" \/><\/a><\/p>\n<p style=\"text-align: left;\"><img decoding=\"async\" class=\"emoji ls-is-cached lazyloaded\" role=\"img\" draggable=\"false\" src=\"https:\/\/s.w.org\/images\/core\/emoji\/13.1.0\/svg\/2b06.svg\" alt=\"\u2b06\ufe0f\" data-src=\"https:\/\/s.w.org\/images\/core\/emoji\/13.1.0\/svg\/2b06.svg\" \/> Toll<\/p>\n<p><a href=\"https:\/\/www.velomobileworld.com\/wp-content\/uploads\/2023\/10\/6-8-Houses-at-the-coast-1024x768.jpeg\" target=\"_blank\" rel=\"noopener\"><img loading=\"lazy\" decoding=\"async\" class=\"alignnone wp-image-30828\" src=\"https:\/\/www.velomobileworld.com\/wp-content\/uploads\/2023\/10\/6-8-Houses-at-the-coast-1024x768.jpeg\" alt=\"\" width=\"450\" height=\"338\" \/><\/a><\/p>\n<p style=\"text-align: left;\"><img decoding=\"async\" class=\"emoji ls-is-cached lazyloaded\" role=\"img\" draggable=\"false\" src=\"https:\/\/s.w.org\/images\/core\/emoji\/13.1.0\/svg\/2b06.svg\" alt=\"\u2b06\ufe0f\" data-src=\"https:\/\/s.w.org\/images\/core\/emoji\/13.1.0\/svg\/2b06.svg\" \/> Houses at the coast \/ H\u00e4user an der K\u00fcste \/ Maisons \u00e0 la c\u00f4te<\/p>\n<p><a href=\"https:\/\/www.velomobileworld.com\/wp-content\/uploads\/2023\/10\/6-9-Beach-at-the-Camping-1024x768.jpeg\" target=\"_blank\" rel=\"noopener\"><img loading=\"lazy\" decoding=\"async\" class=\"alignnone wp-image-30833\" src=\"https:\/\/www.velomobileworld.com\/wp-content\/uploads\/2023\/10\/6-9-Beach-at-the-Camping-1024x768.jpeg\" alt=\"\" width=\"450\" height=\"338\" \/><\/a><\/p>\n<p style=\"text-align: left;\"><img decoding=\"async\" class=\"emoji ls-is-cached lazyloaded\" role=\"img\" draggable=\"false\" src=\"https:\/\/s.w.org\/images\/core\/emoji\/13.1.0\/svg\/2b06.svg\" alt=\"\u2b06\ufe0f\" data-src=\"https:\/\/s.w.org\/images\/core\/emoji\/13.1.0\/svg\/2b06.svg\" \/> Beach at the camping \/ Strand auf dem Campingplatz \/ Plage au camping<\/p>\n<p><a href=\"https:\/\/www.velomobileworld.com\/wp-content\/uploads\/2023\/10\/6-10-1024x576.jpeg\" target=\"_blank\" rel=\"noopener\"><img loading=\"lazy\" decoding=\"async\" class=\"alignnone wp-image-30838\" src=\"https:\/\/www.velomobileworld.com\/wp-content\/uploads\/2023\/10\/6-10-1024x576.jpeg\" alt=\"\" width=\"450\" height=\"253\" \/><\/a><\/p>\n<p style=\"text-align: left;\"><strong>&#8230;&#8230;&#8230;&#8230;&#8230;&#8230;&#8230;&#8230;&#8230;&#8230;&#8230;&#8230;&#8230;&#8230;&#8230;&#8230;&#8230;&#8230;<\/strong><\/p>\n<p style=\"text-align: left;\"><a href=\"https:\/\/www.velomobileworld.com\/fr\/road-trip-velomobile-35-jours-avec-brigitte-et-fritz\/\" target=\"_blank\" rel=\"noopener\">2022 VELOMOBILE ROAD TRIP: 35 DAYS WITH BRIGITTE AND FRITZ (EN\/DE\/FR)<\/a><\/p>\n","protected":false},"excerpt":{"rendered":"<p>En route vers le Soleil de Minuit. Un voyage en v\u00e9lomobile avec Brigitte et Fritz. Allemagne &gt; Danemark &gt; Norv\u00e8ge [&hellip;]<\/p>\n","protected":false},"author":4,"featured_media":6541,"comment_status":"open","ping_status":"closed","sticky":false,"template":"","format":"standard","meta":{"_acf_changed":false,"footnotes":""},"categories":[691],"tags":[],"class_list":["post-7280","post","type-post","status-publish","format-standard","has-post-thumbnail","hentry","category-non-classifiee"],"acf":[],"yoast_head":"<!-- This site is optimized with the Yoast SEO plugin v27.5 - https:\/\/yoast.com\/product\/yoast-seo-wordpress\/ -->\n<title>En route vers le Soleil de Minuit (Jour 6) | Velomobile World<\/title>\n<meta name=\"description\" content=\"En route vers le Soleil de Minuit (Jour 6). Un nouveau voyage avec Brigitte et Fritz. D\u00e9couvrez leurs aventures. D\u00e9tails dans l&#039;article.\" \/>\n<meta name=\"robots\" content=\"index, follow, max-snippet:-1, max-image-preview:large, max-video-preview:-1\" \/>\n<link rel=\"canonical\" href=\"https:\/\/www.velomobileworld.com\/fr\/en-route-vers-le-soleil-de-minuit-jour-6\/\" \/>\n<meta property=\"og:locale\" content=\"fr_FR\" \/>\n<meta property=\"og:type\" content=\"article\" \/>\n<meta property=\"og:title\" content=\"En route vers le Soleil de Minuit (Jour 6) | Velomobile World\" \/>\n<meta property=\"og:description\" content=\"En route vers le Soleil de Minuit (Jour 6). Un nouveau voyage avec Brigitte et Fritz. D\u00e9couvrez leurs aventures. D\u00e9tails dans l&#039;article.\" \/>\n<meta property=\"og:url\" content=\"https:\/\/www.velomobileworld.com\/fr\/en-route-vers-le-soleil-de-minuit-jour-6\/\" \/>\n<meta property=\"og:site_name\" content=\"Velomobile World\" \/>\n<meta property=\"article:published_time\" content=\"2024-12-11T14:56:05+00:00\" \/>\n<meta property=\"article:modified_time\" content=\"2025-07-25T10:09:07+00:00\" \/>\n<meta property=\"og:image\" content=\"https:\/\/www.velomobileworld.com\/wp-content\/uploads\/2024\/12\/Midnightsun-Day-6.jpg\" \/>\n\t<meta property=\"og:image:width\" content=\"1920\" \/>\n\t<meta property=\"og:image:height\" content=\"850\" \/>\n\t<meta property=\"og:image:type\" content=\"image\/jpeg\" \/>\n<meta name=\"author\" content=\"Jan Wijnen\" \/>\n<meta name=\"twitter:card\" content=\"summary_large_image\" \/>\n<meta name=\"twitter:label1\" content=\"\u00c9crit par\" \/>\n\t<meta name=\"twitter:data1\" content=\"Jan Wijnen\" \/>\n\t<meta name=\"twitter:label2\" content=\"Dur\u00e9e de lecture estim\u00e9e\" \/>\n\t<meta name=\"twitter:data2\" content=\"1 minute\" \/>\n<script type=\"application\/ld+json\" class=\"yoast-schema-graph\">{\"@context\":\"https:\\\/\\\/schema.org\",\"@graph\":[{\"@type\":\"Article\",\"@id\":\"https:\\\/\\\/www.velomobileworld.com\\\/fr\\\/en-route-vers-le-soleil-de-minuit-jour-6\\\/#article\",\"isPartOf\":{\"@id\":\"https:\\\/\\\/www.velomobileworld.com\\\/fr\\\/en-route-vers-le-soleil-de-minuit-jour-6\\\/\"},\"author\":{\"name\":\"Jan Wijnen\",\"@id\":\"https:\\\/\\\/www.velomobileworld.com\\\/nl\\\/#\\\/schema\\\/person\\\/c0c7c661ad3c8719ed05a7dc85d6fa12\"},\"headline\":\"En route vers le Soleil de Minuit (Jour 6)\",\"datePublished\":\"2024-12-11T14:56:05+00:00\",\"dateModified\":\"2025-07-25T10:09:07+00:00\",\"mainEntityOfPage\":{\"@id\":\"https:\\\/\\\/www.velomobileworld.com\\\/fr\\\/en-route-vers-le-soleil-de-minuit-jour-6\\\/\"},\"wordCount\":295,\"commentCount\":0,\"image\":{\"@id\":\"https:\\\/\\\/www.velomobileworld.com\\\/fr\\\/en-route-vers-le-soleil-de-minuit-jour-6\\\/#primaryimage\"},\"thumbnailUrl\":\"https:\\\/\\\/www.velomobileworld.com\\\/wp-content\\\/uploads\\\/2024\\\/12\\\/Midnightsun-Day-6.jpg\",\"articleSection\":[\"Non classifi\u00e9(e)\"],\"inLanguage\":\"fr-FR\",\"potentialAction\":[{\"@type\":\"CommentAction\",\"name\":\"Comment\",\"target\":[\"https:\\\/\\\/www.velomobileworld.com\\\/fr\\\/en-route-vers-le-soleil-de-minuit-jour-6\\\/#respond\"]}]},{\"@type\":\"WebPage\",\"@id\":\"https:\\\/\\\/www.velomobileworld.com\\\/fr\\\/en-route-vers-le-soleil-de-minuit-jour-6\\\/\",\"url\":\"https:\\\/\\\/www.velomobileworld.com\\\/fr\\\/en-route-vers-le-soleil-de-minuit-jour-6\\\/\",\"name\":\"En route vers le Soleil de Minuit (Jour 6) | Velomobile World\",\"isPartOf\":{\"@id\":\"https:\\\/\\\/www.velomobileworld.com\\\/nl\\\/#website\"},\"primaryImageOfPage\":{\"@id\":\"https:\\\/\\\/www.velomobileworld.com\\\/fr\\\/en-route-vers-le-soleil-de-minuit-jour-6\\\/#primaryimage\"},\"image\":{\"@id\":\"https:\\\/\\\/www.velomobileworld.com\\\/fr\\\/en-route-vers-le-soleil-de-minuit-jour-6\\\/#primaryimage\"},\"thumbnailUrl\":\"https:\\\/\\\/www.velomobileworld.com\\\/wp-content\\\/uploads\\\/2024\\\/12\\\/Midnightsun-Day-6.jpg\",\"datePublished\":\"2024-12-11T14:56:05+00:00\",\"dateModified\":\"2025-07-25T10:09:07+00:00\",\"author\":{\"@id\":\"https:\\\/\\\/www.velomobileworld.com\\\/nl\\\/#\\\/schema\\\/person\\\/c0c7c661ad3c8719ed05a7dc85d6fa12\"},\"description\":\"En route vers le Soleil de Minuit (Jour 6). Un nouveau voyage avec Brigitte et Fritz. D\u00e9couvrez leurs aventures. D\u00e9tails dans l'article.\",\"breadcrumb\":{\"@id\":\"https:\\\/\\\/www.velomobileworld.com\\\/fr\\\/en-route-vers-le-soleil-de-minuit-jour-6\\\/#breadcrumb\"},\"inLanguage\":\"fr-FR\",\"potentialAction\":[{\"@type\":\"ReadAction\",\"target\":[\"https:\\\/\\\/www.velomobileworld.com\\\/fr\\\/en-route-vers-le-soleil-de-minuit-jour-6\\\/\"]}]},{\"@type\":\"ImageObject\",\"inLanguage\":\"fr-FR\",\"@id\":\"https:\\\/\\\/www.velomobileworld.com\\\/fr\\\/en-route-vers-le-soleil-de-minuit-jour-6\\\/#primaryimage\",\"url\":\"https:\\\/\\\/www.velomobileworld.com\\\/wp-content\\\/uploads\\\/2024\\\/12\\\/Midnightsun-Day-6.jpg\",\"contentUrl\":\"https:\\\/\\\/www.velomobileworld.com\\\/wp-content\\\/uploads\\\/2024\\\/12\\\/Midnightsun-Day-6.jpg\",\"width\":1920,\"height\":850},{\"@type\":\"BreadcrumbList\",\"@id\":\"https:\\\/\\\/www.velomobileworld.com\\\/fr\\\/en-route-vers-le-soleil-de-minuit-jour-6\\\/#breadcrumb\",\"itemListElement\":[{\"@type\":\"ListItem\",\"position\":1,\"name\":\"Home\",\"item\":\"https:\\\/\\\/www.velomobileworld.com\\\/fr\\\/\"},{\"@type\":\"ListItem\",\"position\":2,\"name\":\"En route vers le Soleil de Minuit (Jour 6)\"}]},{\"@type\":\"WebSite\",\"@id\":\"https:\\\/\\\/www.velomobileworld.com\\\/nl\\\/#website\",\"url\":\"https:\\\/\\\/www.velomobileworld.com\\\/nl\\\/\",\"name\":\"Velomobile World\",\"description\":\"\",\"potentialAction\":[{\"@type\":\"SearchAction\",\"target\":{\"@type\":\"EntryPoint\",\"urlTemplate\":\"https:\\\/\\\/www.velomobileworld.com\\\/nl\\\/?s={search_term_string}\"},\"query-input\":{\"@type\":\"PropertyValueSpecification\",\"valueRequired\":true,\"valueName\":\"search_term_string\"}}],\"inLanguage\":\"fr-FR\"},{\"@type\":\"Person\",\"@id\":\"https:\\\/\\\/www.velomobileworld.com\\\/nl\\\/#\\\/schema\\\/person\\\/c0c7c661ad3c8719ed05a7dc85d6fa12\",\"name\":\"Jan Wijnen\",\"image\":{\"@type\":\"ImageObject\",\"inLanguage\":\"fr-FR\",\"@id\":\"https:\\\/\\\/secure.gravatar.com\\\/avatar\\\/4802c8a6006d5895d73a1141e39ccf819bca7ec1dbfb26a6f4370880cefa109a?s=96&d=mm&r=g\",\"url\":\"https:\\\/\\\/secure.gravatar.com\\\/avatar\\\/4802c8a6006d5895d73a1141e39ccf819bca7ec1dbfb26a6f4370880cefa109a?s=96&d=mm&r=g\",\"contentUrl\":\"https:\\\/\\\/secure.gravatar.com\\\/avatar\\\/4802c8a6006d5895d73a1141e39ccf819bca7ec1dbfb26a6f4370880cefa109a?s=96&d=mm&r=g\",\"caption\":\"Jan Wijnen\"},\"url\":\"https:\\\/\\\/www.velomobileworld.com\\\/fr\\\/author\\\/jan-admin\\\/\"}]}<\/script>\n<!-- \/ Yoast SEO plugin. -->","yoast_head_json":{"title":"En route vers le Soleil de Minuit (Jour 6) | Velomobile World","description":"En route vers le Soleil de Minuit (Jour 6). Un nouveau voyage avec Brigitte et Fritz. D\u00e9couvrez leurs aventures. D\u00e9tails dans l'article.","robots":{"index":"index","follow":"follow","max-snippet":"max-snippet:-1","max-image-preview":"max-image-preview:large","max-video-preview":"max-video-preview:-1"},"canonical":"https:\/\/www.velomobileworld.com\/fr\/en-route-vers-le-soleil-de-minuit-jour-6\/","og_locale":"fr_FR","og_type":"article","og_title":"En route vers le Soleil de Minuit (Jour 6) | Velomobile World","og_description":"En route vers le Soleil de Minuit (Jour 6). Un nouveau voyage avec Brigitte et Fritz. D\u00e9couvrez leurs aventures. D\u00e9tails dans l'article.","og_url":"https:\/\/www.velomobileworld.com\/fr\/en-route-vers-le-soleil-de-minuit-jour-6\/","og_site_name":"Velomobile World","article_published_time":"2024-12-11T14:56:05+00:00","article_modified_time":"2025-07-25T10:09:07+00:00","og_image":[{"width":1920,"height":850,"url":"https:\/\/www.velomobileworld.com\/wp-content\/uploads\/2024\/12\/Midnightsun-Day-6.jpg","type":"image\/jpeg"}],"author":"Jan Wijnen","twitter_card":"summary_large_image","twitter_misc":{"\u00c9crit par":"Jan Wijnen","Dur\u00e9e de lecture estim\u00e9e":"1 minute"},"schema":{"@context":"https:\/\/schema.org","@graph":[{"@type":"Article","@id":"https:\/\/www.velomobileworld.com\/fr\/en-route-vers-le-soleil-de-minuit-jour-6\/#article","isPartOf":{"@id":"https:\/\/www.velomobileworld.com\/fr\/en-route-vers-le-soleil-de-minuit-jour-6\/"},"author":{"name":"Jan Wijnen","@id":"https:\/\/www.velomobileworld.com\/nl\/#\/schema\/person\/c0c7c661ad3c8719ed05a7dc85d6fa12"},"headline":"En route vers le Soleil de Minuit (Jour 6)","datePublished":"2024-12-11T14:56:05+00:00","dateModified":"2025-07-25T10:09:07+00:00","mainEntityOfPage":{"@id":"https:\/\/www.velomobileworld.com\/fr\/en-route-vers-le-soleil-de-minuit-jour-6\/"},"wordCount":295,"commentCount":0,"image":{"@id":"https:\/\/www.velomobileworld.com\/fr\/en-route-vers-le-soleil-de-minuit-jour-6\/#primaryimage"},"thumbnailUrl":"https:\/\/www.velomobileworld.com\/wp-content\/uploads\/2024\/12\/Midnightsun-Day-6.jpg","articleSection":["Non classifi\u00e9(e)"],"inLanguage":"fr-FR","potentialAction":[{"@type":"CommentAction","name":"Comment","target":["https:\/\/www.velomobileworld.com\/fr\/en-route-vers-le-soleil-de-minuit-jour-6\/#respond"]}]},{"@type":"WebPage","@id":"https:\/\/www.velomobileworld.com\/fr\/en-route-vers-le-soleil-de-minuit-jour-6\/","url":"https:\/\/www.velomobileworld.com\/fr\/en-route-vers-le-soleil-de-minuit-jour-6\/","name":"En route vers le Soleil de Minuit (Jour 6) | Velomobile World","isPartOf":{"@id":"https:\/\/www.velomobileworld.com\/nl\/#website"},"primaryImageOfPage":{"@id":"https:\/\/www.velomobileworld.com\/fr\/en-route-vers-le-soleil-de-minuit-jour-6\/#primaryimage"},"image":{"@id":"https:\/\/www.velomobileworld.com\/fr\/en-route-vers-le-soleil-de-minuit-jour-6\/#primaryimage"},"thumbnailUrl":"https:\/\/www.velomobileworld.com\/wp-content\/uploads\/2024\/12\/Midnightsun-Day-6.jpg","datePublished":"2024-12-11T14:56:05+00:00","dateModified":"2025-07-25T10:09:07+00:00","author":{"@id":"https:\/\/www.velomobileworld.com\/nl\/#\/schema\/person\/c0c7c661ad3c8719ed05a7dc85d6fa12"},"description":"En route vers le Soleil de Minuit (Jour 6). Un nouveau voyage avec Brigitte et Fritz. D\u00e9couvrez leurs aventures. D\u00e9tails dans l'article.","breadcrumb":{"@id":"https:\/\/www.velomobileworld.com\/fr\/en-route-vers-le-soleil-de-minuit-jour-6\/#breadcrumb"},"inLanguage":"fr-FR","potentialAction":[{"@type":"ReadAction","target":["https:\/\/www.velomobileworld.com\/fr\/en-route-vers-le-soleil-de-minuit-jour-6\/"]}]},{"@type":"ImageObject","inLanguage":"fr-FR","@id":"https:\/\/www.velomobileworld.com\/fr\/en-route-vers-le-soleil-de-minuit-jour-6\/#primaryimage","url":"https:\/\/www.velomobileworld.com\/wp-content\/uploads\/2024\/12\/Midnightsun-Day-6.jpg","contentUrl":"https:\/\/www.velomobileworld.com\/wp-content\/uploads\/2024\/12\/Midnightsun-Day-6.jpg","width":1920,"height":850},{"@type":"BreadcrumbList","@id":"https:\/\/www.velomobileworld.com\/fr\/en-route-vers-le-soleil-de-minuit-jour-6\/#breadcrumb","itemListElement":[{"@type":"ListItem","position":1,"name":"Home","item":"https:\/\/www.velomobileworld.com\/fr\/"},{"@type":"ListItem","position":2,"name":"En route vers le Soleil de Minuit (Jour 6)"}]},{"@type":"WebSite","@id":"https:\/\/www.velomobileworld.com\/nl\/#website","url":"https:\/\/www.velomobileworld.com\/nl\/","name":"Velomobile World","description":"","potentialAction":[{"@type":"SearchAction","target":{"@type":"EntryPoint","urlTemplate":"https:\/\/www.velomobileworld.com\/nl\/?s={search_term_string}"},"query-input":{"@type":"PropertyValueSpecification","valueRequired":true,"valueName":"search_term_string"}}],"inLanguage":"fr-FR"},{"@type":"Person","@id":"https:\/\/www.velomobileworld.com\/nl\/#\/schema\/person\/c0c7c661ad3c8719ed05a7dc85d6fa12","name":"Jan Wijnen","image":{"@type":"ImageObject","inLanguage":"fr-FR","@id":"https:\/\/secure.gravatar.com\/avatar\/4802c8a6006d5895d73a1141e39ccf819bca7ec1dbfb26a6f4370880cefa109a?s=96&d=mm&r=g","url":"https:\/\/secure.gravatar.com\/avatar\/4802c8a6006d5895d73a1141e39ccf819bca7ec1dbfb26a6f4370880cefa109a?s=96&d=mm&r=g","contentUrl":"https:\/\/secure.gravatar.com\/avatar\/4802c8a6006d5895d73a1141e39ccf819bca7ec1dbfb26a6f4370880cefa109a?s=96&d=mm&r=g","caption":"Jan Wijnen"},"url":"https:\/\/www.velomobileworld.com\/fr\/author\/jan-admin\/"}]}},"_links":{"self":[{"href":"https:\/\/www.velomobileworld.com\/fr\/wp-json\/wp\/v2\/posts\/7280","targetHints":{"allow":["GET"]}}],"collection":[{"href":"https:\/\/www.velomobileworld.com\/fr\/wp-json\/wp\/v2\/posts"}],"about":[{"href":"https:\/\/www.velomobileworld.com\/fr\/wp-json\/wp\/v2\/types\/post"}],"author":[{"embeddable":true,"href":"https:\/\/www.velomobileworld.com\/fr\/wp-json\/wp\/v2\/users\/4"}],"replies":[{"embeddable":true,"href":"https:\/\/www.velomobileworld.com\/fr\/wp-json\/wp\/v2\/comments?post=7280"}],"version-history":[{"count":1,"href":"https:\/\/www.velomobileworld.com\/fr\/wp-json\/wp\/v2\/posts\/7280\/revisions"}],"predecessor-version":[{"id":100532,"href":"https:\/\/www.velomobileworld.com\/fr\/wp-json\/wp\/v2\/posts\/7280\/revisions\/100532"}],"wp:featuredmedia":[{"embeddable":true,"href":"https:\/\/www.velomobileworld.com\/fr\/wp-json\/wp\/v2\/media\/6541"}],"wp:attachment":[{"href":"https:\/\/www.velomobileworld.com\/fr\/wp-json\/wp\/v2\/media?parent=7280"}],"wp:term":[{"taxonomy":"category","embeddable":true,"href":"https:\/\/www.velomobileworld.com\/fr\/wp-json\/wp\/v2\/categories?post=7280"},{"taxonomy":"post_tag","embeddable":true,"href":"https:\/\/www.velomobileworld.com\/fr\/wp-json\/wp\/v2\/tags?post=7280"}],"curies":[{"name":"wp","href":"https:\/\/api.w.org\/{rel}","templated":true}]}}