{"id":7300,"date":"2024-12-13T14:06:43","date_gmt":"2024-12-13T13:06:43","guid":{"rendered":"https:\/\/velomobileworld.convident.dev\/le-record-des-24-heures-est-attaque\/"},"modified":"2025-07-25T12:09:06","modified_gmt":"2025-07-25T10:09:06","slug":"le-record-des-24-heures-est-attaque","status":"publish","type":"post","link":"https:\/\/www.velomobileworld.com\/fr\/le-record-des-24-heures-est-attaque\/","title":{"rendered":"Le record des 24 heures est attaqu\u00e9"},"content":{"rendered":"<p style=\"text-align: left;\"><b><i>Le record du monde des 24 heures est attaqu\u00e9<\/i><\/b><\/p>\n<p style=\"text-align: left;\"><b><i>1er et 2 juillet 2023 | Aldenhoven Testing Center (ATC)<\/i><\/b><\/p>\n<p style=\"text-align: left;\"><strong><img decoding=\"async\" class=\"emoji\" role=\"img\" draggable=\"false\" src=\"https:\/\/s.w.org\/images\/core\/emoji\/14.0.0\/svg\/27a1.svg\" alt=\"\u27a1\ufe0f\" \/> Voir aussi: <a href=\"https:\/\/www.velomobileworld.com\/fr\/24-heures-daldenhoven-2023\/\"><b>24 heures d&rsquo;Aldenhoven (2023)<\/b><\/a><\/strong><\/p>\n<p>&nbsp;<\/p>\n<p style=\"text-align: left;\">C&rsquo;est l&rsquo;heure d&rsquo;une nouvelle tentative de record. Oui, il s&rsquo;agit \u00e0 nouveau de Holger Seidel. Apr\u00e8s avoir r\u00e9ussi l&rsquo;ann\u00e9e derni\u00e8re (ao\u00fbt 2022) \u00e0 battre et \u00e0 am\u00e9liorer le record du monde (\u00e9tabli par Roland Schell sur le Milan SL) pour la travers\u00e9e de l&rsquo;Allemagne du sud au nord en plus de 3 heures, Holger et sa v\u00e9lomobile B\u00fclk Mk 1 (le m\u00eame v\u00e9hicule que l&rsquo;ann\u00e9e derni\u00e8re) sont confront\u00e9s \u00e0 un nouveau d\u00e9fi.<\/p>\n<p>&nbsp;<\/p>\n<p><a href=\"https:\/\/www.velomobileworld.com\/wp-content\/uploads\/2023\/06\/holger-did-it-1024x716.jpg\" target=\"_blank\" rel=\"noopener\"><img loading=\"lazy\" decoding=\"async\" class=\"alignnone wp-image-24486\" src=\"https:\/\/www.velomobileworld.com\/wp-content\/uploads\/2023\/06\/holger-did-it-1024x716.jpg\" alt=\"\" width=\"450\" height=\"315\" \/><\/a><\/p>\n<p><a href=\"https:\/\/www.velomobileworld.com\/wp-content\/uploads\/2023\/04\/1holger_pic-1024x768.jpg\" target=\"_blank\" rel=\"noopener\"><img loading=\"lazy\" decoding=\"async\" class=\"alignnone wp-image-18274\" src=\"https:\/\/www.velomobileworld.com\/wp-content\/uploads\/2023\/04\/1holger_pic-1024x768.jpg\" alt=\"\" width=\"450\" height=\"338\" \/><\/a><\/p>\n<p>&nbsp;<\/p>\n<p style=\"text-align: left;\"><i><span style=\"font-weight: 400;\">*Tous les d\u00e9tails concernant la Record Ride du 27\/28 ao\u00fbt 2022 (<\/span><\/i><a href=\"https:\/\/www.velomobileworld.com\/30-hours-and-a-little-wiser-by-holger-seidel\/\" target=\"_blank\" rel=\"noopener\"><i><span style=\"font-weight: 400;\">VOIR ICI<\/span><\/i><\/a><i><span style=\"font-weight: 400;\">)<\/span><\/i><\/p>\n<p style=\"text-align: left;\"><i><span style=\"font-weight: 400;\">*Tous les d\u00e9tails sur la v\u00e9lomobile B\u00fclk Mk 1 (<\/span><\/i><a href=\"https:\/\/www.velomobileworld.com\/fr\/img_5010-2\/\" target=\"_blank\" rel=\"noopener\"><i><span style=\"font-weight: 400;\">VOIR ICI<\/span><\/i><\/a><i><span style=\"font-weight: 400;\">)<\/span><\/i><\/p>\n<p>&nbsp;<\/p>\n<p style=\"text-align: left;\">Holger Seidel (48 ans, de Brunswick, Allemagne) veut battre le record des 24 heures \u00e9tabli par Christian von Ascheberg (08\/01\/2010, Milan SL, VMA 50,8 km\/h, 1219 km), qui n&rsquo;a pas \u00e9t\u00e9 battu depuis 14 ans.<\/p>\n<p>&nbsp;<\/p>\n<p style=\"text-align: left;\">En novembre 2022, Holger a commenc\u00e9 \u00e0 s&rsquo;entra\u00eener pour la tentative de record du monde qui aura lieu le week-end des 1er et 2 juillet sur la piste d&rsquo;essai\/site ATC d&rsquo;Aldenhoven pr\u00e8s de D\u00fcren (Rh\u00e9nanie-du-Nord-Westphalie). Lors de cet \u00e9v\u00e9nement, 9 pilotes (dont Holger) tenteront d&rsquo;am\u00e9liorer les records du monde existants sur 6h, 12h et 24h.<\/p>\n<p>&nbsp;<\/p>\n<p style=\"text-align: left;\"><i><span style=\"font-weight: 400;\">*Tous les d\u00e9tails sur les pilotes et autres informations concernant cet \u00e9v\u00e9nement (<\/span><\/i><a href=\"https:\/\/droplimits.de\/Rekordversuche\/rekordevent-aldenhoven-2023.html\" target=\"_blank\" rel=\"noopener\"><i><span style=\"font-weight: 400;\">VOIR ICI<\/span><\/i><\/a><i><span style=\"font-weight: 400;\">)<\/span><\/i><\/p>\n<p style=\"text-align: left;\"><i><span style=\"font-weight: 400;\">*D\u00e9tails sur le lieu (<\/span><\/i><a href=\"https:\/\/www.aldenhoven-testing-center.de\/en\/tracks.html\" target=\"_blank\" rel=\"noopener\"><i><span style=\"font-weight: 400;\">VOIR ICI<\/span><\/i><\/a><i><span style=\"font-weight: 400;\">)<\/span><\/i><\/p>\n<p style=\"text-align: left;\"><i><span style=\"font-weight: 400;\">*Nouvelles en direct de l&rsquo;ATC Record Ride (<\/span><\/i><a href=\"https:\/\/droplimits.de\/Rekordversuche\/blog-24h-rekordversuch-aldenhoven-2023.html\" target=\"_blank\" rel=\"noopener\"><i><span style=\"font-weight: 400;\">VOIR ICI<\/span><\/i><\/a><i><span style=\"font-weight: 400;\">)<\/span><\/i><\/p>\n<p>&nbsp;<\/p>\n<p><a href=\"https:\/\/www.velomobileworld.com\/wp-content\/uploads\/2023\/06\/ATC-1024x359.jpg\" target=\"_blank\" rel=\"noopener\"><img loading=\"lazy\" decoding=\"async\" class=\"alignnone wp-image-24491\" src=\"https:\/\/www.velomobileworld.com\/wp-content\/uploads\/2023\/06\/ATC-1024x359.jpg\" alt=\"\" width=\"450\" height=\"158\" \/><\/a><\/p>\n<p><a href=\"https:\/\/www.velomobileworld.com\/wp-content\/uploads\/2023\/06\/atc-photo.jpg\" target=\"_blank\" rel=\"noopener\"><img loading=\"lazy\" decoding=\"async\" class=\"alignnone wp-image-24496\" src=\"https:\/\/www.velomobileworld.com\/wp-content\/uploads\/2023\/06\/atc-photo.jpg\" alt=\"\" width=\"450\" height=\"281\" \/><\/a><\/p>\n<p>&nbsp;<\/p>\n<p style=\"text-align: left;\">Holger a d\u00e9clar\u00e9 que lors de la pr\u00e9paration, il a r\u00e9guli\u00e8rement parcouru des distances comprises entre 200 et 600 kilom\u00e8tres et que l&rsquo;entra\u00eenement comprenait \u00e9galement de nombreuses s\u00e9ances intensives sur le rouleau d&rsquo;int\u00e9rieur. Il a \u00e9galement mentionn\u00e9 que les valeurs d&rsquo;entra\u00eenement sugg\u00e8rent un \u00e9tat de forme similaire \u00e0 celui de l&rsquo;ann\u00e9e derni\u00e8re. Il ajoute que depuis 2010, il n&rsquo;y a pas eu un tel regroupement de courses de record avec le v\u00e9lomobile, comme cela est pr\u00e9vu \u00e0 Aldenhoven.<\/p>\n<p>&nbsp;<\/p>\n<p style=\"text-align: left;\">Holger Seidel, qui est directeur ex\u00e9cutif dans le domaine de l&rsquo;\u00e9ducation exp\u00e9rientielle dans sa vie professionnelle, esp\u00e8re que les temp\u00e9ratures seront dans les limites normales pendant le premier week-end de juillet, lorsque la randonn\u00e9e record aura lieu. \u00ab\u00a0Les conditions id\u00e9ales sont des temp\u00e9ratures comprises entre 20 et 25 degr\u00e9s Celsius et un temps sec. La cl\u00e9 sera de maintenir une vitesse \u00e9lev\u00e9e constante de plus de 50 km\/h, tout en utilisant le moins d&rsquo;\u00e9nergie possible pour y parvenir\u00a0\u00bb, a-t-il expliqu\u00e9. Le tour sur la piste d&rsquo;essai asphalt\u00e9e de l&rsquo;ATC est long d&rsquo;environ deux kilom\u00e8tres, de sorte que Holger, l&rsquo;homme de Braunschweig, devra le parcourir plus de 600 fois pour d\u00e9crocher le record du monde. Il a pr\u00e9cis\u00e9 que l&rsquo;objectif est d&rsquo;avoir un temps de pause maximum de 30 minutes pendant 24 heures.<\/p>\n<p>&nbsp;<\/p>\n<p style=\"text-align: left;\">Son v\u00e9hicule (<a href=\"https:\/\/www.velomobileworld.com\/fr\/15-18-american-couple-2\/\" target=\"_blank\" rel=\"noopener\">B\u00fclk Mk 1<\/a>) a \u00e9t\u00e9 minutieusement optimis\u00e9 d&rsquo;un point de vue a\u00e9rodynamique. \u00c0 cette fin, le professeur Eric Helter, expert renomm\u00e9, a examin\u00e9 le v\u00e9lomobile 2022, qui a battu le record, dans la soufflerie num\u00e9rique. La garde au sol et l&rsquo;\u00e9quilibre ont un impact tr\u00e8s important sur l&rsquo;efficacit\u00e9 a\u00e9rodynamique du v\u00e9hicule. \u00ab\u00a0En raison de contraintes de temps, il n&rsquo;a pas encore \u00e9t\u00e9 possible de mettre en \u0153uvre toutes les d\u00e9couvertes pour le record, mais nous pouvons \u00eatre tr\u00e8s enthousiastes pour l&rsquo;avenir\u00a0\u00bb. a d\u00e9clar\u00e9 Holger.<\/p>\n<p>&nbsp;<\/p>\n<p style=\"text-align: left;\">L&rsquo;ann\u00e9e derni\u00e8re, lorsqu&rsquo;il a r\u00e9ussi \u00e0 battre le record de la travers\u00e9e de l&rsquo;Allemagne du sud au nord (1094 km en 29h:57min, du village de Birgsau dans l&rsquo;Allg\u00e4u \u00e0 la fronti\u00e8re danoise) et \u00e0 l&rsquo;am\u00e9liorer de plus de 3 heures, Holger a d\u00fb faire face \u00e0 trois fronts orageux, \u00e0 une collision avec un raton laveur, \u00e0 des participants au trafic, \u00e0 des feux rouges ou \u00e0 des usagers de la route. Rien ne l&rsquo;a emp\u00each\u00e9 d&rsquo;atteindre son objectif. C&rsquo;est un tr\u00e8s bon athl\u00e8te, dot\u00e9 d&rsquo;un mental fort, et nous sommes convaincus qu&rsquo;il fera tout ce qui est en son pouvoir pour atteindre son objectif cette fois encore (pr\u00e8s de quarante ans d&rsquo;exp\u00e9rience sont \u00e0 ses c\u00f4t\u00e9s).<\/p>\n<p>&nbsp;<\/p>\n<p style=\"text-align: left;\">Bonne chance, Holger !<\/p>\n<p>&nbsp;<\/p>\n<p style=\"text-align: left;\"><em><span style=\"font-weight: 400;\">*<i>Nouvelles en direct de l&rsquo;ATC Record Ride<\/i> (<\/span><a href=\"https:\/\/droplimits.de\/Rekordversuche\/blog-24h-rekordversuch-aldenhoven-2023.html\" target=\"_blank\" rel=\"noopener\"><span style=\"font-weight: 400;\">VOIR ICI<\/span><\/a><span style=\"font-weight: 400;\">)<\/span><\/em><\/p>\n","protected":false},"excerpt":{"rendered":"<p>Le record du monde des 24 heures est attaqu\u00e9 1er et 2 juillet 2023 | Aldenhoven Testing Center (ATC) Voir [&hellip;]<\/p>\n","protected":false},"author":4,"featured_media":6670,"comment_status":"open","ping_status":"closed","sticky":false,"template":"","format":"standard","meta":{"_acf_changed":false,"footnotes":""},"categories":[691],"tags":[],"class_list":["post-7300","post","type-post","status-publish","format-standard","has-post-thumbnail","hentry","category-non-classifiee"],"acf":[],"yoast_head":"<!-- This site is optimized with the Yoast SEO plugin v27.5 - https:\/\/yoast.com\/product\/yoast-seo-wordpress\/ -->\n<title>Le record des 24 heures est attaqu\u00e9 | Velomobile World<\/title>\n<meta name=\"description\" content=\"1er et 2 juillet 2023 | Aldenhoven Testing Center (ATC)... Le record du monde des 24 heures est attaqu\u00e9. Voir tous les d\u00e9tails dans l&#039;article.\" \/>\n<meta name=\"robots\" content=\"index, follow, max-snippet:-1, max-image-preview:large, max-video-preview:-1\" \/>\n<link rel=\"canonical\" href=\"https:\/\/www.velomobileworld.com\/fr\/le-record-des-24-heures-est-attaque\/\" \/>\n<meta property=\"og:locale\" content=\"fr_FR\" \/>\n<meta property=\"og:type\" content=\"article\" \/>\n<meta property=\"og:title\" content=\"Le record des 24 heures est attaqu\u00e9 | Velomobile World\" \/>\n<meta property=\"og:description\" content=\"1er et 2 juillet 2023 | Aldenhoven Testing Center (ATC)... Le record du monde des 24 heures est attaqu\u00e9. Voir tous les d\u00e9tails dans l&#039;article.\" \/>\n<meta property=\"og:url\" content=\"https:\/\/www.velomobileworld.com\/fr\/le-record-des-24-heures-est-attaque\/\" \/>\n<meta property=\"og:site_name\" content=\"Velomobile World\" \/>\n<meta property=\"article:published_time\" content=\"2024-12-13T13:06:43+00:00\" \/>\n<meta property=\"article:modified_time\" content=\"2025-07-25T10:09:06+00:00\" \/>\n<meta property=\"og:image\" content=\"https:\/\/www.velomobileworld.com\/wp-content\/uploads\/2024\/12\/24-hour-record-article.jpg\" \/>\n\t<meta property=\"og:image:width\" content=\"1920\" \/>\n\t<meta property=\"og:image:height\" content=\"850\" \/>\n\t<meta property=\"og:image:type\" content=\"image\/jpeg\" \/>\n<meta name=\"author\" content=\"Jan Wijnen\" \/>\n<meta name=\"twitter:card\" content=\"summary_large_image\" \/>\n<meta name=\"twitter:label1\" content=\"\u00c9crit par\" \/>\n\t<meta name=\"twitter:data1\" content=\"Jan Wijnen\" \/>\n\t<meta name=\"twitter:label2\" content=\"Dur\u00e9e de lecture estim\u00e9e\" \/>\n\t<meta name=\"twitter:data2\" content=\"4 minutes\" \/>\n<script type=\"application\/ld+json\" class=\"yoast-schema-graph\">{\"@context\":\"https:\\\/\\\/schema.org\",\"@graph\":[{\"@type\":\"Article\",\"@id\":\"https:\\\/\\\/www.velomobileworld.com\\\/fr\\\/le-record-des-24-heures-est-attaque\\\/#article\",\"isPartOf\":{\"@id\":\"https:\\\/\\\/www.velomobileworld.com\\\/fr\\\/le-record-des-24-heures-est-attaque\\\/\"},\"author\":{\"name\":\"Jan Wijnen\",\"@id\":\"https:\\\/\\\/www.velomobileworld.com\\\/nl\\\/#\\\/schema\\\/person\\\/c0c7c661ad3c8719ed05a7dc85d6fa12\"},\"headline\":\"Le record des 24 heures est attaqu\u00e9\",\"datePublished\":\"2024-12-13T13:06:43+00:00\",\"dateModified\":\"2025-07-25T10:09:06+00:00\",\"mainEntityOfPage\":{\"@id\":\"https:\\\/\\\/www.velomobileworld.com\\\/fr\\\/le-record-des-24-heures-est-attaque\\\/\"},\"wordCount\":762,\"commentCount\":0,\"image\":{\"@id\":\"https:\\\/\\\/www.velomobileworld.com\\\/fr\\\/le-record-des-24-heures-est-attaque\\\/#primaryimage\"},\"thumbnailUrl\":\"https:\\\/\\\/www.velomobileworld.com\\\/wp-content\\\/uploads\\\/2024\\\/12\\\/24-hour-record-article.jpg\",\"articleSection\":[\"Non classifi\u00e9(e)\"],\"inLanguage\":\"fr-FR\",\"potentialAction\":[{\"@type\":\"CommentAction\",\"name\":\"Comment\",\"target\":[\"https:\\\/\\\/www.velomobileworld.com\\\/fr\\\/le-record-des-24-heures-est-attaque\\\/#respond\"]}]},{\"@type\":\"WebPage\",\"@id\":\"https:\\\/\\\/www.velomobileworld.com\\\/fr\\\/le-record-des-24-heures-est-attaque\\\/\",\"url\":\"https:\\\/\\\/www.velomobileworld.com\\\/fr\\\/le-record-des-24-heures-est-attaque\\\/\",\"name\":\"Le record des 24 heures est attaqu\u00e9 | Velomobile World\",\"isPartOf\":{\"@id\":\"https:\\\/\\\/www.velomobileworld.com\\\/nl\\\/#website\"},\"primaryImageOfPage\":{\"@id\":\"https:\\\/\\\/www.velomobileworld.com\\\/fr\\\/le-record-des-24-heures-est-attaque\\\/#primaryimage\"},\"image\":{\"@id\":\"https:\\\/\\\/www.velomobileworld.com\\\/fr\\\/le-record-des-24-heures-est-attaque\\\/#primaryimage\"},\"thumbnailUrl\":\"https:\\\/\\\/www.velomobileworld.com\\\/wp-content\\\/uploads\\\/2024\\\/12\\\/24-hour-record-article.jpg\",\"datePublished\":\"2024-12-13T13:06:43+00:00\",\"dateModified\":\"2025-07-25T10:09:06+00:00\",\"author\":{\"@id\":\"https:\\\/\\\/www.velomobileworld.com\\\/nl\\\/#\\\/schema\\\/person\\\/c0c7c661ad3c8719ed05a7dc85d6fa12\"},\"description\":\"1er et 2 juillet 2023 | Aldenhoven Testing Center (ATC)... Le record du monde des 24 heures est attaqu\u00e9. Voir tous les d\u00e9tails dans l'article.\",\"breadcrumb\":{\"@id\":\"https:\\\/\\\/www.velomobileworld.com\\\/fr\\\/le-record-des-24-heures-est-attaque\\\/#breadcrumb\"},\"inLanguage\":\"fr-FR\",\"potentialAction\":[{\"@type\":\"ReadAction\",\"target\":[\"https:\\\/\\\/www.velomobileworld.com\\\/fr\\\/le-record-des-24-heures-est-attaque\\\/\"]}]},{\"@type\":\"ImageObject\",\"inLanguage\":\"fr-FR\",\"@id\":\"https:\\\/\\\/www.velomobileworld.com\\\/fr\\\/le-record-des-24-heures-est-attaque\\\/#primaryimage\",\"url\":\"https:\\\/\\\/www.velomobileworld.com\\\/wp-content\\\/uploads\\\/2024\\\/12\\\/24-hour-record-article.jpg\",\"contentUrl\":\"https:\\\/\\\/www.velomobileworld.com\\\/wp-content\\\/uploads\\\/2024\\\/12\\\/24-hour-record-article.jpg\",\"width\":1920,\"height\":850,\"caption\":\"24-hour-record-article\"},{\"@type\":\"BreadcrumbList\",\"@id\":\"https:\\\/\\\/www.velomobileworld.com\\\/fr\\\/le-record-des-24-heures-est-attaque\\\/#breadcrumb\",\"itemListElement\":[{\"@type\":\"ListItem\",\"position\":1,\"name\":\"Home\",\"item\":\"https:\\\/\\\/www.velomobileworld.com\\\/fr\\\/\"},{\"@type\":\"ListItem\",\"position\":2,\"name\":\"Le record des 24 heures est attaqu\u00e9\"}]},{\"@type\":\"WebSite\",\"@id\":\"https:\\\/\\\/www.velomobileworld.com\\\/nl\\\/#website\",\"url\":\"https:\\\/\\\/www.velomobileworld.com\\\/nl\\\/\",\"name\":\"Velomobile World\",\"description\":\"\",\"potentialAction\":[{\"@type\":\"SearchAction\",\"target\":{\"@type\":\"EntryPoint\",\"urlTemplate\":\"https:\\\/\\\/www.velomobileworld.com\\\/nl\\\/?s={search_term_string}\"},\"query-input\":{\"@type\":\"PropertyValueSpecification\",\"valueRequired\":true,\"valueName\":\"search_term_string\"}}],\"inLanguage\":\"fr-FR\"},{\"@type\":\"Person\",\"@id\":\"https:\\\/\\\/www.velomobileworld.com\\\/nl\\\/#\\\/schema\\\/person\\\/c0c7c661ad3c8719ed05a7dc85d6fa12\",\"name\":\"Jan Wijnen\",\"image\":{\"@type\":\"ImageObject\",\"inLanguage\":\"fr-FR\",\"@id\":\"https:\\\/\\\/secure.gravatar.com\\\/avatar\\\/4802c8a6006d5895d73a1141e39ccf819bca7ec1dbfb26a6f4370880cefa109a?s=96&d=mm&r=g\",\"url\":\"https:\\\/\\\/secure.gravatar.com\\\/avatar\\\/4802c8a6006d5895d73a1141e39ccf819bca7ec1dbfb26a6f4370880cefa109a?s=96&d=mm&r=g\",\"contentUrl\":\"https:\\\/\\\/secure.gravatar.com\\\/avatar\\\/4802c8a6006d5895d73a1141e39ccf819bca7ec1dbfb26a6f4370880cefa109a?s=96&d=mm&r=g\",\"caption\":\"Jan Wijnen\"},\"url\":\"https:\\\/\\\/www.velomobileworld.com\\\/fr\\\/author\\\/jan-admin\\\/\"}]}<\/script>\n<!-- \/ Yoast SEO plugin. -->","yoast_head_json":{"title":"Le record des 24 heures est attaqu\u00e9 | Velomobile World","description":"1er et 2 juillet 2023 | Aldenhoven Testing Center (ATC)... Le record du monde des 24 heures est attaqu\u00e9. Voir tous les d\u00e9tails dans l'article.","robots":{"index":"index","follow":"follow","max-snippet":"max-snippet:-1","max-image-preview":"max-image-preview:large","max-video-preview":"max-video-preview:-1"},"canonical":"https:\/\/www.velomobileworld.com\/fr\/le-record-des-24-heures-est-attaque\/","og_locale":"fr_FR","og_type":"article","og_title":"Le record des 24 heures est attaqu\u00e9 | Velomobile World","og_description":"1er et 2 juillet 2023 | Aldenhoven Testing Center (ATC)... Le record du monde des 24 heures est attaqu\u00e9. Voir tous les d\u00e9tails dans l'article.","og_url":"https:\/\/www.velomobileworld.com\/fr\/le-record-des-24-heures-est-attaque\/","og_site_name":"Velomobile World","article_published_time":"2024-12-13T13:06:43+00:00","article_modified_time":"2025-07-25T10:09:06+00:00","og_image":[{"width":1920,"height":850,"url":"https:\/\/www.velomobileworld.com\/wp-content\/uploads\/2024\/12\/24-hour-record-article.jpg","type":"image\/jpeg"}],"author":"Jan Wijnen","twitter_card":"summary_large_image","twitter_misc":{"\u00c9crit par":"Jan Wijnen","Dur\u00e9e de lecture estim\u00e9e":"4 minutes"},"schema":{"@context":"https:\/\/schema.org","@graph":[{"@type":"Article","@id":"https:\/\/www.velomobileworld.com\/fr\/le-record-des-24-heures-est-attaque\/#article","isPartOf":{"@id":"https:\/\/www.velomobileworld.com\/fr\/le-record-des-24-heures-est-attaque\/"},"author":{"name":"Jan Wijnen","@id":"https:\/\/www.velomobileworld.com\/nl\/#\/schema\/person\/c0c7c661ad3c8719ed05a7dc85d6fa12"},"headline":"Le record des 24 heures est attaqu\u00e9","datePublished":"2024-12-13T13:06:43+00:00","dateModified":"2025-07-25T10:09:06+00:00","mainEntityOfPage":{"@id":"https:\/\/www.velomobileworld.com\/fr\/le-record-des-24-heures-est-attaque\/"},"wordCount":762,"commentCount":0,"image":{"@id":"https:\/\/www.velomobileworld.com\/fr\/le-record-des-24-heures-est-attaque\/#primaryimage"},"thumbnailUrl":"https:\/\/www.velomobileworld.com\/wp-content\/uploads\/2024\/12\/24-hour-record-article.jpg","articleSection":["Non classifi\u00e9(e)"],"inLanguage":"fr-FR","potentialAction":[{"@type":"CommentAction","name":"Comment","target":["https:\/\/www.velomobileworld.com\/fr\/le-record-des-24-heures-est-attaque\/#respond"]}]},{"@type":"WebPage","@id":"https:\/\/www.velomobileworld.com\/fr\/le-record-des-24-heures-est-attaque\/","url":"https:\/\/www.velomobileworld.com\/fr\/le-record-des-24-heures-est-attaque\/","name":"Le record des 24 heures est attaqu\u00e9 | Velomobile World","isPartOf":{"@id":"https:\/\/www.velomobileworld.com\/nl\/#website"},"primaryImageOfPage":{"@id":"https:\/\/www.velomobileworld.com\/fr\/le-record-des-24-heures-est-attaque\/#primaryimage"},"image":{"@id":"https:\/\/www.velomobileworld.com\/fr\/le-record-des-24-heures-est-attaque\/#primaryimage"},"thumbnailUrl":"https:\/\/www.velomobileworld.com\/wp-content\/uploads\/2024\/12\/24-hour-record-article.jpg","datePublished":"2024-12-13T13:06:43+00:00","dateModified":"2025-07-25T10:09:06+00:00","author":{"@id":"https:\/\/www.velomobileworld.com\/nl\/#\/schema\/person\/c0c7c661ad3c8719ed05a7dc85d6fa12"},"description":"1er et 2 juillet 2023 | Aldenhoven Testing Center (ATC)... Le record du monde des 24 heures est attaqu\u00e9. Voir tous les d\u00e9tails dans l'article.","breadcrumb":{"@id":"https:\/\/www.velomobileworld.com\/fr\/le-record-des-24-heures-est-attaque\/#breadcrumb"},"inLanguage":"fr-FR","potentialAction":[{"@type":"ReadAction","target":["https:\/\/www.velomobileworld.com\/fr\/le-record-des-24-heures-est-attaque\/"]}]},{"@type":"ImageObject","inLanguage":"fr-FR","@id":"https:\/\/www.velomobileworld.com\/fr\/le-record-des-24-heures-est-attaque\/#primaryimage","url":"https:\/\/www.velomobileworld.com\/wp-content\/uploads\/2024\/12\/24-hour-record-article.jpg","contentUrl":"https:\/\/www.velomobileworld.com\/wp-content\/uploads\/2024\/12\/24-hour-record-article.jpg","width":1920,"height":850,"caption":"24-hour-record-article"},{"@type":"BreadcrumbList","@id":"https:\/\/www.velomobileworld.com\/fr\/le-record-des-24-heures-est-attaque\/#breadcrumb","itemListElement":[{"@type":"ListItem","position":1,"name":"Home","item":"https:\/\/www.velomobileworld.com\/fr\/"},{"@type":"ListItem","position":2,"name":"Le record des 24 heures est attaqu\u00e9"}]},{"@type":"WebSite","@id":"https:\/\/www.velomobileworld.com\/nl\/#website","url":"https:\/\/www.velomobileworld.com\/nl\/","name":"Velomobile World","description":"","potentialAction":[{"@type":"SearchAction","target":{"@type":"EntryPoint","urlTemplate":"https:\/\/www.velomobileworld.com\/nl\/?s={search_term_string}"},"query-input":{"@type":"PropertyValueSpecification","valueRequired":true,"valueName":"search_term_string"}}],"inLanguage":"fr-FR"},{"@type":"Person","@id":"https:\/\/www.velomobileworld.com\/nl\/#\/schema\/person\/c0c7c661ad3c8719ed05a7dc85d6fa12","name":"Jan Wijnen","image":{"@type":"ImageObject","inLanguage":"fr-FR","@id":"https:\/\/secure.gravatar.com\/avatar\/4802c8a6006d5895d73a1141e39ccf819bca7ec1dbfb26a6f4370880cefa109a?s=96&d=mm&r=g","url":"https:\/\/secure.gravatar.com\/avatar\/4802c8a6006d5895d73a1141e39ccf819bca7ec1dbfb26a6f4370880cefa109a?s=96&d=mm&r=g","contentUrl":"https:\/\/secure.gravatar.com\/avatar\/4802c8a6006d5895d73a1141e39ccf819bca7ec1dbfb26a6f4370880cefa109a?s=96&d=mm&r=g","caption":"Jan Wijnen"},"url":"https:\/\/www.velomobileworld.com\/fr\/author\/jan-admin\/"}]}},"_links":{"self":[{"href":"https:\/\/www.velomobileworld.com\/fr\/wp-json\/wp\/v2\/posts\/7300","targetHints":{"allow":["GET"]}}],"collection":[{"href":"https:\/\/www.velomobileworld.com\/fr\/wp-json\/wp\/v2\/posts"}],"about":[{"href":"https:\/\/www.velomobileworld.com\/fr\/wp-json\/wp\/v2\/types\/post"}],"author":[{"embeddable":true,"href":"https:\/\/www.velomobileworld.com\/fr\/wp-json\/wp\/v2\/users\/4"}],"replies":[{"embeddable":true,"href":"https:\/\/www.velomobileworld.com\/fr\/wp-json\/wp\/v2\/comments?post=7300"}],"version-history":[{"count":1,"href":"https:\/\/www.velomobileworld.com\/fr\/wp-json\/wp\/v2\/posts\/7300\/revisions"}],"predecessor-version":[{"id":100525,"href":"https:\/\/www.velomobileworld.com\/fr\/wp-json\/wp\/v2\/posts\/7300\/revisions\/100525"}],"wp:featuredmedia":[{"embeddable":true,"href":"https:\/\/www.velomobileworld.com\/fr\/wp-json\/wp\/v2\/media\/6670"}],"wp:attachment":[{"href":"https:\/\/www.velomobileworld.com\/fr\/wp-json\/wp\/v2\/media?parent=7300"}],"wp:term":[{"taxonomy":"category","embeddable":true,"href":"https:\/\/www.velomobileworld.com\/fr\/wp-json\/wp\/v2\/categories?post=7300"},{"taxonomy":"post_tag","embeddable":true,"href":"https:\/\/www.velomobileworld.com\/fr\/wp-json\/wp\/v2\/tags?post=7300"}],"curies":[{"name":"wp","href":"https:\/\/api.w.org\/{rel}","templated":true}]}}