{"id":7308,"date":"2024-12-23T10:31:42","date_gmt":"2024-12-23T09:31:42","guid":{"rendered":"https:\/\/velomobileworld.convident.dev\/mk7-introduction\/"},"modified":"2025-07-25T12:09:05","modified_gmt":"2025-07-25T10:09:05","slug":"mk7-introduction","status":"publish","type":"post","link":"https:\/\/www.velomobileworld.com\/fr\/mk7-introduction\/","title":{"rendered":"MK7 Introduction"},"content":{"rendered":"<p>Bonjour,<\/p>\n<p>Il y a des nouvelles sur la prochaine \u00e9volution de la Milan, la Milan MK7 :<\/p>\n<p>Comme vous l&rsquo;avez peut-\u00eatre entendu, nous travaillons sur des am\u00e9liorations pour le Milan SL et le Milan GT.<\/p>\n<p>Nous aimerions am\u00e9liorer certains points et simplifier l&rsquo;entretien pour les clients et les concessionnaires.<\/p>\n<p>Notre devise est : ensemble pour la perfection ! Cela signifie que nous nous comprenons en permanence dans un processus de d\u00e9veloppement et d&rsquo;am\u00e9lioration et que nous ne voulons pas stagner dans un statu quo.<\/p>\n<p>C&rsquo;est pourquoi nous avons d\u00e9cid\u00e9 d&rsquo;arr\u00eater temporairement la production afin d&rsquo;avoir le temps de mettre en \u0153uvre les am\u00e9liorations n\u00e9cessaires. Nous pr\u00e9voyons de reprendre la production fin f\u00e9vrier et de commencer d\u00e9but mars.<\/p>\n<p style=\"text-align: left;\">Le d\u00e9veloppement affecte les zones suivantes des Milan SL et GT :<\/p>\n<p>&nbsp;<\/p>\n<h2>Passage de roue arri\u00e8re<\/h2>\n<p>Le passage de roue a \u00e9t\u00e9 redessin\u00e9 afin de minimiser les r\u00e9sonances et les bruits de structure dans le composant.<\/p>\n<p>En outre, le passage de roue a \u00e9t\u00e9 modifi\u00e9 de mani\u00e8re \u00e0 ce que les syst\u00e8mes de transmission 1&#215;12 avec leurs d\u00e9railleurs arri\u00e8re et leurs cassettes jusqu&rsquo;\u00e0 52 dents et les roues 584 soient compatibles et ne soient pas g\u00ean\u00e9s dans leur encombrement.<\/p>\n<p>&nbsp;<\/p>\n<h2>Bras oscillant arri\u00e8re<\/h2>\n<p>Nous utiliserons le bras oscillant DF \/ DFXL dans le SL \/ GT et la suspension arri\u00e8re DF \/ DFXL.<\/p>\n<p>&nbsp;<\/p>\n<h2>Renforcement du plancher<\/h2>\n<p>Nous voulons cr\u00e9er plus d&rsquo;espace pour les personnes de grande taille. Le syst\u00e8me de montants de plancher de l&rsquo;ancienne Milan n&rsquo;offrait pas assez d&rsquo;espace pour reculer le si\u00e8ge. Nous sommes en train de cr\u00e9er un tout nouveau syst\u00e8me de longerons.<\/p>\n<p style=\"text-align: left;\"><img loading=\"lazy\" decoding=\"async\" class=\"alignleft wp-image-2505 size-medium\" src=\"https:\/\/www.velomobileworld.com\/wp-content\/uploads\/2020\/12\/5-Holmsystem-auf-Gras-224x300.jpeg\" alt=\"5 Holmsystem auf Gras\" width=\"224\" height=\"300\" \/><\/p>\n<p>&nbsp;<\/p>\n<p>&nbsp;<\/p>\n<p>&nbsp;<\/p>\n<p>&nbsp;<\/p>\n<p>&nbsp;<\/p>\n<p>&nbsp;<\/p>\n<p>&nbsp;<\/p>\n<p>&nbsp;<\/p>\n<p>&nbsp;<\/p>\n<h2>Nouvelle gaine de d\u00e9railleur arri\u00e8re sur le dessous du Milan<\/h2>\n<p>Nous modifions le dessous du Milan afin de cr\u00e9er plus d&rsquo;espace pour diff\u00e9rents d\u00e9railleurs arri\u00e8re.<\/p>\n<p style=\"text-align: left;\"><img loading=\"lazy\" decoding=\"async\" class=\"alignleft wp-image-2509 size-medium\" src=\"https:\/\/www.velomobileworld.com\/wp-content\/uploads\/2020\/12\/image2-300x102.png\" alt=\"rear derailleur hood\" width=\"300\" height=\"102\" \/><\/p>\n<p>&nbsp;<\/p>\n<p>&nbsp;<\/p>\n<p>&nbsp;<\/p>\n<p>&nbsp;<\/p>\n<h2>Cloison horizontale pour la jambe de force DF<\/h2>\n<p>Comme nous avons choisi la suspension arri\u00e8re et le bras oscillant arri\u00e8re sur le DF \/ DFXL, nous avons d\u00fb modifier la fa\u00e7on dont la suspension arri\u00e8re est mont\u00e9e dans la carrosserie du Milan SL \/ GT et nous avons cr\u00e9\u00e9 une cloison horizontale. Cette cloison permet \u00e9galement de cr\u00e9er un coffre sup\u00e9rieur suppl\u00e9mentaire.<\/p>\n<p style=\"text-align: left;\"><img loading=\"lazy\" decoding=\"async\" class=\"alignleft wp-image-2522 size-medium\" src=\"https:\/\/www.velomobileworld.com\/wp-content\/uploads\/2020\/12\/image5-300x259.jpg\" alt=\"Horizontal bulkhead for DF strut\" width=\"300\" height=\"259\" \/><\/p>\n<p>&nbsp;<\/p>\n<p>&nbsp;<\/p>\n<p>&nbsp;<\/p>\n<p>&nbsp;<\/p>\n<p>&nbsp;<\/p>\n<p>&nbsp;<\/p>\n<p>&nbsp;<\/p>\n<p>&nbsp;<\/p>\n<p style=\"text-align: left;\"><strong>Description d\u00e9taill\u00e9e par Jens<\/strong><\/p>\n<h2 style=\"text-align: left;\">La nouvelle cloison horizontale de la Milan MK7<\/h2>\n<p>&nbsp;<\/p>\n<h3>Br\u00e8ve description du probl\u00e8me :<\/h3>\n<p>1. En raison de l&rsquo;utilisation standard de la jambe de force DF dans la MK7, l&rsquo;ancienne cloison verticale de la Milan MK6 ne s&rsquo;adapte plus parfaitement.<\/p>\n<p>2. L&rsquo;ancienne cloison verticale du harnais bloque l&rsquo;acc\u00e8s au vissage du module de s\u00e9curit\u00e9.<\/p>\n<p>3. Elle bloque \u00e9galement le compartiment \u00e0 bagages dans le harnais.<\/p>\n<p>&nbsp;<\/p>\n<h3>Am\u00e9liorations pour la Milan MK7 :<\/h3>\n<p>1. La MK7 dispose d&rsquo;une cloison horizontale sur le passage de roue arri\u00e8re, similaire \u00e0 celle du DF, qui sert de point d&rsquo;articulation pour l&rsquo;amortisseur DF. Le d\u00f4me pour l&rsquo;articulation de la partie sup\u00e9rieure de l&rsquo;amortisseur est int\u00e9gr\u00e9 dans cette cloison et rend superflue la t\u00eate d&rsquo;articulation sup\u00e9rieure de l&rsquo;amortisseur.<\/p>\n<p>2. En option, un second d\u00f4me est int\u00e9gr\u00e9 dans la cloison (plus en avant), qui est une option pour la suspension pneumatique. Le soufflet Conti peut y \u00eatre install\u00e9 et l&rsquo;amortisseur DF fait alors office d&rsquo;amortisseur, qui fonctionne comme un pur amortisseur \u00e0 friction sans ressorts en acier. Cette suspension pneumatique optionnelle combine la r\u00e9activit\u00e9 sensationnelle de la suspension pneumatique avec l&rsquo;amortisseur \u00e0 friction sophistiqu\u00e9 du DF.<\/p>\n<p>3. La cloison horizontale offre \u00e0 la MK7 un nouveau compartiment \u00e0 bagages pour les bagages l\u00e9gers. D\u00e9sormais, le couvre-chef peut \u00e9galement servir de compartiment \u00e0 bagages (puisqu&rsquo;il n&rsquo;y a pas de cloison verticale) et si un bagage glisse vers la droite, il tombe automatiquement dans le compartiment \u00e0 bagages (cloison horizontale) et non plus dans la cha\u00eene de transmission.<\/p>\n<p>4. La nouvelle cloison horizontale permet d&rsquo;augmenter consid\u00e9rablement l&rsquo;espace de rangement utilisable et de simplifier l&rsquo;acc\u00e8s aux bagages.<\/p>\n<p>5. L&rsquo;acc\u00e8s au module d&rsquo;\u00e9clairage (raccord \u00e0 vis) est grandement simplifi\u00e9.<\/p>\n<p style=\"text-align: left;\"><img loading=\"lazy\" decoding=\"async\" class=\"alignnone wp-image-2522 size-medium\" src=\"https:\/\/www.velomobileworld.com\/wp-content\/uploads\/2020\/12\/image5-300x259.jpg\" alt=\"Horizontal bulkhead for DF strut\" width=\"300\" height=\"259\" \/><\/p>\n<p style=\"text-align: left;\"><img loading=\"lazy\" decoding=\"async\" class=\"alignnone wp-image-2537 size-medium\" src=\"https:\/\/www.velomobileworld.com\/wp-content\/uploads\/2020\/12\/image10-300x202.jpg\" alt=\"Improvements for the Milan MK7\" width=\"300\" height=\"202\" \/><\/p>\n<p>&nbsp;<\/p>\n<p>&nbsp;<\/p>\n<p>&nbsp;<\/p>\n<h2>R\u00e9duction du niveau sonore du passage de roue arri\u00e8re (nouveau derri\u00e8re le passage de roue)<\/h2>\n<p>&nbsp;<\/p>\n<h3>Br\u00e8ve description du probl\u00e8me :<\/h3>\n<p>En raison des surfaces de carbone partiellement plates, le passage de roue arri\u00e8re de la Milan provoquait des bruits d\u00e9sagr\u00e9ables pour le conducteur sur les mauvaises routes en raison de la r\u00e9sonance.<br \/>\nDe plus, en raison de la tr\u00e8s faible distance entre la cage du d\u00e9railleur arri\u00e8re et le passage de roue, il y avait un contact en premi\u00e8re vitesse et donc une transmission de bruits de structure.<\/p>\n<p>&nbsp;<\/p>\n<h3>Am\u00e9liorations pour la Milan MK7 :<\/h3>\n<p>1. Le nouveau passage de roue pr\u00e9sente des courbures sph\u00e9riques des deux c\u00f4t\u00e9s, ce qui le rend plus stable (par exemple en cas de pression exerc\u00e9e par les bagages) et an\u00e9cho\u00efque. La courbe de gauche est maintenant plus profonde de 8 mm dans la zone de l&rsquo;axe afin de faciliter l&rsquo;acc\u00e8s \u00e0 la vis centrale de l&rsquo;axe.<\/p>\n<p>2. Dans la zone de pivotement de la cage de d\u00e9railleur arri\u00e8re et dans la zone de la ligne de cha\u00eene du brin de traction, le nouveau passage de roue offre jusqu&rsquo;\u00e0 10 mm d&rsquo;espace suppl\u00e9mentaire pour la ligne de cha\u00eene et la cage de d\u00e9railleur arri\u00e8re afin d&rsquo;\u00e9viter la transmission de bruits de structure.<\/p>\n<p>3. Le nouveau passage de roue sera \u00e9galement modifi\u00e9 pour permettre l&rsquo;utilisation de roues de 27 pouces et de cassettes jusqu&rsquo;\u00e0 52 dents.<\/p>\n<p>4. \u00c0 cette fin, le passage de roue sous le d\u00e9railleur arri\u00e8re re\u00e7oit une nouvelle gaine de d\u00e9railleur arri\u00e8re, qui offre suffisamment d&rsquo;espace pour les d\u00e9railleurs arri\u00e8re de 1 \u00e0 12 vitesses.<\/p>\n<p>5. Le capot de d\u00e9railleur arri\u00e8re form\u00e9 sur le nouveau passage de roue s&rsquo;engage lorsque le passage de roue est coll\u00e9 dans le Milan dans le moulage du capot inf\u00e9rieur et centre automatiquement le passage de roue. Cela permet un montage plus pr\u00e9cis et plus fiable en usine.<\/p>\n<p>6. La nouvelle timonerie est \u00e9quip\u00e9e d&rsquo;un logement pour le nouveau bras oscillant DF, qui est facilement accessible par le haut et qui simplifie grandement le montage et le d\u00e9montage ainsi que les travaux de r\u00e9glage du bras oscillant. L&rsquo;utilisation standard du bras oscillant DF pr\u00e9sente d&rsquo;autres avantages.<\/p>\n<p>7. Presque tous les types de v\u00e9lomobiles utilisent aujourd&rsquo;hui ce bras oscillant mono \u00e9prouv\u00e9 et tr\u00e8s fiable. Cela conduit \u00e0 une simplification et \u00e0 une standardisation dans l&rsquo;usine, ce qui \u00e0 son tour conduit \u00e0 une plus grande s\u00e9curit\u00e9 du processus. Ce bras oscillant permet \u00e9galement de remplacer facilement la patte de d\u00e9railleur et est tr\u00e8s compatible avec diff\u00e9rents types de d\u00e9railleurs.<\/p>\n<p style=\"text-align: left;\">8. Le bras oscillant DF est le bras oscillant mono-carbone le plus populaire au monde et a \u00e9t\u00e9 test\u00e9 et \u00e9prouv\u00e9 pendant de nombreuses ann\u00e9es. Il est extr\u00eamement stable et l\u00e9ger gr\u00e2ce au processus de gonflage par pression. Le montage est plus facile et est pratiqu\u00e9 quotidiennement dans l&rsquo;usine.<\/p>\n<p>&nbsp;<\/p>\n<p>&nbsp;<\/p>\n<p style=\"text-align: left;\">Ici, vous pouvez voir le c\u00f4t\u00e9 gauche au stade de la r\u00e9novation :<\/p>\n<p style=\"text-align: left;\"><img loading=\"lazy\" decoding=\"async\" class=\"alignleft wp-image-2542 size-medium\" src=\"https:\/\/www.velomobileworld.com\/wp-content\/uploads\/2020\/12\/image7-252x300.jpg\" alt=\"Improvements for the Milan MK7\" width=\"252\" height=\"300\" \/><\/p>\n<p>&nbsp;<\/p>\n<p>&nbsp;<\/p>\n<p>&nbsp;<\/p>\n<p>&nbsp;<\/p>\n<p>&nbsp;<\/p>\n<p>&nbsp;<\/p>\n<p>&nbsp;<\/p>\n<p>&nbsp;<\/p>\n<p>&nbsp;<\/p>\n<p>&nbsp;<\/p>\n<p style=\"text-align: left;\">Voici le c\u00f4t\u00e9 droit, avec l&rsquo;adaptation des fonctions ult\u00e9rieures :<\/p>\n<p style=\"text-align: left;\"><img loading=\"lazy\" decoding=\"async\" class=\"alignleft wp-image-2544 size-medium\" src=\"https:\/\/www.velomobileworld.com\/wp-content\/uploads\/2020\/12\/image3-232x300.jpg\" alt=\"Improvements for the Milan MK7\" width=\"232\" height=\"300\" \/><\/p>\n<p>&nbsp;<\/p>\n<p>&nbsp;<\/p>\n<p>&nbsp;<\/p>\n<p>&nbsp;<\/p>\n<p>&nbsp;<\/p>\n<p>&nbsp;<\/p>\n<p>&nbsp;<\/p>\n<p>&nbsp;<\/p>\n<p>&nbsp;<\/p>\n<p>&nbsp;<\/p>\n<h2 style=\"text-align: left;\">Nouveau bo\u00eetier syst\u00e8me pour la Milan MK7<\/h2>\n<p>&nbsp;<\/p>\n<p>&nbsp;<\/p>\n<h3>Br\u00e8ve description du probl\u00e8me :<\/h3>\n<p>1. En raison de sa forme, l&rsquo;ancien bo\u00eetier de poulie n&rsquo;est pas rigide de mani\u00e8re optimale pour le support du si\u00e8ge et ne sert pas non plus \u00e0 rigidifier la base du bras oscillant. Elle fl\u00e9chit lorsque l&rsquo;on tire lat\u00e9ralement et le bras oscillant n&rsquo;est pas d&rsquo;une rigidit\u00e9 optimale.<\/p>\n<p>2. Le palier du bras oscillant (surtout le gauche) n&rsquo;est pas librement accessible et le montage et le r\u00e9glage sont difficiles \u00e0 r\u00e9aliser pour de nombreux concessionnaires.<\/p>\n<p>3. Le profil\u00e9 en aluminium viss\u00e9 sur le bo\u00eetier du syst\u00e8me est difficile, long et compliqu\u00e9 \u00e0 assembler.<\/p>\n<p>4. Le support d&rsquo;assise avec le profil\u00e9 en aluminium et le caoutchouc mousse coll\u00e9 ne permet pas un r\u00e9glage durable de l&rsquo;inclinaison de l&rsquo;assise. Le caoutchouc mousse se comprime \u00e0 0 avec le temps<\/p>\n<p>&nbsp;<\/p>\n<h3>Am\u00e9liorations pour la MK7 :<\/h3>\n<p>1. Une toute nouvelle bo\u00eete \u00e0 poulies (pour la poulie en U et le support de si\u00e8ge en m\u00eame temps) bas\u00e9e sur la nouvelle barre transversale.<\/p>\n<p>2. Ajustement de la forme du piggyback coll\u00e9 \u00e0 la nouvelle traverse<\/p>\n<p>3. Le vissage au support n&rsquo;est plus n\u00e9cessaire car il est solidement fix\u00e9.<\/p>\n<p>4. La surface de contact du si\u00e8ge est tellement augment\u00e9e que le profil\u00e9 en aluminium qui \u00e9tait auparavant viss\u00e9 n&rsquo;est plus n\u00e9cessaire (moins de poids et de co\u00fbts de fabrication).<\/p>\n<p>5. Des plaques rigides en mousse de PVC avec un syst\u00e8me de velcro permettent de r\u00e9gler l&rsquo;inclinaison du si\u00e8ge. Ces plaques (8 mm d&rsquo;\u00e9paisseur chacune + l&rsquo;\u00e9paisseur du velcro) peuvent \u00eatre empil\u00e9es \u00e0 volont\u00e9 sur la surface en carbone et sont id\u00e9ales pour un r\u00e9glage rapide du si\u00e8ge sans outils.<\/p>\n<p>6. Cette pile de mousse rigide sert \u00e9galement de tampon absorbant en cas de collision par l&rsquo;arri\u00e8re<\/p>\n<p>7. Le nouveau support de si\u00e8ge laisse un espace entre le passage de roue et la traverse pour atteindre confortablement le palier du bras oscillant (montage et r\u00e9glage).<\/p>\n<p>&nbsp;<\/p>\n<p>&nbsp;<\/p>\n<p style=\"text-align: left;\">Voici le prototype :<\/p>\n<p style=\"text-align: left;\"><img loading=\"lazy\" decoding=\"async\" class=\"alignleft wp-image-2548 size-medium\" src=\"https:\/\/www.velomobileworld.com\/wp-content\/uploads\/2020\/12\/image11-300x260.jpg\" alt=\"prototype Improvements for the Milan MK7\" width=\"300\" height=\"260\" \/><\/p>\n<p>&nbsp;<\/p>\n<p>&nbsp;<\/p>\n<p>&nbsp;<\/p>\n<p>&nbsp;<\/p>\n<p>&nbsp;<\/p>\n<p>&nbsp;<\/p>\n<p>&nbsp;<\/p>\n<p>&nbsp;<\/p>\n<p>&nbsp;<\/p>\n<p style=\"text-align: left;\">Voici une impression de la premi\u00e8re forme provisoire. Cette impression est ensuite finie et polie, puis la forme de production est retir\u00e9e.<\/p>\n<p>&nbsp;<\/p>\n<p>&nbsp;<\/p>\n<p style=\"text-align: left;\">De haut en bas :<\/p>\n<p style=\"text-align: left;\"><img loading=\"lazy\" decoding=\"async\" class=\"alignleft wp-image-2550 size-medium\" src=\"https:\/\/www.velomobileworld.com\/wp-content\/uploads\/2020\/12\/image9-300x166.jpg\" alt=\"Improvements for the Milan MK7 prototype\" width=\"300\" height=\"166\" \/><\/p>\n<p>&nbsp;<\/p>\n<p>&nbsp;<\/p>\n<p>&nbsp;<\/p>\n<p>&nbsp;<\/p>\n<p>&nbsp;<\/p>\n<p>&nbsp;<\/p>\n<p style=\"text-align: left;\"><img loading=\"lazy\" decoding=\"async\" class=\"alignleft wp-image-2552 size-medium\" src=\"https:\/\/www.velomobileworld.com\/wp-content\/uploads\/2020\/12\/image13-300x165.jpg\" alt=\"Improvements for the Milan MK7\" width=\"300\" height=\"165\" \/><\/p>\n<p>&nbsp;<\/p>\n<p>&nbsp;<\/p>\n<p>&nbsp;<\/p>\n<p>&nbsp;<\/p>\n<p>&nbsp;<\/p>\n<p>&nbsp;<\/p>\n<p>&nbsp;<\/p>\n<h2 style=\"text-align: left;\">Nouveau syst\u00e8me de rail au sol pour Milan MK7<\/h2>\n<p>&nbsp;<\/p>\n<p>&nbsp;<\/p>\n<h3>Br\u00e8ve description du probl\u00e8me :<\/h3>\n<p>1. Le longeron central des SL et GT n&rsquo;est pas encore bien reli\u00e9 aux passages de roue avant et la barre transversale entre parfois en collision avec le si\u00e8ge lorsque celui-ci doit \u00eatre recul\u00e9.<\/p>\n<p>2. L&rsquo;ensemble du syst\u00e8me de longerons est difficile \u00e0 stratifier parce qu&rsquo;il pr\u00e9sente des rayons trop serr\u00e9s.<\/p>\n<p>3. En outre, la fixation du si\u00e8ge juste \u00e0 c\u00f4t\u00e9 des longerons en carbone est probl\u00e9matique ; le si\u00e8ge ne se trouve g\u00e9n\u00e9ralement pas dans sa position la plus basse. Les supports en acier inoxydable, qui sont encore en cours d&rsquo;installation, doivent \u00eatre ponc\u00e9s et ne garantissent pas un maintien vraiment s\u00fbr du si\u00e8ge.<\/p>\n<p>4. Le si\u00e8ge se rabat vers l&rsquo;avant de mani\u00e8re inconfortable lorsque l&rsquo;on descend (ou que l&rsquo;on monte sur le bord avant). Cela est d\u00fb au fait que le point d&rsquo;articulation sous le si\u00e8ge est trop en arri\u00e8re et cr\u00e9e une bascule.<\/p>\n<p>&nbsp;<\/p>\n<h3>Am\u00e9liorations pour la MK 7 :<\/h3>\n<p>1. Les nouvelles barres sont d\u00e9sormais mieux adapt\u00e9es aux passages de roue avant et laissent suffisamment d&rsquo;espace pour faciliter le montage du support de si\u00e8ge dans sa position la plus basse. La nouvelle barre transversale se trouve d\u00e9sormais plus en arri\u00e8re et permet un r\u00e9glage tr\u00e8s large du si\u00e8ge vers l&rsquo;arri\u00e8re.<\/p>\n<p>2. La position des chevilles se d\u00e9place d&rsquo;environ 6 cm vers l&rsquo;avant, de sorte qu&rsquo;\u00e0 l&rsquo;avenir, le si\u00e8ge ne basculera plus lorsque vous sortirez du v\u00e9hicule ou que vous monterez sur le bord avant. De plus, le r\u00e9ceptacle du si\u00e8ge n&#8217;emp\u00eache plus d&rsquo;abaisser le si\u00e8ge au maximum car il n&rsquo;est plus situ\u00e9 \u00e0 c\u00f4t\u00e9 de la position la plus basse.<\/p>\n<p>1. La barre transversale se trouve maintenant exactement sous le support du si\u00e8ge et sert de base \u00e0 un support de si\u00e8ge tr\u00e8s rigide et stable. Celui-ci est coll\u00e9 \u00e0 la barre transversale en tant que module s\u00e9par\u00e9, de sorte que la barre transversale ne doive pas \u00eatre interrompue (rigidit\u00e9).<\/p>\n<p>2. La barre transversale est maintenant tellement recul\u00e9e qu&rsquo;elle sert \u00e9galement de raidisseur pour la zone d&rsquo;appui du bras oscillant.<\/p>\n<p style=\"text-align: left;\"><img loading=\"lazy\" decoding=\"async\" class=\"alignleft size-medium wp-image-2505\" src=\"https:\/\/www.velomobileworld.com\/wp-content\/uploads\/2020\/12\/5-Holmsystem-auf-Gras-224x300.jpeg\" alt=\"5 Holmsystem auf Gras\" width=\"224\" height=\"300\" \/><\/p>\n<p>&nbsp;<\/p>\n<p>&nbsp;<\/p>\n<p>&nbsp;<\/p>\n<p>&nbsp;<\/p>\n<p>&nbsp;<\/p>\n<p>&nbsp;<\/p>\n<p>&nbsp;<\/p>\n<p>&nbsp;<\/p>\n<p>&nbsp;<\/p>\n<p style=\"text-align: left;\"><img loading=\"lazy\" decoding=\"async\" class=\"alignleft wp-image-2554 size-medium\" src=\"https:\/\/www.velomobileworld.com\/wp-content\/uploads\/2020\/12\/image8-210x300.jpg\" alt=\"Improvements for the Milan MK7\" width=\"210\" height=\"300\" \/><\/p>\n<p style=\"text-align: left;\">\n","protected":false},"excerpt":{"rendered":"<p>Bonjour, Il y a des nouvelles sur la prochaine \u00e9volution de la Milan, la Milan MK7 : Comme vous l&rsquo;avez [&hellip;]<\/p>\n","protected":false},"author":4,"featured_media":7036,"comment_status":"open","ping_status":"closed","sticky":false,"template":"","format":"standard","meta":{"_acf_changed":false,"footnotes":""},"categories":[691],"tags":[],"class_list":["post-7308","post","type-post","status-publish","format-standard","has-post-thumbnail","hentry","category-non-classifiee"],"acf":[],"yoast_head":"<!-- This site is optimized with the Yoast SEO plugin v27.5 - https:\/\/yoast.com\/product\/yoast-seo-wordpress\/ -->\n<title>MK7 Introduction | Velomobile World | Human Powered Vehicles<\/title>\n<meta name=\"description\" content=\"Nous avons des nouvelles de la prochaine \u00e9volution de la Milan, la Milan MK7. Comme vous l&#039;avez peut-\u00eatre entendu, nous travaillons sur des am\u00e9liorations de la Milan SL\/GT.\" \/>\n<meta name=\"robots\" content=\"index, follow, max-snippet:-1, max-image-preview:large, max-video-preview:-1\" \/>\n<link rel=\"canonical\" href=\"https:\/\/www.velomobileworld.com\/fr\/mk7-introduction\/\" \/>\n<meta property=\"og:locale\" content=\"fr_FR\" \/>\n<meta property=\"og:type\" content=\"article\" \/>\n<meta property=\"og:title\" content=\"MK7 Introduction | Velomobile World | Human Powered Vehicles\" \/>\n<meta property=\"og:description\" content=\"Nous avons des nouvelles de la prochaine \u00e9volution de la Milan, la Milan MK7. Comme vous l&#039;avez peut-\u00eatre entendu, nous travaillons sur des am\u00e9liorations de la Milan SL\/GT.\" \/>\n<meta property=\"og:url\" content=\"https:\/\/www.velomobileworld.com\/fr\/mk7-introduction\/\" \/>\n<meta property=\"og:site_name\" content=\"Velomobile World\" \/>\n<meta property=\"article:published_time\" content=\"2024-12-23T09:31:42+00:00\" \/>\n<meta property=\"article:modified_time\" content=\"2025-07-25T10:09:05+00:00\" \/>\n<meta property=\"og:image\" content=\"https:\/\/www.velomobileworld.com\/wp-content\/uploads\/2024\/12\/1milans-2.jpg\" \/>\n\t<meta property=\"og:image:width\" content=\"1920\" \/>\n\t<meta property=\"og:image:height\" content=\"1080\" \/>\n\t<meta property=\"og:image:type\" content=\"image\/jpeg\" \/>\n<meta name=\"author\" content=\"Jan Wijnen\" \/>\n<meta name=\"twitter:card\" content=\"summary_large_image\" \/>\n<meta name=\"twitter:label1\" content=\"\u00c9crit par\" \/>\n\t<meta name=\"twitter:data1\" content=\"Jan Wijnen\" \/>\n\t<meta name=\"twitter:label2\" content=\"Dur\u00e9e de lecture estim\u00e9e\" \/>\n\t<meta name=\"twitter:data2\" content=\"10 minutes\" \/>\n<script type=\"application\/ld+json\" class=\"yoast-schema-graph\">{\"@context\":\"https:\\\/\\\/schema.org\",\"@graph\":[{\"@type\":\"Article\",\"@id\":\"https:\\\/\\\/www.velomobileworld.com\\\/fr\\\/mk7-introduction\\\/#article\",\"isPartOf\":{\"@id\":\"https:\\\/\\\/www.velomobileworld.com\\\/fr\\\/mk7-introduction\\\/\"},\"author\":{\"name\":\"Jan Wijnen\",\"@id\":\"https:\\\/\\\/www.velomobileworld.com\\\/nl\\\/#\\\/schema\\\/person\\\/c0c7c661ad3c8719ed05a7dc85d6fa12\"},\"headline\":\"MK7 Introduction\",\"datePublished\":\"2024-12-23T09:31:42+00:00\",\"dateModified\":\"2025-07-25T10:09:05+00:00\",\"mainEntityOfPage\":{\"@id\":\"https:\\\/\\\/www.velomobileworld.com\\\/fr\\\/mk7-introduction\\\/\"},\"wordCount\":2100,\"commentCount\":0,\"image\":{\"@id\":\"https:\\\/\\\/www.velomobileworld.com\\\/fr\\\/mk7-introduction\\\/#primaryimage\"},\"thumbnailUrl\":\"https:\\\/\\\/www.velomobileworld.com\\\/wp-content\\\/uploads\\\/2024\\\/12\\\/1milans-2.jpg\",\"articleSection\":[\"Non classifi\u00e9(e)\"],\"inLanguage\":\"fr-FR\",\"potentialAction\":[{\"@type\":\"CommentAction\",\"name\":\"Comment\",\"target\":[\"https:\\\/\\\/www.velomobileworld.com\\\/fr\\\/mk7-introduction\\\/#respond\"]}]},{\"@type\":\"WebPage\",\"@id\":\"https:\\\/\\\/www.velomobileworld.com\\\/fr\\\/mk7-introduction\\\/\",\"url\":\"https:\\\/\\\/www.velomobileworld.com\\\/fr\\\/mk7-introduction\\\/\",\"name\":\"MK7 Introduction | Velomobile World | Human Powered Vehicles\",\"isPartOf\":{\"@id\":\"https:\\\/\\\/www.velomobileworld.com\\\/nl\\\/#website\"},\"primaryImageOfPage\":{\"@id\":\"https:\\\/\\\/www.velomobileworld.com\\\/fr\\\/mk7-introduction\\\/#primaryimage\"},\"image\":{\"@id\":\"https:\\\/\\\/www.velomobileworld.com\\\/fr\\\/mk7-introduction\\\/#primaryimage\"},\"thumbnailUrl\":\"https:\\\/\\\/www.velomobileworld.com\\\/wp-content\\\/uploads\\\/2024\\\/12\\\/1milans-2.jpg\",\"datePublished\":\"2024-12-23T09:31:42+00:00\",\"dateModified\":\"2025-07-25T10:09:05+00:00\",\"author\":{\"@id\":\"https:\\\/\\\/www.velomobileworld.com\\\/nl\\\/#\\\/schema\\\/person\\\/c0c7c661ad3c8719ed05a7dc85d6fa12\"},\"description\":\"Nous avons des nouvelles de la prochaine \u00e9volution de la Milan, la Milan MK7. Comme vous l'avez peut-\u00eatre entendu, nous travaillons sur des am\u00e9liorations de la Milan SL\\\/GT.\",\"breadcrumb\":{\"@id\":\"https:\\\/\\\/www.velomobileworld.com\\\/fr\\\/mk7-introduction\\\/#breadcrumb\"},\"inLanguage\":\"fr-FR\",\"potentialAction\":[{\"@type\":\"ReadAction\",\"target\":[\"https:\\\/\\\/www.velomobileworld.com\\\/fr\\\/mk7-introduction\\\/\"]}]},{\"@type\":\"ImageObject\",\"inLanguage\":\"fr-FR\",\"@id\":\"https:\\\/\\\/www.velomobileworld.com\\\/fr\\\/mk7-introduction\\\/#primaryimage\",\"url\":\"https:\\\/\\\/www.velomobileworld.com\\\/wp-content\\\/uploads\\\/2024\\\/12\\\/1milans-2.jpg\",\"contentUrl\":\"https:\\\/\\\/www.velomobileworld.com\\\/wp-content\\\/uploads\\\/2024\\\/12\\\/1milans-2.jpg\",\"width\":1920,\"height\":1080},{\"@type\":\"BreadcrumbList\",\"@id\":\"https:\\\/\\\/www.velomobileworld.com\\\/fr\\\/mk7-introduction\\\/#breadcrumb\",\"itemListElement\":[{\"@type\":\"ListItem\",\"position\":1,\"name\":\"Home\",\"item\":\"https:\\\/\\\/www.velomobileworld.com\\\/fr\\\/\"},{\"@type\":\"ListItem\",\"position\":2,\"name\":\"MK7 Introduction\"}]},{\"@type\":\"WebSite\",\"@id\":\"https:\\\/\\\/www.velomobileworld.com\\\/nl\\\/#website\",\"url\":\"https:\\\/\\\/www.velomobileworld.com\\\/nl\\\/\",\"name\":\"Velomobile World\",\"description\":\"\",\"potentialAction\":[{\"@type\":\"SearchAction\",\"target\":{\"@type\":\"EntryPoint\",\"urlTemplate\":\"https:\\\/\\\/www.velomobileworld.com\\\/nl\\\/?s={search_term_string}\"},\"query-input\":{\"@type\":\"PropertyValueSpecification\",\"valueRequired\":true,\"valueName\":\"search_term_string\"}}],\"inLanguage\":\"fr-FR\"},{\"@type\":\"Person\",\"@id\":\"https:\\\/\\\/www.velomobileworld.com\\\/nl\\\/#\\\/schema\\\/person\\\/c0c7c661ad3c8719ed05a7dc85d6fa12\",\"name\":\"Jan Wijnen\",\"image\":{\"@type\":\"ImageObject\",\"inLanguage\":\"fr-FR\",\"@id\":\"https:\\\/\\\/secure.gravatar.com\\\/avatar\\\/4802c8a6006d5895d73a1141e39ccf819bca7ec1dbfb26a6f4370880cefa109a?s=96&d=mm&r=g\",\"url\":\"https:\\\/\\\/secure.gravatar.com\\\/avatar\\\/4802c8a6006d5895d73a1141e39ccf819bca7ec1dbfb26a6f4370880cefa109a?s=96&d=mm&r=g\",\"contentUrl\":\"https:\\\/\\\/secure.gravatar.com\\\/avatar\\\/4802c8a6006d5895d73a1141e39ccf819bca7ec1dbfb26a6f4370880cefa109a?s=96&d=mm&r=g\",\"caption\":\"Jan Wijnen\"},\"url\":\"https:\\\/\\\/www.velomobileworld.com\\\/fr\\\/author\\\/jan-admin\\\/\"}]}<\/script>\n<!-- \/ Yoast SEO plugin. -->","yoast_head_json":{"title":"MK7 Introduction | Velomobile World | Human Powered Vehicles","description":"Nous avons des nouvelles de la prochaine \u00e9volution de la Milan, la Milan MK7. Comme vous l'avez peut-\u00eatre entendu, nous travaillons sur des am\u00e9liorations de la Milan SL\/GT.","robots":{"index":"index","follow":"follow","max-snippet":"max-snippet:-1","max-image-preview":"max-image-preview:large","max-video-preview":"max-video-preview:-1"},"canonical":"https:\/\/www.velomobileworld.com\/fr\/mk7-introduction\/","og_locale":"fr_FR","og_type":"article","og_title":"MK7 Introduction | Velomobile World | Human Powered Vehicles","og_description":"Nous avons des nouvelles de la prochaine \u00e9volution de la Milan, la Milan MK7. Comme vous l'avez peut-\u00eatre entendu, nous travaillons sur des am\u00e9liorations de la Milan SL\/GT.","og_url":"https:\/\/www.velomobileworld.com\/fr\/mk7-introduction\/","og_site_name":"Velomobile World","article_published_time":"2024-12-23T09:31:42+00:00","article_modified_time":"2025-07-25T10:09:05+00:00","og_image":[{"width":1920,"height":1080,"url":"https:\/\/www.velomobileworld.com\/wp-content\/uploads\/2024\/12\/1milans-2.jpg","type":"image\/jpeg"}],"author":"Jan Wijnen","twitter_card":"summary_large_image","twitter_misc":{"\u00c9crit par":"Jan Wijnen","Dur\u00e9e de lecture estim\u00e9e":"10 minutes"},"schema":{"@context":"https:\/\/schema.org","@graph":[{"@type":"Article","@id":"https:\/\/www.velomobileworld.com\/fr\/mk7-introduction\/#article","isPartOf":{"@id":"https:\/\/www.velomobileworld.com\/fr\/mk7-introduction\/"},"author":{"name":"Jan Wijnen","@id":"https:\/\/www.velomobileworld.com\/nl\/#\/schema\/person\/c0c7c661ad3c8719ed05a7dc85d6fa12"},"headline":"MK7 Introduction","datePublished":"2024-12-23T09:31:42+00:00","dateModified":"2025-07-25T10:09:05+00:00","mainEntityOfPage":{"@id":"https:\/\/www.velomobileworld.com\/fr\/mk7-introduction\/"},"wordCount":2100,"commentCount":0,"image":{"@id":"https:\/\/www.velomobileworld.com\/fr\/mk7-introduction\/#primaryimage"},"thumbnailUrl":"https:\/\/www.velomobileworld.com\/wp-content\/uploads\/2024\/12\/1milans-2.jpg","articleSection":["Non classifi\u00e9(e)"],"inLanguage":"fr-FR","potentialAction":[{"@type":"CommentAction","name":"Comment","target":["https:\/\/www.velomobileworld.com\/fr\/mk7-introduction\/#respond"]}]},{"@type":"WebPage","@id":"https:\/\/www.velomobileworld.com\/fr\/mk7-introduction\/","url":"https:\/\/www.velomobileworld.com\/fr\/mk7-introduction\/","name":"MK7 Introduction | Velomobile World | Human Powered Vehicles","isPartOf":{"@id":"https:\/\/www.velomobileworld.com\/nl\/#website"},"primaryImageOfPage":{"@id":"https:\/\/www.velomobileworld.com\/fr\/mk7-introduction\/#primaryimage"},"image":{"@id":"https:\/\/www.velomobileworld.com\/fr\/mk7-introduction\/#primaryimage"},"thumbnailUrl":"https:\/\/www.velomobileworld.com\/wp-content\/uploads\/2024\/12\/1milans-2.jpg","datePublished":"2024-12-23T09:31:42+00:00","dateModified":"2025-07-25T10:09:05+00:00","author":{"@id":"https:\/\/www.velomobileworld.com\/nl\/#\/schema\/person\/c0c7c661ad3c8719ed05a7dc85d6fa12"},"description":"Nous avons des nouvelles de la prochaine \u00e9volution de la Milan, la Milan MK7. Comme vous l'avez peut-\u00eatre entendu, nous travaillons sur des am\u00e9liorations de la Milan SL\/GT.","breadcrumb":{"@id":"https:\/\/www.velomobileworld.com\/fr\/mk7-introduction\/#breadcrumb"},"inLanguage":"fr-FR","potentialAction":[{"@type":"ReadAction","target":["https:\/\/www.velomobileworld.com\/fr\/mk7-introduction\/"]}]},{"@type":"ImageObject","inLanguage":"fr-FR","@id":"https:\/\/www.velomobileworld.com\/fr\/mk7-introduction\/#primaryimage","url":"https:\/\/www.velomobileworld.com\/wp-content\/uploads\/2024\/12\/1milans-2.jpg","contentUrl":"https:\/\/www.velomobileworld.com\/wp-content\/uploads\/2024\/12\/1milans-2.jpg","width":1920,"height":1080},{"@type":"BreadcrumbList","@id":"https:\/\/www.velomobileworld.com\/fr\/mk7-introduction\/#breadcrumb","itemListElement":[{"@type":"ListItem","position":1,"name":"Home","item":"https:\/\/www.velomobileworld.com\/fr\/"},{"@type":"ListItem","position":2,"name":"MK7 Introduction"}]},{"@type":"WebSite","@id":"https:\/\/www.velomobileworld.com\/nl\/#website","url":"https:\/\/www.velomobileworld.com\/nl\/","name":"Velomobile World","description":"","potentialAction":[{"@type":"SearchAction","target":{"@type":"EntryPoint","urlTemplate":"https:\/\/www.velomobileworld.com\/nl\/?s={search_term_string}"},"query-input":{"@type":"PropertyValueSpecification","valueRequired":true,"valueName":"search_term_string"}}],"inLanguage":"fr-FR"},{"@type":"Person","@id":"https:\/\/www.velomobileworld.com\/nl\/#\/schema\/person\/c0c7c661ad3c8719ed05a7dc85d6fa12","name":"Jan Wijnen","image":{"@type":"ImageObject","inLanguage":"fr-FR","@id":"https:\/\/secure.gravatar.com\/avatar\/4802c8a6006d5895d73a1141e39ccf819bca7ec1dbfb26a6f4370880cefa109a?s=96&d=mm&r=g","url":"https:\/\/secure.gravatar.com\/avatar\/4802c8a6006d5895d73a1141e39ccf819bca7ec1dbfb26a6f4370880cefa109a?s=96&d=mm&r=g","contentUrl":"https:\/\/secure.gravatar.com\/avatar\/4802c8a6006d5895d73a1141e39ccf819bca7ec1dbfb26a6f4370880cefa109a?s=96&d=mm&r=g","caption":"Jan Wijnen"},"url":"https:\/\/www.velomobileworld.com\/fr\/author\/jan-admin\/"}]}},"_links":{"self":[{"href":"https:\/\/www.velomobileworld.com\/fr\/wp-json\/wp\/v2\/posts\/7308","targetHints":{"allow":["GET"]}}],"collection":[{"href":"https:\/\/www.velomobileworld.com\/fr\/wp-json\/wp\/v2\/posts"}],"about":[{"href":"https:\/\/www.velomobileworld.com\/fr\/wp-json\/wp\/v2\/types\/post"}],"author":[{"embeddable":true,"href":"https:\/\/www.velomobileworld.com\/fr\/wp-json\/wp\/v2\/users\/4"}],"replies":[{"embeddable":true,"href":"https:\/\/www.velomobileworld.com\/fr\/wp-json\/wp\/v2\/comments?post=7308"}],"version-history":[{"count":1,"href":"https:\/\/www.velomobileworld.com\/fr\/wp-json\/wp\/v2\/posts\/7308\/revisions"}],"predecessor-version":[{"id":100520,"href":"https:\/\/www.velomobileworld.com\/fr\/wp-json\/wp\/v2\/posts\/7308\/revisions\/100520"}],"wp:featuredmedia":[{"embeddable":true,"href":"https:\/\/www.velomobileworld.com\/fr\/wp-json\/wp\/v2\/media\/7036"}],"wp:attachment":[{"href":"https:\/\/www.velomobileworld.com\/fr\/wp-json\/wp\/v2\/media?parent=7308"}],"wp:term":[{"taxonomy":"category","embeddable":true,"href":"https:\/\/www.velomobileworld.com\/fr\/wp-json\/wp\/v2\/categories?post=7308"},{"taxonomy":"post_tag","embeddable":true,"href":"https:\/\/www.velomobileworld.com\/fr\/wp-json\/wp\/v2\/tags?post=7308"}],"curies":[{"name":"wp","href":"https:\/\/api.w.org\/{rel}","templated":true}]}}