{"id":7415,"date":"2024-12-09T13:45:28","date_gmt":"2024-12-09T12:45:28","guid":{"rendered":"https:\/\/velomobileworld.convident.dev\/road-trip-velomobile-avec-brigitte-et-fritz-jour-678\/"},"modified":"2025-07-25T12:09:19","modified_gmt":"2025-07-25T10:09:19","slug":"road-trip-velomobile-avec-brigitte-et-fritz-jour-678","status":"publish","type":"post","link":"https:\/\/www.velomobileworld.com\/fr\/road-trip-velomobile-avec-brigitte-et-fritz-jour-678\/","title":{"rendered":"Road Trip V\u00e9lomobile avec Brigitte et Fritz (Jour 6,7,8)"},"content":{"rendered":"<h2>Voyage en v\u00e9lomobile avec Brigitte et Fritz jour 6, 7 et 8<\/h2>\n<p style=\"text-align: left;\"><strong>JOUR 6<\/strong><\/p>\n<p style=\"text-align: left;\">Aujourd&rsquo;hui, seul le d\u00e9faut devait \u00eatre r\u00e9par\u00e9. La journ\u00e9e a \u00e9t\u00e9 remplie par cela. De plus, c&rsquo;\u00e9tait simplement une journ\u00e9e de repos sans v\u00e9lo. Avec le support re-lamin\u00e9, il ne lui restait plus que 24 heures pour durcir.<\/p>\n<p>&nbsp;<\/p>\n<p style=\"text-align: left;\"><strong>JOUR 7<\/strong><\/p>\n<p style=\"text-align: left;\">Aujourd&rsquo;hui, nous avons fait une balade \u00e0 v\u00e9lo avec Ilona et Andreas. Sinon, c&rsquo;\u00e9tait le moment de se d\u00e9tendre.<\/p>\n<p>&nbsp;<\/p>\n<p style=\"text-align: left;\"><strong>JOUR 8<\/strong><\/p>\n<p>&nbsp;<\/p>\n<p style=\"text-align: left;\"><a href=\"https:\/\/www.velomobileworld.com\/wp-content\/uploads\/2022\/06\/8-Tag-map.jpg\" target=\"_blank\" rel=\"noopener\"><img loading=\"lazy\" decoding=\"async\" class=\"alignnone wp-image-11042\" src=\"https:\/\/www.velomobileworld.com\/wp-content\/uploads\/2022\/06\/8-Tag-map.jpg\" alt=\"Voyage en v\u00e9lomobile\" width=\"400\" height=\"724\" \/><\/a><\/p>\n<h2>Alsace<\/h2>\n<p style=\"text-align: left;\">Le v\u00e9lomobile \u00e9tait maintenant pr\u00eat \u00e0 rouler \u00e0 nouveau et nous avons repris la route vers Seligenstadt en Alsace. Nous avons parcouru la premi\u00e8re partie du c\u00f4t\u00e9 allemand, puis au sud de Strasbourg, nous avons travers\u00e9 le Rhin. La deuxi\u00e8me partie \u00e9tait identique \u00e0 notre premi\u00e8re tentative pour atteindre S\u00e9lestat il y a 3 jours. Cette fois, tout s&rsquo;est bien pass\u00e9 et nous sommes arriv\u00e9s assez t\u00f4t sans probl\u00e8me. La ville vaut le d\u00e9tour. Nous avons continu\u00e9 vers le sud sur la Route des Vins d&rsquo;Alsace. En passant devant des vignobles et \u00e0 travers de jolis villages jusqu&rsquo;\u00e0 Colmar. Apr\u00e8s avoir mont\u00e9 la tente au camping, il a commenc\u00e9 \u00e0 pleuvoir l\u00e9g\u00e8rement. La pluie a continu\u00e9 jusqu&rsquo;au matin avec de courtes accalmies.<\/p>\n<p>&nbsp;<\/p>\n<p><a href=\"https:\/\/www.velomobileworld.com\/wp-content\/uploads\/2022\/06\/1-img-8-1024x768.jpeg\" target=\"_blank\" rel=\"noopener\"><img loading=\"lazy\" decoding=\"async\" class=\"alignnone wp-image-10982\" src=\"https:\/\/www.velomobileworld.com\/wp-content\/uploads\/2022\/06\/1-img-8-1024x768.jpeg\" alt=\"V\u00e9lomobile verte\" width=\"400\" height=\"300\" \/><\/a><\/p>\n<p><a href=\"https:\/\/www.velomobileworld.com\/wp-content\/uploads\/2022\/06\/2-img-8-1024x768.jpeg\" target=\"_blank\" rel=\"noopener\"><img loading=\"lazy\" decoding=\"async\" class=\"alignnone wp-image-10986\" src=\"https:\/\/www.velomobileworld.com\/wp-content\/uploads\/2022\/06\/2-img-8-1024x768.jpeg\" alt=\"eau\" width=\"400\" height=\"300\" \/><\/a><\/p>\n<p><a href=\"https:\/\/www.velomobileworld.com\/wp-content\/uploads\/2022\/06\/3-Rheinbrucke-8-1024x768.jpeg\" target=\"_blank\" rel=\"noopener\"><img loading=\"lazy\" decoding=\"async\" class=\"alignnone wp-image-10990\" src=\"https:\/\/www.velomobileworld.com\/wp-content\/uploads\/2022\/06\/3-Rheinbrucke-8-1024x768.jpeg\" alt=\"Pont\" width=\"400\" height=\"300\" \/><\/a><\/p>\n<p style=\"text-align: left;\">Rheinbr\u00fccke \/ Pont du Rhin <strong><img decoding=\"async\" class=\"emoji\" role=\"img\" draggable=\"false\" src=\"https:\/\/s.w.org\/images\/core\/emoji\/13.1.0\/svg\/2b06.svg\" alt=\"\u2b06\ufe0f\" \/><\/strong><\/p>\n<p><a href=\"https:\/\/www.velomobileworld.com\/wp-content\/uploads\/2022\/06\/4-img-8-1024x768.jpeg\" target=\"_blank\" rel=\"noopener\"><img loading=\"lazy\" decoding=\"async\" class=\"alignnone wp-image-10994\" src=\"https:\/\/www.velomobileworld.com\/wp-content\/uploads\/2022\/06\/4-img-8-1024x768.jpeg\" alt=\"s\u00e9lestat\" width=\"400\" height=\"300\" \/><\/a><\/p>\n<p><a href=\"https:\/\/www.velomobileworld.com\/wp-content\/uploads\/2022\/06\/5-img-8-1024x768.jpeg\" target=\"_blank\" rel=\"noopener\"><img loading=\"lazy\" decoding=\"async\" class=\"alignnone wp-image-10998\" src=\"https:\/\/www.velomobileworld.com\/wp-content\/uploads\/2022\/06\/5-img-8-1024x768.jpeg\" alt=\"s\u00e9lestat\" width=\"400\" height=\"300\" \/><\/a><\/p>\n<p><a href=\"https:\/\/www.velomobileworld.com\/wp-content\/uploads\/2022\/06\/6-Selestat-8-1024x768.jpeg\" target=\"_blank\" rel=\"noopener\"><img loading=\"lazy\" decoding=\"async\" class=\"alignnone wp-image-11002\" src=\"https:\/\/www.velomobileworld.com\/wp-content\/uploads\/2022\/06\/6-Selestat-8-1024x768.jpeg\" alt=\"s\u00e9lestat\" width=\"400\" height=\"300\" \/><\/a><\/p>\n<p style=\"text-align: left;\">S\u00e9lestat <strong><img decoding=\"async\" class=\"emoji\" role=\"img\" draggable=\"false\" src=\"https:\/\/s.w.org\/images\/core\/emoji\/13.1.0\/svg\/2b06.svg\" alt=\"\u2b06\ufe0f\" \/><\/strong><\/p>\n<p><a href=\"https:\/\/www.velomobileworld.com\/wp-content\/uploads\/2022\/06\/7-img-8-1024x768.jpeg\" target=\"_blank\" rel=\"noopener\"><img loading=\"lazy\" decoding=\"async\" class=\"alignnone wp-image-11006\" src=\"https:\/\/www.velomobileworld.com\/wp-content\/uploads\/2022\/06\/7-img-8-1024x768.jpeg\" alt=\"s\u00e9lestat\" width=\"400\" height=\"300\" \/><\/a><\/p>\n<p><a href=\"https:\/\/www.velomobileworld.com\/wp-content\/uploads\/2022\/06\/8-Selestat-8-1024x768.jpeg\" target=\"_blank\" rel=\"noopener\"><img loading=\"lazy\" decoding=\"async\" class=\"alignnone wp-image-11010\" src=\"https:\/\/www.velomobileworld.com\/wp-content\/uploads\/2022\/06\/8-Selestat-8-1024x768.jpeg\" alt=\"s\u00e9lestat\" width=\"400\" height=\"300\" \/><\/a><\/p>\n<p style=\"text-align: left;\">S\u00e9lestat <strong><img decoding=\"async\" class=\"emoji\" role=\"img\" draggable=\"false\" src=\"https:\/\/s.w.org\/images\/core\/emoji\/13.1.0\/svg\/2b06.svg\" alt=\"\u2b06\ufe0f\" \/><\/strong><\/p>\n<p><a href=\"https:\/\/www.velomobileworld.com\/wp-content\/uploads\/2022\/06\/9-img-8-1024x768.jpeg\" target=\"_blank\" rel=\"noopener\"><img loading=\"lazy\" decoding=\"async\" class=\"alignnone wp-image-11014\" src=\"https:\/\/www.velomobileworld.com\/wp-content\/uploads\/2022\/06\/9-img-8-1024x768.jpeg\" alt=\"Bergheim\" width=\"400\" height=\"300\" \/><\/a><\/p>\n<p><a href=\"https:\/\/www.velomobileworld.com\/wp-content\/uploads\/2022\/06\/10-img-8-1024x768.jpeg\" target=\"_blank\" rel=\"noopener\"><img loading=\"lazy\" decoding=\"async\" class=\"alignnone wp-image-11018\" src=\"https:\/\/www.velomobileworld.com\/wp-content\/uploads\/2022\/06\/10-img-8-1024x768.jpeg\" alt=\"Bergheim\" width=\"400\" height=\"300\" \/><\/a><\/p>\n<p><a href=\"https:\/\/www.velomobileworld.com\/wp-content\/uploads\/2022\/06\/11-img-8-1024x768.jpeg\" target=\"_blank\" rel=\"noopener\"><img loading=\"lazy\" decoding=\"async\" class=\"alignnone wp-image-11022\" src=\"https:\/\/www.velomobileworld.com\/wp-content\/uploads\/2022\/06\/11-img-8-1024x768.jpeg\" alt=\"Bergheim\" width=\"400\" height=\"300\" \/><\/a><\/p>\n<p><a href=\"https:\/\/www.velomobileworld.com\/wp-content\/uploads\/2022\/06\/12-Bergheim-8-1024x768.jpeg\" target=\"_blank\" rel=\"noopener\"><img loading=\"lazy\" decoding=\"async\" class=\"alignnone wp-image-11026\" src=\"https:\/\/www.velomobileworld.com\/wp-content\/uploads\/2022\/06\/12-Bergheim-8-1024x768.jpeg\" alt=\"Bergheim\" width=\"400\" height=\"300\" \/><\/a><\/p>\n<p style=\"text-align: left;\">Bergheim <img decoding=\"async\" class=\"emoji\" role=\"img\" draggable=\"false\" src=\"https:\/\/s.w.org\/images\/core\/emoji\/13.1.0\/svg\/2b06.svg\" alt=\"\u2b06\ufe0f\" \/><\/p>\n<p><a href=\"https:\/\/www.velomobileworld.com\/wp-content\/uploads\/2022\/06\/13-img-8-768x1024.jpeg\" target=\"_blank\" rel=\"noopener\"><img loading=\"lazy\" decoding=\"async\" class=\"alignnone wp-image-11030\" src=\"https:\/\/www.velomobileworld.com\/wp-content\/uploads\/2022\/06\/13-img-8-768x1024.jpeg\" alt=\"Riquewihr\" width=\"400\" height=\"533\" \/><\/a><\/p>\n<p><a href=\"https:\/\/www.velomobileworld.com\/wp-content\/uploads\/2022\/06\/14-img-8-1024x768.jpeg\" target=\"_blank\" rel=\"noopener\"><img loading=\"lazy\" decoding=\"async\" class=\"alignnone wp-image-11034\" src=\"https:\/\/www.velomobileworld.com\/wp-content\/uploads\/2022\/06\/14-img-8-1024x768.jpeg\" alt=\"Riquewihr\" width=\"400\" height=\"300\" \/><\/a><\/p>\n<p><a href=\"https:\/\/www .velomobileworld.com\/wp-content\/uploads\/2022\/06\/15-Riquewihr-8.jpeg\" target=\"_blank\" rel=\"noopener\"><img loading=\"lazy\" decoding=\"async\" class=\"alignnone wp-image-11038\" src=\"https:\/\/www.velomobileworld.com\/wp-content\/uploads\/2022\/06\/15-Riquewihr-8-1024x768.jpeg\" alt=\"Riquewihr\" width=\"399\" height=\"299\" \/><\/a><\/p>\n<p style=\"text-align: left;\">Riquewihr <img decoding=\"async\" class=\"emoji\" role=\"img\" draggable=\"false\" src=\"https:\/\/s.w.org\/images\/core\/emoji\/13.1.0\/svg\/2b06.svg\" alt=\"\u2b06\ufe0f\" \/><\/p>\n<p style=\"text-align: left;\">&#8212;&#8212;&#8212;&#8212;&#8212;&#8212;&#8212;&#8212;&#8212;&#8212;&#8212;&#8211;<\/p>\n<p style=\"text-align: left;\"><a href=\"https:\/\/www.velomobileworld.com\/fr\/tech-support\/alpha-series-steering\/rectangle-12636-2\/\">VOIR PLUS D&rsquo;ARTICLES ICI<\/a><\/p>\n<p style=\"text-align: left;\"><a href=\"https:\/\/www.velomobileworld.com\/fr\/image07-2\/\">Consultation gratuite<\/a><\/p>\n","protected":false},"excerpt":{"rendered":"<p>Voyage en v\u00e9lomobile avec Brigitte et Fritz jour 6, 7 et 8 JOUR 6 Aujourd&rsquo;hui, seul le d\u00e9faut devait \u00eatre [&hellip;]<\/p>\n","protected":false},"author":4,"featured_media":5504,"comment_status":"open","ping_status":"closed","sticky":false,"template":"","format":"standard","meta":{"_acf_changed":false,"footnotes":""},"categories":[691],"tags":[],"class_list":["post-7415","post","type-post","status-publish","format-standard","has-post-thumbnail","hentry","category-non-classifiee"],"acf":[],"yoast_head":"<!-- This site is optimized with the Yoast SEO plugin v27.5 - https:\/\/yoast.com\/product\/yoast-seo-wordpress\/ -->\n<title>Road Trip V\u00e9lomobile avec Brigitte et Fritz (Jour 6,7,8) | Velomobile World<\/title>\n<meta name=\"description\" content=\"D\u00e9couvrez ce que Brigitte et Fritz ont fait sur 6, 7, 8 jours de leur road trip en v\u00e9lomobile. Tous les d\u00e9tails dans cet article. Prendre plaisir!\" \/>\n<meta name=\"robots\" content=\"index, follow, max-snippet:-1, max-image-preview:large, max-video-preview:-1\" \/>\n<link rel=\"canonical\" href=\"https:\/\/www.velomobileworld.com\/fr\/road-trip-velomobile-avec-brigitte-et-fritz-jour-678\/\" \/>\n<meta property=\"og:locale\" content=\"fr_FR\" \/>\n<meta property=\"og:type\" content=\"article\" \/>\n<meta property=\"og:title\" content=\"Road Trip V\u00e9lomobile avec Brigitte et Fritz (Jour 6,7,8) | Velomobile World\" \/>\n<meta property=\"og:description\" content=\"D\u00e9couvrez ce que Brigitte et Fritz ont fait sur 6, 7, 8 jours de leur road trip en v\u00e9lomobile. Tous les d\u00e9tails dans cet article. Prendre plaisir!\" \/>\n<meta property=\"og:url\" content=\"https:\/\/www.velomobileworld.com\/fr\/road-trip-velomobile-avec-brigitte-et-fritz-jour-678\/\" \/>\n<meta property=\"og:site_name\" content=\"Velomobile World\" \/>\n<meta property=\"article:published_time\" content=\"2024-12-09T12:45:28+00:00\" \/>\n<meta property=\"article:modified_time\" content=\"2025-07-25T10:09:19+00:00\" \/>\n<meta property=\"og:image\" content=\"https:\/\/www.velomobileworld.com\/wp-content\/uploads\/2024\/12\/1-img-8-1.jpeg\" \/>\n\t<meta property=\"og:image:width\" content=\"1600\" \/>\n\t<meta property=\"og:image:height\" content=\"1200\" \/>\n\t<meta property=\"og:image:type\" content=\"image\/jpeg\" \/>\n<meta name=\"author\" content=\"Jan Wijnen\" \/>\n<meta name=\"twitter:card\" content=\"summary_large_image\" \/>\n<meta name=\"twitter:label1\" content=\"\u00c9crit par\" \/>\n\t<meta name=\"twitter:data1\" content=\"Jan Wijnen\" \/>\n\t<meta name=\"twitter:label2\" content=\"Dur\u00e9e de lecture estim\u00e9e\" \/>\n\t<meta name=\"twitter:data2\" content=\"6 minutes\" \/>\n<script type=\"application\/ld+json\" class=\"yoast-schema-graph\">{\"@context\":\"https:\\\/\\\/schema.org\",\"@graph\":[{\"@type\":\"Article\",\"@id\":\"https:\\\/\\\/www.velomobileworld.com\\\/fr\\\/road-trip-velomobile-avec-brigitte-et-fritz-jour-678\\\/#article\",\"isPartOf\":{\"@id\":\"https:\\\/\\\/www.velomobileworld.com\\\/fr\\\/road-trip-velomobile-avec-brigitte-et-fritz-jour-678\\\/\"},\"author\":{\"name\":\"Jan Wijnen\",\"@id\":\"https:\\\/\\\/www.velomobileworld.com\\\/nl\\\/#\\\/schema\\\/person\\\/c0c7c661ad3c8719ed05a7dc85d6fa12\"},\"headline\":\"Road Trip V\u00e9lomobile avec Brigitte et Fritz (Jour 6,7,8)\",\"datePublished\":\"2024-12-09T12:45:28+00:00\",\"dateModified\":\"2025-07-25T10:09:19+00:00\",\"mainEntityOfPage\":{\"@id\":\"https:\\\/\\\/www.velomobileworld.com\\\/fr\\\/road-trip-velomobile-avec-brigitte-et-fritz-jour-678\\\/\"},\"wordCount\":245,\"commentCount\":0,\"image\":{\"@id\":\"https:\\\/\\\/www.velomobileworld.com\\\/fr\\\/road-trip-velomobile-avec-brigitte-et-fritz-jour-678\\\/#primaryimage\"},\"thumbnailUrl\":\"https:\\\/\\\/www.velomobileworld.com\\\/wp-content\\\/uploads\\\/2024\\\/12\\\/1-img-8-1.jpeg\",\"articleSection\":[\"Non classifi\u00e9(e)\"],\"inLanguage\":\"fr-FR\",\"potentialAction\":[{\"@type\":\"CommentAction\",\"name\":\"Comment\",\"target\":[\"https:\\\/\\\/www.velomobileworld.com\\\/fr\\\/road-trip-velomobile-avec-brigitte-et-fritz-jour-678\\\/#respond\"]}]},{\"@type\":\"WebPage\",\"@id\":\"https:\\\/\\\/www.velomobileworld.com\\\/fr\\\/road-trip-velomobile-avec-brigitte-et-fritz-jour-678\\\/\",\"url\":\"https:\\\/\\\/www.velomobileworld.com\\\/fr\\\/road-trip-velomobile-avec-brigitte-et-fritz-jour-678\\\/\",\"name\":\"Road Trip V\u00e9lomobile avec Brigitte et Fritz (Jour 6,7,8) | Velomobile World\",\"isPartOf\":{\"@id\":\"https:\\\/\\\/www.velomobileworld.com\\\/nl\\\/#website\"},\"primaryImageOfPage\":{\"@id\":\"https:\\\/\\\/www.velomobileworld.com\\\/fr\\\/road-trip-velomobile-avec-brigitte-et-fritz-jour-678\\\/#primaryimage\"},\"image\":{\"@id\":\"https:\\\/\\\/www.velomobileworld.com\\\/fr\\\/road-trip-velomobile-avec-brigitte-et-fritz-jour-678\\\/#primaryimage\"},\"thumbnailUrl\":\"https:\\\/\\\/www.velomobileworld.com\\\/wp-content\\\/uploads\\\/2024\\\/12\\\/1-img-8-1.jpeg\",\"datePublished\":\"2024-12-09T12:45:28+00:00\",\"dateModified\":\"2025-07-25T10:09:19+00:00\",\"author\":{\"@id\":\"https:\\\/\\\/www.velomobileworld.com\\\/nl\\\/#\\\/schema\\\/person\\\/c0c7c661ad3c8719ed05a7dc85d6fa12\"},\"description\":\"D\u00e9couvrez ce que Brigitte et Fritz ont fait sur 6, 7, 8 jours de leur road trip en v\u00e9lomobile. Tous les d\u00e9tails dans cet article. Prendre plaisir!\",\"breadcrumb\":{\"@id\":\"https:\\\/\\\/www.velomobileworld.com\\\/fr\\\/road-trip-velomobile-avec-brigitte-et-fritz-jour-678\\\/#breadcrumb\"},\"inLanguage\":\"fr-FR\",\"potentialAction\":[{\"@type\":\"ReadAction\",\"target\":[\"https:\\\/\\\/www.velomobileworld.com\\\/fr\\\/road-trip-velomobile-avec-brigitte-et-fritz-jour-678\\\/\"]}]},{\"@type\":\"ImageObject\",\"inLanguage\":\"fr-FR\",\"@id\":\"https:\\\/\\\/www.velomobileworld.com\\\/fr\\\/road-trip-velomobile-avec-brigitte-et-fritz-jour-678\\\/#primaryimage\",\"url\":\"https:\\\/\\\/www.velomobileworld.com\\\/wp-content\\\/uploads\\\/2024\\\/12\\\/1-img-8-1.jpeg\",\"contentUrl\":\"https:\\\/\\\/www.velomobileworld.com\\\/wp-content\\\/uploads\\\/2024\\\/12\\\/1-img-8-1.jpeg\",\"width\":1600,\"height\":1200,\"caption\":\"day 567\"},{\"@type\":\"BreadcrumbList\",\"@id\":\"https:\\\/\\\/www.velomobileworld.com\\\/fr\\\/road-trip-velomobile-avec-brigitte-et-fritz-jour-678\\\/#breadcrumb\",\"itemListElement\":[{\"@type\":\"ListItem\",\"position\":1,\"name\":\"Home\",\"item\":\"https:\\\/\\\/www.velomobileworld.com\\\/fr\\\/\"},{\"@type\":\"ListItem\",\"position\":2,\"name\":\"Road Trip V\u00e9lomobile avec Brigitte et Fritz (Jour 6,7,8)\"}]},{\"@type\":\"WebSite\",\"@id\":\"https:\\\/\\\/www.velomobileworld.com\\\/nl\\\/#website\",\"url\":\"https:\\\/\\\/www.velomobileworld.com\\\/nl\\\/\",\"name\":\"Velomobile World\",\"description\":\"\",\"potentialAction\":[{\"@type\":\"SearchAction\",\"target\":{\"@type\":\"EntryPoint\",\"urlTemplate\":\"https:\\\/\\\/www.velomobileworld.com\\\/nl\\\/?s={search_term_string}\"},\"query-input\":{\"@type\":\"PropertyValueSpecification\",\"valueRequired\":true,\"valueName\":\"search_term_string\"}}],\"inLanguage\":\"fr-FR\"},{\"@type\":\"Person\",\"@id\":\"https:\\\/\\\/www.velomobileworld.com\\\/nl\\\/#\\\/schema\\\/person\\\/c0c7c661ad3c8719ed05a7dc85d6fa12\",\"name\":\"Jan Wijnen\",\"image\":{\"@type\":\"ImageObject\",\"inLanguage\":\"fr-FR\",\"@id\":\"https:\\\/\\\/secure.gravatar.com\\\/avatar\\\/4802c8a6006d5895d73a1141e39ccf819bca7ec1dbfb26a6f4370880cefa109a?s=96&d=mm&r=g\",\"url\":\"https:\\\/\\\/secure.gravatar.com\\\/avatar\\\/4802c8a6006d5895d73a1141e39ccf819bca7ec1dbfb26a6f4370880cefa109a?s=96&d=mm&r=g\",\"contentUrl\":\"https:\\\/\\\/secure.gravatar.com\\\/avatar\\\/4802c8a6006d5895d73a1141e39ccf819bca7ec1dbfb26a6f4370880cefa109a?s=96&d=mm&r=g\",\"caption\":\"Jan Wijnen\"},\"url\":\"https:\\\/\\\/www.velomobileworld.com\\\/fr\\\/author\\\/jan-admin\\\/\"}]}<\/script>\n<!-- \/ Yoast SEO plugin. -->","yoast_head_json":{"title":"Road Trip V\u00e9lomobile avec Brigitte et Fritz (Jour 6,7,8) | Velomobile World","description":"D\u00e9couvrez ce que Brigitte et Fritz ont fait sur 6, 7, 8 jours de leur road trip en v\u00e9lomobile. Tous les d\u00e9tails dans cet article. Prendre plaisir!","robots":{"index":"index","follow":"follow","max-snippet":"max-snippet:-1","max-image-preview":"max-image-preview:large","max-video-preview":"max-video-preview:-1"},"canonical":"https:\/\/www.velomobileworld.com\/fr\/road-trip-velomobile-avec-brigitte-et-fritz-jour-678\/","og_locale":"fr_FR","og_type":"article","og_title":"Road Trip V\u00e9lomobile avec Brigitte et Fritz (Jour 6,7,8) | Velomobile World","og_description":"D\u00e9couvrez ce que Brigitte et Fritz ont fait sur 6, 7, 8 jours de leur road trip en v\u00e9lomobile. Tous les d\u00e9tails dans cet article. Prendre plaisir!","og_url":"https:\/\/www.velomobileworld.com\/fr\/road-trip-velomobile-avec-brigitte-et-fritz-jour-678\/","og_site_name":"Velomobile World","article_published_time":"2024-12-09T12:45:28+00:00","article_modified_time":"2025-07-25T10:09:19+00:00","og_image":[{"width":1600,"height":1200,"url":"https:\/\/www.velomobileworld.com\/wp-content\/uploads\/2024\/12\/1-img-8-1.jpeg","type":"image\/jpeg"}],"author":"Jan Wijnen","twitter_card":"summary_large_image","twitter_misc":{"\u00c9crit par":"Jan Wijnen","Dur\u00e9e de lecture estim\u00e9e":"6 minutes"},"schema":{"@context":"https:\/\/schema.org","@graph":[{"@type":"Article","@id":"https:\/\/www.velomobileworld.com\/fr\/road-trip-velomobile-avec-brigitte-et-fritz-jour-678\/#article","isPartOf":{"@id":"https:\/\/www.velomobileworld.com\/fr\/road-trip-velomobile-avec-brigitte-et-fritz-jour-678\/"},"author":{"name":"Jan Wijnen","@id":"https:\/\/www.velomobileworld.com\/nl\/#\/schema\/person\/c0c7c661ad3c8719ed05a7dc85d6fa12"},"headline":"Road Trip V\u00e9lomobile avec Brigitte et Fritz (Jour 6,7,8)","datePublished":"2024-12-09T12:45:28+00:00","dateModified":"2025-07-25T10:09:19+00:00","mainEntityOfPage":{"@id":"https:\/\/www.velomobileworld.com\/fr\/road-trip-velomobile-avec-brigitte-et-fritz-jour-678\/"},"wordCount":245,"commentCount":0,"image":{"@id":"https:\/\/www.velomobileworld.com\/fr\/road-trip-velomobile-avec-brigitte-et-fritz-jour-678\/#primaryimage"},"thumbnailUrl":"https:\/\/www.velomobileworld.com\/wp-content\/uploads\/2024\/12\/1-img-8-1.jpeg","articleSection":["Non classifi\u00e9(e)"],"inLanguage":"fr-FR","potentialAction":[{"@type":"CommentAction","name":"Comment","target":["https:\/\/www.velomobileworld.com\/fr\/road-trip-velomobile-avec-brigitte-et-fritz-jour-678\/#respond"]}]},{"@type":"WebPage","@id":"https:\/\/www.velomobileworld.com\/fr\/road-trip-velomobile-avec-brigitte-et-fritz-jour-678\/","url":"https:\/\/www.velomobileworld.com\/fr\/road-trip-velomobile-avec-brigitte-et-fritz-jour-678\/","name":"Road Trip V\u00e9lomobile avec Brigitte et Fritz (Jour 6,7,8) | Velomobile World","isPartOf":{"@id":"https:\/\/www.velomobileworld.com\/nl\/#website"},"primaryImageOfPage":{"@id":"https:\/\/www.velomobileworld.com\/fr\/road-trip-velomobile-avec-brigitte-et-fritz-jour-678\/#primaryimage"},"image":{"@id":"https:\/\/www.velomobileworld.com\/fr\/road-trip-velomobile-avec-brigitte-et-fritz-jour-678\/#primaryimage"},"thumbnailUrl":"https:\/\/www.velomobileworld.com\/wp-content\/uploads\/2024\/12\/1-img-8-1.jpeg","datePublished":"2024-12-09T12:45:28+00:00","dateModified":"2025-07-25T10:09:19+00:00","author":{"@id":"https:\/\/www.velomobileworld.com\/nl\/#\/schema\/person\/c0c7c661ad3c8719ed05a7dc85d6fa12"},"description":"D\u00e9couvrez ce que Brigitte et Fritz ont fait sur 6, 7, 8 jours de leur road trip en v\u00e9lomobile. Tous les d\u00e9tails dans cet article. Prendre plaisir!","breadcrumb":{"@id":"https:\/\/www.velomobileworld.com\/fr\/road-trip-velomobile-avec-brigitte-et-fritz-jour-678\/#breadcrumb"},"inLanguage":"fr-FR","potentialAction":[{"@type":"ReadAction","target":["https:\/\/www.velomobileworld.com\/fr\/road-trip-velomobile-avec-brigitte-et-fritz-jour-678\/"]}]},{"@type":"ImageObject","inLanguage":"fr-FR","@id":"https:\/\/www.velomobileworld.com\/fr\/road-trip-velomobile-avec-brigitte-et-fritz-jour-678\/#primaryimage","url":"https:\/\/www.velomobileworld.com\/wp-content\/uploads\/2024\/12\/1-img-8-1.jpeg","contentUrl":"https:\/\/www.velomobileworld.com\/wp-content\/uploads\/2024\/12\/1-img-8-1.jpeg","width":1600,"height":1200,"caption":"day 567"},{"@type":"BreadcrumbList","@id":"https:\/\/www.velomobileworld.com\/fr\/road-trip-velomobile-avec-brigitte-et-fritz-jour-678\/#breadcrumb","itemListElement":[{"@type":"ListItem","position":1,"name":"Home","item":"https:\/\/www.velomobileworld.com\/fr\/"},{"@type":"ListItem","position":2,"name":"Road Trip V\u00e9lomobile avec Brigitte et Fritz (Jour 6,7,8)"}]},{"@type":"WebSite","@id":"https:\/\/www.velomobileworld.com\/nl\/#website","url":"https:\/\/www.velomobileworld.com\/nl\/","name":"Velomobile World","description":"","potentialAction":[{"@type":"SearchAction","target":{"@type":"EntryPoint","urlTemplate":"https:\/\/www.velomobileworld.com\/nl\/?s={search_term_string}"},"query-input":{"@type":"PropertyValueSpecification","valueRequired":true,"valueName":"search_term_string"}}],"inLanguage":"fr-FR"},{"@type":"Person","@id":"https:\/\/www.velomobileworld.com\/nl\/#\/schema\/person\/c0c7c661ad3c8719ed05a7dc85d6fa12","name":"Jan Wijnen","image":{"@type":"ImageObject","inLanguage":"fr-FR","@id":"https:\/\/secure.gravatar.com\/avatar\/4802c8a6006d5895d73a1141e39ccf819bca7ec1dbfb26a6f4370880cefa109a?s=96&d=mm&r=g","url":"https:\/\/secure.gravatar.com\/avatar\/4802c8a6006d5895d73a1141e39ccf819bca7ec1dbfb26a6f4370880cefa109a?s=96&d=mm&r=g","contentUrl":"https:\/\/secure.gravatar.com\/avatar\/4802c8a6006d5895d73a1141e39ccf819bca7ec1dbfb26a6f4370880cefa109a?s=96&d=mm&r=g","caption":"Jan Wijnen"},"url":"https:\/\/www.velomobileworld.com\/fr\/author\/jan-admin\/"}]}},"_links":{"self":[{"href":"https:\/\/www.velomobileworld.com\/fr\/wp-json\/wp\/v2\/posts\/7415","targetHints":{"allow":["GET"]}}],"collection":[{"href":"https:\/\/www.velomobileworld.com\/fr\/wp-json\/wp\/v2\/posts"}],"about":[{"href":"https:\/\/www.velomobileworld.com\/fr\/wp-json\/wp\/v2\/types\/post"}],"author":[{"embeddable":true,"href":"https:\/\/www.velomobileworld.com\/fr\/wp-json\/wp\/v2\/users\/4"}],"replies":[{"embeddable":true,"href":"https:\/\/www.velomobileworld.com\/fr\/wp-json\/wp\/v2\/comments?post=7415"}],"version-history":[{"count":1,"href":"https:\/\/www.velomobileworld.com\/fr\/wp-json\/wp\/v2\/posts\/7415\/revisions"}],"predecessor-version":[{"id":100604,"href":"https:\/\/www.velomobileworld.com\/fr\/wp-json\/wp\/v2\/posts\/7415\/revisions\/100604"}],"wp:featuredmedia":[{"embeddable":true,"href":"https:\/\/www.velomobileworld.com\/fr\/wp-json\/wp\/v2\/media\/5504"}],"wp:attachment":[{"href":"https:\/\/www.velomobileworld.com\/fr\/wp-json\/wp\/v2\/media?parent=7415"}],"wp:term":[{"taxonomy":"category","embeddable":true,"href":"https:\/\/www.velomobileworld.com\/fr\/wp-json\/wp\/v2\/categories?post=7415"},{"taxonomy":"post_tag","embeddable":true,"href":"https:\/\/www.velomobileworld.com\/fr\/wp-json\/wp\/v2\/tags?post=7415"}],"curies":[{"name":"wp","href":"https:\/\/api.w.org\/{rel}","templated":true}]}}