{"id":7093,"date":"2024-12-23T11:50:31","date_gmt":"2024-12-23T10:50:31","guid":{"rendered":"https:\/\/velomobileworld.convident.dev\/?p=7093"},"modified":"2025-12-11T18:51:45","modified_gmt":"2025-12-11T17:51:45","slug":"angajam-specialist-marketing","status":"publish","type":"post","link":"https:\/\/www.velomobileworld.com\/ro\/angajam-specialist-marketing\/","title":{"rendered":"Angaj\u0103m Specialist Marketing"},"content":{"rendered":"<h2 style=\"text-align: left;\"><strong>\ud83d\udcc5 Angaj\u0103m SPECIALIST MARKETING la Velomobile World, din Breaza, l\u00e2ng\u0103 Reghin, jude\u021bul Mure\u0219.<\/strong><\/h2>\n<p style=\"text-align: left;\"><img decoding=\"async\" class=\"emoji ls-is-cached lazyloaded\" role=\"img\" draggable=\"false\" src=\"https:\/\/s.w.org\/images\/core\/emoji\/13.1.0\/svg\/27a1.svg\" alt=\"\u27a1\ufe0f\" data-src=\"https:\/\/s.w.org\/images\/core\/emoji\/13.1.0\/svg\/27a1.svg\" \/> Trimite-ne CV-ul t\u0103u pe email <img decoding=\"async\" class=\"emoji ls-is-cached lazyloaded\" role=\"img\" draggable=\"false\" src=\"https:\/\/s.w.org\/images\/core\/emoji\/13.1.0\/svg\/27a1.svg\" alt=\"\u27a1\ufe0f\" data-src=\"https:\/\/s.w.org\/images\/core\/emoji\/13.1.0\/svg\/27a1.svg\" \/> contact@velomobileworld.com<\/p>\n<p style=\"text-align: left;\">La<span class=\"a_GcMg font-feature-liga-off font-feature-clig-off font-feature-calt-off text-decoration-none text-strikethrough-none\">\u00a0Velomobile World nu construim doar vehicule &#8211; cre\u0103m experien\u021be care aduc vitez\u0103, bucurie \u0219i libertate \u00een via\u021ba oamenilor. Suntem ghida\u021bi de sloganul nostru \u201e\u00cempreun\u0103 pentru perfec\u021biune\u201d \u0219i c\u0103ut\u0103m un Specialist Marketing care s\u0103 ne ajute s\u0103 ducem aceast\u0103 viziune mai departe.<\/span><\/p>\n<p class=\"cvGsUA direction-ltr align-start para-style-body\"><span class=\"a_GcMg font-feature-liga-off font-feature-clig-off font-feature-calt-off text-decoration-none text-strikethrough-none\">Ce vei face<\/span><\/p>\n<ul>\n<li><span class=\"a_GcMg font-feature-liga-off font-feature-clig-off font-feature-calt-off text-decoration-none text-strikethrough-none\">Optimizezi website-ul pentru o experien\u021b\u0103 &#8222;WOW, ce tare!&#8221;<\/span><\/li>\n<li><span class=\"a_GcMg font-feature-liga-off font-feature-clig-off font-feature-calt-off text-decoration-none text-strikethrough-none\">Creezi campanii care transmit emo\u021bie \u0219i energie<\/span><\/li>\n<li><span class=\"a_GcMg font-feature-liga-off font-feature-clig-off font-feature-calt-off text-decoration-none text-strikethrough-none\">Construie\u0219ti con\u021binut captivant pentru social media, bloguri \u0219i ads<\/span><\/li>\n<li><span class=\"a_GcMg font-feature-liga-off font-feature-clig-off font-feature-calt-off text-decoration-none text-strikethrough-none\">Gestionezi prezen\u021ba noastr\u0103 pe Facebook, Instagram, YouTube, LinkedIn<\/span><\/li>\n<li><span class=\"a_GcMg font-feature-liga-off font-feature-clig-off font-feature-calt-off text-decoration-none text-strikethrough-none\">Folose\u0219ti AI \u0219i tooluri moderne pentru marketing mai inteligent<\/span><\/li>\n<li><span class=\"a_GcMg font-feature-liga-off font-feature-clig-off font-feature-calt-off text-decoration-none text-strikethrough-none\">Monitorizezi performan\u021ba campaniilor \u0219i tendin\u021bele din pia\u021b\u0103<\/span><\/li>\n<li><span class=\"a_GcMg font-feature-liga-off font-feature-clig-off font-feature-calt-off text-decoration-none text-strikethrough-none\">Contribui la o comunitate global\u0103 de pasiona\u021bi ai mobilit\u0103\u021bii sustenabile<\/span><\/li>\n<li><span class=\"a_GcMg font-feature-liga-off font-feature-clig-off font-feature-calt-off text-decoration-none text-strikethrough-none\">Acesta este un post full-time, on-site, care necesit\u0103 desf\u0103\u0219urarea activit\u0103\u021bii la fabrica noastr\u0103 din Breaza-Mure\u0219.<\/span><\/li>\n<\/ul>\n<p><span class=\"a_GcMg font-feature-liga-off font-feature-clig-off font-feature-calt-off text-decoration-none text-strikethrough-none\">\u00a0 \u00a0 \u0218i poate partea cea mai frumoas\u0103:<\/span><\/p>\n<p class=\"cvGsUA direction-ltr align-start para-style-body\"><span class=\"a_GcMg font-feature-liga-off font-feature-clig-off font-feature-calt-off text-decoration-none text-strikethrough-none\">\ud83d\udc49 Vei testa velomobilele, ca s\u0103 sim\u021bi \u0219i tu bucuria de a \u201czbura pe asfalt\u201d<\/span><\/p>\n<p class=\"cvGsUA direction-ltr align-start para-style-body\"><span class=\"a_GcMg font-feature-liga-off font-feature-clig-off font-feature-calt-off text-decoration-none text-strikethrough-none\">Despre tine<\/span><\/p>\n<ul>\n<li><span class=\"a_GcMg font-feature-liga-off font-feature-clig-off font-feature-calt-off text-decoration-none text-strikethrough-none\">Vorbe\u0219ti bine englez\u0103 (alte limbi sunt un mare plus)<\/span><\/li>\n<li><span class=\"a_GcMg font-feature-liga-off font-feature-clig-off font-feature-calt-off text-decoration-none text-strikethrough-none\">Ai experien\u021b\u0103 \u00een social media &amp; content creation<\/span><\/li>\n<li><span class=\"a_GcMg font-feature-liga-off font-feature-clig-off font-feature-calt-off text-decoration-none text-strikethrough-none\">St\u0103p\u00e2ne\u0219ti SEO, SEM, Google\/Facebook Ads<\/span><\/li>\n<li><span class=\"a_GcMg font-feature-liga-off font-feature-clig-off font-feature-calt-off text-decoration-none text-strikethrough-none\">E\u0219ti pasionat de mobilitate sustenabil\u0103, sport sau lifestyle activ<\/span><\/li>\n<li><span class=\"a_GcMg font-feature-liga-off font-feature-clig-off font-feature-calt-off text-decoration-none text-strikethrough-none\">Ai cel pu\u021bin 2 ani experien\u021b\u0103 \u00een marketing (ideal \u00een Rom\u00e2nia)<\/span><\/li>\n<li><span class=\"a_GcMg font-feature-liga-off font-feature-clig-off font-feature-calt-off text-decoration-none text-strikethrough-none\">\u0218tii s\u0103 lucrezi cu Figma\/Canva &#8211; sunt un mare plus<\/span><\/li>\n<\/ul>\n<p style=\"text-align: left;\"><strong>CE OFERIM<\/strong><\/p>\n<p style=\"text-align: left;\">\u25cf Pachet salarial competitiv \u0219i beneficii.<\/p>\n<p style=\"text-align: left;\">\u25cf Oportunit\u0103\u021bi de dezvoltare profesional\u0103 \u0219i cre\u0219tere.<\/p>\n<p style=\"text-align: left;\">\u25cf Un mediu de lucru dinamic \u0219i de sprijin.<\/p>\n<p style=\"text-align: left;\"><strong>CUM S\u0102 APLICI<\/strong><\/p>\n<p style=\"text-align: left;\">Candida\u021bii interesa\u021bi ar trebui s\u0103 trimit\u0103 CV-ul \u0219i o scrisoare de inten\u021bie care detaliaz\u0103 calific\u0103rile \u0219i experien\u021ba lor la adresa de email: <strong>contact@velomobileworld.com.<\/strong><\/p>\n<p>___________________________________________________________________________________________________<\/p>\n<p style=\"text-align: left;\"><img decoding=\"async\" class=\"emoji ls-is-cached lazyloaded\" role=\"img\" draggable=\"false\" src=\"https:\/\/s.w.org\/images\/core\/emoji\/13.1.0\/svg\/1f4a5.svg\" alt=\"\ud83d\udca5\" data-src=\"https:\/\/s.w.org\/images\/core\/emoji\/13.1.0\/svg\/1f4a5.svg\" \/> Vrei s\u0103 lucrezi \u00eentr-un mediu stabil care s\u0103 \u00ee\u021bi ofere multe avantaje? Acum ai o super oportunitate de angajare la cea mai mare fabric\u0103 din lume care produce velomobile (biciclete) aproape de Reghin, judetul Mure\u0219, dedicat\u0103 oferirii de solu\u021bii de transport inovatoare \u0219i sustenabile.<\/p>\n<p style=\"text-align: left;\"><img decoding=\"async\" class=\"emoji ls-is-cached lazyloaded\" role=\"img\" draggable=\"false\" src=\"https:\/\/s.w.org\/images\/core\/emoji\/13.1.0\/svg\/1f4ac.svg\" alt=\"\ud83d\udcac\" data-src=\"https:\/\/s.w.org\/images\/core\/emoji\/13.1.0\/svg\/1f4ac.svg\" \/>\u00a0Producem velomobile din anul 2012 pentru export \u0219i le trimitem clien\u021bilor din Europa, Asia, America, Australia sau Noua Zeeland\u0103, \u00een peste 20 de \u021b\u0103ri.<\/p>\n<p style=\"text-align: left;\"><img decoding=\"async\" class=\"emoji ls-is-cached lazyloaded\" role=\"img\" draggable=\"false\" src=\"https:\/\/s.w.org\/images\/core\/emoji\/14.0.0\/svg\/1f552.svg\" alt=\"\ud83d\udd52\" data-src=\"https:\/\/s.w.org\/images\/core\/emoji\/14.0.0\/svg\/1f552.svg\" \/> Se lucreaz\u0103 de Luni p\u00e2n\u0103 Vineri, Full-Time, 1 schimb.<\/p>\n<p style=\"text-align: left;\"><img decoding=\"async\" class=\"emoji ls-is-cached lazyloaded\" role=\"img\" draggable=\"false\" src=\"https:\/\/s.w.org\/images\/core\/emoji\/13.1.0\/svg\/1f68c.svg\" alt=\"\ud83d\ude8c\" data-src=\"https:\/\/s.w.org\/images\/core\/emoji\/13.1.0\/svg\/1f68c.svg\" \/>\u00a0Transportul asigurat tur-retur pe traseul\/ruta Reghin-Breaza \u0219i pe raza municipiului Reghin.<\/p>\n<p style=\"text-align: left;\"><img decoding=\"async\" class=\"emoji ls-is-cached lazyloaded\" role=\"img\" draggable=\"false\" src=\"https:\/\/s.w.org\/images\/core\/emoji\/13.1.0\/svg\/27a1.svg\" alt=\"\u27a1\ufe0f\" data-src=\"https:\/\/s.w.org\/images\/core\/emoji\/13.1.0\/svg\/27a1.svg\" \/> <span style=\"color: #ff0000;\">Trimite-ne CV-ul t\u0103u pe email <\/span><strong>contact@velomobileworld.com.<\/strong><\/p>\n<p style=\"text-align: left;\">____________________________________________________________________________________________________<\/p>\n<p style=\"text-align: left;\"><img decoding=\"async\" class=\"emoji ls-is-cached lazyloaded\" role=\"img\" draggable=\"false\" src=\"https:\/\/s.w.org\/images\/core\/emoji\/13.1.0\/svg\/1f60a.svg\" alt=\"\ud83d\ude0a\" data-src=\"https:\/\/s.w.org\/images\/core\/emoji\/13.1.0\/svg\/1f60a.svg\" \/>\u00a0Ne-ai face o mare bucurie, dac\u0103 ai putea s\u0103 dai un SHARE acestui job, astfel \u00eenc\u00e2t s\u0103 ajung\u0103 la cei interesa\u021bi. Mul\u021bumim frumos!<\/p>\n<p style=\"text-align: left;\"><img decoding=\"async\" class=\"emoji ls-is-cached lazyloaded\" role=\"img\" draggable=\"false\" src=\"https:\/\/s.w.org\/images\/core\/emoji\/13.1.0\/svg\/1f441.svg\" alt=\"\ud83d\udc41\ufe0f\" data-src=\"https:\/\/s.w.org\/images\/core\/emoji\/13.1.0\/svg\/1f441.svg\" \/> Po\u021bi s\u0103 descoperi mai multe despre noi pe Facebook, Instagram sau LinkedIn.<\/p>\n<p style=\"text-align: left;\"><img decoding=\"async\" class=\"emoji ls-is-cached lazyloaded\" role=\"img\" draggable=\"false\" src=\"https:\/\/s.w.org\/images\/core\/emoji\/13.1.0\/svg\/27a1.svg\" alt=\"\u27a1\ufe0f\" data-src=\"https:\/\/s.w.org\/images\/core\/emoji\/13.1.0\/svg\/27a1.svg\" \/>\u00a0<a href=\"https:\/\/www.velomobileworld.com\/ro\/\" target=\"_blank\" rel=\"noopener\">https:\/\/www.velomobileworld.com\/RO\/<\/a><\/p>\n<p style=\"text-align: left;\"><img decoding=\"async\" class=\"emoji ls-is-cached lazyloaded\" role=\"img\" draggable=\"false\" src=\"https:\/\/s.w.org\/images\/core\/emoji\/13.1.0\/svg\/27a1.svg\" alt=\"\u27a1\ufe0f\" data-src=\"https:\/\/s.w.org\/images\/core\/emoji\/13.1.0\/svg\/27a1.svg\" \/>\u00a0<a href=\"https:\/\/www.velomobileworld.com\/\" target=\"_blank\" rel=\"noopener\">https:\/\/www.velomobileworld.com\/<\/a><\/p>\n<p style=\"text-align: left;\"><img decoding=\"async\" class=\"emoji ls-is-cached lazyloaded alignnone\" role=\"img\" draggable=\"false\" src=\"https:\/\/s.w.org\/images\/core\/emoji\/13.1.0\/svg\/1f4de.svg\" alt=\"\ud83d\udcde\" data-src=\"https:\/\/s.w.org\/images\/core\/emoji\/13.1.0\/svg\/1f4de.svg\" \/> <span style=\"color: #ff0000;\">Detalii suplimentare pe WhatsApp la num\u0103rul <a style=\"color: #ff0000;\" href=\"tel:+40758864940\">0754869108<\/a> &#8211; Alexa<\/span><\/p>\n","protected":false},"excerpt":{"rendered":"<p>\ud83d\udcc5 Angaj\u0103m SPECIALIST MARKETING la Velomobile World, din Breaza, l\u00e2ng\u0103 Reghin, jude\u021bul Mure\u0219. Trimite-ne CV-ul t\u0103u pe email contact@velomobileworld.com La\u00a0Velomobile [&hellip;]<\/p>\n","protected":false},"author":4,"featured_media":116242,"comment_status":"open","ping_status":"closed","sticky":false,"template":"","format":"standard","meta":{"_acf_changed":false,"footnotes":""},"categories":[693],"tags":[],"class_list":["post-7093","post","type-post","status-publish","format-standard","has-post-thumbnail","hentry","category-uncategorized-ro"],"acf":[],"yoast_head":"<!-- This site is optimized with the Yoast SEO plugin v27.5 - https:\/\/yoast.com\/product\/yoast-seo-wordpress\/ -->\n<title>Angaj\u0103m Specialist Marketing | Velomobile World<\/title>\n<meta name=\"robots\" content=\"index, follow, max-snippet:-1, max-image-preview:large, max-video-preview:-1\" \/>\n<link rel=\"canonical\" href=\"https:\/\/www.velomobileworld.com\/ro\/angajam-specialist-marketing\/\" \/>\n<meta property=\"og:locale\" content=\"ro_RO\" \/>\n<meta property=\"og:type\" content=\"article\" \/>\n<meta property=\"og:title\" content=\"Angaj\u0103m Specialist Marketing | Velomobile World\" \/>\n<meta property=\"og:description\" content=\"\ud83d\udcc5 Angaj\u0103m SPECIALIST MARKETING la Velomobile World, din Breaza, l\u00e2ng\u0103 Reghin, jude\u021bul Mure\u0219. Trimite-ne CV-ul t\u0103u pe email contact@velomobileworld.com La\u00a0Velomobile [&hellip;]\" \/>\n<meta property=\"og:url\" content=\"https:\/\/www.velomobileworld.com\/ro\/angajam-specialist-marketing\/\" \/>\n<meta property=\"og:site_name\" content=\"Velomobile World\" \/>\n<meta property=\"article:published_time\" content=\"2024-12-23T10:50:31+00:00\" \/>\n<meta property=\"article:modified_time\" content=\"2025-12-11T17:51:45+00:00\" \/>\n<meta property=\"og:image\" content=\"https:\/\/www.velomobileworld.com\/wp-content\/uploads\/2024\/12\/Available-In-the-Shop-1.jpg\" \/>\n\t<meta property=\"og:image:width\" content=\"1200\" \/>\n\t<meta property=\"og:image:height\" content=\"628\" \/>\n\t<meta property=\"og:image:type\" content=\"image\/jpeg\" \/>\n<meta name=\"author\" content=\"Jan Wijnen\" \/>\n<meta name=\"twitter:card\" content=\"summary_large_image\" \/>\n<meta name=\"twitter:label1\" content=\"Scris de\" \/>\n\t<meta name=\"twitter:data1\" content=\"Jan Wijnen\" \/>\n\t<meta name=\"twitter:label2\" content=\"Timp estimat pentru citire\" \/>\n\t<meta name=\"twitter:data2\" content=\"6 minute\" \/>\n<script type=\"application\/ld+json\" class=\"yoast-schema-graph\">{\"@context\":\"https:\\\/\\\/schema.org\",\"@graph\":[{\"@type\":\"Article\",\"@id\":\"https:\\\/\\\/www.velomobileworld.com\\\/ro\\\/angajam-specialist-marketing\\\/#article\",\"isPartOf\":{\"@id\":\"https:\\\/\\\/www.velomobileworld.com\\\/ro\\\/angajam-specialist-marketing\\\/\"},\"author\":{\"name\":\"Jan Wijnen\",\"@id\":\"https:\\\/\\\/www.velomobileworld.com\\\/nl\\\/#\\\/schema\\\/person\\\/c0c7c661ad3c8719ed05a7dc85d6fa12\"},\"headline\":\"Angaj\u0103m Specialist Marketing\",\"datePublished\":\"2024-12-23T10:50:31+00:00\",\"dateModified\":\"2025-12-11T17:51:45+00:00\",\"mainEntityOfPage\":{\"@id\":\"https:\\\/\\\/www.velomobileworld.com\\\/ro\\\/angajam-specialist-marketing\\\/\"},\"wordCount\":458,\"commentCount\":0,\"image\":{\"@id\":\"https:\\\/\\\/www.velomobileworld.com\\\/ro\\\/angajam-specialist-marketing\\\/#primaryimage\"},\"thumbnailUrl\":\"https:\\\/\\\/www.velomobileworld.com\\\/wp-content\\\/uploads\\\/2024\\\/12\\\/Available-In-the-Shop-1.jpg\",\"articleSection\":[\"Uncategorized @ro\"],\"inLanguage\":\"ro-RO\",\"potentialAction\":[{\"@type\":\"CommentAction\",\"name\":\"Comment\",\"target\":[\"https:\\\/\\\/www.velomobileworld.com\\\/ro\\\/angajam-specialist-marketing\\\/#respond\"]}]},{\"@type\":\"WebPage\",\"@id\":\"https:\\\/\\\/www.velomobileworld.com\\\/ro\\\/angajam-specialist-marketing\\\/\",\"url\":\"https:\\\/\\\/www.velomobileworld.com\\\/ro\\\/angajam-specialist-marketing\\\/\",\"name\":\"Angaj\u0103m Specialist Marketing | Velomobile World\",\"isPartOf\":{\"@id\":\"https:\\\/\\\/www.velomobileworld.com\\\/nl\\\/#website\"},\"primaryImageOfPage\":{\"@id\":\"https:\\\/\\\/www.velomobileworld.com\\\/ro\\\/angajam-specialist-marketing\\\/#primaryimage\"},\"image\":{\"@id\":\"https:\\\/\\\/www.velomobileworld.com\\\/ro\\\/angajam-specialist-marketing\\\/#primaryimage\"},\"thumbnailUrl\":\"https:\\\/\\\/www.velomobileworld.com\\\/wp-content\\\/uploads\\\/2024\\\/12\\\/Available-In-the-Shop-1.jpg\",\"datePublished\":\"2024-12-23T10:50:31+00:00\",\"dateModified\":\"2025-12-11T17:51:45+00:00\",\"author\":{\"@id\":\"https:\\\/\\\/www.velomobileworld.com\\\/nl\\\/#\\\/schema\\\/person\\\/c0c7c661ad3c8719ed05a7dc85d6fa12\"},\"breadcrumb\":{\"@id\":\"https:\\\/\\\/www.velomobileworld.com\\\/ro\\\/angajam-specialist-marketing\\\/#breadcrumb\"},\"inLanguage\":\"ro-RO\",\"potentialAction\":[{\"@type\":\"ReadAction\",\"target\":[\"https:\\\/\\\/www.velomobileworld.com\\\/ro\\\/angajam-specialist-marketing\\\/\"]}]},{\"@type\":\"ImageObject\",\"inLanguage\":\"ro-RO\",\"@id\":\"https:\\\/\\\/www.velomobileworld.com\\\/ro\\\/angajam-specialist-marketing\\\/#primaryimage\",\"url\":\"https:\\\/\\\/www.velomobileworld.com\\\/wp-content\\\/uploads\\\/2024\\\/12\\\/Available-In-the-Shop-1.jpg\",\"contentUrl\":\"https:\\\/\\\/www.velomobileworld.com\\\/wp-content\\\/uploads\\\/2024\\\/12\\\/Available-In-the-Shop-1.jpg\",\"width\":1200,\"height\":628},{\"@type\":\"BreadcrumbList\",\"@id\":\"https:\\\/\\\/www.velomobileworld.com\\\/ro\\\/angajam-specialist-marketing\\\/#breadcrumb\",\"itemListElement\":[{\"@type\":\"ListItem\",\"position\":1,\"name\":\"Home\",\"item\":\"https:\\\/\\\/www.velomobileworld.com\\\/\"},{\"@type\":\"ListItem\",\"position\":2,\"name\":\"Angaj\u0103m Specialist Marketing\"}]},{\"@type\":\"WebSite\",\"@id\":\"https:\\\/\\\/www.velomobileworld.com\\\/nl\\\/#website\",\"url\":\"https:\\\/\\\/www.velomobileworld.com\\\/nl\\\/\",\"name\":\"Velomobile World\",\"description\":\"\",\"potentialAction\":[{\"@type\":\"SearchAction\",\"target\":{\"@type\":\"EntryPoint\",\"urlTemplate\":\"https:\\\/\\\/www.velomobileworld.com\\\/nl\\\/?s={search_term_string}\"},\"query-input\":{\"@type\":\"PropertyValueSpecification\",\"valueRequired\":true,\"valueName\":\"search_term_string\"}}],\"inLanguage\":\"ro-RO\"},{\"@type\":\"Person\",\"@id\":\"https:\\\/\\\/www.velomobileworld.com\\\/nl\\\/#\\\/schema\\\/person\\\/c0c7c661ad3c8719ed05a7dc85d6fa12\",\"name\":\"Jan Wijnen\",\"image\":{\"@type\":\"ImageObject\",\"inLanguage\":\"ro-RO\",\"@id\":\"https:\\\/\\\/secure.gravatar.com\\\/avatar\\\/4802c8a6006d5895d73a1141e39ccf819bca7ec1dbfb26a6f4370880cefa109a?s=96&d=mm&r=g\",\"url\":\"https:\\\/\\\/secure.gravatar.com\\\/avatar\\\/4802c8a6006d5895d73a1141e39ccf819bca7ec1dbfb26a6f4370880cefa109a?s=96&d=mm&r=g\",\"contentUrl\":\"https:\\\/\\\/secure.gravatar.com\\\/avatar\\\/4802c8a6006d5895d73a1141e39ccf819bca7ec1dbfb26a6f4370880cefa109a?s=96&d=mm&r=g\",\"caption\":\"Jan Wijnen\"},\"url\":\"https:\\\/\\\/www.velomobileworld.com\\\/ro\\\/author\\\/jan-admin\\\/\"}]}<\/script>\n<!-- \/ Yoast SEO plugin. -->","yoast_head_json":{"title":"Angaj\u0103m Specialist Marketing | Velomobile World","robots":{"index":"index","follow":"follow","max-snippet":"max-snippet:-1","max-image-preview":"max-image-preview:large","max-video-preview":"max-video-preview:-1"},"canonical":"https:\/\/www.velomobileworld.com\/ro\/angajam-specialist-marketing\/","og_locale":"ro_RO","og_type":"article","og_title":"Angaj\u0103m Specialist Marketing | Velomobile World","og_description":"\ud83d\udcc5 Angaj\u0103m SPECIALIST MARKETING la Velomobile World, din Breaza, l\u00e2ng\u0103 Reghin, jude\u021bul Mure\u0219. Trimite-ne CV-ul t\u0103u pe email contact@velomobileworld.com La\u00a0Velomobile [&hellip;]","og_url":"https:\/\/www.velomobileworld.com\/ro\/angajam-specialist-marketing\/","og_site_name":"Velomobile World","article_published_time":"2024-12-23T10:50:31+00:00","article_modified_time":"2025-12-11T17:51:45+00:00","og_image":[{"width":1200,"height":628,"url":"https:\/\/www.velomobileworld.com\/wp-content\/uploads\/2024\/12\/Available-In-the-Shop-1.jpg","type":"image\/jpeg"}],"author":"Jan Wijnen","twitter_card":"summary_large_image","twitter_misc":{"Scris de":"Jan Wijnen","Timp estimat pentru citire":"6 minute"},"schema":{"@context":"https:\/\/schema.org","@graph":[{"@type":"Article","@id":"https:\/\/www.velomobileworld.com\/ro\/angajam-specialist-marketing\/#article","isPartOf":{"@id":"https:\/\/www.velomobileworld.com\/ro\/angajam-specialist-marketing\/"},"author":{"name":"Jan Wijnen","@id":"https:\/\/www.velomobileworld.com\/nl\/#\/schema\/person\/c0c7c661ad3c8719ed05a7dc85d6fa12"},"headline":"Angaj\u0103m Specialist Marketing","datePublished":"2024-12-23T10:50:31+00:00","dateModified":"2025-12-11T17:51:45+00:00","mainEntityOfPage":{"@id":"https:\/\/www.velomobileworld.com\/ro\/angajam-specialist-marketing\/"},"wordCount":458,"commentCount":0,"image":{"@id":"https:\/\/www.velomobileworld.com\/ro\/angajam-specialist-marketing\/#primaryimage"},"thumbnailUrl":"https:\/\/www.velomobileworld.com\/wp-content\/uploads\/2024\/12\/Available-In-the-Shop-1.jpg","articleSection":["Uncategorized @ro"],"inLanguage":"ro-RO","potentialAction":[{"@type":"CommentAction","name":"Comment","target":["https:\/\/www.velomobileworld.com\/ro\/angajam-specialist-marketing\/#respond"]}]},{"@type":"WebPage","@id":"https:\/\/www.velomobileworld.com\/ro\/angajam-specialist-marketing\/","url":"https:\/\/www.velomobileworld.com\/ro\/angajam-specialist-marketing\/","name":"Angaj\u0103m Specialist Marketing | Velomobile World","isPartOf":{"@id":"https:\/\/www.velomobileworld.com\/nl\/#website"},"primaryImageOfPage":{"@id":"https:\/\/www.velomobileworld.com\/ro\/angajam-specialist-marketing\/#primaryimage"},"image":{"@id":"https:\/\/www.velomobileworld.com\/ro\/angajam-specialist-marketing\/#primaryimage"},"thumbnailUrl":"https:\/\/www.velomobileworld.com\/wp-content\/uploads\/2024\/12\/Available-In-the-Shop-1.jpg","datePublished":"2024-12-23T10:50:31+00:00","dateModified":"2025-12-11T17:51:45+00:00","author":{"@id":"https:\/\/www.velomobileworld.com\/nl\/#\/schema\/person\/c0c7c661ad3c8719ed05a7dc85d6fa12"},"breadcrumb":{"@id":"https:\/\/www.velomobileworld.com\/ro\/angajam-specialist-marketing\/#breadcrumb"},"inLanguage":"ro-RO","potentialAction":[{"@type":"ReadAction","target":["https:\/\/www.velomobileworld.com\/ro\/angajam-specialist-marketing\/"]}]},{"@type":"ImageObject","inLanguage":"ro-RO","@id":"https:\/\/www.velomobileworld.com\/ro\/angajam-specialist-marketing\/#primaryimage","url":"https:\/\/www.velomobileworld.com\/wp-content\/uploads\/2024\/12\/Available-In-the-Shop-1.jpg","contentUrl":"https:\/\/www.velomobileworld.com\/wp-content\/uploads\/2024\/12\/Available-In-the-Shop-1.jpg","width":1200,"height":628},{"@type":"BreadcrumbList","@id":"https:\/\/www.velomobileworld.com\/ro\/angajam-specialist-marketing\/#breadcrumb","itemListElement":[{"@type":"ListItem","position":1,"name":"Home","item":"https:\/\/www.velomobileworld.com\/"},{"@type":"ListItem","position":2,"name":"Angaj\u0103m Specialist Marketing"}]},{"@type":"WebSite","@id":"https:\/\/www.velomobileworld.com\/nl\/#website","url":"https:\/\/www.velomobileworld.com\/nl\/","name":"Velomobile World","description":"","potentialAction":[{"@type":"SearchAction","target":{"@type":"EntryPoint","urlTemplate":"https:\/\/www.velomobileworld.com\/nl\/?s={search_term_string}"},"query-input":{"@type":"PropertyValueSpecification","valueRequired":true,"valueName":"search_term_string"}}],"inLanguage":"ro-RO"},{"@type":"Person","@id":"https:\/\/www.velomobileworld.com\/nl\/#\/schema\/person\/c0c7c661ad3c8719ed05a7dc85d6fa12","name":"Jan Wijnen","image":{"@type":"ImageObject","inLanguage":"ro-RO","@id":"https:\/\/secure.gravatar.com\/avatar\/4802c8a6006d5895d73a1141e39ccf819bca7ec1dbfb26a6f4370880cefa109a?s=96&d=mm&r=g","url":"https:\/\/secure.gravatar.com\/avatar\/4802c8a6006d5895d73a1141e39ccf819bca7ec1dbfb26a6f4370880cefa109a?s=96&d=mm&r=g","contentUrl":"https:\/\/secure.gravatar.com\/avatar\/4802c8a6006d5895d73a1141e39ccf819bca7ec1dbfb26a6f4370880cefa109a?s=96&d=mm&r=g","caption":"Jan Wijnen"},"url":"https:\/\/www.velomobileworld.com\/ro\/author\/jan-admin\/"}]}},"_links":{"self":[{"href":"https:\/\/www.velomobileworld.com\/ro\/wp-json\/wp\/v2\/posts\/7093","targetHints":{"allow":["GET"]}}],"collection":[{"href":"https:\/\/www.velomobileworld.com\/ro\/wp-json\/wp\/v2\/posts"}],"about":[{"href":"https:\/\/www.velomobileworld.com\/ro\/wp-json\/wp\/v2\/types\/post"}],"author":[{"embeddable":true,"href":"https:\/\/www.velomobileworld.com\/ro\/wp-json\/wp\/v2\/users\/4"}],"replies":[{"embeddable":true,"href":"https:\/\/www.velomobileworld.com\/ro\/wp-json\/wp\/v2\/comments?post=7093"}],"version-history":[{"count":4,"href":"https:\/\/www.velomobileworld.com\/ro\/wp-json\/wp\/v2\/posts\/7093\/revisions"}],"predecessor-version":[{"id":116251,"href":"https:\/\/www.velomobileworld.com\/ro\/wp-json\/wp\/v2\/posts\/7093\/revisions\/116251"}],"wp:featuredmedia":[{"embeddable":true,"href":"https:\/\/www.velomobileworld.com\/ro\/wp-json\/wp\/v2\/media\/116242"}],"wp:attachment":[{"href":"https:\/\/www.velomobileworld.com\/ro\/wp-json\/wp\/v2\/media?parent=7093"}],"wp:term":[{"taxonomy":"category","embeddable":true,"href":"https:\/\/www.velomobileworld.com\/ro\/wp-json\/wp\/v2\/categories?post=7093"},{"taxonomy":"post_tag","embeddable":true,"href":"https:\/\/www.velomobileworld.com\/ro\/wp-json\/wp\/v2\/tags?post=7093"}],"curies":[{"name":"wp","href":"https:\/\/api.w.org\/{rel}","templated":true}]}}